{"id":23449,"date":"2023-10-26T10:01:06","date_gmt":"2023-10-26T13:01:06","guid":{"rendered":"https:\/\/www.manquecura.cl\/ciudad-del-este\/?p=23449"},"modified":"2023-10-26T10:01:06","modified_gmt":"2023-10-26T13:01:06","slug":"encuentro-de-robotica-educativa-cognita","status":"publish","type":"post","link":"https:\/\/www.manquecura.cl\/ciudad-del-este\/noticias\/encuentro-de-robotica-educativa-cognita\/","title":{"rendered":"Encuentro de Rob\u00f3tica Educativa Cognita"},"content":{"rendered":"<p>Cuatro equipos de estudiantes de nuestro colegio, tres de ellos en categor\u00eda senior y uno de ellos en junior participaron del Encuentro de Rob\u00f3tica Educativa Cognita, en el marco de las actividades previas a la conferencia SCHOOL OF THE FUTURE 2023. El objetivo de este encuentro es fomentar el desarrollo de habilidades digitales, el pensamiento computacional y cient\u00edfico, y la creatividad e innovaci\u00f3n entre los estudiantes de 5\u00b0 b\u00e1sico a III medio.<\/p>\n<p>La actividad se realizar\u00f3 en el colegio Pumahue Chicureo el pasado mi\u00e9rcoles 25 de octubre, entre seis colegios de la red Cognita Chile (Pumahue Curauma, Pumahue Chicureo, Manquecura Ciudad de Los Valle, Manquecura Ciudad del Este, Pumahue Chicauma y The Greenland School), el Liceo Bicentenario Abd\u00f3n Cifuentes y la Escuela Escritora Marcela Paz, reuniendo a m\u00e1s de 50 alumnos de los talleres de rob\u00f3tica de los establecimientos participantes, quienes pudieron competir en diversos desaf\u00edos y workshops a cargo de la Fundaci\u00f3n Mustakis.<\/p>\n<p>Por su dedicaci\u00f3n y esfuerzo reconocemos la participaci\u00f3n de nuestros estudiantes en sus categor\u00edas, siendo los de Junior tambi\u00e9n llamados Aprendices Digitales, quienes est\u00e1n descubriendo las posibilidades de aprendizaje y son nuevos en rob\u00f3tica,\u00a0 y a nuestros alumnos en las categor\u00eda Senior (alumnos de 7\u00b0 a III Medio, Innovadores Digitales, que tienen m\u00e1s de un a\u00f1o de experiencia en estas materias)<\/p>\n<p>Valeria Capetillo Digital Learning Advisor (DLA) de Cognita Chile, explic\u00f3 que: \u201cA trav\u00e9s de la competencia se busca promover el dominio de conceptos tecnol\u00f3gicos clave y fomentar la mentalidad de Aprendiz e Innovador Digital, alineando as\u00ed el compromiso de Cognita con la excelencia educativa y el desarrollo integral de los estudiantes\u201d, puntualiza.<\/p>\n<p>Todos los participantes recibieron diplomas de participaci\u00f3n y un kit de la conferencia internacional School of the Future. Asimismo, los ganadores del encuentro en ambas categor\u00edas ser\u00e1n premiados el mi\u00e9rcoles 8 de noviembre en el Colegio Pumahue Chicureo, sede del d\u00eda presencial de la conferencia EdTech de la red de colegios, \u00fanica en Chile y Sudam\u00e9rica.<\/p>\n<p>&nbsp;<\/p>\n<p style=\"text-align: center\"><strong>Colegio Manquecura Ciudad del Este<\/strong><\/p>\n<p><a href=\"https:\/\/www.manquecura.cl\/ciudad-del-este\/vida-escolar\/galeria\/\">Ver m\u00e1s fotos en la Galer\u00eda<\/a><\/p>\n<p>&nbsp;<\/p>\n<p>[multimedia id=&#8221;1&#8243;]<\/p>\n"},"excerpt":{"rendered":"<p>Cuatro equipos de estudiantes de nuestro colegio, tres de ellos en categor\u00eda senior y uno de ellos en junior participaron del Encuentro de Rob\u00f3tica Educativa Cognita, en el marco de las actividades previas a la conferencia SCHOOL OF THE FUTURE 2023. El objetivo de este encuentro es fomentar el desarrollo de habilidades digitales, el pensamiento [&hellip;]<\/p>\n","protected":false},"author":14,"featured_media":23474,"comment_status":"open","ping_status":"open","sticky":false,"template":"","format":"standard","meta":{"_acf_changed":false,"content-type":"","_jetpack_memberships_contains_paid_content":false,"footnotes":""},"categories":[1],"tags":[],"class_list":["post-23449","post","type-post","status-publish","format-standard","has-post-thumbnail","hentry","category-vida-escolar"],"acf":[],"yoast_head":"<!-- This site is optimized with the Yoast SEO plugin v27.1.1 - https:\/\/yoast.com\/product\/yoast-seo-wordpress\/ -->\n<title>Encuentro de Rob\u00f3tica Educativa Cognita - Colegio Manquecura Ciudad del Este<\/title>\n<meta name=\"robots\" content=\"index, follow, max-snippet:-1, max-image-preview:large, max-video-preview:-1\" \/>\n<link rel=\"canonical\" href=\"https:\/\/www.manquecura.cl\/ciudad-del-este\/noticias\/encuentro-de-robotica-educativa-cognita\/\" \/>\n<meta property=\"og:locale\" content=\"es_ES\" \/>\n<meta property=\"og:type\" content=\"article\" \/>\n<meta property=\"og:title\" content=\"Encuentro de Rob\u00f3tica Educativa Cognita - Colegio Manquecura Ciudad del Este\" \/>\n<meta property=\"og:description\" content=\"Cuatro equipos de estudiantes de nuestro colegio, tres de ellos en categor\u00eda senior y uno de ellos en junior participaron del Encuentro de Rob\u00f3tica Educativa Cognita, en el marco de las actividades previas a la conferencia SCHOOL OF THE FUTURE 2023. El objetivo de este encuentro es fomentar el desarrollo de habilidades digitales, el pensamiento [&hellip;]\" \/>\n<meta property=\"og:url\" content=\"https:\/\/www.manquecura.cl\/ciudad-del-este\/noticias\/encuentro-de-robotica-educativa-cognita\/\" \/>\n<meta property=\"og:site_name\" content=\"Colegio Manquecura Ciudad del Este\" \/>\n<meta property=\"article:publisher\" content=\"http:\/\/www.facebook.com\/ColegiosManquecura\" \/>\n<meta property=\"article:published_time\" content=\"2023-10-26T13:01:06+00:00\" \/>\n<meta name=\"author\" content=\"jorgedelcampo\" \/>\n<meta name=\"twitter:card\" content=\"summary_large_image\" \/>\n<meta name=\"twitter:label1\" content=\"Escrito por\" \/>\n\t<meta name=\"twitter:data1\" content=\"jorgedelcampo\" \/>\n\t<meta name=\"twitter:label2\" content=\"Tiempo de lectura\" \/>\n\t<meta name=\"twitter:data2\" content=\"2 minutos\" \/>\n<script type=\"application\/ld+json\" class=\"yoast-schema-graph\">{\"@context\":\"https:\/\/schema.org\",\"@graph\":[{\"@type\":\"Article\",\"@id\":\"https:\/\/www.manquecura.cl\/ciudad-del-este\/noticias\/encuentro-de-robotica-educativa-cognita\/#article\",\"isPartOf\":{\"@id\":\"https:\/\/www.manquecura.cl\/ciudad-del-este\/noticias\/encuentro-de-robotica-educativa-cognita\/\"},\"author\":{\"name\":\"jorgedelcampo\",\"@id\":\"https:\/\/www.manquecura.cl\/ciudad-del-este\/#\/schema\/person\/0debeea140e397b5d490ee7e553255d8\"},\"headline\":\"Encuentro de Rob\u00f3tica Educativa Cognita\",\"datePublished\":\"2023-10-26T13:01:06+00:00\",\"mainEntityOfPage\":{\"@id\":\"https:\/\/www.manquecura.cl\/ciudad-del-este\/noticias\/encuentro-de-robotica-educativa-cognita\/\"},\"wordCount\":368,\"commentCount\":0,\"publisher\":{\"@id\":\"https:\/\/www.manquecura.cl\/ciudad-del-este\/#organization\"},\"image\":{\"@id\":\"https:\/\/www.manquecura.cl\/ciudad-del-este\/noticias\/encuentro-de-robotica-educativa-cognita\/#primaryimage\"},\"thumbnailUrl\":\"https:\/\/www.manquecura.cl\/ciudad-del-este\/wp-content\/uploads\/sites\/41\/2023\/10\/27.jpg\",\"articleSection\":[\"Vida Escolar\"],\"inLanguage\":\"es\",\"potentialAction\":[{\"@type\":\"CommentAction\",\"name\":\"Comment\",\"target\":[\"https:\/\/www.manquecura.cl\/ciudad-del-este\/noticias\/encuentro-de-robotica-educativa-cognita\/#respond\"]}]},{\"@type\":\"WebPage\",\"@id\":\"https:\/\/www.manquecura.cl\/ciudad-del-este\/noticias\/encuentro-de-robotica-educativa-cognita\/\",\"url\":\"https:\/\/www.manquecura.cl\/ciudad-del-este\/noticias\/encuentro-de-robotica-educativa-cognita\/\",\"name\":\"Encuentro de Rob\u00f3tica Educativa Cognita - Colegio Manquecura Ciudad del Este\",\"isPartOf\":{\"@id\":\"https:\/\/www.manquecura.cl\/ciudad-del-este\/#website\"},\"primaryImageOfPage\":{\"@id\":\"https:\/\/www.manquecura.cl\/ciudad-del-este\/noticias\/encuentro-de-robotica-educativa-cognita\/#primaryimage\"},\"image\":{\"@id\":\"https:\/\/www.manquecura.cl\/ciudad-del-este\/noticias\/encuentro-de-robotica-educativa-cognita\/#primaryimage\"},\"thumbnailUrl\":\"https:\/\/www.manquecura.cl\/ciudad-del-este\/wp-content\/uploads\/sites\/41\/2023\/10\/27.jpg\",\"datePublished\":\"2023-10-26T13:01:06+00:00\",\"breadcrumb\":{\"@id\":\"https:\/\/www.manquecura.cl\/ciudad-del-este\/noticias\/encuentro-de-robotica-educativa-cognita\/#breadcrumb\"},\"inLanguage\":\"es\",\"potentialAction\":[{\"@type\":\"ReadAction\",\"target\":[\"https:\/\/www.manquecura.cl\/ciudad-del-este\/noticias\/encuentro-de-robotica-educativa-cognita\/\"]}]},{\"@type\":\"ImageObject\",\"inLanguage\":\"es\",\"@id\":\"https:\/\/www.manquecura.cl\/ciudad-del-este\/noticias\/encuentro-de-robotica-educativa-cognita\/#primaryimage\",\"url\":\"https:\/\/www.manquecura.cl\/ciudad-del-este\/wp-content\/uploads\/sites\/41\/2023\/10\/27.jpg\",\"contentUrl\":\"https:\/\/www.manquecura.cl\/ciudad-del-este\/wp-content\/uploads\/sites\/41\/2023\/10\/27.jpg\",\"width\":836,\"height\":523},{\"@type\":\"BreadcrumbList\",\"@id\":\"https:\/\/www.manquecura.cl\/ciudad-del-este\/noticias\/encuentro-de-robotica-educativa-cognita\/#breadcrumb\",\"itemListElement\":[{\"@type\":\"ListItem\",\"position\":1,\"name\":\"Home\",\"item\":\"https:\/\/www.manquecura.cl\/ciudad-del-este\/\"},{\"@type\":\"ListItem\",\"position\":2,\"name\":\"Encuentro de Rob\u00f3tica Educativa Cognita\"}]},{\"@type\":\"WebSite\",\"@id\":\"https:\/\/www.manquecura.cl\/ciudad-del-este\/#website\",\"url\":\"https:\/\/www.manquecura.cl\/ciudad-del-este\/\",\"name\":\"Colegio Manquecura Ciudad del Este\",\"description\":\"\",\"publisher\":{\"@id\":\"https:\/\/www.manquecura.cl\/ciudad-del-este\/#organization\"},\"potentialAction\":[{\"@type\":\"SearchAction\",\"target\":{\"@type\":\"EntryPoint\",\"urlTemplate\":\"https:\/\/www.manquecura.cl\/ciudad-del-este\/?s={search_term_string}\"},\"query-input\":{\"@type\":\"PropertyValueSpecification\",\"valueRequired\":true,\"valueName\":\"search_term_string\"}}],\"inLanguage\":\"es\"},{\"@type\":\"Organization\",\"@id\":\"https:\/\/www.manquecura.cl\/ciudad-del-este\/#organization\",\"name\":\"Colegio Manquecura Ciudad del Este\",\"url\":\"https:\/\/www.manquecura.cl\/ciudad-del-este\/\",\"logo\":{\"@type\":\"ImageObject\",\"inLanguage\":\"es\",\"@id\":\"https:\/\/www.manquecura.cl\/ciudad-del-este\/#\/schema\/logo\/image\/\",\"url\":\"https:\/\/www.manquecura.cl\/ciudad-del-este\/wp-content\/uploads\/sites\/41\/2023\/09\/logo_Manquecura_Ciudad-del-Este_horizontal_color-1.png\",\"contentUrl\":\"https:\/\/www.manquecura.cl\/ciudad-del-este\/wp-content\/uploads\/sites\/41\/2023\/09\/logo_Manquecura_Ciudad-del-Este_horizontal_color-1.png\",\"width\":611,\"height\":183,\"caption\":\"Colegio Manquecura Ciudad del Este\"},\"image\":{\"@id\":\"https:\/\/www.manquecura.cl\/ciudad-del-este\/#\/schema\/logo\/image\/\"},\"sameAs\":[\"http:\/\/www.facebook.com\/ColegiosManquecura\",\"http:\/\/www.instagram.com\/manquecura_ciudaddeleste\/\",\"http:\/\/www.youtube.com\/c\/CognitaChile\"]},{\"@type\":\"Person\",\"@id\":\"https:\/\/www.manquecura.cl\/ciudad-del-este\/#\/schema\/person\/0debeea140e397b5d490ee7e553255d8\",\"name\":\"jorgedelcampo\",\"image\":{\"@type\":\"ImageObject\",\"inLanguage\":\"es\",\"@id\":\"https:\/\/www.manquecura.cl\/ciudad-del-este\/#\/schema\/person\/image\/\",\"url\":\"https:\/\/secure.gravatar.com\/avatar\/4a315f521213b2dc91dbda9bf799f711c8a98ab6f5606ec42cf5b33d1e762e8a?s=96&d=mm&r=g\",\"contentUrl\":\"https:\/\/secure.gravatar.com\/avatar\/4a315f521213b2dc91dbda9bf799f711c8a98ab6f5606ec42cf5b33d1e762e8a?s=96&d=mm&r=g\",\"caption\":\"jorgedelcampo\"}}]}<\/script>\n<!-- \/ Yoast SEO plugin. -->","yoast_head_json":{"title":"Encuentro de Rob\u00f3tica Educativa Cognita - Colegio Manquecura Ciudad del Este","robots":{"index":"index","follow":"follow","max-snippet":"max-snippet:-1","max-image-preview":"max-image-preview:large","max-video-preview":"max-video-preview:-1"},"canonical":"https:\/\/www.manquecura.cl\/ciudad-del-este\/noticias\/encuentro-de-robotica-educativa-cognita\/","og_locale":"es_ES","og_type":"article","og_title":"Encuentro de Rob\u00f3tica Educativa Cognita - Colegio Manquecura Ciudad del Este","og_description":"Cuatro equipos de estudiantes de nuestro colegio, tres de ellos en categor\u00eda senior y uno de ellos en junior participaron del Encuentro de Rob\u00f3tica Educativa Cognita, en el marco de las actividades previas a la conferencia SCHOOL OF THE FUTURE 2023. El objetivo de este encuentro es fomentar el desarrollo de habilidades digitales, el pensamiento [&hellip;]","og_url":"https:\/\/www.manquecura.cl\/ciudad-del-este\/noticias\/encuentro-de-robotica-educativa-cognita\/","og_site_name":"Colegio Manquecura Ciudad del Este","article_publisher":"http:\/\/www.facebook.com\/ColegiosManquecura","article_published_time":"2023-10-26T13:01:06+00:00","author":"jorgedelcampo","twitter_card":"summary_large_image","twitter_misc":{"Escrito por":"jorgedelcampo","Tiempo de lectura":"2 minutos"},"schema":{"@context":"https:\/\/schema.org","@graph":[{"@type":"Article","@id":"https:\/\/www.manquecura.cl\/ciudad-del-este\/noticias\/encuentro-de-robotica-educativa-cognita\/#article","isPartOf":{"@id":"https:\/\/www.manquecura.cl\/ciudad-del-este\/noticias\/encuentro-de-robotica-educativa-cognita\/"},"author":{"name":"jorgedelcampo","@id":"https:\/\/www.manquecura.cl\/ciudad-del-este\/#\/schema\/person\/0debeea140e397b5d490ee7e553255d8"},"headline":"Encuentro de Rob\u00f3tica Educativa Cognita","datePublished":"2023-10-26T13:01:06+00:00","mainEntityOfPage":{"@id":"https:\/\/www.manquecura.cl\/ciudad-del-este\/noticias\/encuentro-de-robotica-educativa-cognita\/"},"wordCount":368,"commentCount":0,"publisher":{"@id":"https:\/\/www.manquecura.cl\/ciudad-del-este\/#organization"},"image":{"@id":"https:\/\/www.manquecura.cl\/ciudad-del-este\/noticias\/encuentro-de-robotica-educativa-cognita\/#primaryimage"},"thumbnailUrl":"https:\/\/www.manquecura.cl\/ciudad-del-este\/wp-content\/uploads\/sites\/41\/2023\/10\/27.jpg","articleSection":["Vida Escolar"],"inLanguage":"es","potentialAction":[{"@type":"CommentAction","name":"Comment","target":["https:\/\/www.manquecura.cl\/ciudad-del-este\/noticias\/encuentro-de-robotica-educativa-cognita\/#respond"]}]},{"@type":"WebPage","@id":"https:\/\/www.manquecura.cl\/ciudad-del-este\/noticias\/encuentro-de-robotica-educativa-cognita\/","url":"https:\/\/www.manquecura.cl\/ciudad-del-este\/noticias\/encuentro-de-robotica-educativa-cognita\/","name":"Encuentro de Rob\u00f3tica Educativa Cognita - Colegio Manquecura Ciudad del Este","isPartOf":{"@id":"https:\/\/www.manquecura.cl\/ciudad-del-este\/#website"},"primaryImageOfPage":{"@id":"https:\/\/www.manquecura.cl\/ciudad-del-este\/noticias\/encuentro-de-robotica-educativa-cognita\/#primaryimage"},"image":{"@id":"https:\/\/www.manquecura.cl\/ciudad-del-este\/noticias\/encuentro-de-robotica-educativa-cognita\/#primaryimage"},"thumbnailUrl":"https:\/\/www.manquecura.cl\/ciudad-del-este\/wp-content\/uploads\/sites\/41\/2023\/10\/27.jpg","datePublished":"2023-10-26T13:01:06+00:00","breadcrumb":{"@id":"https:\/\/www.manquecura.cl\/ciudad-del-este\/noticias\/encuentro-de-robotica-educativa-cognita\/#breadcrumb"},"inLanguage":"es","potentialAction":[{"@type":"ReadAction","target":["https:\/\/www.manquecura.cl\/ciudad-del-este\/noticias\/encuentro-de-robotica-educativa-cognita\/"]}]},{"@type":"ImageObject","inLanguage":"es","@id":"https:\/\/www.manquecura.cl\/ciudad-del-este\/noticias\/encuentro-de-robotica-educativa-cognita\/#primaryimage","url":"https:\/\/www.manquecura.cl\/ciudad-del-este\/wp-content\/uploads\/sites\/41\/2023\/10\/27.jpg","contentUrl":"https:\/\/www.manquecura.cl\/ciudad-del-este\/wp-content\/uploads\/sites\/41\/2023\/10\/27.jpg","width":836,"height":523},{"@type":"BreadcrumbList","@id":"https:\/\/www.manquecura.cl\/ciudad-del-este\/noticias\/encuentro-de-robotica-educativa-cognita\/#breadcrumb","itemListElement":[{"@type":"ListItem","position":1,"name":"Home","item":"https:\/\/www.manquecura.cl\/ciudad-del-este\/"},{"@type":"ListItem","position":2,"name":"Encuentro de Rob\u00f3tica Educativa Cognita"}]},{"@type":"WebSite","@id":"https:\/\/www.manquecura.cl\/ciudad-del-este\/#website","url":"https:\/\/www.manquecura.cl\/ciudad-del-este\/","name":"Colegio Manquecura Ciudad del Este","description":"","publisher":{"@id":"https:\/\/www.manquecura.cl\/ciudad-del-este\/#organization"},"potentialAction":[{"@type":"SearchAction","target":{"@type":"EntryPoint","urlTemplate":"https:\/\/www.manquecura.cl\/ciudad-del-este\/?s={search_term_string}"},"query-input":{"@type":"PropertyValueSpecification","valueRequired":true,"valueName":"search_term_string"}}],"inLanguage":"es"},{"@type":"Organization","@id":"https:\/\/www.manquecura.cl\/ciudad-del-este\/#organization","name":"Colegio Manquecura Ciudad del Este","url":"https:\/\/www.manquecura.cl\/ciudad-del-este\/","logo":{"@type":"ImageObject","inLanguage":"es","@id":"https:\/\/www.manquecura.cl\/ciudad-del-este\/#\/schema\/logo\/image\/","url":"https:\/\/www.manquecura.cl\/ciudad-del-este\/wp-content\/uploads\/sites\/41\/2023\/09\/logo_Manquecura_Ciudad-del-Este_horizontal_color-1.png","contentUrl":"https:\/\/www.manquecura.cl\/ciudad-del-este\/wp-content\/uploads\/sites\/41\/2023\/09\/logo_Manquecura_Ciudad-del-Este_horizontal_color-1.png","width":611,"height":183,"caption":"Colegio Manquecura Ciudad del Este"},"image":{"@id":"https:\/\/www.manquecura.cl\/ciudad-del-este\/#\/schema\/logo\/image\/"},"sameAs":["http:\/\/www.facebook.com\/ColegiosManquecura","http:\/\/www.instagram.com\/manquecura_ciudaddeleste\/","http:\/\/www.youtube.com\/c\/CognitaChile"]},{"@type":"Person","@id":"https:\/\/www.manquecura.cl\/ciudad-del-este\/#\/schema\/person\/0debeea140e397b5d490ee7e553255d8","name":"jorgedelcampo","image":{"@type":"ImageObject","inLanguage":"es","@id":"https:\/\/www.manquecura.cl\/ciudad-del-este\/#\/schema\/person\/image\/","url":"https:\/\/secure.gravatar.com\/avatar\/4a315f521213b2dc91dbda9bf799f711c8a98ab6f5606ec42cf5b33d1e762e8a?s=96&d=mm&r=g","contentUrl":"https:\/\/secure.gravatar.com\/avatar\/4a315f521213b2dc91dbda9bf799f711c8a98ab6f5606ec42cf5b33d1e762e8a?s=96&d=mm&r=g","caption":"jorgedelcampo"}}]}},"jetpack_featured_media_url":"https:\/\/www.manquecura.cl\/ciudad-del-este\/wp-content\/uploads\/sites\/41\/2023\/10\/27.jpg","previous_post_ID":23429,"previous_post_title":"Ba\u00f1os de Ense\u00f1anza B\u00e1sica: 2 etapas finalizadas","previous_post_excerpt":"Anunciamos a nuestra comunidad escolar, que hemos finalizado dos etapas del proyecto de remodelaci\u00f3n completa de los ba\u00f1os del primer pabell\u00f3n de nuestro colegio, lo que considera a los cursos desde 1ero a 4to B\u00e1sico, quedando para los pr\u00f3ximos d\u00edas la culminaci\u00f3n del primer piso. Estos avances son muy importantes para nuestra comunidad escolar, ya [&hellip;]","previous_post_link":"https:\/\/www.manquecura.cl\/ciudad-del-este\/noticias\/banos-de-ensenanza-basica-2-etapas-finalizadas\/","previous_post_class":["post-23429","post","type-post","status-publish","format-standard","has-post-thumbnail","hentry","category-vida-escolar"],"next_post_ID":23443,"next_post_title":"Cat\u00e1logo EXPO Emprende: Especial Navidad 2023","next_post_excerpt":"\u00a1Apoyemos los emprendimientos de nuestra comunidad escolar! Invitamos nuevamente a todos los emprendedores de Manquecura Ciudad del Este\u00a0a participar del\u00a0cat\u00e1logo online navide\u00f1o, acci\u00f3n creada para apoyar en sus promociones a todos los integrantes de nuestra comunidad escolar. C\u00d3MO PARTICIPAR DEL CAT\u00c1LOGO ONLINE: Para este cat\u00e1logo virtual navide\u00f1o, requerimos que env\u00eden al correo: comunicaciones.cde@colegiomanquecura.cl 1 foto: [&hellip;]","next_post_link":"https:\/\/www.manquecura.cl\/ciudad-del-este\/noticias\/catalogo-expo-emprende-especial-navidad-2023\/","next_post_class":["post-23443","post","type-post","status-publish","format-standard","has-post-thumbnail","hentry","category-vida-escolar"],"jetpack_sharing_enabled":true,"_links":{"self":[{"href":"https:\/\/www.manquecura.cl\/ciudad-del-este\/wp-json\/wp\/v2\/posts\/23449","targetHints":{"allow":["GET"]}}],"collection":[{"href":"https:\/\/www.manquecura.cl\/ciudad-del-este\/wp-json\/wp\/v2\/posts"}],"about":[{"href":"https:\/\/www.manquecura.cl\/ciudad-del-este\/wp-json\/wp\/v2\/types\/post"}],"author":[{"embeddable":true,"href":"https:\/\/www.manquecura.cl\/ciudad-del-este\/wp-json\/wp\/v2\/users\/14"}],"replies":[{"embeddable":true,"href":"https:\/\/www.manquecura.cl\/ciudad-del-este\/wp-json\/wp\/v2\/comments?post=23449"}],"version-history":[{"count":0,"href":"https:\/\/www.manquecura.cl\/ciudad-del-este\/wp-json\/wp\/v2\/posts\/23449\/revisions"}],"wp:featuredmedia":[{"embeddable":true,"href":"https:\/\/www.manquecura.cl\/ciudad-del-este\/wp-json\/wp\/v2\/media\/23474"}],"wp:attachment":[{"href":"https:\/\/www.manquecura.cl\/ciudad-del-este\/wp-json\/wp\/v2\/media?parent=23449"}],"wp:term":[{"taxonomy":"category","embeddable":true,"href":"https:\/\/www.manquecura.cl\/ciudad-del-este\/wp-json\/wp\/v2\/categories?post=23449"},{"taxonomy":"post_tag","embeddable":true,"href":"https:\/\/www.manquecura.cl\/ciudad-del-este\/wp-json\/wp\/v2\/tags?post=23449"}],"curies":[{"name":"wp","href":"https:\/\/api.w.org\/{rel}","templated":true}]}}