{"id":23443,"date":"2023-10-30T09:29:53","date_gmt":"2023-10-30T12:29:53","guid":{"rendered":"https:\/\/www.manquecura.cl\/ciudad-del-este\/?p=23443"},"modified":"2023-10-30T09:29:53","modified_gmt":"2023-10-30T12:29:53","slug":"catalogo-expo-emprende-especial-navidad-2023","status":"publish","type":"post","link":"https:\/\/www.manquecura.cl\/ciudad-del-este\/noticias\/catalogo-expo-emprende-especial-navidad-2023\/","title":{"rendered":"Cat\u00e1logo EXPO Emprende: Especial Navidad 2023"},"content":{"rendered":"<p style=\"text-align: center\">\u00a1Apoyemos los emprendimientos de nuestra comunidad escolar!<\/p>\n<p>Invitamos nuevamente a todos los emprendedores de Manquecura Ciudad del Este\u00a0a participar del\u00a0cat\u00e1logo online navide\u00f1o, acci\u00f3n creada para apoyar en sus promociones a todos los integrantes de nuestra comunidad escolar.<\/p>\n<p style=\"text-align: center\">C\u00d3MO PARTICIPAR DEL CAT\u00c1LOGO ONLINE:<\/p>\n<p style=\"text-align: center\">Para este cat\u00e1logo virtual navide\u00f1o, requerimos que env\u00eden al correo:<br \/>\n<strong>comunicaciones.cde@colegiomanque<\/strong>cura.cl<\/p>\n<ul>\n<li><strong>1 foto:<\/strong> De lo que se comercializa con su logo respectivo o s\u00f3lo del logo (si no tiene logo no hay problema, s\u00f3lo env\u00edenos la foto de los productos o servicios). UNA SOLA FOTO (cuadrada).<\/li>\n<li><strong>Redes sociales:<\/strong> Todas las que tengan para ser ubicados.<\/li>\n<li><strong>Datos de contacto:<\/strong> Tel\u00e9fono, direcci\u00f3n, mail, web, etc.<\/li>\n<li><strong>Breve descripci\u00f3n:<\/strong> De los productos o servicios que se comercializan, en un p\u00e1rrafo con no m\u00e1s de 60 palabras y que no se repitan los datos solicitados en el punto 1 y 2. Donde adem\u00e1s podr\u00e1 indicar su promoci\u00f3n o descuento para la comunidad de CDE.<\/li>\n<li><strong>Fecha tope de entrega: Viernes 17 de noviembre.<\/strong><\/li>\n<\/ul>\n<p>Este cat\u00e1logo virtual ser\u00e1 compartido en todas nuestras plataformas y permitir\u00e1 que ustedes tambi\u00e9n puedan traspasarlo a sus contactos, de manera que todos podamos ayudar a nuestros emprendedores.<\/p>\n<p style=\"text-align: center\">\u00a1Los esperamos!<\/p>\n<p style=\"text-align: center\"><strong>Colegio Manquecura Ciudad del Este<\/strong><\/p>\n"},"excerpt":{"rendered":"<p>\u00a1Apoyemos los emprendimientos de nuestra comunidad escolar! Invitamos nuevamente a todos los emprendedores de Manquecura Ciudad del Este\u00a0a participar del\u00a0cat\u00e1logo online navide\u00f1o, acci\u00f3n creada para apoyar en sus promociones a todos los integrantes de nuestra comunidad escolar. C\u00d3MO PARTICIPAR DEL CAT\u00c1LOGO ONLINE: Para este cat\u00e1logo virtual navide\u00f1o, requerimos que env\u00eden al correo: comunicaciones.cde@colegiomanquecura.cl 1 foto: [&hellip;]<\/p>\n","protected":false},"author":14,"featured_media":20654,"comment_status":"open","ping_status":"open","sticky":false,"template":"","format":"standard","meta":{"_acf_changed":false,"content-type":"","_jetpack_memberships_contains_paid_content":false,"footnotes":""},"categories":[1],"tags":[],"class_list":["post-23443","post","type-post","status-publish","format-standard","has-post-thumbnail","hentry","category-vida-escolar"],"acf":[],"yoast_head":"<!-- This site is optimized with the Yoast SEO plugin v27.1.1 - https:\/\/yoast.com\/product\/yoast-seo-wordpress\/ -->\n<title>Cat\u00e1logo EXPO Emprende: Especial Navidad 2023 - Colegio Manquecura Ciudad del Este<\/title>\n<meta name=\"robots\" content=\"index, follow, max-snippet:-1, max-image-preview:large, max-video-preview:-1\" \/>\n<link rel=\"canonical\" href=\"https:\/\/www.manquecura.cl\/ciudad-del-este\/noticias\/catalogo-expo-emprende-especial-navidad-2023\/\" \/>\n<meta property=\"og:locale\" content=\"es_ES\" \/>\n<meta property=\"og:type\" content=\"article\" \/>\n<meta property=\"og:title\" content=\"Cat\u00e1logo EXPO Emprende: Especial Navidad 2023 - Colegio Manquecura Ciudad del Este\" \/>\n<meta property=\"og:description\" content=\"\u00a1Apoyemos los emprendimientos de nuestra comunidad escolar! Invitamos nuevamente a todos los emprendedores de Manquecura Ciudad del Este\u00a0a participar del\u00a0cat\u00e1logo online navide\u00f1o, acci\u00f3n creada para apoyar en sus promociones a todos los integrantes de nuestra comunidad escolar. C\u00d3MO PARTICIPAR DEL CAT\u00c1LOGO ONLINE: Para este cat\u00e1logo virtual navide\u00f1o, requerimos que env\u00eden al correo: comunicaciones.cde@colegiomanquecura.cl 1 foto: [&hellip;]\" \/>\n<meta property=\"og:url\" content=\"https:\/\/www.manquecura.cl\/ciudad-del-este\/noticias\/catalogo-expo-emprende-especial-navidad-2023\/\" \/>\n<meta property=\"og:site_name\" content=\"Colegio Manquecura Ciudad del Este\" \/>\n<meta property=\"article:publisher\" content=\"http:\/\/www.facebook.com\/ColegiosManquecura\" \/>\n<meta property=\"article:published_time\" content=\"2023-10-30T12:29:53+00:00\" \/>\n<meta name=\"author\" content=\"jorgedelcampo\" \/>\n<meta name=\"twitter:card\" content=\"summary_large_image\" \/>\n<meta name=\"twitter:label1\" content=\"Escrito por\" \/>\n\t<meta name=\"twitter:data1\" content=\"jorgedelcampo\" \/>\n\t<meta name=\"twitter:label2\" content=\"Tiempo de lectura\" \/>\n\t<meta name=\"twitter:data2\" content=\"1 minuto\" \/>\n<script type=\"application\/ld+json\" class=\"yoast-schema-graph\">{\"@context\":\"https:\/\/schema.org\",\"@graph\":[{\"@type\":\"Article\",\"@id\":\"https:\/\/www.manquecura.cl\/ciudad-del-este\/noticias\/catalogo-expo-emprende-especial-navidad-2023\/#article\",\"isPartOf\":{\"@id\":\"https:\/\/www.manquecura.cl\/ciudad-del-este\/noticias\/catalogo-expo-emprende-especial-navidad-2023\/\"},\"author\":{\"name\":\"jorgedelcampo\",\"@id\":\"https:\/\/www.manquecura.cl\/ciudad-del-este\/#\/schema\/person\/0debeea140e397b5d490ee7e553255d8\"},\"headline\":\"Cat\u00e1logo EXPO Emprende: Especial Navidad 2023\",\"datePublished\":\"2023-10-30T12:29:53+00:00\",\"mainEntityOfPage\":{\"@id\":\"https:\/\/www.manquecura.cl\/ciudad-del-este\/noticias\/catalogo-expo-emprende-especial-navidad-2023\/\"},\"wordCount\":220,\"commentCount\":0,\"publisher\":{\"@id\":\"https:\/\/www.manquecura.cl\/ciudad-del-este\/#organization\"},\"image\":{\"@id\":\"https:\/\/www.manquecura.cl\/ciudad-del-este\/noticias\/catalogo-expo-emprende-especial-navidad-2023\/#primaryimage\"},\"thumbnailUrl\":\"https:\/\/www.manquecura.cl\/ciudad-del-este\/wp-content\/uploads\/sites\/41\/2022\/11\/CIBER-EXPO-EMPRENDE-WEB.gif\",\"articleSection\":[\"Vida Escolar\"],\"inLanguage\":\"es\",\"potentialAction\":[{\"@type\":\"CommentAction\",\"name\":\"Comment\",\"target\":[\"https:\/\/www.manquecura.cl\/ciudad-del-este\/noticias\/catalogo-expo-emprende-especial-navidad-2023\/#respond\"]}]},{\"@type\":\"WebPage\",\"@id\":\"https:\/\/www.manquecura.cl\/ciudad-del-este\/noticias\/catalogo-expo-emprende-especial-navidad-2023\/\",\"url\":\"https:\/\/www.manquecura.cl\/ciudad-del-este\/noticias\/catalogo-expo-emprende-especial-navidad-2023\/\",\"name\":\"Cat\u00e1logo EXPO Emprende: Especial Navidad 2023 - Colegio Manquecura Ciudad del Este\",\"isPartOf\":{\"@id\":\"https:\/\/www.manquecura.cl\/ciudad-del-este\/#website\"},\"primaryImageOfPage\":{\"@id\":\"https:\/\/www.manquecura.cl\/ciudad-del-este\/noticias\/catalogo-expo-emprende-especial-navidad-2023\/#primaryimage\"},\"image\":{\"@id\":\"https:\/\/www.manquecura.cl\/ciudad-del-este\/noticias\/catalogo-expo-emprende-especial-navidad-2023\/#primaryimage\"},\"thumbnailUrl\":\"https:\/\/www.manquecura.cl\/ciudad-del-este\/wp-content\/uploads\/sites\/41\/2022\/11\/CIBER-EXPO-EMPRENDE-WEB.gif\",\"datePublished\":\"2023-10-30T12:29:53+00:00\",\"breadcrumb\":{\"@id\":\"https:\/\/www.manquecura.cl\/ciudad-del-este\/noticias\/catalogo-expo-emprende-especial-navidad-2023\/#breadcrumb\"},\"inLanguage\":\"es\",\"potentialAction\":[{\"@type\":\"ReadAction\",\"target\":[\"https:\/\/www.manquecura.cl\/ciudad-del-este\/noticias\/catalogo-expo-emprende-especial-navidad-2023\/\"]}]},{\"@type\":\"ImageObject\",\"inLanguage\":\"es\",\"@id\":\"https:\/\/www.manquecura.cl\/ciudad-del-este\/noticias\/catalogo-expo-emprende-especial-navidad-2023\/#primaryimage\",\"url\":\"https:\/\/www.manquecura.cl\/ciudad-del-este\/wp-content\/uploads\/sites\/41\/2022\/11\/CIBER-EXPO-EMPRENDE-WEB.gif\",\"contentUrl\":\"https:\/\/www.manquecura.cl\/ciudad-del-este\/wp-content\/uploads\/sites\/41\/2022\/11\/CIBER-EXPO-EMPRENDE-WEB.gif\",\"width\":836,\"height\":523},{\"@type\":\"BreadcrumbList\",\"@id\":\"https:\/\/www.manquecura.cl\/ciudad-del-este\/noticias\/catalogo-expo-emprende-especial-navidad-2023\/#breadcrumb\",\"itemListElement\":[{\"@type\":\"ListItem\",\"position\":1,\"name\":\"Home\",\"item\":\"https:\/\/www.manquecura.cl\/ciudad-del-este\/\"},{\"@type\":\"ListItem\",\"position\":2,\"name\":\"Cat\u00e1logo EXPO Emprende: Especial Navidad 2023\"}]},{\"@type\":\"WebSite\",\"@id\":\"https:\/\/www.manquecura.cl\/ciudad-del-este\/#website\",\"url\":\"https:\/\/www.manquecura.cl\/ciudad-del-este\/\",\"name\":\"Colegio Manquecura Ciudad del Este\",\"description\":\"\",\"publisher\":{\"@id\":\"https:\/\/www.manquecura.cl\/ciudad-del-este\/#organization\"},\"potentialAction\":[{\"@type\":\"SearchAction\",\"target\":{\"@type\":\"EntryPoint\",\"urlTemplate\":\"https:\/\/www.manquecura.cl\/ciudad-del-este\/?s={search_term_string}\"},\"query-input\":{\"@type\":\"PropertyValueSpecification\",\"valueRequired\":true,\"valueName\":\"search_term_string\"}}],\"inLanguage\":\"es\"},{\"@type\":\"Organization\",\"@id\":\"https:\/\/www.manquecura.cl\/ciudad-del-este\/#organization\",\"name\":\"Colegio Manquecura Ciudad del Este\",\"url\":\"https:\/\/www.manquecura.cl\/ciudad-del-este\/\",\"logo\":{\"@type\":\"ImageObject\",\"inLanguage\":\"es\",\"@id\":\"https:\/\/www.manquecura.cl\/ciudad-del-este\/#\/schema\/logo\/image\/\",\"url\":\"https:\/\/www.manquecura.cl\/ciudad-del-este\/wp-content\/uploads\/sites\/41\/2023\/09\/logo_Manquecura_Ciudad-del-Este_horizontal_color-1.png\",\"contentUrl\":\"https:\/\/www.manquecura.cl\/ciudad-del-este\/wp-content\/uploads\/sites\/41\/2023\/09\/logo_Manquecura_Ciudad-del-Este_horizontal_color-1.png\",\"width\":611,\"height\":183,\"caption\":\"Colegio Manquecura Ciudad del Este\"},\"image\":{\"@id\":\"https:\/\/www.manquecura.cl\/ciudad-del-este\/#\/schema\/logo\/image\/\"},\"sameAs\":[\"http:\/\/www.facebook.com\/ColegiosManquecura\",\"http:\/\/www.instagram.com\/manquecura_ciudaddeleste\/\",\"http:\/\/www.youtube.com\/c\/CognitaChile\"]},{\"@type\":\"Person\",\"@id\":\"https:\/\/www.manquecura.cl\/ciudad-del-este\/#\/schema\/person\/0debeea140e397b5d490ee7e553255d8\",\"name\":\"jorgedelcampo\",\"image\":{\"@type\":\"ImageObject\",\"inLanguage\":\"es\",\"@id\":\"https:\/\/www.manquecura.cl\/ciudad-del-este\/#\/schema\/person\/image\/\",\"url\":\"https:\/\/secure.gravatar.com\/avatar\/4a315f521213b2dc91dbda9bf799f711c8a98ab6f5606ec42cf5b33d1e762e8a?s=96&d=mm&r=g\",\"contentUrl\":\"https:\/\/secure.gravatar.com\/avatar\/4a315f521213b2dc91dbda9bf799f711c8a98ab6f5606ec42cf5b33d1e762e8a?s=96&d=mm&r=g\",\"caption\":\"jorgedelcampo\"}}]}<\/script>\n<!-- \/ Yoast SEO plugin. -->","yoast_head_json":{"title":"Cat\u00e1logo EXPO Emprende: Especial Navidad 2023 - Colegio Manquecura Ciudad del Este","robots":{"index":"index","follow":"follow","max-snippet":"max-snippet:-1","max-image-preview":"max-image-preview:large","max-video-preview":"max-video-preview:-1"},"canonical":"https:\/\/www.manquecura.cl\/ciudad-del-este\/noticias\/catalogo-expo-emprende-especial-navidad-2023\/","og_locale":"es_ES","og_type":"article","og_title":"Cat\u00e1logo EXPO Emprende: Especial Navidad 2023 - Colegio Manquecura Ciudad del Este","og_description":"\u00a1Apoyemos los emprendimientos de nuestra comunidad escolar! Invitamos nuevamente a todos los emprendedores de Manquecura Ciudad del Este\u00a0a participar del\u00a0cat\u00e1logo online navide\u00f1o, acci\u00f3n creada para apoyar en sus promociones a todos los integrantes de nuestra comunidad escolar. C\u00d3MO PARTICIPAR DEL CAT\u00c1LOGO ONLINE: Para este cat\u00e1logo virtual navide\u00f1o, requerimos que env\u00eden al correo: comunicaciones.cde@colegiomanquecura.cl 1 foto: [&hellip;]","og_url":"https:\/\/www.manquecura.cl\/ciudad-del-este\/noticias\/catalogo-expo-emprende-especial-navidad-2023\/","og_site_name":"Colegio Manquecura Ciudad del Este","article_publisher":"http:\/\/www.facebook.com\/ColegiosManquecura","article_published_time":"2023-10-30T12:29:53+00:00","author":"jorgedelcampo","twitter_card":"summary_large_image","twitter_misc":{"Escrito por":"jorgedelcampo","Tiempo de lectura":"1 minuto"},"schema":{"@context":"https:\/\/schema.org","@graph":[{"@type":"Article","@id":"https:\/\/www.manquecura.cl\/ciudad-del-este\/noticias\/catalogo-expo-emprende-especial-navidad-2023\/#article","isPartOf":{"@id":"https:\/\/www.manquecura.cl\/ciudad-del-este\/noticias\/catalogo-expo-emprende-especial-navidad-2023\/"},"author":{"name":"jorgedelcampo","@id":"https:\/\/www.manquecura.cl\/ciudad-del-este\/#\/schema\/person\/0debeea140e397b5d490ee7e553255d8"},"headline":"Cat\u00e1logo EXPO Emprende: Especial Navidad 2023","datePublished":"2023-10-30T12:29:53+00:00","mainEntityOfPage":{"@id":"https:\/\/www.manquecura.cl\/ciudad-del-este\/noticias\/catalogo-expo-emprende-especial-navidad-2023\/"},"wordCount":220,"commentCount":0,"publisher":{"@id":"https:\/\/www.manquecura.cl\/ciudad-del-este\/#organization"},"image":{"@id":"https:\/\/www.manquecura.cl\/ciudad-del-este\/noticias\/catalogo-expo-emprende-especial-navidad-2023\/#primaryimage"},"thumbnailUrl":"https:\/\/www.manquecura.cl\/ciudad-del-este\/wp-content\/uploads\/sites\/41\/2022\/11\/CIBER-EXPO-EMPRENDE-WEB.gif","articleSection":["Vida Escolar"],"inLanguage":"es","potentialAction":[{"@type":"CommentAction","name":"Comment","target":["https:\/\/www.manquecura.cl\/ciudad-del-este\/noticias\/catalogo-expo-emprende-especial-navidad-2023\/#respond"]}]},{"@type":"WebPage","@id":"https:\/\/www.manquecura.cl\/ciudad-del-este\/noticias\/catalogo-expo-emprende-especial-navidad-2023\/","url":"https:\/\/www.manquecura.cl\/ciudad-del-este\/noticias\/catalogo-expo-emprende-especial-navidad-2023\/","name":"Cat\u00e1logo EXPO Emprende: Especial Navidad 2023 - Colegio Manquecura Ciudad del Este","isPartOf":{"@id":"https:\/\/www.manquecura.cl\/ciudad-del-este\/#website"},"primaryImageOfPage":{"@id":"https:\/\/www.manquecura.cl\/ciudad-del-este\/noticias\/catalogo-expo-emprende-especial-navidad-2023\/#primaryimage"},"image":{"@id":"https:\/\/www.manquecura.cl\/ciudad-del-este\/noticias\/catalogo-expo-emprende-especial-navidad-2023\/#primaryimage"},"thumbnailUrl":"https:\/\/www.manquecura.cl\/ciudad-del-este\/wp-content\/uploads\/sites\/41\/2022\/11\/CIBER-EXPO-EMPRENDE-WEB.gif","datePublished":"2023-10-30T12:29:53+00:00","breadcrumb":{"@id":"https:\/\/www.manquecura.cl\/ciudad-del-este\/noticias\/catalogo-expo-emprende-especial-navidad-2023\/#breadcrumb"},"inLanguage":"es","potentialAction":[{"@type":"ReadAction","target":["https:\/\/www.manquecura.cl\/ciudad-del-este\/noticias\/catalogo-expo-emprende-especial-navidad-2023\/"]}]},{"@type":"ImageObject","inLanguage":"es","@id":"https:\/\/www.manquecura.cl\/ciudad-del-este\/noticias\/catalogo-expo-emprende-especial-navidad-2023\/#primaryimage","url":"https:\/\/www.manquecura.cl\/ciudad-del-este\/wp-content\/uploads\/sites\/41\/2022\/11\/CIBER-EXPO-EMPRENDE-WEB.gif","contentUrl":"https:\/\/www.manquecura.cl\/ciudad-del-este\/wp-content\/uploads\/sites\/41\/2022\/11\/CIBER-EXPO-EMPRENDE-WEB.gif","width":836,"height":523},{"@type":"BreadcrumbList","@id":"https:\/\/www.manquecura.cl\/ciudad-del-este\/noticias\/catalogo-expo-emprende-especial-navidad-2023\/#breadcrumb","itemListElement":[{"@type":"ListItem","position":1,"name":"Home","item":"https:\/\/www.manquecura.cl\/ciudad-del-este\/"},{"@type":"ListItem","position":2,"name":"Cat\u00e1logo EXPO Emprende: Especial Navidad 2023"}]},{"@type":"WebSite","@id":"https:\/\/www.manquecura.cl\/ciudad-del-este\/#website","url":"https:\/\/www.manquecura.cl\/ciudad-del-este\/","name":"Colegio Manquecura Ciudad del Este","description":"","publisher":{"@id":"https:\/\/www.manquecura.cl\/ciudad-del-este\/#organization"},"potentialAction":[{"@type":"SearchAction","target":{"@type":"EntryPoint","urlTemplate":"https:\/\/www.manquecura.cl\/ciudad-del-este\/?s={search_term_string}"},"query-input":{"@type":"PropertyValueSpecification","valueRequired":true,"valueName":"search_term_string"}}],"inLanguage":"es"},{"@type":"Organization","@id":"https:\/\/www.manquecura.cl\/ciudad-del-este\/#organization","name":"Colegio Manquecura Ciudad del Este","url":"https:\/\/www.manquecura.cl\/ciudad-del-este\/","logo":{"@type":"ImageObject","inLanguage":"es","@id":"https:\/\/www.manquecura.cl\/ciudad-del-este\/#\/schema\/logo\/image\/","url":"https:\/\/www.manquecura.cl\/ciudad-del-este\/wp-content\/uploads\/sites\/41\/2023\/09\/logo_Manquecura_Ciudad-del-Este_horizontal_color-1.png","contentUrl":"https:\/\/www.manquecura.cl\/ciudad-del-este\/wp-content\/uploads\/sites\/41\/2023\/09\/logo_Manquecura_Ciudad-del-Este_horizontal_color-1.png","width":611,"height":183,"caption":"Colegio Manquecura Ciudad del Este"},"image":{"@id":"https:\/\/www.manquecura.cl\/ciudad-del-este\/#\/schema\/logo\/image\/"},"sameAs":["http:\/\/www.facebook.com\/ColegiosManquecura","http:\/\/www.instagram.com\/manquecura_ciudaddeleste\/","http:\/\/www.youtube.com\/c\/CognitaChile"]},{"@type":"Person","@id":"https:\/\/www.manquecura.cl\/ciudad-del-este\/#\/schema\/person\/0debeea140e397b5d490ee7e553255d8","name":"jorgedelcampo","image":{"@type":"ImageObject","inLanguage":"es","@id":"https:\/\/www.manquecura.cl\/ciudad-del-este\/#\/schema\/person\/image\/","url":"https:\/\/secure.gravatar.com\/avatar\/4a315f521213b2dc91dbda9bf799f711c8a98ab6f5606ec42cf5b33d1e762e8a?s=96&d=mm&r=g","contentUrl":"https:\/\/secure.gravatar.com\/avatar\/4a315f521213b2dc91dbda9bf799f711c8a98ab6f5606ec42cf5b33d1e762e8a?s=96&d=mm&r=g","caption":"jorgedelcampo"}}]}},"jetpack_featured_media_url":"https:\/\/www.manquecura.cl\/ciudad-del-este\/wp-content\/uploads\/sites\/41\/2022\/11\/CIBER-EXPO-EMPRENDE-WEB.gif","previous_post_ID":23449,"previous_post_title":"Encuentro de Rob\u00f3tica Educativa Cognita","previous_post_excerpt":"Cuatro equipos de estudiantes de nuestro colegio, tres de ellos en categor\u00eda senior y uno de ellos en junior participaron del Encuentro de Rob\u00f3tica Educativa Cognita, en el marco de las actividades previas a la conferencia SCHOOL OF THE FUTURE 2023. El objetivo de este encuentro es fomentar el desarrollo de habilidades digitales, el pensamiento [&hellip;]","previous_post_link":"https:\/\/www.manquecura.cl\/ciudad-del-este\/noticias\/encuentro-de-robotica-educativa-cognita\/","previous_post_class":["post-23449","post","type-post","status-publish","format-standard","has-post-thumbnail","hentry","category-vida-escolar"],"next_post_ID":23452,"next_post_title":"Galer\u00eda Encuentro Educativo de rob\u00f3tica","next_post_excerpt":"","next_post_link":"https:\/\/www.manquecura.cl\/ciudad-del-este\/noticias\/galeria-encuentro-educativo-de-robotica\/","next_post_class":["post-23452","post","type-post","status-publish","format-standard","has-post-thumbnail","hentry","category-vida-escolar"],"jetpack_sharing_enabled":true,"_links":{"self":[{"href":"https:\/\/www.manquecura.cl\/ciudad-del-este\/wp-json\/wp\/v2\/posts\/23443","targetHints":{"allow":["GET"]}}],"collection":[{"href":"https:\/\/www.manquecura.cl\/ciudad-del-este\/wp-json\/wp\/v2\/posts"}],"about":[{"href":"https:\/\/www.manquecura.cl\/ciudad-del-este\/wp-json\/wp\/v2\/types\/post"}],"author":[{"embeddable":true,"href":"https:\/\/www.manquecura.cl\/ciudad-del-este\/wp-json\/wp\/v2\/users\/14"}],"replies":[{"embeddable":true,"href":"https:\/\/www.manquecura.cl\/ciudad-del-este\/wp-json\/wp\/v2\/comments?post=23443"}],"version-history":[{"count":0,"href":"https:\/\/www.manquecura.cl\/ciudad-del-este\/wp-json\/wp\/v2\/posts\/23443\/revisions"}],"wp:featuredmedia":[{"embeddable":true,"href":"https:\/\/www.manquecura.cl\/ciudad-del-este\/wp-json\/wp\/v2\/media\/20654"}],"wp:attachment":[{"href":"https:\/\/www.manquecura.cl\/ciudad-del-este\/wp-json\/wp\/v2\/media?parent=23443"}],"wp:term":[{"taxonomy":"category","embeddable":true,"href":"https:\/\/www.manquecura.cl\/ciudad-del-este\/wp-json\/wp\/v2\/categories?post=23443"},{"taxonomy":"post_tag","embeddable":true,"href":"https:\/\/www.manquecura.cl\/ciudad-del-este\/wp-json\/wp\/v2\/tags?post=23443"}],"curies":[{"name":"wp","href":"https:\/\/api.w.org\/{rel}","templated":true}]}}