{"id":23356,"date":"2023-10-16T12:31:47","date_gmt":"2023-10-16T15:31:47","guid":{"rendered":"https:\/\/www.manquecura.cl\/ciudad-del-este\/?p=23356"},"modified":"2023-10-16T12:31:47","modified_gmt":"2023-10-16T15:31:47","slug":"entrevista-a-erica-diaz-docente-elegida-para-participar-en-el-programa-de-intercambio-docente-de-cognita-chile","status":"publish","type":"post","link":"https:\/\/www.manquecura.cl\/ciudad-del-este\/noticias\/entrevista-a-erica-diaz-docente-elegida-para-participar-en-el-programa-de-intercambio-docente-de-cognita-chile\/","title":{"rendered":"Entrevista a \u00c9rica D\u00edaz: Docente elegida para participar en el Programa de Intercambio Docente de Cognita Chile"},"content":{"rendered":"<p>Conozcan a nuestra profesora <strong>\u00c9rica D\u00edaz<\/strong>, docente de la asignatura de m\u00fasica y Digital Champion, quien ha sido elegida para participar en el <strong>Programa de Intercambio Docente de Cognita Chile: Learning Without Borders (Aprendizaje sin Fronteras)<\/strong>, lo que le permitir\u00e1 viajar en enero 2024 a Espa\u00f1a, al Colegio\u00a0<strong>El Limonar International School Murcia.<\/strong><\/p>\n<p>Este programa promueve el crecimiento y el desarrollo profesional de nuestros colaboradores, favoreciendo el intercambio de buenas pr\u00e1cticas y metodolog\u00edas educativas a trav\u00e9s de una pasant\u00eda de 3 semanas en un colegio Cognita de Europa, durante el mes de enero de 2024.<\/p>\n<p>Felicitamos a \u00c9rica por este reconocimiento, el cual aportar\u00e1 experiencias significativas a su carrera docente y le permitir\u00e1, a su regreso, implementar innovadoras metodolog\u00edas y promover las relaciones internacionales de nuestro colegio.<\/p>\n<p>&nbsp;<\/p>\n<p style=\"text-align: center\"><strong>Colegio Manquecura Ciudad del Este<\/strong><\/p>\n<p>\u00a0[multimedia id=&#8221;1&#8243;]<\/p>\n"},"excerpt":{"rendered":"<p>Conozcan a nuestra profesora \u00c9rica D\u00edaz, docente de la asignatura de m\u00fasica y Digital Champion, quien ha sido elegida para participar en el Programa de Intercambio Docente de Cognita Chile: Learning Without Borders (Aprendizaje sin Fronteras), lo que le permitir\u00e1 viajar en enero 2024 a Espa\u00f1a, al Colegio\u00a0El Limonar International School Murcia. Este programa promueve [&hellip;]<\/p>\n","protected":false},"author":14,"featured_media":23357,"comment_status":"open","ping_status":"open","sticky":false,"template":"","format":"standard","meta":{"_acf_changed":false,"content-type":"","_jetpack_memberships_contains_paid_content":false,"footnotes":""},"categories":[1],"tags":[],"class_list":["post-23356","post","type-post","status-publish","format-standard","has-post-thumbnail","hentry","category-vida-escolar"],"acf":[],"yoast_head":"<!-- This site is optimized with the Yoast SEO plugin v27.1.1 - https:\/\/yoast.com\/product\/yoast-seo-wordpress\/ -->\n<title>Entrevista a \u00c9rica D\u00edaz: Docente elegida para participar en el Programa de Intercambio Docente de Cognita Chile - Colegio Manquecura Ciudad del Este<\/title>\n<meta name=\"robots\" content=\"index, follow, max-snippet:-1, max-image-preview:large, max-video-preview:-1\" \/>\n<link rel=\"canonical\" href=\"https:\/\/www.manquecura.cl\/ciudad-del-este\/noticias\/entrevista-a-erica-diaz-docente-elegida-para-participar-en-el-programa-de-intercambio-docente-de-cognita-chile\/\" \/>\n<meta property=\"og:locale\" content=\"es_ES\" \/>\n<meta property=\"og:type\" content=\"article\" \/>\n<meta property=\"og:title\" content=\"Entrevista a \u00c9rica D\u00edaz: Docente elegida para participar en el Programa de Intercambio Docente de Cognita Chile - Colegio Manquecura Ciudad del Este\" \/>\n<meta property=\"og:description\" content=\"Conozcan a nuestra profesora \u00c9rica D\u00edaz, docente de la asignatura de m\u00fasica y Digital Champion, quien ha sido elegida para participar en el Programa de Intercambio Docente de Cognita Chile: Learning Without Borders (Aprendizaje sin Fronteras), lo que le permitir\u00e1 viajar en enero 2024 a Espa\u00f1a, al Colegio\u00a0El Limonar International School Murcia. Este programa promueve [&hellip;]\" \/>\n<meta property=\"og:url\" content=\"https:\/\/www.manquecura.cl\/ciudad-del-este\/noticias\/entrevista-a-erica-diaz-docente-elegida-para-participar-en-el-programa-de-intercambio-docente-de-cognita-chile\/\" \/>\n<meta property=\"og:site_name\" content=\"Colegio Manquecura Ciudad del Este\" \/>\n<meta property=\"article:publisher\" content=\"http:\/\/www.facebook.com\/ColegiosManquecura\" \/>\n<meta property=\"article:published_time\" content=\"2023-10-16T15:31:47+00:00\" \/>\n<meta name=\"author\" content=\"jorgedelcampo\" \/>\n<meta name=\"twitter:card\" content=\"summary_large_image\" \/>\n<meta name=\"twitter:label1\" content=\"Escrito por\" \/>\n\t<meta name=\"twitter:data1\" content=\"jorgedelcampo\" \/>\n\t<meta name=\"twitter:label2\" content=\"Tiempo de lectura\" \/>\n\t<meta name=\"twitter:data2\" content=\"1 minuto\" \/>\n<script type=\"application\/ld+json\" class=\"yoast-schema-graph\">{\"@context\":\"https:\/\/schema.org\",\"@graph\":[{\"@type\":\"Article\",\"@id\":\"https:\/\/www.manquecura.cl\/ciudad-del-este\/noticias\/entrevista-a-erica-diaz-docente-elegida-para-participar-en-el-programa-de-intercambio-docente-de-cognita-chile\/#article\",\"isPartOf\":{\"@id\":\"https:\/\/www.manquecura.cl\/ciudad-del-este\/noticias\/entrevista-a-erica-diaz-docente-elegida-para-participar-en-el-programa-de-intercambio-docente-de-cognita-chile\/\"},\"author\":{\"name\":\"jorgedelcampo\",\"@id\":\"https:\/\/www.manquecura.cl\/ciudad-del-este\/#\/schema\/person\/0debeea140e397b5d490ee7e553255d8\"},\"headline\":\"Entrevista a \u00c9rica D\u00edaz: Docente elegida para participar en el Programa de Intercambio Docente de Cognita Chile\",\"datePublished\":\"2023-10-16T15:31:47+00:00\",\"mainEntityOfPage\":{\"@id\":\"https:\/\/www.manquecura.cl\/ciudad-del-este\/noticias\/entrevista-a-erica-diaz-docente-elegida-para-participar-en-el-programa-de-intercambio-docente-de-cognita-chile\/\"},\"wordCount\":158,\"commentCount\":0,\"publisher\":{\"@id\":\"https:\/\/www.manquecura.cl\/ciudad-del-este\/#organization\"},\"image\":{\"@id\":\"https:\/\/www.manquecura.cl\/ciudad-del-este\/noticias\/entrevista-a-erica-diaz-docente-elegida-para-participar-en-el-programa-de-intercambio-docente-de-cognita-chile\/#primaryimage\"},\"thumbnailUrl\":\"https:\/\/www.manquecura.cl\/ciudad-del-este\/wp-content\/uploads\/sites\/41\/2023\/10\/Learning-without_-Erica-Diaz-web.jpg\",\"articleSection\":[\"Vida Escolar\"],\"inLanguage\":\"es\",\"potentialAction\":[{\"@type\":\"CommentAction\",\"name\":\"Comment\",\"target\":[\"https:\/\/www.manquecura.cl\/ciudad-del-este\/noticias\/entrevista-a-erica-diaz-docente-elegida-para-participar-en-el-programa-de-intercambio-docente-de-cognita-chile\/#respond\"]}]},{\"@type\":\"WebPage\",\"@id\":\"https:\/\/www.manquecura.cl\/ciudad-del-este\/noticias\/entrevista-a-erica-diaz-docente-elegida-para-participar-en-el-programa-de-intercambio-docente-de-cognita-chile\/\",\"url\":\"https:\/\/www.manquecura.cl\/ciudad-del-este\/noticias\/entrevista-a-erica-diaz-docente-elegida-para-participar-en-el-programa-de-intercambio-docente-de-cognita-chile\/\",\"name\":\"Entrevista a \u00c9rica D\u00edaz: Docente elegida para participar en el Programa de Intercambio Docente de Cognita Chile - Colegio Manquecura Ciudad del Este\",\"isPartOf\":{\"@id\":\"https:\/\/www.manquecura.cl\/ciudad-del-este\/#website\"},\"primaryImageOfPage\":{\"@id\":\"https:\/\/www.manquecura.cl\/ciudad-del-este\/noticias\/entrevista-a-erica-diaz-docente-elegida-para-participar-en-el-programa-de-intercambio-docente-de-cognita-chile\/#primaryimage\"},\"image\":{\"@id\":\"https:\/\/www.manquecura.cl\/ciudad-del-este\/noticias\/entrevista-a-erica-diaz-docente-elegida-para-participar-en-el-programa-de-intercambio-docente-de-cognita-chile\/#primaryimage\"},\"thumbnailUrl\":\"https:\/\/www.manquecura.cl\/ciudad-del-este\/wp-content\/uploads\/sites\/41\/2023\/10\/Learning-without_-Erica-Diaz-web.jpg\",\"datePublished\":\"2023-10-16T15:31:47+00:00\",\"breadcrumb\":{\"@id\":\"https:\/\/www.manquecura.cl\/ciudad-del-este\/noticias\/entrevista-a-erica-diaz-docente-elegida-para-participar-en-el-programa-de-intercambio-docente-de-cognita-chile\/#breadcrumb\"},\"inLanguage\":\"es\",\"potentialAction\":[{\"@type\":\"ReadAction\",\"target\":[\"https:\/\/www.manquecura.cl\/ciudad-del-este\/noticias\/entrevista-a-erica-diaz-docente-elegida-para-participar-en-el-programa-de-intercambio-docente-de-cognita-chile\/\"]}]},{\"@type\":\"ImageObject\",\"inLanguage\":\"es\",\"@id\":\"https:\/\/www.manquecura.cl\/ciudad-del-este\/noticias\/entrevista-a-erica-diaz-docente-elegida-para-participar-en-el-programa-de-intercambio-docente-de-cognita-chile\/#primaryimage\",\"url\":\"https:\/\/www.manquecura.cl\/ciudad-del-este\/wp-content\/uploads\/sites\/41\/2023\/10\/Learning-without_-Erica-Diaz-web.jpg\",\"contentUrl\":\"https:\/\/www.manquecura.cl\/ciudad-del-este\/wp-content\/uploads\/sites\/41\/2023\/10\/Learning-without_-Erica-Diaz-web.jpg\",\"width\":836,\"height\":523},{\"@type\":\"BreadcrumbList\",\"@id\":\"https:\/\/www.manquecura.cl\/ciudad-del-este\/noticias\/entrevista-a-erica-diaz-docente-elegida-para-participar-en-el-programa-de-intercambio-docente-de-cognita-chile\/#breadcrumb\",\"itemListElement\":[{\"@type\":\"ListItem\",\"position\":1,\"name\":\"Home\",\"item\":\"https:\/\/www.manquecura.cl\/ciudad-del-este\/\"},{\"@type\":\"ListItem\",\"position\":2,\"name\":\"Entrevista a \u00c9rica D\u00edaz: Docente elegida para participar en el Programa de Intercambio Docente de Cognita Chile\"}]},{\"@type\":\"WebSite\",\"@id\":\"https:\/\/www.manquecura.cl\/ciudad-del-este\/#website\",\"url\":\"https:\/\/www.manquecura.cl\/ciudad-del-este\/\",\"name\":\"Colegio Manquecura Ciudad del Este\",\"description\":\"\",\"publisher\":{\"@id\":\"https:\/\/www.manquecura.cl\/ciudad-del-este\/#organization\"},\"potentialAction\":[{\"@type\":\"SearchAction\",\"target\":{\"@type\":\"EntryPoint\",\"urlTemplate\":\"https:\/\/www.manquecura.cl\/ciudad-del-este\/?s={search_term_string}\"},\"query-input\":{\"@type\":\"PropertyValueSpecification\",\"valueRequired\":true,\"valueName\":\"search_term_string\"}}],\"inLanguage\":\"es\"},{\"@type\":\"Organization\",\"@id\":\"https:\/\/www.manquecura.cl\/ciudad-del-este\/#organization\",\"name\":\"Colegio Manquecura Ciudad del Este\",\"url\":\"https:\/\/www.manquecura.cl\/ciudad-del-este\/\",\"logo\":{\"@type\":\"ImageObject\",\"inLanguage\":\"es\",\"@id\":\"https:\/\/www.manquecura.cl\/ciudad-del-este\/#\/schema\/logo\/image\/\",\"url\":\"https:\/\/www.manquecura.cl\/ciudad-del-este\/wp-content\/uploads\/sites\/41\/2023\/09\/logo_Manquecura_Ciudad-del-Este_horizontal_color-1.png\",\"contentUrl\":\"https:\/\/www.manquecura.cl\/ciudad-del-este\/wp-content\/uploads\/sites\/41\/2023\/09\/logo_Manquecura_Ciudad-del-Este_horizontal_color-1.png\",\"width\":611,\"height\":183,\"caption\":\"Colegio Manquecura Ciudad del Este\"},\"image\":{\"@id\":\"https:\/\/www.manquecura.cl\/ciudad-del-este\/#\/schema\/logo\/image\/\"},\"sameAs\":[\"http:\/\/www.facebook.com\/ColegiosManquecura\",\"http:\/\/www.instagram.com\/manquecura_ciudaddeleste\/\",\"http:\/\/www.youtube.com\/c\/CognitaChile\"]},{\"@type\":\"Person\",\"@id\":\"https:\/\/www.manquecura.cl\/ciudad-del-este\/#\/schema\/person\/0debeea140e397b5d490ee7e553255d8\",\"name\":\"jorgedelcampo\",\"image\":{\"@type\":\"ImageObject\",\"inLanguage\":\"es\",\"@id\":\"https:\/\/www.manquecura.cl\/ciudad-del-este\/#\/schema\/person\/image\/\",\"url\":\"https:\/\/secure.gravatar.com\/avatar\/4a315f521213b2dc91dbda9bf799f711c8a98ab6f5606ec42cf5b33d1e762e8a?s=96&d=mm&r=g\",\"contentUrl\":\"https:\/\/secure.gravatar.com\/avatar\/4a315f521213b2dc91dbda9bf799f711c8a98ab6f5606ec42cf5b33d1e762e8a?s=96&d=mm&r=g\",\"caption\":\"jorgedelcampo\"}}]}<\/script>\n<!-- \/ Yoast SEO plugin. -->","yoast_head_json":{"title":"Entrevista a \u00c9rica D\u00edaz: Docente elegida para participar en el Programa de Intercambio Docente de Cognita Chile - Colegio Manquecura Ciudad del Este","robots":{"index":"index","follow":"follow","max-snippet":"max-snippet:-1","max-image-preview":"max-image-preview:large","max-video-preview":"max-video-preview:-1"},"canonical":"https:\/\/www.manquecura.cl\/ciudad-del-este\/noticias\/entrevista-a-erica-diaz-docente-elegida-para-participar-en-el-programa-de-intercambio-docente-de-cognita-chile\/","og_locale":"es_ES","og_type":"article","og_title":"Entrevista a \u00c9rica D\u00edaz: Docente elegida para participar en el Programa de Intercambio Docente de Cognita Chile - Colegio Manquecura Ciudad del Este","og_description":"Conozcan a nuestra profesora \u00c9rica D\u00edaz, docente de la asignatura de m\u00fasica y Digital Champion, quien ha sido elegida para participar en el Programa de Intercambio Docente de Cognita Chile: Learning Without Borders (Aprendizaje sin Fronteras), lo que le permitir\u00e1 viajar en enero 2024 a Espa\u00f1a, al Colegio\u00a0El Limonar International School Murcia. Este programa promueve [&hellip;]","og_url":"https:\/\/www.manquecura.cl\/ciudad-del-este\/noticias\/entrevista-a-erica-diaz-docente-elegida-para-participar-en-el-programa-de-intercambio-docente-de-cognita-chile\/","og_site_name":"Colegio Manquecura Ciudad del Este","article_publisher":"http:\/\/www.facebook.com\/ColegiosManquecura","article_published_time":"2023-10-16T15:31:47+00:00","author":"jorgedelcampo","twitter_card":"summary_large_image","twitter_misc":{"Escrito por":"jorgedelcampo","Tiempo de lectura":"1 minuto"},"schema":{"@context":"https:\/\/schema.org","@graph":[{"@type":"Article","@id":"https:\/\/www.manquecura.cl\/ciudad-del-este\/noticias\/entrevista-a-erica-diaz-docente-elegida-para-participar-en-el-programa-de-intercambio-docente-de-cognita-chile\/#article","isPartOf":{"@id":"https:\/\/www.manquecura.cl\/ciudad-del-este\/noticias\/entrevista-a-erica-diaz-docente-elegida-para-participar-en-el-programa-de-intercambio-docente-de-cognita-chile\/"},"author":{"name":"jorgedelcampo","@id":"https:\/\/www.manquecura.cl\/ciudad-del-este\/#\/schema\/person\/0debeea140e397b5d490ee7e553255d8"},"headline":"Entrevista a \u00c9rica D\u00edaz: Docente elegida para participar en el Programa de Intercambio Docente de Cognita Chile","datePublished":"2023-10-16T15:31:47+00:00","mainEntityOfPage":{"@id":"https:\/\/www.manquecura.cl\/ciudad-del-este\/noticias\/entrevista-a-erica-diaz-docente-elegida-para-participar-en-el-programa-de-intercambio-docente-de-cognita-chile\/"},"wordCount":158,"commentCount":0,"publisher":{"@id":"https:\/\/www.manquecura.cl\/ciudad-del-este\/#organization"},"image":{"@id":"https:\/\/www.manquecura.cl\/ciudad-del-este\/noticias\/entrevista-a-erica-diaz-docente-elegida-para-participar-en-el-programa-de-intercambio-docente-de-cognita-chile\/#primaryimage"},"thumbnailUrl":"https:\/\/www.manquecura.cl\/ciudad-del-este\/wp-content\/uploads\/sites\/41\/2023\/10\/Learning-without_-Erica-Diaz-web.jpg","articleSection":["Vida Escolar"],"inLanguage":"es","potentialAction":[{"@type":"CommentAction","name":"Comment","target":["https:\/\/www.manquecura.cl\/ciudad-del-este\/noticias\/entrevista-a-erica-diaz-docente-elegida-para-participar-en-el-programa-de-intercambio-docente-de-cognita-chile\/#respond"]}]},{"@type":"WebPage","@id":"https:\/\/www.manquecura.cl\/ciudad-del-este\/noticias\/entrevista-a-erica-diaz-docente-elegida-para-participar-en-el-programa-de-intercambio-docente-de-cognita-chile\/","url":"https:\/\/www.manquecura.cl\/ciudad-del-este\/noticias\/entrevista-a-erica-diaz-docente-elegida-para-participar-en-el-programa-de-intercambio-docente-de-cognita-chile\/","name":"Entrevista a \u00c9rica D\u00edaz: Docente elegida para participar en el Programa de Intercambio Docente de Cognita Chile - Colegio Manquecura Ciudad del Este","isPartOf":{"@id":"https:\/\/www.manquecura.cl\/ciudad-del-este\/#website"},"primaryImageOfPage":{"@id":"https:\/\/www.manquecura.cl\/ciudad-del-este\/noticias\/entrevista-a-erica-diaz-docente-elegida-para-participar-en-el-programa-de-intercambio-docente-de-cognita-chile\/#primaryimage"},"image":{"@id":"https:\/\/www.manquecura.cl\/ciudad-del-este\/noticias\/entrevista-a-erica-diaz-docente-elegida-para-participar-en-el-programa-de-intercambio-docente-de-cognita-chile\/#primaryimage"},"thumbnailUrl":"https:\/\/www.manquecura.cl\/ciudad-del-este\/wp-content\/uploads\/sites\/41\/2023\/10\/Learning-without_-Erica-Diaz-web.jpg","datePublished":"2023-10-16T15:31:47+00:00","breadcrumb":{"@id":"https:\/\/www.manquecura.cl\/ciudad-del-este\/noticias\/entrevista-a-erica-diaz-docente-elegida-para-participar-en-el-programa-de-intercambio-docente-de-cognita-chile\/#breadcrumb"},"inLanguage":"es","potentialAction":[{"@type":"ReadAction","target":["https:\/\/www.manquecura.cl\/ciudad-del-este\/noticias\/entrevista-a-erica-diaz-docente-elegida-para-participar-en-el-programa-de-intercambio-docente-de-cognita-chile\/"]}]},{"@type":"ImageObject","inLanguage":"es","@id":"https:\/\/www.manquecura.cl\/ciudad-del-este\/noticias\/entrevista-a-erica-diaz-docente-elegida-para-participar-en-el-programa-de-intercambio-docente-de-cognita-chile\/#primaryimage","url":"https:\/\/www.manquecura.cl\/ciudad-del-este\/wp-content\/uploads\/sites\/41\/2023\/10\/Learning-without_-Erica-Diaz-web.jpg","contentUrl":"https:\/\/www.manquecura.cl\/ciudad-del-este\/wp-content\/uploads\/sites\/41\/2023\/10\/Learning-without_-Erica-Diaz-web.jpg","width":836,"height":523},{"@type":"BreadcrumbList","@id":"https:\/\/www.manquecura.cl\/ciudad-del-este\/noticias\/entrevista-a-erica-diaz-docente-elegida-para-participar-en-el-programa-de-intercambio-docente-de-cognita-chile\/#breadcrumb","itemListElement":[{"@type":"ListItem","position":1,"name":"Home","item":"https:\/\/www.manquecura.cl\/ciudad-del-este\/"},{"@type":"ListItem","position":2,"name":"Entrevista a \u00c9rica D\u00edaz: Docente elegida para participar en el Programa de Intercambio Docente de Cognita Chile"}]},{"@type":"WebSite","@id":"https:\/\/www.manquecura.cl\/ciudad-del-este\/#website","url":"https:\/\/www.manquecura.cl\/ciudad-del-este\/","name":"Colegio Manquecura Ciudad del Este","description":"","publisher":{"@id":"https:\/\/www.manquecura.cl\/ciudad-del-este\/#organization"},"potentialAction":[{"@type":"SearchAction","target":{"@type":"EntryPoint","urlTemplate":"https:\/\/www.manquecura.cl\/ciudad-del-este\/?s={search_term_string}"},"query-input":{"@type":"PropertyValueSpecification","valueRequired":true,"valueName":"search_term_string"}}],"inLanguage":"es"},{"@type":"Organization","@id":"https:\/\/www.manquecura.cl\/ciudad-del-este\/#organization","name":"Colegio Manquecura Ciudad del Este","url":"https:\/\/www.manquecura.cl\/ciudad-del-este\/","logo":{"@type":"ImageObject","inLanguage":"es","@id":"https:\/\/www.manquecura.cl\/ciudad-del-este\/#\/schema\/logo\/image\/","url":"https:\/\/www.manquecura.cl\/ciudad-del-este\/wp-content\/uploads\/sites\/41\/2023\/09\/logo_Manquecura_Ciudad-del-Este_horizontal_color-1.png","contentUrl":"https:\/\/www.manquecura.cl\/ciudad-del-este\/wp-content\/uploads\/sites\/41\/2023\/09\/logo_Manquecura_Ciudad-del-Este_horizontal_color-1.png","width":611,"height":183,"caption":"Colegio Manquecura Ciudad del Este"},"image":{"@id":"https:\/\/www.manquecura.cl\/ciudad-del-este\/#\/schema\/logo\/image\/"},"sameAs":["http:\/\/www.facebook.com\/ColegiosManquecura","http:\/\/www.instagram.com\/manquecura_ciudaddeleste\/","http:\/\/www.youtube.com\/c\/CognitaChile"]},{"@type":"Person","@id":"https:\/\/www.manquecura.cl\/ciudad-del-este\/#\/schema\/person\/0debeea140e397b5d490ee7e553255d8","name":"jorgedelcampo","image":{"@type":"ImageObject","inLanguage":"es","@id":"https:\/\/www.manquecura.cl\/ciudad-del-este\/#\/schema\/person\/image\/","url":"https:\/\/secure.gravatar.com\/avatar\/4a315f521213b2dc91dbda9bf799f711c8a98ab6f5606ec42cf5b33d1e762e8a?s=96&d=mm&r=g","contentUrl":"https:\/\/secure.gravatar.com\/avatar\/4a315f521213b2dc91dbda9bf799f711c8a98ab6f5606ec42cf5b33d1e762e8a?s=96&d=mm&r=g","caption":"jorgedelcampo"}}]}},"jetpack_featured_media_url":"https:\/\/www.manquecura.cl\/ciudad-del-este\/wp-content\/uploads\/sites\/41\/2023\/10\/Learning-without_-Erica-Diaz-web.jpg","previous_post_ID":23333,"previous_post_title":"1era Feria de Salud Mental","previous_post_excerpt":"En el marco de la campa\u00f1a anual de Salvaguarda #Hablemos, e integrando gran parte del trabajo formativo del programa Desarrollando L\u00edderes Inspiradores (DLI), del 30 de octubre al 03 de noviembre celebraremos la Semana de la Salud Mental realizando diversas actividades en torno a la tem\u00e1tica, con el objetivo promover el bienestar y sanidad mental [&hellip;]","previous_post_link":"https:\/\/www.manquecura.cl\/ciudad-del-este\/noticias\/1era-feria-de-salud-mental\/","previous_post_class":["post-23333","post","type-post","status-publish","format-standard","has-post-thumbnail","hentry","category-vida-escolar"],"next_post_ID":23324,"next_post_title":"\u00a1Felicitaciones a nuestro MIE Expert!","next_post_excerpt":"Para Manquecura Ciudad del Este es un honor presentar a nuestro profesor Ignacio Gonz\u00e1lez, como uno de los 13 docentes de todo Chile que fueron acreditados por el programa Microsoft Innovative Educator Expert (MIE Expert). Dicha menci\u00f3n reconoce a los docentes que transforman la forma de ense\u00f1ar a trav\u00e9s de la innovaci\u00f3n, la colaboraci\u00f3n y [&hellip;]","next_post_link":"https:\/\/www.manquecura.cl\/ciudad-del-este\/noticias\/felicitaciones-a-nuestro-mie-expert\/","next_post_class":["post-23324","post","type-post","status-publish","format-standard","has-post-thumbnail","hentry","category-vida-escolar"],"jetpack_sharing_enabled":true,"_links":{"self":[{"href":"https:\/\/www.manquecura.cl\/ciudad-del-este\/wp-json\/wp\/v2\/posts\/23356","targetHints":{"allow":["GET"]}}],"collection":[{"href":"https:\/\/www.manquecura.cl\/ciudad-del-este\/wp-json\/wp\/v2\/posts"}],"about":[{"href":"https:\/\/www.manquecura.cl\/ciudad-del-este\/wp-json\/wp\/v2\/types\/post"}],"author":[{"embeddable":true,"href":"https:\/\/www.manquecura.cl\/ciudad-del-este\/wp-json\/wp\/v2\/users\/14"}],"replies":[{"embeddable":true,"href":"https:\/\/www.manquecura.cl\/ciudad-del-este\/wp-json\/wp\/v2\/comments?post=23356"}],"version-history":[{"count":0,"href":"https:\/\/www.manquecura.cl\/ciudad-del-este\/wp-json\/wp\/v2\/posts\/23356\/revisions"}],"wp:featuredmedia":[{"embeddable":true,"href":"https:\/\/www.manquecura.cl\/ciudad-del-este\/wp-json\/wp\/v2\/media\/23357"}],"wp:attachment":[{"href":"https:\/\/www.manquecura.cl\/ciudad-del-este\/wp-json\/wp\/v2\/media?parent=23356"}],"wp:term":[{"taxonomy":"category","embeddable":true,"href":"https:\/\/www.manquecura.cl\/ciudad-del-este\/wp-json\/wp\/v2\/categories?post=23356"},{"taxonomy":"post_tag","embeddable":true,"href":"https:\/\/www.manquecura.cl\/ciudad-del-este\/wp-json\/wp\/v2\/tags?post=23356"}],"curies":[{"name":"wp","href":"https:\/\/api.w.org\/{rel}","templated":true}]}}