{"id":21965,"date":"2023-05-29T13:58:26","date_gmt":"2023-05-29T17:58:26","guid":{"rendered":"https:\/\/www.manquecura.cl\/ciudad-del-este\/?p=21965"},"modified":"2023-05-29T13:58:26","modified_gmt":"2023-05-29T17:58:26","slug":"ballet-folclorico-paqariy-y-conjunto-folclorico-huilen","status":"publish","type":"post","link":"https:\/\/www.manquecura.cl\/ciudad-del-este\/noticias\/ballet-folclorico-paqariy-y-conjunto-folclorico-huilen\/","title":{"rendered":"Ballet Folcl\u00f3rico Paqariy y Conjunto Folcl\u00f3rico Huil\u00e9n"},"content":{"rendered":"<p>Los ni\u00f1os de Educaci\u00f3n Parvularia disfrutaron de una actividad intercultural, organizada por el Ballet Folkl\u00f3rico Paqariy, permiti\u00e9ndoles disfrutar un colorido resumen del festival \u201cVive Am\u00e9rica\u201d, que organiza el Conjunto Folcl\u00f3rico Huil\u00e9n, de La Florida.<\/p>\n<p>A este festival asiste lo mejor del folclor Latinoamericano, y nuestro Ballet, conocido por sus or\u00edgenes en CDE y tambi\u00e9n participando de Vive Am\u00e9rica, trajo a nuestro colegio a algunos de los maestros extranjeros que forman parte de la muestra, siendo una iniciativa de visitas a los colegios para mostrar a los ni\u00f1os las danzas representativas de cada pa\u00eds, el vestuario, sus culturas, entre otros.<\/p>\n<p>A CDE asistieron Ecuador, Colombia, Costa Rica y Paraguay. Fue una alegr\u00eda tenerles con nosotros.<\/p>\n<p style=\"text-align: center\"><strong>Colegio Manquecura Ciudad del Este<\/strong><\/p>\n<p>[multimedia id=&#8221;1&#8243;]<\/p>\n"},"excerpt":{"rendered":"<p>Los ni\u00f1os de Educaci\u00f3n Parvularia disfrutaron de una actividad intercultural, organizada por el Ballet Folkl\u00f3rico Paqariy, permiti\u00e9ndoles disfrutar un colorido resumen del festival \u201cVive Am\u00e9rica\u201d, que organiza el Conjunto Folcl\u00f3rico Huil\u00e9n, de La Florida. A este festival asiste lo mejor del folclor Latinoamericano, y nuestro Ballet, conocido por sus or\u00edgenes en CDE y tambi\u00e9n participando [&hellip;]<\/p>\n","protected":false},"author":14,"featured_media":21977,"comment_status":"open","ping_status":"open","sticky":false,"template":"","format":"standard","meta":{"_acf_changed":false,"content-type":"","_jetpack_memberships_contains_paid_content":false,"footnotes":""},"categories":[1],"tags":[],"class_list":["post-21965","post","type-post","status-publish","format-standard","has-post-thumbnail","hentry","category-vida-escolar"],"acf":[],"yoast_head":"<!-- This site is optimized with the Yoast SEO plugin v27.1.1 - https:\/\/yoast.com\/product\/yoast-seo-wordpress\/ -->\n<title>Ballet Folcl\u00f3rico Paqariy y Conjunto Folcl\u00f3rico Huil\u00e9n - Colegio Manquecura Ciudad del Este<\/title>\n<meta name=\"robots\" content=\"index, follow, max-snippet:-1, max-image-preview:large, max-video-preview:-1\" \/>\n<link rel=\"canonical\" href=\"https:\/\/www.manquecura.cl\/ciudad-del-este\/noticias\/ballet-folclorico-paqariy-y-conjunto-folclorico-huilen\/\" \/>\n<meta property=\"og:locale\" content=\"es_ES\" \/>\n<meta property=\"og:type\" content=\"article\" \/>\n<meta property=\"og:title\" content=\"Ballet Folcl\u00f3rico Paqariy y Conjunto Folcl\u00f3rico Huil\u00e9n - Colegio Manquecura Ciudad del Este\" \/>\n<meta property=\"og:description\" content=\"Los ni\u00f1os de Educaci\u00f3n Parvularia disfrutaron de una actividad intercultural, organizada por el Ballet Folkl\u00f3rico Paqariy, permiti\u00e9ndoles disfrutar un colorido resumen del festival \u201cVive Am\u00e9rica\u201d, que organiza el Conjunto Folcl\u00f3rico Huil\u00e9n, de La Florida. A este festival asiste lo mejor del folclor Latinoamericano, y nuestro Ballet, conocido por sus or\u00edgenes en CDE y tambi\u00e9n participando [&hellip;]\" \/>\n<meta property=\"og:url\" content=\"https:\/\/www.manquecura.cl\/ciudad-del-este\/noticias\/ballet-folclorico-paqariy-y-conjunto-folclorico-huilen\/\" \/>\n<meta property=\"og:site_name\" content=\"Colegio Manquecura Ciudad del Este\" \/>\n<meta property=\"article:publisher\" content=\"http:\/\/www.facebook.com\/ColegiosManquecura\" \/>\n<meta property=\"article:published_time\" content=\"2023-05-29T17:58:26+00:00\" \/>\n<meta name=\"author\" content=\"jorgedelcampo\" \/>\n<meta name=\"twitter:card\" content=\"summary_large_image\" \/>\n<meta name=\"twitter:label1\" content=\"Escrito por\" \/>\n\t<meta name=\"twitter:data1\" content=\"jorgedelcampo\" \/>\n\t<meta name=\"twitter:label2\" content=\"Tiempo de lectura\" \/>\n\t<meta name=\"twitter:data2\" content=\"1 minuto\" \/>\n<script type=\"application\/ld+json\" class=\"yoast-schema-graph\">{\"@context\":\"https:\/\/schema.org\",\"@graph\":[{\"@type\":\"Article\",\"@id\":\"https:\/\/www.manquecura.cl\/ciudad-del-este\/noticias\/ballet-folclorico-paqariy-y-conjunto-folclorico-huilen\/#article\",\"isPartOf\":{\"@id\":\"https:\/\/www.manquecura.cl\/ciudad-del-este\/noticias\/ballet-folclorico-paqariy-y-conjunto-folclorico-huilen\/\"},\"author\":{\"name\":\"jorgedelcampo\",\"@id\":\"https:\/\/www.manquecura.cl\/ciudad-del-este\/#\/schema\/person\/0debeea140e397b5d490ee7e553255d8\"},\"headline\":\"Ballet Folcl\u00f3rico Paqariy y Conjunto Folcl\u00f3rico Huil\u00e9n\",\"datePublished\":\"2023-05-29T17:58:26+00:00\",\"mainEntityOfPage\":{\"@id\":\"https:\/\/www.manquecura.cl\/ciudad-del-este\/noticias\/ballet-folclorico-paqariy-y-conjunto-folclorico-huilen\/\"},\"wordCount\":144,\"commentCount\":0,\"publisher\":{\"@id\":\"https:\/\/www.manquecura.cl\/ciudad-del-este\/#organization\"},\"image\":{\"@id\":\"https:\/\/www.manquecura.cl\/ciudad-del-este\/noticias\/ballet-folclorico-paqariy-y-conjunto-folclorico-huilen\/#primaryimage\"},\"thumbnailUrl\":\"https:\/\/www.manquecura.cl\/ciudad-del-este\/wp-content\/uploads\/sites\/41\/2023\/05\/Ballet-Folklorico-Paqariy-Manquecura-Ciudad-del-Este_-6.jpg\",\"articleSection\":[\"Vida Escolar\"],\"inLanguage\":\"es\",\"potentialAction\":[{\"@type\":\"CommentAction\",\"name\":\"Comment\",\"target\":[\"https:\/\/www.manquecura.cl\/ciudad-del-este\/noticias\/ballet-folclorico-paqariy-y-conjunto-folclorico-huilen\/#respond\"]}]},{\"@type\":\"WebPage\",\"@id\":\"https:\/\/www.manquecura.cl\/ciudad-del-este\/noticias\/ballet-folclorico-paqariy-y-conjunto-folclorico-huilen\/\",\"url\":\"https:\/\/www.manquecura.cl\/ciudad-del-este\/noticias\/ballet-folclorico-paqariy-y-conjunto-folclorico-huilen\/\",\"name\":\"Ballet Folcl\u00f3rico Paqariy y Conjunto Folcl\u00f3rico Huil\u00e9n - Colegio Manquecura Ciudad del Este\",\"isPartOf\":{\"@id\":\"https:\/\/www.manquecura.cl\/ciudad-del-este\/#website\"},\"primaryImageOfPage\":{\"@id\":\"https:\/\/www.manquecura.cl\/ciudad-del-este\/noticias\/ballet-folclorico-paqariy-y-conjunto-folclorico-huilen\/#primaryimage\"},\"image\":{\"@id\":\"https:\/\/www.manquecura.cl\/ciudad-del-este\/noticias\/ballet-folclorico-paqariy-y-conjunto-folclorico-huilen\/#primaryimage\"},\"thumbnailUrl\":\"https:\/\/www.manquecura.cl\/ciudad-del-este\/wp-content\/uploads\/sites\/41\/2023\/05\/Ballet-Folklorico-Paqariy-Manquecura-Ciudad-del-Este_-6.jpg\",\"datePublished\":\"2023-05-29T17:58:26+00:00\",\"breadcrumb\":{\"@id\":\"https:\/\/www.manquecura.cl\/ciudad-del-este\/noticias\/ballet-folclorico-paqariy-y-conjunto-folclorico-huilen\/#breadcrumb\"},\"inLanguage\":\"es\",\"potentialAction\":[{\"@type\":\"ReadAction\",\"target\":[\"https:\/\/www.manquecura.cl\/ciudad-del-este\/noticias\/ballet-folclorico-paqariy-y-conjunto-folclorico-huilen\/\"]}]},{\"@type\":\"ImageObject\",\"inLanguage\":\"es\",\"@id\":\"https:\/\/www.manquecura.cl\/ciudad-del-este\/noticias\/ballet-folclorico-paqariy-y-conjunto-folclorico-huilen\/#primaryimage\",\"url\":\"https:\/\/www.manquecura.cl\/ciudad-del-este\/wp-content\/uploads\/sites\/41\/2023\/05\/Ballet-Folklorico-Paqariy-Manquecura-Ciudad-del-Este_-6.jpg\",\"contentUrl\":\"https:\/\/www.manquecura.cl\/ciudad-del-este\/wp-content\/uploads\/sites\/41\/2023\/05\/Ballet-Folklorico-Paqariy-Manquecura-Ciudad-del-Este_-6.jpg\",\"width\":836,\"height\":523},{\"@type\":\"BreadcrumbList\",\"@id\":\"https:\/\/www.manquecura.cl\/ciudad-del-este\/noticias\/ballet-folclorico-paqariy-y-conjunto-folclorico-huilen\/#breadcrumb\",\"itemListElement\":[{\"@type\":\"ListItem\",\"position\":1,\"name\":\"Home\",\"item\":\"https:\/\/www.manquecura.cl\/ciudad-del-este\/\"},{\"@type\":\"ListItem\",\"position\":2,\"name\":\"Ballet Folcl\u00f3rico Paqariy y Conjunto Folcl\u00f3rico Huil\u00e9n\"}]},{\"@type\":\"WebSite\",\"@id\":\"https:\/\/www.manquecura.cl\/ciudad-del-este\/#website\",\"url\":\"https:\/\/www.manquecura.cl\/ciudad-del-este\/\",\"name\":\"Colegio Manquecura Ciudad del Este\",\"description\":\"\",\"publisher\":{\"@id\":\"https:\/\/www.manquecura.cl\/ciudad-del-este\/#organization\"},\"potentialAction\":[{\"@type\":\"SearchAction\",\"target\":{\"@type\":\"EntryPoint\",\"urlTemplate\":\"https:\/\/www.manquecura.cl\/ciudad-del-este\/?s={search_term_string}\"},\"query-input\":{\"@type\":\"PropertyValueSpecification\",\"valueRequired\":true,\"valueName\":\"search_term_string\"}}],\"inLanguage\":\"es\"},{\"@type\":\"Organization\",\"@id\":\"https:\/\/www.manquecura.cl\/ciudad-del-este\/#organization\",\"name\":\"Colegio Manquecura Ciudad del Este\",\"url\":\"https:\/\/www.manquecura.cl\/ciudad-del-este\/\",\"logo\":{\"@type\":\"ImageObject\",\"inLanguage\":\"es\",\"@id\":\"https:\/\/www.manquecura.cl\/ciudad-del-este\/#\/schema\/logo\/image\/\",\"url\":\"https:\/\/www.manquecura.cl\/ciudad-del-este\/wp-content\/uploads\/sites\/41\/2023\/09\/logo_Manquecura_Ciudad-del-Este_horizontal_color-1.png\",\"contentUrl\":\"https:\/\/www.manquecura.cl\/ciudad-del-este\/wp-content\/uploads\/sites\/41\/2023\/09\/logo_Manquecura_Ciudad-del-Este_horizontal_color-1.png\",\"width\":611,\"height\":183,\"caption\":\"Colegio Manquecura Ciudad del Este\"},\"image\":{\"@id\":\"https:\/\/www.manquecura.cl\/ciudad-del-este\/#\/schema\/logo\/image\/\"},\"sameAs\":[\"http:\/\/www.facebook.com\/ColegiosManquecura\",\"http:\/\/www.instagram.com\/manquecura_ciudaddeleste\/\",\"http:\/\/www.youtube.com\/c\/CognitaChile\"]},{\"@type\":\"Person\",\"@id\":\"https:\/\/www.manquecura.cl\/ciudad-del-este\/#\/schema\/person\/0debeea140e397b5d490ee7e553255d8\",\"name\":\"jorgedelcampo\",\"image\":{\"@type\":\"ImageObject\",\"inLanguage\":\"es\",\"@id\":\"https:\/\/www.manquecura.cl\/ciudad-del-este\/#\/schema\/person\/image\/\",\"url\":\"https:\/\/secure.gravatar.com\/avatar\/4a315f521213b2dc91dbda9bf799f711c8a98ab6f5606ec42cf5b33d1e762e8a?s=96&d=mm&r=g\",\"contentUrl\":\"https:\/\/secure.gravatar.com\/avatar\/4a315f521213b2dc91dbda9bf799f711c8a98ab6f5606ec42cf5b33d1e762e8a?s=96&d=mm&r=g\",\"caption\":\"jorgedelcampo\"}}]}<\/script>\n<!-- \/ Yoast SEO plugin. -->","yoast_head_json":{"title":"Ballet Folcl\u00f3rico Paqariy y Conjunto Folcl\u00f3rico Huil\u00e9n - Colegio Manquecura Ciudad del Este","robots":{"index":"index","follow":"follow","max-snippet":"max-snippet:-1","max-image-preview":"max-image-preview:large","max-video-preview":"max-video-preview:-1"},"canonical":"https:\/\/www.manquecura.cl\/ciudad-del-este\/noticias\/ballet-folclorico-paqariy-y-conjunto-folclorico-huilen\/","og_locale":"es_ES","og_type":"article","og_title":"Ballet Folcl\u00f3rico Paqariy y Conjunto Folcl\u00f3rico Huil\u00e9n - Colegio Manquecura Ciudad del Este","og_description":"Los ni\u00f1os de Educaci\u00f3n Parvularia disfrutaron de una actividad intercultural, organizada por el Ballet Folkl\u00f3rico Paqariy, permiti\u00e9ndoles disfrutar un colorido resumen del festival \u201cVive Am\u00e9rica\u201d, que organiza el Conjunto Folcl\u00f3rico Huil\u00e9n, de La Florida. A este festival asiste lo mejor del folclor Latinoamericano, y nuestro Ballet, conocido por sus or\u00edgenes en CDE y tambi\u00e9n participando [&hellip;]","og_url":"https:\/\/www.manquecura.cl\/ciudad-del-este\/noticias\/ballet-folclorico-paqariy-y-conjunto-folclorico-huilen\/","og_site_name":"Colegio Manquecura Ciudad del Este","article_publisher":"http:\/\/www.facebook.com\/ColegiosManquecura","article_published_time":"2023-05-29T17:58:26+00:00","author":"jorgedelcampo","twitter_card":"summary_large_image","twitter_misc":{"Escrito por":"jorgedelcampo","Tiempo de lectura":"1 minuto"},"schema":{"@context":"https:\/\/schema.org","@graph":[{"@type":"Article","@id":"https:\/\/www.manquecura.cl\/ciudad-del-este\/noticias\/ballet-folclorico-paqariy-y-conjunto-folclorico-huilen\/#article","isPartOf":{"@id":"https:\/\/www.manquecura.cl\/ciudad-del-este\/noticias\/ballet-folclorico-paqariy-y-conjunto-folclorico-huilen\/"},"author":{"name":"jorgedelcampo","@id":"https:\/\/www.manquecura.cl\/ciudad-del-este\/#\/schema\/person\/0debeea140e397b5d490ee7e553255d8"},"headline":"Ballet Folcl\u00f3rico Paqariy y Conjunto Folcl\u00f3rico Huil\u00e9n","datePublished":"2023-05-29T17:58:26+00:00","mainEntityOfPage":{"@id":"https:\/\/www.manquecura.cl\/ciudad-del-este\/noticias\/ballet-folclorico-paqariy-y-conjunto-folclorico-huilen\/"},"wordCount":144,"commentCount":0,"publisher":{"@id":"https:\/\/www.manquecura.cl\/ciudad-del-este\/#organization"},"image":{"@id":"https:\/\/www.manquecura.cl\/ciudad-del-este\/noticias\/ballet-folclorico-paqariy-y-conjunto-folclorico-huilen\/#primaryimage"},"thumbnailUrl":"https:\/\/www.manquecura.cl\/ciudad-del-este\/wp-content\/uploads\/sites\/41\/2023\/05\/Ballet-Folklorico-Paqariy-Manquecura-Ciudad-del-Este_-6.jpg","articleSection":["Vida Escolar"],"inLanguage":"es","potentialAction":[{"@type":"CommentAction","name":"Comment","target":["https:\/\/www.manquecura.cl\/ciudad-del-este\/noticias\/ballet-folclorico-paqariy-y-conjunto-folclorico-huilen\/#respond"]}]},{"@type":"WebPage","@id":"https:\/\/www.manquecura.cl\/ciudad-del-este\/noticias\/ballet-folclorico-paqariy-y-conjunto-folclorico-huilen\/","url":"https:\/\/www.manquecura.cl\/ciudad-del-este\/noticias\/ballet-folclorico-paqariy-y-conjunto-folclorico-huilen\/","name":"Ballet Folcl\u00f3rico Paqariy y Conjunto Folcl\u00f3rico Huil\u00e9n - Colegio Manquecura Ciudad del Este","isPartOf":{"@id":"https:\/\/www.manquecura.cl\/ciudad-del-este\/#website"},"primaryImageOfPage":{"@id":"https:\/\/www.manquecura.cl\/ciudad-del-este\/noticias\/ballet-folclorico-paqariy-y-conjunto-folclorico-huilen\/#primaryimage"},"image":{"@id":"https:\/\/www.manquecura.cl\/ciudad-del-este\/noticias\/ballet-folclorico-paqariy-y-conjunto-folclorico-huilen\/#primaryimage"},"thumbnailUrl":"https:\/\/www.manquecura.cl\/ciudad-del-este\/wp-content\/uploads\/sites\/41\/2023\/05\/Ballet-Folklorico-Paqariy-Manquecura-Ciudad-del-Este_-6.jpg","datePublished":"2023-05-29T17:58:26+00:00","breadcrumb":{"@id":"https:\/\/www.manquecura.cl\/ciudad-del-este\/noticias\/ballet-folclorico-paqariy-y-conjunto-folclorico-huilen\/#breadcrumb"},"inLanguage":"es","potentialAction":[{"@type":"ReadAction","target":["https:\/\/www.manquecura.cl\/ciudad-del-este\/noticias\/ballet-folclorico-paqariy-y-conjunto-folclorico-huilen\/"]}]},{"@type":"ImageObject","inLanguage":"es","@id":"https:\/\/www.manquecura.cl\/ciudad-del-este\/noticias\/ballet-folclorico-paqariy-y-conjunto-folclorico-huilen\/#primaryimage","url":"https:\/\/www.manquecura.cl\/ciudad-del-este\/wp-content\/uploads\/sites\/41\/2023\/05\/Ballet-Folklorico-Paqariy-Manquecura-Ciudad-del-Este_-6.jpg","contentUrl":"https:\/\/www.manquecura.cl\/ciudad-del-este\/wp-content\/uploads\/sites\/41\/2023\/05\/Ballet-Folklorico-Paqariy-Manquecura-Ciudad-del-Este_-6.jpg","width":836,"height":523},{"@type":"BreadcrumbList","@id":"https:\/\/www.manquecura.cl\/ciudad-del-este\/noticias\/ballet-folclorico-paqariy-y-conjunto-folclorico-huilen\/#breadcrumb","itemListElement":[{"@type":"ListItem","position":1,"name":"Home","item":"https:\/\/www.manquecura.cl\/ciudad-del-este\/"},{"@type":"ListItem","position":2,"name":"Ballet Folcl\u00f3rico Paqariy y Conjunto Folcl\u00f3rico Huil\u00e9n"}]},{"@type":"WebSite","@id":"https:\/\/www.manquecura.cl\/ciudad-del-este\/#website","url":"https:\/\/www.manquecura.cl\/ciudad-del-este\/","name":"Colegio Manquecura Ciudad del Este","description":"","publisher":{"@id":"https:\/\/www.manquecura.cl\/ciudad-del-este\/#organization"},"potentialAction":[{"@type":"SearchAction","target":{"@type":"EntryPoint","urlTemplate":"https:\/\/www.manquecura.cl\/ciudad-del-este\/?s={search_term_string}"},"query-input":{"@type":"PropertyValueSpecification","valueRequired":true,"valueName":"search_term_string"}}],"inLanguage":"es"},{"@type":"Organization","@id":"https:\/\/www.manquecura.cl\/ciudad-del-este\/#organization","name":"Colegio Manquecura Ciudad del Este","url":"https:\/\/www.manquecura.cl\/ciudad-del-este\/","logo":{"@type":"ImageObject","inLanguage":"es","@id":"https:\/\/www.manquecura.cl\/ciudad-del-este\/#\/schema\/logo\/image\/","url":"https:\/\/www.manquecura.cl\/ciudad-del-este\/wp-content\/uploads\/sites\/41\/2023\/09\/logo_Manquecura_Ciudad-del-Este_horizontal_color-1.png","contentUrl":"https:\/\/www.manquecura.cl\/ciudad-del-este\/wp-content\/uploads\/sites\/41\/2023\/09\/logo_Manquecura_Ciudad-del-Este_horizontal_color-1.png","width":611,"height":183,"caption":"Colegio Manquecura Ciudad del Este"},"image":{"@id":"https:\/\/www.manquecura.cl\/ciudad-del-este\/#\/schema\/logo\/image\/"},"sameAs":["http:\/\/www.facebook.com\/ColegiosManquecura","http:\/\/www.instagram.com\/manquecura_ciudaddeleste\/","http:\/\/www.youtube.com\/c\/CognitaChile"]},{"@type":"Person","@id":"https:\/\/www.manquecura.cl\/ciudad-del-este\/#\/schema\/person\/0debeea140e397b5d490ee7e553255d8","name":"jorgedelcampo","image":{"@type":"ImageObject","inLanguage":"es","@id":"https:\/\/www.manquecura.cl\/ciudad-del-este\/#\/schema\/person\/image\/","url":"https:\/\/secure.gravatar.com\/avatar\/4a315f521213b2dc91dbda9bf799f711c8a98ab6f5606ec42cf5b33d1e762e8a?s=96&d=mm&r=g","contentUrl":"https:\/\/secure.gravatar.com\/avatar\/4a315f521213b2dc91dbda9bf799f711c8a98ab6f5606ec42cf5b33d1e762e8a?s=96&d=mm&r=g","caption":"jorgedelcampo"}}]}},"jetpack_featured_media_url":"https:\/\/www.manquecura.cl\/ciudad-del-este\/wp-content\/uploads\/sites\/41\/2023\/05\/Ballet-Folklorico-Paqariy-Manquecura-Ciudad-del-Este_-6.jpg","previous_post_ID":125675,"previous_post_title":"Final del Campeonato de Ping Pong 2023","previous_post_excerpt":"Felicitaciones a nuestro estudiante Mat\u00edas Rivera, del IV Medio B, por adjudicarse el primer lugar del Campeonato de Ping Pong 2023, organizado por el CAMPUR General de Alumnos en nuestro colegio. Estamos orgullosos del desempe\u00f1o de cada uno de los participantes, quienes con entusiasmo y perseverancia concluyeron cada uno de los partidos, bajo la tutela [&hellip;]","previous_post_link":"https:\/\/www.manquecura.cl\/ciudad-del-este\/noticias\/final-del-campeonato-de-ping-pong-2023\/","previous_post_class":["post-125675","post","type-post","status-publish","format-standard","has-post-thumbnail","hentry","category-vida-escolar"],"next_post_ID":21984,"next_post_title":"Salida pedag\u00f3gica de los 4tos B\u00e1sicos a Bosque Santiago","next_post_excerpt":"Los 4tos B\u00e1sicos realizaron una hermosa salida educativa a Bosque Santiago, Centro de Educaci\u00f3n Ambiental al aire libre de Parquemet, ubicado en la Regi\u00f3n Metropolitana. La entidad entrega una propuesta para brindar a la comunidad actividades de educaci\u00f3n ambiental no formal al aire libre, lo que fue explicado cada uno de los d\u00edas en que [&hellip;]","next_post_link":"https:\/\/www.manquecura.cl\/ciudad-del-este\/noticias\/salida-pedagogica-de-los-4tos-basicos-a-bosque-santiago\/","next_post_class":["post-21984","post","type-post","status-publish","format-standard","has-post-thumbnail","hentry","category-vida-escolar"],"jetpack_sharing_enabled":true,"_links":{"self":[{"href":"https:\/\/www.manquecura.cl\/ciudad-del-este\/wp-json\/wp\/v2\/posts\/21965","targetHints":{"allow":["GET"]}}],"collection":[{"href":"https:\/\/www.manquecura.cl\/ciudad-del-este\/wp-json\/wp\/v2\/posts"}],"about":[{"href":"https:\/\/www.manquecura.cl\/ciudad-del-este\/wp-json\/wp\/v2\/types\/post"}],"author":[{"embeddable":true,"href":"https:\/\/www.manquecura.cl\/ciudad-del-este\/wp-json\/wp\/v2\/users\/14"}],"replies":[{"embeddable":true,"href":"https:\/\/www.manquecura.cl\/ciudad-del-este\/wp-json\/wp\/v2\/comments?post=21965"}],"version-history":[{"count":0,"href":"https:\/\/www.manquecura.cl\/ciudad-del-este\/wp-json\/wp\/v2\/posts\/21965\/revisions"}],"wp:featuredmedia":[{"embeddable":true,"href":"https:\/\/www.manquecura.cl\/ciudad-del-este\/wp-json\/wp\/v2\/media\/21977"}],"wp:attachment":[{"href":"https:\/\/www.manquecura.cl\/ciudad-del-este\/wp-json\/wp\/v2\/media?parent=21965"}],"wp:term":[{"taxonomy":"category","embeddable":true,"href":"https:\/\/www.manquecura.cl\/ciudad-del-este\/wp-json\/wp\/v2\/categories?post=21965"},{"taxonomy":"post_tag","embeddable":true,"href":"https:\/\/www.manquecura.cl\/ciudad-del-este\/wp-json\/wp\/v2\/tags?post=21965"}],"curies":[{"name":"wp","href":"https:\/\/api.w.org\/{rel}","templated":true}]}}