{"id":21650,"date":"2023-05-02T12:54:58","date_gmt":"2023-05-02T16:54:58","guid":{"rendered":"https:\/\/www.manquecura.cl\/ciudad-del-este\/?p=21650"},"modified":"2023-05-02T12:54:58","modified_gmt":"2023-05-02T16:54:58","slug":"dia-del-libro-y-del-derecho-de-autor-2023","status":"publish","type":"post","link":"https:\/\/www.manquecura.cl\/ciudad-del-este\/noticias\/dia-del-libro-y-del-derecho-de-autor-2023\/","title":{"rendered":"D\u00eda del Libro y del Derecho de Autor 2023"},"content":{"rendered":"<p>Una gran celebraci\u00f3n vivieron nuestros ni\u00f1os y j\u00f3venes en el D\u00eda del Libro y del Derecho de Autor, siendo una oportunidad en la que pudieron disfrutar de las diversas actividades preparadas seg\u00fan sus niveles.<\/p>\n<p>Adem\u00e1s de caracterizarse de los personajes del libro y preparar sus salas de clases con un cuento o libro determinado, los alumnos de E. Parvularia pudieron presenciar de obras preparadas especialmente para sus niveles; mientras que E. B\u00e1sica disfrut\u00f3 de actividades en sala y de un desfile junto a sus profesores jefe; en tanto E. Media, cont\u00f3 con una feria de libros preparada por los estudiantes de III y IV Medio, para presentarlos a los dem\u00e1s niveles del ciclo y a los niveles mayores de 6to B\u00e1sico. Junto a ello, tuvimos una &#8220;Casa del Terror&#8221;, muy preparada para llevar la imaginaci\u00f3n a los cursos m\u00e1s grandes del colegio.<\/p>\n<p>Agradecemos la participaci\u00f3n de todos quienes colaboraron para que este fuese un d\u00eda inolvidable para nuestros estudiantes.<\/p>\n<p>Para ver m\u00e1s fotos visita la <a href=\"https:\/\/www.manquecura.cl\/ciudad-del-este\/vida-escolar\/galeria\/\">GALER\u00cdA AQU\u00cd<\/a><\/p>\n<p>Para ver los reels que resumen la jornada revisen nuestro <a href=\"https:\/\/www.instagram.com\/Manquecura_ciudaddeleste\/\">INSTAGRAM AQU\u00cd<\/a><\/p>\n<p>[multimedia id=&#8221;1&#8243;]<\/p>\n"},"excerpt":{"rendered":"<p>Una gran celebraci\u00f3n vivieron nuestros ni\u00f1os y j\u00f3venes en el D\u00eda del Libro y del Derecho de Autor, siendo una oportunidad en la que pudieron disfrutar de las diversas actividades preparadas seg\u00fan sus niveles. Adem\u00e1s de caracterizarse de los personajes del libro y preparar sus salas de clases con un cuento o libro determinado, los [&hellip;]<\/p>\n","protected":false},"author":14,"featured_media":16232,"comment_status":"open","ping_status":"open","sticky":false,"template":"","format":"standard","meta":{"_acf_changed":false,"content-type":"","_jetpack_memberships_contains_paid_content":false,"footnotes":""},"categories":[1],"tags":[],"class_list":["post-21650","post","type-post","status-publish","format-standard","has-post-thumbnail","hentry","category-vida-escolar"],"acf":[],"yoast_head":"<!-- This site is optimized with the Yoast SEO plugin v27.1.1 - https:\/\/yoast.com\/product\/yoast-seo-wordpress\/ -->\n<title>D\u00eda del Libro y del Derecho de Autor 2023 - Colegio Manquecura Ciudad del Este<\/title>\n<meta name=\"robots\" content=\"index, follow, max-snippet:-1, max-image-preview:large, max-video-preview:-1\" \/>\n<link rel=\"canonical\" href=\"https:\/\/www.manquecura.cl\/ciudad-del-este\/noticias\/dia-del-libro-y-del-derecho-de-autor-2023\/\" \/>\n<meta property=\"og:locale\" content=\"es_ES\" \/>\n<meta property=\"og:type\" content=\"article\" \/>\n<meta property=\"og:title\" content=\"D\u00eda del Libro y del Derecho de Autor 2023 - Colegio Manquecura Ciudad del Este\" \/>\n<meta property=\"og:description\" content=\"Una gran celebraci\u00f3n vivieron nuestros ni\u00f1os y j\u00f3venes en el D\u00eda del Libro y del Derecho de Autor, siendo una oportunidad en la que pudieron disfrutar de las diversas actividades preparadas seg\u00fan sus niveles. Adem\u00e1s de caracterizarse de los personajes del libro y preparar sus salas de clases con un cuento o libro determinado, los [&hellip;]\" \/>\n<meta property=\"og:url\" content=\"https:\/\/www.manquecura.cl\/ciudad-del-este\/noticias\/dia-del-libro-y-del-derecho-de-autor-2023\/\" \/>\n<meta property=\"og:site_name\" content=\"Colegio Manquecura Ciudad del Este\" \/>\n<meta property=\"article:publisher\" content=\"http:\/\/www.facebook.com\/ColegiosManquecura\" \/>\n<meta property=\"article:published_time\" content=\"2023-05-02T16:54:58+00:00\" \/>\n<meta name=\"author\" content=\"jorgedelcampo\" \/>\n<meta name=\"twitter:card\" content=\"summary_large_image\" \/>\n<meta name=\"twitter:label1\" content=\"Escrito por\" \/>\n\t<meta name=\"twitter:data1\" content=\"jorgedelcampo\" \/>\n\t<meta name=\"twitter:label2\" content=\"Tiempo de lectura\" \/>\n\t<meta name=\"twitter:data2\" content=\"1 minuto\" \/>\n<script type=\"application\/ld+json\" class=\"yoast-schema-graph\">{\"@context\":\"https:\/\/schema.org\",\"@graph\":[{\"@type\":\"Article\",\"@id\":\"https:\/\/www.manquecura.cl\/ciudad-del-este\/noticias\/dia-del-libro-y-del-derecho-de-autor-2023\/#article\",\"isPartOf\":{\"@id\":\"https:\/\/www.manquecura.cl\/ciudad-del-este\/noticias\/dia-del-libro-y-del-derecho-de-autor-2023\/\"},\"author\":{\"name\":\"jorgedelcampo\",\"@id\":\"https:\/\/www.manquecura.cl\/ciudad-del-este\/#\/schema\/person\/0debeea140e397b5d490ee7e553255d8\"},\"headline\":\"D\u00eda del Libro y del Derecho de Autor 2023\",\"datePublished\":\"2023-05-02T16:54:58+00:00\",\"mainEntityOfPage\":{\"@id\":\"https:\/\/www.manquecura.cl\/ciudad-del-este\/noticias\/dia-del-libro-y-del-derecho-de-autor-2023\/\"},\"wordCount\":205,\"commentCount\":0,\"publisher\":{\"@id\":\"https:\/\/www.manquecura.cl\/ciudad-del-este\/#organization\"},\"image\":{\"@id\":\"https:\/\/www.manquecura.cl\/ciudad-del-este\/noticias\/dia-del-libro-y-del-derecho-de-autor-2023\/#primaryimage\"},\"thumbnailUrl\":\"https:\/\/www.manquecura.cl\/ciudad-del-este\/wp-content\/uploads\/sites\/41\/2021\/04\/DIA-DEL-LIBRO-WEB-CDE.jpg\",\"articleSection\":[\"Vida Escolar\"],\"inLanguage\":\"es\",\"potentialAction\":[{\"@type\":\"CommentAction\",\"name\":\"Comment\",\"target\":[\"https:\/\/www.manquecura.cl\/ciudad-del-este\/noticias\/dia-del-libro-y-del-derecho-de-autor-2023\/#respond\"]}]},{\"@type\":\"WebPage\",\"@id\":\"https:\/\/www.manquecura.cl\/ciudad-del-este\/noticias\/dia-del-libro-y-del-derecho-de-autor-2023\/\",\"url\":\"https:\/\/www.manquecura.cl\/ciudad-del-este\/noticias\/dia-del-libro-y-del-derecho-de-autor-2023\/\",\"name\":\"D\u00eda del Libro y del Derecho de Autor 2023 - Colegio Manquecura Ciudad del Este\",\"isPartOf\":{\"@id\":\"https:\/\/www.manquecura.cl\/ciudad-del-este\/#website\"},\"primaryImageOfPage\":{\"@id\":\"https:\/\/www.manquecura.cl\/ciudad-del-este\/noticias\/dia-del-libro-y-del-derecho-de-autor-2023\/#primaryimage\"},\"image\":{\"@id\":\"https:\/\/www.manquecura.cl\/ciudad-del-este\/noticias\/dia-del-libro-y-del-derecho-de-autor-2023\/#primaryimage\"},\"thumbnailUrl\":\"https:\/\/www.manquecura.cl\/ciudad-del-este\/wp-content\/uploads\/sites\/41\/2021\/04\/DIA-DEL-LIBRO-WEB-CDE.jpg\",\"datePublished\":\"2023-05-02T16:54:58+00:00\",\"breadcrumb\":{\"@id\":\"https:\/\/www.manquecura.cl\/ciudad-del-este\/noticias\/dia-del-libro-y-del-derecho-de-autor-2023\/#breadcrumb\"},\"inLanguage\":\"es\",\"potentialAction\":[{\"@type\":\"ReadAction\",\"target\":[\"https:\/\/www.manquecura.cl\/ciudad-del-este\/noticias\/dia-del-libro-y-del-derecho-de-autor-2023\/\"]}]},{\"@type\":\"ImageObject\",\"inLanguage\":\"es\",\"@id\":\"https:\/\/www.manquecura.cl\/ciudad-del-este\/noticias\/dia-del-libro-y-del-derecho-de-autor-2023\/#primaryimage\",\"url\":\"https:\/\/www.manquecura.cl\/ciudad-del-este\/wp-content\/uploads\/sites\/41\/2021\/04\/DIA-DEL-LIBRO-WEB-CDE.jpg\",\"contentUrl\":\"https:\/\/www.manquecura.cl\/ciudad-del-este\/wp-content\/uploads\/sites\/41\/2021\/04\/DIA-DEL-LIBRO-WEB-CDE.jpg\",\"width\":836,\"height\":523},{\"@type\":\"BreadcrumbList\",\"@id\":\"https:\/\/www.manquecura.cl\/ciudad-del-este\/noticias\/dia-del-libro-y-del-derecho-de-autor-2023\/#breadcrumb\",\"itemListElement\":[{\"@type\":\"ListItem\",\"position\":1,\"name\":\"Home\",\"item\":\"https:\/\/www.manquecura.cl\/ciudad-del-este\/\"},{\"@type\":\"ListItem\",\"position\":2,\"name\":\"D\u00eda del Libro y del Derecho de Autor 2023\"}]},{\"@type\":\"WebSite\",\"@id\":\"https:\/\/www.manquecura.cl\/ciudad-del-este\/#website\",\"url\":\"https:\/\/www.manquecura.cl\/ciudad-del-este\/\",\"name\":\"Colegio Manquecura Ciudad del Este\",\"description\":\"\",\"publisher\":{\"@id\":\"https:\/\/www.manquecura.cl\/ciudad-del-este\/#organization\"},\"potentialAction\":[{\"@type\":\"SearchAction\",\"target\":{\"@type\":\"EntryPoint\",\"urlTemplate\":\"https:\/\/www.manquecura.cl\/ciudad-del-este\/?s={search_term_string}\"},\"query-input\":{\"@type\":\"PropertyValueSpecification\",\"valueRequired\":true,\"valueName\":\"search_term_string\"}}],\"inLanguage\":\"es\"},{\"@type\":\"Organization\",\"@id\":\"https:\/\/www.manquecura.cl\/ciudad-del-este\/#organization\",\"name\":\"Colegio Manquecura Ciudad del Este\",\"url\":\"https:\/\/www.manquecura.cl\/ciudad-del-este\/\",\"logo\":{\"@type\":\"ImageObject\",\"inLanguage\":\"es\",\"@id\":\"https:\/\/www.manquecura.cl\/ciudad-del-este\/#\/schema\/logo\/image\/\",\"url\":\"https:\/\/www.manquecura.cl\/ciudad-del-este\/wp-content\/uploads\/sites\/41\/2023\/09\/logo_Manquecura_Ciudad-del-Este_horizontal_color-1.png\",\"contentUrl\":\"https:\/\/www.manquecura.cl\/ciudad-del-este\/wp-content\/uploads\/sites\/41\/2023\/09\/logo_Manquecura_Ciudad-del-Este_horizontal_color-1.png\",\"width\":611,\"height\":183,\"caption\":\"Colegio Manquecura Ciudad del Este\"},\"image\":{\"@id\":\"https:\/\/www.manquecura.cl\/ciudad-del-este\/#\/schema\/logo\/image\/\"},\"sameAs\":[\"http:\/\/www.facebook.com\/ColegiosManquecura\",\"http:\/\/www.instagram.com\/manquecura_ciudaddeleste\/\",\"http:\/\/www.youtube.com\/c\/CognitaChile\"]},{\"@type\":\"Person\",\"@id\":\"https:\/\/www.manquecura.cl\/ciudad-del-este\/#\/schema\/person\/0debeea140e397b5d490ee7e553255d8\",\"name\":\"jorgedelcampo\",\"image\":{\"@type\":\"ImageObject\",\"inLanguage\":\"es\",\"@id\":\"https:\/\/www.manquecura.cl\/ciudad-del-este\/#\/schema\/person\/image\/\",\"url\":\"https:\/\/secure.gravatar.com\/avatar\/4a315f521213b2dc91dbda9bf799f711c8a98ab6f5606ec42cf5b33d1e762e8a?s=96&d=mm&r=g\",\"contentUrl\":\"https:\/\/secure.gravatar.com\/avatar\/4a315f521213b2dc91dbda9bf799f711c8a98ab6f5606ec42cf5b33d1e762e8a?s=96&d=mm&r=g\",\"caption\":\"jorgedelcampo\"}}]}<\/script>\n<!-- \/ Yoast SEO plugin. -->","yoast_head_json":{"title":"D\u00eda del Libro y del Derecho de Autor 2023 - Colegio Manquecura Ciudad del Este","robots":{"index":"index","follow":"follow","max-snippet":"max-snippet:-1","max-image-preview":"max-image-preview:large","max-video-preview":"max-video-preview:-1"},"canonical":"https:\/\/www.manquecura.cl\/ciudad-del-este\/noticias\/dia-del-libro-y-del-derecho-de-autor-2023\/","og_locale":"es_ES","og_type":"article","og_title":"D\u00eda del Libro y del Derecho de Autor 2023 - Colegio Manquecura Ciudad del Este","og_description":"Una gran celebraci\u00f3n vivieron nuestros ni\u00f1os y j\u00f3venes en el D\u00eda del Libro y del Derecho de Autor, siendo una oportunidad en la que pudieron disfrutar de las diversas actividades preparadas seg\u00fan sus niveles. Adem\u00e1s de caracterizarse de los personajes del libro y preparar sus salas de clases con un cuento o libro determinado, los [&hellip;]","og_url":"https:\/\/www.manquecura.cl\/ciudad-del-este\/noticias\/dia-del-libro-y-del-derecho-de-autor-2023\/","og_site_name":"Colegio Manquecura Ciudad del Este","article_publisher":"http:\/\/www.facebook.com\/ColegiosManquecura","article_published_time":"2023-05-02T16:54:58+00:00","author":"jorgedelcampo","twitter_card":"summary_large_image","twitter_misc":{"Escrito por":"jorgedelcampo","Tiempo de lectura":"1 minuto"},"schema":{"@context":"https:\/\/schema.org","@graph":[{"@type":"Article","@id":"https:\/\/www.manquecura.cl\/ciudad-del-este\/noticias\/dia-del-libro-y-del-derecho-de-autor-2023\/#article","isPartOf":{"@id":"https:\/\/www.manquecura.cl\/ciudad-del-este\/noticias\/dia-del-libro-y-del-derecho-de-autor-2023\/"},"author":{"name":"jorgedelcampo","@id":"https:\/\/www.manquecura.cl\/ciudad-del-este\/#\/schema\/person\/0debeea140e397b5d490ee7e553255d8"},"headline":"D\u00eda del Libro y del Derecho de Autor 2023","datePublished":"2023-05-02T16:54:58+00:00","mainEntityOfPage":{"@id":"https:\/\/www.manquecura.cl\/ciudad-del-este\/noticias\/dia-del-libro-y-del-derecho-de-autor-2023\/"},"wordCount":205,"commentCount":0,"publisher":{"@id":"https:\/\/www.manquecura.cl\/ciudad-del-este\/#organization"},"image":{"@id":"https:\/\/www.manquecura.cl\/ciudad-del-este\/noticias\/dia-del-libro-y-del-derecho-de-autor-2023\/#primaryimage"},"thumbnailUrl":"https:\/\/www.manquecura.cl\/ciudad-del-este\/wp-content\/uploads\/sites\/41\/2021\/04\/DIA-DEL-LIBRO-WEB-CDE.jpg","articleSection":["Vida Escolar"],"inLanguage":"es","potentialAction":[{"@type":"CommentAction","name":"Comment","target":["https:\/\/www.manquecura.cl\/ciudad-del-este\/noticias\/dia-del-libro-y-del-derecho-de-autor-2023\/#respond"]}]},{"@type":"WebPage","@id":"https:\/\/www.manquecura.cl\/ciudad-del-este\/noticias\/dia-del-libro-y-del-derecho-de-autor-2023\/","url":"https:\/\/www.manquecura.cl\/ciudad-del-este\/noticias\/dia-del-libro-y-del-derecho-de-autor-2023\/","name":"D\u00eda del Libro y del Derecho de Autor 2023 - Colegio Manquecura Ciudad del Este","isPartOf":{"@id":"https:\/\/www.manquecura.cl\/ciudad-del-este\/#website"},"primaryImageOfPage":{"@id":"https:\/\/www.manquecura.cl\/ciudad-del-este\/noticias\/dia-del-libro-y-del-derecho-de-autor-2023\/#primaryimage"},"image":{"@id":"https:\/\/www.manquecura.cl\/ciudad-del-este\/noticias\/dia-del-libro-y-del-derecho-de-autor-2023\/#primaryimage"},"thumbnailUrl":"https:\/\/www.manquecura.cl\/ciudad-del-este\/wp-content\/uploads\/sites\/41\/2021\/04\/DIA-DEL-LIBRO-WEB-CDE.jpg","datePublished":"2023-05-02T16:54:58+00:00","breadcrumb":{"@id":"https:\/\/www.manquecura.cl\/ciudad-del-este\/noticias\/dia-del-libro-y-del-derecho-de-autor-2023\/#breadcrumb"},"inLanguage":"es","potentialAction":[{"@type":"ReadAction","target":["https:\/\/www.manquecura.cl\/ciudad-del-este\/noticias\/dia-del-libro-y-del-derecho-de-autor-2023\/"]}]},{"@type":"ImageObject","inLanguage":"es","@id":"https:\/\/www.manquecura.cl\/ciudad-del-este\/noticias\/dia-del-libro-y-del-derecho-de-autor-2023\/#primaryimage","url":"https:\/\/www.manquecura.cl\/ciudad-del-este\/wp-content\/uploads\/sites\/41\/2021\/04\/DIA-DEL-LIBRO-WEB-CDE.jpg","contentUrl":"https:\/\/www.manquecura.cl\/ciudad-del-este\/wp-content\/uploads\/sites\/41\/2021\/04\/DIA-DEL-LIBRO-WEB-CDE.jpg","width":836,"height":523},{"@type":"BreadcrumbList","@id":"https:\/\/www.manquecura.cl\/ciudad-del-este\/noticias\/dia-del-libro-y-del-derecho-de-autor-2023\/#breadcrumb","itemListElement":[{"@type":"ListItem","position":1,"name":"Home","item":"https:\/\/www.manquecura.cl\/ciudad-del-este\/"},{"@type":"ListItem","position":2,"name":"D\u00eda del Libro y del Derecho de Autor 2023"}]},{"@type":"WebSite","@id":"https:\/\/www.manquecura.cl\/ciudad-del-este\/#website","url":"https:\/\/www.manquecura.cl\/ciudad-del-este\/","name":"Colegio Manquecura Ciudad del Este","description":"","publisher":{"@id":"https:\/\/www.manquecura.cl\/ciudad-del-este\/#organization"},"potentialAction":[{"@type":"SearchAction","target":{"@type":"EntryPoint","urlTemplate":"https:\/\/www.manquecura.cl\/ciudad-del-este\/?s={search_term_string}"},"query-input":{"@type":"PropertyValueSpecification","valueRequired":true,"valueName":"search_term_string"}}],"inLanguage":"es"},{"@type":"Organization","@id":"https:\/\/www.manquecura.cl\/ciudad-del-este\/#organization","name":"Colegio Manquecura Ciudad del Este","url":"https:\/\/www.manquecura.cl\/ciudad-del-este\/","logo":{"@type":"ImageObject","inLanguage":"es","@id":"https:\/\/www.manquecura.cl\/ciudad-del-este\/#\/schema\/logo\/image\/","url":"https:\/\/www.manquecura.cl\/ciudad-del-este\/wp-content\/uploads\/sites\/41\/2023\/09\/logo_Manquecura_Ciudad-del-Este_horizontal_color-1.png","contentUrl":"https:\/\/www.manquecura.cl\/ciudad-del-este\/wp-content\/uploads\/sites\/41\/2023\/09\/logo_Manquecura_Ciudad-del-Este_horizontal_color-1.png","width":611,"height":183,"caption":"Colegio Manquecura Ciudad del Este"},"image":{"@id":"https:\/\/www.manquecura.cl\/ciudad-del-este\/#\/schema\/logo\/image\/"},"sameAs":["http:\/\/www.facebook.com\/ColegiosManquecura","http:\/\/www.instagram.com\/manquecura_ciudaddeleste\/","http:\/\/www.youtube.com\/c\/CognitaChile"]},{"@type":"Person","@id":"https:\/\/www.manquecura.cl\/ciudad-del-este\/#\/schema\/person\/0debeea140e397b5d490ee7e553255d8","name":"jorgedelcampo","image":{"@type":"ImageObject","inLanguage":"es","@id":"https:\/\/www.manquecura.cl\/ciudad-del-este\/#\/schema\/person\/image\/","url":"https:\/\/secure.gravatar.com\/avatar\/4a315f521213b2dc91dbda9bf799f711c8a98ab6f5606ec42cf5b33d1e762e8a?s=96&d=mm&r=g","contentUrl":"https:\/\/secure.gravatar.com\/avatar\/4a315f521213b2dc91dbda9bf799f711c8a98ab6f5606ec42cf5b33d1e762e8a?s=96&d=mm&r=g","caption":"jorgedelcampo"}}]}},"jetpack_featured_media_url":"https:\/\/www.manquecura.cl\/ciudad-del-este\/wp-content\/uploads\/sites\/41\/2021\/04\/DIA-DEL-LIBRO-WEB-CDE.jpg","previous_post_ID":125652,"previous_post_title":"Galer\u00eda 3 D\u00eda del Libro y del Derecho de Autor 2023","previous_post_excerpt":"","previous_post_link":"https:\/\/www.manquecura.cl\/ciudad-del-este\/noticias\/galeria-3-dia-del-libro-y-del-derecho-de-autor-2023\/","previous_post_class":["post-125652","post","type-post","status-publish","format-standard","has-post-thumbnail","hentry","category-vida-escolar"],"next_post_ID":125656,"next_post_title":"Mayo: Mes de la Seguridad 2023","next_post_excerpt":"Durante este mes celebraremos la segunda versi\u00f3n del Mes de la Seguridad en la red de colegios Cognita Chile. Tenemos la convicci\u00f3n de que asegurar la salud y seguridad de toda la comunidad educativa, es clave para cumplir nuestro compromiso con el bienestar integral de todos nuestros estudiantes. Les recordamos que el colegio cuenta con [&hellip;]","next_post_link":"https:\/\/www.manquecura.cl\/ciudad-del-este\/noticias\/mayo-mes-de-la-seguridad-2023\/","next_post_class":["post-125656","post","type-post","status-publish","format-standard","has-post-thumbnail","hentry","category-vida-escolar"],"jetpack_sharing_enabled":true,"_links":{"self":[{"href":"https:\/\/www.manquecura.cl\/ciudad-del-este\/wp-json\/wp\/v2\/posts\/21650","targetHints":{"allow":["GET"]}}],"collection":[{"href":"https:\/\/www.manquecura.cl\/ciudad-del-este\/wp-json\/wp\/v2\/posts"}],"about":[{"href":"https:\/\/www.manquecura.cl\/ciudad-del-este\/wp-json\/wp\/v2\/types\/post"}],"author":[{"embeddable":true,"href":"https:\/\/www.manquecura.cl\/ciudad-del-este\/wp-json\/wp\/v2\/users\/14"}],"replies":[{"embeddable":true,"href":"https:\/\/www.manquecura.cl\/ciudad-del-este\/wp-json\/wp\/v2\/comments?post=21650"}],"version-history":[{"count":0,"href":"https:\/\/www.manquecura.cl\/ciudad-del-este\/wp-json\/wp\/v2\/posts\/21650\/revisions"}],"wp:featuredmedia":[{"embeddable":true,"href":"https:\/\/www.manquecura.cl\/ciudad-del-este\/wp-json\/wp\/v2\/media\/16232"}],"wp:attachment":[{"href":"https:\/\/www.manquecura.cl\/ciudad-del-este\/wp-json\/wp\/v2\/media?parent=21650"}],"wp:term":[{"taxonomy":"category","embeddable":true,"href":"https:\/\/www.manquecura.cl\/ciudad-del-este\/wp-json\/wp\/v2\/categories?post=21650"},{"taxonomy":"post_tag","embeddable":true,"href":"https:\/\/www.manquecura.cl\/ciudad-del-este\/wp-json\/wp\/v2\/tags?post=21650"}],"curies":[{"name":"wp","href":"https:\/\/api.w.org\/{rel}","templated":true}]}}