{"id":21531,"date":"2023-04-10T10:21:01","date_gmt":"2023-04-10T14:21:01","guid":{"rendered":"https:\/\/www.manquecura.cl\/ciudad-del-este\/?p=21531"},"modified":"2023-04-10T10:21:01","modified_gmt":"2023-04-10T14:21:01","slug":"cambio-de-mando-nuevo-campur-general-de-alumnos-2023","status":"publish","type":"post","link":"https:\/\/www.manquecura.cl\/ciudad-del-este\/noticias\/cambio-de-mando-nuevo-campur-general-de-alumnos-2023\/","title":{"rendered":"Cambio de mando: Nuevo CAMPUR General de Alumnos 2023"},"content":{"rendered":"<p>En una simb\u00f3lica ceremonia se realiz\u00f3 la transici\u00f3n formal de cargos del CAMPUR General de Alumnos de Manquecura Ciudad del Este, entidad que representa a los estudiantes del colegio, y que permite una alineaci\u00f3n y desarrollo de las diferentes actividades que realizan durante el a\u00f1o.<\/p>\n<p>El cambio de mando fue presidido por nuestro rector, Pablo Gallegos Rojas, en un evento de car\u00e1cter ceremonial y de camarader\u00eda para traspasar la experiencia del CAMPUR saliente a los nuevos integrantes.<\/p>\n<p>En la ocasi\u00f3n, el Equipo Directivo y los Coordinadores tambi\u00e9n entregaron palabras de agradecimiento a todas las gestiones realizadas durante el 2022, finalizando todo con la firma de las actas y un posterior desayuno con la finalidad de conversar y conocer todo lo realizado previamente, as\u00ed como las expectativas para este nuevo a\u00f1o.<\/p>\n<p>Felicitamos a todos los participantes, tanto salientes como entrantes, por su compromiso, liderazgo y responsabilidad y damos la bienvenida al nuevo <strong>CAMPUR General de Alumnos<\/strong>:<\/p>\n<p>&nbsp;<\/p>\n<p><strong>Secretar\u00eda: COORDINACI\u00d3N GENERAL<\/strong><br \/>\nAntonia Manr\u00edquez, III Medio B<\/p>\n<p><strong>Secretar\u00eda: APROVECHAMIENTO<\/strong><br \/>\nCatalina Mena, III Medio B<\/p>\n<p><strong>Secretar\u00eda: MADUREZ<\/strong><br \/>\nAngelo Morata, II Medio C<\/p>\n<p><strong>Secretar\u00eda: PASTORAL<\/strong><br \/>\nAntonella Toledo, II Medio C<\/p>\n<p><strong>Secretar\u00eda: UNIDAD<\/strong><br \/>\nVaihere Barra, I Medio A<\/p>\n<p><strong>Secretar\u00eda: Relaciones<\/strong><br \/>\nMat\u00edas Huarac\u00e1n, II Medio A<\/p>\n<p style=\"text-align: center\"><strong>Colegio Manquecura Ciudad del Este<\/strong><\/p>\n<p>[multimedia id=&#8221;1&#8243;]<\/p>\n"},"excerpt":{"rendered":"<p>En una simb\u00f3lica ceremonia se realiz\u00f3 la transici\u00f3n formal de cargos del CAMPUR General de Alumnos de Manquecura Ciudad del Este, entidad que representa a los estudiantes del colegio, y que permite una alineaci\u00f3n y desarrollo de las diferentes actividades que realizan durante el a\u00f1o. El cambio de mando fue presidido por nuestro rector, Pablo [&hellip;]<\/p>\n","protected":false},"author":14,"featured_media":21606,"comment_status":"open","ping_status":"open","sticky":false,"template":"","format":"standard","meta":{"_acf_changed":false,"content-type":"","_jetpack_memberships_contains_paid_content":false,"footnotes":""},"categories":[1],"tags":[],"class_list":["post-21531","post","type-post","status-publish","format-standard","has-post-thumbnail","hentry","category-vida-escolar"],"acf":[],"yoast_head":"<!-- This site is optimized with the Yoast SEO plugin v27.1.1 - https:\/\/yoast.com\/product\/yoast-seo-wordpress\/ -->\n<title>Cambio de mando: Nuevo CAMPUR General de Alumnos 2023 - Colegio Manquecura Ciudad del Este<\/title>\n<meta name=\"robots\" content=\"index, follow, max-snippet:-1, max-image-preview:large, max-video-preview:-1\" \/>\n<link rel=\"canonical\" href=\"https:\/\/www.manquecura.cl\/ciudad-del-este\/noticias\/cambio-de-mando-nuevo-campur-general-de-alumnos-2023\/\" \/>\n<meta property=\"og:locale\" content=\"es_ES\" \/>\n<meta property=\"og:type\" content=\"article\" \/>\n<meta property=\"og:title\" content=\"Cambio de mando: Nuevo CAMPUR General de Alumnos 2023 - Colegio Manquecura Ciudad del Este\" \/>\n<meta property=\"og:description\" content=\"En una simb\u00f3lica ceremonia se realiz\u00f3 la transici\u00f3n formal de cargos del CAMPUR General de Alumnos de Manquecura Ciudad del Este, entidad que representa a los estudiantes del colegio, y que permite una alineaci\u00f3n y desarrollo de las diferentes actividades que realizan durante el a\u00f1o. El cambio de mando fue presidido por nuestro rector, Pablo [&hellip;]\" \/>\n<meta property=\"og:url\" content=\"https:\/\/www.manquecura.cl\/ciudad-del-este\/noticias\/cambio-de-mando-nuevo-campur-general-de-alumnos-2023\/\" \/>\n<meta property=\"og:site_name\" content=\"Colegio Manquecura Ciudad del Este\" \/>\n<meta property=\"article:publisher\" content=\"http:\/\/www.facebook.com\/ColegiosManquecura\" \/>\n<meta property=\"article:published_time\" content=\"2023-04-10T14:21:01+00:00\" \/>\n<meta name=\"author\" content=\"jorgedelcampo\" \/>\n<meta name=\"twitter:card\" content=\"summary_large_image\" \/>\n<meta name=\"twitter:label1\" content=\"Escrito por\" \/>\n\t<meta name=\"twitter:data1\" content=\"jorgedelcampo\" \/>\n\t<meta name=\"twitter:label2\" content=\"Tiempo de lectura\" \/>\n\t<meta name=\"twitter:data2\" content=\"1 minuto\" \/>\n<script type=\"application\/ld+json\" class=\"yoast-schema-graph\">{\"@context\":\"https:\/\/schema.org\",\"@graph\":[{\"@type\":\"Article\",\"@id\":\"https:\/\/www.manquecura.cl\/ciudad-del-este\/noticias\/cambio-de-mando-nuevo-campur-general-de-alumnos-2023\/#article\",\"isPartOf\":{\"@id\":\"https:\/\/www.manquecura.cl\/ciudad-del-este\/noticias\/cambio-de-mando-nuevo-campur-general-de-alumnos-2023\/\"},\"author\":{\"name\":\"jorgedelcampo\",\"@id\":\"https:\/\/www.manquecura.cl\/ciudad-del-este\/#\/schema\/person\/0debeea140e397b5d490ee7e553255d8\"},\"headline\":\"Cambio de mando: Nuevo CAMPUR General de Alumnos 2023\",\"datePublished\":\"2023-04-10T14:21:01+00:00\",\"mainEntityOfPage\":{\"@id\":\"https:\/\/www.manquecura.cl\/ciudad-del-este\/noticias\/cambio-de-mando-nuevo-campur-general-de-alumnos-2023\/\"},\"wordCount\":232,\"commentCount\":0,\"publisher\":{\"@id\":\"https:\/\/www.manquecura.cl\/ciudad-del-este\/#organization\"},\"image\":{\"@id\":\"https:\/\/www.manquecura.cl\/ciudad-del-este\/noticias\/cambio-de-mando-nuevo-campur-general-de-alumnos-2023\/#primaryimage\"},\"thumbnailUrl\":\"https:\/\/www.manquecura.cl\/ciudad-del-este\/wp-content\/uploads\/sites\/41\/2023\/04\/cambio-de-mando-CAMPUR-2023-Manquecura-Ciudad-del-Este.jpg\",\"articleSection\":[\"Vida Escolar\"],\"inLanguage\":\"es\",\"potentialAction\":[{\"@type\":\"CommentAction\",\"name\":\"Comment\",\"target\":[\"https:\/\/www.manquecura.cl\/ciudad-del-este\/noticias\/cambio-de-mando-nuevo-campur-general-de-alumnos-2023\/#respond\"]}]},{\"@type\":\"WebPage\",\"@id\":\"https:\/\/www.manquecura.cl\/ciudad-del-este\/noticias\/cambio-de-mando-nuevo-campur-general-de-alumnos-2023\/\",\"url\":\"https:\/\/www.manquecura.cl\/ciudad-del-este\/noticias\/cambio-de-mando-nuevo-campur-general-de-alumnos-2023\/\",\"name\":\"Cambio de mando: Nuevo CAMPUR General de Alumnos 2023 - Colegio Manquecura Ciudad del Este\",\"isPartOf\":{\"@id\":\"https:\/\/www.manquecura.cl\/ciudad-del-este\/#website\"},\"primaryImageOfPage\":{\"@id\":\"https:\/\/www.manquecura.cl\/ciudad-del-este\/noticias\/cambio-de-mando-nuevo-campur-general-de-alumnos-2023\/#primaryimage\"},\"image\":{\"@id\":\"https:\/\/www.manquecura.cl\/ciudad-del-este\/noticias\/cambio-de-mando-nuevo-campur-general-de-alumnos-2023\/#primaryimage\"},\"thumbnailUrl\":\"https:\/\/www.manquecura.cl\/ciudad-del-este\/wp-content\/uploads\/sites\/41\/2023\/04\/cambio-de-mando-CAMPUR-2023-Manquecura-Ciudad-del-Este.jpg\",\"datePublished\":\"2023-04-10T14:21:01+00:00\",\"breadcrumb\":{\"@id\":\"https:\/\/www.manquecura.cl\/ciudad-del-este\/noticias\/cambio-de-mando-nuevo-campur-general-de-alumnos-2023\/#breadcrumb\"},\"inLanguage\":\"es\",\"potentialAction\":[{\"@type\":\"ReadAction\",\"target\":[\"https:\/\/www.manquecura.cl\/ciudad-del-este\/noticias\/cambio-de-mando-nuevo-campur-general-de-alumnos-2023\/\"]}]},{\"@type\":\"ImageObject\",\"inLanguage\":\"es\",\"@id\":\"https:\/\/www.manquecura.cl\/ciudad-del-este\/noticias\/cambio-de-mando-nuevo-campur-general-de-alumnos-2023\/#primaryimage\",\"url\":\"https:\/\/www.manquecura.cl\/ciudad-del-este\/wp-content\/uploads\/sites\/41\/2023\/04\/cambio-de-mando-CAMPUR-2023-Manquecura-Ciudad-del-Este.jpg\",\"contentUrl\":\"https:\/\/www.manquecura.cl\/ciudad-del-este\/wp-content\/uploads\/sites\/41\/2023\/04\/cambio-de-mando-CAMPUR-2023-Manquecura-Ciudad-del-Este.jpg\",\"width\":836,\"height\":523},{\"@type\":\"BreadcrumbList\",\"@id\":\"https:\/\/www.manquecura.cl\/ciudad-del-este\/noticias\/cambio-de-mando-nuevo-campur-general-de-alumnos-2023\/#breadcrumb\",\"itemListElement\":[{\"@type\":\"ListItem\",\"position\":1,\"name\":\"Home\",\"item\":\"https:\/\/www.manquecura.cl\/ciudad-del-este\/\"},{\"@type\":\"ListItem\",\"position\":2,\"name\":\"Cambio de mando: Nuevo CAMPUR General de Alumnos 2023\"}]},{\"@type\":\"WebSite\",\"@id\":\"https:\/\/www.manquecura.cl\/ciudad-del-este\/#website\",\"url\":\"https:\/\/www.manquecura.cl\/ciudad-del-este\/\",\"name\":\"Colegio Manquecura Ciudad del Este\",\"description\":\"\",\"publisher\":{\"@id\":\"https:\/\/www.manquecura.cl\/ciudad-del-este\/#organization\"},\"potentialAction\":[{\"@type\":\"SearchAction\",\"target\":{\"@type\":\"EntryPoint\",\"urlTemplate\":\"https:\/\/www.manquecura.cl\/ciudad-del-este\/?s={search_term_string}\"},\"query-input\":{\"@type\":\"PropertyValueSpecification\",\"valueRequired\":true,\"valueName\":\"search_term_string\"}}],\"inLanguage\":\"es\"},{\"@type\":\"Organization\",\"@id\":\"https:\/\/www.manquecura.cl\/ciudad-del-este\/#organization\",\"name\":\"Colegio Manquecura Ciudad del Este\",\"url\":\"https:\/\/www.manquecura.cl\/ciudad-del-este\/\",\"logo\":{\"@type\":\"ImageObject\",\"inLanguage\":\"es\",\"@id\":\"https:\/\/www.manquecura.cl\/ciudad-del-este\/#\/schema\/logo\/image\/\",\"url\":\"https:\/\/www.manquecura.cl\/ciudad-del-este\/wp-content\/uploads\/sites\/41\/2023\/09\/logo_Manquecura_Ciudad-del-Este_horizontal_color-1.png\",\"contentUrl\":\"https:\/\/www.manquecura.cl\/ciudad-del-este\/wp-content\/uploads\/sites\/41\/2023\/09\/logo_Manquecura_Ciudad-del-Este_horizontal_color-1.png\",\"width\":611,\"height\":183,\"caption\":\"Colegio Manquecura Ciudad del Este\"},\"image\":{\"@id\":\"https:\/\/www.manquecura.cl\/ciudad-del-este\/#\/schema\/logo\/image\/\"},\"sameAs\":[\"http:\/\/www.facebook.com\/ColegiosManquecura\",\"http:\/\/www.instagram.com\/manquecura_ciudaddeleste\/\",\"http:\/\/www.youtube.com\/c\/CognitaChile\"]},{\"@type\":\"Person\",\"@id\":\"https:\/\/www.manquecura.cl\/ciudad-del-este\/#\/schema\/person\/0debeea140e397b5d490ee7e553255d8\",\"name\":\"jorgedelcampo\",\"image\":{\"@type\":\"ImageObject\",\"inLanguage\":\"es\",\"@id\":\"https:\/\/www.manquecura.cl\/ciudad-del-este\/#\/schema\/person\/image\/\",\"url\":\"https:\/\/secure.gravatar.com\/avatar\/4a315f521213b2dc91dbda9bf799f711c8a98ab6f5606ec42cf5b33d1e762e8a?s=96&d=mm&r=g\",\"contentUrl\":\"https:\/\/secure.gravatar.com\/avatar\/4a315f521213b2dc91dbda9bf799f711c8a98ab6f5606ec42cf5b33d1e762e8a?s=96&d=mm&r=g\",\"caption\":\"jorgedelcampo\"}}]}<\/script>\n<!-- \/ Yoast SEO plugin. -->","yoast_head_json":{"title":"Cambio de mando: Nuevo CAMPUR General de Alumnos 2023 - Colegio Manquecura Ciudad del Este","robots":{"index":"index","follow":"follow","max-snippet":"max-snippet:-1","max-image-preview":"max-image-preview:large","max-video-preview":"max-video-preview:-1"},"canonical":"https:\/\/www.manquecura.cl\/ciudad-del-este\/noticias\/cambio-de-mando-nuevo-campur-general-de-alumnos-2023\/","og_locale":"es_ES","og_type":"article","og_title":"Cambio de mando: Nuevo CAMPUR General de Alumnos 2023 - Colegio Manquecura Ciudad del Este","og_description":"En una simb\u00f3lica ceremonia se realiz\u00f3 la transici\u00f3n formal de cargos del CAMPUR General de Alumnos de Manquecura Ciudad del Este, entidad que representa a los estudiantes del colegio, y que permite una alineaci\u00f3n y desarrollo de las diferentes actividades que realizan durante el a\u00f1o. El cambio de mando fue presidido por nuestro rector, Pablo [&hellip;]","og_url":"https:\/\/www.manquecura.cl\/ciudad-del-este\/noticias\/cambio-de-mando-nuevo-campur-general-de-alumnos-2023\/","og_site_name":"Colegio Manquecura Ciudad del Este","article_publisher":"http:\/\/www.facebook.com\/ColegiosManquecura","article_published_time":"2023-04-10T14:21:01+00:00","author":"jorgedelcampo","twitter_card":"summary_large_image","twitter_misc":{"Escrito por":"jorgedelcampo","Tiempo de lectura":"1 minuto"},"schema":{"@context":"https:\/\/schema.org","@graph":[{"@type":"Article","@id":"https:\/\/www.manquecura.cl\/ciudad-del-este\/noticias\/cambio-de-mando-nuevo-campur-general-de-alumnos-2023\/#article","isPartOf":{"@id":"https:\/\/www.manquecura.cl\/ciudad-del-este\/noticias\/cambio-de-mando-nuevo-campur-general-de-alumnos-2023\/"},"author":{"name":"jorgedelcampo","@id":"https:\/\/www.manquecura.cl\/ciudad-del-este\/#\/schema\/person\/0debeea140e397b5d490ee7e553255d8"},"headline":"Cambio de mando: Nuevo CAMPUR General de Alumnos 2023","datePublished":"2023-04-10T14:21:01+00:00","mainEntityOfPage":{"@id":"https:\/\/www.manquecura.cl\/ciudad-del-este\/noticias\/cambio-de-mando-nuevo-campur-general-de-alumnos-2023\/"},"wordCount":232,"commentCount":0,"publisher":{"@id":"https:\/\/www.manquecura.cl\/ciudad-del-este\/#organization"},"image":{"@id":"https:\/\/www.manquecura.cl\/ciudad-del-este\/noticias\/cambio-de-mando-nuevo-campur-general-de-alumnos-2023\/#primaryimage"},"thumbnailUrl":"https:\/\/www.manquecura.cl\/ciudad-del-este\/wp-content\/uploads\/sites\/41\/2023\/04\/cambio-de-mando-CAMPUR-2023-Manquecura-Ciudad-del-Este.jpg","articleSection":["Vida Escolar"],"inLanguage":"es","potentialAction":[{"@type":"CommentAction","name":"Comment","target":["https:\/\/www.manquecura.cl\/ciudad-del-este\/noticias\/cambio-de-mando-nuevo-campur-general-de-alumnos-2023\/#respond"]}]},{"@type":"WebPage","@id":"https:\/\/www.manquecura.cl\/ciudad-del-este\/noticias\/cambio-de-mando-nuevo-campur-general-de-alumnos-2023\/","url":"https:\/\/www.manquecura.cl\/ciudad-del-este\/noticias\/cambio-de-mando-nuevo-campur-general-de-alumnos-2023\/","name":"Cambio de mando: Nuevo CAMPUR General de Alumnos 2023 - Colegio Manquecura Ciudad del Este","isPartOf":{"@id":"https:\/\/www.manquecura.cl\/ciudad-del-este\/#website"},"primaryImageOfPage":{"@id":"https:\/\/www.manquecura.cl\/ciudad-del-este\/noticias\/cambio-de-mando-nuevo-campur-general-de-alumnos-2023\/#primaryimage"},"image":{"@id":"https:\/\/www.manquecura.cl\/ciudad-del-este\/noticias\/cambio-de-mando-nuevo-campur-general-de-alumnos-2023\/#primaryimage"},"thumbnailUrl":"https:\/\/www.manquecura.cl\/ciudad-del-este\/wp-content\/uploads\/sites\/41\/2023\/04\/cambio-de-mando-CAMPUR-2023-Manquecura-Ciudad-del-Este.jpg","datePublished":"2023-04-10T14:21:01+00:00","breadcrumb":{"@id":"https:\/\/www.manquecura.cl\/ciudad-del-este\/noticias\/cambio-de-mando-nuevo-campur-general-de-alumnos-2023\/#breadcrumb"},"inLanguage":"es","potentialAction":[{"@type":"ReadAction","target":["https:\/\/www.manquecura.cl\/ciudad-del-este\/noticias\/cambio-de-mando-nuevo-campur-general-de-alumnos-2023\/"]}]},{"@type":"ImageObject","inLanguage":"es","@id":"https:\/\/www.manquecura.cl\/ciudad-del-este\/noticias\/cambio-de-mando-nuevo-campur-general-de-alumnos-2023\/#primaryimage","url":"https:\/\/www.manquecura.cl\/ciudad-del-este\/wp-content\/uploads\/sites\/41\/2023\/04\/cambio-de-mando-CAMPUR-2023-Manquecura-Ciudad-del-Este.jpg","contentUrl":"https:\/\/www.manquecura.cl\/ciudad-del-este\/wp-content\/uploads\/sites\/41\/2023\/04\/cambio-de-mando-CAMPUR-2023-Manquecura-Ciudad-del-Este.jpg","width":836,"height":523},{"@type":"BreadcrumbList","@id":"https:\/\/www.manquecura.cl\/ciudad-del-este\/noticias\/cambio-de-mando-nuevo-campur-general-de-alumnos-2023\/#breadcrumb","itemListElement":[{"@type":"ListItem","position":1,"name":"Home","item":"https:\/\/www.manquecura.cl\/ciudad-del-este\/"},{"@type":"ListItem","position":2,"name":"Cambio de mando: Nuevo CAMPUR General de Alumnos 2023"}]},{"@type":"WebSite","@id":"https:\/\/www.manquecura.cl\/ciudad-del-este\/#website","url":"https:\/\/www.manquecura.cl\/ciudad-del-este\/","name":"Colegio Manquecura Ciudad del Este","description":"","publisher":{"@id":"https:\/\/www.manquecura.cl\/ciudad-del-este\/#organization"},"potentialAction":[{"@type":"SearchAction","target":{"@type":"EntryPoint","urlTemplate":"https:\/\/www.manquecura.cl\/ciudad-del-este\/?s={search_term_string}"},"query-input":{"@type":"PropertyValueSpecification","valueRequired":true,"valueName":"search_term_string"}}],"inLanguage":"es"},{"@type":"Organization","@id":"https:\/\/www.manquecura.cl\/ciudad-del-este\/#organization","name":"Colegio Manquecura Ciudad del Este","url":"https:\/\/www.manquecura.cl\/ciudad-del-este\/","logo":{"@type":"ImageObject","inLanguage":"es","@id":"https:\/\/www.manquecura.cl\/ciudad-del-este\/#\/schema\/logo\/image\/","url":"https:\/\/www.manquecura.cl\/ciudad-del-este\/wp-content\/uploads\/sites\/41\/2023\/09\/logo_Manquecura_Ciudad-del-Este_horizontal_color-1.png","contentUrl":"https:\/\/www.manquecura.cl\/ciudad-del-este\/wp-content\/uploads\/sites\/41\/2023\/09\/logo_Manquecura_Ciudad-del-Este_horizontal_color-1.png","width":611,"height":183,"caption":"Colegio Manquecura Ciudad del Este"},"image":{"@id":"https:\/\/www.manquecura.cl\/ciudad-del-este\/#\/schema\/logo\/image\/"},"sameAs":["http:\/\/www.facebook.com\/ColegiosManquecura","http:\/\/www.instagram.com\/manquecura_ciudaddeleste\/","http:\/\/www.youtube.com\/c\/CognitaChile"]},{"@type":"Person","@id":"https:\/\/www.manquecura.cl\/ciudad-del-este\/#\/schema\/person\/0debeea140e397b5d490ee7e553255d8","name":"jorgedelcampo","image":{"@type":"ImageObject","inLanguage":"es","@id":"https:\/\/www.manquecura.cl\/ciudad-del-este\/#\/schema\/person\/image\/","url":"https:\/\/secure.gravatar.com\/avatar\/4a315f521213b2dc91dbda9bf799f711c8a98ab6f5606ec42cf5b33d1e762e8a?s=96&d=mm&r=g","contentUrl":"https:\/\/secure.gravatar.com\/avatar\/4a315f521213b2dc91dbda9bf799f711c8a98ab6f5606ec42cf5b33d1e762e8a?s=96&d=mm&r=g","caption":"jorgedelcampo"}}]}},"jetpack_featured_media_url":"https:\/\/www.manquecura.cl\/ciudad-del-este\/wp-content\/uploads\/sites\/41\/2023\/04\/cambio-de-mando-CAMPUR-2023-Manquecura-Ciudad-del-Este.jpg","previous_post_ID":125650,"previous_post_title":"Simulacro de peligro externo 2023","previous_post_excerpt":"Nuestro colegio realiz\u00f3 un simulacro de refugio en sala o lock down, con el objetivo de preparar a todos estudiantes y colaboradores del colegio ante alguna posible intrusi\u00f3n o ataque armado. Este simulacro de peligro externo permite conocer la alarma para resguardarse dentro de las sala de clases o encerrarse a esperar las indicaciones de [&hellip;]","previous_post_link":"https:\/\/www.manquecura.cl\/ciudad-del-este\/noticias\/simulacro-de-peligro-externo-2023\/","previous_post_class":["post-125650","post","type-post","status-publish","format-standard","hentry","category-vida-escolar"],"next_post_ID":22583,"next_post_title":"Desarrollando L\u00edderes Inspiradores (DLI)","next_post_excerpt":"Atendiendo a la preocupaci\u00f3n permanente por acompa\u00f1ar a nuestros estudiantes en su desarrollo social, afectivo y acad\u00e9mico, la red de colegios Cognita desarroll\u00f3 un programa formativo-val\u00f3rico denominado Desarrollando L\u00edderes Inspiradores (DLI), el cual se est\u00e1 implementando desde 2022 en Educaci\u00f3n Parvularia y este a\u00f1o 2023 se pone en marcha en Educaci\u00f3n B\u00e1sica, a trav\u00e9s de [&hellip;]","next_post_link":"https:\/\/www.manquecura.cl\/ciudad-del-este\/noticias\/desarrollando-lideres-inspiradores-dli\/","next_post_class":["post-22583","post","type-post","status-publish","format-standard","has-post-thumbnail","hentry","category-vida-escolar"],"jetpack_sharing_enabled":true,"_links":{"self":[{"href":"https:\/\/www.manquecura.cl\/ciudad-del-este\/wp-json\/wp\/v2\/posts\/21531","targetHints":{"allow":["GET"]}}],"collection":[{"href":"https:\/\/www.manquecura.cl\/ciudad-del-este\/wp-json\/wp\/v2\/posts"}],"about":[{"href":"https:\/\/www.manquecura.cl\/ciudad-del-este\/wp-json\/wp\/v2\/types\/post"}],"author":[{"embeddable":true,"href":"https:\/\/www.manquecura.cl\/ciudad-del-este\/wp-json\/wp\/v2\/users\/14"}],"replies":[{"embeddable":true,"href":"https:\/\/www.manquecura.cl\/ciudad-del-este\/wp-json\/wp\/v2\/comments?post=21531"}],"version-history":[{"count":0,"href":"https:\/\/www.manquecura.cl\/ciudad-del-este\/wp-json\/wp\/v2\/posts\/21531\/revisions"}],"wp:featuredmedia":[{"embeddable":true,"href":"https:\/\/www.manquecura.cl\/ciudad-del-este\/wp-json\/wp\/v2\/media\/21606"}],"wp:attachment":[{"href":"https:\/\/www.manquecura.cl\/ciudad-del-este\/wp-json\/wp\/v2\/media?parent=21531"}],"wp:term":[{"taxonomy":"category","embeddable":true,"href":"https:\/\/www.manquecura.cl\/ciudad-del-este\/wp-json\/wp\/v2\/categories?post=21531"},{"taxonomy":"post_tag","embeddable":true,"href":"https:\/\/www.manquecura.cl\/ciudad-del-este\/wp-json\/wp\/v2\/tags?post=21531"}],"curies":[{"name":"wp","href":"https:\/\/api.w.org\/{rel}","templated":true}]}}