{"id":21509,"date":"2023-04-03T10:35:33","date_gmt":"2023-04-03T14:35:33","guid":{"rendered":"https:\/\/www.manquecura.cl\/ciudad-del-este\/?p=21509"},"modified":"2023-04-03T10:35:33","modified_gmt":"2023-04-03T14:35:33","slug":"desarrollando-lideres-inspiradores-dli-implementacion-en-e-basica","status":"publish","type":"post","link":"https:\/\/www.manquecura.cl\/ciudad-del-este\/noticias\/desarrollando-lideres-inspiradores-dli-implementacion-en-e-basica\/","title":{"rendered":"Desarrollando L\u00edderes Inspiradores (DLI): Implementaci\u00f3n en E. B\u00e1sica"},"content":{"rendered":"<p>Atendiendo a la preocupaci\u00f3n permanente por acompa\u00f1ar a nuestros estudiantes en su desarrollo social, afectivo y acad\u00e9mico, la red de colegios Cognita desarroll\u00f3 un programa formativo-val\u00f3rico denominado <strong>Desarrollando L\u00edderes Inspiradores (DLI)<\/strong>, el cual se est\u00e1 implementando desde 2022 en Educaci\u00f3n Parvularia y este a\u00f1o <strong>2023 se pondr\u00e1 en marcha a partir del mes de abril en Educaci\u00f3n B\u00e1sica<\/strong>, a trav\u00e9s de clases y actividades semanales, las cuales ser\u00e1n comunicadas a las familias por el\/la docente de cada curso.<\/p>\n<p>Este programa busca potenciar habilidades socioemocionales que son la base del liderazgo, entendiendo \u00e9ste como el potencial que cada uno tiene desde su singularidad y las cualidades que lo caracterizan. Esto implicar\u00e1 un proceso, a nivel personal, que nuestros estudiantes ir\u00e1n vivenciando, descubriendo y desarrollando (junto a sus familias), desde lo m\u00e1s individual e introspectivo, hasta lo m\u00e1s colectivo y vincular.<\/p>\n<p><strong>Desarrollando L\u00edderes Inspiradores (DLI)<\/strong>, se encuentra en sinton\u00eda con el Proyecto Educativo Institucional (PEI) y adem\u00e1s de potenciar a los estudiantes, busca empoderar a los directivos y docentes para que sean facilitadores referentes, y convertir a los apoderados y padres en aliados para que contribuyan desde el hogar en este importante desaf\u00edo. El programa est\u00e1 construido sobre la base de los postulados y estudios en educaci\u00f3n social y emocional, fundados en la evidencia que presenta CASEL (Collaborative for Academic, Social and Emotional Learning), los desarrollos sobre Liderazgo de Stephen Covey, los principios de la Educaci\u00f3n Positiva y los factores de Bienestar (f\u00edsicos y mentales) de COGNITA. Bajo este s\u00f3lido sustento, nuestros estudiantes ir\u00e1n abordando, sesi\u00f3n a sesi\u00f3n, las siguientes habilidades y h\u00e1bitos de liderazgo, a trav\u00e9s de distintos ejes de competencias:<\/p>\n<p>En esta importante misi\u00f3n, ustedes son nuestros grandes aliados a la hora de dar continuidad, reforzar y acompa\u00f1ar lo visto en el aula, dando significado en la vida cotidiana a los aprendizajes que como colegio estamos entregando y que apuntan directamente al crecimiento integral de nuestros\/as ni\u00f1os y ni\u00f1as.<\/p>\n<p><strong>Durante el 2023 el programa DLI estar\u00e1 enfocado a Educaci\u00f3n Parvularia y a Educaci\u00f3n B\u00e1sica. En Educaci\u00f3n Media seguiremos implementando el Programa Dimensiones Formativas, para dar lugar a DLI en 2024.<\/strong><\/p>\n<p>Los invitamos a las familias del colegio a ser parte de este gran desaf\u00edo, agradeciendo desde ya su adhesi\u00f3n y apoyo, para juntos entregar al mundo m\u00e1s l\u00edderes inspiradores.<\/p>\n<p>&nbsp;<\/p>\n<p style=\"text-align: center\"><strong>Colegio Manquecura Ciudad del Este<\/strong><\/p>\n<p>[multimedia id=&#8221;1&#8243;]<\/p>\n"},"excerpt":{"rendered":"<p>Atendiendo a la preocupaci\u00f3n permanente por acompa\u00f1ar a nuestros estudiantes en su desarrollo social, afectivo y acad\u00e9mico, la red de colegios Cognita desarroll\u00f3 un programa formativo-val\u00f3rico denominado Desarrollando L\u00edderes Inspiradores (DLI), el cual se est\u00e1 implementando desde 2022 en Educaci\u00f3n Parvularia y este a\u00f1o 2023 se pondr\u00e1 en marcha a partir del mes de abril [&hellip;]<\/p>\n","protected":false},"author":14,"featured_media":21514,"comment_status":"open","ping_status":"open","sticky":false,"template":"","format":"standard","meta":{"_acf_changed":false,"content-type":"","_jetpack_memberships_contains_paid_content":false,"footnotes":""},"categories":[1],"tags":[],"class_list":["post-21509","post","type-post","status-publish","format-standard","has-post-thumbnail","hentry","category-vida-escolar"],"acf":[],"yoast_head":"<!-- This site is optimized with the Yoast SEO plugin v27.1.1 - https:\/\/yoast.com\/product\/yoast-seo-wordpress\/ -->\n<title>Desarrollando L\u00edderes Inspiradores (DLI): Implementaci\u00f3n en E. B\u00e1sica - Colegio Manquecura Ciudad del Este<\/title>\n<meta name=\"robots\" content=\"index, follow, max-snippet:-1, max-image-preview:large, max-video-preview:-1\" \/>\n<link rel=\"canonical\" href=\"https:\/\/www.manquecura.cl\/ciudad-del-este\/noticias\/desarrollando-lideres-inspiradores-dli-implementacion-en-e-basica\/\" \/>\n<meta property=\"og:locale\" content=\"es_ES\" \/>\n<meta property=\"og:type\" content=\"article\" \/>\n<meta property=\"og:title\" content=\"Desarrollando L\u00edderes Inspiradores (DLI): Implementaci\u00f3n en E. B\u00e1sica - Colegio Manquecura Ciudad del Este\" \/>\n<meta property=\"og:description\" content=\"Atendiendo a la preocupaci\u00f3n permanente por acompa\u00f1ar a nuestros estudiantes en su desarrollo social, afectivo y acad\u00e9mico, la red de colegios Cognita desarroll\u00f3 un programa formativo-val\u00f3rico denominado Desarrollando L\u00edderes Inspiradores (DLI), el cual se est\u00e1 implementando desde 2022 en Educaci\u00f3n Parvularia y este a\u00f1o 2023 se pondr\u00e1 en marcha a partir del mes de abril [&hellip;]\" \/>\n<meta property=\"og:url\" content=\"https:\/\/www.manquecura.cl\/ciudad-del-este\/noticias\/desarrollando-lideres-inspiradores-dli-implementacion-en-e-basica\/\" \/>\n<meta property=\"og:site_name\" content=\"Colegio Manquecura Ciudad del Este\" \/>\n<meta property=\"article:publisher\" content=\"http:\/\/www.facebook.com\/ColegiosManquecura\" \/>\n<meta property=\"article:published_time\" content=\"2023-04-03T14:35:33+00:00\" \/>\n<meta name=\"author\" content=\"jorgedelcampo\" \/>\n<meta name=\"twitter:card\" content=\"summary_large_image\" \/>\n<meta name=\"twitter:label1\" content=\"Escrito por\" \/>\n\t<meta name=\"twitter:data1\" content=\"jorgedelcampo\" \/>\n\t<meta name=\"twitter:label2\" content=\"Tiempo de lectura\" \/>\n\t<meta name=\"twitter:data2\" content=\"2 minutos\" \/>\n<script type=\"application\/ld+json\" class=\"yoast-schema-graph\">{\"@context\":\"https:\/\/schema.org\",\"@graph\":[{\"@type\":\"Article\",\"@id\":\"https:\/\/www.manquecura.cl\/ciudad-del-este\/noticias\/desarrollando-lideres-inspiradores-dli-implementacion-en-e-basica\/#article\",\"isPartOf\":{\"@id\":\"https:\/\/www.manquecura.cl\/ciudad-del-este\/noticias\/desarrollando-lideres-inspiradores-dli-implementacion-en-e-basica\/\"},\"author\":{\"name\":\"jorgedelcampo\",\"@id\":\"https:\/\/www.manquecura.cl\/ciudad-del-este\/#\/schema\/person\/0debeea140e397b5d490ee7e553255d8\"},\"headline\":\"Desarrollando L\u00edderes Inspiradores (DLI): Implementaci\u00f3n en E. B\u00e1sica\",\"datePublished\":\"2023-04-03T14:35:33+00:00\",\"mainEntityOfPage\":{\"@id\":\"https:\/\/www.manquecura.cl\/ciudad-del-este\/noticias\/desarrollando-lideres-inspiradores-dli-implementacion-en-e-basica\/\"},\"wordCount\":435,\"commentCount\":0,\"publisher\":{\"@id\":\"https:\/\/www.manquecura.cl\/ciudad-del-este\/#organization\"},\"image\":{\"@id\":\"https:\/\/www.manquecura.cl\/ciudad-del-este\/noticias\/desarrollando-lideres-inspiradores-dli-implementacion-en-e-basica\/#primaryimage\"},\"thumbnailUrl\":\"https:\/\/www.manquecura.cl\/ciudad-del-este\/wp-content\/uploads\/sites\/41\/2023\/04\/dli_-web.jpg\",\"articleSection\":[\"Vida Escolar\"],\"inLanguage\":\"es\",\"potentialAction\":[{\"@type\":\"CommentAction\",\"name\":\"Comment\",\"target\":[\"https:\/\/www.manquecura.cl\/ciudad-del-este\/noticias\/desarrollando-lideres-inspiradores-dli-implementacion-en-e-basica\/#respond\"]}]},{\"@type\":\"WebPage\",\"@id\":\"https:\/\/www.manquecura.cl\/ciudad-del-este\/noticias\/desarrollando-lideres-inspiradores-dli-implementacion-en-e-basica\/\",\"url\":\"https:\/\/www.manquecura.cl\/ciudad-del-este\/noticias\/desarrollando-lideres-inspiradores-dli-implementacion-en-e-basica\/\",\"name\":\"Desarrollando L\u00edderes Inspiradores (DLI): Implementaci\u00f3n en E. B\u00e1sica - Colegio Manquecura Ciudad del Este\",\"isPartOf\":{\"@id\":\"https:\/\/www.manquecura.cl\/ciudad-del-este\/#website\"},\"primaryImageOfPage\":{\"@id\":\"https:\/\/www.manquecura.cl\/ciudad-del-este\/noticias\/desarrollando-lideres-inspiradores-dli-implementacion-en-e-basica\/#primaryimage\"},\"image\":{\"@id\":\"https:\/\/www.manquecura.cl\/ciudad-del-este\/noticias\/desarrollando-lideres-inspiradores-dli-implementacion-en-e-basica\/#primaryimage\"},\"thumbnailUrl\":\"https:\/\/www.manquecura.cl\/ciudad-del-este\/wp-content\/uploads\/sites\/41\/2023\/04\/dli_-web.jpg\",\"datePublished\":\"2023-04-03T14:35:33+00:00\",\"breadcrumb\":{\"@id\":\"https:\/\/www.manquecura.cl\/ciudad-del-este\/noticias\/desarrollando-lideres-inspiradores-dli-implementacion-en-e-basica\/#breadcrumb\"},\"inLanguage\":\"es\",\"potentialAction\":[{\"@type\":\"ReadAction\",\"target\":[\"https:\/\/www.manquecura.cl\/ciudad-del-este\/noticias\/desarrollando-lideres-inspiradores-dli-implementacion-en-e-basica\/\"]}]},{\"@type\":\"ImageObject\",\"inLanguage\":\"es\",\"@id\":\"https:\/\/www.manquecura.cl\/ciudad-del-este\/noticias\/desarrollando-lideres-inspiradores-dli-implementacion-en-e-basica\/#primaryimage\",\"url\":\"https:\/\/www.manquecura.cl\/ciudad-del-este\/wp-content\/uploads\/sites\/41\/2023\/04\/dli_-web.jpg\",\"contentUrl\":\"https:\/\/www.manquecura.cl\/ciudad-del-este\/wp-content\/uploads\/sites\/41\/2023\/04\/dli_-web.jpg\",\"width\":836,\"height\":523},{\"@type\":\"BreadcrumbList\",\"@id\":\"https:\/\/www.manquecura.cl\/ciudad-del-este\/noticias\/desarrollando-lideres-inspiradores-dli-implementacion-en-e-basica\/#breadcrumb\",\"itemListElement\":[{\"@type\":\"ListItem\",\"position\":1,\"name\":\"Home\",\"item\":\"https:\/\/www.manquecura.cl\/ciudad-del-este\/\"},{\"@type\":\"ListItem\",\"position\":2,\"name\":\"Desarrollando L\u00edderes Inspiradores (DLI): Implementaci\u00f3n en E. B\u00e1sica\"}]},{\"@type\":\"WebSite\",\"@id\":\"https:\/\/www.manquecura.cl\/ciudad-del-este\/#website\",\"url\":\"https:\/\/www.manquecura.cl\/ciudad-del-este\/\",\"name\":\"Colegio Manquecura Ciudad del Este\",\"description\":\"\",\"publisher\":{\"@id\":\"https:\/\/www.manquecura.cl\/ciudad-del-este\/#organization\"},\"potentialAction\":[{\"@type\":\"SearchAction\",\"target\":{\"@type\":\"EntryPoint\",\"urlTemplate\":\"https:\/\/www.manquecura.cl\/ciudad-del-este\/?s={search_term_string}\"},\"query-input\":{\"@type\":\"PropertyValueSpecification\",\"valueRequired\":true,\"valueName\":\"search_term_string\"}}],\"inLanguage\":\"es\"},{\"@type\":\"Organization\",\"@id\":\"https:\/\/www.manquecura.cl\/ciudad-del-este\/#organization\",\"name\":\"Colegio Manquecura Ciudad del Este\",\"url\":\"https:\/\/www.manquecura.cl\/ciudad-del-este\/\",\"logo\":{\"@type\":\"ImageObject\",\"inLanguage\":\"es\",\"@id\":\"https:\/\/www.manquecura.cl\/ciudad-del-este\/#\/schema\/logo\/image\/\",\"url\":\"https:\/\/www.manquecura.cl\/ciudad-del-este\/wp-content\/uploads\/sites\/41\/2023\/09\/logo_Manquecura_Ciudad-del-Este_horizontal_color-1.png\",\"contentUrl\":\"https:\/\/www.manquecura.cl\/ciudad-del-este\/wp-content\/uploads\/sites\/41\/2023\/09\/logo_Manquecura_Ciudad-del-Este_horizontal_color-1.png\",\"width\":611,\"height\":183,\"caption\":\"Colegio Manquecura Ciudad del Este\"},\"image\":{\"@id\":\"https:\/\/www.manquecura.cl\/ciudad-del-este\/#\/schema\/logo\/image\/\"},\"sameAs\":[\"http:\/\/www.facebook.com\/ColegiosManquecura\",\"http:\/\/www.instagram.com\/manquecura_ciudaddeleste\/\",\"http:\/\/www.youtube.com\/c\/CognitaChile\"]},{\"@type\":\"Person\",\"@id\":\"https:\/\/www.manquecura.cl\/ciudad-del-este\/#\/schema\/person\/0debeea140e397b5d490ee7e553255d8\",\"name\":\"jorgedelcampo\",\"image\":{\"@type\":\"ImageObject\",\"inLanguage\":\"es\",\"@id\":\"https:\/\/www.manquecura.cl\/ciudad-del-este\/#\/schema\/person\/image\/\",\"url\":\"https:\/\/secure.gravatar.com\/avatar\/4a315f521213b2dc91dbda9bf799f711c8a98ab6f5606ec42cf5b33d1e762e8a?s=96&d=mm&r=g\",\"contentUrl\":\"https:\/\/secure.gravatar.com\/avatar\/4a315f521213b2dc91dbda9bf799f711c8a98ab6f5606ec42cf5b33d1e762e8a?s=96&d=mm&r=g\",\"caption\":\"jorgedelcampo\"}}]}<\/script>\n<!-- \/ Yoast SEO plugin. -->","yoast_head_json":{"title":"Desarrollando L\u00edderes Inspiradores (DLI): Implementaci\u00f3n en E. B\u00e1sica - Colegio Manquecura Ciudad del Este","robots":{"index":"index","follow":"follow","max-snippet":"max-snippet:-1","max-image-preview":"max-image-preview:large","max-video-preview":"max-video-preview:-1"},"canonical":"https:\/\/www.manquecura.cl\/ciudad-del-este\/noticias\/desarrollando-lideres-inspiradores-dli-implementacion-en-e-basica\/","og_locale":"es_ES","og_type":"article","og_title":"Desarrollando L\u00edderes Inspiradores (DLI): Implementaci\u00f3n en E. B\u00e1sica - Colegio Manquecura Ciudad del Este","og_description":"Atendiendo a la preocupaci\u00f3n permanente por acompa\u00f1ar a nuestros estudiantes en su desarrollo social, afectivo y acad\u00e9mico, la red de colegios Cognita desarroll\u00f3 un programa formativo-val\u00f3rico denominado Desarrollando L\u00edderes Inspiradores (DLI), el cual se est\u00e1 implementando desde 2022 en Educaci\u00f3n Parvularia y este a\u00f1o 2023 se pondr\u00e1 en marcha a partir del mes de abril [&hellip;]","og_url":"https:\/\/www.manquecura.cl\/ciudad-del-este\/noticias\/desarrollando-lideres-inspiradores-dli-implementacion-en-e-basica\/","og_site_name":"Colegio Manquecura Ciudad del Este","article_publisher":"http:\/\/www.facebook.com\/ColegiosManquecura","article_published_time":"2023-04-03T14:35:33+00:00","author":"jorgedelcampo","twitter_card":"summary_large_image","twitter_misc":{"Escrito por":"jorgedelcampo","Tiempo de lectura":"2 minutos"},"schema":{"@context":"https:\/\/schema.org","@graph":[{"@type":"Article","@id":"https:\/\/www.manquecura.cl\/ciudad-del-este\/noticias\/desarrollando-lideres-inspiradores-dli-implementacion-en-e-basica\/#article","isPartOf":{"@id":"https:\/\/www.manquecura.cl\/ciudad-del-este\/noticias\/desarrollando-lideres-inspiradores-dli-implementacion-en-e-basica\/"},"author":{"name":"jorgedelcampo","@id":"https:\/\/www.manquecura.cl\/ciudad-del-este\/#\/schema\/person\/0debeea140e397b5d490ee7e553255d8"},"headline":"Desarrollando L\u00edderes Inspiradores (DLI): Implementaci\u00f3n en E. B\u00e1sica","datePublished":"2023-04-03T14:35:33+00:00","mainEntityOfPage":{"@id":"https:\/\/www.manquecura.cl\/ciudad-del-este\/noticias\/desarrollando-lideres-inspiradores-dli-implementacion-en-e-basica\/"},"wordCount":435,"commentCount":0,"publisher":{"@id":"https:\/\/www.manquecura.cl\/ciudad-del-este\/#organization"},"image":{"@id":"https:\/\/www.manquecura.cl\/ciudad-del-este\/noticias\/desarrollando-lideres-inspiradores-dli-implementacion-en-e-basica\/#primaryimage"},"thumbnailUrl":"https:\/\/www.manquecura.cl\/ciudad-del-este\/wp-content\/uploads\/sites\/41\/2023\/04\/dli_-web.jpg","articleSection":["Vida Escolar"],"inLanguage":"es","potentialAction":[{"@type":"CommentAction","name":"Comment","target":["https:\/\/www.manquecura.cl\/ciudad-del-este\/noticias\/desarrollando-lideres-inspiradores-dli-implementacion-en-e-basica\/#respond"]}]},{"@type":"WebPage","@id":"https:\/\/www.manquecura.cl\/ciudad-del-este\/noticias\/desarrollando-lideres-inspiradores-dli-implementacion-en-e-basica\/","url":"https:\/\/www.manquecura.cl\/ciudad-del-este\/noticias\/desarrollando-lideres-inspiradores-dli-implementacion-en-e-basica\/","name":"Desarrollando L\u00edderes Inspiradores (DLI): Implementaci\u00f3n en E. B\u00e1sica - Colegio Manquecura Ciudad del Este","isPartOf":{"@id":"https:\/\/www.manquecura.cl\/ciudad-del-este\/#website"},"primaryImageOfPage":{"@id":"https:\/\/www.manquecura.cl\/ciudad-del-este\/noticias\/desarrollando-lideres-inspiradores-dli-implementacion-en-e-basica\/#primaryimage"},"image":{"@id":"https:\/\/www.manquecura.cl\/ciudad-del-este\/noticias\/desarrollando-lideres-inspiradores-dli-implementacion-en-e-basica\/#primaryimage"},"thumbnailUrl":"https:\/\/www.manquecura.cl\/ciudad-del-este\/wp-content\/uploads\/sites\/41\/2023\/04\/dli_-web.jpg","datePublished":"2023-04-03T14:35:33+00:00","breadcrumb":{"@id":"https:\/\/www.manquecura.cl\/ciudad-del-este\/noticias\/desarrollando-lideres-inspiradores-dli-implementacion-en-e-basica\/#breadcrumb"},"inLanguage":"es","potentialAction":[{"@type":"ReadAction","target":["https:\/\/www.manquecura.cl\/ciudad-del-este\/noticias\/desarrollando-lideres-inspiradores-dli-implementacion-en-e-basica\/"]}]},{"@type":"ImageObject","inLanguage":"es","@id":"https:\/\/www.manquecura.cl\/ciudad-del-este\/noticias\/desarrollando-lideres-inspiradores-dli-implementacion-en-e-basica\/#primaryimage","url":"https:\/\/www.manquecura.cl\/ciudad-del-este\/wp-content\/uploads\/sites\/41\/2023\/04\/dli_-web.jpg","contentUrl":"https:\/\/www.manquecura.cl\/ciudad-del-este\/wp-content\/uploads\/sites\/41\/2023\/04\/dli_-web.jpg","width":836,"height":523},{"@type":"BreadcrumbList","@id":"https:\/\/www.manquecura.cl\/ciudad-del-este\/noticias\/desarrollando-lideres-inspiradores-dli-implementacion-en-e-basica\/#breadcrumb","itemListElement":[{"@type":"ListItem","position":1,"name":"Home","item":"https:\/\/www.manquecura.cl\/ciudad-del-este\/"},{"@type":"ListItem","position":2,"name":"Desarrollando L\u00edderes Inspiradores (DLI): Implementaci\u00f3n en E. B\u00e1sica"}]},{"@type":"WebSite","@id":"https:\/\/www.manquecura.cl\/ciudad-del-este\/#website","url":"https:\/\/www.manquecura.cl\/ciudad-del-este\/","name":"Colegio Manquecura Ciudad del Este","description":"","publisher":{"@id":"https:\/\/www.manquecura.cl\/ciudad-del-este\/#organization"},"potentialAction":[{"@type":"SearchAction","target":{"@type":"EntryPoint","urlTemplate":"https:\/\/www.manquecura.cl\/ciudad-del-este\/?s={search_term_string}"},"query-input":{"@type":"PropertyValueSpecification","valueRequired":true,"valueName":"search_term_string"}}],"inLanguage":"es"},{"@type":"Organization","@id":"https:\/\/www.manquecura.cl\/ciudad-del-este\/#organization","name":"Colegio Manquecura Ciudad del Este","url":"https:\/\/www.manquecura.cl\/ciudad-del-este\/","logo":{"@type":"ImageObject","inLanguage":"es","@id":"https:\/\/www.manquecura.cl\/ciudad-del-este\/#\/schema\/logo\/image\/","url":"https:\/\/www.manquecura.cl\/ciudad-del-este\/wp-content\/uploads\/sites\/41\/2023\/09\/logo_Manquecura_Ciudad-del-Este_horizontal_color-1.png","contentUrl":"https:\/\/www.manquecura.cl\/ciudad-del-este\/wp-content\/uploads\/sites\/41\/2023\/09\/logo_Manquecura_Ciudad-del-Este_horizontal_color-1.png","width":611,"height":183,"caption":"Colegio Manquecura Ciudad del Este"},"image":{"@id":"https:\/\/www.manquecura.cl\/ciudad-del-este\/#\/schema\/logo\/image\/"},"sameAs":["http:\/\/www.facebook.com\/ColegiosManquecura","http:\/\/www.instagram.com\/manquecura_ciudaddeleste\/","http:\/\/www.youtube.com\/c\/CognitaChile"]},{"@type":"Person","@id":"https:\/\/www.manquecura.cl\/ciudad-del-este\/#\/schema\/person\/0debeea140e397b5d490ee7e553255d8","name":"jorgedelcampo","image":{"@type":"ImageObject","inLanguage":"es","@id":"https:\/\/www.manquecura.cl\/ciudad-del-este\/#\/schema\/person\/image\/","url":"https:\/\/secure.gravatar.com\/avatar\/4a315f521213b2dc91dbda9bf799f711c8a98ab6f5606ec42cf5b33d1e762e8a?s=96&d=mm&r=g","contentUrl":"https:\/\/secure.gravatar.com\/avatar\/4a315f521213b2dc91dbda9bf799f711c8a98ab6f5606ec42cf5b33d1e762e8a?s=96&d=mm&r=g","caption":"jorgedelcampo"}}]}},"jetpack_featured_media_url":"https:\/\/www.manquecura.cl\/ciudad-del-este\/wp-content\/uploads\/sites\/41\/2023\/04\/dli_-web.jpg","previous_post_ID":21516,"previous_post_title":"Proyecto Retiro Seguro E. Parvularia en Manquecura Ciudad Este","previous_post_excerpt":"En Manquecura Ciudad Este hemos creamos nuevo sistema de retiro para nuestros alumnos Educaci\u00f3n Parvularia, con la finalidad de hacer segura y r\u00e1pida la salida de cada uno de ellos, identificando a los adultos que los retiran. Para ejecutarlo hemos creado un sistema de enrolamiento utilizando el c\u00f3digo QR de la C\u00e9dula de identidad, que [&hellip;]","previous_post_link":"https:\/\/www.manquecura.cl\/ciudad-del-este\/noticias\/proyecto-retiro-seguro-e-parvularia-en-manquecura-ciudad-este\/","previous_post_class":["post-21516","post","type-post","status-publish","format-standard","has-post-thumbnail","hentry","category-vida-escolar"],"next_post_ID":21519,"next_post_title":"Concurso de Microcuentos: Celebraci\u00f3n del Mes del Libro 2023","next_post_excerpt":"Tenemos muchas actividades planificadas para realizar durante abril, \u00e9poca en la que celebramos el Mes del Libro y del Derecho de Autor con todos los alumnos de Manquecura CDE. A nuestros padres y apoderados queremos solicitar su apoyo para incentivar a que los ni\u00f1os y j\u00f3venes participen del Concurso de Microcuentos Ilustrados, cuya fecha de [&hellip;]","next_post_link":"https:\/\/www.manquecura.cl\/ciudad-del-este\/noticias\/concurso-de-microcuentos-celebracion-del-mes-del-libro-2023\/","next_post_class":["post-21519","post","type-post","status-publish","format-standard","has-post-thumbnail","hentry","category-vida-escolar"],"jetpack_sharing_enabled":true,"_links":{"self":[{"href":"https:\/\/www.manquecura.cl\/ciudad-del-este\/wp-json\/wp\/v2\/posts\/21509","targetHints":{"allow":["GET"]}}],"collection":[{"href":"https:\/\/www.manquecura.cl\/ciudad-del-este\/wp-json\/wp\/v2\/posts"}],"about":[{"href":"https:\/\/www.manquecura.cl\/ciudad-del-este\/wp-json\/wp\/v2\/types\/post"}],"author":[{"embeddable":true,"href":"https:\/\/www.manquecura.cl\/ciudad-del-este\/wp-json\/wp\/v2\/users\/14"}],"replies":[{"embeddable":true,"href":"https:\/\/www.manquecura.cl\/ciudad-del-este\/wp-json\/wp\/v2\/comments?post=21509"}],"version-history":[{"count":0,"href":"https:\/\/www.manquecura.cl\/ciudad-del-este\/wp-json\/wp\/v2\/posts\/21509\/revisions"}],"wp:featuredmedia":[{"embeddable":true,"href":"https:\/\/www.manquecura.cl\/ciudad-del-este\/wp-json\/wp\/v2\/media\/21514"}],"wp:attachment":[{"href":"https:\/\/www.manquecura.cl\/ciudad-del-este\/wp-json\/wp\/v2\/media?parent=21509"}],"wp:term":[{"taxonomy":"category","embeddable":true,"href":"https:\/\/www.manquecura.cl\/ciudad-del-este\/wp-json\/wp\/v2\/categories?post=21509"},{"taxonomy":"post_tag","embeddable":true,"href":"https:\/\/www.manquecura.cl\/ciudad-del-este\/wp-json\/wp\/v2\/tags?post=21509"}],"curies":[{"name":"wp","href":"https:\/\/api.w.org\/{rel}","templated":true}]}}