{"id":21476,"date":"2023-03-28T12:09:56","date_gmt":"2023-03-28T15:09:56","guid":{"rendered":"https:\/\/www.manquecura.cl\/ciudad-del-este\/?p=21476"},"modified":"2023-03-28T12:09:56","modified_gmt":"2023-03-28T15:09:56","slug":"charla-informativa-del-programa-de-intercambio-internacional-de-los-colegios-cognita-chile","status":"publish","type":"post","link":"https:\/\/www.manquecura.cl\/ciudad-del-este\/noticias\/charla-informativa-del-programa-de-intercambio-internacional-de-los-colegios-cognita-chile\/","title":{"rendered":"Charla Informativa del Programa de Intercambio Internacional de los colegios Cognita Chile"},"content":{"rendered":"<p>Nos es muy grato invitar a nuestros padres y apoderados de 8vo B\u00e1sico a III Medio, a participar a la <strong><a href=\"https:\/\/ddec1-0-en-ctp.trendmicro.com\/wis\/clicktime\/v1\/query?url=https%3a%2f%2fteams.microsoft.com%2fl%2fmeetup%2djoin%2f19%253ameeting%5fNTE5NTYxYTMtNmE1My00MWIxLTg3ZGUtMGI1NDQ3NTc4OTdm%2540thread.v2%2f0%3fcontext%3d%257b%2522Tid%2522%253a%252206d2dc82%2d6fed%2d4d3b%2d9218%2d37d34fb0405b%2522%252c%2522Oid%2522%253a%25220bb92002%2d560e%2d403b%2da902%2d5ce9988b8732%2522%257d&amp;umid=7b6f148a-5dd9-480f-a7da-a021ce97cd7e&amp;auth=82506ae52927d0cea9ccc6e4f73b0eaea0ceba86-f611f49afa9aa142104536aaaaa44e9580dc6da6\" target=\"_blank\" rel=\"noopener\">Charla Informativa del Programa de Intercambio Internacional de los colegios Cognita Chile<\/a>,\u00a0<\/strong>\u00a0que tendr\u00e1 lugar el<strong>\u00a0martes 04\u00a0de abril a las 19:30 horas, v\u00eda Teams (online)<\/strong>.<\/p>\n<p>En esta reuni\u00f3n explicaremos el<strong>\u00a0<\/strong>programa de intercambio, responderemos sus consultas y detallaremos\u00a0el<strong>\u00a0proceso de postulaci\u00f3n para el pr\u00f3ximo viaje de 5 semanas a Reino Unido, que se realizar\u00e1 en noviembre\u00a02023.\u00a0<\/strong><\/p>\n<p>Esta experiencia\u00a0es una gran oportunidad para fortalecer\u00a0<strong>competencias ling\u00fc\u00edsticas, interpersonales y culturales como ciudadanos globales. \u00a1Participa!<\/strong><\/p>\n<p>Para m\u00e1s informaci\u00f3n, comun\u00edquese\u00a0con Carolina Bergamasco al email\u00a0<a href=\"mailto:cognitachile_intercambioUK@cognita.com\" target=\"_blank\" rel=\"noopener\">cognitachile_intercambioUK@cognita.com<\/a><a href=\"mailto:cognitachile_intercambioUK@cognita.com?subject=Necesito%20informaci%C3%B3n%20adicional%20de...\" target=\"_blank\" rel=\"noopener\">\u00a0<\/a><\/p>\n<p style=\"text-align: center\"><strong>Direcci\u00f3n de Proyectos Globales e Innovaci\u00f3n<br \/>\nCognita Chile<\/strong><\/p>\n<p>&nbsp;<\/p>\n<h2 style=\"text-align: center\"><a href=\"https:\/\/ddec1-0-en-ctp.trendmicro.com\/wis\/clicktime\/v1\/query?url=https%3a%2f%2fteams.microsoft.com%2fl%2fmeetup%2djoin%2f19%253ameeting%5fNTE5NTYxYTMtNmE1My00MWIxLTg3ZGUtMGI1NDQ3NTc4OTdm%2540thread.v2%2f0%3fcontext%3d%257b%2522Tid%2522%253a%252206d2dc82%2d6fed%2d4d3b%2d9218%2d37d34fb0405b%2522%252c%2522Oid%2522%253a%25220bb92002%2d560e%2d403b%2da902%2d5ce9988b8732%2522%257d&amp;umid=7b6f148a-5dd9-480f-a7da-a021ce97cd7e&amp;auth=82506ae52927d0cea9ccc6e4f73b0eaea0ceba86-f611f49afa9aa142104536aaaaa44e9580dc6da6\"><span style=\"color: #008080\">CON\u00c9CTATE AQU\u00cd A LA CHARLA<\/span><\/a><\/h2>\n"},"excerpt":{"rendered":"<p>Nos es muy grato invitar a nuestros padres y apoderados de 8vo B\u00e1sico a III Medio, a participar a la Charla Informativa del Programa de Intercambio Internacional de los colegios Cognita Chile,\u00a0\u00a0que tendr\u00e1 lugar el\u00a0martes 04\u00a0de abril a las 19:30 horas, v\u00eda Teams (online). En esta reuni\u00f3n explicaremos el\u00a0programa de intercambio, responderemos sus consultas y [&hellip;]<\/p>\n","protected":false},"author":14,"featured_media":21477,"comment_status":"open","ping_status":"open","sticky":false,"template":"","format":"standard","meta":{"_acf_changed":false,"content-type":"","_jetpack_memberships_contains_paid_content":false,"footnotes":""},"categories":[1],"tags":[],"class_list":["post-21476","post","type-post","status-publish","format-standard","has-post-thumbnail","hentry","category-vida-escolar"],"acf":[],"yoast_head":"<!-- This site is optimized with the Yoast SEO plugin v27.1.1 - https:\/\/yoast.com\/product\/yoast-seo-wordpress\/ -->\n<title>Charla Informativa del Programa de Intercambio Internacional de los colegios Cognita Chile - Colegio Manquecura Ciudad del Este<\/title>\n<meta name=\"robots\" content=\"index, follow, max-snippet:-1, max-image-preview:large, max-video-preview:-1\" \/>\n<link rel=\"canonical\" href=\"https:\/\/www.manquecura.cl\/ciudad-del-este\/noticias\/charla-informativa-del-programa-de-intercambio-internacional-de-los-colegios-cognita-chile\/\" \/>\n<meta property=\"og:locale\" content=\"es_ES\" \/>\n<meta property=\"og:type\" content=\"article\" \/>\n<meta property=\"og:title\" content=\"Charla Informativa del Programa de Intercambio Internacional de los colegios Cognita Chile - Colegio Manquecura Ciudad del Este\" \/>\n<meta property=\"og:description\" content=\"Nos es muy grato invitar a nuestros padres y apoderados de 8vo B\u00e1sico a III Medio, a participar a la Charla Informativa del Programa de Intercambio Internacional de los colegios Cognita Chile,\u00a0\u00a0que tendr\u00e1 lugar el\u00a0martes 04\u00a0de abril a las 19:30 horas, v\u00eda Teams (online). En esta reuni\u00f3n explicaremos el\u00a0programa de intercambio, responderemos sus consultas y [&hellip;]\" \/>\n<meta property=\"og:url\" content=\"https:\/\/www.manquecura.cl\/ciudad-del-este\/noticias\/charla-informativa-del-programa-de-intercambio-internacional-de-los-colegios-cognita-chile\/\" \/>\n<meta property=\"og:site_name\" content=\"Colegio Manquecura Ciudad del Este\" \/>\n<meta property=\"article:publisher\" content=\"http:\/\/www.facebook.com\/ColegiosManquecura\" \/>\n<meta property=\"article:published_time\" content=\"2023-03-28T15:09:56+00:00\" \/>\n<meta name=\"author\" content=\"jorgedelcampo\" \/>\n<meta name=\"twitter:card\" content=\"summary_large_image\" \/>\n<meta name=\"twitter:label1\" content=\"Escrito por\" \/>\n\t<meta name=\"twitter:data1\" content=\"jorgedelcampo\" \/>\n\t<meta name=\"twitter:label2\" content=\"Tiempo de lectura\" \/>\n\t<meta name=\"twitter:data2\" content=\"1 minuto\" \/>\n<script type=\"application\/ld+json\" class=\"yoast-schema-graph\">{\"@context\":\"https:\/\/schema.org\",\"@graph\":[{\"@type\":\"Article\",\"@id\":\"https:\/\/www.manquecura.cl\/ciudad-del-este\/noticias\/charla-informativa-del-programa-de-intercambio-internacional-de-los-colegios-cognita-chile\/#article\",\"isPartOf\":{\"@id\":\"https:\/\/www.manquecura.cl\/ciudad-del-este\/noticias\/charla-informativa-del-programa-de-intercambio-internacional-de-los-colegios-cognita-chile\/\"},\"author\":{\"name\":\"jorgedelcampo\",\"@id\":\"https:\/\/www.manquecura.cl\/ciudad-del-este\/#\/schema\/person\/0debeea140e397b5d490ee7e553255d8\"},\"headline\":\"Charla Informativa del Programa de Intercambio Internacional de los colegios Cognita Chile\",\"datePublished\":\"2023-03-28T15:09:56+00:00\",\"mainEntityOfPage\":{\"@id\":\"https:\/\/www.manquecura.cl\/ciudad-del-este\/noticias\/charla-informativa-del-programa-de-intercambio-internacional-de-los-colegios-cognita-chile\/\"},\"wordCount\":144,\"commentCount\":0,\"publisher\":{\"@id\":\"https:\/\/www.manquecura.cl\/ciudad-del-este\/#organization\"},\"image\":{\"@id\":\"https:\/\/www.manquecura.cl\/ciudad-del-este\/noticias\/charla-informativa-del-programa-de-intercambio-internacional-de-los-colegios-cognita-chile\/#primaryimage\"},\"thumbnailUrl\":\"https:\/\/www.manquecura.cl\/ciudad-del-este\/wp-content\/uploads\/sites\/41\/2023\/03\/Eventos-2.jpg\",\"articleSection\":[\"Vida Escolar\"],\"inLanguage\":\"es\",\"potentialAction\":[{\"@type\":\"CommentAction\",\"name\":\"Comment\",\"target\":[\"https:\/\/www.manquecura.cl\/ciudad-del-este\/noticias\/charla-informativa-del-programa-de-intercambio-internacional-de-los-colegios-cognita-chile\/#respond\"]}]},{\"@type\":\"WebPage\",\"@id\":\"https:\/\/www.manquecura.cl\/ciudad-del-este\/noticias\/charla-informativa-del-programa-de-intercambio-internacional-de-los-colegios-cognita-chile\/\",\"url\":\"https:\/\/www.manquecura.cl\/ciudad-del-este\/noticias\/charla-informativa-del-programa-de-intercambio-internacional-de-los-colegios-cognita-chile\/\",\"name\":\"Charla Informativa del Programa de Intercambio Internacional de los colegios Cognita Chile - Colegio Manquecura Ciudad del Este\",\"isPartOf\":{\"@id\":\"https:\/\/www.manquecura.cl\/ciudad-del-este\/#website\"},\"primaryImageOfPage\":{\"@id\":\"https:\/\/www.manquecura.cl\/ciudad-del-este\/noticias\/charla-informativa-del-programa-de-intercambio-internacional-de-los-colegios-cognita-chile\/#primaryimage\"},\"image\":{\"@id\":\"https:\/\/www.manquecura.cl\/ciudad-del-este\/noticias\/charla-informativa-del-programa-de-intercambio-internacional-de-los-colegios-cognita-chile\/#primaryimage\"},\"thumbnailUrl\":\"https:\/\/www.manquecura.cl\/ciudad-del-este\/wp-content\/uploads\/sites\/41\/2023\/03\/Eventos-2.jpg\",\"datePublished\":\"2023-03-28T15:09:56+00:00\",\"breadcrumb\":{\"@id\":\"https:\/\/www.manquecura.cl\/ciudad-del-este\/noticias\/charla-informativa-del-programa-de-intercambio-internacional-de-los-colegios-cognita-chile\/#breadcrumb\"},\"inLanguage\":\"es\",\"potentialAction\":[{\"@type\":\"ReadAction\",\"target\":[\"https:\/\/www.manquecura.cl\/ciudad-del-este\/noticias\/charla-informativa-del-programa-de-intercambio-internacional-de-los-colegios-cognita-chile\/\"]}]},{\"@type\":\"ImageObject\",\"inLanguage\":\"es\",\"@id\":\"https:\/\/www.manquecura.cl\/ciudad-del-este\/noticias\/charla-informativa-del-programa-de-intercambio-internacional-de-los-colegios-cognita-chile\/#primaryimage\",\"url\":\"https:\/\/www.manquecura.cl\/ciudad-del-este\/wp-content\/uploads\/sites\/41\/2023\/03\/Eventos-2.jpg\",\"contentUrl\":\"https:\/\/www.manquecura.cl\/ciudad-del-este\/wp-content\/uploads\/sites\/41\/2023\/03\/Eventos-2.jpg\",\"width\":836,\"height\":523},{\"@type\":\"BreadcrumbList\",\"@id\":\"https:\/\/www.manquecura.cl\/ciudad-del-este\/noticias\/charla-informativa-del-programa-de-intercambio-internacional-de-los-colegios-cognita-chile\/#breadcrumb\",\"itemListElement\":[{\"@type\":\"ListItem\",\"position\":1,\"name\":\"Home\",\"item\":\"https:\/\/www.manquecura.cl\/ciudad-del-este\/\"},{\"@type\":\"ListItem\",\"position\":2,\"name\":\"Charla Informativa del Programa de Intercambio Internacional de los colegios Cognita Chile\"}]},{\"@type\":\"WebSite\",\"@id\":\"https:\/\/www.manquecura.cl\/ciudad-del-este\/#website\",\"url\":\"https:\/\/www.manquecura.cl\/ciudad-del-este\/\",\"name\":\"Colegio Manquecura Ciudad del Este\",\"description\":\"\",\"publisher\":{\"@id\":\"https:\/\/www.manquecura.cl\/ciudad-del-este\/#organization\"},\"potentialAction\":[{\"@type\":\"SearchAction\",\"target\":{\"@type\":\"EntryPoint\",\"urlTemplate\":\"https:\/\/www.manquecura.cl\/ciudad-del-este\/?s={search_term_string}\"},\"query-input\":{\"@type\":\"PropertyValueSpecification\",\"valueRequired\":true,\"valueName\":\"search_term_string\"}}],\"inLanguage\":\"es\"},{\"@type\":\"Organization\",\"@id\":\"https:\/\/www.manquecura.cl\/ciudad-del-este\/#organization\",\"name\":\"Colegio Manquecura Ciudad del Este\",\"url\":\"https:\/\/www.manquecura.cl\/ciudad-del-este\/\",\"logo\":{\"@type\":\"ImageObject\",\"inLanguage\":\"es\",\"@id\":\"https:\/\/www.manquecura.cl\/ciudad-del-este\/#\/schema\/logo\/image\/\",\"url\":\"https:\/\/www.manquecura.cl\/ciudad-del-este\/wp-content\/uploads\/sites\/41\/2023\/09\/logo_Manquecura_Ciudad-del-Este_horizontal_color-1.png\",\"contentUrl\":\"https:\/\/www.manquecura.cl\/ciudad-del-este\/wp-content\/uploads\/sites\/41\/2023\/09\/logo_Manquecura_Ciudad-del-Este_horizontal_color-1.png\",\"width\":611,\"height\":183,\"caption\":\"Colegio Manquecura Ciudad del Este\"},\"image\":{\"@id\":\"https:\/\/www.manquecura.cl\/ciudad-del-este\/#\/schema\/logo\/image\/\"},\"sameAs\":[\"http:\/\/www.facebook.com\/ColegiosManquecura\",\"http:\/\/www.instagram.com\/manquecura_ciudaddeleste\/\",\"http:\/\/www.youtube.com\/c\/CognitaChile\"]},{\"@type\":\"Person\",\"@id\":\"https:\/\/www.manquecura.cl\/ciudad-del-este\/#\/schema\/person\/0debeea140e397b5d490ee7e553255d8\",\"name\":\"jorgedelcampo\",\"image\":{\"@type\":\"ImageObject\",\"inLanguage\":\"es\",\"@id\":\"https:\/\/www.manquecura.cl\/ciudad-del-este\/#\/schema\/person\/image\/\",\"url\":\"https:\/\/secure.gravatar.com\/avatar\/4a315f521213b2dc91dbda9bf799f711c8a98ab6f5606ec42cf5b33d1e762e8a?s=96&d=mm&r=g\",\"contentUrl\":\"https:\/\/secure.gravatar.com\/avatar\/4a315f521213b2dc91dbda9bf799f711c8a98ab6f5606ec42cf5b33d1e762e8a?s=96&d=mm&r=g\",\"caption\":\"jorgedelcampo\"}}]}<\/script>\n<!-- \/ Yoast SEO plugin. -->","yoast_head_json":{"title":"Charla Informativa del Programa de Intercambio Internacional de los colegios Cognita Chile - Colegio Manquecura Ciudad del Este","robots":{"index":"index","follow":"follow","max-snippet":"max-snippet:-1","max-image-preview":"max-image-preview:large","max-video-preview":"max-video-preview:-1"},"canonical":"https:\/\/www.manquecura.cl\/ciudad-del-este\/noticias\/charla-informativa-del-programa-de-intercambio-internacional-de-los-colegios-cognita-chile\/","og_locale":"es_ES","og_type":"article","og_title":"Charla Informativa del Programa de Intercambio Internacional de los colegios Cognita Chile - Colegio Manquecura Ciudad del Este","og_description":"Nos es muy grato invitar a nuestros padres y apoderados de 8vo B\u00e1sico a III Medio, a participar a la Charla Informativa del Programa de Intercambio Internacional de los colegios Cognita Chile,\u00a0\u00a0que tendr\u00e1 lugar el\u00a0martes 04\u00a0de abril a las 19:30 horas, v\u00eda Teams (online). En esta reuni\u00f3n explicaremos el\u00a0programa de intercambio, responderemos sus consultas y [&hellip;]","og_url":"https:\/\/www.manquecura.cl\/ciudad-del-este\/noticias\/charla-informativa-del-programa-de-intercambio-internacional-de-los-colegios-cognita-chile\/","og_site_name":"Colegio Manquecura Ciudad del Este","article_publisher":"http:\/\/www.facebook.com\/ColegiosManquecura","article_published_time":"2023-03-28T15:09:56+00:00","author":"jorgedelcampo","twitter_card":"summary_large_image","twitter_misc":{"Escrito por":"jorgedelcampo","Tiempo de lectura":"1 minuto"},"schema":{"@context":"https:\/\/schema.org","@graph":[{"@type":"Article","@id":"https:\/\/www.manquecura.cl\/ciudad-del-este\/noticias\/charla-informativa-del-programa-de-intercambio-internacional-de-los-colegios-cognita-chile\/#article","isPartOf":{"@id":"https:\/\/www.manquecura.cl\/ciudad-del-este\/noticias\/charla-informativa-del-programa-de-intercambio-internacional-de-los-colegios-cognita-chile\/"},"author":{"name":"jorgedelcampo","@id":"https:\/\/www.manquecura.cl\/ciudad-del-este\/#\/schema\/person\/0debeea140e397b5d490ee7e553255d8"},"headline":"Charla Informativa del Programa de Intercambio Internacional de los colegios Cognita Chile","datePublished":"2023-03-28T15:09:56+00:00","mainEntityOfPage":{"@id":"https:\/\/www.manquecura.cl\/ciudad-del-este\/noticias\/charla-informativa-del-programa-de-intercambio-internacional-de-los-colegios-cognita-chile\/"},"wordCount":144,"commentCount":0,"publisher":{"@id":"https:\/\/www.manquecura.cl\/ciudad-del-este\/#organization"},"image":{"@id":"https:\/\/www.manquecura.cl\/ciudad-del-este\/noticias\/charla-informativa-del-programa-de-intercambio-internacional-de-los-colegios-cognita-chile\/#primaryimage"},"thumbnailUrl":"https:\/\/www.manquecura.cl\/ciudad-del-este\/wp-content\/uploads\/sites\/41\/2023\/03\/Eventos-2.jpg","articleSection":["Vida Escolar"],"inLanguage":"es","potentialAction":[{"@type":"CommentAction","name":"Comment","target":["https:\/\/www.manquecura.cl\/ciudad-del-este\/noticias\/charla-informativa-del-programa-de-intercambio-internacional-de-los-colegios-cognita-chile\/#respond"]}]},{"@type":"WebPage","@id":"https:\/\/www.manquecura.cl\/ciudad-del-este\/noticias\/charla-informativa-del-programa-de-intercambio-internacional-de-los-colegios-cognita-chile\/","url":"https:\/\/www.manquecura.cl\/ciudad-del-este\/noticias\/charla-informativa-del-programa-de-intercambio-internacional-de-los-colegios-cognita-chile\/","name":"Charla Informativa del Programa de Intercambio Internacional de los colegios Cognita Chile - Colegio Manquecura Ciudad del Este","isPartOf":{"@id":"https:\/\/www.manquecura.cl\/ciudad-del-este\/#website"},"primaryImageOfPage":{"@id":"https:\/\/www.manquecura.cl\/ciudad-del-este\/noticias\/charla-informativa-del-programa-de-intercambio-internacional-de-los-colegios-cognita-chile\/#primaryimage"},"image":{"@id":"https:\/\/www.manquecura.cl\/ciudad-del-este\/noticias\/charla-informativa-del-programa-de-intercambio-internacional-de-los-colegios-cognita-chile\/#primaryimage"},"thumbnailUrl":"https:\/\/www.manquecura.cl\/ciudad-del-este\/wp-content\/uploads\/sites\/41\/2023\/03\/Eventos-2.jpg","datePublished":"2023-03-28T15:09:56+00:00","breadcrumb":{"@id":"https:\/\/www.manquecura.cl\/ciudad-del-este\/noticias\/charla-informativa-del-programa-de-intercambio-internacional-de-los-colegios-cognita-chile\/#breadcrumb"},"inLanguage":"es","potentialAction":[{"@type":"ReadAction","target":["https:\/\/www.manquecura.cl\/ciudad-del-este\/noticias\/charla-informativa-del-programa-de-intercambio-internacional-de-los-colegios-cognita-chile\/"]}]},{"@type":"ImageObject","inLanguage":"es","@id":"https:\/\/www.manquecura.cl\/ciudad-del-este\/noticias\/charla-informativa-del-programa-de-intercambio-internacional-de-los-colegios-cognita-chile\/#primaryimage","url":"https:\/\/www.manquecura.cl\/ciudad-del-este\/wp-content\/uploads\/sites\/41\/2023\/03\/Eventos-2.jpg","contentUrl":"https:\/\/www.manquecura.cl\/ciudad-del-este\/wp-content\/uploads\/sites\/41\/2023\/03\/Eventos-2.jpg","width":836,"height":523},{"@type":"BreadcrumbList","@id":"https:\/\/www.manquecura.cl\/ciudad-del-este\/noticias\/charla-informativa-del-programa-de-intercambio-internacional-de-los-colegios-cognita-chile\/#breadcrumb","itemListElement":[{"@type":"ListItem","position":1,"name":"Home","item":"https:\/\/www.manquecura.cl\/ciudad-del-este\/"},{"@type":"ListItem","position":2,"name":"Charla Informativa del Programa de Intercambio Internacional de los colegios Cognita Chile"}]},{"@type":"WebSite","@id":"https:\/\/www.manquecura.cl\/ciudad-del-este\/#website","url":"https:\/\/www.manquecura.cl\/ciudad-del-este\/","name":"Colegio Manquecura Ciudad del Este","description":"","publisher":{"@id":"https:\/\/www.manquecura.cl\/ciudad-del-este\/#organization"},"potentialAction":[{"@type":"SearchAction","target":{"@type":"EntryPoint","urlTemplate":"https:\/\/www.manquecura.cl\/ciudad-del-este\/?s={search_term_string}"},"query-input":{"@type":"PropertyValueSpecification","valueRequired":true,"valueName":"search_term_string"}}],"inLanguage":"es"},{"@type":"Organization","@id":"https:\/\/www.manquecura.cl\/ciudad-del-este\/#organization","name":"Colegio Manquecura Ciudad del Este","url":"https:\/\/www.manquecura.cl\/ciudad-del-este\/","logo":{"@type":"ImageObject","inLanguage":"es","@id":"https:\/\/www.manquecura.cl\/ciudad-del-este\/#\/schema\/logo\/image\/","url":"https:\/\/www.manquecura.cl\/ciudad-del-este\/wp-content\/uploads\/sites\/41\/2023\/09\/logo_Manquecura_Ciudad-del-Este_horizontal_color-1.png","contentUrl":"https:\/\/www.manquecura.cl\/ciudad-del-este\/wp-content\/uploads\/sites\/41\/2023\/09\/logo_Manquecura_Ciudad-del-Este_horizontal_color-1.png","width":611,"height":183,"caption":"Colegio Manquecura Ciudad del Este"},"image":{"@id":"https:\/\/www.manquecura.cl\/ciudad-del-este\/#\/schema\/logo\/image\/"},"sameAs":["http:\/\/www.facebook.com\/ColegiosManquecura","http:\/\/www.instagram.com\/manquecura_ciudaddeleste\/","http:\/\/www.youtube.com\/c\/CognitaChile"]},{"@type":"Person","@id":"https:\/\/www.manquecura.cl\/ciudad-del-este\/#\/schema\/person\/0debeea140e397b5d490ee7e553255d8","name":"jorgedelcampo","image":{"@type":"ImageObject","inLanguage":"es","@id":"https:\/\/www.manquecura.cl\/ciudad-del-este\/#\/schema\/person\/image\/","url":"https:\/\/secure.gravatar.com\/avatar\/4a315f521213b2dc91dbda9bf799f711c8a98ab6f5606ec42cf5b33d1e762e8a?s=96&d=mm&r=g","contentUrl":"https:\/\/secure.gravatar.com\/avatar\/4a315f521213b2dc91dbda9bf799f711c8a98ab6f5606ec42cf5b33d1e762e8a?s=96&d=mm&r=g","caption":"jorgedelcampo"}}]}},"jetpack_featured_media_url":"https:\/\/www.manquecura.cl\/ciudad-del-este\/wp-content\/uploads\/sites\/41\/2023\/03\/Eventos-2.jpg","previous_post_ID":21464,"previous_post_title":"Simulacro de sismo 2023 en CDE","previous_post_excerpt":"Hemos efectuado un nuevo simulacro de sismo, en el marco de los procesos que se realizan n nuestro pa\u00eds, y que forman parte de la propuesta del Ministerio de Educaci\u00f3n. El procedimiento. calendarizado previamente, coincidi\u00f3 cercano a la fecha del \u00faltimo sismo vivido en nuestra capital, por lo que tuvo una mirada nueva y constructiva, [&hellip;]","previous_post_link":"https:\/\/www.manquecura.cl\/ciudad-del-este\/noticias\/simulacro-de-sismo-2023-en-cde\/","previous_post_class":["post-21464","post","type-post","status-publish","format-standard","has-post-thumbnail","hentry","category-vida-escolar"],"next_post_ID":21481,"next_post_title":"Primera reuni\u00f3n de coordinadores de curso 2023","next_post_excerpt":"Agradecemos la presencia a todos los coordinadores de curso que asistieron a la reuni\u00f3n programada con nuestro rector, Pablo Gallegos Rojas, junto a Equipo Directivo, siendo una gran oportunidad de encuentro para conversar algunos de los temas m\u00e1s relevantes del semestre. En la instancia adem\u00e1s, se resolvieron inquietudes y se profundiz\u00f3 en el quehacer escolar, [&hellip;]","next_post_link":"https:\/\/www.manquecura.cl\/ciudad-del-este\/noticias\/primera-reunion-de-coordinadores-de-curso-2023\/","next_post_class":["post-21481","post","type-post","status-publish","format-standard","has-post-thumbnail","hentry","category-vida-escolar"],"jetpack_sharing_enabled":true,"_links":{"self":[{"href":"https:\/\/www.manquecura.cl\/ciudad-del-este\/wp-json\/wp\/v2\/posts\/21476","targetHints":{"allow":["GET"]}}],"collection":[{"href":"https:\/\/www.manquecura.cl\/ciudad-del-este\/wp-json\/wp\/v2\/posts"}],"about":[{"href":"https:\/\/www.manquecura.cl\/ciudad-del-este\/wp-json\/wp\/v2\/types\/post"}],"author":[{"embeddable":true,"href":"https:\/\/www.manquecura.cl\/ciudad-del-este\/wp-json\/wp\/v2\/users\/14"}],"replies":[{"embeddable":true,"href":"https:\/\/www.manquecura.cl\/ciudad-del-este\/wp-json\/wp\/v2\/comments?post=21476"}],"version-history":[{"count":0,"href":"https:\/\/www.manquecura.cl\/ciudad-del-este\/wp-json\/wp\/v2\/posts\/21476\/revisions"}],"wp:featuredmedia":[{"embeddable":true,"href":"https:\/\/www.manquecura.cl\/ciudad-del-este\/wp-json\/wp\/v2\/media\/21477"}],"wp:attachment":[{"href":"https:\/\/www.manquecura.cl\/ciudad-del-este\/wp-json\/wp\/v2\/media?parent=21476"}],"wp:term":[{"taxonomy":"category","embeddable":true,"href":"https:\/\/www.manquecura.cl\/ciudad-del-este\/wp-json\/wp\/v2\/categories?post=21476"},{"taxonomy":"post_tag","embeddable":true,"href":"https:\/\/www.manquecura.cl\/ciudad-del-este\/wp-json\/wp\/v2\/tags?post=21476"}],"curies":[{"name":"wp","href":"https:\/\/api.w.org\/{rel}","templated":true}]}}