{"id":20121,"date":"2022-09-26T10:33:26","date_gmt":"2022-09-26T13:33:26","guid":{"rendered":"https:\/\/www.manquecura.cl\/ciudad-del-este\/?p=20121"},"modified":"2022-09-26T10:33:26","modified_gmt":"2022-09-26T13:33:26","slug":"school-of-the-future-abre-sus-puertas-a-las-familias","status":"publish","type":"post","link":"https:\/\/www.manquecura.cl\/ciudad-del-este\/noticias\/school-of-the-future-abre-sus-puertas-a-las-familias\/","title":{"rendered":"School Of The Future abre sus puertas a las familias"},"content":{"rendered":"<p>La conferencia <strong>School of the Future (SOTF)<\/strong> (<a href=\"http:\/\/schoolofthefuture.cl\/\">School Of The Future \u2013 Home: https:\/\/schoolofthefuture.cl\/<\/a>), organizada por Cognita Chile, vuelve en su segunda versi\u00f3n con una nueva p\u00e1gina web y la incorporaci\u00f3n en la agenda de un horario vespertino con tem\u00e1ticas y talleres familiares.<\/p>\n<p>Del <strong>17 al 20 de octubre m\u00e1s de 25 colegios de Chile<\/strong> y el mundo, speakers internacionales y partner tecnol\u00f3gicos como Google, Microsoft, CodeMonkey, Fundaci\u00f3n Mustakis y Lab4U, se reunir\u00e1n en el mayor evento EdTech organizado por una red de colegios.<\/p>\n<p>Destacamos la participaci\u00f3n de Carrie James y Emily Weinstein, investigadoras de Harvard Graduate School of Education, expertas en adolescentes y tecnolog\u00eda, y autoras del libro \u201cDetr\u00e1s de sus Pantallas: qu\u00e9 enfrentan los adolescentes (y que los adultos desconocen)\u201d, quienes realizar\u00e1n un taller online sobre los nuevos fen\u00f3menos del contexto digital y c\u00f3mo conseguir balancear los h\u00e1bitos digitales de nuestros hijos.<\/p>\n<p>Cada uno de los cuatro d\u00edas de la conferencia abordar\u00e1 un t\u00f3pico diferente: Ciudadan\u00eda Digital, Tecnolog\u00eda en el Aula, Programaci\u00f3n y Rob\u00f3tica y, finalmente, Aprendizaje Inmersivo. Tem\u00e1ticas a las que los asistentes -estudiantes, docentes y padres- se aproximar\u00e1n a trav\u00e9s de presentaciones, talleres, y mesas redondas de estudiantes y de docentes.<\/p>\n<p>Diariamente se premiar\u00e1n Challenges EdTech (desaf\u00edos), donde estudiantes, guiados por sus profesores, debieron solucionar un reto y presentarlo en un video resumen de 90 segundos: \u00bfQu\u00e9 har\u00edas para que los adultos mayores conozcan c\u00f3mo utilizar los dispositivos rob\u00f3ticos dom\u00e9sticos de forma segura?; \u00bfC\u00f3mo te imaginas tu colegio en el futuro? (Dise\u00f1a un mundo virtual en Minecraft Education); y \u00bfC\u00f3mo a trav\u00e9s de la realidad aumentada o realidad virtual, podemos dise\u00f1ar soluciones de aprendizaje para tus compa\u00f1eros con necesidades especiales?, entre otros.<\/p>\n<p>Reg\u00edstrate hoy y acomp\u00e1\u00f1anos este a\u00f1o en School of the Future 2022.<\/p>\n<p>&nbsp;<\/p>\n<p style=\"text-align: center\"><span style=\"color: #ff00ff\"><strong><a style=\"color: #ff00ff\" href=\"https:\/\/2022.schoolofthefuture.cl\/registro?lang=es&amp;_ga=2.48688998.1726507810.1664194670-349570991.1664194670&amp;_gl=1*v54q7o*_ga*MzQ5NTcwOTkxLjE2NjQxOTQ2NzA.*_ga_RPBFE29290*MTY2NDE5NDY2OS4xLjAuMTY2NDE5NDY2OS4wLjAuMA..\">REG\u00cdSTRATE AQU\u00cd<\/a><\/strong><\/span><\/p>\n<p style=\"text-align: center\">\n<strong>Colegio Manquecura Ciudad del Este<\/strong><\/p>\n"},"excerpt":{"rendered":"<p>La conferencia School of the Future (SOTF) (School Of The Future \u2013 Home: https:\/\/schoolofthefuture.cl\/), organizada por Cognita Chile, vuelve en su segunda versi\u00f3n con una nueva p\u00e1gina web y la incorporaci\u00f3n en la agenda de un horario vespertino con tem\u00e1ticas y talleres familiares. Del 17 al 20 de octubre m\u00e1s de 25 colegios de Chile [&hellip;]<\/p>\n","protected":false},"author":14,"featured_media":20124,"comment_status":"open","ping_status":"open","sticky":false,"template":"","format":"standard","meta":{"_acf_changed":false,"content-type":"","_jetpack_memberships_contains_paid_content":false,"footnotes":""},"categories":[1],"tags":[],"class_list":["post-20121","post","type-post","status-publish","format-standard","has-post-thumbnail","hentry","category-vida-escolar"],"acf":[],"yoast_head":"<!-- This site is optimized with the Yoast SEO plugin v27.1.1 - https:\/\/yoast.com\/product\/yoast-seo-wordpress\/ -->\n<title>School Of The Future abre sus puertas a las familias - Colegio Manquecura Ciudad del Este<\/title>\n<meta name=\"robots\" content=\"index, follow, max-snippet:-1, max-image-preview:large, max-video-preview:-1\" \/>\n<link rel=\"canonical\" href=\"https:\/\/www.manquecura.cl\/ciudad-del-este\/noticias\/school-of-the-future-abre-sus-puertas-a-las-familias\/\" \/>\n<meta property=\"og:locale\" content=\"es_ES\" \/>\n<meta property=\"og:type\" content=\"article\" \/>\n<meta property=\"og:title\" content=\"School Of The Future abre sus puertas a las familias - Colegio Manquecura Ciudad del Este\" \/>\n<meta property=\"og:description\" content=\"La conferencia School of the Future (SOTF) (School Of The Future \u2013 Home: https:\/\/schoolofthefuture.cl\/), organizada por Cognita Chile, vuelve en su segunda versi\u00f3n con una nueva p\u00e1gina web y la incorporaci\u00f3n en la agenda de un horario vespertino con tem\u00e1ticas y talleres familiares. Del 17 al 20 de octubre m\u00e1s de 25 colegios de Chile [&hellip;]\" \/>\n<meta property=\"og:url\" content=\"https:\/\/www.manquecura.cl\/ciudad-del-este\/noticias\/school-of-the-future-abre-sus-puertas-a-las-familias\/\" \/>\n<meta property=\"og:site_name\" content=\"Colegio Manquecura Ciudad del Este\" \/>\n<meta property=\"article:publisher\" content=\"http:\/\/www.facebook.com\/ColegiosManquecura\" \/>\n<meta property=\"article:published_time\" content=\"2022-09-26T13:33:26+00:00\" \/>\n<meta name=\"author\" content=\"jorgedelcampo\" \/>\n<meta name=\"twitter:card\" content=\"summary_large_image\" \/>\n<meta name=\"twitter:label1\" content=\"Escrito por\" \/>\n\t<meta name=\"twitter:data1\" content=\"jorgedelcampo\" \/>\n\t<meta name=\"twitter:label2\" content=\"Tiempo de lectura\" \/>\n\t<meta name=\"twitter:data2\" content=\"2 minutos\" \/>\n<script type=\"application\/ld+json\" class=\"yoast-schema-graph\">{\"@context\":\"https:\/\/schema.org\",\"@graph\":[{\"@type\":\"Article\",\"@id\":\"https:\/\/www.manquecura.cl\/ciudad-del-este\/noticias\/school-of-the-future-abre-sus-puertas-a-las-familias\/#article\",\"isPartOf\":{\"@id\":\"https:\/\/www.manquecura.cl\/ciudad-del-este\/noticias\/school-of-the-future-abre-sus-puertas-a-las-familias\/\"},\"author\":{\"name\":\"jorgedelcampo\",\"@id\":\"https:\/\/www.manquecura.cl\/ciudad-del-este\/#\/schema\/person\/0debeea140e397b5d490ee7e553255d8\"},\"headline\":\"School Of The Future abre sus puertas a las familias\",\"datePublished\":\"2022-09-26T13:33:26+00:00\",\"mainEntityOfPage\":{\"@id\":\"https:\/\/www.manquecura.cl\/ciudad-del-este\/noticias\/school-of-the-future-abre-sus-puertas-a-las-familias\/\"},\"wordCount\":343,\"commentCount\":0,\"publisher\":{\"@id\":\"https:\/\/www.manquecura.cl\/ciudad-del-este\/#organization\"},\"image\":{\"@id\":\"https:\/\/www.manquecura.cl\/ciudad-del-este\/noticias\/school-of-the-future-abre-sus-puertas-a-las-familias\/#primaryimage\"},\"thumbnailUrl\":\"https:\/\/www.manquecura.cl\/ciudad-del-este\/wp-content\/uploads\/sites\/41\/2022\/09\/SCHOOL-OF-THE-FUTURE.jpg\",\"articleSection\":[\"Vida Escolar\"],\"inLanguage\":\"es\",\"potentialAction\":[{\"@type\":\"CommentAction\",\"name\":\"Comment\",\"target\":[\"https:\/\/www.manquecura.cl\/ciudad-del-este\/noticias\/school-of-the-future-abre-sus-puertas-a-las-familias\/#respond\"]}]},{\"@type\":\"WebPage\",\"@id\":\"https:\/\/www.manquecura.cl\/ciudad-del-este\/noticias\/school-of-the-future-abre-sus-puertas-a-las-familias\/\",\"url\":\"https:\/\/www.manquecura.cl\/ciudad-del-este\/noticias\/school-of-the-future-abre-sus-puertas-a-las-familias\/\",\"name\":\"School Of The Future abre sus puertas a las familias - Colegio Manquecura Ciudad del Este\",\"isPartOf\":{\"@id\":\"https:\/\/www.manquecura.cl\/ciudad-del-este\/#website\"},\"primaryImageOfPage\":{\"@id\":\"https:\/\/www.manquecura.cl\/ciudad-del-este\/noticias\/school-of-the-future-abre-sus-puertas-a-las-familias\/#primaryimage\"},\"image\":{\"@id\":\"https:\/\/www.manquecura.cl\/ciudad-del-este\/noticias\/school-of-the-future-abre-sus-puertas-a-las-familias\/#primaryimage\"},\"thumbnailUrl\":\"https:\/\/www.manquecura.cl\/ciudad-del-este\/wp-content\/uploads\/sites\/41\/2022\/09\/SCHOOL-OF-THE-FUTURE.jpg\",\"datePublished\":\"2022-09-26T13:33:26+00:00\",\"breadcrumb\":{\"@id\":\"https:\/\/www.manquecura.cl\/ciudad-del-este\/noticias\/school-of-the-future-abre-sus-puertas-a-las-familias\/#breadcrumb\"},\"inLanguage\":\"es\",\"potentialAction\":[{\"@type\":\"ReadAction\",\"target\":[\"https:\/\/www.manquecura.cl\/ciudad-del-este\/noticias\/school-of-the-future-abre-sus-puertas-a-las-familias\/\"]}]},{\"@type\":\"ImageObject\",\"inLanguage\":\"es\",\"@id\":\"https:\/\/www.manquecura.cl\/ciudad-del-este\/noticias\/school-of-the-future-abre-sus-puertas-a-las-familias\/#primaryimage\",\"url\":\"https:\/\/www.manquecura.cl\/ciudad-del-este\/wp-content\/uploads\/sites\/41\/2022\/09\/SCHOOL-OF-THE-FUTURE.jpg\",\"contentUrl\":\"https:\/\/www.manquecura.cl\/ciudad-del-este\/wp-content\/uploads\/sites\/41\/2022\/09\/SCHOOL-OF-THE-FUTURE.jpg\",\"width\":836,\"height\":523},{\"@type\":\"BreadcrumbList\",\"@id\":\"https:\/\/www.manquecura.cl\/ciudad-del-este\/noticias\/school-of-the-future-abre-sus-puertas-a-las-familias\/#breadcrumb\",\"itemListElement\":[{\"@type\":\"ListItem\",\"position\":1,\"name\":\"Home\",\"item\":\"https:\/\/www.manquecura.cl\/ciudad-del-este\/\"},{\"@type\":\"ListItem\",\"position\":2,\"name\":\"School Of The Future abre sus puertas a las familias\"}]},{\"@type\":\"WebSite\",\"@id\":\"https:\/\/www.manquecura.cl\/ciudad-del-este\/#website\",\"url\":\"https:\/\/www.manquecura.cl\/ciudad-del-este\/\",\"name\":\"Colegio Manquecura Ciudad del Este\",\"description\":\"\",\"publisher\":{\"@id\":\"https:\/\/www.manquecura.cl\/ciudad-del-este\/#organization\"},\"potentialAction\":[{\"@type\":\"SearchAction\",\"target\":{\"@type\":\"EntryPoint\",\"urlTemplate\":\"https:\/\/www.manquecura.cl\/ciudad-del-este\/?s={search_term_string}\"},\"query-input\":{\"@type\":\"PropertyValueSpecification\",\"valueRequired\":true,\"valueName\":\"search_term_string\"}}],\"inLanguage\":\"es\"},{\"@type\":\"Organization\",\"@id\":\"https:\/\/www.manquecura.cl\/ciudad-del-este\/#organization\",\"name\":\"Colegio Manquecura Ciudad del Este\",\"url\":\"https:\/\/www.manquecura.cl\/ciudad-del-este\/\",\"logo\":{\"@type\":\"ImageObject\",\"inLanguage\":\"es\",\"@id\":\"https:\/\/www.manquecura.cl\/ciudad-del-este\/#\/schema\/logo\/image\/\",\"url\":\"https:\/\/www.manquecura.cl\/ciudad-del-este\/wp-content\/uploads\/sites\/41\/2023\/09\/logo_Manquecura_Ciudad-del-Este_horizontal_color-1.png\",\"contentUrl\":\"https:\/\/www.manquecura.cl\/ciudad-del-este\/wp-content\/uploads\/sites\/41\/2023\/09\/logo_Manquecura_Ciudad-del-Este_horizontal_color-1.png\",\"width\":611,\"height\":183,\"caption\":\"Colegio Manquecura Ciudad del Este\"},\"image\":{\"@id\":\"https:\/\/www.manquecura.cl\/ciudad-del-este\/#\/schema\/logo\/image\/\"},\"sameAs\":[\"http:\/\/www.facebook.com\/ColegiosManquecura\",\"http:\/\/www.instagram.com\/manquecura_ciudaddeleste\/\",\"http:\/\/www.youtube.com\/c\/CognitaChile\"]},{\"@type\":\"Person\",\"@id\":\"https:\/\/www.manquecura.cl\/ciudad-del-este\/#\/schema\/person\/0debeea140e397b5d490ee7e553255d8\",\"name\":\"jorgedelcampo\",\"image\":{\"@type\":\"ImageObject\",\"inLanguage\":\"es\",\"@id\":\"https:\/\/www.manquecura.cl\/ciudad-del-este\/#\/schema\/person\/image\/\",\"url\":\"https:\/\/secure.gravatar.com\/avatar\/4a315f521213b2dc91dbda9bf799f711c8a98ab6f5606ec42cf5b33d1e762e8a?s=96&d=mm&r=g\",\"contentUrl\":\"https:\/\/secure.gravatar.com\/avatar\/4a315f521213b2dc91dbda9bf799f711c8a98ab6f5606ec42cf5b33d1e762e8a?s=96&d=mm&r=g\",\"caption\":\"jorgedelcampo\"}}]}<\/script>\n<!-- \/ Yoast SEO plugin. -->","yoast_head_json":{"title":"School Of The Future abre sus puertas a las familias - Colegio Manquecura Ciudad del Este","robots":{"index":"index","follow":"follow","max-snippet":"max-snippet:-1","max-image-preview":"max-image-preview:large","max-video-preview":"max-video-preview:-1"},"canonical":"https:\/\/www.manquecura.cl\/ciudad-del-este\/noticias\/school-of-the-future-abre-sus-puertas-a-las-familias\/","og_locale":"es_ES","og_type":"article","og_title":"School Of The Future abre sus puertas a las familias - Colegio Manquecura Ciudad del Este","og_description":"La conferencia School of the Future (SOTF) (School Of The Future \u2013 Home: https:\/\/schoolofthefuture.cl\/), organizada por Cognita Chile, vuelve en su segunda versi\u00f3n con una nueva p\u00e1gina web y la incorporaci\u00f3n en la agenda de un horario vespertino con tem\u00e1ticas y talleres familiares. Del 17 al 20 de octubre m\u00e1s de 25 colegios de Chile [&hellip;]","og_url":"https:\/\/www.manquecura.cl\/ciudad-del-este\/noticias\/school-of-the-future-abre-sus-puertas-a-las-familias\/","og_site_name":"Colegio Manquecura Ciudad del Este","article_publisher":"http:\/\/www.facebook.com\/ColegiosManquecura","article_published_time":"2022-09-26T13:33:26+00:00","author":"jorgedelcampo","twitter_card":"summary_large_image","twitter_misc":{"Escrito por":"jorgedelcampo","Tiempo de lectura":"2 minutos"},"schema":{"@context":"https:\/\/schema.org","@graph":[{"@type":"Article","@id":"https:\/\/www.manquecura.cl\/ciudad-del-este\/noticias\/school-of-the-future-abre-sus-puertas-a-las-familias\/#article","isPartOf":{"@id":"https:\/\/www.manquecura.cl\/ciudad-del-este\/noticias\/school-of-the-future-abre-sus-puertas-a-las-familias\/"},"author":{"name":"jorgedelcampo","@id":"https:\/\/www.manquecura.cl\/ciudad-del-este\/#\/schema\/person\/0debeea140e397b5d490ee7e553255d8"},"headline":"School Of The Future abre sus puertas a las familias","datePublished":"2022-09-26T13:33:26+00:00","mainEntityOfPage":{"@id":"https:\/\/www.manquecura.cl\/ciudad-del-este\/noticias\/school-of-the-future-abre-sus-puertas-a-las-familias\/"},"wordCount":343,"commentCount":0,"publisher":{"@id":"https:\/\/www.manquecura.cl\/ciudad-del-este\/#organization"},"image":{"@id":"https:\/\/www.manquecura.cl\/ciudad-del-este\/noticias\/school-of-the-future-abre-sus-puertas-a-las-familias\/#primaryimage"},"thumbnailUrl":"https:\/\/www.manquecura.cl\/ciudad-del-este\/wp-content\/uploads\/sites\/41\/2022\/09\/SCHOOL-OF-THE-FUTURE.jpg","articleSection":["Vida Escolar"],"inLanguage":"es","potentialAction":[{"@type":"CommentAction","name":"Comment","target":["https:\/\/www.manquecura.cl\/ciudad-del-este\/noticias\/school-of-the-future-abre-sus-puertas-a-las-familias\/#respond"]}]},{"@type":"WebPage","@id":"https:\/\/www.manquecura.cl\/ciudad-del-este\/noticias\/school-of-the-future-abre-sus-puertas-a-las-familias\/","url":"https:\/\/www.manquecura.cl\/ciudad-del-este\/noticias\/school-of-the-future-abre-sus-puertas-a-las-familias\/","name":"School Of The Future abre sus puertas a las familias - Colegio Manquecura Ciudad del Este","isPartOf":{"@id":"https:\/\/www.manquecura.cl\/ciudad-del-este\/#website"},"primaryImageOfPage":{"@id":"https:\/\/www.manquecura.cl\/ciudad-del-este\/noticias\/school-of-the-future-abre-sus-puertas-a-las-familias\/#primaryimage"},"image":{"@id":"https:\/\/www.manquecura.cl\/ciudad-del-este\/noticias\/school-of-the-future-abre-sus-puertas-a-las-familias\/#primaryimage"},"thumbnailUrl":"https:\/\/www.manquecura.cl\/ciudad-del-este\/wp-content\/uploads\/sites\/41\/2022\/09\/SCHOOL-OF-THE-FUTURE.jpg","datePublished":"2022-09-26T13:33:26+00:00","breadcrumb":{"@id":"https:\/\/www.manquecura.cl\/ciudad-del-este\/noticias\/school-of-the-future-abre-sus-puertas-a-las-familias\/#breadcrumb"},"inLanguage":"es","potentialAction":[{"@type":"ReadAction","target":["https:\/\/www.manquecura.cl\/ciudad-del-este\/noticias\/school-of-the-future-abre-sus-puertas-a-las-familias\/"]}]},{"@type":"ImageObject","inLanguage":"es","@id":"https:\/\/www.manquecura.cl\/ciudad-del-este\/noticias\/school-of-the-future-abre-sus-puertas-a-las-familias\/#primaryimage","url":"https:\/\/www.manquecura.cl\/ciudad-del-este\/wp-content\/uploads\/sites\/41\/2022\/09\/SCHOOL-OF-THE-FUTURE.jpg","contentUrl":"https:\/\/www.manquecura.cl\/ciudad-del-este\/wp-content\/uploads\/sites\/41\/2022\/09\/SCHOOL-OF-THE-FUTURE.jpg","width":836,"height":523},{"@type":"BreadcrumbList","@id":"https:\/\/www.manquecura.cl\/ciudad-del-este\/noticias\/school-of-the-future-abre-sus-puertas-a-las-familias\/#breadcrumb","itemListElement":[{"@type":"ListItem","position":1,"name":"Home","item":"https:\/\/www.manquecura.cl\/ciudad-del-este\/"},{"@type":"ListItem","position":2,"name":"School Of The Future abre sus puertas a las familias"}]},{"@type":"WebSite","@id":"https:\/\/www.manquecura.cl\/ciudad-del-este\/#website","url":"https:\/\/www.manquecura.cl\/ciudad-del-este\/","name":"Colegio Manquecura Ciudad del Este","description":"","publisher":{"@id":"https:\/\/www.manquecura.cl\/ciudad-del-este\/#organization"},"potentialAction":[{"@type":"SearchAction","target":{"@type":"EntryPoint","urlTemplate":"https:\/\/www.manquecura.cl\/ciudad-del-este\/?s={search_term_string}"},"query-input":{"@type":"PropertyValueSpecification","valueRequired":true,"valueName":"search_term_string"}}],"inLanguage":"es"},{"@type":"Organization","@id":"https:\/\/www.manquecura.cl\/ciudad-del-este\/#organization","name":"Colegio Manquecura Ciudad del Este","url":"https:\/\/www.manquecura.cl\/ciudad-del-este\/","logo":{"@type":"ImageObject","inLanguage":"es","@id":"https:\/\/www.manquecura.cl\/ciudad-del-este\/#\/schema\/logo\/image\/","url":"https:\/\/www.manquecura.cl\/ciudad-del-este\/wp-content\/uploads\/sites\/41\/2023\/09\/logo_Manquecura_Ciudad-del-Este_horizontal_color-1.png","contentUrl":"https:\/\/www.manquecura.cl\/ciudad-del-este\/wp-content\/uploads\/sites\/41\/2023\/09\/logo_Manquecura_Ciudad-del-Este_horizontal_color-1.png","width":611,"height":183,"caption":"Colegio Manquecura Ciudad del Este"},"image":{"@id":"https:\/\/www.manquecura.cl\/ciudad-del-este\/#\/schema\/logo\/image\/"},"sameAs":["http:\/\/www.facebook.com\/ColegiosManquecura","http:\/\/www.instagram.com\/manquecura_ciudaddeleste\/","http:\/\/www.youtube.com\/c\/CognitaChile"]},{"@type":"Person","@id":"https:\/\/www.manquecura.cl\/ciudad-del-este\/#\/schema\/person\/0debeea140e397b5d490ee7e553255d8","name":"jorgedelcampo","image":{"@type":"ImageObject","inLanguage":"es","@id":"https:\/\/www.manquecura.cl\/ciudad-del-este\/#\/schema\/person\/image\/","url":"https:\/\/secure.gravatar.com\/avatar\/4a315f521213b2dc91dbda9bf799f711c8a98ab6f5606ec42cf5b33d1e762e8a?s=96&d=mm&r=g","contentUrl":"https:\/\/secure.gravatar.com\/avatar\/4a315f521213b2dc91dbda9bf799f711c8a98ab6f5606ec42cf5b33d1e762e8a?s=96&d=mm&r=g","caption":"jorgedelcampo"}}]}},"jetpack_featured_media_url":"https:\/\/www.manquecura.cl\/ciudad-del-este\/wp-content\/uploads\/sites\/41\/2022\/09\/SCHOOL-OF-THE-FUTURE.jpg","previous_post_ID":125567,"previous_post_title":"Preparados para el Global Be Well Day de Cognita","previous_post_excerpt":"El viernes 30 de septiembre, nuestra comunidad educativa, junto a m\u00e1s de 95 colegios en el mundo, celebrar\u00e1n la cuarta versi\u00f3n del D\u00eda Global del Bienestar de Cognita. El D\u00eda Global del Bienestar (GBWD) es: \u2022 Un reconocimiento a todo lo que hacemos a lo largo del a\u00f1o para priorizar el Bienestar, y un recordatorio [&hellip;]","previous_post_link":"https:\/\/www.manquecura.cl\/ciudad-del-este\/noticias\/preparados-para-el-global-be-well-day-de-cognita\/","previous_post_class":["post-125567","post","type-post","status-publish","format-standard","has-post-thumbnail","hentry","category-vida-escolar"],"next_post_ID":20148,"next_post_title":"\u00a1As\u00ed vivimos el Global Be Well Day!","next_post_excerpt":"Una vez m\u00e1s hemos celebrado en nuestro colegio el Global Be Well Day o D\u00eda del Bienestar, con la participaci\u00f3n de alumnos de todos los ciclos, docentes, administrativos y apoderados, en las distintas actividades en torno a las tem\u00e1ticas de esta jornada: vida saludable, alimentaci\u00f3n y sostenibilidad, como una manera de educar a las nuevas [&hellip;]","next_post_link":"https:\/\/www.manquecura.cl\/ciudad-del-este\/noticias\/asi-vivimos-el-global-be-well-day\/","next_post_class":["post-20148","post","type-post","status-publish","format-standard","has-post-thumbnail","hentry","category-vida-escolar"],"jetpack_sharing_enabled":true,"_links":{"self":[{"href":"https:\/\/www.manquecura.cl\/ciudad-del-este\/wp-json\/wp\/v2\/posts\/20121","targetHints":{"allow":["GET"]}}],"collection":[{"href":"https:\/\/www.manquecura.cl\/ciudad-del-este\/wp-json\/wp\/v2\/posts"}],"about":[{"href":"https:\/\/www.manquecura.cl\/ciudad-del-este\/wp-json\/wp\/v2\/types\/post"}],"author":[{"embeddable":true,"href":"https:\/\/www.manquecura.cl\/ciudad-del-este\/wp-json\/wp\/v2\/users\/14"}],"replies":[{"embeddable":true,"href":"https:\/\/www.manquecura.cl\/ciudad-del-este\/wp-json\/wp\/v2\/comments?post=20121"}],"version-history":[{"count":0,"href":"https:\/\/www.manquecura.cl\/ciudad-del-este\/wp-json\/wp\/v2\/posts\/20121\/revisions"}],"wp:featuredmedia":[{"embeddable":true,"href":"https:\/\/www.manquecura.cl\/ciudad-del-este\/wp-json\/wp\/v2\/media\/20124"}],"wp:attachment":[{"href":"https:\/\/www.manquecura.cl\/ciudad-del-este\/wp-json\/wp\/v2\/media?parent=20121"}],"wp:term":[{"taxonomy":"category","embeddable":true,"href":"https:\/\/www.manquecura.cl\/ciudad-del-este\/wp-json\/wp\/v2\/categories?post=20121"},{"taxonomy":"post_tag","embeddable":true,"href":"https:\/\/www.manquecura.cl\/ciudad-del-este\/wp-json\/wp\/v2\/tags?post=20121"}],"curies":[{"name":"wp","href":"https:\/\/api.w.org\/{rel}","templated":true}]}}