{"id":19868,"date":"2022-08-16T12:21:27","date_gmt":"2022-08-16T16:21:27","guid":{"rendered":"https:\/\/www.manquecura.cl\/ciudad-del-este\/?p=19868"},"modified":"2022-08-16T12:21:27","modified_gmt":"2022-08-16T16:21:27","slug":"campeonato-de-baby-futbol-20-anos-de-manquecura-ciudad-del-este","status":"publish","type":"post","link":"https:\/\/www.manquecura.cl\/ciudad-del-este\/noticias\/campeonato-de-baby-futbol-20-anos-de-manquecura-ciudad-del-este\/","title":{"rendered":"Campeonato de Baby F\u00fatbol \u201c20 a\u00f1os de Manquecura Ciudad del Este&#8221;"},"content":{"rendered":"<p>Por primera vez en la historia de Manquecura Ciudad del Este presenciamos un campeonato de baby para apoderados, organizado por el CAMPUR General de Padres del colegio, siendo una instancia de encuentro para nuestra comunidad escolar, y que cont\u00f3 con la participaci\u00f3n de equipos femeninos y masculinos, manteniendo adem\u00e1s la invitaci\u00f3n a los funcionarios de CDE que quisieran unirse.<\/p>\n<p>En un s\u00e1bado lleno de vida y actividad familiar en nuestro gimnasio y canchas, dimos inicio a la actividad con el puntapi\u00e9 inicial por parte de nuestra rectora, miss Estefan\u00eda C\u00e9spedes Pino, quien entreg\u00f3 las felicitaciones a los organizadores, palabras de aliento para los equipos y una invitaci\u00f3n a permanecer realizando actividades en conjunto, que permiten crear y consolidar lazos en comunidad.<\/p>\n<p><strong>Equipos:<\/strong><br \/>\nAtl\u00e9tico Venus<br \/>\nMam\u00e1 C\u00f3ndor<br \/>\nManquecura City<br \/>\nNottingham Miedo<br \/>\nFecha libre<br \/>\nPap\u00e1s Luchones<br \/>\nLas Peloteras<br \/>\nLas Sailor Moon<br \/>\nEl Bueno no vino<br \/>\nKB FC<br \/>\nYes my love<br \/>\nFC Manquecurros<br \/>\nKinder United<br \/>\nAtl\u00e9tico Papurri<br \/>\nLas Kalilas<\/p>\n<p>Invitamos a las familias del colegio a estar atentos a nuestros calendario escolar, para conocer las siguientes fechas, participar y alentar a los equipos, siempre en un sano ambiente de convivencia.<\/p>\n<p style=\"text-align: center\">\u00a1Los esperamos!<\/p>\n<p style=\"text-align: center\"><strong>Colegio Manquecura Ciudad del Este<\/strong><br \/>\n<strong><span style=\"color: #008080\">#Seguimos<\/span><span style=\"color: #000080\">Mejorando<\/span><\/strong><\/p>\n<p><a href=\"https:\/\/www.manquecura.cl\/ciudad-del-este\/galeria-campeonato-de-baby-futbol-20-anos-de-manquecura-ciudad-del-este\/\">Para m\u00e1s fotos ver la GALER\u00cdA<\/a><\/p>\n<p>[multimedia id=&#8221;1&#8243;]<\/p>\n"},"excerpt":{"rendered":"<p>Por primera vez en la historia de Manquecura Ciudad del Este presenciamos un campeonato de baby para apoderados, organizado por el CAMPUR General de Padres del colegio, siendo una instancia de encuentro para nuestra comunidad escolar, y que cont\u00f3 con la participaci\u00f3n de equipos femeninos y masculinos, manteniendo adem\u00e1s la invitaci\u00f3n a los funcionarios de [&hellip;]<\/p>\n","protected":false},"author":14,"featured_media":19872,"comment_status":"open","ping_status":"open","sticky":false,"template":"","format":"standard","meta":{"_acf_changed":false,"content-type":"","_jetpack_memberships_contains_paid_content":false,"footnotes":""},"categories":[1],"tags":[],"class_list":["post-19868","post","type-post","status-publish","format-standard","has-post-thumbnail","hentry","category-vida-escolar"],"acf":[],"yoast_head":"<!-- This site is optimized with the Yoast SEO plugin v27.1.1 - https:\/\/yoast.com\/product\/yoast-seo-wordpress\/ -->\n<title>Campeonato de Baby F\u00fatbol \u201c20 a\u00f1os de Manquecura Ciudad del Este&quot; - Colegio Manquecura Ciudad del Este<\/title>\n<meta name=\"robots\" content=\"index, follow, max-snippet:-1, max-image-preview:large, max-video-preview:-1\" \/>\n<link rel=\"canonical\" href=\"https:\/\/www.manquecura.cl\/ciudad-del-este\/noticias\/campeonato-de-baby-futbol-20-anos-de-manquecura-ciudad-del-este\/\" \/>\n<meta property=\"og:locale\" content=\"es_ES\" \/>\n<meta property=\"og:type\" content=\"article\" \/>\n<meta property=\"og:title\" content=\"Campeonato de Baby F\u00fatbol \u201c20 a\u00f1os de Manquecura Ciudad del Este&quot; - Colegio Manquecura Ciudad del Este\" \/>\n<meta property=\"og:description\" content=\"Por primera vez en la historia de Manquecura Ciudad del Este presenciamos un campeonato de baby para apoderados, organizado por el CAMPUR General de Padres del colegio, siendo una instancia de encuentro para nuestra comunidad escolar, y que cont\u00f3 con la participaci\u00f3n de equipos femeninos y masculinos, manteniendo adem\u00e1s la invitaci\u00f3n a los funcionarios de [&hellip;]\" \/>\n<meta property=\"og:url\" content=\"https:\/\/www.manquecura.cl\/ciudad-del-este\/noticias\/campeonato-de-baby-futbol-20-anos-de-manquecura-ciudad-del-este\/\" \/>\n<meta property=\"og:site_name\" content=\"Colegio Manquecura Ciudad del Este\" \/>\n<meta property=\"article:publisher\" content=\"http:\/\/www.facebook.com\/ColegiosManquecura\" \/>\n<meta property=\"article:published_time\" content=\"2022-08-16T16:21:27+00:00\" \/>\n<meta name=\"author\" content=\"jorgedelcampo\" \/>\n<meta name=\"twitter:card\" content=\"summary_large_image\" \/>\n<meta name=\"twitter:label1\" content=\"Escrito por\" \/>\n\t<meta name=\"twitter:data1\" content=\"jorgedelcampo\" \/>\n\t<meta name=\"twitter:label2\" content=\"Tiempo de lectura\" \/>\n\t<meta name=\"twitter:data2\" content=\"1 minuto\" \/>\n<script type=\"application\/ld+json\" class=\"yoast-schema-graph\">{\"@context\":\"https:\/\/schema.org\",\"@graph\":[{\"@type\":\"Article\",\"@id\":\"https:\/\/www.manquecura.cl\/ciudad-del-este\/noticias\/campeonato-de-baby-futbol-20-anos-de-manquecura-ciudad-del-este\/#article\",\"isPartOf\":{\"@id\":\"https:\/\/www.manquecura.cl\/ciudad-del-este\/noticias\/campeonato-de-baby-futbol-20-anos-de-manquecura-ciudad-del-este\/\"},\"author\":{\"name\":\"jorgedelcampo\",\"@id\":\"https:\/\/www.manquecura.cl\/ciudad-del-este\/#\/schema\/person\/0debeea140e397b5d490ee7e553255d8\"},\"headline\":\"Campeonato de Baby F\u00fatbol \u201c20 a\u00f1os de Manquecura Ciudad del Este&#8221;\",\"datePublished\":\"2022-08-16T16:21:27+00:00\",\"mainEntityOfPage\":{\"@id\":\"https:\/\/www.manquecura.cl\/ciudad-del-este\/noticias\/campeonato-de-baby-futbol-20-anos-de-manquecura-ciudad-del-este\/\"},\"wordCount\":229,\"commentCount\":0,\"publisher\":{\"@id\":\"https:\/\/www.manquecura.cl\/ciudad-del-este\/#organization\"},\"image\":{\"@id\":\"https:\/\/www.manquecura.cl\/ciudad-del-este\/noticias\/campeonato-de-baby-futbol-20-anos-de-manquecura-ciudad-del-este\/#primaryimage\"},\"thumbnailUrl\":\"https:\/\/www.manquecura.cl\/ciudad-del-este\/wp-content\/uploads\/sites\/41\/2022\/08\/Campeonato-de-baby-Futbol-Manquecura-Ciudad-del-Este_-11.jpg\",\"articleSection\":[\"Vida Escolar\"],\"inLanguage\":\"es\",\"potentialAction\":[{\"@type\":\"CommentAction\",\"name\":\"Comment\",\"target\":[\"https:\/\/www.manquecura.cl\/ciudad-del-este\/noticias\/campeonato-de-baby-futbol-20-anos-de-manquecura-ciudad-del-este\/#respond\"]}]},{\"@type\":\"WebPage\",\"@id\":\"https:\/\/www.manquecura.cl\/ciudad-del-este\/noticias\/campeonato-de-baby-futbol-20-anos-de-manquecura-ciudad-del-este\/\",\"url\":\"https:\/\/www.manquecura.cl\/ciudad-del-este\/noticias\/campeonato-de-baby-futbol-20-anos-de-manquecura-ciudad-del-este\/\",\"name\":\"Campeonato de Baby F\u00fatbol \u201c20 a\u00f1os de Manquecura Ciudad del Este\\\" - Colegio Manquecura Ciudad del Este\",\"isPartOf\":{\"@id\":\"https:\/\/www.manquecura.cl\/ciudad-del-este\/#website\"},\"primaryImageOfPage\":{\"@id\":\"https:\/\/www.manquecura.cl\/ciudad-del-este\/noticias\/campeonato-de-baby-futbol-20-anos-de-manquecura-ciudad-del-este\/#primaryimage\"},\"image\":{\"@id\":\"https:\/\/www.manquecura.cl\/ciudad-del-este\/noticias\/campeonato-de-baby-futbol-20-anos-de-manquecura-ciudad-del-este\/#primaryimage\"},\"thumbnailUrl\":\"https:\/\/www.manquecura.cl\/ciudad-del-este\/wp-content\/uploads\/sites\/41\/2022\/08\/Campeonato-de-baby-Futbol-Manquecura-Ciudad-del-Este_-11.jpg\",\"datePublished\":\"2022-08-16T16:21:27+00:00\",\"breadcrumb\":{\"@id\":\"https:\/\/www.manquecura.cl\/ciudad-del-este\/noticias\/campeonato-de-baby-futbol-20-anos-de-manquecura-ciudad-del-este\/#breadcrumb\"},\"inLanguage\":\"es\",\"potentialAction\":[{\"@type\":\"ReadAction\",\"target\":[\"https:\/\/www.manquecura.cl\/ciudad-del-este\/noticias\/campeonato-de-baby-futbol-20-anos-de-manquecura-ciudad-del-este\/\"]}]},{\"@type\":\"ImageObject\",\"inLanguage\":\"es\",\"@id\":\"https:\/\/www.manquecura.cl\/ciudad-del-este\/noticias\/campeonato-de-baby-futbol-20-anos-de-manquecura-ciudad-del-este\/#primaryimage\",\"url\":\"https:\/\/www.manquecura.cl\/ciudad-del-este\/wp-content\/uploads\/sites\/41\/2022\/08\/Campeonato-de-baby-Futbol-Manquecura-Ciudad-del-Este_-11.jpg\",\"contentUrl\":\"https:\/\/www.manquecura.cl\/ciudad-del-este\/wp-content\/uploads\/sites\/41\/2022\/08\/Campeonato-de-baby-Futbol-Manquecura-Ciudad-del-Este_-11.jpg\",\"width\":836,\"height\":523},{\"@type\":\"BreadcrumbList\",\"@id\":\"https:\/\/www.manquecura.cl\/ciudad-del-este\/noticias\/campeonato-de-baby-futbol-20-anos-de-manquecura-ciudad-del-este\/#breadcrumb\",\"itemListElement\":[{\"@type\":\"ListItem\",\"position\":1,\"name\":\"Home\",\"item\":\"https:\/\/www.manquecura.cl\/ciudad-del-este\/\"},{\"@type\":\"ListItem\",\"position\":2,\"name\":\"Campeonato de Baby F\u00fatbol \u201c20 a\u00f1os de Manquecura Ciudad del Este&#8221;\"}]},{\"@type\":\"WebSite\",\"@id\":\"https:\/\/www.manquecura.cl\/ciudad-del-este\/#website\",\"url\":\"https:\/\/www.manquecura.cl\/ciudad-del-este\/\",\"name\":\"Colegio Manquecura Ciudad del Este\",\"description\":\"\",\"publisher\":{\"@id\":\"https:\/\/www.manquecura.cl\/ciudad-del-este\/#organization\"},\"potentialAction\":[{\"@type\":\"SearchAction\",\"target\":{\"@type\":\"EntryPoint\",\"urlTemplate\":\"https:\/\/www.manquecura.cl\/ciudad-del-este\/?s={search_term_string}\"},\"query-input\":{\"@type\":\"PropertyValueSpecification\",\"valueRequired\":true,\"valueName\":\"search_term_string\"}}],\"inLanguage\":\"es\"},{\"@type\":\"Organization\",\"@id\":\"https:\/\/www.manquecura.cl\/ciudad-del-este\/#organization\",\"name\":\"Colegio Manquecura Ciudad del Este\",\"url\":\"https:\/\/www.manquecura.cl\/ciudad-del-este\/\",\"logo\":{\"@type\":\"ImageObject\",\"inLanguage\":\"es\",\"@id\":\"https:\/\/www.manquecura.cl\/ciudad-del-este\/#\/schema\/logo\/image\/\",\"url\":\"https:\/\/www.manquecura.cl\/ciudad-del-este\/wp-content\/uploads\/sites\/41\/2023\/09\/logo_Manquecura_Ciudad-del-Este_horizontal_color-1.png\",\"contentUrl\":\"https:\/\/www.manquecura.cl\/ciudad-del-este\/wp-content\/uploads\/sites\/41\/2023\/09\/logo_Manquecura_Ciudad-del-Este_horizontal_color-1.png\",\"width\":611,\"height\":183,\"caption\":\"Colegio Manquecura Ciudad del Este\"},\"image\":{\"@id\":\"https:\/\/www.manquecura.cl\/ciudad-del-este\/#\/schema\/logo\/image\/\"},\"sameAs\":[\"http:\/\/www.facebook.com\/ColegiosManquecura\",\"http:\/\/www.instagram.com\/manquecura_ciudaddeleste\/\",\"http:\/\/www.youtube.com\/c\/CognitaChile\"]},{\"@type\":\"Person\",\"@id\":\"https:\/\/www.manquecura.cl\/ciudad-del-este\/#\/schema\/person\/0debeea140e397b5d490ee7e553255d8\",\"name\":\"jorgedelcampo\",\"image\":{\"@type\":\"ImageObject\",\"inLanguage\":\"es\",\"@id\":\"https:\/\/www.manquecura.cl\/ciudad-del-este\/#\/schema\/person\/image\/\",\"url\":\"https:\/\/secure.gravatar.com\/avatar\/4a315f521213b2dc91dbda9bf799f711c8a98ab6f5606ec42cf5b33d1e762e8a?s=96&d=mm&r=g\",\"contentUrl\":\"https:\/\/secure.gravatar.com\/avatar\/4a315f521213b2dc91dbda9bf799f711c8a98ab6f5606ec42cf5b33d1e762e8a?s=96&d=mm&r=g\",\"caption\":\"jorgedelcampo\"}}]}<\/script>\n<!-- \/ Yoast SEO plugin. -->","yoast_head_json":{"title":"Campeonato de Baby F\u00fatbol \u201c20 a\u00f1os de Manquecura Ciudad del Este\" - Colegio Manquecura Ciudad del Este","robots":{"index":"index","follow":"follow","max-snippet":"max-snippet:-1","max-image-preview":"max-image-preview:large","max-video-preview":"max-video-preview:-1"},"canonical":"https:\/\/www.manquecura.cl\/ciudad-del-este\/noticias\/campeonato-de-baby-futbol-20-anos-de-manquecura-ciudad-del-este\/","og_locale":"es_ES","og_type":"article","og_title":"Campeonato de Baby F\u00fatbol \u201c20 a\u00f1os de Manquecura Ciudad del Este\" - Colegio Manquecura Ciudad del Este","og_description":"Por primera vez en la historia de Manquecura Ciudad del Este presenciamos un campeonato de baby para apoderados, organizado por el CAMPUR General de Padres del colegio, siendo una instancia de encuentro para nuestra comunidad escolar, y que cont\u00f3 con la participaci\u00f3n de equipos femeninos y masculinos, manteniendo adem\u00e1s la invitaci\u00f3n a los funcionarios de [&hellip;]","og_url":"https:\/\/www.manquecura.cl\/ciudad-del-este\/noticias\/campeonato-de-baby-futbol-20-anos-de-manquecura-ciudad-del-este\/","og_site_name":"Colegio Manquecura Ciudad del Este","article_publisher":"http:\/\/www.facebook.com\/ColegiosManquecura","article_published_time":"2022-08-16T16:21:27+00:00","author":"jorgedelcampo","twitter_card":"summary_large_image","twitter_misc":{"Escrito por":"jorgedelcampo","Tiempo de lectura":"1 minuto"},"schema":{"@context":"https:\/\/schema.org","@graph":[{"@type":"Article","@id":"https:\/\/www.manquecura.cl\/ciudad-del-este\/noticias\/campeonato-de-baby-futbol-20-anos-de-manquecura-ciudad-del-este\/#article","isPartOf":{"@id":"https:\/\/www.manquecura.cl\/ciudad-del-este\/noticias\/campeonato-de-baby-futbol-20-anos-de-manquecura-ciudad-del-este\/"},"author":{"name":"jorgedelcampo","@id":"https:\/\/www.manquecura.cl\/ciudad-del-este\/#\/schema\/person\/0debeea140e397b5d490ee7e553255d8"},"headline":"Campeonato de Baby F\u00fatbol \u201c20 a\u00f1os de Manquecura Ciudad del Este&#8221;","datePublished":"2022-08-16T16:21:27+00:00","mainEntityOfPage":{"@id":"https:\/\/www.manquecura.cl\/ciudad-del-este\/noticias\/campeonato-de-baby-futbol-20-anos-de-manquecura-ciudad-del-este\/"},"wordCount":229,"commentCount":0,"publisher":{"@id":"https:\/\/www.manquecura.cl\/ciudad-del-este\/#organization"},"image":{"@id":"https:\/\/www.manquecura.cl\/ciudad-del-este\/noticias\/campeonato-de-baby-futbol-20-anos-de-manquecura-ciudad-del-este\/#primaryimage"},"thumbnailUrl":"https:\/\/www.manquecura.cl\/ciudad-del-este\/wp-content\/uploads\/sites\/41\/2022\/08\/Campeonato-de-baby-Futbol-Manquecura-Ciudad-del-Este_-11.jpg","articleSection":["Vida Escolar"],"inLanguage":"es","potentialAction":[{"@type":"CommentAction","name":"Comment","target":["https:\/\/www.manquecura.cl\/ciudad-del-este\/noticias\/campeonato-de-baby-futbol-20-anos-de-manquecura-ciudad-del-este\/#respond"]}]},{"@type":"WebPage","@id":"https:\/\/www.manquecura.cl\/ciudad-del-este\/noticias\/campeonato-de-baby-futbol-20-anos-de-manquecura-ciudad-del-este\/","url":"https:\/\/www.manquecura.cl\/ciudad-del-este\/noticias\/campeonato-de-baby-futbol-20-anos-de-manquecura-ciudad-del-este\/","name":"Campeonato de Baby F\u00fatbol \u201c20 a\u00f1os de Manquecura Ciudad del Este\" - Colegio Manquecura Ciudad del Este","isPartOf":{"@id":"https:\/\/www.manquecura.cl\/ciudad-del-este\/#website"},"primaryImageOfPage":{"@id":"https:\/\/www.manquecura.cl\/ciudad-del-este\/noticias\/campeonato-de-baby-futbol-20-anos-de-manquecura-ciudad-del-este\/#primaryimage"},"image":{"@id":"https:\/\/www.manquecura.cl\/ciudad-del-este\/noticias\/campeonato-de-baby-futbol-20-anos-de-manquecura-ciudad-del-este\/#primaryimage"},"thumbnailUrl":"https:\/\/www.manquecura.cl\/ciudad-del-este\/wp-content\/uploads\/sites\/41\/2022\/08\/Campeonato-de-baby-Futbol-Manquecura-Ciudad-del-Este_-11.jpg","datePublished":"2022-08-16T16:21:27+00:00","breadcrumb":{"@id":"https:\/\/www.manquecura.cl\/ciudad-del-este\/noticias\/campeonato-de-baby-futbol-20-anos-de-manquecura-ciudad-del-este\/#breadcrumb"},"inLanguage":"es","potentialAction":[{"@type":"ReadAction","target":["https:\/\/www.manquecura.cl\/ciudad-del-este\/noticias\/campeonato-de-baby-futbol-20-anos-de-manquecura-ciudad-del-este\/"]}]},{"@type":"ImageObject","inLanguage":"es","@id":"https:\/\/www.manquecura.cl\/ciudad-del-este\/noticias\/campeonato-de-baby-futbol-20-anos-de-manquecura-ciudad-del-este\/#primaryimage","url":"https:\/\/www.manquecura.cl\/ciudad-del-este\/wp-content\/uploads\/sites\/41\/2022\/08\/Campeonato-de-baby-Futbol-Manquecura-Ciudad-del-Este_-11.jpg","contentUrl":"https:\/\/www.manquecura.cl\/ciudad-del-este\/wp-content\/uploads\/sites\/41\/2022\/08\/Campeonato-de-baby-Futbol-Manquecura-Ciudad-del-Este_-11.jpg","width":836,"height":523},{"@type":"BreadcrumbList","@id":"https:\/\/www.manquecura.cl\/ciudad-del-este\/noticias\/campeonato-de-baby-futbol-20-anos-de-manquecura-ciudad-del-este\/#breadcrumb","itemListElement":[{"@type":"ListItem","position":1,"name":"Home","item":"https:\/\/www.manquecura.cl\/ciudad-del-este\/"},{"@type":"ListItem","position":2,"name":"Campeonato de Baby F\u00fatbol \u201c20 a\u00f1os de Manquecura Ciudad del Este&#8221;"}]},{"@type":"WebSite","@id":"https:\/\/www.manquecura.cl\/ciudad-del-este\/#website","url":"https:\/\/www.manquecura.cl\/ciudad-del-este\/","name":"Colegio Manquecura Ciudad del Este","description":"","publisher":{"@id":"https:\/\/www.manquecura.cl\/ciudad-del-este\/#organization"},"potentialAction":[{"@type":"SearchAction","target":{"@type":"EntryPoint","urlTemplate":"https:\/\/www.manquecura.cl\/ciudad-del-este\/?s={search_term_string}"},"query-input":{"@type":"PropertyValueSpecification","valueRequired":true,"valueName":"search_term_string"}}],"inLanguage":"es"},{"@type":"Organization","@id":"https:\/\/www.manquecura.cl\/ciudad-del-este\/#organization","name":"Colegio Manquecura Ciudad del Este","url":"https:\/\/www.manquecura.cl\/ciudad-del-este\/","logo":{"@type":"ImageObject","inLanguage":"es","@id":"https:\/\/www.manquecura.cl\/ciudad-del-este\/#\/schema\/logo\/image\/","url":"https:\/\/www.manquecura.cl\/ciudad-del-este\/wp-content\/uploads\/sites\/41\/2023\/09\/logo_Manquecura_Ciudad-del-Este_horizontal_color-1.png","contentUrl":"https:\/\/www.manquecura.cl\/ciudad-del-este\/wp-content\/uploads\/sites\/41\/2023\/09\/logo_Manquecura_Ciudad-del-Este_horizontal_color-1.png","width":611,"height":183,"caption":"Colegio Manquecura Ciudad del Este"},"image":{"@id":"https:\/\/www.manquecura.cl\/ciudad-del-este\/#\/schema\/logo\/image\/"},"sameAs":["http:\/\/www.facebook.com\/ColegiosManquecura","http:\/\/www.instagram.com\/manquecura_ciudaddeleste\/","http:\/\/www.youtube.com\/c\/CognitaChile"]},{"@type":"Person","@id":"https:\/\/www.manquecura.cl\/ciudad-del-este\/#\/schema\/person\/0debeea140e397b5d490ee7e553255d8","name":"jorgedelcampo","image":{"@type":"ImageObject","inLanguage":"es","@id":"https:\/\/www.manquecura.cl\/ciudad-del-este\/#\/schema\/person\/image\/","url":"https:\/\/secure.gravatar.com\/avatar\/4a315f521213b2dc91dbda9bf799f711c8a98ab6f5606ec42cf5b33d1e762e8a?s=96&d=mm&r=g","contentUrl":"https:\/\/secure.gravatar.com\/avatar\/4a315f521213b2dc91dbda9bf799f711c8a98ab6f5606ec42cf5b33d1e762e8a?s=96&d=mm&r=g","caption":"jorgedelcampo"}}]}},"jetpack_featured_media_url":"https:\/\/www.manquecura.cl\/ciudad-del-este\/wp-content\/uploads\/sites\/41\/2022\/08\/Campeonato-de-baby-Futbol-Manquecura-Ciudad-del-Este_-11.jpg","previous_post_ID":19884,"previous_post_title":"Galer\u00eda Campeonato de Baby F\u00fatbol \u201c20 a\u00f1os de Manquecura Ciudad del Este","previous_post_excerpt":"","previous_post_link":"https:\/\/www.manquecura.cl\/ciudad-del-este\/noticias\/galeria-campeonato-de-baby-futbol-20-anos-de-manquecura-ciudad-del-este\/","previous_post_class":["post-19884","post","type-post","status-publish","format-standard","has-post-thumbnail","hentry","category-vida-escolar"],"next_post_ID":22599,"next_post_title":"Nuevo recurso de aprendizaje digital: Reading Progress","next_post_excerpt":"Durante este segundo semestre nuestros estudiantes de K\u00ednder a 6\u00b0 B\u00e1sico reforzar\u00e1n y fomentar\u00e1n su lectura con la herramienta digital de la App TEAMS de Microsoft, Reading Progress. A trav\u00e9s de \u00e9sta plataforma, los estudiantes realizar\u00e1n lecturas en voz alta pudiendo identificar errores en su calidad lectora, con el objetivo de progresar. Reading Progress es [&hellip;]","next_post_link":"https:\/\/www.manquecura.cl\/ciudad-del-este\/noticias\/nuevo-recurso-de-aprendizaje-digital-reading-progress\/","next_post_class":["post-22599","post","type-post","status-publish","format-standard","has-post-thumbnail","hentry","category-vida-escolar"],"jetpack_sharing_enabled":true,"_links":{"self":[{"href":"https:\/\/www.manquecura.cl\/ciudad-del-este\/wp-json\/wp\/v2\/posts\/19868","targetHints":{"allow":["GET"]}}],"collection":[{"href":"https:\/\/www.manquecura.cl\/ciudad-del-este\/wp-json\/wp\/v2\/posts"}],"about":[{"href":"https:\/\/www.manquecura.cl\/ciudad-del-este\/wp-json\/wp\/v2\/types\/post"}],"author":[{"embeddable":true,"href":"https:\/\/www.manquecura.cl\/ciudad-del-este\/wp-json\/wp\/v2\/users\/14"}],"replies":[{"embeddable":true,"href":"https:\/\/www.manquecura.cl\/ciudad-del-este\/wp-json\/wp\/v2\/comments?post=19868"}],"version-history":[{"count":0,"href":"https:\/\/www.manquecura.cl\/ciudad-del-este\/wp-json\/wp\/v2\/posts\/19868\/revisions"}],"wp:featuredmedia":[{"embeddable":true,"href":"https:\/\/www.manquecura.cl\/ciudad-del-este\/wp-json\/wp\/v2\/media\/19872"}],"wp:attachment":[{"href":"https:\/\/www.manquecura.cl\/ciudad-del-este\/wp-json\/wp\/v2\/media?parent=19868"}],"wp:term":[{"taxonomy":"category","embeddable":true,"href":"https:\/\/www.manquecura.cl\/ciudad-del-este\/wp-json\/wp\/v2\/categories?post=19868"},{"taxonomy":"post_tag","embeddable":true,"href":"https:\/\/www.manquecura.cl\/ciudad-del-este\/wp-json\/wp\/v2\/tags?post=19868"}],"curies":[{"name":"wp","href":"https:\/\/api.w.org\/{rel}","templated":true}]}}