{"id":19755,"date":"2022-08-02T11:18:08","date_gmt":"2022-08-02T15:18:08","guid":{"rendered":"https:\/\/www.manquecura.cl\/ciudad-del-este\/?p=19755"},"modified":"2022-08-02T11:18:08","modified_gmt":"2022-08-02T15:18:08","slug":"sorteo-stands-fiesta-de-la-chilenidad","status":"publish","type":"post","link":"https:\/\/www.manquecura.cl\/ciudad-del-este\/noticias\/sorteo-stands-fiesta-de-la-chilenidad\/","title":{"rendered":"Sorteo Stands Fiesta de la Chilenidad"},"content":{"rendered":"<p>El CAMPUR General de Padres de Manquecura Ciudad del Este, organiz\u00f3 el sorteo de los stands para la Fiesta de la Chilenidad, ocasi\u00f3n en la que asistieron los coordinadores de curso, para conocer los productos o servicios que entregar\u00e1n junto a sus apoderados en la celebraci\u00f3n.<\/p>\n<p>En la jornada, iniciada con las palabras de nuestra rectora, Estefan\u00eda C\u00e9spedes Pino, se percibi\u00f3 una gran alegr\u00eda por el regreso presencial a la esperada actividad, que se realizar\u00e1 el s\u00e1bado 10 de septiembre en nuestro colegio.<\/p>\n<p>Prontamente entregaremos a las familias de CDE, el programa de actividades, horarios y todos los antecedentes para que puedan disfrutar de esta esperada fecha.<\/p>\n<p style=\"text-align: center\"><strong>Colegio Manquecura Ciudad del Este<\/strong><\/p>\n<p>\u00a0[multimedia id=&#8221;1&#8243;]<\/p>\n"},"excerpt":{"rendered":"<p>El CAMPUR General de Padres de Manquecura Ciudad del Este, organiz\u00f3 el sorteo de los stands para la Fiesta de la Chilenidad, ocasi\u00f3n en la que asistieron los coordinadores de curso, para conocer los productos o servicios que entregar\u00e1n junto a sus apoderados en la celebraci\u00f3n. En la jornada, iniciada con las palabras de nuestra [&hellip;]<\/p>\n","protected":false},"author":14,"featured_media":19756,"comment_status":"open","ping_status":"open","sticky":false,"template":"","format":"standard","meta":{"_acf_changed":false,"content-type":"","_jetpack_memberships_contains_paid_content":false,"footnotes":""},"categories":[1],"tags":[],"class_list":["post-19755","post","type-post","status-publish","format-standard","has-post-thumbnail","hentry","category-vida-escolar"],"acf":[],"yoast_head":"<!-- This site is optimized with the Yoast SEO plugin v27.1.1 - https:\/\/yoast.com\/product\/yoast-seo-wordpress\/ -->\n<title>Sorteo Stands Fiesta de la Chilenidad - Colegio Manquecura Ciudad del Este<\/title>\n<meta name=\"robots\" content=\"index, follow, max-snippet:-1, max-image-preview:large, max-video-preview:-1\" \/>\n<link rel=\"canonical\" href=\"https:\/\/www.manquecura.cl\/ciudad-del-este\/noticias\/sorteo-stands-fiesta-de-la-chilenidad\/\" \/>\n<meta property=\"og:locale\" content=\"es_ES\" \/>\n<meta property=\"og:type\" content=\"article\" \/>\n<meta property=\"og:title\" content=\"Sorteo Stands Fiesta de la Chilenidad - Colegio Manquecura Ciudad del Este\" \/>\n<meta property=\"og:description\" content=\"El CAMPUR General de Padres de Manquecura Ciudad del Este, organiz\u00f3 el sorteo de los stands para la Fiesta de la Chilenidad, ocasi\u00f3n en la que asistieron los coordinadores de curso, para conocer los productos o servicios que entregar\u00e1n junto a sus apoderados en la celebraci\u00f3n. En la jornada, iniciada con las palabras de nuestra [&hellip;]\" \/>\n<meta property=\"og:url\" content=\"https:\/\/www.manquecura.cl\/ciudad-del-este\/noticias\/sorteo-stands-fiesta-de-la-chilenidad\/\" \/>\n<meta property=\"og:site_name\" content=\"Colegio Manquecura Ciudad del Este\" \/>\n<meta property=\"article:publisher\" content=\"http:\/\/www.facebook.com\/ColegiosManquecura\" \/>\n<meta property=\"article:published_time\" content=\"2022-08-02T15:18:08+00:00\" \/>\n<meta name=\"author\" content=\"jorgedelcampo\" \/>\n<meta name=\"twitter:card\" content=\"summary_large_image\" \/>\n<meta name=\"twitter:label1\" content=\"Escrito por\" \/>\n\t<meta name=\"twitter:data1\" content=\"jorgedelcampo\" \/>\n\t<meta name=\"twitter:label2\" content=\"Tiempo de lectura\" \/>\n\t<meta name=\"twitter:data2\" content=\"1 minuto\" \/>\n<script type=\"application\/ld+json\" class=\"yoast-schema-graph\">{\"@context\":\"https:\/\/schema.org\",\"@graph\":[{\"@type\":\"Article\",\"@id\":\"https:\/\/www.manquecura.cl\/ciudad-del-este\/noticias\/sorteo-stands-fiesta-de-la-chilenidad\/#article\",\"isPartOf\":{\"@id\":\"https:\/\/www.manquecura.cl\/ciudad-del-este\/noticias\/sorteo-stands-fiesta-de-la-chilenidad\/\"},\"author\":{\"name\":\"jorgedelcampo\",\"@id\":\"https:\/\/www.manquecura.cl\/ciudad-del-este\/#\/schema\/person\/0debeea140e397b5d490ee7e553255d8\"},\"headline\":\"Sorteo Stands Fiesta de la Chilenidad\",\"datePublished\":\"2022-08-02T15:18:08+00:00\",\"mainEntityOfPage\":{\"@id\":\"https:\/\/www.manquecura.cl\/ciudad-del-este\/noticias\/sorteo-stands-fiesta-de-la-chilenidad\/\"},\"wordCount\":126,\"commentCount\":0,\"publisher\":{\"@id\":\"https:\/\/www.manquecura.cl\/ciudad-del-este\/#organization\"},\"image\":{\"@id\":\"https:\/\/www.manquecura.cl\/ciudad-del-este\/noticias\/sorteo-stands-fiesta-de-la-chilenidad\/#primaryimage\"},\"thumbnailUrl\":\"https:\/\/www.manquecura.cl\/ciudad-del-este\/wp-content\/uploads\/sites\/41\/2022\/08\/sorteo-stand-fiesta-de-la-chilenidad_1.jpg\",\"articleSection\":[\"Vida Escolar\"],\"inLanguage\":\"es\",\"potentialAction\":[{\"@type\":\"CommentAction\",\"name\":\"Comment\",\"target\":[\"https:\/\/www.manquecura.cl\/ciudad-del-este\/noticias\/sorteo-stands-fiesta-de-la-chilenidad\/#respond\"]}]},{\"@type\":\"WebPage\",\"@id\":\"https:\/\/www.manquecura.cl\/ciudad-del-este\/noticias\/sorteo-stands-fiesta-de-la-chilenidad\/\",\"url\":\"https:\/\/www.manquecura.cl\/ciudad-del-este\/noticias\/sorteo-stands-fiesta-de-la-chilenidad\/\",\"name\":\"Sorteo Stands Fiesta de la Chilenidad - Colegio Manquecura Ciudad del Este\",\"isPartOf\":{\"@id\":\"https:\/\/www.manquecura.cl\/ciudad-del-este\/#website\"},\"primaryImageOfPage\":{\"@id\":\"https:\/\/www.manquecura.cl\/ciudad-del-este\/noticias\/sorteo-stands-fiesta-de-la-chilenidad\/#primaryimage\"},\"image\":{\"@id\":\"https:\/\/www.manquecura.cl\/ciudad-del-este\/noticias\/sorteo-stands-fiesta-de-la-chilenidad\/#primaryimage\"},\"thumbnailUrl\":\"https:\/\/www.manquecura.cl\/ciudad-del-este\/wp-content\/uploads\/sites\/41\/2022\/08\/sorteo-stand-fiesta-de-la-chilenidad_1.jpg\",\"datePublished\":\"2022-08-02T15:18:08+00:00\",\"breadcrumb\":{\"@id\":\"https:\/\/www.manquecura.cl\/ciudad-del-este\/noticias\/sorteo-stands-fiesta-de-la-chilenidad\/#breadcrumb\"},\"inLanguage\":\"es\",\"potentialAction\":[{\"@type\":\"ReadAction\",\"target\":[\"https:\/\/www.manquecura.cl\/ciudad-del-este\/noticias\/sorteo-stands-fiesta-de-la-chilenidad\/\"]}]},{\"@type\":\"ImageObject\",\"inLanguage\":\"es\",\"@id\":\"https:\/\/www.manquecura.cl\/ciudad-del-este\/noticias\/sorteo-stands-fiesta-de-la-chilenidad\/#primaryimage\",\"url\":\"https:\/\/www.manquecura.cl\/ciudad-del-este\/wp-content\/uploads\/sites\/41\/2022\/08\/sorteo-stand-fiesta-de-la-chilenidad_1.jpg\",\"contentUrl\":\"https:\/\/www.manquecura.cl\/ciudad-del-este\/wp-content\/uploads\/sites\/41\/2022\/08\/sorteo-stand-fiesta-de-la-chilenidad_1.jpg\",\"width\":836,\"height\":523},{\"@type\":\"BreadcrumbList\",\"@id\":\"https:\/\/www.manquecura.cl\/ciudad-del-este\/noticias\/sorteo-stands-fiesta-de-la-chilenidad\/#breadcrumb\",\"itemListElement\":[{\"@type\":\"ListItem\",\"position\":1,\"name\":\"Home\",\"item\":\"https:\/\/www.manquecura.cl\/ciudad-del-este\/\"},{\"@type\":\"ListItem\",\"position\":2,\"name\":\"Sorteo Stands Fiesta de la Chilenidad\"}]},{\"@type\":\"WebSite\",\"@id\":\"https:\/\/www.manquecura.cl\/ciudad-del-este\/#website\",\"url\":\"https:\/\/www.manquecura.cl\/ciudad-del-este\/\",\"name\":\"Colegio Manquecura Ciudad del Este\",\"description\":\"\",\"publisher\":{\"@id\":\"https:\/\/www.manquecura.cl\/ciudad-del-este\/#organization\"},\"potentialAction\":[{\"@type\":\"SearchAction\",\"target\":{\"@type\":\"EntryPoint\",\"urlTemplate\":\"https:\/\/www.manquecura.cl\/ciudad-del-este\/?s={search_term_string}\"},\"query-input\":{\"@type\":\"PropertyValueSpecification\",\"valueRequired\":true,\"valueName\":\"search_term_string\"}}],\"inLanguage\":\"es\"},{\"@type\":\"Organization\",\"@id\":\"https:\/\/www.manquecura.cl\/ciudad-del-este\/#organization\",\"name\":\"Colegio Manquecura Ciudad del Este\",\"url\":\"https:\/\/www.manquecura.cl\/ciudad-del-este\/\",\"logo\":{\"@type\":\"ImageObject\",\"inLanguage\":\"es\",\"@id\":\"https:\/\/www.manquecura.cl\/ciudad-del-este\/#\/schema\/logo\/image\/\",\"url\":\"https:\/\/www.manquecura.cl\/ciudad-del-este\/wp-content\/uploads\/sites\/41\/2023\/09\/logo_Manquecura_Ciudad-del-Este_horizontal_color-1.png\",\"contentUrl\":\"https:\/\/www.manquecura.cl\/ciudad-del-este\/wp-content\/uploads\/sites\/41\/2023\/09\/logo_Manquecura_Ciudad-del-Este_horizontal_color-1.png\",\"width\":611,\"height\":183,\"caption\":\"Colegio Manquecura Ciudad del Este\"},\"image\":{\"@id\":\"https:\/\/www.manquecura.cl\/ciudad-del-este\/#\/schema\/logo\/image\/\"},\"sameAs\":[\"http:\/\/www.facebook.com\/ColegiosManquecura\",\"http:\/\/www.instagram.com\/manquecura_ciudaddeleste\/\",\"http:\/\/www.youtube.com\/c\/CognitaChile\"]},{\"@type\":\"Person\",\"@id\":\"https:\/\/www.manquecura.cl\/ciudad-del-este\/#\/schema\/person\/0debeea140e397b5d490ee7e553255d8\",\"name\":\"jorgedelcampo\",\"image\":{\"@type\":\"ImageObject\",\"inLanguage\":\"es\",\"@id\":\"https:\/\/www.manquecura.cl\/ciudad-del-este\/#\/schema\/person\/image\/\",\"url\":\"https:\/\/secure.gravatar.com\/avatar\/4a315f521213b2dc91dbda9bf799f711c8a98ab6f5606ec42cf5b33d1e762e8a?s=96&d=mm&r=g\",\"contentUrl\":\"https:\/\/secure.gravatar.com\/avatar\/4a315f521213b2dc91dbda9bf799f711c8a98ab6f5606ec42cf5b33d1e762e8a?s=96&d=mm&r=g\",\"caption\":\"jorgedelcampo\"}}]}<\/script>\n<!-- \/ Yoast SEO plugin. -->","yoast_head_json":{"title":"Sorteo Stands Fiesta de la Chilenidad - Colegio Manquecura Ciudad del Este","robots":{"index":"index","follow":"follow","max-snippet":"max-snippet:-1","max-image-preview":"max-image-preview:large","max-video-preview":"max-video-preview:-1"},"canonical":"https:\/\/www.manquecura.cl\/ciudad-del-este\/noticias\/sorteo-stands-fiesta-de-la-chilenidad\/","og_locale":"es_ES","og_type":"article","og_title":"Sorteo Stands Fiesta de la Chilenidad - Colegio Manquecura Ciudad del Este","og_description":"El CAMPUR General de Padres de Manquecura Ciudad del Este, organiz\u00f3 el sorteo de los stands para la Fiesta de la Chilenidad, ocasi\u00f3n en la que asistieron los coordinadores de curso, para conocer los productos o servicios que entregar\u00e1n junto a sus apoderados en la celebraci\u00f3n. En la jornada, iniciada con las palabras de nuestra [&hellip;]","og_url":"https:\/\/www.manquecura.cl\/ciudad-del-este\/noticias\/sorteo-stands-fiesta-de-la-chilenidad\/","og_site_name":"Colegio Manquecura Ciudad del Este","article_publisher":"http:\/\/www.facebook.com\/ColegiosManquecura","article_published_time":"2022-08-02T15:18:08+00:00","author":"jorgedelcampo","twitter_card":"summary_large_image","twitter_misc":{"Escrito por":"jorgedelcampo","Tiempo de lectura":"1 minuto"},"schema":{"@context":"https:\/\/schema.org","@graph":[{"@type":"Article","@id":"https:\/\/www.manquecura.cl\/ciudad-del-este\/noticias\/sorteo-stands-fiesta-de-la-chilenidad\/#article","isPartOf":{"@id":"https:\/\/www.manquecura.cl\/ciudad-del-este\/noticias\/sorteo-stands-fiesta-de-la-chilenidad\/"},"author":{"name":"jorgedelcampo","@id":"https:\/\/www.manquecura.cl\/ciudad-del-este\/#\/schema\/person\/0debeea140e397b5d490ee7e553255d8"},"headline":"Sorteo Stands Fiesta de la Chilenidad","datePublished":"2022-08-02T15:18:08+00:00","mainEntityOfPage":{"@id":"https:\/\/www.manquecura.cl\/ciudad-del-este\/noticias\/sorteo-stands-fiesta-de-la-chilenidad\/"},"wordCount":126,"commentCount":0,"publisher":{"@id":"https:\/\/www.manquecura.cl\/ciudad-del-este\/#organization"},"image":{"@id":"https:\/\/www.manquecura.cl\/ciudad-del-este\/noticias\/sorteo-stands-fiesta-de-la-chilenidad\/#primaryimage"},"thumbnailUrl":"https:\/\/www.manquecura.cl\/ciudad-del-este\/wp-content\/uploads\/sites\/41\/2022\/08\/sorteo-stand-fiesta-de-la-chilenidad_1.jpg","articleSection":["Vida Escolar"],"inLanguage":"es","potentialAction":[{"@type":"CommentAction","name":"Comment","target":["https:\/\/www.manquecura.cl\/ciudad-del-este\/noticias\/sorteo-stands-fiesta-de-la-chilenidad\/#respond"]}]},{"@type":"WebPage","@id":"https:\/\/www.manquecura.cl\/ciudad-del-este\/noticias\/sorteo-stands-fiesta-de-la-chilenidad\/","url":"https:\/\/www.manquecura.cl\/ciudad-del-este\/noticias\/sorteo-stands-fiesta-de-la-chilenidad\/","name":"Sorteo Stands Fiesta de la Chilenidad - Colegio Manquecura Ciudad del Este","isPartOf":{"@id":"https:\/\/www.manquecura.cl\/ciudad-del-este\/#website"},"primaryImageOfPage":{"@id":"https:\/\/www.manquecura.cl\/ciudad-del-este\/noticias\/sorteo-stands-fiesta-de-la-chilenidad\/#primaryimage"},"image":{"@id":"https:\/\/www.manquecura.cl\/ciudad-del-este\/noticias\/sorteo-stands-fiesta-de-la-chilenidad\/#primaryimage"},"thumbnailUrl":"https:\/\/www.manquecura.cl\/ciudad-del-este\/wp-content\/uploads\/sites\/41\/2022\/08\/sorteo-stand-fiesta-de-la-chilenidad_1.jpg","datePublished":"2022-08-02T15:18:08+00:00","breadcrumb":{"@id":"https:\/\/www.manquecura.cl\/ciudad-del-este\/noticias\/sorteo-stands-fiesta-de-la-chilenidad\/#breadcrumb"},"inLanguage":"es","potentialAction":[{"@type":"ReadAction","target":["https:\/\/www.manquecura.cl\/ciudad-del-este\/noticias\/sorteo-stands-fiesta-de-la-chilenidad\/"]}]},{"@type":"ImageObject","inLanguage":"es","@id":"https:\/\/www.manquecura.cl\/ciudad-del-este\/noticias\/sorteo-stands-fiesta-de-la-chilenidad\/#primaryimage","url":"https:\/\/www.manquecura.cl\/ciudad-del-este\/wp-content\/uploads\/sites\/41\/2022\/08\/sorteo-stand-fiesta-de-la-chilenidad_1.jpg","contentUrl":"https:\/\/www.manquecura.cl\/ciudad-del-este\/wp-content\/uploads\/sites\/41\/2022\/08\/sorteo-stand-fiesta-de-la-chilenidad_1.jpg","width":836,"height":523},{"@type":"BreadcrumbList","@id":"https:\/\/www.manquecura.cl\/ciudad-del-este\/noticias\/sorteo-stands-fiesta-de-la-chilenidad\/#breadcrumb","itemListElement":[{"@type":"ListItem","position":1,"name":"Home","item":"https:\/\/www.manquecura.cl\/ciudad-del-este\/"},{"@type":"ListItem","position":2,"name":"Sorteo Stands Fiesta de la Chilenidad"}]},{"@type":"WebSite","@id":"https:\/\/www.manquecura.cl\/ciudad-del-este\/#website","url":"https:\/\/www.manquecura.cl\/ciudad-del-este\/","name":"Colegio Manquecura Ciudad del Este","description":"","publisher":{"@id":"https:\/\/www.manquecura.cl\/ciudad-del-este\/#organization"},"potentialAction":[{"@type":"SearchAction","target":{"@type":"EntryPoint","urlTemplate":"https:\/\/www.manquecura.cl\/ciudad-del-este\/?s={search_term_string}"},"query-input":{"@type":"PropertyValueSpecification","valueRequired":true,"valueName":"search_term_string"}}],"inLanguage":"es"},{"@type":"Organization","@id":"https:\/\/www.manquecura.cl\/ciudad-del-este\/#organization","name":"Colegio Manquecura Ciudad del Este","url":"https:\/\/www.manquecura.cl\/ciudad-del-este\/","logo":{"@type":"ImageObject","inLanguage":"es","@id":"https:\/\/www.manquecura.cl\/ciudad-del-este\/#\/schema\/logo\/image\/","url":"https:\/\/www.manquecura.cl\/ciudad-del-este\/wp-content\/uploads\/sites\/41\/2023\/09\/logo_Manquecura_Ciudad-del-Este_horizontal_color-1.png","contentUrl":"https:\/\/www.manquecura.cl\/ciudad-del-este\/wp-content\/uploads\/sites\/41\/2023\/09\/logo_Manquecura_Ciudad-del-Este_horizontal_color-1.png","width":611,"height":183,"caption":"Colegio Manquecura Ciudad del Este"},"image":{"@id":"https:\/\/www.manquecura.cl\/ciudad-del-este\/#\/schema\/logo\/image\/"},"sameAs":["http:\/\/www.facebook.com\/ColegiosManquecura","http:\/\/www.instagram.com\/manquecura_ciudaddeleste\/","http:\/\/www.youtube.com\/c\/CognitaChile"]},{"@type":"Person","@id":"https:\/\/www.manquecura.cl\/ciudad-del-este\/#\/schema\/person\/0debeea140e397b5d490ee7e553255d8","name":"jorgedelcampo","image":{"@type":"ImageObject","inLanguage":"es","@id":"https:\/\/www.manquecura.cl\/ciudad-del-este\/#\/schema\/person\/image\/","url":"https:\/\/secure.gravatar.com\/avatar\/4a315f521213b2dc91dbda9bf799f711c8a98ab6f5606ec42cf5b33d1e762e8a?s=96&d=mm&r=g","contentUrl":"https:\/\/secure.gravatar.com\/avatar\/4a315f521213b2dc91dbda9bf799f711c8a98ab6f5606ec42cf5b33d1e762e8a?s=96&d=mm&r=g","caption":"jorgedelcampo"}}]}},"jetpack_featured_media_url":"https:\/\/www.manquecura.cl\/ciudad-del-este\/wp-content\/uploads\/sites\/41\/2022\/08\/sorteo-stand-fiesta-de-la-chilenidad_1.jpg","previous_post_ID":19713,"previous_post_title":"Nuevas actividades extra program\u00e1ticas para los apoderados","previous_post_excerpt":"Con mucha alegr\u00eda anunciamos a nuestros padres y apoderados que tenemos para todos ustedes actividades extra program\u00e1ticas, para que participen de ellas\u00a0los d\u00edas s\u00e1bado durante este segundo semestre. Para obtener el detalle de ellas los invitamos a dirigirse a los docentes que las imparten, escribi\u00e9ndoles a sus correos electr\u00f3nicos. VOLLEYBALL MIXTO S\u00e1bados del II semestre [&hellip;]","previous_post_link":"https:\/\/www.manquecura.cl\/ciudad-del-este\/noticias\/nuevas-actividades-extra-programaticas-para-los-apoderados\/","previous_post_class":["post-19713","post","type-post","status-publish","format-standard","has-post-thumbnail","hentry","category-vida-escolar"],"next_post_ID":19769,"next_post_title":"En el mes de la solidaridad CDE apoya a Fundaci\u00f3n Gantz","next_post_excerpt":"Manquecura Ciudad del Este invita a todas las familias de su comunidad escolar a apoyar la campa\u00f1a de Fundaci\u00f3n Gantz, Hospital del Ni\u00f1o con Fisura. En su colecta anual denominada \u201cUnidos por una Sonrisa\u201d, nuestro colegio participar\u00e1 con las familias el apoyo a la instituci\u00f3n por el Mes de la Solidaridad, compartiendo un link o [&hellip;]","next_post_link":"https:\/\/www.manquecura.cl\/ciudad-del-este\/noticias\/en-el-mes-de-la-solidaridad-cde-apoya-a-fundacion-gantz\/","next_post_class":["post-19769","post","type-post","status-publish","format-standard","has-post-thumbnail","hentry","category-vida-escolar"],"jetpack_sharing_enabled":true,"_links":{"self":[{"href":"https:\/\/www.manquecura.cl\/ciudad-del-este\/wp-json\/wp\/v2\/posts\/19755","targetHints":{"allow":["GET"]}}],"collection":[{"href":"https:\/\/www.manquecura.cl\/ciudad-del-este\/wp-json\/wp\/v2\/posts"}],"about":[{"href":"https:\/\/www.manquecura.cl\/ciudad-del-este\/wp-json\/wp\/v2\/types\/post"}],"author":[{"embeddable":true,"href":"https:\/\/www.manquecura.cl\/ciudad-del-este\/wp-json\/wp\/v2\/users\/14"}],"replies":[{"embeddable":true,"href":"https:\/\/www.manquecura.cl\/ciudad-del-este\/wp-json\/wp\/v2\/comments?post=19755"}],"version-history":[{"count":0,"href":"https:\/\/www.manquecura.cl\/ciudad-del-este\/wp-json\/wp\/v2\/posts\/19755\/revisions"}],"wp:featuredmedia":[{"embeddable":true,"href":"https:\/\/www.manquecura.cl\/ciudad-del-este\/wp-json\/wp\/v2\/media\/19756"}],"wp:attachment":[{"href":"https:\/\/www.manquecura.cl\/ciudad-del-este\/wp-json\/wp\/v2\/media?parent=19755"}],"wp:term":[{"taxonomy":"category","embeddable":true,"href":"https:\/\/www.manquecura.cl\/ciudad-del-este\/wp-json\/wp\/v2\/categories?post=19755"},{"taxonomy":"post_tag","embeddable":true,"href":"https:\/\/www.manquecura.cl\/ciudad-del-este\/wp-json\/wp\/v2\/tags?post=19755"}],"curies":[{"name":"wp","href":"https:\/\/api.w.org\/{rel}","templated":true}]}}