{"id":19713,"date":"2022-08-01T12:03:01","date_gmt":"2022-08-01T16:03:01","guid":{"rendered":"https:\/\/www.manquecura.cl\/ciudad-del-este\/?p=19713"},"modified":"2022-08-01T12:03:01","modified_gmt":"2022-08-01T16:03:01","slug":"nuevas-actividades-extra-programaticas-para-los-apoderados","status":"publish","type":"post","link":"https:\/\/www.manquecura.cl\/ciudad-del-este\/noticias\/nuevas-actividades-extra-programaticas-para-los-apoderados\/","title":{"rendered":"Nuevas actividades extra program\u00e1ticas para los apoderados"},"content":{"rendered":"<p>Con mucha alegr\u00eda anunciamos a nuestros padres y apoderados que tenemos para todos ustedes actividades extra program\u00e1ticas, para que participen de ellas\u00a0los d\u00edas s\u00e1bado durante este segundo semestre.<\/p>\n<p>Para obtener el detalle de ellas los invitamos a dirigirse a los docentes que las imparten, escribi\u00e9ndoles a sus correos electr\u00f3nicos.<\/p>\n<p><strong>VOLLEYBALL MIXTO<\/strong><br \/>\nS\u00e1bados del II semestre<br \/>\nHorario: 10.00 a 11.30 hrs.<br \/>\nLugar: Multicancha<br \/>\nProfesor Alejandro Reyes<br \/>\nalejandro.reyes@colegiomanquecura.cl<br \/>\nValor: $50.000 semestral<\/p>\n<p>&nbsp;<\/p>\n<p><strong>CLASES DE CUECA<\/strong><br \/>\nS\u00e1bados: 6 de agosto \u2013 13 de agosto \u2013 20 de agosto \u2013 27 de agosto \u2013 3 de septiembre<br \/>\nHorario: 10.00 a 11.30 hrs.<br \/>\nLugar: Casino<br \/>\nProfesor Gabriel Guzm\u00e1n<br \/>\ngabriel.guzman@colegiomanquecura.cl<br \/>\nValor: $2.000 cada clase<\/p>\n<p>&nbsp;<\/p>\n<p style=\"text-align: center\">\u00a1Qu\u00e9 sea un gran nuevo periodo para todos!<\/p>\n<p style=\"text-align: center\"><strong>Manquecura Ciudad del Este<\/strong><\/p>\n"},"excerpt":{"rendered":"<p>Con mucha alegr\u00eda anunciamos a nuestros padres y apoderados que tenemos para todos ustedes actividades extra program\u00e1ticas, para que participen de ellas\u00a0los d\u00edas s\u00e1bado durante este segundo semestre. Para obtener el detalle de ellas los invitamos a dirigirse a los docentes que las imparten, escribi\u00e9ndoles a sus correos electr\u00f3nicos. VOLLEYBALL MIXTO S\u00e1bados del II semestre [&hellip;]<\/p>\n","protected":false},"author":14,"featured_media":19714,"comment_status":"open","ping_status":"open","sticky":false,"template":"","format":"standard","meta":{"_acf_changed":false,"content-type":"","_jetpack_memberships_contains_paid_content":false,"footnotes":""},"categories":[1],"tags":[],"class_list":["post-19713","post","type-post","status-publish","format-standard","has-post-thumbnail","hentry","category-vida-escolar"],"acf":[],"yoast_head":"<!-- This site is optimized with the Yoast SEO plugin v27.1.1 - https:\/\/yoast.com\/product\/yoast-seo-wordpress\/ -->\n<title>Nuevas actividades extra program\u00e1ticas para los apoderados - Colegio Manquecura Ciudad del Este<\/title>\n<meta name=\"robots\" content=\"index, follow, max-snippet:-1, max-image-preview:large, max-video-preview:-1\" \/>\n<link rel=\"canonical\" href=\"https:\/\/www.manquecura.cl\/ciudad-del-este\/noticias\/nuevas-actividades-extra-programaticas-para-los-apoderados\/\" \/>\n<meta property=\"og:locale\" content=\"es_ES\" \/>\n<meta property=\"og:type\" content=\"article\" \/>\n<meta property=\"og:title\" content=\"Nuevas actividades extra program\u00e1ticas para los apoderados - Colegio Manquecura Ciudad del Este\" \/>\n<meta property=\"og:description\" content=\"Con mucha alegr\u00eda anunciamos a nuestros padres y apoderados que tenemos para todos ustedes actividades extra program\u00e1ticas, para que participen de ellas\u00a0los d\u00edas s\u00e1bado durante este segundo semestre. Para obtener el detalle de ellas los invitamos a dirigirse a los docentes que las imparten, escribi\u00e9ndoles a sus correos electr\u00f3nicos. VOLLEYBALL MIXTO S\u00e1bados del II semestre [&hellip;]\" \/>\n<meta property=\"og:url\" content=\"https:\/\/www.manquecura.cl\/ciudad-del-este\/noticias\/nuevas-actividades-extra-programaticas-para-los-apoderados\/\" \/>\n<meta property=\"og:site_name\" content=\"Colegio Manquecura Ciudad del Este\" \/>\n<meta property=\"article:publisher\" content=\"http:\/\/www.facebook.com\/ColegiosManquecura\" \/>\n<meta property=\"article:published_time\" content=\"2022-08-01T16:03:01+00:00\" \/>\n<meta name=\"author\" content=\"jorgedelcampo\" \/>\n<meta name=\"twitter:card\" content=\"summary_large_image\" \/>\n<meta name=\"twitter:label1\" content=\"Escrito por\" \/>\n\t<meta name=\"twitter:data1\" content=\"jorgedelcampo\" \/>\n\t<meta name=\"twitter:label2\" content=\"Tiempo de lectura\" \/>\n\t<meta name=\"twitter:data2\" content=\"1 minuto\" \/>\n<script type=\"application\/ld+json\" class=\"yoast-schema-graph\">{\"@context\":\"https:\/\/schema.org\",\"@graph\":[{\"@type\":\"Article\",\"@id\":\"https:\/\/www.manquecura.cl\/ciudad-del-este\/noticias\/nuevas-actividades-extra-programaticas-para-los-apoderados\/#article\",\"isPartOf\":{\"@id\":\"https:\/\/www.manquecura.cl\/ciudad-del-este\/noticias\/nuevas-actividades-extra-programaticas-para-los-apoderados\/\"},\"author\":{\"name\":\"jorgedelcampo\",\"@id\":\"https:\/\/www.manquecura.cl\/ciudad-del-este\/#\/schema\/person\/0debeea140e397b5d490ee7e553255d8\"},\"headline\":\"Nuevas actividades extra program\u00e1ticas para los apoderados\",\"datePublished\":\"2022-08-01T16:03:01+00:00\",\"mainEntityOfPage\":{\"@id\":\"https:\/\/www.manquecura.cl\/ciudad-del-este\/noticias\/nuevas-actividades-extra-programaticas-para-los-apoderados\/\"},\"wordCount\":130,\"commentCount\":0,\"publisher\":{\"@id\":\"https:\/\/www.manquecura.cl\/ciudad-del-este\/#organization\"},\"image\":{\"@id\":\"https:\/\/www.manquecura.cl\/ciudad-del-este\/noticias\/nuevas-actividades-extra-programaticas-para-los-apoderados\/#primaryimage\"},\"thumbnailUrl\":\"https:\/\/www.manquecura.cl\/ciudad-del-este\/wp-content\/uploads\/sites\/41\/2022\/07\/APODERADOS.jpg\",\"articleSection\":[\"Vida Escolar\"],\"inLanguage\":\"es\",\"potentialAction\":[{\"@type\":\"CommentAction\",\"name\":\"Comment\",\"target\":[\"https:\/\/www.manquecura.cl\/ciudad-del-este\/noticias\/nuevas-actividades-extra-programaticas-para-los-apoderados\/#respond\"]}]},{\"@type\":\"WebPage\",\"@id\":\"https:\/\/www.manquecura.cl\/ciudad-del-este\/noticias\/nuevas-actividades-extra-programaticas-para-los-apoderados\/\",\"url\":\"https:\/\/www.manquecura.cl\/ciudad-del-este\/noticias\/nuevas-actividades-extra-programaticas-para-los-apoderados\/\",\"name\":\"Nuevas actividades extra program\u00e1ticas para los apoderados - Colegio Manquecura Ciudad del Este\",\"isPartOf\":{\"@id\":\"https:\/\/www.manquecura.cl\/ciudad-del-este\/#website\"},\"primaryImageOfPage\":{\"@id\":\"https:\/\/www.manquecura.cl\/ciudad-del-este\/noticias\/nuevas-actividades-extra-programaticas-para-los-apoderados\/#primaryimage\"},\"image\":{\"@id\":\"https:\/\/www.manquecura.cl\/ciudad-del-este\/noticias\/nuevas-actividades-extra-programaticas-para-los-apoderados\/#primaryimage\"},\"thumbnailUrl\":\"https:\/\/www.manquecura.cl\/ciudad-del-este\/wp-content\/uploads\/sites\/41\/2022\/07\/APODERADOS.jpg\",\"datePublished\":\"2022-08-01T16:03:01+00:00\",\"breadcrumb\":{\"@id\":\"https:\/\/www.manquecura.cl\/ciudad-del-este\/noticias\/nuevas-actividades-extra-programaticas-para-los-apoderados\/#breadcrumb\"},\"inLanguage\":\"es\",\"potentialAction\":[{\"@type\":\"ReadAction\",\"target\":[\"https:\/\/www.manquecura.cl\/ciudad-del-este\/noticias\/nuevas-actividades-extra-programaticas-para-los-apoderados\/\"]}]},{\"@type\":\"ImageObject\",\"inLanguage\":\"es\",\"@id\":\"https:\/\/www.manquecura.cl\/ciudad-del-este\/noticias\/nuevas-actividades-extra-programaticas-para-los-apoderados\/#primaryimage\",\"url\":\"https:\/\/www.manquecura.cl\/ciudad-del-este\/wp-content\/uploads\/sites\/41\/2022\/07\/APODERADOS.jpg\",\"contentUrl\":\"https:\/\/www.manquecura.cl\/ciudad-del-este\/wp-content\/uploads\/sites\/41\/2022\/07\/APODERADOS.jpg\",\"width\":836,\"height\":523},{\"@type\":\"BreadcrumbList\",\"@id\":\"https:\/\/www.manquecura.cl\/ciudad-del-este\/noticias\/nuevas-actividades-extra-programaticas-para-los-apoderados\/#breadcrumb\",\"itemListElement\":[{\"@type\":\"ListItem\",\"position\":1,\"name\":\"Home\",\"item\":\"https:\/\/www.manquecura.cl\/ciudad-del-este\/\"},{\"@type\":\"ListItem\",\"position\":2,\"name\":\"Nuevas actividades extra program\u00e1ticas para los apoderados\"}]},{\"@type\":\"WebSite\",\"@id\":\"https:\/\/www.manquecura.cl\/ciudad-del-este\/#website\",\"url\":\"https:\/\/www.manquecura.cl\/ciudad-del-este\/\",\"name\":\"Colegio Manquecura Ciudad del Este\",\"description\":\"\",\"publisher\":{\"@id\":\"https:\/\/www.manquecura.cl\/ciudad-del-este\/#organization\"},\"potentialAction\":[{\"@type\":\"SearchAction\",\"target\":{\"@type\":\"EntryPoint\",\"urlTemplate\":\"https:\/\/www.manquecura.cl\/ciudad-del-este\/?s={search_term_string}\"},\"query-input\":{\"@type\":\"PropertyValueSpecification\",\"valueRequired\":true,\"valueName\":\"search_term_string\"}}],\"inLanguage\":\"es\"},{\"@type\":\"Organization\",\"@id\":\"https:\/\/www.manquecura.cl\/ciudad-del-este\/#organization\",\"name\":\"Colegio Manquecura Ciudad del Este\",\"url\":\"https:\/\/www.manquecura.cl\/ciudad-del-este\/\",\"logo\":{\"@type\":\"ImageObject\",\"inLanguage\":\"es\",\"@id\":\"https:\/\/www.manquecura.cl\/ciudad-del-este\/#\/schema\/logo\/image\/\",\"url\":\"https:\/\/www.manquecura.cl\/ciudad-del-este\/wp-content\/uploads\/sites\/41\/2023\/09\/logo_Manquecura_Ciudad-del-Este_horizontal_color-1.png\",\"contentUrl\":\"https:\/\/www.manquecura.cl\/ciudad-del-este\/wp-content\/uploads\/sites\/41\/2023\/09\/logo_Manquecura_Ciudad-del-Este_horizontal_color-1.png\",\"width\":611,\"height\":183,\"caption\":\"Colegio Manquecura Ciudad del Este\"},\"image\":{\"@id\":\"https:\/\/www.manquecura.cl\/ciudad-del-este\/#\/schema\/logo\/image\/\"},\"sameAs\":[\"http:\/\/www.facebook.com\/ColegiosManquecura\",\"http:\/\/www.instagram.com\/manquecura_ciudaddeleste\/\",\"http:\/\/www.youtube.com\/c\/CognitaChile\"]},{\"@type\":\"Person\",\"@id\":\"https:\/\/www.manquecura.cl\/ciudad-del-este\/#\/schema\/person\/0debeea140e397b5d490ee7e553255d8\",\"name\":\"jorgedelcampo\",\"image\":{\"@type\":\"ImageObject\",\"inLanguage\":\"es\",\"@id\":\"https:\/\/www.manquecura.cl\/ciudad-del-este\/#\/schema\/person\/image\/\",\"url\":\"https:\/\/secure.gravatar.com\/avatar\/4a315f521213b2dc91dbda9bf799f711c8a98ab6f5606ec42cf5b33d1e762e8a?s=96&d=mm&r=g\",\"contentUrl\":\"https:\/\/secure.gravatar.com\/avatar\/4a315f521213b2dc91dbda9bf799f711c8a98ab6f5606ec42cf5b33d1e762e8a?s=96&d=mm&r=g\",\"caption\":\"jorgedelcampo\"}}]}<\/script>\n<!-- \/ Yoast SEO plugin. -->","yoast_head_json":{"title":"Nuevas actividades extra program\u00e1ticas para los apoderados - Colegio Manquecura Ciudad del Este","robots":{"index":"index","follow":"follow","max-snippet":"max-snippet:-1","max-image-preview":"max-image-preview:large","max-video-preview":"max-video-preview:-1"},"canonical":"https:\/\/www.manquecura.cl\/ciudad-del-este\/noticias\/nuevas-actividades-extra-programaticas-para-los-apoderados\/","og_locale":"es_ES","og_type":"article","og_title":"Nuevas actividades extra program\u00e1ticas para los apoderados - Colegio Manquecura Ciudad del Este","og_description":"Con mucha alegr\u00eda anunciamos a nuestros padres y apoderados que tenemos para todos ustedes actividades extra program\u00e1ticas, para que participen de ellas\u00a0los d\u00edas s\u00e1bado durante este segundo semestre. Para obtener el detalle de ellas los invitamos a dirigirse a los docentes que las imparten, escribi\u00e9ndoles a sus correos electr\u00f3nicos. VOLLEYBALL MIXTO S\u00e1bados del II semestre [&hellip;]","og_url":"https:\/\/www.manquecura.cl\/ciudad-del-este\/noticias\/nuevas-actividades-extra-programaticas-para-los-apoderados\/","og_site_name":"Colegio Manquecura Ciudad del Este","article_publisher":"http:\/\/www.facebook.com\/ColegiosManquecura","article_published_time":"2022-08-01T16:03:01+00:00","author":"jorgedelcampo","twitter_card":"summary_large_image","twitter_misc":{"Escrito por":"jorgedelcampo","Tiempo de lectura":"1 minuto"},"schema":{"@context":"https:\/\/schema.org","@graph":[{"@type":"Article","@id":"https:\/\/www.manquecura.cl\/ciudad-del-este\/noticias\/nuevas-actividades-extra-programaticas-para-los-apoderados\/#article","isPartOf":{"@id":"https:\/\/www.manquecura.cl\/ciudad-del-este\/noticias\/nuevas-actividades-extra-programaticas-para-los-apoderados\/"},"author":{"name":"jorgedelcampo","@id":"https:\/\/www.manquecura.cl\/ciudad-del-este\/#\/schema\/person\/0debeea140e397b5d490ee7e553255d8"},"headline":"Nuevas actividades extra program\u00e1ticas para los apoderados","datePublished":"2022-08-01T16:03:01+00:00","mainEntityOfPage":{"@id":"https:\/\/www.manquecura.cl\/ciudad-del-este\/noticias\/nuevas-actividades-extra-programaticas-para-los-apoderados\/"},"wordCount":130,"commentCount":0,"publisher":{"@id":"https:\/\/www.manquecura.cl\/ciudad-del-este\/#organization"},"image":{"@id":"https:\/\/www.manquecura.cl\/ciudad-del-este\/noticias\/nuevas-actividades-extra-programaticas-para-los-apoderados\/#primaryimage"},"thumbnailUrl":"https:\/\/www.manquecura.cl\/ciudad-del-este\/wp-content\/uploads\/sites\/41\/2022\/07\/APODERADOS.jpg","articleSection":["Vida Escolar"],"inLanguage":"es","potentialAction":[{"@type":"CommentAction","name":"Comment","target":["https:\/\/www.manquecura.cl\/ciudad-del-este\/noticias\/nuevas-actividades-extra-programaticas-para-los-apoderados\/#respond"]}]},{"@type":"WebPage","@id":"https:\/\/www.manquecura.cl\/ciudad-del-este\/noticias\/nuevas-actividades-extra-programaticas-para-los-apoderados\/","url":"https:\/\/www.manquecura.cl\/ciudad-del-este\/noticias\/nuevas-actividades-extra-programaticas-para-los-apoderados\/","name":"Nuevas actividades extra program\u00e1ticas para los apoderados - Colegio Manquecura Ciudad del Este","isPartOf":{"@id":"https:\/\/www.manquecura.cl\/ciudad-del-este\/#website"},"primaryImageOfPage":{"@id":"https:\/\/www.manquecura.cl\/ciudad-del-este\/noticias\/nuevas-actividades-extra-programaticas-para-los-apoderados\/#primaryimage"},"image":{"@id":"https:\/\/www.manquecura.cl\/ciudad-del-este\/noticias\/nuevas-actividades-extra-programaticas-para-los-apoderados\/#primaryimage"},"thumbnailUrl":"https:\/\/www.manquecura.cl\/ciudad-del-este\/wp-content\/uploads\/sites\/41\/2022\/07\/APODERADOS.jpg","datePublished":"2022-08-01T16:03:01+00:00","breadcrumb":{"@id":"https:\/\/www.manquecura.cl\/ciudad-del-este\/noticias\/nuevas-actividades-extra-programaticas-para-los-apoderados\/#breadcrumb"},"inLanguage":"es","potentialAction":[{"@type":"ReadAction","target":["https:\/\/www.manquecura.cl\/ciudad-del-este\/noticias\/nuevas-actividades-extra-programaticas-para-los-apoderados\/"]}]},{"@type":"ImageObject","inLanguage":"es","@id":"https:\/\/www.manquecura.cl\/ciudad-del-este\/noticias\/nuevas-actividades-extra-programaticas-para-los-apoderados\/#primaryimage","url":"https:\/\/www.manquecura.cl\/ciudad-del-este\/wp-content\/uploads\/sites\/41\/2022\/07\/APODERADOS.jpg","contentUrl":"https:\/\/www.manquecura.cl\/ciudad-del-este\/wp-content\/uploads\/sites\/41\/2022\/07\/APODERADOS.jpg","width":836,"height":523},{"@type":"BreadcrumbList","@id":"https:\/\/www.manquecura.cl\/ciudad-del-este\/noticias\/nuevas-actividades-extra-programaticas-para-los-apoderados\/#breadcrumb","itemListElement":[{"@type":"ListItem","position":1,"name":"Home","item":"https:\/\/www.manquecura.cl\/ciudad-del-este\/"},{"@type":"ListItem","position":2,"name":"Nuevas actividades extra program\u00e1ticas para los apoderados"}]},{"@type":"WebSite","@id":"https:\/\/www.manquecura.cl\/ciudad-del-este\/#website","url":"https:\/\/www.manquecura.cl\/ciudad-del-este\/","name":"Colegio Manquecura Ciudad del Este","description":"","publisher":{"@id":"https:\/\/www.manquecura.cl\/ciudad-del-este\/#organization"},"potentialAction":[{"@type":"SearchAction","target":{"@type":"EntryPoint","urlTemplate":"https:\/\/www.manquecura.cl\/ciudad-del-este\/?s={search_term_string}"},"query-input":{"@type":"PropertyValueSpecification","valueRequired":true,"valueName":"search_term_string"}}],"inLanguage":"es"},{"@type":"Organization","@id":"https:\/\/www.manquecura.cl\/ciudad-del-este\/#organization","name":"Colegio Manquecura Ciudad del Este","url":"https:\/\/www.manquecura.cl\/ciudad-del-este\/","logo":{"@type":"ImageObject","inLanguage":"es","@id":"https:\/\/www.manquecura.cl\/ciudad-del-este\/#\/schema\/logo\/image\/","url":"https:\/\/www.manquecura.cl\/ciudad-del-este\/wp-content\/uploads\/sites\/41\/2023\/09\/logo_Manquecura_Ciudad-del-Este_horizontal_color-1.png","contentUrl":"https:\/\/www.manquecura.cl\/ciudad-del-este\/wp-content\/uploads\/sites\/41\/2023\/09\/logo_Manquecura_Ciudad-del-Este_horizontal_color-1.png","width":611,"height":183,"caption":"Colegio Manquecura Ciudad del Este"},"image":{"@id":"https:\/\/www.manquecura.cl\/ciudad-del-este\/#\/schema\/logo\/image\/"},"sameAs":["http:\/\/www.facebook.com\/ColegiosManquecura","http:\/\/www.instagram.com\/manquecura_ciudaddeleste\/","http:\/\/www.youtube.com\/c\/CognitaChile"]},{"@type":"Person","@id":"https:\/\/www.manquecura.cl\/ciudad-del-este\/#\/schema\/person\/0debeea140e397b5d490ee7e553255d8","name":"jorgedelcampo","image":{"@type":"ImageObject","inLanguage":"es","@id":"https:\/\/www.manquecura.cl\/ciudad-del-este\/#\/schema\/person\/image\/","url":"https:\/\/secure.gravatar.com\/avatar\/4a315f521213b2dc91dbda9bf799f711c8a98ab6f5606ec42cf5b33d1e762e8a?s=96&d=mm&r=g","contentUrl":"https:\/\/secure.gravatar.com\/avatar\/4a315f521213b2dc91dbda9bf799f711c8a98ab6f5606ec42cf5b33d1e762e8a?s=96&d=mm&r=g","caption":"jorgedelcampo"}}]}},"jetpack_featured_media_url":"https:\/\/www.manquecura.cl\/ciudad-del-este\/wp-content\/uploads\/sites\/41\/2022\/07\/APODERADOS.jpg","previous_post_ID":19747,"previous_post_title":"Revive el webinar de Ciudadan\u00eda Digital","previous_post_excerpt":"Si no pudiste participar de la transmisi\u00f3n en vivo del webinar sobre &#8220;Herramientas para Convivir con la Tecnolog\u00eda&#8221;, junto a Valeria Capetillo, Digital Learning Adviser de nuestra red de colegios Cognita, te invitamos a revivirla hoy. En la instancia la profesional nos dio a conocer herramientas y los mejores consejos para modernizar nuestros conocimientos tecnol\u00f3gicos, [&hellip;]","previous_post_link":"https:\/\/www.manquecura.cl\/ciudad-del-este\/noticias\/revive-el-webinar-de-ciudadania-digital\/","previous_post_class":["post-19747","post","type-post","status-publish","format-standard","has-post-thumbnail","hentry","category-vida-escolar"],"next_post_ID":19755,"next_post_title":"Sorteo Stands Fiesta de la Chilenidad","next_post_excerpt":"El CAMPUR General de Padres de Manquecura Ciudad del Este, organiz\u00f3 el sorteo de los stands para la Fiesta de la Chilenidad, ocasi\u00f3n en la que asistieron los coordinadores de curso, para conocer los productos o servicios que entregar\u00e1n junto a sus apoderados en la celebraci\u00f3n. En la jornada, iniciada con las palabras de nuestra [&hellip;]","next_post_link":"https:\/\/www.manquecura.cl\/ciudad-del-este\/noticias\/sorteo-stands-fiesta-de-la-chilenidad\/","next_post_class":["post-19755","post","type-post","status-publish","format-standard","has-post-thumbnail","hentry","category-vida-escolar"],"jetpack_sharing_enabled":true,"_links":{"self":[{"href":"https:\/\/www.manquecura.cl\/ciudad-del-este\/wp-json\/wp\/v2\/posts\/19713","targetHints":{"allow":["GET"]}}],"collection":[{"href":"https:\/\/www.manquecura.cl\/ciudad-del-este\/wp-json\/wp\/v2\/posts"}],"about":[{"href":"https:\/\/www.manquecura.cl\/ciudad-del-este\/wp-json\/wp\/v2\/types\/post"}],"author":[{"embeddable":true,"href":"https:\/\/www.manquecura.cl\/ciudad-del-este\/wp-json\/wp\/v2\/users\/14"}],"replies":[{"embeddable":true,"href":"https:\/\/www.manquecura.cl\/ciudad-del-este\/wp-json\/wp\/v2\/comments?post=19713"}],"version-history":[{"count":0,"href":"https:\/\/www.manquecura.cl\/ciudad-del-este\/wp-json\/wp\/v2\/posts\/19713\/revisions"}],"wp:featuredmedia":[{"embeddable":true,"href":"https:\/\/www.manquecura.cl\/ciudad-del-este\/wp-json\/wp\/v2\/media\/19714"}],"wp:attachment":[{"href":"https:\/\/www.manquecura.cl\/ciudad-del-este\/wp-json\/wp\/v2\/media?parent=19713"}],"wp:term":[{"taxonomy":"category","embeddable":true,"href":"https:\/\/www.manquecura.cl\/ciudad-del-este\/wp-json\/wp\/v2\/categories?post=19713"},{"taxonomy":"post_tag","embeddable":true,"href":"https:\/\/www.manquecura.cl\/ciudad-del-este\/wp-json\/wp\/v2\/tags?post=19713"}],"curies":[{"name":"wp","href":"https:\/\/api.w.org\/{rel}","templated":true}]}}