{"id":19591,"date":"2022-06-29T14:51:32","date_gmt":"2022-06-29T18:51:32","guid":{"rendered":"https:\/\/www.manquecura.cl\/ciudad-del-este\/?p=19591"},"modified":"2022-06-29T14:51:32","modified_gmt":"2022-06-29T18:51:32","slug":"bienvenida-a-nuestro-nuevo-personal","status":"publish","type":"post","link":"https:\/\/www.manquecura.cl\/ciudad-del-este\/noticias\/bienvenida-a-nuestro-nuevo-personal\/","title":{"rendered":"Bienvenida a nuestro nuevo personal"},"content":{"rendered":"<p>Queremos compartir con nuestra comunidad escolar que, como parte de las mejoras implementadas en nuestra instituci\u00f3n, este semestre tuvimos un aumento de dotaci\u00f3n de personal, contando con tres personas para los nuevos cargos de:\u00a0Auxiliar de Porter\u00eda, Inspector\u00a0de Ense\u00f1anza B\u00e1sica y\u00a0Secretaria de Ense\u00f1anza Media. En adici\u00f3n a ello tenemos nuevas horas para el Equipo de Psicolog\u00eda\u00a0y, en las pr\u00f3ximas semanas, se unir\u00e1 al equipo de Ense\u00f1anza B\u00e1sica una nueva Flotante para los 1eros B\u00e1sicos.<\/p>\n<p>A todos nuestros nuevos funcionarios los hemos acogido felices, ya que todos son un\u00a0apoyo a cada uno de los procesos y trabajos que desarrollamos en Manquecura Ciudad del Este, beneficiando directamente a cada uno de los estudiantes del colegio.<\/p>\n<p>Estos nuevos integrantes del Equipo Administrativo ya han cumplido sus primeras semanas de labor, y hoy queremos que conozcan sus opiniones acerca de la experiencia que han vivido y c\u00f3mo se han sentido trabajando con nosotros:<\/p>\n<p>[multimedia id=&#8221;1&#8243;]<\/p>\n<p>[multimedia id=&#8221;2&#8243;]<\/p>\n<p>[multimedia id=&#8221;3&#8243;]<\/p>\n"},"excerpt":{"rendered":"<p>Queremos compartir con nuestra comunidad escolar que, como parte de las mejoras implementadas en nuestra instituci\u00f3n, este semestre tuvimos un aumento de dotaci\u00f3n de personal, contando con tres personas para los nuevos cargos de:\u00a0Auxiliar de Porter\u00eda, Inspector\u00a0de Ense\u00f1anza B\u00e1sica y\u00a0Secretaria de Ense\u00f1anza Media. En adici\u00f3n a ello tenemos nuevas horas para el Equipo de Psicolog\u00eda\u00a0y, [&hellip;]<\/p>\n","protected":false},"author":14,"featured_media":23247,"comment_status":"open","ping_status":"open","sticky":false,"template":"","format":"standard","meta":{"_acf_changed":false,"content-type":"","_jetpack_memberships_contains_paid_content":false,"footnotes":""},"categories":[1],"tags":[],"class_list":["post-19591","post","type-post","status-publish","format-standard","has-post-thumbnail","hentry","category-vida-escolar"],"acf":[],"yoast_head":"<!-- This site is optimized with the Yoast SEO plugin v27.1.1 - https:\/\/yoast.com\/product\/yoast-seo-wordpress\/ -->\n<title>Bienvenida a nuestro nuevo personal - Colegio Manquecura Ciudad del Este<\/title>\n<meta name=\"robots\" content=\"index, follow, max-snippet:-1, max-image-preview:large, max-video-preview:-1\" \/>\n<link rel=\"canonical\" href=\"https:\/\/www.manquecura.cl\/ciudad-del-este\/noticias\/bienvenida-a-nuestro-nuevo-personal\/\" \/>\n<meta property=\"og:locale\" content=\"es_ES\" \/>\n<meta property=\"og:type\" content=\"article\" \/>\n<meta property=\"og:title\" content=\"Bienvenida a nuestro nuevo personal - Colegio Manquecura Ciudad del Este\" \/>\n<meta property=\"og:description\" content=\"Queremos compartir con nuestra comunidad escolar que, como parte de las mejoras implementadas en nuestra instituci\u00f3n, este semestre tuvimos un aumento de dotaci\u00f3n de personal, contando con tres personas para los nuevos cargos de:\u00a0Auxiliar de Porter\u00eda, Inspector\u00a0de Ense\u00f1anza B\u00e1sica y\u00a0Secretaria de Ense\u00f1anza Media. En adici\u00f3n a ello tenemos nuevas horas para el Equipo de Psicolog\u00eda\u00a0y, [&hellip;]\" \/>\n<meta property=\"og:url\" content=\"https:\/\/www.manquecura.cl\/ciudad-del-este\/noticias\/bienvenida-a-nuestro-nuevo-personal\/\" \/>\n<meta property=\"og:site_name\" content=\"Colegio Manquecura Ciudad del Este\" \/>\n<meta property=\"article:publisher\" content=\"http:\/\/www.facebook.com\/ColegiosManquecura\" \/>\n<meta property=\"article:published_time\" content=\"2022-06-29T18:51:32+00:00\" \/>\n<meta name=\"author\" content=\"jorgedelcampo\" \/>\n<meta name=\"twitter:card\" content=\"summary_large_image\" \/>\n<meta name=\"twitter:label1\" content=\"Escrito por\" \/>\n\t<meta name=\"twitter:data1\" content=\"jorgedelcampo\" \/>\n\t<meta name=\"twitter:label2\" content=\"Tiempo de lectura\" \/>\n\t<meta name=\"twitter:data2\" content=\"1 minuto\" \/>\n<script type=\"application\/ld+json\" class=\"yoast-schema-graph\">{\"@context\":\"https:\/\/schema.org\",\"@graph\":[{\"@type\":\"Article\",\"@id\":\"https:\/\/www.manquecura.cl\/ciudad-del-este\/noticias\/bienvenida-a-nuestro-nuevo-personal\/#article\",\"isPartOf\":{\"@id\":\"https:\/\/www.manquecura.cl\/ciudad-del-este\/noticias\/bienvenida-a-nuestro-nuevo-personal\/\"},\"author\":{\"name\":\"jorgedelcampo\",\"@id\":\"https:\/\/www.manquecura.cl\/ciudad-del-este\/#\/schema\/person\/0debeea140e397b5d490ee7e553255d8\"},\"headline\":\"Bienvenida a nuestro nuevo personal\",\"datePublished\":\"2022-06-29T18:51:32+00:00\",\"mainEntityOfPage\":{\"@id\":\"https:\/\/www.manquecura.cl\/ciudad-del-este\/noticias\/bienvenida-a-nuestro-nuevo-personal\/\"},\"wordCount\":177,\"commentCount\":0,\"publisher\":{\"@id\":\"https:\/\/www.manquecura.cl\/ciudad-del-este\/#organization\"},\"image\":{\"@id\":\"https:\/\/www.manquecura.cl\/ciudad-del-este\/noticias\/bienvenida-a-nuestro-nuevo-personal\/#primaryimage\"},\"thumbnailUrl\":\"https:\/\/www.manquecura.cl\/ciudad-del-este\/wp-content\/uploads\/sites\/41\/2023\/09\/WEB_seguimos-mejorando_836-A\u2014-523-px.jpg\",\"articleSection\":[\"Vida Escolar\"],\"inLanguage\":\"es\",\"potentialAction\":[{\"@type\":\"CommentAction\",\"name\":\"Comment\",\"target\":[\"https:\/\/www.manquecura.cl\/ciudad-del-este\/noticias\/bienvenida-a-nuestro-nuevo-personal\/#respond\"]}]},{\"@type\":\"WebPage\",\"@id\":\"https:\/\/www.manquecura.cl\/ciudad-del-este\/noticias\/bienvenida-a-nuestro-nuevo-personal\/\",\"url\":\"https:\/\/www.manquecura.cl\/ciudad-del-este\/noticias\/bienvenida-a-nuestro-nuevo-personal\/\",\"name\":\"Bienvenida a nuestro nuevo personal - Colegio Manquecura Ciudad del Este\",\"isPartOf\":{\"@id\":\"https:\/\/www.manquecura.cl\/ciudad-del-este\/#website\"},\"primaryImageOfPage\":{\"@id\":\"https:\/\/www.manquecura.cl\/ciudad-del-este\/noticias\/bienvenida-a-nuestro-nuevo-personal\/#primaryimage\"},\"image\":{\"@id\":\"https:\/\/www.manquecura.cl\/ciudad-del-este\/noticias\/bienvenida-a-nuestro-nuevo-personal\/#primaryimage\"},\"thumbnailUrl\":\"https:\/\/www.manquecura.cl\/ciudad-del-este\/wp-content\/uploads\/sites\/41\/2023\/09\/WEB_seguimos-mejorando_836-A\u2014-523-px.jpg\",\"datePublished\":\"2022-06-29T18:51:32+00:00\",\"breadcrumb\":{\"@id\":\"https:\/\/www.manquecura.cl\/ciudad-del-este\/noticias\/bienvenida-a-nuestro-nuevo-personal\/#breadcrumb\"},\"inLanguage\":\"es\",\"potentialAction\":[{\"@type\":\"ReadAction\",\"target\":[\"https:\/\/www.manquecura.cl\/ciudad-del-este\/noticias\/bienvenida-a-nuestro-nuevo-personal\/\"]}]},{\"@type\":\"ImageObject\",\"inLanguage\":\"es\",\"@id\":\"https:\/\/www.manquecura.cl\/ciudad-del-este\/noticias\/bienvenida-a-nuestro-nuevo-personal\/#primaryimage\",\"url\":\"https:\/\/www.manquecura.cl\/ciudad-del-este\/wp-content\/uploads\/sites\/41\/2023\/09\/WEB_seguimos-mejorando_836-A\u2014-523-px.jpg\",\"contentUrl\":\"https:\/\/www.manquecura.cl\/ciudad-del-este\/wp-content\/uploads\/sites\/41\/2023\/09\/WEB_seguimos-mejorando_836-A\u2014-523-px.jpg\",\"width\":836,\"height\":523},{\"@type\":\"BreadcrumbList\",\"@id\":\"https:\/\/www.manquecura.cl\/ciudad-del-este\/noticias\/bienvenida-a-nuestro-nuevo-personal\/#breadcrumb\",\"itemListElement\":[{\"@type\":\"ListItem\",\"position\":1,\"name\":\"Home\",\"item\":\"https:\/\/www.manquecura.cl\/ciudad-del-este\/\"},{\"@type\":\"ListItem\",\"position\":2,\"name\":\"Bienvenida a nuestro nuevo personal\"}]},{\"@type\":\"WebSite\",\"@id\":\"https:\/\/www.manquecura.cl\/ciudad-del-este\/#website\",\"url\":\"https:\/\/www.manquecura.cl\/ciudad-del-este\/\",\"name\":\"Colegio Manquecura Ciudad del Este\",\"description\":\"\",\"publisher\":{\"@id\":\"https:\/\/www.manquecura.cl\/ciudad-del-este\/#organization\"},\"potentialAction\":[{\"@type\":\"SearchAction\",\"target\":{\"@type\":\"EntryPoint\",\"urlTemplate\":\"https:\/\/www.manquecura.cl\/ciudad-del-este\/?s={search_term_string}\"},\"query-input\":{\"@type\":\"PropertyValueSpecification\",\"valueRequired\":true,\"valueName\":\"search_term_string\"}}],\"inLanguage\":\"es\"},{\"@type\":\"Organization\",\"@id\":\"https:\/\/www.manquecura.cl\/ciudad-del-este\/#organization\",\"name\":\"Colegio Manquecura Ciudad del Este\",\"url\":\"https:\/\/www.manquecura.cl\/ciudad-del-este\/\",\"logo\":{\"@type\":\"ImageObject\",\"inLanguage\":\"es\",\"@id\":\"https:\/\/www.manquecura.cl\/ciudad-del-este\/#\/schema\/logo\/image\/\",\"url\":\"https:\/\/www.manquecura.cl\/ciudad-del-este\/wp-content\/uploads\/sites\/41\/2023\/09\/logo_Manquecura_Ciudad-del-Este_horizontal_color-1.png\",\"contentUrl\":\"https:\/\/www.manquecura.cl\/ciudad-del-este\/wp-content\/uploads\/sites\/41\/2023\/09\/logo_Manquecura_Ciudad-del-Este_horizontal_color-1.png\",\"width\":611,\"height\":183,\"caption\":\"Colegio Manquecura Ciudad del Este\"},\"image\":{\"@id\":\"https:\/\/www.manquecura.cl\/ciudad-del-este\/#\/schema\/logo\/image\/\"},\"sameAs\":[\"http:\/\/www.facebook.com\/ColegiosManquecura\",\"http:\/\/www.instagram.com\/manquecura_ciudaddeleste\/\",\"http:\/\/www.youtube.com\/c\/CognitaChile\"]},{\"@type\":\"Person\",\"@id\":\"https:\/\/www.manquecura.cl\/ciudad-del-este\/#\/schema\/person\/0debeea140e397b5d490ee7e553255d8\",\"name\":\"jorgedelcampo\",\"image\":{\"@type\":\"ImageObject\",\"inLanguage\":\"es\",\"@id\":\"https:\/\/www.manquecura.cl\/ciudad-del-este\/#\/schema\/person\/image\/\",\"url\":\"https:\/\/secure.gravatar.com\/avatar\/4a315f521213b2dc91dbda9bf799f711c8a98ab6f5606ec42cf5b33d1e762e8a?s=96&d=mm&r=g\",\"contentUrl\":\"https:\/\/secure.gravatar.com\/avatar\/4a315f521213b2dc91dbda9bf799f711c8a98ab6f5606ec42cf5b33d1e762e8a?s=96&d=mm&r=g\",\"caption\":\"jorgedelcampo\"}}]}<\/script>\n<!-- \/ Yoast SEO plugin. -->","yoast_head_json":{"title":"Bienvenida a nuestro nuevo personal - Colegio Manquecura Ciudad del Este","robots":{"index":"index","follow":"follow","max-snippet":"max-snippet:-1","max-image-preview":"max-image-preview:large","max-video-preview":"max-video-preview:-1"},"canonical":"https:\/\/www.manquecura.cl\/ciudad-del-este\/noticias\/bienvenida-a-nuestro-nuevo-personal\/","og_locale":"es_ES","og_type":"article","og_title":"Bienvenida a nuestro nuevo personal - Colegio Manquecura Ciudad del Este","og_description":"Queremos compartir con nuestra comunidad escolar que, como parte de las mejoras implementadas en nuestra instituci\u00f3n, este semestre tuvimos un aumento de dotaci\u00f3n de personal, contando con tres personas para los nuevos cargos de:\u00a0Auxiliar de Porter\u00eda, Inspector\u00a0de Ense\u00f1anza B\u00e1sica y\u00a0Secretaria de Ense\u00f1anza Media. En adici\u00f3n a ello tenemos nuevas horas para el Equipo de Psicolog\u00eda\u00a0y, [&hellip;]","og_url":"https:\/\/www.manquecura.cl\/ciudad-del-este\/noticias\/bienvenida-a-nuestro-nuevo-personal\/","og_site_name":"Colegio Manquecura Ciudad del Este","article_publisher":"http:\/\/www.facebook.com\/ColegiosManquecura","article_published_time":"2022-06-29T18:51:32+00:00","author":"jorgedelcampo","twitter_card":"summary_large_image","twitter_misc":{"Escrito por":"jorgedelcampo","Tiempo de lectura":"1 minuto"},"schema":{"@context":"https:\/\/schema.org","@graph":[{"@type":"Article","@id":"https:\/\/www.manquecura.cl\/ciudad-del-este\/noticias\/bienvenida-a-nuestro-nuevo-personal\/#article","isPartOf":{"@id":"https:\/\/www.manquecura.cl\/ciudad-del-este\/noticias\/bienvenida-a-nuestro-nuevo-personal\/"},"author":{"name":"jorgedelcampo","@id":"https:\/\/www.manquecura.cl\/ciudad-del-este\/#\/schema\/person\/0debeea140e397b5d490ee7e553255d8"},"headline":"Bienvenida a nuestro nuevo personal","datePublished":"2022-06-29T18:51:32+00:00","mainEntityOfPage":{"@id":"https:\/\/www.manquecura.cl\/ciudad-del-este\/noticias\/bienvenida-a-nuestro-nuevo-personal\/"},"wordCount":177,"commentCount":0,"publisher":{"@id":"https:\/\/www.manquecura.cl\/ciudad-del-este\/#organization"},"image":{"@id":"https:\/\/www.manquecura.cl\/ciudad-del-este\/noticias\/bienvenida-a-nuestro-nuevo-personal\/#primaryimage"},"thumbnailUrl":"https:\/\/www.manquecura.cl\/ciudad-del-este\/wp-content\/uploads\/sites\/41\/2023\/09\/WEB_seguimos-mejorando_836-A\u2014-523-px.jpg","articleSection":["Vida Escolar"],"inLanguage":"es","potentialAction":[{"@type":"CommentAction","name":"Comment","target":["https:\/\/www.manquecura.cl\/ciudad-del-este\/noticias\/bienvenida-a-nuestro-nuevo-personal\/#respond"]}]},{"@type":"WebPage","@id":"https:\/\/www.manquecura.cl\/ciudad-del-este\/noticias\/bienvenida-a-nuestro-nuevo-personal\/","url":"https:\/\/www.manquecura.cl\/ciudad-del-este\/noticias\/bienvenida-a-nuestro-nuevo-personal\/","name":"Bienvenida a nuestro nuevo personal - Colegio Manquecura Ciudad del Este","isPartOf":{"@id":"https:\/\/www.manquecura.cl\/ciudad-del-este\/#website"},"primaryImageOfPage":{"@id":"https:\/\/www.manquecura.cl\/ciudad-del-este\/noticias\/bienvenida-a-nuestro-nuevo-personal\/#primaryimage"},"image":{"@id":"https:\/\/www.manquecura.cl\/ciudad-del-este\/noticias\/bienvenida-a-nuestro-nuevo-personal\/#primaryimage"},"thumbnailUrl":"https:\/\/www.manquecura.cl\/ciudad-del-este\/wp-content\/uploads\/sites\/41\/2023\/09\/WEB_seguimos-mejorando_836-A\u2014-523-px.jpg","datePublished":"2022-06-29T18:51:32+00:00","breadcrumb":{"@id":"https:\/\/www.manquecura.cl\/ciudad-del-este\/noticias\/bienvenida-a-nuestro-nuevo-personal\/#breadcrumb"},"inLanguage":"es","potentialAction":[{"@type":"ReadAction","target":["https:\/\/www.manquecura.cl\/ciudad-del-este\/noticias\/bienvenida-a-nuestro-nuevo-personal\/"]}]},{"@type":"ImageObject","inLanguage":"es","@id":"https:\/\/www.manquecura.cl\/ciudad-del-este\/noticias\/bienvenida-a-nuestro-nuevo-personal\/#primaryimage","url":"https:\/\/www.manquecura.cl\/ciudad-del-este\/wp-content\/uploads\/sites\/41\/2023\/09\/WEB_seguimos-mejorando_836-A\u2014-523-px.jpg","contentUrl":"https:\/\/www.manquecura.cl\/ciudad-del-este\/wp-content\/uploads\/sites\/41\/2023\/09\/WEB_seguimos-mejorando_836-A\u2014-523-px.jpg","width":836,"height":523},{"@type":"BreadcrumbList","@id":"https:\/\/www.manquecura.cl\/ciudad-del-este\/noticias\/bienvenida-a-nuestro-nuevo-personal\/#breadcrumb","itemListElement":[{"@type":"ListItem","position":1,"name":"Home","item":"https:\/\/www.manquecura.cl\/ciudad-del-este\/"},{"@type":"ListItem","position":2,"name":"Bienvenida a nuestro nuevo personal"}]},{"@type":"WebSite","@id":"https:\/\/www.manquecura.cl\/ciudad-del-este\/#website","url":"https:\/\/www.manquecura.cl\/ciudad-del-este\/","name":"Colegio Manquecura Ciudad del Este","description":"","publisher":{"@id":"https:\/\/www.manquecura.cl\/ciudad-del-este\/#organization"},"potentialAction":[{"@type":"SearchAction","target":{"@type":"EntryPoint","urlTemplate":"https:\/\/www.manquecura.cl\/ciudad-del-este\/?s={search_term_string}"},"query-input":{"@type":"PropertyValueSpecification","valueRequired":true,"valueName":"search_term_string"}}],"inLanguage":"es"},{"@type":"Organization","@id":"https:\/\/www.manquecura.cl\/ciudad-del-este\/#organization","name":"Colegio Manquecura Ciudad del Este","url":"https:\/\/www.manquecura.cl\/ciudad-del-este\/","logo":{"@type":"ImageObject","inLanguage":"es","@id":"https:\/\/www.manquecura.cl\/ciudad-del-este\/#\/schema\/logo\/image\/","url":"https:\/\/www.manquecura.cl\/ciudad-del-este\/wp-content\/uploads\/sites\/41\/2023\/09\/logo_Manquecura_Ciudad-del-Este_horizontal_color-1.png","contentUrl":"https:\/\/www.manquecura.cl\/ciudad-del-este\/wp-content\/uploads\/sites\/41\/2023\/09\/logo_Manquecura_Ciudad-del-Este_horizontal_color-1.png","width":611,"height":183,"caption":"Colegio Manquecura Ciudad del Este"},"image":{"@id":"https:\/\/www.manquecura.cl\/ciudad-del-este\/#\/schema\/logo\/image\/"},"sameAs":["http:\/\/www.facebook.com\/ColegiosManquecura","http:\/\/www.instagram.com\/manquecura_ciudaddeleste\/","http:\/\/www.youtube.com\/c\/CognitaChile"]},{"@type":"Person","@id":"https:\/\/www.manquecura.cl\/ciudad-del-este\/#\/schema\/person\/0debeea140e397b5d490ee7e553255d8","name":"jorgedelcampo","image":{"@type":"ImageObject","inLanguage":"es","@id":"https:\/\/www.manquecura.cl\/ciudad-del-este\/#\/schema\/person\/image\/","url":"https:\/\/secure.gravatar.com\/avatar\/4a315f521213b2dc91dbda9bf799f711c8a98ab6f5606ec42cf5b33d1e762e8a?s=96&d=mm&r=g","contentUrl":"https:\/\/secure.gravatar.com\/avatar\/4a315f521213b2dc91dbda9bf799f711c8a98ab6f5606ec42cf5b33d1e762e8a?s=96&d=mm&r=g","caption":"jorgedelcampo"}}]}},"jetpack_featured_media_url":"https:\/\/www.manquecura.cl\/ciudad-del-este\/wp-content\/uploads\/sites\/41\/2023\/09\/WEB_seguimos-mejorando_836-A\u2014-523-px.jpg","previous_post_ID":19597,"previous_post_title":"20 semanas \u2013 20 misiones: Misi\u00f3n Imposible N\u00b05 \u2013 Saludos de Famosos","previous_post_excerpt":"En la 5\u00aa semana de nuestro evento &#8220;20 semanas-20 misiones&#8221;, el profesor Felipe Gonz\u00e1lez invita a los alumnos a un nuevo desaf\u00edo, siendo esta vez, para los Aliens y los Vaqueros de Ense\u00f1anza Media, y todo siempre en el contexto de nuestros 20 a\u00f1os de Aniversario. \u00a1Vamos alumnos! \u00a1Sigan atentos a los nuevos desaf\u00edos! Colegio [&hellip;]","previous_post_link":"https:\/\/www.manquecura.cl\/ciudad-del-este\/noticias\/20-semanas-20-misiones-mision-imposible-n5-saludos-de-famosos\/","previous_post_class":["post-19597","post","type-post","status-publish","format-standard","has-post-thumbnail","hentry","category-vida-escolar"],"next_post_ID":19607,"next_post_title":"Capacitaci\u00f3n del uso y manejo de extintores para el personal","next_post_excerpt":"Compartimos con nuestra comunidad que hemos realizado una capacitaci\u00f3n acerca del uso y manejo de extintores para el personal de nuestro colegio. El objetivo de esta importante actividad, enmarcada en los programas del Health &amp; Safety, es prepararnos ante cualquier eventualidad, considerando relevante que el tiempo de respuesta ante una emergencia es sumamente relevante, siendo [&hellip;]","next_post_link":"https:\/\/www.manquecura.cl\/ciudad-del-este\/noticias\/capacitacion-del-uso-y-manejo-de-extintores-para-el-personal\/","next_post_class":["post-19607","post","type-post","status-publish","format-standard","has-post-thumbnail","hentry","category-vida-escolar"],"jetpack_sharing_enabled":true,"_links":{"self":[{"href":"https:\/\/www.manquecura.cl\/ciudad-del-este\/wp-json\/wp\/v2\/posts\/19591","targetHints":{"allow":["GET"]}}],"collection":[{"href":"https:\/\/www.manquecura.cl\/ciudad-del-este\/wp-json\/wp\/v2\/posts"}],"about":[{"href":"https:\/\/www.manquecura.cl\/ciudad-del-este\/wp-json\/wp\/v2\/types\/post"}],"author":[{"embeddable":true,"href":"https:\/\/www.manquecura.cl\/ciudad-del-este\/wp-json\/wp\/v2\/users\/14"}],"replies":[{"embeddable":true,"href":"https:\/\/www.manquecura.cl\/ciudad-del-este\/wp-json\/wp\/v2\/comments?post=19591"}],"version-history":[{"count":0,"href":"https:\/\/www.manquecura.cl\/ciudad-del-este\/wp-json\/wp\/v2\/posts\/19591\/revisions"}],"wp:featuredmedia":[{"embeddable":true,"href":"https:\/\/www.manquecura.cl\/ciudad-del-este\/wp-json\/wp\/v2\/media\/23247"}],"wp:attachment":[{"href":"https:\/\/www.manquecura.cl\/ciudad-del-este\/wp-json\/wp\/v2\/media?parent=19591"}],"wp:term":[{"taxonomy":"category","embeddable":true,"href":"https:\/\/www.manquecura.cl\/ciudad-del-este\/wp-json\/wp\/v2\/categories?post=19591"},{"taxonomy":"post_tag","embeddable":true,"href":"https:\/\/www.manquecura.cl\/ciudad-del-este\/wp-json\/wp\/v2\/tags?post=19591"}],"curies":[{"name":"wp","href":"https:\/\/api.w.org\/{rel}","templated":true}]}}