{"id":19082,"date":"2022-05-12T13:21:06","date_gmt":"2022-05-12T17:21:06","guid":{"rendered":"https:\/\/www.manquecura.cl\/ciudad-del-este\/?p=19082"},"modified":"2022-05-12T13:21:06","modified_gmt":"2022-05-12T17:21:06","slug":"los-iv-medios-celebran-a-sus-mamas-en-su-dia","status":"publish","type":"post","link":"https:\/\/www.manquecura.cl\/ciudad-del-este\/noticias\/los-iv-medios-celebran-a-sus-mamas-en-su-dia\/","title":{"rendered":"Los IV Medios celebran a sus mam\u00e1s en su d\u00eda"},"content":{"rendered":"<p>Nuestra Generaci\u00f3n 2022 realiz\u00f3 su \u00faltima celebraci\u00f3n del D\u00eda de la Madre como estudiantes. Ambos cuartos medios, en compa\u00f1\u00eda de sus profesores jefes, Macarena Sol\u00eds y Sebasti\u00e1n Vega, celebraron el emotivo encuentro junto a sus apoderadas, festej\u00e1ndolas y recordando que este a\u00f1o es el \u00faltimo en el colegio.<\/p>\n<p>Muchas felicitaciones a todas las mam\u00e1s en su d\u00eda y esperamos que este a\u00f1o siga cargado de encuentros y despedidas que formen los hermosos recuerdos del \u00faltimo a\u00f1o de estos alumnos en su etapa escolar.<\/p>\n<p style=\"text-align: center\"><strong>Colegio Manquecura Ciudad del Este<\/strong><\/p>\n<p>[multimedia id=&#8221;1&#8243;]<\/p>\n"},"excerpt":{"rendered":"<p>Nuestra Generaci\u00f3n 2022 realiz\u00f3 su \u00faltima celebraci\u00f3n del D\u00eda de la Madre como estudiantes. Ambos cuartos medios, en compa\u00f1\u00eda de sus profesores jefes, Macarena Sol\u00eds y Sebasti\u00e1n Vega, celebraron el emotivo encuentro junto a sus apoderadas, festej\u00e1ndolas y recordando que este a\u00f1o es el \u00faltimo en el colegio. Muchas felicitaciones a todas las mam\u00e1s en [&hellip;]<\/p>\n","protected":false},"author":14,"featured_media":19116,"comment_status":"open","ping_status":"open","sticky":false,"template":"","format":"standard","meta":{"_acf_changed":false,"content-type":"","_jetpack_memberships_contains_paid_content":false,"footnotes":""},"categories":[1],"tags":[],"class_list":["post-19082","post","type-post","status-publish","format-standard","has-post-thumbnail","hentry","category-vida-escolar"],"acf":[],"yoast_head":"<!-- This site is optimized with the Yoast SEO plugin v27.1.1 - https:\/\/yoast.com\/product\/yoast-seo-wordpress\/ -->\n<title>Los IV Medios celebran a sus mam\u00e1s en su d\u00eda - Colegio Manquecura Ciudad del Este<\/title>\n<meta name=\"robots\" content=\"index, follow, max-snippet:-1, max-image-preview:large, max-video-preview:-1\" \/>\n<link rel=\"canonical\" href=\"https:\/\/www.manquecura.cl\/ciudad-del-este\/noticias\/los-iv-medios-celebran-a-sus-mamas-en-su-dia\/\" \/>\n<meta property=\"og:locale\" content=\"es_ES\" \/>\n<meta property=\"og:type\" content=\"article\" \/>\n<meta property=\"og:title\" content=\"Los IV Medios celebran a sus mam\u00e1s en su d\u00eda - Colegio Manquecura Ciudad del Este\" \/>\n<meta property=\"og:description\" content=\"Nuestra Generaci\u00f3n 2022 realiz\u00f3 su \u00faltima celebraci\u00f3n del D\u00eda de la Madre como estudiantes. Ambos cuartos medios, en compa\u00f1\u00eda de sus profesores jefes, Macarena Sol\u00eds y Sebasti\u00e1n Vega, celebraron el emotivo encuentro junto a sus apoderadas, festej\u00e1ndolas y recordando que este a\u00f1o es el \u00faltimo en el colegio. Muchas felicitaciones a todas las mam\u00e1s en [&hellip;]\" \/>\n<meta property=\"og:url\" content=\"https:\/\/www.manquecura.cl\/ciudad-del-este\/noticias\/los-iv-medios-celebran-a-sus-mamas-en-su-dia\/\" \/>\n<meta property=\"og:site_name\" content=\"Colegio Manquecura Ciudad del Este\" \/>\n<meta property=\"article:publisher\" content=\"http:\/\/www.facebook.com\/ColegiosManquecura\" \/>\n<meta property=\"article:published_time\" content=\"2022-05-12T17:21:06+00:00\" \/>\n<meta name=\"author\" content=\"jorgedelcampo\" \/>\n<meta name=\"twitter:card\" content=\"summary_large_image\" \/>\n<meta name=\"twitter:label1\" content=\"Escrito por\" \/>\n\t<meta name=\"twitter:data1\" content=\"jorgedelcampo\" \/>\n\t<meta name=\"twitter:label2\" content=\"Tiempo de lectura\" \/>\n\t<meta name=\"twitter:data2\" content=\"1 minuto\" \/>\n<script type=\"application\/ld+json\" class=\"yoast-schema-graph\">{\"@context\":\"https:\/\/schema.org\",\"@graph\":[{\"@type\":\"Article\",\"@id\":\"https:\/\/www.manquecura.cl\/ciudad-del-este\/noticias\/los-iv-medios-celebran-a-sus-mamas-en-su-dia\/#article\",\"isPartOf\":{\"@id\":\"https:\/\/www.manquecura.cl\/ciudad-del-este\/noticias\/los-iv-medios-celebran-a-sus-mamas-en-su-dia\/\"},\"author\":{\"name\":\"jorgedelcampo\",\"@id\":\"https:\/\/www.manquecura.cl\/ciudad-del-este\/#\/schema\/person\/0debeea140e397b5d490ee7e553255d8\"},\"headline\":\"Los IV Medios celebran a sus mam\u00e1s en su d\u00eda\",\"datePublished\":\"2022-05-12T17:21:06+00:00\",\"mainEntityOfPage\":{\"@id\":\"https:\/\/www.manquecura.cl\/ciudad-del-este\/noticias\/los-iv-medios-celebran-a-sus-mamas-en-su-dia\/\"},\"wordCount\":113,\"commentCount\":0,\"publisher\":{\"@id\":\"https:\/\/www.manquecura.cl\/ciudad-del-este\/#organization\"},\"image\":{\"@id\":\"https:\/\/www.manquecura.cl\/ciudad-del-este\/noticias\/los-iv-medios-celebran-a-sus-mamas-en-su-dia\/#primaryimage\"},\"thumbnailUrl\":\"https:\/\/www.manquecura.cl\/ciudad-del-este\/wp-content\/uploads\/sites\/41\/2022\/05\/dia-de-la-madre-iv-medio-en-manquecura-ciudad-del-este.jpg\",\"articleSection\":[\"Vida Escolar\"],\"inLanguage\":\"es\",\"potentialAction\":[{\"@type\":\"CommentAction\",\"name\":\"Comment\",\"target\":[\"https:\/\/www.manquecura.cl\/ciudad-del-este\/noticias\/los-iv-medios-celebran-a-sus-mamas-en-su-dia\/#respond\"]}]},{\"@type\":\"WebPage\",\"@id\":\"https:\/\/www.manquecura.cl\/ciudad-del-este\/noticias\/los-iv-medios-celebran-a-sus-mamas-en-su-dia\/\",\"url\":\"https:\/\/www.manquecura.cl\/ciudad-del-este\/noticias\/los-iv-medios-celebran-a-sus-mamas-en-su-dia\/\",\"name\":\"Los IV Medios celebran a sus mam\u00e1s en su d\u00eda - Colegio Manquecura Ciudad del Este\",\"isPartOf\":{\"@id\":\"https:\/\/www.manquecura.cl\/ciudad-del-este\/#website\"},\"primaryImageOfPage\":{\"@id\":\"https:\/\/www.manquecura.cl\/ciudad-del-este\/noticias\/los-iv-medios-celebran-a-sus-mamas-en-su-dia\/#primaryimage\"},\"image\":{\"@id\":\"https:\/\/www.manquecura.cl\/ciudad-del-este\/noticias\/los-iv-medios-celebran-a-sus-mamas-en-su-dia\/#primaryimage\"},\"thumbnailUrl\":\"https:\/\/www.manquecura.cl\/ciudad-del-este\/wp-content\/uploads\/sites\/41\/2022\/05\/dia-de-la-madre-iv-medio-en-manquecura-ciudad-del-este.jpg\",\"datePublished\":\"2022-05-12T17:21:06+00:00\",\"breadcrumb\":{\"@id\":\"https:\/\/www.manquecura.cl\/ciudad-del-este\/noticias\/los-iv-medios-celebran-a-sus-mamas-en-su-dia\/#breadcrumb\"},\"inLanguage\":\"es\",\"potentialAction\":[{\"@type\":\"ReadAction\",\"target\":[\"https:\/\/www.manquecura.cl\/ciudad-del-este\/noticias\/los-iv-medios-celebran-a-sus-mamas-en-su-dia\/\"]}]},{\"@type\":\"ImageObject\",\"inLanguage\":\"es\",\"@id\":\"https:\/\/www.manquecura.cl\/ciudad-del-este\/noticias\/los-iv-medios-celebran-a-sus-mamas-en-su-dia\/#primaryimage\",\"url\":\"https:\/\/www.manquecura.cl\/ciudad-del-este\/wp-content\/uploads\/sites\/41\/2022\/05\/dia-de-la-madre-iv-medio-en-manquecura-ciudad-del-este.jpg\",\"contentUrl\":\"https:\/\/www.manquecura.cl\/ciudad-del-este\/wp-content\/uploads\/sites\/41\/2022\/05\/dia-de-la-madre-iv-medio-en-manquecura-ciudad-del-este.jpg\",\"width\":836,\"height\":523},{\"@type\":\"BreadcrumbList\",\"@id\":\"https:\/\/www.manquecura.cl\/ciudad-del-este\/noticias\/los-iv-medios-celebran-a-sus-mamas-en-su-dia\/#breadcrumb\",\"itemListElement\":[{\"@type\":\"ListItem\",\"position\":1,\"name\":\"Home\",\"item\":\"https:\/\/www.manquecura.cl\/ciudad-del-este\/\"},{\"@type\":\"ListItem\",\"position\":2,\"name\":\"Los IV Medios celebran a sus mam\u00e1s en su d\u00eda\"}]},{\"@type\":\"WebSite\",\"@id\":\"https:\/\/www.manquecura.cl\/ciudad-del-este\/#website\",\"url\":\"https:\/\/www.manquecura.cl\/ciudad-del-este\/\",\"name\":\"Colegio Manquecura Ciudad del Este\",\"description\":\"\",\"publisher\":{\"@id\":\"https:\/\/www.manquecura.cl\/ciudad-del-este\/#organization\"},\"potentialAction\":[{\"@type\":\"SearchAction\",\"target\":{\"@type\":\"EntryPoint\",\"urlTemplate\":\"https:\/\/www.manquecura.cl\/ciudad-del-este\/?s={search_term_string}\"},\"query-input\":{\"@type\":\"PropertyValueSpecification\",\"valueRequired\":true,\"valueName\":\"search_term_string\"}}],\"inLanguage\":\"es\"},{\"@type\":\"Organization\",\"@id\":\"https:\/\/www.manquecura.cl\/ciudad-del-este\/#organization\",\"name\":\"Colegio Manquecura Ciudad del Este\",\"url\":\"https:\/\/www.manquecura.cl\/ciudad-del-este\/\",\"logo\":{\"@type\":\"ImageObject\",\"inLanguage\":\"es\",\"@id\":\"https:\/\/www.manquecura.cl\/ciudad-del-este\/#\/schema\/logo\/image\/\",\"url\":\"https:\/\/www.manquecura.cl\/ciudad-del-este\/wp-content\/uploads\/sites\/41\/2023\/09\/logo_Manquecura_Ciudad-del-Este_horizontal_color-1.png\",\"contentUrl\":\"https:\/\/www.manquecura.cl\/ciudad-del-este\/wp-content\/uploads\/sites\/41\/2023\/09\/logo_Manquecura_Ciudad-del-Este_horizontal_color-1.png\",\"width\":611,\"height\":183,\"caption\":\"Colegio Manquecura Ciudad del Este\"},\"image\":{\"@id\":\"https:\/\/www.manquecura.cl\/ciudad-del-este\/#\/schema\/logo\/image\/\"},\"sameAs\":[\"http:\/\/www.facebook.com\/ColegiosManquecura\",\"http:\/\/www.instagram.com\/manquecura_ciudaddeleste\/\",\"http:\/\/www.youtube.com\/c\/CognitaChile\"]},{\"@type\":\"Person\",\"@id\":\"https:\/\/www.manquecura.cl\/ciudad-del-este\/#\/schema\/person\/0debeea140e397b5d490ee7e553255d8\",\"name\":\"jorgedelcampo\",\"image\":{\"@type\":\"ImageObject\",\"inLanguage\":\"es\",\"@id\":\"https:\/\/www.manquecura.cl\/ciudad-del-este\/#\/schema\/person\/image\/\",\"url\":\"https:\/\/secure.gravatar.com\/avatar\/4a315f521213b2dc91dbda9bf799f711c8a98ab6f5606ec42cf5b33d1e762e8a?s=96&d=mm&r=g\",\"contentUrl\":\"https:\/\/secure.gravatar.com\/avatar\/4a315f521213b2dc91dbda9bf799f711c8a98ab6f5606ec42cf5b33d1e762e8a?s=96&d=mm&r=g\",\"caption\":\"jorgedelcampo\"}}]}<\/script>\n<!-- \/ Yoast SEO plugin. -->","yoast_head_json":{"title":"Los IV Medios celebran a sus mam\u00e1s en su d\u00eda - Colegio Manquecura Ciudad del Este","robots":{"index":"index","follow":"follow","max-snippet":"max-snippet:-1","max-image-preview":"max-image-preview:large","max-video-preview":"max-video-preview:-1"},"canonical":"https:\/\/www.manquecura.cl\/ciudad-del-este\/noticias\/los-iv-medios-celebran-a-sus-mamas-en-su-dia\/","og_locale":"es_ES","og_type":"article","og_title":"Los IV Medios celebran a sus mam\u00e1s en su d\u00eda - Colegio Manquecura Ciudad del Este","og_description":"Nuestra Generaci\u00f3n 2022 realiz\u00f3 su \u00faltima celebraci\u00f3n del D\u00eda de la Madre como estudiantes. Ambos cuartos medios, en compa\u00f1\u00eda de sus profesores jefes, Macarena Sol\u00eds y Sebasti\u00e1n Vega, celebraron el emotivo encuentro junto a sus apoderadas, festej\u00e1ndolas y recordando que este a\u00f1o es el \u00faltimo en el colegio. Muchas felicitaciones a todas las mam\u00e1s en [&hellip;]","og_url":"https:\/\/www.manquecura.cl\/ciudad-del-este\/noticias\/los-iv-medios-celebran-a-sus-mamas-en-su-dia\/","og_site_name":"Colegio Manquecura Ciudad del Este","article_publisher":"http:\/\/www.facebook.com\/ColegiosManquecura","article_published_time":"2022-05-12T17:21:06+00:00","author":"jorgedelcampo","twitter_card":"summary_large_image","twitter_misc":{"Escrito por":"jorgedelcampo","Tiempo de lectura":"1 minuto"},"schema":{"@context":"https:\/\/schema.org","@graph":[{"@type":"Article","@id":"https:\/\/www.manquecura.cl\/ciudad-del-este\/noticias\/los-iv-medios-celebran-a-sus-mamas-en-su-dia\/#article","isPartOf":{"@id":"https:\/\/www.manquecura.cl\/ciudad-del-este\/noticias\/los-iv-medios-celebran-a-sus-mamas-en-su-dia\/"},"author":{"name":"jorgedelcampo","@id":"https:\/\/www.manquecura.cl\/ciudad-del-este\/#\/schema\/person\/0debeea140e397b5d490ee7e553255d8"},"headline":"Los IV Medios celebran a sus mam\u00e1s en su d\u00eda","datePublished":"2022-05-12T17:21:06+00:00","mainEntityOfPage":{"@id":"https:\/\/www.manquecura.cl\/ciudad-del-este\/noticias\/los-iv-medios-celebran-a-sus-mamas-en-su-dia\/"},"wordCount":113,"commentCount":0,"publisher":{"@id":"https:\/\/www.manquecura.cl\/ciudad-del-este\/#organization"},"image":{"@id":"https:\/\/www.manquecura.cl\/ciudad-del-este\/noticias\/los-iv-medios-celebran-a-sus-mamas-en-su-dia\/#primaryimage"},"thumbnailUrl":"https:\/\/www.manquecura.cl\/ciudad-del-este\/wp-content\/uploads\/sites\/41\/2022\/05\/dia-de-la-madre-iv-medio-en-manquecura-ciudad-del-este.jpg","articleSection":["Vida Escolar"],"inLanguage":"es","potentialAction":[{"@type":"CommentAction","name":"Comment","target":["https:\/\/www.manquecura.cl\/ciudad-del-este\/noticias\/los-iv-medios-celebran-a-sus-mamas-en-su-dia\/#respond"]}]},{"@type":"WebPage","@id":"https:\/\/www.manquecura.cl\/ciudad-del-este\/noticias\/los-iv-medios-celebran-a-sus-mamas-en-su-dia\/","url":"https:\/\/www.manquecura.cl\/ciudad-del-este\/noticias\/los-iv-medios-celebran-a-sus-mamas-en-su-dia\/","name":"Los IV Medios celebran a sus mam\u00e1s en su d\u00eda - Colegio Manquecura Ciudad del Este","isPartOf":{"@id":"https:\/\/www.manquecura.cl\/ciudad-del-este\/#website"},"primaryImageOfPage":{"@id":"https:\/\/www.manquecura.cl\/ciudad-del-este\/noticias\/los-iv-medios-celebran-a-sus-mamas-en-su-dia\/#primaryimage"},"image":{"@id":"https:\/\/www.manquecura.cl\/ciudad-del-este\/noticias\/los-iv-medios-celebran-a-sus-mamas-en-su-dia\/#primaryimage"},"thumbnailUrl":"https:\/\/www.manquecura.cl\/ciudad-del-este\/wp-content\/uploads\/sites\/41\/2022\/05\/dia-de-la-madre-iv-medio-en-manquecura-ciudad-del-este.jpg","datePublished":"2022-05-12T17:21:06+00:00","breadcrumb":{"@id":"https:\/\/www.manquecura.cl\/ciudad-del-este\/noticias\/los-iv-medios-celebran-a-sus-mamas-en-su-dia\/#breadcrumb"},"inLanguage":"es","potentialAction":[{"@type":"ReadAction","target":["https:\/\/www.manquecura.cl\/ciudad-del-este\/noticias\/los-iv-medios-celebran-a-sus-mamas-en-su-dia\/"]}]},{"@type":"ImageObject","inLanguage":"es","@id":"https:\/\/www.manquecura.cl\/ciudad-del-este\/noticias\/los-iv-medios-celebran-a-sus-mamas-en-su-dia\/#primaryimage","url":"https:\/\/www.manquecura.cl\/ciudad-del-este\/wp-content\/uploads\/sites\/41\/2022\/05\/dia-de-la-madre-iv-medio-en-manquecura-ciudad-del-este.jpg","contentUrl":"https:\/\/www.manquecura.cl\/ciudad-del-este\/wp-content\/uploads\/sites\/41\/2022\/05\/dia-de-la-madre-iv-medio-en-manquecura-ciudad-del-este.jpg","width":836,"height":523},{"@type":"BreadcrumbList","@id":"https:\/\/www.manquecura.cl\/ciudad-del-este\/noticias\/los-iv-medios-celebran-a-sus-mamas-en-su-dia\/#breadcrumb","itemListElement":[{"@type":"ListItem","position":1,"name":"Home","item":"https:\/\/www.manquecura.cl\/ciudad-del-este\/"},{"@type":"ListItem","position":2,"name":"Los IV Medios celebran a sus mam\u00e1s en su d\u00eda"}]},{"@type":"WebSite","@id":"https:\/\/www.manquecura.cl\/ciudad-del-este\/#website","url":"https:\/\/www.manquecura.cl\/ciudad-del-este\/","name":"Colegio Manquecura Ciudad del Este","description":"","publisher":{"@id":"https:\/\/www.manquecura.cl\/ciudad-del-este\/#organization"},"potentialAction":[{"@type":"SearchAction","target":{"@type":"EntryPoint","urlTemplate":"https:\/\/www.manquecura.cl\/ciudad-del-este\/?s={search_term_string}"},"query-input":{"@type":"PropertyValueSpecification","valueRequired":true,"valueName":"search_term_string"}}],"inLanguage":"es"},{"@type":"Organization","@id":"https:\/\/www.manquecura.cl\/ciudad-del-este\/#organization","name":"Colegio Manquecura Ciudad del Este","url":"https:\/\/www.manquecura.cl\/ciudad-del-este\/","logo":{"@type":"ImageObject","inLanguage":"es","@id":"https:\/\/www.manquecura.cl\/ciudad-del-este\/#\/schema\/logo\/image\/","url":"https:\/\/www.manquecura.cl\/ciudad-del-este\/wp-content\/uploads\/sites\/41\/2023\/09\/logo_Manquecura_Ciudad-del-Este_horizontal_color-1.png","contentUrl":"https:\/\/www.manquecura.cl\/ciudad-del-este\/wp-content\/uploads\/sites\/41\/2023\/09\/logo_Manquecura_Ciudad-del-Este_horizontal_color-1.png","width":611,"height":183,"caption":"Colegio Manquecura Ciudad del Este"},"image":{"@id":"https:\/\/www.manquecura.cl\/ciudad-del-este\/#\/schema\/logo\/image\/"},"sameAs":["http:\/\/www.facebook.com\/ColegiosManquecura","http:\/\/www.instagram.com\/manquecura_ciudaddeleste\/","http:\/\/www.youtube.com\/c\/CognitaChile"]},{"@type":"Person","@id":"https:\/\/www.manquecura.cl\/ciudad-del-este\/#\/schema\/person\/0debeea140e397b5d490ee7e553255d8","name":"jorgedelcampo","image":{"@type":"ImageObject","inLanguage":"es","@id":"https:\/\/www.manquecura.cl\/ciudad-del-este\/#\/schema\/person\/image\/","url":"https:\/\/secure.gravatar.com\/avatar\/4a315f521213b2dc91dbda9bf799f711c8a98ab6f5606ec42cf5b33d1e762e8a?s=96&d=mm&r=g","contentUrl":"https:\/\/secure.gravatar.com\/avatar\/4a315f521213b2dc91dbda9bf799f711c8a98ab6f5606ec42cf5b33d1e762e8a?s=96&d=mm&r=g","caption":"jorgedelcampo"}}]}},"jetpack_featured_media_url":"https:\/\/www.manquecura.cl\/ciudad-del-este\/wp-content\/uploads\/sites\/41\/2022\/05\/dia-de-la-madre-iv-medio-en-manquecura-ciudad-del-este.jpg","previous_post_ID":125531,"previous_post_title":"D\u00eda de la Madre en Educaci\u00f3n Parvularia 2022","previous_post_excerpt":"Estamos muy felices de retomar una de las actividades m\u00e1s tradicionales de nuestro colegio, la celebraci\u00f3n del D\u00eda de la Madre en Educaci\u00f3n Parvularia, ocasi\u00f3n en la que cada uno de los alumnos del ciclo pudo homenajear a su mam\u00e1 con todo lo preparado en compa\u00f1\u00eda de sus misses. Destacamos las hermosas decoraciones de las [&hellip;]","previous_post_link":"https:\/\/www.manquecura.cl\/ciudad-del-este\/noticias\/dia-de-la-madre-en-educacion-parvularia-2022-2\/","previous_post_class":["post-125531","post","type-post","status-publish","format-standard","has-post-thumbnail","hentry","category-vida-escolar"],"next_post_ID":19096,"next_post_title":"Amistoso de los C\u00f3ndores de Manquecura con colegio Mayor","next_post_excerpt":"En una segunda instancia de encuentro, los deportistas citados de Manquecura Ciudad del Este participaron de un nuevo amistoso con colegio Mayor, contando en los encuentros con todas las categor\u00edas, desde 2\u00b0 B\u00e1sico hasta la Selecci\u00f3n de Media. Esperamos que los C\u00f3ndores de Manquecura sigan con los amistosos y arduos entrenamientos para continuar super\u00e1ndose en [&hellip;]","next_post_link":"https:\/\/www.manquecura.cl\/ciudad-del-este\/noticias\/amistoso-de-los-condores-de-manquecura-con-colegio-mayor\/","next_post_class":["post-19096","post","type-post","status-publish","format-standard","has-post-thumbnail","hentry","category-vida-escolar"],"jetpack_sharing_enabled":true,"_links":{"self":[{"href":"https:\/\/www.manquecura.cl\/ciudad-del-este\/wp-json\/wp\/v2\/posts\/19082","targetHints":{"allow":["GET"]}}],"collection":[{"href":"https:\/\/www.manquecura.cl\/ciudad-del-este\/wp-json\/wp\/v2\/posts"}],"about":[{"href":"https:\/\/www.manquecura.cl\/ciudad-del-este\/wp-json\/wp\/v2\/types\/post"}],"author":[{"embeddable":true,"href":"https:\/\/www.manquecura.cl\/ciudad-del-este\/wp-json\/wp\/v2\/users\/14"}],"replies":[{"embeddable":true,"href":"https:\/\/www.manquecura.cl\/ciudad-del-este\/wp-json\/wp\/v2\/comments?post=19082"}],"version-history":[{"count":0,"href":"https:\/\/www.manquecura.cl\/ciudad-del-este\/wp-json\/wp\/v2\/posts\/19082\/revisions"}],"wp:featuredmedia":[{"embeddable":true,"href":"https:\/\/www.manquecura.cl\/ciudad-del-este\/wp-json\/wp\/v2\/media\/19116"}],"wp:attachment":[{"href":"https:\/\/www.manquecura.cl\/ciudad-del-este\/wp-json\/wp\/v2\/media?parent=19082"}],"wp:term":[{"taxonomy":"category","embeddable":true,"href":"https:\/\/www.manquecura.cl\/ciudad-del-este\/wp-json\/wp\/v2\/categories?post=19082"},{"taxonomy":"post_tag","embeddable":true,"href":"https:\/\/www.manquecura.cl\/ciudad-del-este\/wp-json\/wp\/v2\/tags?post=19082"}],"curies":[{"name":"wp","href":"https:\/\/api.w.org\/{rel}","templated":true}]}}