{"id":18713,"date":"2022-04-04T17:32:47","date_gmt":"2022-04-04T21:32:47","guid":{"rendered":"https:\/\/www.manquecura.cl\/ciudad-del-este\/?p=18713"},"modified":"2022-04-04T17:32:47","modified_gmt":"2022-04-04T21:32:47","slug":"nuevo-programa-formativo-valorico-desarrollando-lideres-inspiradores-dli","status":"publish","type":"post","link":"https:\/\/www.manquecura.cl\/ciudad-del-este\/noticias\/nuevo-programa-formativo-valorico-desarrollando-lideres-inspiradores-dli\/","title":{"rendered":"Nuevo programa formativo val\u00f3rico: Desarrollando L\u00edderes Inspiradores (DLI)"},"content":{"rendered":"<p>Atendiendo a la preocupaci\u00f3n permanente por acompa\u00f1ar a nuestros estudiantes en su desarrollo social, afectivo y acad\u00e9mico, la red de colegios Cognita ha desarrollado un nuevo programa formativo-val\u00f3rico denominado Desarrollando L\u00edderes Inspiradores (DLI), el cual este a\u00f1o se implementar\u00e1 a partir del mes de abril en Educaci\u00f3n Parvularia, a trav\u00e9s de clases y actividades semanales, las cuales ser\u00e1n comunicadas a las familias por la educadora de p\u00e1rvulo de cada curso.<\/p>\n<p>Este programa busca potenciar habilidades socioemocionales que son la base del liderazgo, entendiendo \u00e9ste como el potencial que cada uno tiene desde su singularidad y las cualidades que lo caracterizan. Esto implicar\u00e1 un proceso, a nivel personal, que nuestros estudiantes ir\u00e1n vivenciando, descubriendo y desarrollando (junto a sus familias), desde lo m\u00e1s individual e introspectivo, hasta lo m\u00e1s colectivo y vincular.<\/p>\n<p>Desarrollando L\u00edderes Inspiradores (DLI), se encuentra en sinton\u00eda con el Programa Educativo Institucional (PEI) y adem\u00e1s de potenciar a los estudiantes, busca empoderar a los directivos y docentes para que sean facilitadores referentes, y convertir a los apoderados y padres en aliados para que contribuyan desde el hogar en este importante desaf\u00edo.<\/p>\n<p>El programa est\u00e1 construido sobre la base de los postulados y estudios en educaci\u00f3n social y emocional fundados en la evidencia que presenta CASEL (Collaborative for Academic, Social and Emotional Learning), los desarrollos sobre Liderazgo de Stephen Covey, los principios de la Educaci\u00f3n Positiva y los factores de Bienestar (f\u00edsicos y mentales) de COGNITA. Bajo este s\u00f3lido sustento, nuestros estudiantes ir\u00e1n abordando, sesi\u00f3n a sesi\u00f3n, las siguientes habilidades y h\u00e1bitos de liderazgo, a trav\u00e9s de distintos ejes de competencias:<\/p>\n<p>[multimedia id=&#8221;1&#8243;]<\/p>\n<p>En esta importante misi\u00f3n, ustedes son nuestros grandes aliados a la hora de dar continuidad, reforzar y acompa\u00f1ar lo visto en el aula, dando significado en la vida cotidiana a los aprendizajes que como colegio estamos entregando y que apuntan directamente al crecimiento integral de nuestros\/as ni\u00f1os y ni\u00f1as.<\/p>\n<p>Durante el 2022 el programa DLI estar\u00e1 enfocado a Educaci\u00f3n Parvularia y, en Ed. B\u00e1sica y Media seguiremos implementando el Programa Dimensiones Formativas, para ir paulatinamente dando lugar a DLI en 2023 y 2024, en los otros ciclos se\u00f1alados.<\/p>\n<p>Los invitamos a ser parte de este gran desaf\u00edo, agradeciendo desde ya su adhesi\u00f3n y apoyo, para juntos entregar al mundo m\u00e1s l\u00edderes inspiradores.<\/p>\n<p style=\"text-align: center\"><strong>Equipo de Transversalidad y Formaci\u00f3n COGNITA Chile<\/strong><\/p>\n"},"excerpt":{"rendered":"<p>Atendiendo a la preocupaci\u00f3n permanente por acompa\u00f1ar a nuestros estudiantes en su desarrollo social, afectivo y acad\u00e9mico, la red de colegios Cognita ha desarrollado un nuevo programa formativo-val\u00f3rico denominado Desarrollando L\u00edderes Inspiradores (DLI), el cual este a\u00f1o se implementar\u00e1 a partir del mes de abril en Educaci\u00f3n Parvularia, a trav\u00e9s de clases y actividades semanales, [&hellip;]<\/p>\n","protected":false},"author":14,"featured_media":18783,"comment_status":"open","ping_status":"open","sticky":false,"template":"","format":"standard","meta":{"_acf_changed":false,"content-type":"","_jetpack_memberships_contains_paid_content":false,"footnotes":""},"categories":[1],"tags":[],"class_list":["post-18713","post","type-post","status-publish","format-standard","has-post-thumbnail","hentry","category-vida-escolar"],"acf":[],"yoast_head":"<!-- This site is optimized with the Yoast SEO plugin v27.1.1 - https:\/\/yoast.com\/product\/yoast-seo-wordpress\/ -->\n<title>Nuevo programa formativo val\u00f3rico: Desarrollando L\u00edderes Inspiradores (DLI) - Colegio Manquecura Ciudad del Este<\/title>\n<meta name=\"robots\" content=\"index, follow, max-snippet:-1, max-image-preview:large, max-video-preview:-1\" \/>\n<link rel=\"canonical\" href=\"https:\/\/www.manquecura.cl\/ciudad-del-este\/noticias\/nuevo-programa-formativo-valorico-desarrollando-lideres-inspiradores-dli\/\" \/>\n<meta property=\"og:locale\" content=\"es_ES\" \/>\n<meta property=\"og:type\" content=\"article\" \/>\n<meta property=\"og:title\" content=\"Nuevo programa formativo val\u00f3rico: Desarrollando L\u00edderes Inspiradores (DLI) - Colegio Manquecura Ciudad del Este\" \/>\n<meta property=\"og:description\" content=\"Atendiendo a la preocupaci\u00f3n permanente por acompa\u00f1ar a nuestros estudiantes en su desarrollo social, afectivo y acad\u00e9mico, la red de colegios Cognita ha desarrollado un nuevo programa formativo-val\u00f3rico denominado Desarrollando L\u00edderes Inspiradores (DLI), el cual este a\u00f1o se implementar\u00e1 a partir del mes de abril en Educaci\u00f3n Parvularia, a trav\u00e9s de clases y actividades semanales, [&hellip;]\" \/>\n<meta property=\"og:url\" content=\"https:\/\/www.manquecura.cl\/ciudad-del-este\/noticias\/nuevo-programa-formativo-valorico-desarrollando-lideres-inspiradores-dli\/\" \/>\n<meta property=\"og:site_name\" content=\"Colegio Manquecura Ciudad del Este\" \/>\n<meta property=\"article:publisher\" content=\"http:\/\/www.facebook.com\/ColegiosManquecura\" \/>\n<meta property=\"article:published_time\" content=\"2022-04-04T21:32:47+00:00\" \/>\n<meta name=\"author\" content=\"jorgedelcampo\" \/>\n<meta name=\"twitter:card\" content=\"summary_large_image\" \/>\n<meta name=\"twitter:label1\" content=\"Escrito por\" \/>\n\t<meta name=\"twitter:data1\" content=\"jorgedelcampo\" \/>\n\t<meta name=\"twitter:label2\" content=\"Tiempo de lectura\" \/>\n\t<meta name=\"twitter:data2\" content=\"2 minutos\" \/>\n<script type=\"application\/ld+json\" class=\"yoast-schema-graph\">{\"@context\":\"https:\/\/schema.org\",\"@graph\":[{\"@type\":\"Article\",\"@id\":\"https:\/\/www.manquecura.cl\/ciudad-del-este\/noticias\/nuevo-programa-formativo-valorico-desarrollando-lideres-inspiradores-dli\/#article\",\"isPartOf\":{\"@id\":\"https:\/\/www.manquecura.cl\/ciudad-del-este\/noticias\/nuevo-programa-formativo-valorico-desarrollando-lideres-inspiradores-dli\/\"},\"author\":{\"name\":\"jorgedelcampo\",\"@id\":\"https:\/\/www.manquecura.cl\/ciudad-del-este\/#\/schema\/person\/0debeea140e397b5d490ee7e553255d8\"},\"headline\":\"Nuevo programa formativo val\u00f3rico: Desarrollando L\u00edderes Inspiradores (DLI)\",\"datePublished\":\"2022-04-04T21:32:47+00:00\",\"mainEntityOfPage\":{\"@id\":\"https:\/\/www.manquecura.cl\/ciudad-del-este\/noticias\/nuevo-programa-formativo-valorico-desarrollando-lideres-inspiradores-dli\/\"},\"wordCount\":429,\"commentCount\":0,\"publisher\":{\"@id\":\"https:\/\/www.manquecura.cl\/ciudad-del-este\/#organization\"},\"image\":{\"@id\":\"https:\/\/www.manquecura.cl\/ciudad-del-este\/noticias\/nuevo-programa-formativo-valorico-desarrollando-lideres-inspiradores-dli\/#primaryimage\"},\"thumbnailUrl\":\"https:\/\/www.manquecura.cl\/ciudad-del-este\/wp-content\/uploads\/sites\/41\/2022\/04\/DELI.jpg\",\"articleSection\":[\"Vida Escolar\"],\"inLanguage\":\"es\",\"potentialAction\":[{\"@type\":\"CommentAction\",\"name\":\"Comment\",\"target\":[\"https:\/\/www.manquecura.cl\/ciudad-del-este\/noticias\/nuevo-programa-formativo-valorico-desarrollando-lideres-inspiradores-dli\/#respond\"]}]},{\"@type\":\"WebPage\",\"@id\":\"https:\/\/www.manquecura.cl\/ciudad-del-este\/noticias\/nuevo-programa-formativo-valorico-desarrollando-lideres-inspiradores-dli\/\",\"url\":\"https:\/\/www.manquecura.cl\/ciudad-del-este\/noticias\/nuevo-programa-formativo-valorico-desarrollando-lideres-inspiradores-dli\/\",\"name\":\"Nuevo programa formativo val\u00f3rico: Desarrollando L\u00edderes Inspiradores (DLI) - Colegio Manquecura Ciudad del Este\",\"isPartOf\":{\"@id\":\"https:\/\/www.manquecura.cl\/ciudad-del-este\/#website\"},\"primaryImageOfPage\":{\"@id\":\"https:\/\/www.manquecura.cl\/ciudad-del-este\/noticias\/nuevo-programa-formativo-valorico-desarrollando-lideres-inspiradores-dli\/#primaryimage\"},\"image\":{\"@id\":\"https:\/\/www.manquecura.cl\/ciudad-del-este\/noticias\/nuevo-programa-formativo-valorico-desarrollando-lideres-inspiradores-dli\/#primaryimage\"},\"thumbnailUrl\":\"https:\/\/www.manquecura.cl\/ciudad-del-este\/wp-content\/uploads\/sites\/41\/2022\/04\/DELI.jpg\",\"datePublished\":\"2022-04-04T21:32:47+00:00\",\"breadcrumb\":{\"@id\":\"https:\/\/www.manquecura.cl\/ciudad-del-este\/noticias\/nuevo-programa-formativo-valorico-desarrollando-lideres-inspiradores-dli\/#breadcrumb\"},\"inLanguage\":\"es\",\"potentialAction\":[{\"@type\":\"ReadAction\",\"target\":[\"https:\/\/www.manquecura.cl\/ciudad-del-este\/noticias\/nuevo-programa-formativo-valorico-desarrollando-lideres-inspiradores-dli\/\"]}]},{\"@type\":\"ImageObject\",\"inLanguage\":\"es\",\"@id\":\"https:\/\/www.manquecura.cl\/ciudad-del-este\/noticias\/nuevo-programa-formativo-valorico-desarrollando-lideres-inspiradores-dli\/#primaryimage\",\"url\":\"https:\/\/www.manquecura.cl\/ciudad-del-este\/wp-content\/uploads\/sites\/41\/2022\/04\/DELI.jpg\",\"contentUrl\":\"https:\/\/www.manquecura.cl\/ciudad-del-este\/wp-content\/uploads\/sites\/41\/2022\/04\/DELI.jpg\",\"width\":768,\"height\":480},{\"@type\":\"BreadcrumbList\",\"@id\":\"https:\/\/www.manquecura.cl\/ciudad-del-este\/noticias\/nuevo-programa-formativo-valorico-desarrollando-lideres-inspiradores-dli\/#breadcrumb\",\"itemListElement\":[{\"@type\":\"ListItem\",\"position\":1,\"name\":\"Home\",\"item\":\"https:\/\/www.manquecura.cl\/ciudad-del-este\/\"},{\"@type\":\"ListItem\",\"position\":2,\"name\":\"Nuevo programa formativo val\u00f3rico: Desarrollando L\u00edderes Inspiradores (DLI)\"}]},{\"@type\":\"WebSite\",\"@id\":\"https:\/\/www.manquecura.cl\/ciudad-del-este\/#website\",\"url\":\"https:\/\/www.manquecura.cl\/ciudad-del-este\/\",\"name\":\"Colegio Manquecura Ciudad del Este\",\"description\":\"\",\"publisher\":{\"@id\":\"https:\/\/www.manquecura.cl\/ciudad-del-este\/#organization\"},\"potentialAction\":[{\"@type\":\"SearchAction\",\"target\":{\"@type\":\"EntryPoint\",\"urlTemplate\":\"https:\/\/www.manquecura.cl\/ciudad-del-este\/?s={search_term_string}\"},\"query-input\":{\"@type\":\"PropertyValueSpecification\",\"valueRequired\":true,\"valueName\":\"search_term_string\"}}],\"inLanguage\":\"es\"},{\"@type\":\"Organization\",\"@id\":\"https:\/\/www.manquecura.cl\/ciudad-del-este\/#organization\",\"name\":\"Colegio Manquecura Ciudad del Este\",\"url\":\"https:\/\/www.manquecura.cl\/ciudad-del-este\/\",\"logo\":{\"@type\":\"ImageObject\",\"inLanguage\":\"es\",\"@id\":\"https:\/\/www.manquecura.cl\/ciudad-del-este\/#\/schema\/logo\/image\/\",\"url\":\"https:\/\/www.manquecura.cl\/ciudad-del-este\/wp-content\/uploads\/sites\/41\/2023\/09\/logo_Manquecura_Ciudad-del-Este_horizontal_color-1.png\",\"contentUrl\":\"https:\/\/www.manquecura.cl\/ciudad-del-este\/wp-content\/uploads\/sites\/41\/2023\/09\/logo_Manquecura_Ciudad-del-Este_horizontal_color-1.png\",\"width\":611,\"height\":183,\"caption\":\"Colegio Manquecura Ciudad del Este\"},\"image\":{\"@id\":\"https:\/\/www.manquecura.cl\/ciudad-del-este\/#\/schema\/logo\/image\/\"},\"sameAs\":[\"http:\/\/www.facebook.com\/ColegiosManquecura\",\"http:\/\/www.instagram.com\/manquecura_ciudaddeleste\/\",\"http:\/\/www.youtube.com\/c\/CognitaChile\"]},{\"@type\":\"Person\",\"@id\":\"https:\/\/www.manquecura.cl\/ciudad-del-este\/#\/schema\/person\/0debeea140e397b5d490ee7e553255d8\",\"name\":\"jorgedelcampo\",\"image\":{\"@type\":\"ImageObject\",\"inLanguage\":\"es\",\"@id\":\"https:\/\/www.manquecura.cl\/ciudad-del-este\/#\/schema\/person\/image\/\",\"url\":\"https:\/\/secure.gravatar.com\/avatar\/4a315f521213b2dc91dbda9bf799f711c8a98ab6f5606ec42cf5b33d1e762e8a?s=96&d=mm&r=g\",\"contentUrl\":\"https:\/\/secure.gravatar.com\/avatar\/4a315f521213b2dc91dbda9bf799f711c8a98ab6f5606ec42cf5b33d1e762e8a?s=96&d=mm&r=g\",\"caption\":\"jorgedelcampo\"}}]}<\/script>\n<!-- \/ Yoast SEO plugin. -->","yoast_head_json":{"title":"Nuevo programa formativo val\u00f3rico: Desarrollando L\u00edderes Inspiradores (DLI) - Colegio Manquecura Ciudad del Este","robots":{"index":"index","follow":"follow","max-snippet":"max-snippet:-1","max-image-preview":"max-image-preview:large","max-video-preview":"max-video-preview:-1"},"canonical":"https:\/\/www.manquecura.cl\/ciudad-del-este\/noticias\/nuevo-programa-formativo-valorico-desarrollando-lideres-inspiradores-dli\/","og_locale":"es_ES","og_type":"article","og_title":"Nuevo programa formativo val\u00f3rico: Desarrollando L\u00edderes Inspiradores (DLI) - Colegio Manquecura Ciudad del Este","og_description":"Atendiendo a la preocupaci\u00f3n permanente por acompa\u00f1ar a nuestros estudiantes en su desarrollo social, afectivo y acad\u00e9mico, la red de colegios Cognita ha desarrollado un nuevo programa formativo-val\u00f3rico denominado Desarrollando L\u00edderes Inspiradores (DLI), el cual este a\u00f1o se implementar\u00e1 a partir del mes de abril en Educaci\u00f3n Parvularia, a trav\u00e9s de clases y actividades semanales, [&hellip;]","og_url":"https:\/\/www.manquecura.cl\/ciudad-del-este\/noticias\/nuevo-programa-formativo-valorico-desarrollando-lideres-inspiradores-dli\/","og_site_name":"Colegio Manquecura Ciudad del Este","article_publisher":"http:\/\/www.facebook.com\/ColegiosManquecura","article_published_time":"2022-04-04T21:32:47+00:00","author":"jorgedelcampo","twitter_card":"summary_large_image","twitter_misc":{"Escrito por":"jorgedelcampo","Tiempo de lectura":"2 minutos"},"schema":{"@context":"https:\/\/schema.org","@graph":[{"@type":"Article","@id":"https:\/\/www.manquecura.cl\/ciudad-del-este\/noticias\/nuevo-programa-formativo-valorico-desarrollando-lideres-inspiradores-dli\/#article","isPartOf":{"@id":"https:\/\/www.manquecura.cl\/ciudad-del-este\/noticias\/nuevo-programa-formativo-valorico-desarrollando-lideres-inspiradores-dli\/"},"author":{"name":"jorgedelcampo","@id":"https:\/\/www.manquecura.cl\/ciudad-del-este\/#\/schema\/person\/0debeea140e397b5d490ee7e553255d8"},"headline":"Nuevo programa formativo val\u00f3rico: Desarrollando L\u00edderes Inspiradores (DLI)","datePublished":"2022-04-04T21:32:47+00:00","mainEntityOfPage":{"@id":"https:\/\/www.manquecura.cl\/ciudad-del-este\/noticias\/nuevo-programa-formativo-valorico-desarrollando-lideres-inspiradores-dli\/"},"wordCount":429,"commentCount":0,"publisher":{"@id":"https:\/\/www.manquecura.cl\/ciudad-del-este\/#organization"},"image":{"@id":"https:\/\/www.manquecura.cl\/ciudad-del-este\/noticias\/nuevo-programa-formativo-valorico-desarrollando-lideres-inspiradores-dli\/#primaryimage"},"thumbnailUrl":"https:\/\/www.manquecura.cl\/ciudad-del-este\/wp-content\/uploads\/sites\/41\/2022\/04\/DELI.jpg","articleSection":["Vida Escolar"],"inLanguage":"es","potentialAction":[{"@type":"CommentAction","name":"Comment","target":["https:\/\/www.manquecura.cl\/ciudad-del-este\/noticias\/nuevo-programa-formativo-valorico-desarrollando-lideres-inspiradores-dli\/#respond"]}]},{"@type":"WebPage","@id":"https:\/\/www.manquecura.cl\/ciudad-del-este\/noticias\/nuevo-programa-formativo-valorico-desarrollando-lideres-inspiradores-dli\/","url":"https:\/\/www.manquecura.cl\/ciudad-del-este\/noticias\/nuevo-programa-formativo-valorico-desarrollando-lideres-inspiradores-dli\/","name":"Nuevo programa formativo val\u00f3rico: Desarrollando L\u00edderes Inspiradores (DLI) - Colegio Manquecura Ciudad del Este","isPartOf":{"@id":"https:\/\/www.manquecura.cl\/ciudad-del-este\/#website"},"primaryImageOfPage":{"@id":"https:\/\/www.manquecura.cl\/ciudad-del-este\/noticias\/nuevo-programa-formativo-valorico-desarrollando-lideres-inspiradores-dli\/#primaryimage"},"image":{"@id":"https:\/\/www.manquecura.cl\/ciudad-del-este\/noticias\/nuevo-programa-formativo-valorico-desarrollando-lideres-inspiradores-dli\/#primaryimage"},"thumbnailUrl":"https:\/\/www.manquecura.cl\/ciudad-del-este\/wp-content\/uploads\/sites\/41\/2022\/04\/DELI.jpg","datePublished":"2022-04-04T21:32:47+00:00","breadcrumb":{"@id":"https:\/\/www.manquecura.cl\/ciudad-del-este\/noticias\/nuevo-programa-formativo-valorico-desarrollando-lideres-inspiradores-dli\/#breadcrumb"},"inLanguage":"es","potentialAction":[{"@type":"ReadAction","target":["https:\/\/www.manquecura.cl\/ciudad-del-este\/noticias\/nuevo-programa-formativo-valorico-desarrollando-lideres-inspiradores-dli\/"]}]},{"@type":"ImageObject","inLanguage":"es","@id":"https:\/\/www.manquecura.cl\/ciudad-del-este\/noticias\/nuevo-programa-formativo-valorico-desarrollando-lideres-inspiradores-dli\/#primaryimage","url":"https:\/\/www.manquecura.cl\/ciudad-del-este\/wp-content\/uploads\/sites\/41\/2022\/04\/DELI.jpg","contentUrl":"https:\/\/www.manquecura.cl\/ciudad-del-este\/wp-content\/uploads\/sites\/41\/2022\/04\/DELI.jpg","width":768,"height":480},{"@type":"BreadcrumbList","@id":"https:\/\/www.manquecura.cl\/ciudad-del-este\/noticias\/nuevo-programa-formativo-valorico-desarrollando-lideres-inspiradores-dli\/#breadcrumb","itemListElement":[{"@type":"ListItem","position":1,"name":"Home","item":"https:\/\/www.manquecura.cl\/ciudad-del-este\/"},{"@type":"ListItem","position":2,"name":"Nuevo programa formativo val\u00f3rico: Desarrollando L\u00edderes Inspiradores (DLI)"}]},{"@type":"WebSite","@id":"https:\/\/www.manquecura.cl\/ciudad-del-este\/#website","url":"https:\/\/www.manquecura.cl\/ciudad-del-este\/","name":"Colegio Manquecura Ciudad del Este","description":"","publisher":{"@id":"https:\/\/www.manquecura.cl\/ciudad-del-este\/#organization"},"potentialAction":[{"@type":"SearchAction","target":{"@type":"EntryPoint","urlTemplate":"https:\/\/www.manquecura.cl\/ciudad-del-este\/?s={search_term_string}"},"query-input":{"@type":"PropertyValueSpecification","valueRequired":true,"valueName":"search_term_string"}}],"inLanguage":"es"},{"@type":"Organization","@id":"https:\/\/www.manquecura.cl\/ciudad-del-este\/#organization","name":"Colegio Manquecura Ciudad del Este","url":"https:\/\/www.manquecura.cl\/ciudad-del-este\/","logo":{"@type":"ImageObject","inLanguage":"es","@id":"https:\/\/www.manquecura.cl\/ciudad-del-este\/#\/schema\/logo\/image\/","url":"https:\/\/www.manquecura.cl\/ciudad-del-este\/wp-content\/uploads\/sites\/41\/2023\/09\/logo_Manquecura_Ciudad-del-Este_horizontal_color-1.png","contentUrl":"https:\/\/www.manquecura.cl\/ciudad-del-este\/wp-content\/uploads\/sites\/41\/2023\/09\/logo_Manquecura_Ciudad-del-Este_horizontal_color-1.png","width":611,"height":183,"caption":"Colegio Manquecura Ciudad del Este"},"image":{"@id":"https:\/\/www.manquecura.cl\/ciudad-del-este\/#\/schema\/logo\/image\/"},"sameAs":["http:\/\/www.facebook.com\/ColegiosManquecura","http:\/\/www.instagram.com\/manquecura_ciudaddeleste\/","http:\/\/www.youtube.com\/c\/CognitaChile"]},{"@type":"Person","@id":"https:\/\/www.manquecura.cl\/ciudad-del-este\/#\/schema\/person\/0debeea140e397b5d490ee7e553255d8","name":"jorgedelcampo","image":{"@type":"ImageObject","inLanguage":"es","@id":"https:\/\/www.manquecura.cl\/ciudad-del-este\/#\/schema\/person\/image\/","url":"https:\/\/secure.gravatar.com\/avatar\/4a315f521213b2dc91dbda9bf799f711c8a98ab6f5606ec42cf5b33d1e762e8a?s=96&d=mm&r=g","contentUrl":"https:\/\/secure.gravatar.com\/avatar\/4a315f521213b2dc91dbda9bf799f711c8a98ab6f5606ec42cf5b33d1e762e8a?s=96&d=mm&r=g","caption":"jorgedelcampo"}}]}},"jetpack_featured_media_url":"https:\/\/www.manquecura.cl\/ciudad-del-este\/wp-content\/uploads\/sites\/41\/2022\/04\/DELI.jpg","previous_post_ID":18717,"previous_post_title":"Alumnos de Ense\u00f1anza Media participar\u00e1n de conversaci\u00f3n acerca del futuro de la tecnolog\u00eda","previous_post_excerpt":"Los colegios Cognita de Chile participar\u00e1n, junto a estudiantes de todo el mundo, en un panel de conversaci\u00f3n sobre El Futuro de la Empat\u00eda en la Tecnolog\u00eda, organizado por Empathy Week (entidad que promueve el Bienestar Digital) en asociaci\u00f3n con Snap Inc. (creadores de la plataforma Snapchat). El pr\u00f3ximo martes 5 de abril, estudiantes desde [&hellip;]","previous_post_link":"https:\/\/www.manquecura.cl\/ciudad-del-este\/noticias\/alumnos-de-ensenanza-media-participaran-de-conversacion-acerca-del-futuro-de-la-tecnologia\/","previous_post_class":["post-18717","post","type-post","status-publish","format-standard","has-post-thumbnail","hentry","category-vida-escolar"],"next_post_ID":18670,"next_post_title":"Proyecto CAMPUR: Desayuno de Bienvenida K\u00ednder B","next_post_excerpt":"Los padres de K\u00ednder B organizaron un desayuno de bienvenida a los ni\u00f1os y apoderados que se integraron este a\u00f1o al curso. El objetivo de este proyecto fue integrar a las familias al curso, para que se sientan acogidos, para as\u00ed fortalecer los lazos de amistad y buena convivencia. Durante la actividad los ni\u00f1os y [&hellip;]","next_post_link":"https:\/\/www.manquecura.cl\/ciudad-del-este\/noticias\/proyecto-campur-desayuno-de-bienvenida-kinder-b\/","next_post_class":["post-18670","post","type-post","status-publish","format-standard","has-post-thumbnail","hentry","category-vida-escolar"],"jetpack_sharing_enabled":true,"_links":{"self":[{"href":"https:\/\/www.manquecura.cl\/ciudad-del-este\/wp-json\/wp\/v2\/posts\/18713","targetHints":{"allow":["GET"]}}],"collection":[{"href":"https:\/\/www.manquecura.cl\/ciudad-del-este\/wp-json\/wp\/v2\/posts"}],"about":[{"href":"https:\/\/www.manquecura.cl\/ciudad-del-este\/wp-json\/wp\/v2\/types\/post"}],"author":[{"embeddable":true,"href":"https:\/\/www.manquecura.cl\/ciudad-del-este\/wp-json\/wp\/v2\/users\/14"}],"replies":[{"embeddable":true,"href":"https:\/\/www.manquecura.cl\/ciudad-del-este\/wp-json\/wp\/v2\/comments?post=18713"}],"version-history":[{"count":0,"href":"https:\/\/www.manquecura.cl\/ciudad-del-este\/wp-json\/wp\/v2\/posts\/18713\/revisions"}],"wp:featuredmedia":[{"embeddable":true,"href":"https:\/\/www.manquecura.cl\/ciudad-del-este\/wp-json\/wp\/v2\/media\/18783"}],"wp:attachment":[{"href":"https:\/\/www.manquecura.cl\/ciudad-del-este\/wp-json\/wp\/v2\/media?parent=18713"}],"wp:term":[{"taxonomy":"category","embeddable":true,"href":"https:\/\/www.manquecura.cl\/ciudad-del-este\/wp-json\/wp\/v2\/categories?post=18713"},{"taxonomy":"post_tag","embeddable":true,"href":"https:\/\/www.manquecura.cl\/ciudad-del-este\/wp-json\/wp\/v2\/tags?post=18713"}],"curies":[{"name":"wp","href":"https:\/\/api.w.org\/{rel}","templated":true}]}}