{"id":18685,"date":"2022-04-13T15:36:10","date_gmt":"2022-04-13T19:36:10","guid":{"rendered":"https:\/\/www.manquecura.cl\/ciudad-del-este\/?p=18685"},"modified":"2022-04-13T15:36:10","modified_gmt":"2022-04-13T19:36:10","slug":"ultima-semana-campana-clicksegurocde","status":"publish","type":"post","link":"https:\/\/www.manquecura.cl\/ciudad-del-este\/noticias\/ultima-semana-campana-clicksegurocde\/","title":{"rendered":"\u00daltima semana campa\u00f1a #ClickSeguroCDE"},"content":{"rendered":"<p>En nuestra 4ta y \u00faltima semana de la campa\u00f1a #ClickSeguroCDE, nos enfocamos en comunicar las acciones realizadas del plan que prepar\u00f3 el Equipo Psicoeducativo y de Salvaguarda, en las tem\u00e1ticas de seguridad para los ni\u00f1os y alumnos en redes, enmarcadas en lo que sucede actualmente en nuestra sociedad, y siendo planes que adem\u00e1s evolucionaron a medida que los integrantes de la comunidad se conectaron.<\/p>\n<p><span style=\"color: #0000ff\"><strong>Podemos destacar las siguientes acciones:<\/strong><\/span><\/p>\n<ul>\n<li>Trabajo en aula con el profesor jefe.<\/li>\n<li>Trabajo con videos explicativos a los ni\u00f1os.<\/li>\n<li>Entrega de videos para los apoderados.<\/li>\n<li>Reuniones extraordinarias de apoderados para exponer la campa\u00f1a (s\u00f3lo falta E. Parvularia, a realizarse este mi\u00e9rcoles 20 de abril).<\/li>\n<li>Reuniones presenciales con los coordinadores de curso, por ciclo.<\/li>\n<li>Reuniones individuales con apoderados y alumnos afectados por situaciones expuestas al docente, Equipo Directivo, Psicoeducativo o de Salvaguarda.<\/li>\n<\/ul>\n<p><span style=\"color: #0000ff\"><strong>Lo que vine:<\/strong><\/span><\/p>\n<ul>\n<li>Evaluaremos las acciones con mejor recepci\u00f3n, haciendo un refuerzo de cada tema importante de ser tratado nuevamente.<\/li>\n<li>Nuevo trabajo con los Champions del Bienestar Tecnol\u00f3gico \u2013 Edtech.<\/li>\n<li>Evaluaci\u00f3n de nuevas acciones con desarrollo en la contingencia y continuando con un aprendizaje que aumente la madurez tecnol\u00f3gica de los estudiantes, de acuerdo a sus edades.<\/li>\n<\/ul>\n<p><span style=\"color: #0000ff\"><strong>Algunos de los comentarios recibidos en \u201cHaga Click Seguro\u201d:<\/strong><\/span><\/p>\n<ul>\n<li>Me parece fant\u00e1stica esta campa\u00f1a. \u00a1Me sumo!<\/li>\n<li>Oportuna y absolutamente necesaria.<\/li>\n<li>Me parece muy importante esta campa\u00f1a, para que dimensionemos el real alcance que tienen las redes sociales y podamos ser reguladores del contenido al que tienen acceso los ni\u00f1os y j\u00f3venes.<\/li>\n<li>Es un tema muy relevante de reforzar hoy en d\u00eda, cualquier tip o informaci\u00f3n extra es bienvenida.<\/li>\n<li>Me parece muy buena campa\u00f1a, idealmente apuntada a los padres, ya que gran parte del problema que ahora estamos viviendo con este tema de violencia entre los j\u00f3venes y ni\u00f1os parte por su forma de vivir y la educaci\u00f3n que uno como padre puede entregar a sus hijos.<\/li>\n<li>Me parece maravilloso que como colegio se preocupen de esto y nos motiven a participar.<\/li>\n<li>Me parece muy bien anteponerse a situaciones de violencia. Es mejor prevenir que solucionar.<\/li>\n<li>Gracias por realizar una campa\u00f1a de esta envergadura, son temas complejos y me parece excelente tratarlo de manera abierta, transparente y responsable.<\/li>\n<\/ul>\n<p>Agradecemos cada uno de los comentarios e ideas otorgadas por nuestras familias, que permitieron generar acciones para continuar con esta campa\u00f1a de manera m\u00e1s nutrida, org\u00e1nica, retroalimentada y certera gracias a la uni\u00f3n de todos.<\/p>\n<p>Invitamos a los apoderados a ver el video, cuya tem\u00e1tica es:\u00a0 <em>\u00bfQu\u00e9 preocupa m\u00e1s a los padres, que sus hijos sufran el ciberacoso o que sean los ciberacosadores? Muchos padres ni siquiera se plantean que sus hijos puedan serlo&#8230;<\/em><\/p>\n<p>\u00bfSabes realmente c\u00f3mo son tus hijos? Mantenemos la invitaci\u00f3n a los apoderados, para que se involucren con el uso de internet y las redes sociales de sus hijos.<\/p>\n<p>Gracias por su apoyo y seguiremos trabajando con nuestros ni\u00f1os y estudiantes en estas tem\u00e1ticas.<\/p>\n<p style=\"text-align: center\"><strong>Colegio Manquecura Ciudad del Este<\/strong><\/p>\n<p>[multimedia id=&#8221;1&#8243;]<\/p>\n<p>[multimedia id=&#8221;2&#8243;]<\/p>\n"},"excerpt":{"rendered":"<p>En nuestra 4ta y \u00faltima semana de la campa\u00f1a #ClickSeguroCDE, nos enfocamos en comunicar las acciones realizadas del plan que prepar\u00f3 el Equipo Psicoeducativo y de Salvaguarda, en las tem\u00e1ticas de seguridad para los ni\u00f1os y alumnos en redes, enmarcadas en lo que sucede actualmente en nuestra sociedad, y siendo planes que adem\u00e1s evolucionaron a [&hellip;]<\/p>\n","protected":false},"author":14,"featured_media":18757,"comment_status":"open","ping_status":"open","sticky":false,"template":"","format":"standard","meta":{"_acf_changed":false,"content-type":"","_jetpack_memberships_contains_paid_content":false,"footnotes":""},"categories":[1],"tags":[],"class_list":["post-18685","post","type-post","status-publish","format-standard","has-post-thumbnail","hentry","category-vida-escolar"],"acf":[],"yoast_head":"<!-- This site is optimized with the Yoast SEO plugin v27.1.1 - https:\/\/yoast.com\/product\/yoast-seo-wordpress\/ -->\n<title>\u00daltima semana campa\u00f1a #ClickSeguroCDE - Colegio Manquecura Ciudad del Este<\/title>\n<meta name=\"robots\" content=\"index, follow, max-snippet:-1, max-image-preview:large, max-video-preview:-1\" \/>\n<link rel=\"canonical\" href=\"https:\/\/www.manquecura.cl\/ciudad-del-este\/noticias\/ultima-semana-campana-clicksegurocde\/\" \/>\n<meta property=\"og:locale\" content=\"es_ES\" \/>\n<meta property=\"og:type\" content=\"article\" \/>\n<meta property=\"og:title\" content=\"\u00daltima semana campa\u00f1a #ClickSeguroCDE - Colegio Manquecura Ciudad del Este\" \/>\n<meta property=\"og:description\" content=\"En nuestra 4ta y \u00faltima semana de la campa\u00f1a #ClickSeguroCDE, nos enfocamos en comunicar las acciones realizadas del plan que prepar\u00f3 el Equipo Psicoeducativo y de Salvaguarda, en las tem\u00e1ticas de seguridad para los ni\u00f1os y alumnos en redes, enmarcadas en lo que sucede actualmente en nuestra sociedad, y siendo planes que adem\u00e1s evolucionaron a [&hellip;]\" \/>\n<meta property=\"og:url\" content=\"https:\/\/www.manquecura.cl\/ciudad-del-este\/noticias\/ultima-semana-campana-clicksegurocde\/\" \/>\n<meta property=\"og:site_name\" content=\"Colegio Manquecura Ciudad del Este\" \/>\n<meta property=\"article:publisher\" content=\"http:\/\/www.facebook.com\/ColegiosManquecura\" \/>\n<meta property=\"article:published_time\" content=\"2022-04-13T19:36:10+00:00\" \/>\n<meta name=\"author\" content=\"jorgedelcampo\" \/>\n<meta name=\"twitter:card\" content=\"summary_large_image\" \/>\n<meta name=\"twitter:label1\" content=\"Escrito por\" \/>\n\t<meta name=\"twitter:data1\" content=\"jorgedelcampo\" \/>\n\t<meta name=\"twitter:label2\" content=\"Tiempo de lectura\" \/>\n\t<meta name=\"twitter:data2\" content=\"3 minutos\" \/>\n<script type=\"application\/ld+json\" class=\"yoast-schema-graph\">{\"@context\":\"https:\/\/schema.org\",\"@graph\":[{\"@type\":\"Article\",\"@id\":\"https:\/\/www.manquecura.cl\/ciudad-del-este\/noticias\/ultima-semana-campana-clicksegurocde\/#article\",\"isPartOf\":{\"@id\":\"https:\/\/www.manquecura.cl\/ciudad-del-este\/noticias\/ultima-semana-campana-clicksegurocde\/\"},\"author\":{\"name\":\"jorgedelcampo\",\"@id\":\"https:\/\/www.manquecura.cl\/ciudad-del-este\/#\/schema\/person\/0debeea140e397b5d490ee7e553255d8\"},\"headline\":\"\u00daltima semana campa\u00f1a #ClickSeguroCDE\",\"datePublished\":\"2022-04-13T19:36:10+00:00\",\"mainEntityOfPage\":{\"@id\":\"https:\/\/www.manquecura.cl\/ciudad-del-este\/noticias\/ultima-semana-campana-clicksegurocde\/\"},\"wordCount\":522,\"commentCount\":0,\"publisher\":{\"@id\":\"https:\/\/www.manquecura.cl\/ciudad-del-este\/#organization\"},\"image\":{\"@id\":\"https:\/\/www.manquecura.cl\/ciudad-del-este\/noticias\/ultima-semana-campana-clicksegurocde\/#primaryimage\"},\"thumbnailUrl\":\"https:\/\/www.manquecura.cl\/ciudad-del-este\/wp-content\/uploads\/sites\/41\/2022\/04\/GIF-CLICK-SEGURO-1.gif\",\"articleSection\":[\"Vida Escolar\"],\"inLanguage\":\"es\",\"potentialAction\":[{\"@type\":\"CommentAction\",\"name\":\"Comment\",\"target\":[\"https:\/\/www.manquecura.cl\/ciudad-del-este\/noticias\/ultima-semana-campana-clicksegurocde\/#respond\"]}]},{\"@type\":\"WebPage\",\"@id\":\"https:\/\/www.manquecura.cl\/ciudad-del-este\/noticias\/ultima-semana-campana-clicksegurocde\/\",\"url\":\"https:\/\/www.manquecura.cl\/ciudad-del-este\/noticias\/ultima-semana-campana-clicksegurocde\/\",\"name\":\"\u00daltima semana campa\u00f1a #ClickSeguroCDE - Colegio Manquecura Ciudad del Este\",\"isPartOf\":{\"@id\":\"https:\/\/www.manquecura.cl\/ciudad-del-este\/#website\"},\"primaryImageOfPage\":{\"@id\":\"https:\/\/www.manquecura.cl\/ciudad-del-este\/noticias\/ultima-semana-campana-clicksegurocde\/#primaryimage\"},\"image\":{\"@id\":\"https:\/\/www.manquecura.cl\/ciudad-del-este\/noticias\/ultima-semana-campana-clicksegurocde\/#primaryimage\"},\"thumbnailUrl\":\"https:\/\/www.manquecura.cl\/ciudad-del-este\/wp-content\/uploads\/sites\/41\/2022\/04\/GIF-CLICK-SEGURO-1.gif\",\"datePublished\":\"2022-04-13T19:36:10+00:00\",\"breadcrumb\":{\"@id\":\"https:\/\/www.manquecura.cl\/ciudad-del-este\/noticias\/ultima-semana-campana-clicksegurocde\/#breadcrumb\"},\"inLanguage\":\"es\",\"potentialAction\":[{\"@type\":\"ReadAction\",\"target\":[\"https:\/\/www.manquecura.cl\/ciudad-del-este\/noticias\/ultima-semana-campana-clicksegurocde\/\"]}]},{\"@type\":\"ImageObject\",\"inLanguage\":\"es\",\"@id\":\"https:\/\/www.manquecura.cl\/ciudad-del-este\/noticias\/ultima-semana-campana-clicksegurocde\/#primaryimage\",\"url\":\"https:\/\/www.manquecura.cl\/ciudad-del-este\/wp-content\/uploads\/sites\/41\/2022\/04\/GIF-CLICK-SEGURO-1.gif\",\"contentUrl\":\"https:\/\/www.manquecura.cl\/ciudad-del-este\/wp-content\/uploads\/sites\/41\/2022\/04\/GIF-CLICK-SEGURO-1.gif\",\"width\":836,\"height\":522},{\"@type\":\"BreadcrumbList\",\"@id\":\"https:\/\/www.manquecura.cl\/ciudad-del-este\/noticias\/ultima-semana-campana-clicksegurocde\/#breadcrumb\",\"itemListElement\":[{\"@type\":\"ListItem\",\"position\":1,\"name\":\"Home\",\"item\":\"https:\/\/www.manquecura.cl\/ciudad-del-este\/\"},{\"@type\":\"ListItem\",\"position\":2,\"name\":\"\u00daltima semana campa\u00f1a #ClickSeguroCDE\"}]},{\"@type\":\"WebSite\",\"@id\":\"https:\/\/www.manquecura.cl\/ciudad-del-este\/#website\",\"url\":\"https:\/\/www.manquecura.cl\/ciudad-del-este\/\",\"name\":\"Colegio Manquecura Ciudad del Este\",\"description\":\"\",\"publisher\":{\"@id\":\"https:\/\/www.manquecura.cl\/ciudad-del-este\/#organization\"},\"potentialAction\":[{\"@type\":\"SearchAction\",\"target\":{\"@type\":\"EntryPoint\",\"urlTemplate\":\"https:\/\/www.manquecura.cl\/ciudad-del-este\/?s={search_term_string}\"},\"query-input\":{\"@type\":\"PropertyValueSpecification\",\"valueRequired\":true,\"valueName\":\"search_term_string\"}}],\"inLanguage\":\"es\"},{\"@type\":\"Organization\",\"@id\":\"https:\/\/www.manquecura.cl\/ciudad-del-este\/#organization\",\"name\":\"Colegio Manquecura Ciudad del Este\",\"url\":\"https:\/\/www.manquecura.cl\/ciudad-del-este\/\",\"logo\":{\"@type\":\"ImageObject\",\"inLanguage\":\"es\",\"@id\":\"https:\/\/www.manquecura.cl\/ciudad-del-este\/#\/schema\/logo\/image\/\",\"url\":\"https:\/\/www.manquecura.cl\/ciudad-del-este\/wp-content\/uploads\/sites\/41\/2023\/09\/logo_Manquecura_Ciudad-del-Este_horizontal_color-1.png\",\"contentUrl\":\"https:\/\/www.manquecura.cl\/ciudad-del-este\/wp-content\/uploads\/sites\/41\/2023\/09\/logo_Manquecura_Ciudad-del-Este_horizontal_color-1.png\",\"width\":611,\"height\":183,\"caption\":\"Colegio Manquecura Ciudad del Este\"},\"image\":{\"@id\":\"https:\/\/www.manquecura.cl\/ciudad-del-este\/#\/schema\/logo\/image\/\"},\"sameAs\":[\"http:\/\/www.facebook.com\/ColegiosManquecura\",\"http:\/\/www.instagram.com\/manquecura_ciudaddeleste\/\",\"http:\/\/www.youtube.com\/c\/CognitaChile\"]},{\"@type\":\"Person\",\"@id\":\"https:\/\/www.manquecura.cl\/ciudad-del-este\/#\/schema\/person\/0debeea140e397b5d490ee7e553255d8\",\"name\":\"jorgedelcampo\",\"image\":{\"@type\":\"ImageObject\",\"inLanguage\":\"es\",\"@id\":\"https:\/\/www.manquecura.cl\/ciudad-del-este\/#\/schema\/person\/image\/\",\"url\":\"https:\/\/secure.gravatar.com\/avatar\/4a315f521213b2dc91dbda9bf799f711c8a98ab6f5606ec42cf5b33d1e762e8a?s=96&d=mm&r=g\",\"contentUrl\":\"https:\/\/secure.gravatar.com\/avatar\/4a315f521213b2dc91dbda9bf799f711c8a98ab6f5606ec42cf5b33d1e762e8a?s=96&d=mm&r=g\",\"caption\":\"jorgedelcampo\"}}]}<\/script>\n<!-- \/ Yoast SEO plugin. -->","yoast_head_json":{"title":"\u00daltima semana campa\u00f1a #ClickSeguroCDE - Colegio Manquecura Ciudad del Este","robots":{"index":"index","follow":"follow","max-snippet":"max-snippet:-1","max-image-preview":"max-image-preview:large","max-video-preview":"max-video-preview:-1"},"canonical":"https:\/\/www.manquecura.cl\/ciudad-del-este\/noticias\/ultima-semana-campana-clicksegurocde\/","og_locale":"es_ES","og_type":"article","og_title":"\u00daltima semana campa\u00f1a #ClickSeguroCDE - Colegio Manquecura Ciudad del Este","og_description":"En nuestra 4ta y \u00faltima semana de la campa\u00f1a #ClickSeguroCDE, nos enfocamos en comunicar las acciones realizadas del plan que prepar\u00f3 el Equipo Psicoeducativo y de Salvaguarda, en las tem\u00e1ticas de seguridad para los ni\u00f1os y alumnos en redes, enmarcadas en lo que sucede actualmente en nuestra sociedad, y siendo planes que adem\u00e1s evolucionaron a [&hellip;]","og_url":"https:\/\/www.manquecura.cl\/ciudad-del-este\/noticias\/ultima-semana-campana-clicksegurocde\/","og_site_name":"Colegio Manquecura Ciudad del Este","article_publisher":"http:\/\/www.facebook.com\/ColegiosManquecura","article_published_time":"2022-04-13T19:36:10+00:00","author":"jorgedelcampo","twitter_card":"summary_large_image","twitter_misc":{"Escrito por":"jorgedelcampo","Tiempo de lectura":"3 minutos"},"schema":{"@context":"https:\/\/schema.org","@graph":[{"@type":"Article","@id":"https:\/\/www.manquecura.cl\/ciudad-del-este\/noticias\/ultima-semana-campana-clicksegurocde\/#article","isPartOf":{"@id":"https:\/\/www.manquecura.cl\/ciudad-del-este\/noticias\/ultima-semana-campana-clicksegurocde\/"},"author":{"name":"jorgedelcampo","@id":"https:\/\/www.manquecura.cl\/ciudad-del-este\/#\/schema\/person\/0debeea140e397b5d490ee7e553255d8"},"headline":"\u00daltima semana campa\u00f1a #ClickSeguroCDE","datePublished":"2022-04-13T19:36:10+00:00","mainEntityOfPage":{"@id":"https:\/\/www.manquecura.cl\/ciudad-del-este\/noticias\/ultima-semana-campana-clicksegurocde\/"},"wordCount":522,"commentCount":0,"publisher":{"@id":"https:\/\/www.manquecura.cl\/ciudad-del-este\/#organization"},"image":{"@id":"https:\/\/www.manquecura.cl\/ciudad-del-este\/noticias\/ultima-semana-campana-clicksegurocde\/#primaryimage"},"thumbnailUrl":"https:\/\/www.manquecura.cl\/ciudad-del-este\/wp-content\/uploads\/sites\/41\/2022\/04\/GIF-CLICK-SEGURO-1.gif","articleSection":["Vida Escolar"],"inLanguage":"es","potentialAction":[{"@type":"CommentAction","name":"Comment","target":["https:\/\/www.manquecura.cl\/ciudad-del-este\/noticias\/ultima-semana-campana-clicksegurocde\/#respond"]}]},{"@type":"WebPage","@id":"https:\/\/www.manquecura.cl\/ciudad-del-este\/noticias\/ultima-semana-campana-clicksegurocde\/","url":"https:\/\/www.manquecura.cl\/ciudad-del-este\/noticias\/ultima-semana-campana-clicksegurocde\/","name":"\u00daltima semana campa\u00f1a #ClickSeguroCDE - Colegio Manquecura Ciudad del Este","isPartOf":{"@id":"https:\/\/www.manquecura.cl\/ciudad-del-este\/#website"},"primaryImageOfPage":{"@id":"https:\/\/www.manquecura.cl\/ciudad-del-este\/noticias\/ultima-semana-campana-clicksegurocde\/#primaryimage"},"image":{"@id":"https:\/\/www.manquecura.cl\/ciudad-del-este\/noticias\/ultima-semana-campana-clicksegurocde\/#primaryimage"},"thumbnailUrl":"https:\/\/www.manquecura.cl\/ciudad-del-este\/wp-content\/uploads\/sites\/41\/2022\/04\/GIF-CLICK-SEGURO-1.gif","datePublished":"2022-04-13T19:36:10+00:00","breadcrumb":{"@id":"https:\/\/www.manquecura.cl\/ciudad-del-este\/noticias\/ultima-semana-campana-clicksegurocde\/#breadcrumb"},"inLanguage":"es","potentialAction":[{"@type":"ReadAction","target":["https:\/\/www.manquecura.cl\/ciudad-del-este\/noticias\/ultima-semana-campana-clicksegurocde\/"]}]},{"@type":"ImageObject","inLanguage":"es","@id":"https:\/\/www.manquecura.cl\/ciudad-del-este\/noticias\/ultima-semana-campana-clicksegurocde\/#primaryimage","url":"https:\/\/www.manquecura.cl\/ciudad-del-este\/wp-content\/uploads\/sites\/41\/2022\/04\/GIF-CLICK-SEGURO-1.gif","contentUrl":"https:\/\/www.manquecura.cl\/ciudad-del-este\/wp-content\/uploads\/sites\/41\/2022\/04\/GIF-CLICK-SEGURO-1.gif","width":836,"height":522},{"@type":"BreadcrumbList","@id":"https:\/\/www.manquecura.cl\/ciudad-del-este\/noticias\/ultima-semana-campana-clicksegurocde\/#breadcrumb","itemListElement":[{"@type":"ListItem","position":1,"name":"Home","item":"https:\/\/www.manquecura.cl\/ciudad-del-este\/"},{"@type":"ListItem","position":2,"name":"\u00daltima semana campa\u00f1a #ClickSeguroCDE"}]},{"@type":"WebSite","@id":"https:\/\/www.manquecura.cl\/ciudad-del-este\/#website","url":"https:\/\/www.manquecura.cl\/ciudad-del-este\/","name":"Colegio Manquecura Ciudad del Este","description":"","publisher":{"@id":"https:\/\/www.manquecura.cl\/ciudad-del-este\/#organization"},"potentialAction":[{"@type":"SearchAction","target":{"@type":"EntryPoint","urlTemplate":"https:\/\/www.manquecura.cl\/ciudad-del-este\/?s={search_term_string}"},"query-input":{"@type":"PropertyValueSpecification","valueRequired":true,"valueName":"search_term_string"}}],"inLanguage":"es"},{"@type":"Organization","@id":"https:\/\/www.manquecura.cl\/ciudad-del-este\/#organization","name":"Colegio Manquecura Ciudad del Este","url":"https:\/\/www.manquecura.cl\/ciudad-del-este\/","logo":{"@type":"ImageObject","inLanguage":"es","@id":"https:\/\/www.manquecura.cl\/ciudad-del-este\/#\/schema\/logo\/image\/","url":"https:\/\/www.manquecura.cl\/ciudad-del-este\/wp-content\/uploads\/sites\/41\/2023\/09\/logo_Manquecura_Ciudad-del-Este_horizontal_color-1.png","contentUrl":"https:\/\/www.manquecura.cl\/ciudad-del-este\/wp-content\/uploads\/sites\/41\/2023\/09\/logo_Manquecura_Ciudad-del-Este_horizontal_color-1.png","width":611,"height":183,"caption":"Colegio Manquecura Ciudad del Este"},"image":{"@id":"https:\/\/www.manquecura.cl\/ciudad-del-este\/#\/schema\/logo\/image\/"},"sameAs":["http:\/\/www.facebook.com\/ColegiosManquecura","http:\/\/www.instagram.com\/manquecura_ciudaddeleste\/","http:\/\/www.youtube.com\/c\/CognitaChile"]},{"@type":"Person","@id":"https:\/\/www.manquecura.cl\/ciudad-del-este\/#\/schema\/person\/0debeea140e397b5d490ee7e553255d8","name":"jorgedelcampo","image":{"@type":"ImageObject","inLanguage":"es","@id":"https:\/\/www.manquecura.cl\/ciudad-del-este\/#\/schema\/person\/image\/","url":"https:\/\/secure.gravatar.com\/avatar\/4a315f521213b2dc91dbda9bf799f711c8a98ab6f5606ec42cf5b33d1e762e8a?s=96&d=mm&r=g","contentUrl":"https:\/\/secure.gravatar.com\/avatar\/4a315f521213b2dc91dbda9bf799f711c8a98ab6f5606ec42cf5b33d1e762e8a?s=96&d=mm&r=g","caption":"jorgedelcampo"}}]}},"jetpack_featured_media_url":"https:\/\/www.manquecura.cl\/ciudad-del-este\/wp-content\/uploads\/sites\/41\/2022\/04\/GIF-CLICK-SEGURO-1.gif","previous_post_ID":18679,"previous_post_title":"Semana Santa","previous_post_excerpt":"Recordamos a nuestra comunidad escolar que, seg\u00fan nuestro calendario escolar, el d\u00eda 14 de abril es Jueves Santo, y por ello los alumnos terminan antes su jornada, en los siguientes horarios: Educaci\u00f3n Parvularia 12.00 hrs. Ense\u00f1anza B\u00e1sica\u00a0 12.30 hrs. Ense\u00f1anza Media 12.45 hrs. Adem\u00e1s: Las actividades extra program\u00e1ticas y el After School quedan suspendidos para [&hellip;]","previous_post_link":"https:\/\/www.manquecura.cl\/ciudad-del-este\/noticias\/semana-santa\/","previous_post_class":["post-18679","post","type-post","status-publish","format-standard","has-post-thumbnail","hentry","category-vida-escolar"],"next_post_ID":125514,"next_post_title":"Alumnos de CDE becados para participar del TRM de la UC","next_post_excerpt":"Con mucho orgullo compartimos con nuestra comunidad escolar que nuestros alumnos, Valentina Estrada C\u00e1rdenas, Constanza Garc\u00eda Araya, Antonia Manr\u00edquez Astete, Benjam\u00edn Tregear D\u00edaz y Benjam\u00edn Varas Ortega, fueron seleccionados para participar del Programa Taller de Razonamiento Matem\u00e1tico, que imparte la Universidad Cat\u00f3lica (TRM), a trav\u00e9s de un concurso con miles postulantes, y que en un [&hellip;]","next_post_link":"https:\/\/www.manquecura.cl\/ciudad-del-este\/noticias\/alumnos-de-cde-becados-para-participar-del-trm-de-la-uc\/","next_post_class":["post-125514","post","type-post","status-publish","format-standard","has-post-thumbnail","hentry","category-vida-escolar"],"jetpack_sharing_enabled":true,"_links":{"self":[{"href":"https:\/\/www.manquecura.cl\/ciudad-del-este\/wp-json\/wp\/v2\/posts\/18685","targetHints":{"allow":["GET"]}}],"collection":[{"href":"https:\/\/www.manquecura.cl\/ciudad-del-este\/wp-json\/wp\/v2\/posts"}],"about":[{"href":"https:\/\/www.manquecura.cl\/ciudad-del-este\/wp-json\/wp\/v2\/types\/post"}],"author":[{"embeddable":true,"href":"https:\/\/www.manquecura.cl\/ciudad-del-este\/wp-json\/wp\/v2\/users\/14"}],"replies":[{"embeddable":true,"href":"https:\/\/www.manquecura.cl\/ciudad-del-este\/wp-json\/wp\/v2\/comments?post=18685"}],"version-history":[{"count":0,"href":"https:\/\/www.manquecura.cl\/ciudad-del-este\/wp-json\/wp\/v2\/posts\/18685\/revisions"}],"wp:featuredmedia":[{"embeddable":true,"href":"https:\/\/www.manquecura.cl\/ciudad-del-este\/wp-json\/wp\/v2\/media\/18757"}],"wp:attachment":[{"href":"https:\/\/www.manquecura.cl\/ciudad-del-este\/wp-json\/wp\/v2\/media?parent=18685"}],"wp:term":[{"taxonomy":"category","embeddable":true,"href":"https:\/\/www.manquecura.cl\/ciudad-del-este\/wp-json\/wp\/v2\/categories?post=18685"},{"taxonomy":"post_tag","embeddable":true,"href":"https:\/\/www.manquecura.cl\/ciudad-del-este\/wp-json\/wp\/v2\/tags?post=18685"}],"curies":[{"name":"wp","href":"https:\/\/api.w.org\/{rel}","templated":true}]}}