{"id":18666,"date":"2022-04-11T16:08:21","date_gmt":"2022-04-11T20:08:21","guid":{"rendered":"https:\/\/www.manquecura.cl\/ciudad-del-este\/?p=18666"},"modified":"2022-04-11T16:08:21","modified_gmt":"2022-04-11T20:08:21","slug":"concurso-inauguracion-y-nombre-de-nuestro-nuevo-patio","status":"publish","type":"post","link":"https:\/\/www.manquecura.cl\/ciudad-del-este\/noticias\/concurso-inauguracion-y-nombre-de-nuestro-nuevo-patio\/","title":{"rendered":"Concurso inauguraci\u00f3n y nombre de nuestro nuevo patio"},"content":{"rendered":"<p>En su <strong>aniversario n\u00famero 20<\/strong>, Colegio Manquecura Ciudad del Este desea inaugurar su nuevo patio, en Ense\u00f1anza Media (salida frontal de la Biblioteca), bautiz\u00e1ndolo con un nombre, escogido entre las preferencias de sus alumnos y apoderados. Es por ello que hemos creado el concurso <span style=\"color: #008080\"><strong>&#8220;Otorguemos un nombre a nuestro nuevo patio&#8221;.<\/strong><\/span><\/p>\n<p>Los ni\u00f1os y j\u00f3venes que deseen participar, deber\u00e1n entregar los antecedentes en un buz\u00f3n que dispondremos en la oficina de administraci\u00f3n, mientras los padres y apoderados que quieran integrarse a esta iniciativa, podr\u00e1n escribirnos a la casilla <span style=\"color: #008080\"><strong>comunicaciones.cde@colegiomanquecura.cl<\/strong> <\/span>con el nombre que quieran dar a esta espacio, entregando su datos: nombre, el su hijo\/a\/s, curso\/s, tel\u00e9fono y email.<\/p>\n<p>&nbsp;<\/p>\n<p style=\"text-align: center\"><strong><span style=\"color: #008080\">CIERRE ENTREGA LUNES 25 DE ABRIL<\/span><\/strong><\/p>\n<p style=\"text-align: center\"><strong><span style=\"color: #008080\">\u00a1Los esperamos!<\/span><\/strong><\/p>\n<p style=\"text-align: center\"><strong><span style=\"color: #008080\">Colegio Manquecura Ciudad del Este<\/span><\/strong><\/p>\n<p>\u00a0[multimedia id=&#8221;1&#8243;]<\/p>\n"},"excerpt":{"rendered":"<p>En su aniversario n\u00famero 20, Colegio Manquecura Ciudad del Este desea inaugurar su nuevo patio, en Ense\u00f1anza Media (salida frontal de la Biblioteca), bautiz\u00e1ndolo con un nombre, escogido entre las preferencias de sus alumnos y apoderados. Es por ello que hemos creado el concurso &#8220;Otorguemos un nombre a nuestro nuevo patio&#8221;. Los ni\u00f1os y j\u00f3venes [&hellip;]<\/p>\n","protected":false},"author":14,"featured_media":18667,"comment_status":"open","ping_status":"open","sticky":false,"template":"","format":"standard","meta":{"_acf_changed":false,"content-type":"","_jetpack_memberships_contains_paid_content":false,"footnotes":""},"categories":[1],"tags":[],"class_list":["post-18666","post","type-post","status-publish","format-standard","has-post-thumbnail","hentry","category-vida-escolar"],"acf":[],"yoast_head":"<!-- This site is optimized with the Yoast SEO plugin v27.1.1 - https:\/\/yoast.com\/product\/yoast-seo-wordpress\/ -->\n<title>Concurso inauguraci\u00f3n y nombre de nuestro nuevo patio - Colegio Manquecura Ciudad del Este<\/title>\n<meta name=\"robots\" content=\"index, follow, max-snippet:-1, max-image-preview:large, max-video-preview:-1\" \/>\n<link rel=\"canonical\" href=\"https:\/\/www.manquecura.cl\/ciudad-del-este\/noticias\/concurso-inauguracion-y-nombre-de-nuestro-nuevo-patio\/\" \/>\n<meta property=\"og:locale\" content=\"es_ES\" \/>\n<meta property=\"og:type\" content=\"article\" \/>\n<meta property=\"og:title\" content=\"Concurso inauguraci\u00f3n y nombre de nuestro nuevo patio - Colegio Manquecura Ciudad del Este\" \/>\n<meta property=\"og:description\" content=\"En su aniversario n\u00famero 20, Colegio Manquecura Ciudad del Este desea inaugurar su nuevo patio, en Ense\u00f1anza Media (salida frontal de la Biblioteca), bautiz\u00e1ndolo con un nombre, escogido entre las preferencias de sus alumnos y apoderados. Es por ello que hemos creado el concurso &#8220;Otorguemos un nombre a nuestro nuevo patio&#8221;. Los ni\u00f1os y j\u00f3venes [&hellip;]\" \/>\n<meta property=\"og:url\" content=\"https:\/\/www.manquecura.cl\/ciudad-del-este\/noticias\/concurso-inauguracion-y-nombre-de-nuestro-nuevo-patio\/\" \/>\n<meta property=\"og:site_name\" content=\"Colegio Manquecura Ciudad del Este\" \/>\n<meta property=\"article:publisher\" content=\"http:\/\/www.facebook.com\/ColegiosManquecura\" \/>\n<meta property=\"article:published_time\" content=\"2022-04-11T20:08:21+00:00\" \/>\n<meta name=\"author\" content=\"jorgedelcampo\" \/>\n<meta name=\"twitter:card\" content=\"summary_large_image\" \/>\n<meta name=\"twitter:label1\" content=\"Escrito por\" \/>\n\t<meta name=\"twitter:data1\" content=\"jorgedelcampo\" \/>\n\t<meta name=\"twitter:label2\" content=\"Tiempo de lectura\" \/>\n\t<meta name=\"twitter:data2\" content=\"1 minuto\" \/>\n<script type=\"application\/ld+json\" class=\"yoast-schema-graph\">{\"@context\":\"https:\/\/schema.org\",\"@graph\":[{\"@type\":\"Article\",\"@id\":\"https:\/\/www.manquecura.cl\/ciudad-del-este\/noticias\/concurso-inauguracion-y-nombre-de-nuestro-nuevo-patio\/#article\",\"isPartOf\":{\"@id\":\"https:\/\/www.manquecura.cl\/ciudad-del-este\/noticias\/concurso-inauguracion-y-nombre-de-nuestro-nuevo-patio\/\"},\"author\":{\"name\":\"jorgedelcampo\",\"@id\":\"https:\/\/www.manquecura.cl\/ciudad-del-este\/#\/schema\/person\/0debeea140e397b5d490ee7e553255d8\"},\"headline\":\"Concurso inauguraci\u00f3n y nombre de nuestro nuevo patio\",\"datePublished\":\"2022-04-11T20:08:21+00:00\",\"mainEntityOfPage\":{\"@id\":\"https:\/\/www.manquecura.cl\/ciudad-del-este\/noticias\/concurso-inauguracion-y-nombre-de-nuestro-nuevo-patio\/\"},\"wordCount\":148,\"commentCount\":0,\"publisher\":{\"@id\":\"https:\/\/www.manquecura.cl\/ciudad-del-este\/#organization\"},\"image\":{\"@id\":\"https:\/\/www.manquecura.cl\/ciudad-del-este\/noticias\/concurso-inauguracion-y-nombre-de-nuestro-nuevo-patio\/#primaryimage\"},\"thumbnailUrl\":\"https:\/\/www.manquecura.cl\/ciudad-del-este\/wp-content\/uploads\/sites\/41\/2022\/04\/IMG-20220409-WA0038.jpg\",\"articleSection\":[\"Vida Escolar\"],\"inLanguage\":\"es\",\"potentialAction\":[{\"@type\":\"CommentAction\",\"name\":\"Comment\",\"target\":[\"https:\/\/www.manquecura.cl\/ciudad-del-este\/noticias\/concurso-inauguracion-y-nombre-de-nuestro-nuevo-patio\/#respond\"]}]},{\"@type\":\"WebPage\",\"@id\":\"https:\/\/www.manquecura.cl\/ciudad-del-este\/noticias\/concurso-inauguracion-y-nombre-de-nuestro-nuevo-patio\/\",\"url\":\"https:\/\/www.manquecura.cl\/ciudad-del-este\/noticias\/concurso-inauguracion-y-nombre-de-nuestro-nuevo-patio\/\",\"name\":\"Concurso inauguraci\u00f3n y nombre de nuestro nuevo patio - Colegio Manquecura Ciudad del Este\",\"isPartOf\":{\"@id\":\"https:\/\/www.manquecura.cl\/ciudad-del-este\/#website\"},\"primaryImageOfPage\":{\"@id\":\"https:\/\/www.manquecura.cl\/ciudad-del-este\/noticias\/concurso-inauguracion-y-nombre-de-nuestro-nuevo-patio\/#primaryimage\"},\"image\":{\"@id\":\"https:\/\/www.manquecura.cl\/ciudad-del-este\/noticias\/concurso-inauguracion-y-nombre-de-nuestro-nuevo-patio\/#primaryimage\"},\"thumbnailUrl\":\"https:\/\/www.manquecura.cl\/ciudad-del-este\/wp-content\/uploads\/sites\/41\/2022\/04\/IMG-20220409-WA0038.jpg\",\"datePublished\":\"2022-04-11T20:08:21+00:00\",\"breadcrumb\":{\"@id\":\"https:\/\/www.manquecura.cl\/ciudad-del-este\/noticias\/concurso-inauguracion-y-nombre-de-nuestro-nuevo-patio\/#breadcrumb\"},\"inLanguage\":\"es\",\"potentialAction\":[{\"@type\":\"ReadAction\",\"target\":[\"https:\/\/www.manquecura.cl\/ciudad-del-este\/noticias\/concurso-inauguracion-y-nombre-de-nuestro-nuevo-patio\/\"]}]},{\"@type\":\"ImageObject\",\"inLanguage\":\"es\",\"@id\":\"https:\/\/www.manquecura.cl\/ciudad-del-este\/noticias\/concurso-inauguracion-y-nombre-de-nuestro-nuevo-patio\/#primaryimage\",\"url\":\"https:\/\/www.manquecura.cl\/ciudad-del-este\/wp-content\/uploads\/sites\/41\/2022\/04\/IMG-20220409-WA0038.jpg\",\"contentUrl\":\"https:\/\/www.manquecura.cl\/ciudad-del-este\/wp-content\/uploads\/sites\/41\/2022\/04\/IMG-20220409-WA0038.jpg\",\"width\":836,\"height\":627},{\"@type\":\"BreadcrumbList\",\"@id\":\"https:\/\/www.manquecura.cl\/ciudad-del-este\/noticias\/concurso-inauguracion-y-nombre-de-nuestro-nuevo-patio\/#breadcrumb\",\"itemListElement\":[{\"@type\":\"ListItem\",\"position\":1,\"name\":\"Home\",\"item\":\"https:\/\/www.manquecura.cl\/ciudad-del-este\/\"},{\"@type\":\"ListItem\",\"position\":2,\"name\":\"Concurso inauguraci\u00f3n y nombre de nuestro nuevo patio\"}]},{\"@type\":\"WebSite\",\"@id\":\"https:\/\/www.manquecura.cl\/ciudad-del-este\/#website\",\"url\":\"https:\/\/www.manquecura.cl\/ciudad-del-este\/\",\"name\":\"Colegio Manquecura Ciudad del Este\",\"description\":\"\",\"publisher\":{\"@id\":\"https:\/\/www.manquecura.cl\/ciudad-del-este\/#organization\"},\"potentialAction\":[{\"@type\":\"SearchAction\",\"target\":{\"@type\":\"EntryPoint\",\"urlTemplate\":\"https:\/\/www.manquecura.cl\/ciudad-del-este\/?s={search_term_string}\"},\"query-input\":{\"@type\":\"PropertyValueSpecification\",\"valueRequired\":true,\"valueName\":\"search_term_string\"}}],\"inLanguage\":\"es\"},{\"@type\":\"Organization\",\"@id\":\"https:\/\/www.manquecura.cl\/ciudad-del-este\/#organization\",\"name\":\"Colegio Manquecura Ciudad del Este\",\"url\":\"https:\/\/www.manquecura.cl\/ciudad-del-este\/\",\"logo\":{\"@type\":\"ImageObject\",\"inLanguage\":\"es\",\"@id\":\"https:\/\/www.manquecura.cl\/ciudad-del-este\/#\/schema\/logo\/image\/\",\"url\":\"https:\/\/www.manquecura.cl\/ciudad-del-este\/wp-content\/uploads\/sites\/41\/2023\/09\/logo_Manquecura_Ciudad-del-Este_horizontal_color-1.png\",\"contentUrl\":\"https:\/\/www.manquecura.cl\/ciudad-del-este\/wp-content\/uploads\/sites\/41\/2023\/09\/logo_Manquecura_Ciudad-del-Este_horizontal_color-1.png\",\"width\":611,\"height\":183,\"caption\":\"Colegio Manquecura Ciudad del Este\"},\"image\":{\"@id\":\"https:\/\/www.manquecura.cl\/ciudad-del-este\/#\/schema\/logo\/image\/\"},\"sameAs\":[\"http:\/\/www.facebook.com\/ColegiosManquecura\",\"http:\/\/www.instagram.com\/manquecura_ciudaddeleste\/\",\"http:\/\/www.youtube.com\/c\/CognitaChile\"]},{\"@type\":\"Person\",\"@id\":\"https:\/\/www.manquecura.cl\/ciudad-del-este\/#\/schema\/person\/0debeea140e397b5d490ee7e553255d8\",\"name\":\"jorgedelcampo\",\"image\":{\"@type\":\"ImageObject\",\"inLanguage\":\"es\",\"@id\":\"https:\/\/www.manquecura.cl\/ciudad-del-este\/#\/schema\/person\/image\/\",\"url\":\"https:\/\/secure.gravatar.com\/avatar\/4a315f521213b2dc91dbda9bf799f711c8a98ab6f5606ec42cf5b33d1e762e8a?s=96&d=mm&r=g\",\"contentUrl\":\"https:\/\/secure.gravatar.com\/avatar\/4a315f521213b2dc91dbda9bf799f711c8a98ab6f5606ec42cf5b33d1e762e8a?s=96&d=mm&r=g\",\"caption\":\"jorgedelcampo\"}}]}<\/script>\n<!-- \/ Yoast SEO plugin. -->","yoast_head_json":{"title":"Concurso inauguraci\u00f3n y nombre de nuestro nuevo patio - Colegio Manquecura Ciudad del Este","robots":{"index":"index","follow":"follow","max-snippet":"max-snippet:-1","max-image-preview":"max-image-preview:large","max-video-preview":"max-video-preview:-1"},"canonical":"https:\/\/www.manquecura.cl\/ciudad-del-este\/noticias\/concurso-inauguracion-y-nombre-de-nuestro-nuevo-patio\/","og_locale":"es_ES","og_type":"article","og_title":"Concurso inauguraci\u00f3n y nombre de nuestro nuevo patio - Colegio Manquecura Ciudad del Este","og_description":"En su aniversario n\u00famero 20, Colegio Manquecura Ciudad del Este desea inaugurar su nuevo patio, en Ense\u00f1anza Media (salida frontal de la Biblioteca), bautiz\u00e1ndolo con un nombre, escogido entre las preferencias de sus alumnos y apoderados. Es por ello que hemos creado el concurso &#8220;Otorguemos un nombre a nuestro nuevo patio&#8221;. Los ni\u00f1os y j\u00f3venes [&hellip;]","og_url":"https:\/\/www.manquecura.cl\/ciudad-del-este\/noticias\/concurso-inauguracion-y-nombre-de-nuestro-nuevo-patio\/","og_site_name":"Colegio Manquecura Ciudad del Este","article_publisher":"http:\/\/www.facebook.com\/ColegiosManquecura","article_published_time":"2022-04-11T20:08:21+00:00","author":"jorgedelcampo","twitter_card":"summary_large_image","twitter_misc":{"Escrito por":"jorgedelcampo","Tiempo de lectura":"1 minuto"},"schema":{"@context":"https:\/\/schema.org","@graph":[{"@type":"Article","@id":"https:\/\/www.manquecura.cl\/ciudad-del-este\/noticias\/concurso-inauguracion-y-nombre-de-nuestro-nuevo-patio\/#article","isPartOf":{"@id":"https:\/\/www.manquecura.cl\/ciudad-del-este\/noticias\/concurso-inauguracion-y-nombre-de-nuestro-nuevo-patio\/"},"author":{"name":"jorgedelcampo","@id":"https:\/\/www.manquecura.cl\/ciudad-del-este\/#\/schema\/person\/0debeea140e397b5d490ee7e553255d8"},"headline":"Concurso inauguraci\u00f3n y nombre de nuestro nuevo patio","datePublished":"2022-04-11T20:08:21+00:00","mainEntityOfPage":{"@id":"https:\/\/www.manquecura.cl\/ciudad-del-este\/noticias\/concurso-inauguracion-y-nombre-de-nuestro-nuevo-patio\/"},"wordCount":148,"commentCount":0,"publisher":{"@id":"https:\/\/www.manquecura.cl\/ciudad-del-este\/#organization"},"image":{"@id":"https:\/\/www.manquecura.cl\/ciudad-del-este\/noticias\/concurso-inauguracion-y-nombre-de-nuestro-nuevo-patio\/#primaryimage"},"thumbnailUrl":"https:\/\/www.manquecura.cl\/ciudad-del-este\/wp-content\/uploads\/sites\/41\/2022\/04\/IMG-20220409-WA0038.jpg","articleSection":["Vida Escolar"],"inLanguage":"es","potentialAction":[{"@type":"CommentAction","name":"Comment","target":["https:\/\/www.manquecura.cl\/ciudad-del-este\/noticias\/concurso-inauguracion-y-nombre-de-nuestro-nuevo-patio\/#respond"]}]},{"@type":"WebPage","@id":"https:\/\/www.manquecura.cl\/ciudad-del-este\/noticias\/concurso-inauguracion-y-nombre-de-nuestro-nuevo-patio\/","url":"https:\/\/www.manquecura.cl\/ciudad-del-este\/noticias\/concurso-inauguracion-y-nombre-de-nuestro-nuevo-patio\/","name":"Concurso inauguraci\u00f3n y nombre de nuestro nuevo patio - Colegio Manquecura Ciudad del Este","isPartOf":{"@id":"https:\/\/www.manquecura.cl\/ciudad-del-este\/#website"},"primaryImageOfPage":{"@id":"https:\/\/www.manquecura.cl\/ciudad-del-este\/noticias\/concurso-inauguracion-y-nombre-de-nuestro-nuevo-patio\/#primaryimage"},"image":{"@id":"https:\/\/www.manquecura.cl\/ciudad-del-este\/noticias\/concurso-inauguracion-y-nombre-de-nuestro-nuevo-patio\/#primaryimage"},"thumbnailUrl":"https:\/\/www.manquecura.cl\/ciudad-del-este\/wp-content\/uploads\/sites\/41\/2022\/04\/IMG-20220409-WA0038.jpg","datePublished":"2022-04-11T20:08:21+00:00","breadcrumb":{"@id":"https:\/\/www.manquecura.cl\/ciudad-del-este\/noticias\/concurso-inauguracion-y-nombre-de-nuestro-nuevo-patio\/#breadcrumb"},"inLanguage":"es","potentialAction":[{"@type":"ReadAction","target":["https:\/\/www.manquecura.cl\/ciudad-del-este\/noticias\/concurso-inauguracion-y-nombre-de-nuestro-nuevo-patio\/"]}]},{"@type":"ImageObject","inLanguage":"es","@id":"https:\/\/www.manquecura.cl\/ciudad-del-este\/noticias\/concurso-inauguracion-y-nombre-de-nuestro-nuevo-patio\/#primaryimage","url":"https:\/\/www.manquecura.cl\/ciudad-del-este\/wp-content\/uploads\/sites\/41\/2022\/04\/IMG-20220409-WA0038.jpg","contentUrl":"https:\/\/www.manquecura.cl\/ciudad-del-este\/wp-content\/uploads\/sites\/41\/2022\/04\/IMG-20220409-WA0038.jpg","width":836,"height":627},{"@type":"BreadcrumbList","@id":"https:\/\/www.manquecura.cl\/ciudad-del-este\/noticias\/concurso-inauguracion-y-nombre-de-nuestro-nuevo-patio\/#breadcrumb","itemListElement":[{"@type":"ListItem","position":1,"name":"Home","item":"https:\/\/www.manquecura.cl\/ciudad-del-este\/"},{"@type":"ListItem","position":2,"name":"Concurso inauguraci\u00f3n y nombre de nuestro nuevo patio"}]},{"@type":"WebSite","@id":"https:\/\/www.manquecura.cl\/ciudad-del-este\/#website","url":"https:\/\/www.manquecura.cl\/ciudad-del-este\/","name":"Colegio Manquecura Ciudad del Este","description":"","publisher":{"@id":"https:\/\/www.manquecura.cl\/ciudad-del-este\/#organization"},"potentialAction":[{"@type":"SearchAction","target":{"@type":"EntryPoint","urlTemplate":"https:\/\/www.manquecura.cl\/ciudad-del-este\/?s={search_term_string}"},"query-input":{"@type":"PropertyValueSpecification","valueRequired":true,"valueName":"search_term_string"}}],"inLanguage":"es"},{"@type":"Organization","@id":"https:\/\/www.manquecura.cl\/ciudad-del-este\/#organization","name":"Colegio Manquecura Ciudad del Este","url":"https:\/\/www.manquecura.cl\/ciudad-del-este\/","logo":{"@type":"ImageObject","inLanguage":"es","@id":"https:\/\/www.manquecura.cl\/ciudad-del-este\/#\/schema\/logo\/image\/","url":"https:\/\/www.manquecura.cl\/ciudad-del-este\/wp-content\/uploads\/sites\/41\/2023\/09\/logo_Manquecura_Ciudad-del-Este_horizontal_color-1.png","contentUrl":"https:\/\/www.manquecura.cl\/ciudad-del-este\/wp-content\/uploads\/sites\/41\/2023\/09\/logo_Manquecura_Ciudad-del-Este_horizontal_color-1.png","width":611,"height":183,"caption":"Colegio Manquecura Ciudad del Este"},"image":{"@id":"https:\/\/www.manquecura.cl\/ciudad-del-este\/#\/schema\/logo\/image\/"},"sameAs":["http:\/\/www.facebook.com\/ColegiosManquecura","http:\/\/www.instagram.com\/manquecura_ciudaddeleste\/","http:\/\/www.youtube.com\/c\/CognitaChile"]},{"@type":"Person","@id":"https:\/\/www.manquecura.cl\/ciudad-del-este\/#\/schema\/person\/0debeea140e397b5d490ee7e553255d8","name":"jorgedelcampo","image":{"@type":"ImageObject","inLanguage":"es","@id":"https:\/\/www.manquecura.cl\/ciudad-del-este\/#\/schema\/person\/image\/","url":"https:\/\/secure.gravatar.com\/avatar\/4a315f521213b2dc91dbda9bf799f711c8a98ab6f5606ec42cf5b33d1e762e8a?s=96&d=mm&r=g","contentUrl":"https:\/\/secure.gravatar.com\/avatar\/4a315f521213b2dc91dbda9bf799f711c8a98ab6f5606ec42cf5b33d1e762e8a?s=96&d=mm&r=g","caption":"jorgedelcampo"}}]}},"jetpack_featured_media_url":"https:\/\/www.manquecura.cl\/ciudad-del-este\/wp-content\/uploads\/sites\/41\/2022\/04\/IMG-20220409-WA0038.jpg","previous_post_ID":18476,"previous_post_title":"\u00a1Qu\u00e9 gran Jornada Deportiva Familiar!","previous_post_excerpt":"El pasado s\u00e1bado 9 de abril tuvimos una maravillosa jornada de encuentro familiar, con toda la comunidad que se anim\u00f3 a participar de todas las actividades deportivas planificadas para este d\u00eda, por todo el equipo del colegio y a cargo del Departamento de Educaci\u00f3n F\u00edsica (EFIS). La jornada cont\u00f3 con circuito rueditas, cicletada familiar, yoga, [&hellip;]","previous_post_link":"https:\/\/www.manquecura.cl\/ciudad-del-este\/noticias\/que-gran-jornada-deportiva-familiar\/","previous_post_class":["post-18476","post","type-post","status-publish","format-standard","has-post-thumbnail","hentry","category-vida-escolar"],"next_post_ID":18679,"next_post_title":"Semana Santa","next_post_excerpt":"Recordamos a nuestra comunidad escolar que, seg\u00fan nuestro calendario escolar, el d\u00eda 14 de abril es Jueves Santo, y por ello los alumnos terminan antes su jornada, en los siguientes horarios: Educaci\u00f3n Parvularia 12.00 hrs. Ense\u00f1anza B\u00e1sica\u00a0 12.30 hrs. Ense\u00f1anza Media 12.45 hrs. Adem\u00e1s: Las actividades extra program\u00e1ticas y el After School quedan suspendidos para [&hellip;]","next_post_link":"https:\/\/www.manquecura.cl\/ciudad-del-este\/noticias\/semana-santa\/","next_post_class":["post-18679","post","type-post","status-publish","format-standard","has-post-thumbnail","hentry","category-vida-escolar"],"jetpack_sharing_enabled":true,"_links":{"self":[{"href":"https:\/\/www.manquecura.cl\/ciudad-del-este\/wp-json\/wp\/v2\/posts\/18666","targetHints":{"allow":["GET"]}}],"collection":[{"href":"https:\/\/www.manquecura.cl\/ciudad-del-este\/wp-json\/wp\/v2\/posts"}],"about":[{"href":"https:\/\/www.manquecura.cl\/ciudad-del-este\/wp-json\/wp\/v2\/types\/post"}],"author":[{"embeddable":true,"href":"https:\/\/www.manquecura.cl\/ciudad-del-este\/wp-json\/wp\/v2\/users\/14"}],"replies":[{"embeddable":true,"href":"https:\/\/www.manquecura.cl\/ciudad-del-este\/wp-json\/wp\/v2\/comments?post=18666"}],"version-history":[{"count":0,"href":"https:\/\/www.manquecura.cl\/ciudad-del-este\/wp-json\/wp\/v2\/posts\/18666\/revisions"}],"wp:featuredmedia":[{"embeddable":true,"href":"https:\/\/www.manquecura.cl\/ciudad-del-este\/wp-json\/wp\/v2\/media\/18667"}],"wp:attachment":[{"href":"https:\/\/www.manquecura.cl\/ciudad-del-este\/wp-json\/wp\/v2\/media?parent=18666"}],"wp:term":[{"taxonomy":"category","embeddable":true,"href":"https:\/\/www.manquecura.cl\/ciudad-del-este\/wp-json\/wp\/v2\/categories?post=18666"},{"taxonomy":"post_tag","embeddable":true,"href":"https:\/\/www.manquecura.cl\/ciudad-del-este\/wp-json\/wp\/v2\/tags?post=18666"}],"curies":[{"name":"wp","href":"https:\/\/api.w.org\/{rel}","templated":true}]}}