{"id":18417,"date":"2022-03-17T16:00:02","date_gmt":"2022-03-17T19:00:02","guid":{"rendered":"https:\/\/www.manquecura.cl\/ciudad-del-este\/?p=18417"},"modified":"2022-03-17T16:00:02","modified_gmt":"2022-03-17T19:00:02","slug":"inscripciones-talleres-y-academias-1er-semestre","status":"publish","type":"post","link":"https:\/\/www.manquecura.cl\/ciudad-del-este\/noticias\/inscripciones-talleres-y-academias-1er-semestre\/","title":{"rendered":"Inscripciones Talleres y Academias 1er semestre"},"content":{"rendered":"<p>La primera semana de abril comienzan nuestros Talleres y Academias, este a\u00f1o cien por ciento presenciales, y para que los alumnos puedan participar de ellos nuestros apoderados deben conocer los siguientes antecedentes.<\/p>\n<p style=\"text-align: center\"><span style=\"color: #008080\"><strong>Todas estas actividades comenzar\u00e1n la semana del 04 de abril y terminar\u00e1n la semana del 20 de junio.<\/strong><\/span><\/p>\n<p>&nbsp;<\/p>\n<h3 style=\"text-align: center\"><span style=\"color: #008080\">TALLERES<\/span><\/h3>\n<p>\u2022 Los talleres son gratuitos y con vacantes limitadas. El alumno debe ser inscrito en la plataforma: <a href=\"http:\/\/www.ddee.cl\/forms\/talleres\/\">www.ddee.cl\/forms\/talleres\/<\/a><br \/>\n\u2022 La apertura de la plataforma se realizar\u00e1 el <strong>martes 22 de marzo a las 08.00 hrs. y cerrar\u00e1 el jueves 24 de marzo a las 16.00 hrs.<\/strong><br \/>\n\u2022 Cada taller se realiza una vez por semana y tiene una duraci\u00f3n de 45 minutos.<br \/>\n\u2022 La informaci\u00f3n de horarios y niveles est\u00e1 disponible en nuestra p\u00e1gina web secci\u00f3n <strong><span style=\"color: #008080\"><a style=\"color: #008080\" href=\"https:\/\/www.manquecura.cl\/ciudad-del-este\/programas-y-extraprograticas\/talleres\/\">EXTRAPROGRAM\u00c1TICAS &#8211; TALLERES (HAGA CLICK AQU\u00cd)<\/a><\/span><\/strong><\/p>\n<p>&nbsp;<\/p>\n<h3 style=\"text-align: center\"><span style=\"color: #008080\">ACADEMIAS<\/span><\/h3>\n<p>Como complemento a los talleres, nuestro colegio ofrece una variedad de actividades, las cuales son impartidas una vez por semana por profesores del colegio o externos, coordinados por nuestro colegio y supervisados bajo las normativas de Safeguarding.<\/p>\n<p>\u2022 La modalidad de inscripci\u00f3n <strong>ACADEMIAS<\/strong> se realizar\u00e1 este a\u00f1o a trav\u00e9s de formulario de inscripci\u00f3n: <strong><a href=\"https:\/\/forms.office.com\/Pages\/ResponsePage.aspx?id=gtzSBu1vO02SGDfTT7BAW-NbxkY6yU5OsIcMX1zg55ZUQVVDODFNRU0xVVdEQzUzQ1JQVjFLWFdGQi4u\"><span style=\"color: #008080\">HAGA CLICK AQU\u00cd<\/span> <\/a><\/strong>(vacantes limitadas)<br \/>\n\u2022 La primera clase los alumnos deber\u00e1n entregar igualmente al docente a cargo la <a><span style=\"color: #008080\"><strong>FICHA DE INSCRIPCI\u00d3N HAGA CLICK AQU\u00cd<\/strong><\/span><\/a><br \/>\n\u2022 Las academias tienen un valor semestral de<span style=\"color: #008080\"><strong> $50.000<\/strong><\/span> y se cancelan directamente al docente que imparte la actividad en la primera clase.<br \/>\n\u2022 Se realizan una vez a la semana y su duraci\u00f3n es 45 a 90 minutos, dependiendo su naturaleza.<br \/>\n\u2022 La informaci\u00f3n de horarios y niveles que est\u00e1 disponible en nuestra p\u00e1gina web secci\u00f3n <a href=\"https:\/\/www.manquecura.cl\/ciudad-del-este\/programas-y-extraprograticas\/academias\/\"><strong><span style=\"color: #008080\">EXTRAPROGRAM\u00c1TICAS &#8211; ACADEMIAS (HAGA CLICK AQU\u00cd)<\/span><\/strong><\/a><\/p>\n<p>Si desea mayor informaci\u00f3n acerca de un taller o una academia, rogamos dirigirse directamente al profesor\/a que imparte la actividad, a su correo electr\u00f3nico informado en la secci\u00f3n seg\u00fan corresponda.<\/p>\n<p>&nbsp;<\/p>\n<p style=\"text-align: center\"><strong>Colegio Manquecura Ciudad del Este<\/strong><\/p>\n"},"excerpt":{"rendered":"<p>La primera semana de abril comienzan nuestros Talleres y Academias, este a\u00f1o cien por ciento presenciales, y para que los alumnos puedan participar de ellos nuestros apoderados deben conocer los siguientes antecedentes. Todas estas actividades comenzar\u00e1n la semana del 04 de abril y terminar\u00e1n la semana del 20 de junio. &nbsp; TALLERES \u2022 Los talleres [&hellip;]<\/p>\n","protected":false},"author":14,"featured_media":18418,"comment_status":"open","ping_status":"open","sticky":false,"template":"","format":"standard","meta":{"_acf_changed":false,"content-type":"","_jetpack_memberships_contains_paid_content":false,"footnotes":""},"categories":[1],"tags":[],"class_list":["post-18417","post","type-post","status-publish","format-standard","has-post-thumbnail","hentry","category-vida-escolar"],"acf":[],"yoast_head":"<!-- This site is optimized with the Yoast SEO plugin v27.1.1 - https:\/\/yoast.com\/product\/yoast-seo-wordpress\/ -->\n<title>Inscripciones Talleres y Academias 1er semestre - Colegio Manquecura Ciudad del Este<\/title>\n<meta name=\"robots\" content=\"index, follow, max-snippet:-1, max-image-preview:large, max-video-preview:-1\" \/>\n<link rel=\"canonical\" href=\"https:\/\/www.manquecura.cl\/ciudad-del-este\/noticias\/inscripciones-talleres-y-academias-1er-semestre\/\" \/>\n<meta property=\"og:locale\" content=\"es_ES\" \/>\n<meta property=\"og:type\" content=\"article\" \/>\n<meta property=\"og:title\" content=\"Inscripciones Talleres y Academias 1er semestre - Colegio Manquecura Ciudad del Este\" \/>\n<meta property=\"og:description\" content=\"La primera semana de abril comienzan nuestros Talleres y Academias, este a\u00f1o cien por ciento presenciales, y para que los alumnos puedan participar de ellos nuestros apoderados deben conocer los siguientes antecedentes. Todas estas actividades comenzar\u00e1n la semana del 04 de abril y terminar\u00e1n la semana del 20 de junio. &nbsp; TALLERES \u2022 Los talleres [&hellip;]\" \/>\n<meta property=\"og:url\" content=\"https:\/\/www.manquecura.cl\/ciudad-del-este\/noticias\/inscripciones-talleres-y-academias-1er-semestre\/\" \/>\n<meta property=\"og:site_name\" content=\"Colegio Manquecura Ciudad del Este\" \/>\n<meta property=\"article:publisher\" content=\"http:\/\/www.facebook.com\/ColegiosManquecura\" \/>\n<meta property=\"article:published_time\" content=\"2022-03-17T19:00:02+00:00\" \/>\n<meta name=\"author\" content=\"jorgedelcampo\" \/>\n<meta name=\"twitter:card\" content=\"summary_large_image\" \/>\n<meta name=\"twitter:label1\" content=\"Escrito por\" \/>\n\t<meta name=\"twitter:data1\" content=\"jorgedelcampo\" \/>\n\t<meta name=\"twitter:label2\" content=\"Tiempo de lectura\" \/>\n\t<meta name=\"twitter:data2\" content=\"2 minutos\" \/>\n<script type=\"application\/ld+json\" class=\"yoast-schema-graph\">{\"@context\":\"https:\/\/schema.org\",\"@graph\":[{\"@type\":\"Article\",\"@id\":\"https:\/\/www.manquecura.cl\/ciudad-del-este\/noticias\/inscripciones-talleres-y-academias-1er-semestre\/#article\",\"isPartOf\":{\"@id\":\"https:\/\/www.manquecura.cl\/ciudad-del-este\/noticias\/inscripciones-talleres-y-academias-1er-semestre\/\"},\"author\":{\"name\":\"jorgedelcampo\",\"@id\":\"https:\/\/www.manquecura.cl\/ciudad-del-este\/#\/schema\/person\/0debeea140e397b5d490ee7e553255d8\"},\"headline\":\"Inscripciones Talleres y Academias 1er semestre\",\"datePublished\":\"2022-03-17T19:00:02+00:00\",\"mainEntityOfPage\":{\"@id\":\"https:\/\/www.manquecura.cl\/ciudad-del-este\/noticias\/inscripciones-talleres-y-academias-1er-semestre\/\"},\"wordCount\":328,\"commentCount\":0,\"publisher\":{\"@id\":\"https:\/\/www.manquecura.cl\/ciudad-del-este\/#organization\"},\"image\":{\"@id\":\"https:\/\/www.manquecura.cl\/ciudad-del-este\/noticias\/inscripciones-talleres-y-academias-1er-semestre\/#primaryimage\"},\"thumbnailUrl\":\"https:\/\/www.manquecura.cl\/ciudad-del-este\/wp-content\/uploads\/sites\/41\/2022\/03\/TALLERES-Y-ACADEMIAS-2022.jpg\",\"articleSection\":[\"Vida Escolar\"],\"inLanguage\":\"es\",\"potentialAction\":[{\"@type\":\"CommentAction\",\"name\":\"Comment\",\"target\":[\"https:\/\/www.manquecura.cl\/ciudad-del-este\/noticias\/inscripciones-talleres-y-academias-1er-semestre\/#respond\"]}]},{\"@type\":\"WebPage\",\"@id\":\"https:\/\/www.manquecura.cl\/ciudad-del-este\/noticias\/inscripciones-talleres-y-academias-1er-semestre\/\",\"url\":\"https:\/\/www.manquecura.cl\/ciudad-del-este\/noticias\/inscripciones-talleres-y-academias-1er-semestre\/\",\"name\":\"Inscripciones Talleres y Academias 1er semestre - Colegio Manquecura Ciudad del Este\",\"isPartOf\":{\"@id\":\"https:\/\/www.manquecura.cl\/ciudad-del-este\/#website\"},\"primaryImageOfPage\":{\"@id\":\"https:\/\/www.manquecura.cl\/ciudad-del-este\/noticias\/inscripciones-talleres-y-academias-1er-semestre\/#primaryimage\"},\"image\":{\"@id\":\"https:\/\/www.manquecura.cl\/ciudad-del-este\/noticias\/inscripciones-talleres-y-academias-1er-semestre\/#primaryimage\"},\"thumbnailUrl\":\"https:\/\/www.manquecura.cl\/ciudad-del-este\/wp-content\/uploads\/sites\/41\/2022\/03\/TALLERES-Y-ACADEMIAS-2022.jpg\",\"datePublished\":\"2022-03-17T19:00:02+00:00\",\"breadcrumb\":{\"@id\":\"https:\/\/www.manquecura.cl\/ciudad-del-este\/noticias\/inscripciones-talleres-y-academias-1er-semestre\/#breadcrumb\"},\"inLanguage\":\"es\",\"potentialAction\":[{\"@type\":\"ReadAction\",\"target\":[\"https:\/\/www.manquecura.cl\/ciudad-del-este\/noticias\/inscripciones-talleres-y-academias-1er-semestre\/\"]}]},{\"@type\":\"ImageObject\",\"inLanguage\":\"es\",\"@id\":\"https:\/\/www.manquecura.cl\/ciudad-del-este\/noticias\/inscripciones-talleres-y-academias-1er-semestre\/#primaryimage\",\"url\":\"https:\/\/www.manquecura.cl\/ciudad-del-este\/wp-content\/uploads\/sites\/41\/2022\/03\/TALLERES-Y-ACADEMIAS-2022.jpg\",\"contentUrl\":\"https:\/\/www.manquecura.cl\/ciudad-del-este\/wp-content\/uploads\/sites\/41\/2022\/03\/TALLERES-Y-ACADEMIAS-2022.jpg\",\"width\":836,\"height\":523},{\"@type\":\"BreadcrumbList\",\"@id\":\"https:\/\/www.manquecura.cl\/ciudad-del-este\/noticias\/inscripciones-talleres-y-academias-1er-semestre\/#breadcrumb\",\"itemListElement\":[{\"@type\":\"ListItem\",\"position\":1,\"name\":\"Home\",\"item\":\"https:\/\/www.manquecura.cl\/ciudad-del-este\/\"},{\"@type\":\"ListItem\",\"position\":2,\"name\":\"Inscripciones Talleres y Academias 1er semestre\"}]},{\"@type\":\"WebSite\",\"@id\":\"https:\/\/www.manquecura.cl\/ciudad-del-este\/#website\",\"url\":\"https:\/\/www.manquecura.cl\/ciudad-del-este\/\",\"name\":\"Colegio Manquecura Ciudad del Este\",\"description\":\"\",\"publisher\":{\"@id\":\"https:\/\/www.manquecura.cl\/ciudad-del-este\/#organization\"},\"potentialAction\":[{\"@type\":\"SearchAction\",\"target\":{\"@type\":\"EntryPoint\",\"urlTemplate\":\"https:\/\/www.manquecura.cl\/ciudad-del-este\/?s={search_term_string}\"},\"query-input\":{\"@type\":\"PropertyValueSpecification\",\"valueRequired\":true,\"valueName\":\"search_term_string\"}}],\"inLanguage\":\"es\"},{\"@type\":\"Organization\",\"@id\":\"https:\/\/www.manquecura.cl\/ciudad-del-este\/#organization\",\"name\":\"Colegio Manquecura Ciudad del Este\",\"url\":\"https:\/\/www.manquecura.cl\/ciudad-del-este\/\",\"logo\":{\"@type\":\"ImageObject\",\"inLanguage\":\"es\",\"@id\":\"https:\/\/www.manquecura.cl\/ciudad-del-este\/#\/schema\/logo\/image\/\",\"url\":\"https:\/\/www.manquecura.cl\/ciudad-del-este\/wp-content\/uploads\/sites\/41\/2023\/09\/logo_Manquecura_Ciudad-del-Este_horizontal_color-1.png\",\"contentUrl\":\"https:\/\/www.manquecura.cl\/ciudad-del-este\/wp-content\/uploads\/sites\/41\/2023\/09\/logo_Manquecura_Ciudad-del-Este_horizontal_color-1.png\",\"width\":611,\"height\":183,\"caption\":\"Colegio Manquecura Ciudad del Este\"},\"image\":{\"@id\":\"https:\/\/www.manquecura.cl\/ciudad-del-este\/#\/schema\/logo\/image\/\"},\"sameAs\":[\"http:\/\/www.facebook.com\/ColegiosManquecura\",\"http:\/\/www.instagram.com\/manquecura_ciudaddeleste\/\",\"http:\/\/www.youtube.com\/c\/CognitaChile\"]},{\"@type\":\"Person\",\"@id\":\"https:\/\/www.manquecura.cl\/ciudad-del-este\/#\/schema\/person\/0debeea140e397b5d490ee7e553255d8\",\"name\":\"jorgedelcampo\",\"image\":{\"@type\":\"ImageObject\",\"inLanguage\":\"es\",\"@id\":\"https:\/\/www.manquecura.cl\/ciudad-del-este\/#\/schema\/person\/image\/\",\"url\":\"https:\/\/secure.gravatar.com\/avatar\/4a315f521213b2dc91dbda9bf799f711c8a98ab6f5606ec42cf5b33d1e762e8a?s=96&d=mm&r=g\",\"contentUrl\":\"https:\/\/secure.gravatar.com\/avatar\/4a315f521213b2dc91dbda9bf799f711c8a98ab6f5606ec42cf5b33d1e762e8a?s=96&d=mm&r=g\",\"caption\":\"jorgedelcampo\"}}]}<\/script>\n<!-- \/ Yoast SEO plugin. -->","yoast_head_json":{"title":"Inscripciones Talleres y Academias 1er semestre - Colegio Manquecura Ciudad del Este","robots":{"index":"index","follow":"follow","max-snippet":"max-snippet:-1","max-image-preview":"max-image-preview:large","max-video-preview":"max-video-preview:-1"},"canonical":"https:\/\/www.manquecura.cl\/ciudad-del-este\/noticias\/inscripciones-talleres-y-academias-1er-semestre\/","og_locale":"es_ES","og_type":"article","og_title":"Inscripciones Talleres y Academias 1er semestre - Colegio Manquecura Ciudad del Este","og_description":"La primera semana de abril comienzan nuestros Talleres y Academias, este a\u00f1o cien por ciento presenciales, y para que los alumnos puedan participar de ellos nuestros apoderados deben conocer los siguientes antecedentes. Todas estas actividades comenzar\u00e1n la semana del 04 de abril y terminar\u00e1n la semana del 20 de junio. &nbsp; TALLERES \u2022 Los talleres [&hellip;]","og_url":"https:\/\/www.manquecura.cl\/ciudad-del-este\/noticias\/inscripciones-talleres-y-academias-1er-semestre\/","og_site_name":"Colegio Manquecura Ciudad del Este","article_publisher":"http:\/\/www.facebook.com\/ColegiosManquecura","article_published_time":"2022-03-17T19:00:02+00:00","author":"jorgedelcampo","twitter_card":"summary_large_image","twitter_misc":{"Escrito por":"jorgedelcampo","Tiempo de lectura":"2 minutos"},"schema":{"@context":"https:\/\/schema.org","@graph":[{"@type":"Article","@id":"https:\/\/www.manquecura.cl\/ciudad-del-este\/noticias\/inscripciones-talleres-y-academias-1er-semestre\/#article","isPartOf":{"@id":"https:\/\/www.manquecura.cl\/ciudad-del-este\/noticias\/inscripciones-talleres-y-academias-1er-semestre\/"},"author":{"name":"jorgedelcampo","@id":"https:\/\/www.manquecura.cl\/ciudad-del-este\/#\/schema\/person\/0debeea140e397b5d490ee7e553255d8"},"headline":"Inscripciones Talleres y Academias 1er semestre","datePublished":"2022-03-17T19:00:02+00:00","mainEntityOfPage":{"@id":"https:\/\/www.manquecura.cl\/ciudad-del-este\/noticias\/inscripciones-talleres-y-academias-1er-semestre\/"},"wordCount":328,"commentCount":0,"publisher":{"@id":"https:\/\/www.manquecura.cl\/ciudad-del-este\/#organization"},"image":{"@id":"https:\/\/www.manquecura.cl\/ciudad-del-este\/noticias\/inscripciones-talleres-y-academias-1er-semestre\/#primaryimage"},"thumbnailUrl":"https:\/\/www.manquecura.cl\/ciudad-del-este\/wp-content\/uploads\/sites\/41\/2022\/03\/TALLERES-Y-ACADEMIAS-2022.jpg","articleSection":["Vida Escolar"],"inLanguage":"es","potentialAction":[{"@type":"CommentAction","name":"Comment","target":["https:\/\/www.manquecura.cl\/ciudad-del-este\/noticias\/inscripciones-talleres-y-academias-1er-semestre\/#respond"]}]},{"@type":"WebPage","@id":"https:\/\/www.manquecura.cl\/ciudad-del-este\/noticias\/inscripciones-talleres-y-academias-1er-semestre\/","url":"https:\/\/www.manquecura.cl\/ciudad-del-este\/noticias\/inscripciones-talleres-y-academias-1er-semestre\/","name":"Inscripciones Talleres y Academias 1er semestre - Colegio Manquecura Ciudad del Este","isPartOf":{"@id":"https:\/\/www.manquecura.cl\/ciudad-del-este\/#website"},"primaryImageOfPage":{"@id":"https:\/\/www.manquecura.cl\/ciudad-del-este\/noticias\/inscripciones-talleres-y-academias-1er-semestre\/#primaryimage"},"image":{"@id":"https:\/\/www.manquecura.cl\/ciudad-del-este\/noticias\/inscripciones-talleres-y-academias-1er-semestre\/#primaryimage"},"thumbnailUrl":"https:\/\/www.manquecura.cl\/ciudad-del-este\/wp-content\/uploads\/sites\/41\/2022\/03\/TALLERES-Y-ACADEMIAS-2022.jpg","datePublished":"2022-03-17T19:00:02+00:00","breadcrumb":{"@id":"https:\/\/www.manquecura.cl\/ciudad-del-este\/noticias\/inscripciones-talleres-y-academias-1er-semestre\/#breadcrumb"},"inLanguage":"es","potentialAction":[{"@type":"ReadAction","target":["https:\/\/www.manquecura.cl\/ciudad-del-este\/noticias\/inscripciones-talleres-y-academias-1er-semestre\/"]}]},{"@type":"ImageObject","inLanguage":"es","@id":"https:\/\/www.manquecura.cl\/ciudad-del-este\/noticias\/inscripciones-talleres-y-academias-1er-semestre\/#primaryimage","url":"https:\/\/www.manquecura.cl\/ciudad-del-este\/wp-content\/uploads\/sites\/41\/2022\/03\/TALLERES-Y-ACADEMIAS-2022.jpg","contentUrl":"https:\/\/www.manquecura.cl\/ciudad-del-este\/wp-content\/uploads\/sites\/41\/2022\/03\/TALLERES-Y-ACADEMIAS-2022.jpg","width":836,"height":523},{"@type":"BreadcrumbList","@id":"https:\/\/www.manquecura.cl\/ciudad-del-este\/noticias\/inscripciones-talleres-y-academias-1er-semestre\/#breadcrumb","itemListElement":[{"@type":"ListItem","position":1,"name":"Home","item":"https:\/\/www.manquecura.cl\/ciudad-del-este\/"},{"@type":"ListItem","position":2,"name":"Inscripciones Talleres y Academias 1er semestre"}]},{"@type":"WebSite","@id":"https:\/\/www.manquecura.cl\/ciudad-del-este\/#website","url":"https:\/\/www.manquecura.cl\/ciudad-del-este\/","name":"Colegio Manquecura Ciudad del Este","description":"","publisher":{"@id":"https:\/\/www.manquecura.cl\/ciudad-del-este\/#organization"},"potentialAction":[{"@type":"SearchAction","target":{"@type":"EntryPoint","urlTemplate":"https:\/\/www.manquecura.cl\/ciudad-del-este\/?s={search_term_string}"},"query-input":{"@type":"PropertyValueSpecification","valueRequired":true,"valueName":"search_term_string"}}],"inLanguage":"es"},{"@type":"Organization","@id":"https:\/\/www.manquecura.cl\/ciudad-del-este\/#organization","name":"Colegio Manquecura Ciudad del Este","url":"https:\/\/www.manquecura.cl\/ciudad-del-este\/","logo":{"@type":"ImageObject","inLanguage":"es","@id":"https:\/\/www.manquecura.cl\/ciudad-del-este\/#\/schema\/logo\/image\/","url":"https:\/\/www.manquecura.cl\/ciudad-del-este\/wp-content\/uploads\/sites\/41\/2023\/09\/logo_Manquecura_Ciudad-del-Este_horizontal_color-1.png","contentUrl":"https:\/\/www.manquecura.cl\/ciudad-del-este\/wp-content\/uploads\/sites\/41\/2023\/09\/logo_Manquecura_Ciudad-del-Este_horizontal_color-1.png","width":611,"height":183,"caption":"Colegio Manquecura Ciudad del Este"},"image":{"@id":"https:\/\/www.manquecura.cl\/ciudad-del-este\/#\/schema\/logo\/image\/"},"sameAs":["http:\/\/www.facebook.com\/ColegiosManquecura","http:\/\/www.instagram.com\/manquecura_ciudaddeleste\/","http:\/\/www.youtube.com\/c\/CognitaChile"]},{"@type":"Person","@id":"https:\/\/www.manquecura.cl\/ciudad-del-este\/#\/schema\/person\/0debeea140e397b5d490ee7e553255d8","name":"jorgedelcampo","image":{"@type":"ImageObject","inLanguage":"es","@id":"https:\/\/www.manquecura.cl\/ciudad-del-este\/#\/schema\/person\/image\/","url":"https:\/\/secure.gravatar.com\/avatar\/4a315f521213b2dc91dbda9bf799f711c8a98ab6f5606ec42cf5b33d1e762e8a?s=96&d=mm&r=g","contentUrl":"https:\/\/secure.gravatar.com\/avatar\/4a315f521213b2dc91dbda9bf799f711c8a98ab6f5606ec42cf5b33d1e762e8a?s=96&d=mm&r=g","caption":"jorgedelcampo"}}]}},"jetpack_featured_media_url":"https:\/\/www.manquecura.cl\/ciudad-del-este\/wp-content\/uploads\/sites\/41\/2022\/03\/TALLERES-Y-ACADEMIAS-2022.jpg","previous_post_ID":18337,"previous_post_title":"Reuni\u00f3n y tours por el colegio con CAMPUR General de Padres","previous_post_excerpt":"Nuestro CAMPUR General de Padres ha visitado en dos oportunidades el colegio durante este nuevo periodo, manteniendo reuniones con nuestra rectora, Estefan\u00eda C\u00e9spedes Pino, acerca de importantes tem\u00e1ticas para la comunidad escolar, as\u00ed como las nuevas remodelaciones que se realizaron y otras en proceso, de las que pronto comunicaremos. Agradecemos las visitas de esta entidad [&hellip;]","previous_post_link":"https:\/\/www.manquecura.cl\/ciudad-del-este\/noticias\/reunion-y-tours-por-el-colegio-con-campur-general-de-padres\/","previous_post_class":["post-18337","post","type-post","status-publish","format-standard","has-post-thumbnail","hentry","category-vida-escolar"],"next_post_ID":18420,"next_post_title":"Admisi\u00f3n Hermanos 2023","next_post_excerpt":"Invitamos a las familias de Manquecura Ciudad del Este a postular a los hermanos de nuestros alumnos, enviado la ficha de postulaci\u00f3n a Carolina Huerta, Encargada de Admisi\u00f3n, al correo: admision.cde@manquecura.cl &nbsp; FICHA POSTULACI\u00d3N ADMISI\u00d3N HERMANOS 2023 Importante: Al 31 de marzo 2023 los postulantes deben tener las siguientes edades cumplidas: Play Group: 2 a\u00f1os. [&hellip;]","next_post_link":"https:\/\/www.manquecura.cl\/ciudad-del-este\/noticias\/admision-hermanos-2023\/","next_post_class":["post-18420","post","type-post","status-publish","format-standard","has-post-thumbnail","hentry","category-vida-escolar"],"jetpack_sharing_enabled":true,"_links":{"self":[{"href":"https:\/\/www.manquecura.cl\/ciudad-del-este\/wp-json\/wp\/v2\/posts\/18417","targetHints":{"allow":["GET"]}}],"collection":[{"href":"https:\/\/www.manquecura.cl\/ciudad-del-este\/wp-json\/wp\/v2\/posts"}],"about":[{"href":"https:\/\/www.manquecura.cl\/ciudad-del-este\/wp-json\/wp\/v2\/types\/post"}],"author":[{"embeddable":true,"href":"https:\/\/www.manquecura.cl\/ciudad-del-este\/wp-json\/wp\/v2\/users\/14"}],"replies":[{"embeddable":true,"href":"https:\/\/www.manquecura.cl\/ciudad-del-este\/wp-json\/wp\/v2\/comments?post=18417"}],"version-history":[{"count":0,"href":"https:\/\/www.manquecura.cl\/ciudad-del-este\/wp-json\/wp\/v2\/posts\/18417\/revisions"}],"wp:featuredmedia":[{"embeddable":true,"href":"https:\/\/www.manquecura.cl\/ciudad-del-este\/wp-json\/wp\/v2\/media\/18418"}],"wp:attachment":[{"href":"https:\/\/www.manquecura.cl\/ciudad-del-este\/wp-json\/wp\/v2\/media?parent=18417"}],"wp:term":[{"taxonomy":"category","embeddable":true,"href":"https:\/\/www.manquecura.cl\/ciudad-del-este\/wp-json\/wp\/v2\/categories?post=18417"},{"taxonomy":"post_tag","embeddable":true,"href":"https:\/\/www.manquecura.cl\/ciudad-del-este\/wp-json\/wp\/v2\/tags?post=18417"}],"curies":[{"name":"wp","href":"https:\/\/api.w.org\/{rel}","templated":true}]}}