{"id":18019,"date":"2022-01-14T12:39:15","date_gmt":"2022-01-14T15:39:15","guid":{"rendered":"https:\/\/www.manquecura.cl\/ciudad-del-este\/?p=18019"},"modified":"2022-01-14T12:39:15","modified_gmt":"2022-01-14T15:39:15","slug":"presentamos-a-nuestro-star-pupil-2022","status":"publish","type":"post","link":"https:\/\/www.manquecura.cl\/ciudad-del-este\/noticias\/presentamos-a-nuestro-star-pupil-2022\/","title":{"rendered":"\u00a1Presentamos a nuestro Star Pupil 2022!"},"content":{"rendered":"<p>Con mucho orgullo presentamos a nuestro Alumno Estrella 2022, Sebasti\u00e1n Ram\u00edrez Toledo, del III Medio A,\u00a0quien viajar\u00e1 a Londres, Inglaterra, con todos los gastos pagados por un periodo de 5 semanas, para perfeccionar el idioma ingl\u00e9s y conocer la experiencia de otros colegios de nuestra red Cognita.<\/p>\n<p>Nuestro ganador de la \u201cEuropean\u00a0Scholarships for\u00a0Star Pupil\u201d, recibi\u00f3 la noticia junto a sus padres y hermano, quienes escucharon las palabras de nuestra rectora, Estefan\u00eda C\u00e9spedes Pino, para anunciar el gran premio que se le otorga, en un rico desayuno que sorprendi\u00f3 a todos los integrantes de la familia y que muy felices compartieron sus sentimientos, percepciones y la excelente experiencia que han tenido en nuestro colegio, junto a los Directores de Estudio, Juan Francisco Gonz\u00e1lez, Elizabeth Marileo y B\u00e1rbara Paniagua.<\/p>\n<p>La Beca\u00a0Star Pupil\u00a0premia a los alumnos m\u00e1s brillantes de los colegios Cognita alrededor del mundo, reconociendo su\u00a0destacada trayectoria en nuestra instituci\u00f3n y porque reflejan en su desempe\u00f1o los\u00a0principios y valores\u00a0que inspiran nuestra red educacional, ofreciendo la participaci\u00f3n\u00a0gratuita en el Programa Internacional de Intercambio, con otros becados de los colegios Cognita y alumnos que acceden al viaje.<\/p>\n<p>En esta oportunidad, al igual que en los viajes ya programados para la red, los alumnos asistentes seleccionados, permanecer\u00e1n en Londres durante 5 semanas, distribuidas en 4 grandes \u00e1mbitos:<\/p>\n<p>-Ingl\u00e9s Comunicacional Intensivo<br \/>\n-Culturalidad y Perspectiva Global<br \/>\n-Desarrollo del Car\u00e1cter y Trabajo en Equipo<br \/>\n-Integraci\u00f3n en Colegios<\/p>\n<p>Sebasti\u00e1n es un estudiante destacado acad\u00e9micamente, reconocido por sus profesores en los atributos que honran el premio, con el buen desempe\u00f1o escolar, \u00e9l es participativo, comprometido, colaborador e involucrado con sus compa\u00f1eros y profesores. \u201cEspero disfrutar al m\u00e1ximo la experiencia, deseo ser feliz y me comprometo a seguir esforz\u00e1ndome y llevar el nombre del colegio con mucho orgullo. Agradezco enormemente esta oportunidad, que retribuye mi esfuerzo, especialmente durante la pandemia, donde fue asimil\u00e1ndolo todo como hormiga, dando paso a paso para construir mi propio puente, con constancia y perseverancia\u201d, nos se\u00f1ala.<\/p>\n<p>Sus padres, Sandra Toledo y Luis Ram\u00edrez, agradecieron al colegio lo positivo, la formaci\u00f3n y todo lo entregado a su hijo, recibiendo este premio como una bendici\u00f3n ca\u00edda del cielo, esperando que Sebasti\u00e1n aproveche y disfrute al m\u00e1ximo este viaje que ser\u00e1 de gran crecimiento personal, una incre\u00edble oportunidad.<\/p>\n<p>La familia Ram\u00edrez Toledo est\u00e1 conformada adem\u00e1s por dos ex alumnos de CDE, Mat\u00edas y Alejandro, generaciones 2019 y 2014 respectivamente, siendo el primero estudiante de Odontolog\u00eda y el segundo Licenciado en Arquitectura.<\/p>\n<p>Esperamos que nuestro Star Pupil 2022 guarde los mejores recuerdos de este d\u00eda y comparta con nosotros prontamente todas las experiencias de este importante viaje.<\/p>\n<p>\u00a1Felicitaciones a Sebasti\u00e1n por este merecido premio!<\/p>\n<p style=\"text-align: center\"><strong>Colegio Manquecura Ciudad del Este<\/strong><\/p>\n<p>[multimedia id=&#8221;1&#8243;]<\/p>\n"},"excerpt":{"rendered":"<p>Con mucho orgullo presentamos a nuestro Alumno Estrella 2022, Sebasti\u00e1n Ram\u00edrez Toledo, del III Medio A,\u00a0quien viajar\u00e1 a Londres, Inglaterra, con todos los gastos pagados por un periodo de 5 semanas, para perfeccionar el idioma ingl\u00e9s y conocer la experiencia de otros colegios de nuestra red Cognita. Nuestro ganador de la \u201cEuropean\u00a0Scholarships for\u00a0Star Pupil\u201d, recibi\u00f3 [&hellip;]<\/p>\n","protected":false},"author":14,"featured_media":18026,"comment_status":"open","ping_status":"open","sticky":false,"template":"","format":"standard","meta":{"_acf_changed":false,"content-type":"","_jetpack_memberships_contains_paid_content":false,"footnotes":""},"categories":[1],"tags":[],"class_list":["post-18019","post","type-post","status-publish","format-standard","has-post-thumbnail","hentry","category-vida-escolar"],"acf":[],"yoast_head":"<!-- This site is optimized with the Yoast SEO plugin v27.1.1 - https:\/\/yoast.com\/product\/yoast-seo-wordpress\/ -->\n<title>\u00a1Presentamos a nuestro Star Pupil 2022! - Colegio Manquecura Ciudad del Este<\/title>\n<meta name=\"robots\" content=\"index, follow, max-snippet:-1, max-image-preview:large, max-video-preview:-1\" \/>\n<link rel=\"canonical\" href=\"https:\/\/www.manquecura.cl\/ciudad-del-este\/noticias\/presentamos-a-nuestro-star-pupil-2022\/\" \/>\n<meta property=\"og:locale\" content=\"es_ES\" \/>\n<meta property=\"og:type\" content=\"article\" \/>\n<meta property=\"og:title\" content=\"\u00a1Presentamos a nuestro Star Pupil 2022! - Colegio Manquecura Ciudad del Este\" \/>\n<meta property=\"og:description\" content=\"Con mucho orgullo presentamos a nuestro Alumno Estrella 2022, Sebasti\u00e1n Ram\u00edrez Toledo, del III Medio A,\u00a0quien viajar\u00e1 a Londres, Inglaterra, con todos los gastos pagados por un periodo de 5 semanas, para perfeccionar el idioma ingl\u00e9s y conocer la experiencia de otros colegios de nuestra red Cognita. Nuestro ganador de la \u201cEuropean\u00a0Scholarships for\u00a0Star Pupil\u201d, recibi\u00f3 [&hellip;]\" \/>\n<meta property=\"og:url\" content=\"https:\/\/www.manquecura.cl\/ciudad-del-este\/noticias\/presentamos-a-nuestro-star-pupil-2022\/\" \/>\n<meta property=\"og:site_name\" content=\"Colegio Manquecura Ciudad del Este\" \/>\n<meta property=\"article:publisher\" content=\"http:\/\/www.facebook.com\/ColegiosManquecura\" \/>\n<meta property=\"article:published_time\" content=\"2022-01-14T15:39:15+00:00\" \/>\n<meta name=\"author\" content=\"jorgedelcampo\" \/>\n<meta name=\"twitter:card\" content=\"summary_large_image\" \/>\n<meta name=\"twitter:label1\" content=\"Escrito por\" \/>\n\t<meta name=\"twitter:data1\" content=\"jorgedelcampo\" \/>\n\t<meta name=\"twitter:label2\" content=\"Tiempo de lectura\" \/>\n\t<meta name=\"twitter:data2\" content=\"2 minutos\" \/>\n<script type=\"application\/ld+json\" class=\"yoast-schema-graph\">{\"@context\":\"https:\/\/schema.org\",\"@graph\":[{\"@type\":\"Article\",\"@id\":\"https:\/\/www.manquecura.cl\/ciudad-del-este\/noticias\/presentamos-a-nuestro-star-pupil-2022\/#article\",\"isPartOf\":{\"@id\":\"https:\/\/www.manquecura.cl\/ciudad-del-este\/noticias\/presentamos-a-nuestro-star-pupil-2022\/\"},\"author\":{\"name\":\"jorgedelcampo\",\"@id\":\"https:\/\/www.manquecura.cl\/ciudad-del-este\/#\/schema\/person\/0debeea140e397b5d490ee7e553255d8\"},\"headline\":\"\u00a1Presentamos a nuestro Star Pupil 2022!\",\"datePublished\":\"2022-01-14T15:39:15+00:00\",\"mainEntityOfPage\":{\"@id\":\"https:\/\/www.manquecura.cl\/ciudad-del-este\/noticias\/presentamos-a-nuestro-star-pupil-2022\/\"},\"wordCount\":484,\"commentCount\":0,\"publisher\":{\"@id\":\"https:\/\/www.manquecura.cl\/ciudad-del-este\/#organization\"},\"image\":{\"@id\":\"https:\/\/www.manquecura.cl\/ciudad-del-este\/noticias\/presentamos-a-nuestro-star-pupil-2022\/#primaryimage\"},\"thumbnailUrl\":\"https:\/\/www.manquecura.cl\/ciudad-del-este\/wp-content\/uploads\/sites\/41\/2022\/01\/alumno-estrella-star-pupil-cde-manquecura-ciudad-del-este-8.jpg\",\"articleSection\":[\"Vida Escolar\"],\"inLanguage\":\"es\",\"potentialAction\":[{\"@type\":\"CommentAction\",\"name\":\"Comment\",\"target\":[\"https:\/\/www.manquecura.cl\/ciudad-del-este\/noticias\/presentamos-a-nuestro-star-pupil-2022\/#respond\"]}]},{\"@type\":\"WebPage\",\"@id\":\"https:\/\/www.manquecura.cl\/ciudad-del-este\/noticias\/presentamos-a-nuestro-star-pupil-2022\/\",\"url\":\"https:\/\/www.manquecura.cl\/ciudad-del-este\/noticias\/presentamos-a-nuestro-star-pupil-2022\/\",\"name\":\"\u00a1Presentamos a nuestro Star Pupil 2022! - Colegio Manquecura Ciudad del Este\",\"isPartOf\":{\"@id\":\"https:\/\/www.manquecura.cl\/ciudad-del-este\/#website\"},\"primaryImageOfPage\":{\"@id\":\"https:\/\/www.manquecura.cl\/ciudad-del-este\/noticias\/presentamos-a-nuestro-star-pupil-2022\/#primaryimage\"},\"image\":{\"@id\":\"https:\/\/www.manquecura.cl\/ciudad-del-este\/noticias\/presentamos-a-nuestro-star-pupil-2022\/#primaryimage\"},\"thumbnailUrl\":\"https:\/\/www.manquecura.cl\/ciudad-del-este\/wp-content\/uploads\/sites\/41\/2022\/01\/alumno-estrella-star-pupil-cde-manquecura-ciudad-del-este-8.jpg\",\"datePublished\":\"2022-01-14T15:39:15+00:00\",\"breadcrumb\":{\"@id\":\"https:\/\/www.manquecura.cl\/ciudad-del-este\/noticias\/presentamos-a-nuestro-star-pupil-2022\/#breadcrumb\"},\"inLanguage\":\"es\",\"potentialAction\":[{\"@type\":\"ReadAction\",\"target\":[\"https:\/\/www.manquecura.cl\/ciudad-del-este\/noticias\/presentamos-a-nuestro-star-pupil-2022\/\"]}]},{\"@type\":\"ImageObject\",\"inLanguage\":\"es\",\"@id\":\"https:\/\/www.manquecura.cl\/ciudad-del-este\/noticias\/presentamos-a-nuestro-star-pupil-2022\/#primaryimage\",\"url\":\"https:\/\/www.manquecura.cl\/ciudad-del-este\/wp-content\/uploads\/sites\/41\/2022\/01\/alumno-estrella-star-pupil-cde-manquecura-ciudad-del-este-8.jpg\",\"contentUrl\":\"https:\/\/www.manquecura.cl\/ciudad-del-este\/wp-content\/uploads\/sites\/41\/2022\/01\/alumno-estrella-star-pupil-cde-manquecura-ciudad-del-este-8.jpg\",\"width\":836,\"height\":523},{\"@type\":\"BreadcrumbList\",\"@id\":\"https:\/\/www.manquecura.cl\/ciudad-del-este\/noticias\/presentamos-a-nuestro-star-pupil-2022\/#breadcrumb\",\"itemListElement\":[{\"@type\":\"ListItem\",\"position\":1,\"name\":\"Home\",\"item\":\"https:\/\/www.manquecura.cl\/ciudad-del-este\/\"},{\"@type\":\"ListItem\",\"position\":2,\"name\":\"\u00a1Presentamos a nuestro Star Pupil 2022!\"}]},{\"@type\":\"WebSite\",\"@id\":\"https:\/\/www.manquecura.cl\/ciudad-del-este\/#website\",\"url\":\"https:\/\/www.manquecura.cl\/ciudad-del-este\/\",\"name\":\"Colegio Manquecura Ciudad del Este\",\"description\":\"\",\"publisher\":{\"@id\":\"https:\/\/www.manquecura.cl\/ciudad-del-este\/#organization\"},\"potentialAction\":[{\"@type\":\"SearchAction\",\"target\":{\"@type\":\"EntryPoint\",\"urlTemplate\":\"https:\/\/www.manquecura.cl\/ciudad-del-este\/?s={search_term_string}\"},\"query-input\":{\"@type\":\"PropertyValueSpecification\",\"valueRequired\":true,\"valueName\":\"search_term_string\"}}],\"inLanguage\":\"es\"},{\"@type\":\"Organization\",\"@id\":\"https:\/\/www.manquecura.cl\/ciudad-del-este\/#organization\",\"name\":\"Colegio Manquecura Ciudad del Este\",\"url\":\"https:\/\/www.manquecura.cl\/ciudad-del-este\/\",\"logo\":{\"@type\":\"ImageObject\",\"inLanguage\":\"es\",\"@id\":\"https:\/\/www.manquecura.cl\/ciudad-del-este\/#\/schema\/logo\/image\/\",\"url\":\"https:\/\/www.manquecura.cl\/ciudad-del-este\/wp-content\/uploads\/sites\/41\/2023\/09\/logo_Manquecura_Ciudad-del-Este_horizontal_color-1.png\",\"contentUrl\":\"https:\/\/www.manquecura.cl\/ciudad-del-este\/wp-content\/uploads\/sites\/41\/2023\/09\/logo_Manquecura_Ciudad-del-Este_horizontal_color-1.png\",\"width\":611,\"height\":183,\"caption\":\"Colegio Manquecura Ciudad del Este\"},\"image\":{\"@id\":\"https:\/\/www.manquecura.cl\/ciudad-del-este\/#\/schema\/logo\/image\/\"},\"sameAs\":[\"http:\/\/www.facebook.com\/ColegiosManquecura\",\"http:\/\/www.instagram.com\/manquecura_ciudaddeleste\/\",\"http:\/\/www.youtube.com\/c\/CognitaChile\"]},{\"@type\":\"Person\",\"@id\":\"https:\/\/www.manquecura.cl\/ciudad-del-este\/#\/schema\/person\/0debeea140e397b5d490ee7e553255d8\",\"name\":\"jorgedelcampo\",\"image\":{\"@type\":\"ImageObject\",\"inLanguage\":\"es\",\"@id\":\"https:\/\/www.manquecura.cl\/ciudad-del-este\/#\/schema\/person\/image\/\",\"url\":\"https:\/\/secure.gravatar.com\/avatar\/4a315f521213b2dc91dbda9bf799f711c8a98ab6f5606ec42cf5b33d1e762e8a?s=96&d=mm&r=g\",\"contentUrl\":\"https:\/\/secure.gravatar.com\/avatar\/4a315f521213b2dc91dbda9bf799f711c8a98ab6f5606ec42cf5b33d1e762e8a?s=96&d=mm&r=g\",\"caption\":\"jorgedelcampo\"}}]}<\/script>\n<!-- \/ Yoast SEO plugin. -->","yoast_head_json":{"title":"\u00a1Presentamos a nuestro Star Pupil 2022! - Colegio Manquecura Ciudad del Este","robots":{"index":"index","follow":"follow","max-snippet":"max-snippet:-1","max-image-preview":"max-image-preview:large","max-video-preview":"max-video-preview:-1"},"canonical":"https:\/\/www.manquecura.cl\/ciudad-del-este\/noticias\/presentamos-a-nuestro-star-pupil-2022\/","og_locale":"es_ES","og_type":"article","og_title":"\u00a1Presentamos a nuestro Star Pupil 2022! - Colegio Manquecura Ciudad del Este","og_description":"Con mucho orgullo presentamos a nuestro Alumno Estrella 2022, Sebasti\u00e1n Ram\u00edrez Toledo, del III Medio A,\u00a0quien viajar\u00e1 a Londres, Inglaterra, con todos los gastos pagados por un periodo de 5 semanas, para perfeccionar el idioma ingl\u00e9s y conocer la experiencia de otros colegios de nuestra red Cognita. Nuestro ganador de la \u201cEuropean\u00a0Scholarships for\u00a0Star Pupil\u201d, recibi\u00f3 [&hellip;]","og_url":"https:\/\/www.manquecura.cl\/ciudad-del-este\/noticias\/presentamos-a-nuestro-star-pupil-2022\/","og_site_name":"Colegio Manquecura Ciudad del Este","article_publisher":"http:\/\/www.facebook.com\/ColegiosManquecura","article_published_time":"2022-01-14T15:39:15+00:00","author":"jorgedelcampo","twitter_card":"summary_large_image","twitter_misc":{"Escrito por":"jorgedelcampo","Tiempo de lectura":"2 minutos"},"schema":{"@context":"https:\/\/schema.org","@graph":[{"@type":"Article","@id":"https:\/\/www.manquecura.cl\/ciudad-del-este\/noticias\/presentamos-a-nuestro-star-pupil-2022\/#article","isPartOf":{"@id":"https:\/\/www.manquecura.cl\/ciudad-del-este\/noticias\/presentamos-a-nuestro-star-pupil-2022\/"},"author":{"name":"jorgedelcampo","@id":"https:\/\/www.manquecura.cl\/ciudad-del-este\/#\/schema\/person\/0debeea140e397b5d490ee7e553255d8"},"headline":"\u00a1Presentamos a nuestro Star Pupil 2022!","datePublished":"2022-01-14T15:39:15+00:00","mainEntityOfPage":{"@id":"https:\/\/www.manquecura.cl\/ciudad-del-este\/noticias\/presentamos-a-nuestro-star-pupil-2022\/"},"wordCount":484,"commentCount":0,"publisher":{"@id":"https:\/\/www.manquecura.cl\/ciudad-del-este\/#organization"},"image":{"@id":"https:\/\/www.manquecura.cl\/ciudad-del-este\/noticias\/presentamos-a-nuestro-star-pupil-2022\/#primaryimage"},"thumbnailUrl":"https:\/\/www.manquecura.cl\/ciudad-del-este\/wp-content\/uploads\/sites\/41\/2022\/01\/alumno-estrella-star-pupil-cde-manquecura-ciudad-del-este-8.jpg","articleSection":["Vida Escolar"],"inLanguage":"es","potentialAction":[{"@type":"CommentAction","name":"Comment","target":["https:\/\/www.manquecura.cl\/ciudad-del-este\/noticias\/presentamos-a-nuestro-star-pupil-2022\/#respond"]}]},{"@type":"WebPage","@id":"https:\/\/www.manquecura.cl\/ciudad-del-este\/noticias\/presentamos-a-nuestro-star-pupil-2022\/","url":"https:\/\/www.manquecura.cl\/ciudad-del-este\/noticias\/presentamos-a-nuestro-star-pupil-2022\/","name":"\u00a1Presentamos a nuestro Star Pupil 2022! - Colegio Manquecura Ciudad del Este","isPartOf":{"@id":"https:\/\/www.manquecura.cl\/ciudad-del-este\/#website"},"primaryImageOfPage":{"@id":"https:\/\/www.manquecura.cl\/ciudad-del-este\/noticias\/presentamos-a-nuestro-star-pupil-2022\/#primaryimage"},"image":{"@id":"https:\/\/www.manquecura.cl\/ciudad-del-este\/noticias\/presentamos-a-nuestro-star-pupil-2022\/#primaryimage"},"thumbnailUrl":"https:\/\/www.manquecura.cl\/ciudad-del-este\/wp-content\/uploads\/sites\/41\/2022\/01\/alumno-estrella-star-pupil-cde-manquecura-ciudad-del-este-8.jpg","datePublished":"2022-01-14T15:39:15+00:00","breadcrumb":{"@id":"https:\/\/www.manquecura.cl\/ciudad-del-este\/noticias\/presentamos-a-nuestro-star-pupil-2022\/#breadcrumb"},"inLanguage":"es","potentialAction":[{"@type":"ReadAction","target":["https:\/\/www.manquecura.cl\/ciudad-del-este\/noticias\/presentamos-a-nuestro-star-pupil-2022\/"]}]},{"@type":"ImageObject","inLanguage":"es","@id":"https:\/\/www.manquecura.cl\/ciudad-del-este\/noticias\/presentamos-a-nuestro-star-pupil-2022\/#primaryimage","url":"https:\/\/www.manquecura.cl\/ciudad-del-este\/wp-content\/uploads\/sites\/41\/2022\/01\/alumno-estrella-star-pupil-cde-manquecura-ciudad-del-este-8.jpg","contentUrl":"https:\/\/www.manquecura.cl\/ciudad-del-este\/wp-content\/uploads\/sites\/41\/2022\/01\/alumno-estrella-star-pupil-cde-manquecura-ciudad-del-este-8.jpg","width":836,"height":523},{"@type":"BreadcrumbList","@id":"https:\/\/www.manquecura.cl\/ciudad-del-este\/noticias\/presentamos-a-nuestro-star-pupil-2022\/#breadcrumb","itemListElement":[{"@type":"ListItem","position":1,"name":"Home","item":"https:\/\/www.manquecura.cl\/ciudad-del-este\/"},{"@type":"ListItem","position":2,"name":"\u00a1Presentamos a nuestro Star Pupil 2022!"}]},{"@type":"WebSite","@id":"https:\/\/www.manquecura.cl\/ciudad-del-este\/#website","url":"https:\/\/www.manquecura.cl\/ciudad-del-este\/","name":"Colegio Manquecura Ciudad del Este","description":"","publisher":{"@id":"https:\/\/www.manquecura.cl\/ciudad-del-este\/#organization"},"potentialAction":[{"@type":"SearchAction","target":{"@type":"EntryPoint","urlTemplate":"https:\/\/www.manquecura.cl\/ciudad-del-este\/?s={search_term_string}"},"query-input":{"@type":"PropertyValueSpecification","valueRequired":true,"valueName":"search_term_string"}}],"inLanguage":"es"},{"@type":"Organization","@id":"https:\/\/www.manquecura.cl\/ciudad-del-este\/#organization","name":"Colegio Manquecura Ciudad del Este","url":"https:\/\/www.manquecura.cl\/ciudad-del-este\/","logo":{"@type":"ImageObject","inLanguage":"es","@id":"https:\/\/www.manquecura.cl\/ciudad-del-este\/#\/schema\/logo\/image\/","url":"https:\/\/www.manquecura.cl\/ciudad-del-este\/wp-content\/uploads\/sites\/41\/2023\/09\/logo_Manquecura_Ciudad-del-Este_horizontal_color-1.png","contentUrl":"https:\/\/www.manquecura.cl\/ciudad-del-este\/wp-content\/uploads\/sites\/41\/2023\/09\/logo_Manquecura_Ciudad-del-Este_horizontal_color-1.png","width":611,"height":183,"caption":"Colegio Manquecura Ciudad del Este"},"image":{"@id":"https:\/\/www.manquecura.cl\/ciudad-del-este\/#\/schema\/logo\/image\/"},"sameAs":["http:\/\/www.facebook.com\/ColegiosManquecura","http:\/\/www.instagram.com\/manquecura_ciudaddeleste\/","http:\/\/www.youtube.com\/c\/CognitaChile"]},{"@type":"Person","@id":"https:\/\/www.manquecura.cl\/ciudad-del-este\/#\/schema\/person\/0debeea140e397b5d490ee7e553255d8","name":"jorgedelcampo","image":{"@type":"ImageObject","inLanguage":"es","@id":"https:\/\/www.manquecura.cl\/ciudad-del-este\/#\/schema\/person\/image\/","url":"https:\/\/secure.gravatar.com\/avatar\/4a315f521213b2dc91dbda9bf799f711c8a98ab6f5606ec42cf5b33d1e762e8a?s=96&d=mm&r=g","contentUrl":"https:\/\/secure.gravatar.com\/avatar\/4a315f521213b2dc91dbda9bf799f711c8a98ab6f5606ec42cf5b33d1e762e8a?s=96&d=mm&r=g","caption":"jorgedelcampo"}}]}},"jetpack_featured_media_url":"https:\/\/www.manquecura.cl\/ciudad-del-este\/wp-content\/uploads\/sites\/41\/2022\/01\/alumno-estrella-star-pupil-cde-manquecura-ciudad-del-este-8.jpg","previous_post_ID":17950,"previous_post_title":"\u00a1Participa de la Escuela de F\u00fatbol de Verano!","previous_post_excerpt":"Atenci\u00f3n peque\u00f1os c\u00f3ndores de Manquecura Ciudad del Este, estamos finalizando la primera semana de esta entretenida escuela de f\u00fatbol y a\u00fan tenemos cupos disponibles. Los invitamos a matricularse enviado un correo electr\u00f3nico a los profesores: Felipe Gonz\u00e1lez Felipe.gonzalez@colegiomanquecura.cl Sebasti\u00e1n Vega sebastian.vega@colegiomanquecura.cl Categor\u00eda: 1\u00ba a 3\u00ba B\u00e1sico (Consultar por K\u00ednder) Categor\u00eda: 4\u00b0 a 6\u00b0 B\u00e1sico (Consultar [&hellip;]","previous_post_link":"https:\/\/www.manquecura.cl\/ciudad-del-este\/noticias\/participa-de-la-escuela-de-futbol-de-verano-2\/","previous_post_class":["post-17950","post","type-post","status-publish","format-standard","has-post-thumbnail","hentry","category-vida-escolar"],"next_post_ID":18041,"next_post_title":"Capacitaci\u00f3n de m\u00e1s de mil docentes de Cognita","next_post_excerpt":"Porque la capacitaci\u00f3n constante y el desarrollo docente es trascendental para Cognita, queremos contarles que, a partir de diciembre de 2021, m\u00e1s de mil colaboradores de los distintos establecimientos de la red en Chile iniciaron nuevos caminos de aprendizaje. En ese contexto,\u00a0212 profesores comenzaron un diplomado en la Universidad Cat\u00f3lica de Valpara\u00edso,\u00a0centrado en adquirir estrategias [&hellip;]","next_post_link":"https:\/\/www.manquecura.cl\/ciudad-del-este\/noticias\/capacitacion-de-mas-de-mil-docentes-de-cognita\/","next_post_class":["post-18041","post","type-post","status-publish","format-standard","has-post-thumbnail","hentry","category-vida-escolar"],"jetpack_sharing_enabled":true,"_links":{"self":[{"href":"https:\/\/www.manquecura.cl\/ciudad-del-este\/wp-json\/wp\/v2\/posts\/18019","targetHints":{"allow":["GET"]}}],"collection":[{"href":"https:\/\/www.manquecura.cl\/ciudad-del-este\/wp-json\/wp\/v2\/posts"}],"about":[{"href":"https:\/\/www.manquecura.cl\/ciudad-del-este\/wp-json\/wp\/v2\/types\/post"}],"author":[{"embeddable":true,"href":"https:\/\/www.manquecura.cl\/ciudad-del-este\/wp-json\/wp\/v2\/users\/14"}],"replies":[{"embeddable":true,"href":"https:\/\/www.manquecura.cl\/ciudad-del-este\/wp-json\/wp\/v2\/comments?post=18019"}],"version-history":[{"count":0,"href":"https:\/\/www.manquecura.cl\/ciudad-del-este\/wp-json\/wp\/v2\/posts\/18019\/revisions"}],"wp:featuredmedia":[{"embeddable":true,"href":"https:\/\/www.manquecura.cl\/ciudad-del-este\/wp-json\/wp\/v2\/media\/18026"}],"wp:attachment":[{"href":"https:\/\/www.manquecura.cl\/ciudad-del-este\/wp-json\/wp\/v2\/media?parent=18019"}],"wp:term":[{"taxonomy":"category","embeddable":true,"href":"https:\/\/www.manquecura.cl\/ciudad-del-este\/wp-json\/wp\/v2\/categories?post=18019"},{"taxonomy":"post_tag","embeddable":true,"href":"https:\/\/www.manquecura.cl\/ciudad-del-este\/wp-json\/wp\/v2\/tags?post=18019"}],"curies":[{"name":"wp","href":"https:\/\/api.w.org\/{rel}","templated":true}]}}