{"id":126088,"date":"2025-12-10T11:54:16","date_gmt":"2025-12-10T11:54:16","guid":{"rendered":"https:\/\/www.manquecura.cl\/ciudad-del-este\/?p=126088"},"modified":"2025-12-10T11:54:16","modified_gmt":"2025-12-10T11:54:16","slug":"colegio-desarrolla-ciclo-de-charlas-y-ensayos-para-fortalecer-la-ruta-academica-2026","status":"publish","type":"post","link":"https:\/\/www.manquecura.cl\/ciudad-del-este\/noticias\/colegio-desarrolla-ciclo-de-charlas-y-ensayos-para-fortalecer-la-ruta-academica-2026\/","title":{"rendered":"Colegio desarrolla ciclo de charlas y ensayos para fortalecer la ruta acad\u00e9mica 2026"},"content":{"rendered":"<p data-start=\"196\" data-end=\"633\">Durante los d\u00edas 24 y 26 de noviembre, adem\u00e1s del mi\u00e9rcoles 3 de diciembre, estudiantes de 8\u00b0 b\u00e1sico, II\u00b0 y III\u00b0 medio participaron en una serie de actividades formativas orientadas a su proyecci\u00f3n acad\u00e9mica para el a\u00f1o 2026. Las jornadas tuvieron como objetivo apoyar la toma de decisiones, entregar informaci\u00f3n clave sobre los procesos educativos futuros y fortalecer la preparaci\u00f3n de los j\u00f3venes frente a los desaf\u00edos del siglo XXI.<\/p>\n<p data-start=\"635\" data-end=\"971\">En primer lugar, los estudiantes de 8\u00b0 b\u00e1sico participaron en una charla sobre Ranking y NEM, instancia que les permiti\u00f3 comprender la relevancia de estos indicadores para su futuro ingreso a la educaci\u00f3n superior. La actividad busc\u00f3 aclarar dudas y ofrecer herramientas que favorezcan una planificaci\u00f3n acad\u00e9mica temprana y consciente.<\/p>\n<p data-start=\"973\" data-end=\"1331\">Por su parte, los cursos de II\u00b0 medio asistieron a una charla de electividad y realizaron su primer ensayo PAES en las \u00e1reas de competencias lectoras y Matem\u00e1tica 1 (M1). Esta experiencia les permiti\u00f3 familiarizarse con el formato y las exigencias de la evaluaci\u00f3n nacional, marcando un hito significativo en su proceso de preparaci\u00f3n para los pr\u00f3ximos a\u00f1os.<\/p>\n<p data-start=\"1333\" data-end=\"1602\">Finalmente, los estudiantes de III\u00b0 medio participaron en una charla de electividad y exploraci\u00f3n vocacional, enfocada en proyectar su trayectoria hacia IV\u00b0 medio 2026 y en entregarles herramientas esenciales para visualizar su futura transici\u00f3n al mundo universitario.<\/p>\n<p data-start=\"1604\" data-end=\"1962\" data-is-last-node=\"\" data-is-only-node=\"\">Estas instancias formativas reafirman el compromiso del colegio con un acompa\u00f1amiento oportuno, significativo y alineado a las necesidades de cada etapa educativa. Con estas acciones, la comunidad educativa contin\u00faa trabajando para promover aprendizajes pertinentes, fortalecer la autonom\u00eda acad\u00e9mica y apoyar el desarrollo integral de todos sus estudiantes.<\/p>\n"},"excerpt":{"rendered":"<p>Durante los d\u00edas 24 y 26 de noviembre, adem\u00e1s del mi\u00e9rcoles 3 de diciembre, estudiantes de 8\u00b0 b\u00e1sico, II\u00b0 y III\u00b0 medio participaron en una serie de actividades formativas orientadas a su proyecci\u00f3n acad\u00e9mica para el a\u00f1o 2026. Las jornadas tuvieron como objetivo apoyar la toma de decisiones, entregar informaci\u00f3n clave sobre los procesos educativos [&hellip;]<\/p>\n","protected":false},"author":135,"featured_media":126091,"comment_status":"open","ping_status":"open","sticky":false,"template":"","format":"standard","meta":{"_acf_changed":false,"content-type":"","_jetpack_memberships_contains_paid_content":false,"footnotes":""},"categories":[1],"tags":[],"class_list":["post-126088","post","type-post","status-publish","format-standard","has-post-thumbnail","hentry","category-vida-escolar"],"acf":[],"yoast_head":"<!-- This site is optimized with the Yoast SEO plugin v27.1.1 - https:\/\/yoast.com\/product\/yoast-seo-wordpress\/ -->\n<title>Colegio desarrolla ciclo de charlas y ensayos para fortalecer la ruta acad\u00e9mica 2026 - Colegio Manquecura Ciudad del Este<\/title>\n<meta name=\"description\" content=\"Instancias formativas reunieron a estudiantes de 8\u00b0 b\u00e1sico, II\u00b0 y III\u00b0 medio en charlas de orientaci\u00f3n, electividad y ensayo PAES, fortaleciendo su proyecci\u00f3n acad\u00e9mica 2026 y apoyando una toma de decisiones informada para su futuro escolar y universitario.\" \/>\n<meta name=\"robots\" content=\"index, follow, max-snippet:-1, max-image-preview:large, max-video-preview:-1\" \/>\n<link rel=\"canonical\" href=\"https:\/\/www.manquecura.cl\/ciudad-del-este\/noticias\/colegio-desarrolla-ciclo-de-charlas-y-ensayos-para-fortalecer-la-ruta-academica-2026\/\" \/>\n<meta property=\"og:locale\" content=\"es_ES\" \/>\n<meta property=\"og:type\" content=\"article\" \/>\n<meta property=\"og:title\" content=\"Colegio desarrolla ciclo de charlas y ensayos para fortalecer la ruta acad\u00e9mica 2026 - Colegio Manquecura Ciudad del Este\" \/>\n<meta property=\"og:description\" content=\"Instancias formativas reunieron a estudiantes de 8\u00b0 b\u00e1sico, II\u00b0 y III\u00b0 medio en charlas de orientaci\u00f3n, electividad y ensayo PAES, fortaleciendo su proyecci\u00f3n acad\u00e9mica 2026 y apoyando una toma de decisiones informada para su futuro escolar y universitario.\" \/>\n<meta property=\"og:url\" content=\"https:\/\/www.manquecura.cl\/ciudad-del-este\/noticias\/colegio-desarrolla-ciclo-de-charlas-y-ensayos-para-fortalecer-la-ruta-academica-2026\/\" \/>\n<meta property=\"og:site_name\" content=\"Colegio Manquecura Ciudad del Este\" \/>\n<meta property=\"article:publisher\" content=\"http:\/\/www.facebook.com\/ColegiosManquecura\" \/>\n<meta property=\"article:published_time\" content=\"2025-12-10T11:54:16+00:00\" \/>\n<meta property=\"og:image\" content=\"https:\/\/www.manquecura.cl\/ciudad-del-este\/wp-content\/uploads\/sites\/41\/2025\/12\/Image-2_1.jpg\" \/>\n\t<meta property=\"og:image:width\" content=\"2048\" \/>\n\t<meta property=\"og:image:height\" content=\"1152\" \/>\n\t<meta property=\"og:image:type\" content=\"image\/jpeg\" \/>\n<meta name=\"author\" content=\"catalinapena\" \/>\n<meta name=\"twitter:card\" content=\"summary_large_image\" \/>\n<meta name=\"twitter:label1\" content=\"Escrito por\" \/>\n\t<meta name=\"twitter:data1\" content=\"catalinapena\" \/>\n\t<meta name=\"twitter:label2\" content=\"Tiempo de lectura\" \/>\n\t<meta name=\"twitter:data2\" content=\"2 minutos\" \/>\n<script type=\"application\/ld+json\" class=\"yoast-schema-graph\">{\"@context\":\"https:\/\/schema.org\",\"@graph\":[{\"@type\":\"Article\",\"@id\":\"https:\/\/www.manquecura.cl\/ciudad-del-este\/noticias\/colegio-desarrolla-ciclo-de-charlas-y-ensayos-para-fortalecer-la-ruta-academica-2026\/#article\",\"isPartOf\":{\"@id\":\"https:\/\/www.manquecura.cl\/ciudad-del-este\/noticias\/colegio-desarrolla-ciclo-de-charlas-y-ensayos-para-fortalecer-la-ruta-academica-2026\/\"},\"author\":{\"name\":\"catalinapena\",\"@id\":\"https:\/\/www.manquecura.cl\/ciudad-del-este\/#\/schema\/person\/169b5a3a94a2c8494648e1aa8c7f2084\"},\"headline\":\"Colegio desarrolla ciclo de charlas y ensayos para fortalecer la ruta acad\u00e9mica 2026\",\"datePublished\":\"2025-12-10T11:54:16+00:00\",\"mainEntityOfPage\":{\"@id\":\"https:\/\/www.manquecura.cl\/ciudad-del-este\/noticias\/colegio-desarrolla-ciclo-de-charlas-y-ensayos-para-fortalecer-la-ruta-academica-2026\/\"},\"wordCount\":293,\"commentCount\":0,\"publisher\":{\"@id\":\"https:\/\/www.manquecura.cl\/ciudad-del-este\/#organization\"},\"image\":{\"@id\":\"https:\/\/www.manquecura.cl\/ciudad-del-este\/noticias\/colegio-desarrolla-ciclo-de-charlas-y-ensayos-para-fortalecer-la-ruta-academica-2026\/#primaryimage\"},\"thumbnailUrl\":\"https:\/\/www.manquecura.cl\/ciudad-del-este\/wp-content\/uploads\/sites\/41\/2025\/12\/Image-2_1.jpg\",\"articleSection\":[\"Vida Escolar\"],\"inLanguage\":\"es\",\"potentialAction\":[{\"@type\":\"CommentAction\",\"name\":\"Comment\",\"target\":[\"https:\/\/www.manquecura.cl\/ciudad-del-este\/noticias\/colegio-desarrolla-ciclo-de-charlas-y-ensayos-para-fortalecer-la-ruta-academica-2026\/#respond\"]}]},{\"@type\":\"WebPage\",\"@id\":\"https:\/\/www.manquecura.cl\/ciudad-del-este\/noticias\/colegio-desarrolla-ciclo-de-charlas-y-ensayos-para-fortalecer-la-ruta-academica-2026\/\",\"url\":\"https:\/\/www.manquecura.cl\/ciudad-del-este\/noticias\/colegio-desarrolla-ciclo-de-charlas-y-ensayos-para-fortalecer-la-ruta-academica-2026\/\",\"name\":\"Colegio desarrolla ciclo de charlas y ensayos para fortalecer la ruta acad\u00e9mica 2026 - Colegio Manquecura Ciudad del Este\",\"isPartOf\":{\"@id\":\"https:\/\/www.manquecura.cl\/ciudad-del-este\/#website\"},\"primaryImageOfPage\":{\"@id\":\"https:\/\/www.manquecura.cl\/ciudad-del-este\/noticias\/colegio-desarrolla-ciclo-de-charlas-y-ensayos-para-fortalecer-la-ruta-academica-2026\/#primaryimage\"},\"image\":{\"@id\":\"https:\/\/www.manquecura.cl\/ciudad-del-este\/noticias\/colegio-desarrolla-ciclo-de-charlas-y-ensayos-para-fortalecer-la-ruta-academica-2026\/#primaryimage\"},\"thumbnailUrl\":\"https:\/\/www.manquecura.cl\/ciudad-del-este\/wp-content\/uploads\/sites\/41\/2025\/12\/Image-2_1.jpg\",\"datePublished\":\"2025-12-10T11:54:16+00:00\",\"description\":\"Instancias formativas reunieron a estudiantes de 8\u00b0 b\u00e1sico, II\u00b0 y III\u00b0 medio en charlas de orientaci\u00f3n, electividad y ensayo PAES, fortaleciendo su proyecci\u00f3n acad\u00e9mica 2026 y apoyando una toma de decisiones informada para su futuro escolar y universitario.\",\"breadcrumb\":{\"@id\":\"https:\/\/www.manquecura.cl\/ciudad-del-este\/noticias\/colegio-desarrolla-ciclo-de-charlas-y-ensayos-para-fortalecer-la-ruta-academica-2026\/#breadcrumb\"},\"inLanguage\":\"es\",\"potentialAction\":[{\"@type\":\"ReadAction\",\"target\":[\"https:\/\/www.manquecura.cl\/ciudad-del-este\/noticias\/colegio-desarrolla-ciclo-de-charlas-y-ensayos-para-fortalecer-la-ruta-academica-2026\/\"]}]},{\"@type\":\"ImageObject\",\"inLanguage\":\"es\",\"@id\":\"https:\/\/www.manquecura.cl\/ciudad-del-este\/noticias\/colegio-desarrolla-ciclo-de-charlas-y-ensayos-para-fortalecer-la-ruta-academica-2026\/#primaryimage\",\"url\":\"https:\/\/www.manquecura.cl\/ciudad-del-este\/wp-content\/uploads\/sites\/41\/2025\/12\/Image-2_1.jpg\",\"contentUrl\":\"https:\/\/www.manquecura.cl\/ciudad-del-este\/wp-content\/uploads\/sites\/41\/2025\/12\/Image-2_1.jpg\",\"width\":2048,\"height\":1152},{\"@type\":\"BreadcrumbList\",\"@id\":\"https:\/\/www.manquecura.cl\/ciudad-del-este\/noticias\/colegio-desarrolla-ciclo-de-charlas-y-ensayos-para-fortalecer-la-ruta-academica-2026\/#breadcrumb\",\"itemListElement\":[{\"@type\":\"ListItem\",\"position\":1,\"name\":\"Home\",\"item\":\"https:\/\/www.manquecura.cl\/ciudad-del-este\/\"},{\"@type\":\"ListItem\",\"position\":2,\"name\":\"Colegio desarrolla ciclo de charlas y ensayos para fortalecer la ruta acad\u00e9mica 2026\"}]},{\"@type\":\"WebSite\",\"@id\":\"https:\/\/www.manquecura.cl\/ciudad-del-este\/#website\",\"url\":\"https:\/\/www.manquecura.cl\/ciudad-del-este\/\",\"name\":\"Colegio Manquecura Ciudad del Este\",\"description\":\"\",\"publisher\":{\"@id\":\"https:\/\/www.manquecura.cl\/ciudad-del-este\/#organization\"},\"potentialAction\":[{\"@type\":\"SearchAction\",\"target\":{\"@type\":\"EntryPoint\",\"urlTemplate\":\"https:\/\/www.manquecura.cl\/ciudad-del-este\/?s={search_term_string}\"},\"query-input\":{\"@type\":\"PropertyValueSpecification\",\"valueRequired\":true,\"valueName\":\"search_term_string\"}}],\"inLanguage\":\"es\"},{\"@type\":\"Organization\",\"@id\":\"https:\/\/www.manquecura.cl\/ciudad-del-este\/#organization\",\"name\":\"Colegio Manquecura Ciudad del Este\",\"url\":\"https:\/\/www.manquecura.cl\/ciudad-del-este\/\",\"logo\":{\"@type\":\"ImageObject\",\"inLanguage\":\"es\",\"@id\":\"https:\/\/www.manquecura.cl\/ciudad-del-este\/#\/schema\/logo\/image\/\",\"url\":\"https:\/\/www.manquecura.cl\/ciudad-del-este\/wp-content\/uploads\/sites\/41\/2023\/09\/logo_Manquecura_Ciudad-del-Este_horizontal_color-1.png\",\"contentUrl\":\"https:\/\/www.manquecura.cl\/ciudad-del-este\/wp-content\/uploads\/sites\/41\/2023\/09\/logo_Manquecura_Ciudad-del-Este_horizontal_color-1.png\",\"width\":611,\"height\":183,\"caption\":\"Colegio Manquecura Ciudad del Este\"},\"image\":{\"@id\":\"https:\/\/www.manquecura.cl\/ciudad-del-este\/#\/schema\/logo\/image\/\"},\"sameAs\":[\"http:\/\/www.facebook.com\/ColegiosManquecura\",\"http:\/\/www.instagram.com\/manquecura_ciudaddeleste\/\",\"http:\/\/www.youtube.com\/c\/CognitaChile\"]},{\"@type\":\"Person\",\"@id\":\"https:\/\/www.manquecura.cl\/ciudad-del-este\/#\/schema\/person\/169b5a3a94a2c8494648e1aa8c7f2084\",\"name\":\"catalinapena\",\"image\":{\"@type\":\"ImageObject\",\"inLanguage\":\"es\",\"@id\":\"https:\/\/www.manquecura.cl\/ciudad-del-este\/#\/schema\/person\/image\/\",\"url\":\"https:\/\/secure.gravatar.com\/avatar\/66b2e7653ce4ea3c0fb04e5b100d6dfb07d1f5d91e5d9724ab1b48e33aa5a8a5?s=96&d=mm&r=g\",\"contentUrl\":\"https:\/\/secure.gravatar.com\/avatar\/66b2e7653ce4ea3c0fb04e5b100d6dfb07d1f5d91e5d9724ab1b48e33aa5a8a5?s=96&d=mm&r=g\",\"caption\":\"catalinapena\"}}]}<\/script>\n<!-- \/ Yoast SEO plugin. -->","yoast_head_json":{"title":"Colegio desarrolla ciclo de charlas y ensayos para fortalecer la ruta acad\u00e9mica 2026 - Colegio Manquecura Ciudad del Este","description":"Instancias formativas reunieron a estudiantes de 8\u00b0 b\u00e1sico, II\u00b0 y III\u00b0 medio en charlas de orientaci\u00f3n, electividad y ensayo PAES, fortaleciendo su proyecci\u00f3n acad\u00e9mica 2026 y apoyando una toma de decisiones informada para su futuro escolar y universitario.","robots":{"index":"index","follow":"follow","max-snippet":"max-snippet:-1","max-image-preview":"max-image-preview:large","max-video-preview":"max-video-preview:-1"},"canonical":"https:\/\/www.manquecura.cl\/ciudad-del-este\/noticias\/colegio-desarrolla-ciclo-de-charlas-y-ensayos-para-fortalecer-la-ruta-academica-2026\/","og_locale":"es_ES","og_type":"article","og_title":"Colegio desarrolla ciclo de charlas y ensayos para fortalecer la ruta acad\u00e9mica 2026 - Colegio Manquecura Ciudad del Este","og_description":"Instancias formativas reunieron a estudiantes de 8\u00b0 b\u00e1sico, II\u00b0 y III\u00b0 medio en charlas de orientaci\u00f3n, electividad y ensayo PAES, fortaleciendo su proyecci\u00f3n acad\u00e9mica 2026 y apoyando una toma de decisiones informada para su futuro escolar y universitario.","og_url":"https:\/\/www.manquecura.cl\/ciudad-del-este\/noticias\/colegio-desarrolla-ciclo-de-charlas-y-ensayos-para-fortalecer-la-ruta-academica-2026\/","og_site_name":"Colegio Manquecura Ciudad del Este","article_publisher":"http:\/\/www.facebook.com\/ColegiosManquecura","article_published_time":"2025-12-10T11:54:16+00:00","og_image":[{"width":2048,"height":1152,"url":"https:\/\/www.manquecura.cl\/ciudad-del-este\/wp-content\/uploads\/sites\/41\/2025\/12\/Image-2_1.jpg","type":"image\/jpeg"}],"author":"catalinapena","twitter_card":"summary_large_image","twitter_misc":{"Escrito por":"catalinapena","Tiempo de lectura":"2 minutos"},"schema":{"@context":"https:\/\/schema.org","@graph":[{"@type":"Article","@id":"https:\/\/www.manquecura.cl\/ciudad-del-este\/noticias\/colegio-desarrolla-ciclo-de-charlas-y-ensayos-para-fortalecer-la-ruta-academica-2026\/#article","isPartOf":{"@id":"https:\/\/www.manquecura.cl\/ciudad-del-este\/noticias\/colegio-desarrolla-ciclo-de-charlas-y-ensayos-para-fortalecer-la-ruta-academica-2026\/"},"author":{"name":"catalinapena","@id":"https:\/\/www.manquecura.cl\/ciudad-del-este\/#\/schema\/person\/169b5a3a94a2c8494648e1aa8c7f2084"},"headline":"Colegio desarrolla ciclo de charlas y ensayos para fortalecer la ruta acad\u00e9mica 2026","datePublished":"2025-12-10T11:54:16+00:00","mainEntityOfPage":{"@id":"https:\/\/www.manquecura.cl\/ciudad-del-este\/noticias\/colegio-desarrolla-ciclo-de-charlas-y-ensayos-para-fortalecer-la-ruta-academica-2026\/"},"wordCount":293,"commentCount":0,"publisher":{"@id":"https:\/\/www.manquecura.cl\/ciudad-del-este\/#organization"},"image":{"@id":"https:\/\/www.manquecura.cl\/ciudad-del-este\/noticias\/colegio-desarrolla-ciclo-de-charlas-y-ensayos-para-fortalecer-la-ruta-academica-2026\/#primaryimage"},"thumbnailUrl":"https:\/\/www.manquecura.cl\/ciudad-del-este\/wp-content\/uploads\/sites\/41\/2025\/12\/Image-2_1.jpg","articleSection":["Vida Escolar"],"inLanguage":"es","potentialAction":[{"@type":"CommentAction","name":"Comment","target":["https:\/\/www.manquecura.cl\/ciudad-del-este\/noticias\/colegio-desarrolla-ciclo-de-charlas-y-ensayos-para-fortalecer-la-ruta-academica-2026\/#respond"]}]},{"@type":"WebPage","@id":"https:\/\/www.manquecura.cl\/ciudad-del-este\/noticias\/colegio-desarrolla-ciclo-de-charlas-y-ensayos-para-fortalecer-la-ruta-academica-2026\/","url":"https:\/\/www.manquecura.cl\/ciudad-del-este\/noticias\/colegio-desarrolla-ciclo-de-charlas-y-ensayos-para-fortalecer-la-ruta-academica-2026\/","name":"Colegio desarrolla ciclo de charlas y ensayos para fortalecer la ruta acad\u00e9mica 2026 - Colegio Manquecura Ciudad del Este","isPartOf":{"@id":"https:\/\/www.manquecura.cl\/ciudad-del-este\/#website"},"primaryImageOfPage":{"@id":"https:\/\/www.manquecura.cl\/ciudad-del-este\/noticias\/colegio-desarrolla-ciclo-de-charlas-y-ensayos-para-fortalecer-la-ruta-academica-2026\/#primaryimage"},"image":{"@id":"https:\/\/www.manquecura.cl\/ciudad-del-este\/noticias\/colegio-desarrolla-ciclo-de-charlas-y-ensayos-para-fortalecer-la-ruta-academica-2026\/#primaryimage"},"thumbnailUrl":"https:\/\/www.manquecura.cl\/ciudad-del-este\/wp-content\/uploads\/sites\/41\/2025\/12\/Image-2_1.jpg","datePublished":"2025-12-10T11:54:16+00:00","description":"Instancias formativas reunieron a estudiantes de 8\u00b0 b\u00e1sico, II\u00b0 y III\u00b0 medio en charlas de orientaci\u00f3n, electividad y ensayo PAES, fortaleciendo su proyecci\u00f3n acad\u00e9mica 2026 y apoyando una toma de decisiones informada para su futuro escolar y universitario.","breadcrumb":{"@id":"https:\/\/www.manquecura.cl\/ciudad-del-este\/noticias\/colegio-desarrolla-ciclo-de-charlas-y-ensayos-para-fortalecer-la-ruta-academica-2026\/#breadcrumb"},"inLanguage":"es","potentialAction":[{"@type":"ReadAction","target":["https:\/\/www.manquecura.cl\/ciudad-del-este\/noticias\/colegio-desarrolla-ciclo-de-charlas-y-ensayos-para-fortalecer-la-ruta-academica-2026\/"]}]},{"@type":"ImageObject","inLanguage":"es","@id":"https:\/\/www.manquecura.cl\/ciudad-del-este\/noticias\/colegio-desarrolla-ciclo-de-charlas-y-ensayos-para-fortalecer-la-ruta-academica-2026\/#primaryimage","url":"https:\/\/www.manquecura.cl\/ciudad-del-este\/wp-content\/uploads\/sites\/41\/2025\/12\/Image-2_1.jpg","contentUrl":"https:\/\/www.manquecura.cl\/ciudad-del-este\/wp-content\/uploads\/sites\/41\/2025\/12\/Image-2_1.jpg","width":2048,"height":1152},{"@type":"BreadcrumbList","@id":"https:\/\/www.manquecura.cl\/ciudad-del-este\/noticias\/colegio-desarrolla-ciclo-de-charlas-y-ensayos-para-fortalecer-la-ruta-academica-2026\/#breadcrumb","itemListElement":[{"@type":"ListItem","position":1,"name":"Home","item":"https:\/\/www.manquecura.cl\/ciudad-del-este\/"},{"@type":"ListItem","position":2,"name":"Colegio desarrolla ciclo de charlas y ensayos para fortalecer la ruta acad\u00e9mica 2026"}]},{"@type":"WebSite","@id":"https:\/\/www.manquecura.cl\/ciudad-del-este\/#website","url":"https:\/\/www.manquecura.cl\/ciudad-del-este\/","name":"Colegio Manquecura Ciudad del Este","description":"","publisher":{"@id":"https:\/\/www.manquecura.cl\/ciudad-del-este\/#organization"},"potentialAction":[{"@type":"SearchAction","target":{"@type":"EntryPoint","urlTemplate":"https:\/\/www.manquecura.cl\/ciudad-del-este\/?s={search_term_string}"},"query-input":{"@type":"PropertyValueSpecification","valueRequired":true,"valueName":"search_term_string"}}],"inLanguage":"es"},{"@type":"Organization","@id":"https:\/\/www.manquecura.cl\/ciudad-del-este\/#organization","name":"Colegio Manquecura Ciudad del Este","url":"https:\/\/www.manquecura.cl\/ciudad-del-este\/","logo":{"@type":"ImageObject","inLanguage":"es","@id":"https:\/\/www.manquecura.cl\/ciudad-del-este\/#\/schema\/logo\/image\/","url":"https:\/\/www.manquecura.cl\/ciudad-del-este\/wp-content\/uploads\/sites\/41\/2023\/09\/logo_Manquecura_Ciudad-del-Este_horizontal_color-1.png","contentUrl":"https:\/\/www.manquecura.cl\/ciudad-del-este\/wp-content\/uploads\/sites\/41\/2023\/09\/logo_Manquecura_Ciudad-del-Este_horizontal_color-1.png","width":611,"height":183,"caption":"Colegio Manquecura Ciudad del Este"},"image":{"@id":"https:\/\/www.manquecura.cl\/ciudad-del-este\/#\/schema\/logo\/image\/"},"sameAs":["http:\/\/www.facebook.com\/ColegiosManquecura","http:\/\/www.instagram.com\/manquecura_ciudaddeleste\/","http:\/\/www.youtube.com\/c\/CognitaChile"]},{"@type":"Person","@id":"https:\/\/www.manquecura.cl\/ciudad-del-este\/#\/schema\/person\/169b5a3a94a2c8494648e1aa8c7f2084","name":"catalinapena","image":{"@type":"ImageObject","inLanguage":"es","@id":"https:\/\/www.manquecura.cl\/ciudad-del-este\/#\/schema\/person\/image\/","url":"https:\/\/secure.gravatar.com\/avatar\/66b2e7653ce4ea3c0fb04e5b100d6dfb07d1f5d91e5d9724ab1b48e33aa5a8a5?s=96&d=mm&r=g","contentUrl":"https:\/\/secure.gravatar.com\/avatar\/66b2e7653ce4ea3c0fb04e5b100d6dfb07d1f5d91e5d9724ab1b48e33aa5a8a5?s=96&d=mm&r=g","caption":"catalinapena"}}]}},"jetpack_featured_media_url":"https:\/\/www.manquecura.cl\/ciudad-del-este\/wp-content\/uploads\/sites\/41\/2025\/12\/Image-2_1.jpg","previous_post_ID":126085,"previous_post_title":"Formaci\u00f3n para la vida: J\u00f3venes participan en charla sobre responsabilidad penal","previous_post_excerpt":"Con un enfoque claro en la prevenci\u00f3n, el autocuidado y la toma de decisiones informadas, el pasado 2 de diciembre los estudiantes de 8.\u00ba b\u00e1sico, I\u00b0, II\u00b0 y III\u00b0 medio participaron en una charla formativa sobre la ley penal adolescente. La instancia fue dirigida por el abogado y apoderado del colegio, Luis Gonz\u00e1lez, quien comparti\u00f3 [&hellip;]","previous_post_link":"https:\/\/www.manquecura.cl\/ciudad-del-este\/noticias\/formacion-para-la-vida-jovenes-participan-en-charla-sobre-responsabilidad-penal\/","previous_post_class":["post-126085","post","type-post","status-publish","format-standard","has-post-thumbnail","hentry","category-vida-escolar"],"next_post_ID":126101,"next_post_title":"Colegio Manquecura Ciudad del Este destaca tres puntajes m\u00e1ximos en la PAES","next_post_excerpt":"El Colegio Manquecura Ciudad del Este obtuvo un destacado resultado en la Prueba de Acceso a la Educaci\u00f3n Superior (PAES), luego de que tres de sus estudiantes alcanzaran puntaje m\u00e1ximo, consolidando el trabajo acad\u00e9mico y formativo que impulsa la comunidad educativa. Los puntajes m\u00e1ximos fueron obtenidos por Camila Mart\u00edn, Matilda Z\u00fa\u00f1iga y Lucas Torrealba, quienes [&hellip;]","next_post_link":"https:\/\/www.manquecura.cl\/ciudad-del-este\/noticias\/colegio-manquecura-ciudad-del-este-destaca-tres-puntajes-maximos-en-la-paes\/","next_post_class":["post-126101","post","type-post","status-publish","format-standard","has-post-thumbnail","hentry","category-vida-escolar"],"jetpack_sharing_enabled":true,"_links":{"self":[{"href":"https:\/\/www.manquecura.cl\/ciudad-del-este\/wp-json\/wp\/v2\/posts\/126088","targetHints":{"allow":["GET"]}}],"collection":[{"href":"https:\/\/www.manquecura.cl\/ciudad-del-este\/wp-json\/wp\/v2\/posts"}],"about":[{"href":"https:\/\/www.manquecura.cl\/ciudad-del-este\/wp-json\/wp\/v2\/types\/post"}],"author":[{"embeddable":true,"href":"https:\/\/www.manquecura.cl\/ciudad-del-este\/wp-json\/wp\/v2\/users\/135"}],"replies":[{"embeddable":true,"href":"https:\/\/www.manquecura.cl\/ciudad-del-este\/wp-json\/wp\/v2\/comments?post=126088"}],"version-history":[{"count":1,"href":"https:\/\/www.manquecura.cl\/ciudad-del-este\/wp-json\/wp\/v2\/posts\/126088\/revisions"}],"predecessor-version":[{"id":126090,"href":"https:\/\/www.manquecura.cl\/ciudad-del-este\/wp-json\/wp\/v2\/posts\/126088\/revisions\/126090"}],"wp:featuredmedia":[{"embeddable":true,"href":"https:\/\/www.manquecura.cl\/ciudad-del-este\/wp-json\/wp\/v2\/media\/126091"}],"wp:attachment":[{"href":"https:\/\/www.manquecura.cl\/ciudad-del-este\/wp-json\/wp\/v2\/media?parent=126088"}],"wp:term":[{"taxonomy":"category","embeddable":true,"href":"https:\/\/www.manquecura.cl\/ciudad-del-este\/wp-json\/wp\/v2\/categories?post=126088"},{"taxonomy":"post_tag","embeddable":true,"href":"https:\/\/www.manquecura.cl\/ciudad-del-este\/wp-json\/wp\/v2\/tags?post=126088"}],"curies":[{"name":"wp","href":"https:\/\/api.w.org\/{rel}","templated":true}]}}