{"id":125906,"date":"2025-04-14T14:50:17","date_gmt":"2025-04-14T14:50:17","guid":{"rendered":"https:\/\/www.manquecura.cl\/ciudad-del-este\/?p=125906"},"modified":"2025-04-22T14:51:52","modified_gmt":"2025-04-22T14:51:52","slug":"estudiantes-de-ensenanza-media-y-direccion-de-estudios-se-unen-por-un-bien-comun","status":"publish","type":"post","link":"https:\/\/www.manquecura.cl\/ciudad-del-este\/noticias\/estudiantes-de-ensenanza-media-y-direccion-de-estudios-se-unen-por-un-bien-comun\/","title":{"rendered":"Estudiantes de ense\u00f1anza media y direcci\u00f3n de estudios se unen por un bien com\u00fan"},"content":{"rendered":"<p>En una jornada llena de di\u00e1logo y participaci\u00f3n, estudiantes desde 7\u00b0 b\u00e1sico hasta IV medio se reunieron con el director de estudios de Ense\u00f1anza Media, Felipe Gonz\u00e1lez, para trabajar en un objetivo com\u00fan: fortalecer la convivencia escolar.<\/p>\n<p>La actividad, desarrollada en un ambiente de respeto y colaboraci\u00f3n, permiti\u00f3 que los coordinadores de curso se presentaran y compartieran sus experiencias, inquietudes y propuestas en torno a c\u00f3mo mejorar la vida escolar. A trav\u00e9s de din\u00e1micas participativas y espacios de conversaci\u00f3n, se generaron valiosas ideas que apuntan a promover el respeto mutuo, la empat\u00eda y la responsabilidad compartida.<\/p>\n<p>Uno de los temas que m\u00e1s reson\u00f3 entre los estudiantes fue el cuidado de los espacios comunes. Reconocieron la importancia de mantener un entorno limpio, seguro y agradable para todos, y destacaron que este cuidado depende tanto de la responsabilidad individual como del compromiso colectivo.<\/p>\n<p>Desde Direcci\u00f3n de Estudios valoraron profundamente el entusiasmo y compromiso de los estudiantes, y destacaron que estas instancias son fundamentales para construir una comunidad educativa s\u00f3lida, donde el bienestar emocional y la sana convivencia sean pilares esenciales.<\/p>\n<p><strong>As\u00ed comenzamos un camino como equipo, con la oportunidad de ser voz y acci\u00f3n dentro de nuestro colegio. Al conocernos y compartir este espacio, dimos el primer paso para construir juntos un liderazgo positivo, comprometido y con impacto.<\/strong><\/p>\n"},"excerpt":{"rendered":"<p>En una jornada llena de di\u00e1logo y participaci\u00f3n, estudiantes desde 7\u00b0 b\u00e1sico hasta IV medio se reunieron con el director de estudios de Ense\u00f1anza Media, Felipe Gonz\u00e1lez, para trabajar en un objetivo com\u00fan: fortalecer la convivencia escolar. La actividad, desarrollada en un ambiente de respeto y colaboraci\u00f3n, permiti\u00f3 que los coordinadores de curso se presentaran [&hellip;]<\/p>\n","protected":false},"author":34,"featured_media":125910,"comment_status":"open","ping_status":"open","sticky":false,"template":"","format":"standard","meta":{"_acf_changed":false,"content-type":"","_jetpack_memberships_contains_paid_content":false,"footnotes":""},"categories":[1],"tags":[],"class_list":["post-125906","post","type-post","status-publish","format-standard","has-post-thumbnail","hentry","category-vida-escolar"],"acf":[],"yoast_head":"<!-- This site is optimized with the Yoast SEO plugin v27.1.1 - https:\/\/yoast.com\/product\/yoast-seo-wordpress\/ -->\n<title>Estudiantes de ense\u00f1anza media y direcci\u00f3n de estudios se unen por un bien com\u00fan - Colegio Manquecura Ciudad del Este<\/title>\n<meta name=\"robots\" content=\"index, follow, max-snippet:-1, max-image-preview:large, max-video-preview:-1\" \/>\n<link rel=\"canonical\" href=\"https:\/\/www.manquecura.cl\/ciudad-del-este\/noticias\/estudiantes-de-ensenanza-media-y-direccion-de-estudios-se-unen-por-un-bien-comun\/\" \/>\n<meta property=\"og:locale\" content=\"es_ES\" \/>\n<meta property=\"og:type\" content=\"article\" \/>\n<meta property=\"og:title\" content=\"Estudiantes de ense\u00f1anza media y direcci\u00f3n de estudios se unen por un bien com\u00fan - Colegio Manquecura Ciudad del Este\" \/>\n<meta property=\"og:description\" content=\"En una jornada llena de di\u00e1logo y participaci\u00f3n, estudiantes desde 7\u00b0 b\u00e1sico hasta IV medio se reunieron con el director de estudios de Ense\u00f1anza Media, Felipe Gonz\u00e1lez, para trabajar en un objetivo com\u00fan: fortalecer la convivencia escolar. La actividad, desarrollada en un ambiente de respeto y colaboraci\u00f3n, permiti\u00f3 que los coordinadores de curso se presentaran [&hellip;]\" \/>\n<meta property=\"og:url\" content=\"https:\/\/www.manquecura.cl\/ciudad-del-este\/noticias\/estudiantes-de-ensenanza-media-y-direccion-de-estudios-se-unen-por-un-bien-comun\/\" \/>\n<meta property=\"og:site_name\" content=\"Colegio Manquecura Ciudad del Este\" \/>\n<meta property=\"article:publisher\" content=\"http:\/\/www.facebook.com\/ColegiosManquecura\" \/>\n<meta property=\"article:published_time\" content=\"2025-04-14T14:50:17+00:00\" \/>\n<meta property=\"article:modified_time\" content=\"2025-04-22T14:51:52+00:00\" \/>\n<meta property=\"og:image\" content=\"https:\/\/www.manquecura.cl\/ciudad-del-este\/wp-content\/uploads\/sites\/41\/2025\/04\/Reunion-Coordinadores-Manquecura-Ciudad-del-Este-Puente-Alto.png\" \/>\n\t<meta property=\"og:image:width\" content=\"1116\" \/>\n\t<meta property=\"og:image:height\" content=\"550\" \/>\n\t<meta property=\"og:image:type\" content=\"image\/png\" \/>\n<meta name=\"author\" content=\"danielacastro\" \/>\n<meta name=\"twitter:card\" content=\"summary_large_image\" \/>\n<meta name=\"twitter:label1\" content=\"Escrito por\" \/>\n\t<meta name=\"twitter:data1\" content=\"danielacastro\" \/>\n\t<meta name=\"twitter:label2\" content=\"Tiempo de lectura\" \/>\n\t<meta name=\"twitter:data2\" content=\"2 minutos\" \/>\n<script type=\"application\/ld+json\" class=\"yoast-schema-graph\">{\"@context\":\"https:\/\/schema.org\",\"@graph\":[{\"@type\":\"Article\",\"@id\":\"https:\/\/www.manquecura.cl\/ciudad-del-este\/noticias\/estudiantes-de-ensenanza-media-y-direccion-de-estudios-se-unen-por-un-bien-comun\/#article\",\"isPartOf\":{\"@id\":\"https:\/\/www.manquecura.cl\/ciudad-del-este\/noticias\/estudiantes-de-ensenanza-media-y-direccion-de-estudios-se-unen-por-un-bien-comun\/\"},\"author\":{\"name\":\"danielacastro\",\"@id\":\"https:\/\/www.manquecura.cl\/ciudad-del-este\/#\/schema\/person\/5eb92a7b45165cdbdbb271bcdacc9d9e\"},\"headline\":\"Estudiantes de ense\u00f1anza media y direcci\u00f3n de estudios se unen por un bien com\u00fan\",\"datePublished\":\"2025-04-14T14:50:17+00:00\",\"dateModified\":\"2025-04-22T14:51:52+00:00\",\"mainEntityOfPage\":{\"@id\":\"https:\/\/www.manquecura.cl\/ciudad-del-este\/noticias\/estudiantes-de-ensenanza-media-y-direccion-de-estudios-se-unen-por-un-bien-comun\/\"},\"wordCount\":248,\"commentCount\":0,\"publisher\":{\"@id\":\"https:\/\/www.manquecura.cl\/ciudad-del-este\/#organization\"},\"image\":{\"@id\":\"https:\/\/www.manquecura.cl\/ciudad-del-este\/noticias\/estudiantes-de-ensenanza-media-y-direccion-de-estudios-se-unen-por-un-bien-comun\/#primaryimage\"},\"thumbnailUrl\":\"https:\/\/www.manquecura.cl\/ciudad-del-este\/wp-content\/uploads\/sites\/41\/2025\/04\/Reunion-Coordinadores-Manquecura-Ciudad-del-Este-Puente-Alto.png\",\"articleSection\":[\"Vida Escolar\"],\"inLanguage\":\"es\",\"potentialAction\":[{\"@type\":\"CommentAction\",\"name\":\"Comment\",\"target\":[\"https:\/\/www.manquecura.cl\/ciudad-del-este\/noticias\/estudiantes-de-ensenanza-media-y-direccion-de-estudios-se-unen-por-un-bien-comun\/#respond\"]}]},{\"@type\":\"WebPage\",\"@id\":\"https:\/\/www.manquecura.cl\/ciudad-del-este\/noticias\/estudiantes-de-ensenanza-media-y-direccion-de-estudios-se-unen-por-un-bien-comun\/\",\"url\":\"https:\/\/www.manquecura.cl\/ciudad-del-este\/noticias\/estudiantes-de-ensenanza-media-y-direccion-de-estudios-se-unen-por-un-bien-comun\/\",\"name\":\"Estudiantes de ense\u00f1anza media y direcci\u00f3n de estudios se unen por un bien com\u00fan - Colegio Manquecura Ciudad del Este\",\"isPartOf\":{\"@id\":\"https:\/\/www.manquecura.cl\/ciudad-del-este\/#website\"},\"primaryImageOfPage\":{\"@id\":\"https:\/\/www.manquecura.cl\/ciudad-del-este\/noticias\/estudiantes-de-ensenanza-media-y-direccion-de-estudios-se-unen-por-un-bien-comun\/#primaryimage\"},\"image\":{\"@id\":\"https:\/\/www.manquecura.cl\/ciudad-del-este\/noticias\/estudiantes-de-ensenanza-media-y-direccion-de-estudios-se-unen-por-un-bien-comun\/#primaryimage\"},\"thumbnailUrl\":\"https:\/\/www.manquecura.cl\/ciudad-del-este\/wp-content\/uploads\/sites\/41\/2025\/04\/Reunion-Coordinadores-Manquecura-Ciudad-del-Este-Puente-Alto.png\",\"datePublished\":\"2025-04-14T14:50:17+00:00\",\"dateModified\":\"2025-04-22T14:51:52+00:00\",\"breadcrumb\":{\"@id\":\"https:\/\/www.manquecura.cl\/ciudad-del-este\/noticias\/estudiantes-de-ensenanza-media-y-direccion-de-estudios-se-unen-por-un-bien-comun\/#breadcrumb\"},\"inLanguage\":\"es\",\"potentialAction\":[{\"@type\":\"ReadAction\",\"target\":[\"https:\/\/www.manquecura.cl\/ciudad-del-este\/noticias\/estudiantes-de-ensenanza-media-y-direccion-de-estudios-se-unen-por-un-bien-comun\/\"]}]},{\"@type\":\"ImageObject\",\"inLanguage\":\"es\",\"@id\":\"https:\/\/www.manquecura.cl\/ciudad-del-este\/noticias\/estudiantes-de-ensenanza-media-y-direccion-de-estudios-se-unen-por-un-bien-comun\/#primaryimage\",\"url\":\"https:\/\/www.manquecura.cl\/ciudad-del-este\/wp-content\/uploads\/sites\/41\/2025\/04\/Reunion-Coordinadores-Manquecura-Ciudad-del-Este-Puente-Alto.png\",\"contentUrl\":\"https:\/\/www.manquecura.cl\/ciudad-del-este\/wp-content\/uploads\/sites\/41\/2025\/04\/Reunion-Coordinadores-Manquecura-Ciudad-del-Este-Puente-Alto.png\",\"width\":1116,\"height\":550},{\"@type\":\"BreadcrumbList\",\"@id\":\"https:\/\/www.manquecura.cl\/ciudad-del-este\/noticias\/estudiantes-de-ensenanza-media-y-direccion-de-estudios-se-unen-por-un-bien-comun\/#breadcrumb\",\"itemListElement\":[{\"@type\":\"ListItem\",\"position\":1,\"name\":\"Home\",\"item\":\"https:\/\/www.manquecura.cl\/ciudad-del-este\/\"},{\"@type\":\"ListItem\",\"position\":2,\"name\":\"Estudiantes de ense\u00f1anza media y direcci\u00f3n de estudios se unen por un bien com\u00fan\"}]},{\"@type\":\"WebSite\",\"@id\":\"https:\/\/www.manquecura.cl\/ciudad-del-este\/#website\",\"url\":\"https:\/\/www.manquecura.cl\/ciudad-del-este\/\",\"name\":\"Colegio Manquecura Ciudad del Este\",\"description\":\"\",\"publisher\":{\"@id\":\"https:\/\/www.manquecura.cl\/ciudad-del-este\/#organization\"},\"potentialAction\":[{\"@type\":\"SearchAction\",\"target\":{\"@type\":\"EntryPoint\",\"urlTemplate\":\"https:\/\/www.manquecura.cl\/ciudad-del-este\/?s={search_term_string}\"},\"query-input\":{\"@type\":\"PropertyValueSpecification\",\"valueRequired\":true,\"valueName\":\"search_term_string\"}}],\"inLanguage\":\"es\"},{\"@type\":\"Organization\",\"@id\":\"https:\/\/www.manquecura.cl\/ciudad-del-este\/#organization\",\"name\":\"Colegio Manquecura Ciudad del Este\",\"url\":\"https:\/\/www.manquecura.cl\/ciudad-del-este\/\",\"logo\":{\"@type\":\"ImageObject\",\"inLanguage\":\"es\",\"@id\":\"https:\/\/www.manquecura.cl\/ciudad-del-este\/#\/schema\/logo\/image\/\",\"url\":\"https:\/\/www.manquecura.cl\/ciudad-del-este\/wp-content\/uploads\/sites\/41\/2023\/09\/logo_Manquecura_Ciudad-del-Este_horizontal_color-1.png\",\"contentUrl\":\"https:\/\/www.manquecura.cl\/ciudad-del-este\/wp-content\/uploads\/sites\/41\/2023\/09\/logo_Manquecura_Ciudad-del-Este_horizontal_color-1.png\",\"width\":611,\"height\":183,\"caption\":\"Colegio Manquecura Ciudad del Este\"},\"image\":{\"@id\":\"https:\/\/www.manquecura.cl\/ciudad-del-este\/#\/schema\/logo\/image\/\"},\"sameAs\":[\"http:\/\/www.facebook.com\/ColegiosManquecura\",\"http:\/\/www.instagram.com\/manquecura_ciudaddeleste\/\",\"http:\/\/www.youtube.com\/c\/CognitaChile\"]},{\"@type\":\"Person\",\"@id\":\"https:\/\/www.manquecura.cl\/ciudad-del-este\/#\/schema\/person\/5eb92a7b45165cdbdbb271bcdacc9d9e\",\"name\":\"danielacastro\",\"image\":{\"@type\":\"ImageObject\",\"inLanguage\":\"es\",\"@id\":\"https:\/\/www.manquecura.cl\/ciudad-del-este\/#\/schema\/person\/image\/\",\"url\":\"https:\/\/secure.gravatar.com\/avatar\/16a603f2cc3ad485cabfe7c59b923050a809d8344cba940b4148737780592211?s=96&d=mm&r=g\",\"contentUrl\":\"https:\/\/secure.gravatar.com\/avatar\/16a603f2cc3ad485cabfe7c59b923050a809d8344cba940b4148737780592211?s=96&d=mm&r=g\",\"caption\":\"danielacastro\"}}]}<\/script>\n<!-- \/ Yoast SEO plugin. -->","yoast_head_json":{"title":"Estudiantes de ense\u00f1anza media y direcci\u00f3n de estudios se unen por un bien com\u00fan - Colegio Manquecura Ciudad del Este","robots":{"index":"index","follow":"follow","max-snippet":"max-snippet:-1","max-image-preview":"max-image-preview:large","max-video-preview":"max-video-preview:-1"},"canonical":"https:\/\/www.manquecura.cl\/ciudad-del-este\/noticias\/estudiantes-de-ensenanza-media-y-direccion-de-estudios-se-unen-por-un-bien-comun\/","og_locale":"es_ES","og_type":"article","og_title":"Estudiantes de ense\u00f1anza media y direcci\u00f3n de estudios se unen por un bien com\u00fan - Colegio Manquecura Ciudad del Este","og_description":"En una jornada llena de di\u00e1logo y participaci\u00f3n, estudiantes desde 7\u00b0 b\u00e1sico hasta IV medio se reunieron con el director de estudios de Ense\u00f1anza Media, Felipe Gonz\u00e1lez, para trabajar en un objetivo com\u00fan: fortalecer la convivencia escolar. La actividad, desarrollada en un ambiente de respeto y colaboraci\u00f3n, permiti\u00f3 que los coordinadores de curso se presentaran [&hellip;]","og_url":"https:\/\/www.manquecura.cl\/ciudad-del-este\/noticias\/estudiantes-de-ensenanza-media-y-direccion-de-estudios-se-unen-por-un-bien-comun\/","og_site_name":"Colegio Manquecura Ciudad del Este","article_publisher":"http:\/\/www.facebook.com\/ColegiosManquecura","article_published_time":"2025-04-14T14:50:17+00:00","article_modified_time":"2025-04-22T14:51:52+00:00","og_image":[{"width":1116,"height":550,"url":"https:\/\/www.manquecura.cl\/ciudad-del-este\/wp-content\/uploads\/sites\/41\/2025\/04\/Reunion-Coordinadores-Manquecura-Ciudad-del-Este-Puente-Alto.png","type":"image\/png"}],"author":"danielacastro","twitter_card":"summary_large_image","twitter_misc":{"Escrito por":"danielacastro","Tiempo de lectura":"2 minutos"},"schema":{"@context":"https:\/\/schema.org","@graph":[{"@type":"Article","@id":"https:\/\/www.manquecura.cl\/ciudad-del-este\/noticias\/estudiantes-de-ensenanza-media-y-direccion-de-estudios-se-unen-por-un-bien-comun\/#article","isPartOf":{"@id":"https:\/\/www.manquecura.cl\/ciudad-del-este\/noticias\/estudiantes-de-ensenanza-media-y-direccion-de-estudios-se-unen-por-un-bien-comun\/"},"author":{"name":"danielacastro","@id":"https:\/\/www.manquecura.cl\/ciudad-del-este\/#\/schema\/person\/5eb92a7b45165cdbdbb271bcdacc9d9e"},"headline":"Estudiantes de ense\u00f1anza media y direcci\u00f3n de estudios se unen por un bien com\u00fan","datePublished":"2025-04-14T14:50:17+00:00","dateModified":"2025-04-22T14:51:52+00:00","mainEntityOfPage":{"@id":"https:\/\/www.manquecura.cl\/ciudad-del-este\/noticias\/estudiantes-de-ensenanza-media-y-direccion-de-estudios-se-unen-por-un-bien-comun\/"},"wordCount":248,"commentCount":0,"publisher":{"@id":"https:\/\/www.manquecura.cl\/ciudad-del-este\/#organization"},"image":{"@id":"https:\/\/www.manquecura.cl\/ciudad-del-este\/noticias\/estudiantes-de-ensenanza-media-y-direccion-de-estudios-se-unen-por-un-bien-comun\/#primaryimage"},"thumbnailUrl":"https:\/\/www.manquecura.cl\/ciudad-del-este\/wp-content\/uploads\/sites\/41\/2025\/04\/Reunion-Coordinadores-Manquecura-Ciudad-del-Este-Puente-Alto.png","articleSection":["Vida Escolar"],"inLanguage":"es","potentialAction":[{"@type":"CommentAction","name":"Comment","target":["https:\/\/www.manquecura.cl\/ciudad-del-este\/noticias\/estudiantes-de-ensenanza-media-y-direccion-de-estudios-se-unen-por-un-bien-comun\/#respond"]}]},{"@type":"WebPage","@id":"https:\/\/www.manquecura.cl\/ciudad-del-este\/noticias\/estudiantes-de-ensenanza-media-y-direccion-de-estudios-se-unen-por-un-bien-comun\/","url":"https:\/\/www.manquecura.cl\/ciudad-del-este\/noticias\/estudiantes-de-ensenanza-media-y-direccion-de-estudios-se-unen-por-un-bien-comun\/","name":"Estudiantes de ense\u00f1anza media y direcci\u00f3n de estudios se unen por un bien com\u00fan - Colegio Manquecura Ciudad del Este","isPartOf":{"@id":"https:\/\/www.manquecura.cl\/ciudad-del-este\/#website"},"primaryImageOfPage":{"@id":"https:\/\/www.manquecura.cl\/ciudad-del-este\/noticias\/estudiantes-de-ensenanza-media-y-direccion-de-estudios-se-unen-por-un-bien-comun\/#primaryimage"},"image":{"@id":"https:\/\/www.manquecura.cl\/ciudad-del-este\/noticias\/estudiantes-de-ensenanza-media-y-direccion-de-estudios-se-unen-por-un-bien-comun\/#primaryimage"},"thumbnailUrl":"https:\/\/www.manquecura.cl\/ciudad-del-este\/wp-content\/uploads\/sites\/41\/2025\/04\/Reunion-Coordinadores-Manquecura-Ciudad-del-Este-Puente-Alto.png","datePublished":"2025-04-14T14:50:17+00:00","dateModified":"2025-04-22T14:51:52+00:00","breadcrumb":{"@id":"https:\/\/www.manquecura.cl\/ciudad-del-este\/noticias\/estudiantes-de-ensenanza-media-y-direccion-de-estudios-se-unen-por-un-bien-comun\/#breadcrumb"},"inLanguage":"es","potentialAction":[{"@type":"ReadAction","target":["https:\/\/www.manquecura.cl\/ciudad-del-este\/noticias\/estudiantes-de-ensenanza-media-y-direccion-de-estudios-se-unen-por-un-bien-comun\/"]}]},{"@type":"ImageObject","inLanguage":"es","@id":"https:\/\/www.manquecura.cl\/ciudad-del-este\/noticias\/estudiantes-de-ensenanza-media-y-direccion-de-estudios-se-unen-por-un-bien-comun\/#primaryimage","url":"https:\/\/www.manquecura.cl\/ciudad-del-este\/wp-content\/uploads\/sites\/41\/2025\/04\/Reunion-Coordinadores-Manquecura-Ciudad-del-Este-Puente-Alto.png","contentUrl":"https:\/\/www.manquecura.cl\/ciudad-del-este\/wp-content\/uploads\/sites\/41\/2025\/04\/Reunion-Coordinadores-Manquecura-Ciudad-del-Este-Puente-Alto.png","width":1116,"height":550},{"@type":"BreadcrumbList","@id":"https:\/\/www.manquecura.cl\/ciudad-del-este\/noticias\/estudiantes-de-ensenanza-media-y-direccion-de-estudios-se-unen-por-un-bien-comun\/#breadcrumb","itemListElement":[{"@type":"ListItem","position":1,"name":"Home","item":"https:\/\/www.manquecura.cl\/ciudad-del-este\/"},{"@type":"ListItem","position":2,"name":"Estudiantes de ense\u00f1anza media y direcci\u00f3n de estudios se unen por un bien com\u00fan"}]},{"@type":"WebSite","@id":"https:\/\/www.manquecura.cl\/ciudad-del-este\/#website","url":"https:\/\/www.manquecura.cl\/ciudad-del-este\/","name":"Colegio Manquecura Ciudad del Este","description":"","publisher":{"@id":"https:\/\/www.manquecura.cl\/ciudad-del-este\/#organization"},"potentialAction":[{"@type":"SearchAction","target":{"@type":"EntryPoint","urlTemplate":"https:\/\/www.manquecura.cl\/ciudad-del-este\/?s={search_term_string}"},"query-input":{"@type":"PropertyValueSpecification","valueRequired":true,"valueName":"search_term_string"}}],"inLanguage":"es"},{"@type":"Organization","@id":"https:\/\/www.manquecura.cl\/ciudad-del-este\/#organization","name":"Colegio Manquecura Ciudad del Este","url":"https:\/\/www.manquecura.cl\/ciudad-del-este\/","logo":{"@type":"ImageObject","inLanguage":"es","@id":"https:\/\/www.manquecura.cl\/ciudad-del-este\/#\/schema\/logo\/image\/","url":"https:\/\/www.manquecura.cl\/ciudad-del-este\/wp-content\/uploads\/sites\/41\/2023\/09\/logo_Manquecura_Ciudad-del-Este_horizontal_color-1.png","contentUrl":"https:\/\/www.manquecura.cl\/ciudad-del-este\/wp-content\/uploads\/sites\/41\/2023\/09\/logo_Manquecura_Ciudad-del-Este_horizontal_color-1.png","width":611,"height":183,"caption":"Colegio Manquecura Ciudad del Este"},"image":{"@id":"https:\/\/www.manquecura.cl\/ciudad-del-este\/#\/schema\/logo\/image\/"},"sameAs":["http:\/\/www.facebook.com\/ColegiosManquecura","http:\/\/www.instagram.com\/manquecura_ciudaddeleste\/","http:\/\/www.youtube.com\/c\/CognitaChile"]},{"@type":"Person","@id":"https:\/\/www.manquecura.cl\/ciudad-del-este\/#\/schema\/person\/5eb92a7b45165cdbdbb271bcdacc9d9e","name":"danielacastro","image":{"@type":"ImageObject","inLanguage":"es","@id":"https:\/\/www.manquecura.cl\/ciudad-del-este\/#\/schema\/person\/image\/","url":"https:\/\/secure.gravatar.com\/avatar\/16a603f2cc3ad485cabfe7c59b923050a809d8344cba940b4148737780592211?s=96&d=mm&r=g","contentUrl":"https:\/\/secure.gravatar.com\/avatar\/16a603f2cc3ad485cabfe7c59b923050a809d8344cba940b4148737780592211?s=96&d=mm&r=g","caption":"danielacastro"}}]}},"jetpack_featured_media_url":"https:\/\/www.manquecura.cl\/ciudad-del-este\/wp-content\/uploads\/sites\/41\/2025\/04\/Reunion-Coordinadores-Manquecura-Ciudad-del-Este-Puente-Alto.png","previous_post_ID":125885,"previous_post_title":"\u00a1Matem\u00e1ticas en acci\u00f3n! Olimpiadas 2025 transforman el aprendizaje en aventura","previous_post_excerpt":"Las Olimpiadas de Matem\u00e1tica 2025 fueron un rotundo \u00e9xito, convirtiendo el aprendizaje en una emocionante aventura para nuestros estudiantes desde Playgroup hasta IV medio. Durante varias jornadas, el colegio se llen\u00f3 de energ\u00eda y entusiasmo, donde el trabajo en equipo y la resoluci\u00f3n de desaf\u00edos fueron los protagonistas. A trav\u00e9s de innovadoras actividades como juegos [&hellip;]","previous_post_link":"https:\/\/www.manquecura.cl\/ciudad-del-este\/noticias\/matematicas-en-accion-olimpiadas-2025-transforman-el-aprendizaje-en-aventura\/","previous_post_class":["post-125885","post","type-post","status-publish","format-standard","has-post-thumbnail","hentry","category-vida-escolar"],"next_post_ID":125958,"next_post_title":"As\u00ed vivimos el D\u00eda del Libro en Manquecura Ciudad del Este","next_post_excerpt":"En nuestro colegio celebramos el D\u00eda del Libro con una jornada llena de imaginaci\u00f3n y compa\u00f1erismo. Nuestros estudiantes se sumergieron en un evento donde los libros fueron los verdaderos protagonistas, compartiendo historias y vivencias de forma \u00fanica. El d\u00eda comenz\u00f3 con un colorido desfile de disfraces, donde cada estudiante represent\u00f3 a un personaje literario, desbordando [&hellip;]","next_post_link":"https:\/\/www.manquecura.cl\/ciudad-del-este\/noticias\/asi-vivimos-el-dia-del-libro-en-manquecura-ciudad-del-este\/","next_post_class":["post-125958","post","type-post","status-publish","format-standard","has-post-thumbnail","hentry","category-vida-escolar"],"jetpack_sharing_enabled":true,"_links":{"self":[{"href":"https:\/\/www.manquecura.cl\/ciudad-del-este\/wp-json\/wp\/v2\/posts\/125906","targetHints":{"allow":["GET"]}}],"collection":[{"href":"https:\/\/www.manquecura.cl\/ciudad-del-este\/wp-json\/wp\/v2\/posts"}],"about":[{"href":"https:\/\/www.manquecura.cl\/ciudad-del-este\/wp-json\/wp\/v2\/types\/post"}],"author":[{"embeddable":true,"href":"https:\/\/www.manquecura.cl\/ciudad-del-este\/wp-json\/wp\/v2\/users\/34"}],"replies":[{"embeddable":true,"href":"https:\/\/www.manquecura.cl\/ciudad-del-este\/wp-json\/wp\/v2\/comments?post=125906"}],"version-history":[{"count":1,"href":"https:\/\/www.manquecura.cl\/ciudad-del-este\/wp-json\/wp\/v2\/posts\/125906\/revisions"}],"predecessor-version":[{"id":125911,"href":"https:\/\/www.manquecura.cl\/ciudad-del-este\/wp-json\/wp\/v2\/posts\/125906\/revisions\/125911"}],"wp:featuredmedia":[{"embeddable":true,"href":"https:\/\/www.manquecura.cl\/ciudad-del-este\/wp-json\/wp\/v2\/media\/125910"}],"wp:attachment":[{"href":"https:\/\/www.manquecura.cl\/ciudad-del-este\/wp-json\/wp\/v2\/media?parent=125906"}],"wp:term":[{"taxonomy":"category","embeddable":true,"href":"https:\/\/www.manquecura.cl\/ciudad-del-este\/wp-json\/wp\/v2\/categories?post=125906"},{"taxonomy":"post_tag","embeddable":true,"href":"https:\/\/www.manquecura.cl\/ciudad-del-este\/wp-json\/wp\/v2\/tags?post=125906"}],"curies":[{"name":"wp","href":"https:\/\/api.w.org\/{rel}","templated":true}]}}