{"id":125885,"date":"2025-04-01T13:12:44","date_gmt":"2025-04-01T13:12:44","guid":{"rendered":"https:\/\/www.manquecura.cl\/ciudad-del-este\/?p=125885"},"modified":"2025-04-01T13:16:07","modified_gmt":"2025-04-01T13:16:07","slug":"matematicas-en-accion-olimpiadas-2025-transforman-el-aprendizaje-en-aventura","status":"publish","type":"post","link":"https:\/\/www.manquecura.cl\/ciudad-del-este\/noticias\/matematicas-en-accion-olimpiadas-2025-transforman-el-aprendizaje-en-aventura\/","title":{"rendered":"\u00a1Matem\u00e1ticas en acci\u00f3n! Olimpiadas 2025 transforman el aprendizaje en aventura"},"content":{"rendered":"<p>Las Olimpiadas de Matem\u00e1tica 2025 fueron un rotundo \u00e9xito, convirtiendo el aprendizaje en una emocionante aventura para nuestros estudiantes desde Playgroup hasta IV medio. Durante varias jornadas, el colegio se llen\u00f3 de energ\u00eda y entusiasmo, donde el trabajo en equipo y la resoluci\u00f3n de desaf\u00edos fueron los protagonistas.<\/p>\n<p>A trav\u00e9s de innovadoras actividades como juegos interactivos, competencias por niveles y creativas obras de teatro, nuestros estudiantes descubrieron que las matem\u00e1ticas est\u00e1n presentes en cada aspecto de nuestra vida y que su aprendizaje puede ser una experiencia divertida y enriquecedora.<\/p>\n<p>As\u00ed, nuestros estudiantes disfrutaron y aprendieron al mismo tiempo. Adem\u00e1s, los organizadores buscaron que las matem\u00e1ticas sean vistas como una herramienta poderosa y accesible para todos.<\/p>\n<p>Felicitaciones a todos los profesores por su dedicaci\u00f3n y creatividad en la planificaci\u00f3n y ejecuci\u00f3n de cada actividad. Su pasi\u00f3n por la ense\u00f1anza hizo posible esta experiencia inolvidable.<\/p>\n<p>Tambi\u00e9n queremos felicitar a nuestros estudiantes por su entusiasmo, participaci\u00f3n y compromiso. Juntos, seguimos construyendo una comunidad donde el aprendizaje se vive con alegr\u00eda y pasi\u00f3n.<\/p>\n<p><strong>Revisa nuestra Galer\u00eda de Fotos<\/strong><\/p>\n<div id='gallery-2' class='gallery galleryid-125885 gallery-columns-4 gallery-size-thumbnail'><figure class='gallery-item'>\n\t\t\t<div class='gallery-icon landscape'>\n\t\t\t\t<a href='https:\/\/www.manquecura.cl\/ciudad-del-este\/wp-content\/uploads\/sites\/41\/2025\/04\/Olimpiada-Matematica-Manquecura-Ciudad-del-Este-3.png'><img loading=\"lazy\" decoding=\"async\" width=\"150\" height=\"150\" src=\"https:\/\/www.manquecura.cl\/ciudad-del-este\/wp-content\/uploads\/sites\/41\/2025\/04\/Olimpiada-Matematica-Manquecura-Ciudad-del-Este-3.png?w=150&amp;h=150&amp;crop=1\" class=\"attachment-thumbnail size-thumbnail\" alt=\"\" srcset=\"https:\/\/www.manquecura.cl\/ciudad-del-este\/wp-content\/uploads\/sites\/41\/2025\/04\/Olimpiada-Matematica-Manquecura-Ciudad-del-Este-3.png 1080w, https:\/\/www.manquecura.cl\/ciudad-del-este\/wp-content\/uploads\/sites\/41\/2025\/04\/Olimpiada-Matematica-Manquecura-Ciudad-del-Este-3.png?resize=150,150 150w, https:\/\/www.manquecura.cl\/ciudad-del-este\/wp-content\/uploads\/sites\/41\/2025\/04\/Olimpiada-Matematica-Manquecura-Ciudad-del-Este-3.png?resize=300,300 300w, https:\/\/www.manquecura.cl\/ciudad-del-este\/wp-content\/uploads\/sites\/41\/2025\/04\/Olimpiada-Matematica-Manquecura-Ciudad-del-Este-3.png?resize=768,768 768w, https:\/\/www.manquecura.cl\/ciudad-del-este\/wp-content\/uploads\/sites\/41\/2025\/04\/Olimpiada-Matematica-Manquecura-Ciudad-del-Este-3.png?resize=1024,1024 1024w\" sizes=\"auto, (max-width: 150px) 100vw, 150px\" \/><\/a>\n\t\t\t<\/div><\/figure><figure class='gallery-item'>\n\t\t\t<div class='gallery-icon landscape'>\n\t\t\t\t<a href='https:\/\/www.manquecura.cl\/ciudad-del-este\/wp-content\/uploads\/sites\/41\/2025\/04\/Olimpiada-Matematica-Manquecura-Ciudad-del-Este-4.png'><img loading=\"lazy\" decoding=\"async\" width=\"150\" height=\"150\" src=\"https:\/\/www.manquecura.cl\/ciudad-del-este\/wp-content\/uploads\/sites\/41\/2025\/04\/Olimpiada-Matematica-Manquecura-Ciudad-del-Este-4.png?w=150&amp;h=150&amp;crop=1\" class=\"attachment-thumbnail size-thumbnail\" alt=\"\" srcset=\"https:\/\/www.manquecura.cl\/ciudad-del-este\/wp-content\/uploads\/sites\/41\/2025\/04\/Olimpiada-Matematica-Manquecura-Ciudad-del-Este-4.png 1080w, https:\/\/www.manquecura.cl\/ciudad-del-este\/wp-content\/uploads\/sites\/41\/2025\/04\/Olimpiada-Matematica-Manquecura-Ciudad-del-Este-4.png?resize=150,150 150w, https:\/\/www.manquecura.cl\/ciudad-del-este\/wp-content\/uploads\/sites\/41\/2025\/04\/Olimpiada-Matematica-Manquecura-Ciudad-del-Este-4.png?resize=300,300 300w, https:\/\/www.manquecura.cl\/ciudad-del-este\/wp-content\/uploads\/sites\/41\/2025\/04\/Olimpiada-Matematica-Manquecura-Ciudad-del-Este-4.png?resize=768,768 768w, https:\/\/www.manquecura.cl\/ciudad-del-este\/wp-content\/uploads\/sites\/41\/2025\/04\/Olimpiada-Matematica-Manquecura-Ciudad-del-Este-4.png?resize=1024,1024 1024w\" sizes=\"auto, (max-width: 150px) 100vw, 150px\" \/><\/a>\n\t\t\t<\/div><\/figure><figure class='gallery-item'>\n\t\t\t<div class='gallery-icon landscape'>\n\t\t\t\t<a href='https:\/\/www.manquecura.cl\/ciudad-del-este\/wp-content\/uploads\/sites\/41\/2025\/04\/Olimpiada-Matematica-Manquecura-Ciudad-del-Este-10.png'><img loading=\"lazy\" decoding=\"async\" width=\"150\" height=\"150\" src=\"https:\/\/www.manquecura.cl\/ciudad-del-este\/wp-content\/uploads\/sites\/41\/2025\/04\/Olimpiada-Matematica-Manquecura-Ciudad-del-Este-10.png?w=150&amp;h=150&amp;crop=1\" class=\"attachment-thumbnail size-thumbnail\" alt=\"\" srcset=\"https:\/\/www.manquecura.cl\/ciudad-del-este\/wp-content\/uploads\/sites\/41\/2025\/04\/Olimpiada-Matematica-Manquecura-Ciudad-del-Este-10.png 1080w, https:\/\/www.manquecura.cl\/ciudad-del-este\/wp-content\/uploads\/sites\/41\/2025\/04\/Olimpiada-Matematica-Manquecura-Ciudad-del-Este-10.png?resize=150,150 150w, https:\/\/www.manquecura.cl\/ciudad-del-este\/wp-content\/uploads\/sites\/41\/2025\/04\/Olimpiada-Matematica-Manquecura-Ciudad-del-Este-10.png?resize=300,300 300w, https:\/\/www.manquecura.cl\/ciudad-del-este\/wp-content\/uploads\/sites\/41\/2025\/04\/Olimpiada-Matematica-Manquecura-Ciudad-del-Este-10.png?resize=768,768 768w, https:\/\/www.manquecura.cl\/ciudad-del-este\/wp-content\/uploads\/sites\/41\/2025\/04\/Olimpiada-Matematica-Manquecura-Ciudad-del-Este-10.png?resize=1024,1024 1024w\" sizes=\"auto, (max-width: 150px) 100vw, 150px\" \/><\/a>\n\t\t\t<\/div><\/figure><figure class='gallery-item'>\n\t\t\t<div class='gallery-icon landscape'>\n\t\t\t\t<a href='https:\/\/www.manquecura.cl\/ciudad-del-este\/wp-content\/uploads\/sites\/41\/2025\/04\/Olimpiada-Matematica-Manquecura-Ciudad-del-Este.png'><img loading=\"lazy\" decoding=\"async\" width=\"150\" height=\"150\" src=\"https:\/\/www.manquecura.cl\/ciudad-del-este\/wp-content\/uploads\/sites\/41\/2025\/04\/Olimpiada-Matematica-Manquecura-Ciudad-del-Este.png?w=150&amp;h=150&amp;crop=1\" class=\"attachment-thumbnail size-thumbnail\" alt=\"\" srcset=\"https:\/\/www.manquecura.cl\/ciudad-del-este\/wp-content\/uploads\/sites\/41\/2025\/04\/Olimpiada-Matematica-Manquecura-Ciudad-del-Este.png 1080w, https:\/\/www.manquecura.cl\/ciudad-del-este\/wp-content\/uploads\/sites\/41\/2025\/04\/Olimpiada-Matematica-Manquecura-Ciudad-del-Este.png?resize=150,150 150w, https:\/\/www.manquecura.cl\/ciudad-del-este\/wp-content\/uploads\/sites\/41\/2025\/04\/Olimpiada-Matematica-Manquecura-Ciudad-del-Este.png?resize=300,300 300w, https:\/\/www.manquecura.cl\/ciudad-del-este\/wp-content\/uploads\/sites\/41\/2025\/04\/Olimpiada-Matematica-Manquecura-Ciudad-del-Este.png?resize=768,768 768w, https:\/\/www.manquecura.cl\/ciudad-del-este\/wp-content\/uploads\/sites\/41\/2025\/04\/Olimpiada-Matematica-Manquecura-Ciudad-del-Este.png?resize=1024,1024 1024w\" sizes=\"auto, (max-width: 150px) 100vw, 150px\" \/><\/a>\n\t\t\t<\/div><\/figure><figure class='gallery-item'>\n\t\t\t<div class='gallery-icon landscape'>\n\t\t\t\t<a href='https:\/\/www.manquecura.cl\/ciudad-del-este\/wp-content\/uploads\/sites\/41\/2025\/04\/Olimpiada-Matematica-Manquecura-Ciudad-del-Este-7.png'><img loading=\"lazy\" decoding=\"async\" width=\"150\" height=\"150\" src=\"https:\/\/www.manquecura.cl\/ciudad-del-este\/wp-content\/uploads\/sites\/41\/2025\/04\/Olimpiada-Matematica-Manquecura-Ciudad-del-Este-7.png?w=150&amp;h=150&amp;crop=1\" class=\"attachment-thumbnail size-thumbnail\" alt=\"\" srcset=\"https:\/\/www.manquecura.cl\/ciudad-del-este\/wp-content\/uploads\/sites\/41\/2025\/04\/Olimpiada-Matematica-Manquecura-Ciudad-del-Este-7.png 1080w, https:\/\/www.manquecura.cl\/ciudad-del-este\/wp-content\/uploads\/sites\/41\/2025\/04\/Olimpiada-Matematica-Manquecura-Ciudad-del-Este-7.png?resize=150,150 150w, https:\/\/www.manquecura.cl\/ciudad-del-este\/wp-content\/uploads\/sites\/41\/2025\/04\/Olimpiada-Matematica-Manquecura-Ciudad-del-Este-7.png?resize=300,300 300w, https:\/\/www.manquecura.cl\/ciudad-del-este\/wp-content\/uploads\/sites\/41\/2025\/04\/Olimpiada-Matematica-Manquecura-Ciudad-del-Este-7.png?resize=768,768 768w, https:\/\/www.manquecura.cl\/ciudad-del-este\/wp-content\/uploads\/sites\/41\/2025\/04\/Olimpiada-Matematica-Manquecura-Ciudad-del-Este-7.png?resize=1024,1024 1024w\" sizes=\"auto, (max-width: 150px) 100vw, 150px\" \/><\/a>\n\t\t\t<\/div><\/figure><figure class='gallery-item'>\n\t\t\t<div class='gallery-icon landscape'>\n\t\t\t\t<a href='https:\/\/www.manquecura.cl\/ciudad-del-este\/wp-content\/uploads\/sites\/41\/2025\/04\/Olimpiada-Matematica-Manquecura-Ciudad-del-Este-2.png'><img loading=\"lazy\" decoding=\"async\" width=\"150\" height=\"150\" src=\"https:\/\/www.manquecura.cl\/ciudad-del-este\/wp-content\/uploads\/sites\/41\/2025\/04\/Olimpiada-Matematica-Manquecura-Ciudad-del-Este-2.png?w=150&amp;h=150&amp;crop=1\" class=\"attachment-thumbnail size-thumbnail\" alt=\"\" srcset=\"https:\/\/www.manquecura.cl\/ciudad-del-este\/wp-content\/uploads\/sites\/41\/2025\/04\/Olimpiada-Matematica-Manquecura-Ciudad-del-Este-2.png 1080w, https:\/\/www.manquecura.cl\/ciudad-del-este\/wp-content\/uploads\/sites\/41\/2025\/04\/Olimpiada-Matematica-Manquecura-Ciudad-del-Este-2.png?resize=150,150 150w, https:\/\/www.manquecura.cl\/ciudad-del-este\/wp-content\/uploads\/sites\/41\/2025\/04\/Olimpiada-Matematica-Manquecura-Ciudad-del-Este-2.png?resize=300,300 300w, https:\/\/www.manquecura.cl\/ciudad-del-este\/wp-content\/uploads\/sites\/41\/2025\/04\/Olimpiada-Matematica-Manquecura-Ciudad-del-Este-2.png?resize=768,768 768w, https:\/\/www.manquecura.cl\/ciudad-del-este\/wp-content\/uploads\/sites\/41\/2025\/04\/Olimpiada-Matematica-Manquecura-Ciudad-del-Este-2.png?resize=1024,1024 1024w\" sizes=\"auto, (max-width: 150px) 100vw, 150px\" \/><\/a>\n\t\t\t<\/div><\/figure><figure class='gallery-item'>\n\t\t\t<div class='gallery-icon landscape'>\n\t\t\t\t<a href='https:\/\/www.manquecura.cl\/ciudad-del-este\/wp-content\/uploads\/sites\/41\/2025\/04\/Olimpiada-Matematica-Manquecura-Ciudad-del-Este-5.png'><img loading=\"lazy\" decoding=\"async\" width=\"150\" height=\"150\" src=\"https:\/\/www.manquecura.cl\/ciudad-del-este\/wp-content\/uploads\/sites\/41\/2025\/04\/Olimpiada-Matematica-Manquecura-Ciudad-del-Este-5.png?w=150&amp;h=150&amp;crop=1\" class=\"attachment-thumbnail size-thumbnail\" alt=\"\" srcset=\"https:\/\/www.manquecura.cl\/ciudad-del-este\/wp-content\/uploads\/sites\/41\/2025\/04\/Olimpiada-Matematica-Manquecura-Ciudad-del-Este-5.png 1080w, https:\/\/www.manquecura.cl\/ciudad-del-este\/wp-content\/uploads\/sites\/41\/2025\/04\/Olimpiada-Matematica-Manquecura-Ciudad-del-Este-5.png?resize=150,150 150w, https:\/\/www.manquecura.cl\/ciudad-del-este\/wp-content\/uploads\/sites\/41\/2025\/04\/Olimpiada-Matematica-Manquecura-Ciudad-del-Este-5.png?resize=300,300 300w, https:\/\/www.manquecura.cl\/ciudad-del-este\/wp-content\/uploads\/sites\/41\/2025\/04\/Olimpiada-Matematica-Manquecura-Ciudad-del-Este-5.png?resize=768,768 768w, https:\/\/www.manquecura.cl\/ciudad-del-este\/wp-content\/uploads\/sites\/41\/2025\/04\/Olimpiada-Matematica-Manquecura-Ciudad-del-Este-5.png?resize=1024,1024 1024w\" sizes=\"auto, (max-width: 150px) 100vw, 150px\" \/><\/a>\n\t\t\t<\/div><\/figure><figure class='gallery-item'>\n\t\t\t<div class='gallery-icon landscape'>\n\t\t\t\t<a href='https:\/\/www.manquecura.cl\/ciudad-del-este\/wp-content\/uploads\/sites\/41\/2025\/04\/Olimpiada-Matematica-Manquecura-Ciudad-del-Este-6.png'><img loading=\"lazy\" decoding=\"async\" width=\"150\" height=\"150\" src=\"https:\/\/www.manquecura.cl\/ciudad-del-este\/wp-content\/uploads\/sites\/41\/2025\/04\/Olimpiada-Matematica-Manquecura-Ciudad-del-Este-6.png?w=150&amp;h=150&amp;crop=1\" class=\"attachment-thumbnail size-thumbnail\" alt=\"\" srcset=\"https:\/\/www.manquecura.cl\/ciudad-del-este\/wp-content\/uploads\/sites\/41\/2025\/04\/Olimpiada-Matematica-Manquecura-Ciudad-del-Este-6.png 1080w, https:\/\/www.manquecura.cl\/ciudad-del-este\/wp-content\/uploads\/sites\/41\/2025\/04\/Olimpiada-Matematica-Manquecura-Ciudad-del-Este-6.png?resize=150,150 150w, https:\/\/www.manquecura.cl\/ciudad-del-este\/wp-content\/uploads\/sites\/41\/2025\/04\/Olimpiada-Matematica-Manquecura-Ciudad-del-Este-6.png?resize=300,300 300w, https:\/\/www.manquecura.cl\/ciudad-del-este\/wp-content\/uploads\/sites\/41\/2025\/04\/Olimpiada-Matematica-Manquecura-Ciudad-del-Este-6.png?resize=768,768 768w, https:\/\/www.manquecura.cl\/ciudad-del-este\/wp-content\/uploads\/sites\/41\/2025\/04\/Olimpiada-Matematica-Manquecura-Ciudad-del-Este-6.png?resize=1024,1024 1024w\" sizes=\"auto, (max-width: 150px) 100vw, 150px\" \/><\/a>\n\t\t\t<\/div><\/figure><figure class='gallery-item'>\n\t\t\t<div class='gallery-icon landscape'>\n\t\t\t\t<a href='https:\/\/www.manquecura.cl\/ciudad-del-este\/wp-content\/uploads\/sites\/41\/2025\/04\/Olimpiada-Matematica-Manquecura-Ciudad-del-Este-8.png'><img loading=\"lazy\" decoding=\"async\" width=\"150\" height=\"150\" src=\"https:\/\/www.manquecura.cl\/ciudad-del-este\/wp-content\/uploads\/sites\/41\/2025\/04\/Olimpiada-Matematica-Manquecura-Ciudad-del-Este-8.png?w=150&amp;h=150&amp;crop=1\" class=\"attachment-thumbnail size-thumbnail\" alt=\"\" srcset=\"https:\/\/www.manquecura.cl\/ciudad-del-este\/wp-content\/uploads\/sites\/41\/2025\/04\/Olimpiada-Matematica-Manquecura-Ciudad-del-Este-8.png 1080w, https:\/\/www.manquecura.cl\/ciudad-del-este\/wp-content\/uploads\/sites\/41\/2025\/04\/Olimpiada-Matematica-Manquecura-Ciudad-del-Este-8.png?resize=150,150 150w, https:\/\/www.manquecura.cl\/ciudad-del-este\/wp-content\/uploads\/sites\/41\/2025\/04\/Olimpiada-Matematica-Manquecura-Ciudad-del-Este-8.png?resize=300,300 300w, https:\/\/www.manquecura.cl\/ciudad-del-este\/wp-content\/uploads\/sites\/41\/2025\/04\/Olimpiada-Matematica-Manquecura-Ciudad-del-Este-8.png?resize=768,768 768w, https:\/\/www.manquecura.cl\/ciudad-del-este\/wp-content\/uploads\/sites\/41\/2025\/04\/Olimpiada-Matematica-Manquecura-Ciudad-del-Este-8.png?resize=1024,1024 1024w\" sizes=\"auto, (max-width: 150px) 100vw, 150px\" \/><\/a>\n\t\t\t<\/div><\/figure><figure class='gallery-item'>\n\t\t\t<div class='gallery-icon landscape'>\n\t\t\t\t<a href='https:\/\/www.manquecura.cl\/ciudad-del-este\/wp-content\/uploads\/sites\/41\/2025\/04\/Olimpiada-Matematica-Manquecura-Ciudad-del-Este-9.png'><img loading=\"lazy\" decoding=\"async\" width=\"150\" height=\"150\" src=\"https:\/\/www.manquecura.cl\/ciudad-del-este\/wp-content\/uploads\/sites\/41\/2025\/04\/Olimpiada-Matematica-Manquecura-Ciudad-del-Este-9.png?w=150&amp;h=150&amp;crop=1\" class=\"attachment-thumbnail size-thumbnail\" alt=\"\" srcset=\"https:\/\/www.manquecura.cl\/ciudad-del-este\/wp-content\/uploads\/sites\/41\/2025\/04\/Olimpiada-Matematica-Manquecura-Ciudad-del-Este-9.png 1080w, https:\/\/www.manquecura.cl\/ciudad-del-este\/wp-content\/uploads\/sites\/41\/2025\/04\/Olimpiada-Matematica-Manquecura-Ciudad-del-Este-9.png?resize=150,150 150w, https:\/\/www.manquecura.cl\/ciudad-del-este\/wp-content\/uploads\/sites\/41\/2025\/04\/Olimpiada-Matematica-Manquecura-Ciudad-del-Este-9.png?resize=300,300 300w, https:\/\/www.manquecura.cl\/ciudad-del-este\/wp-content\/uploads\/sites\/41\/2025\/04\/Olimpiada-Matematica-Manquecura-Ciudad-del-Este-9.png?resize=768,768 768w, https:\/\/www.manquecura.cl\/ciudad-del-este\/wp-content\/uploads\/sites\/41\/2025\/04\/Olimpiada-Matematica-Manquecura-Ciudad-del-Este-9.png?resize=1024,1024 1024w\" sizes=\"auto, (max-width: 150px) 100vw, 150px\" \/><\/a>\n\t\t\t<\/div><\/figure><figure class='gallery-item'>\n\t\t\t<div class='gallery-icon landscape'>\n\t\t\t\t<a href='https:\/\/www.manquecura.cl\/ciudad-del-este\/wp-content\/uploads\/sites\/41\/2025\/04\/Olimpiada-Matematica-Manquecura-Ciudad-del-Este-11.png'><img loading=\"lazy\" decoding=\"async\" width=\"150\" height=\"150\" src=\"https:\/\/www.manquecura.cl\/ciudad-del-este\/wp-content\/uploads\/sites\/41\/2025\/04\/Olimpiada-Matematica-Manquecura-Ciudad-del-Este-11.png?w=150&amp;h=150&amp;crop=1\" class=\"attachment-thumbnail size-thumbnail\" alt=\"\" srcset=\"https:\/\/www.manquecura.cl\/ciudad-del-este\/wp-content\/uploads\/sites\/41\/2025\/04\/Olimpiada-Matematica-Manquecura-Ciudad-del-Este-11.png 1080w, https:\/\/www.manquecura.cl\/ciudad-del-este\/wp-content\/uploads\/sites\/41\/2025\/04\/Olimpiada-Matematica-Manquecura-Ciudad-del-Este-11.png?resize=150,150 150w, https:\/\/www.manquecura.cl\/ciudad-del-este\/wp-content\/uploads\/sites\/41\/2025\/04\/Olimpiada-Matematica-Manquecura-Ciudad-del-Este-11.png?resize=300,300 300w, https:\/\/www.manquecura.cl\/ciudad-del-este\/wp-content\/uploads\/sites\/41\/2025\/04\/Olimpiada-Matematica-Manquecura-Ciudad-del-Este-11.png?resize=768,768 768w, https:\/\/www.manquecura.cl\/ciudad-del-este\/wp-content\/uploads\/sites\/41\/2025\/04\/Olimpiada-Matematica-Manquecura-Ciudad-del-Este-11.png?resize=1024,1024 1024w\" sizes=\"auto, (max-width: 150px) 100vw, 150px\" \/><\/a>\n\t\t\t<\/div><\/figure>\n\t\t<\/div>\n\n"},"excerpt":{"rendered":"<p>Las Olimpiadas de Matem\u00e1tica 2025 fueron un rotundo \u00e9xito, convirtiendo el aprendizaje en una emocionante aventura para nuestros estudiantes desde Playgroup hasta IV medio. Durante varias jornadas, el colegio se llen\u00f3 de energ\u00eda y entusiasmo, donde el trabajo en equipo y la resoluci\u00f3n de desaf\u00edos fueron los protagonistas. A trav\u00e9s de innovadoras actividades como juegos [&hellip;]<\/p>\n","protected":false},"author":34,"featured_media":125886,"comment_status":"open","ping_status":"open","sticky":false,"template":"","format":"standard","meta":{"_acf_changed":false,"content-type":"","_jetpack_memberships_contains_paid_content":false,"footnotes":""},"categories":[1],"tags":[],"class_list":["post-125885","post","type-post","status-publish","format-standard","has-post-thumbnail","hentry","category-vida-escolar"],"acf":[],"yoast_head":"<!-- This site is optimized with the Yoast SEO plugin v27.1.1 - https:\/\/yoast.com\/product\/yoast-seo-wordpress\/ -->\n<title>\u00a1Matem\u00e1ticas en acci\u00f3n! Olimpiadas 2025 transforman el aprendizaje en aventura - Colegio Manquecura Ciudad del Este<\/title>\n<meta name=\"robots\" content=\"index, follow, max-snippet:-1, max-image-preview:large, max-video-preview:-1\" \/>\n<link rel=\"canonical\" href=\"https:\/\/www.manquecura.cl\/ciudad-del-este\/noticias\/matematicas-en-accion-olimpiadas-2025-transforman-el-aprendizaje-en-aventura\/\" \/>\n<meta property=\"og:locale\" content=\"es_ES\" \/>\n<meta property=\"og:type\" content=\"article\" \/>\n<meta property=\"og:title\" content=\"\u00a1Matem\u00e1ticas en acci\u00f3n! Olimpiadas 2025 transforman el aprendizaje en aventura - Colegio Manquecura Ciudad del Este\" \/>\n<meta property=\"og:description\" content=\"Las Olimpiadas de Matem\u00e1tica 2025 fueron un rotundo \u00e9xito, convirtiendo el aprendizaje en una emocionante aventura para nuestros estudiantes desde Playgroup hasta IV medio. Durante varias jornadas, el colegio se llen\u00f3 de energ\u00eda y entusiasmo, donde el trabajo en equipo y la resoluci\u00f3n de desaf\u00edos fueron los protagonistas. A trav\u00e9s de innovadoras actividades como juegos [&hellip;]\" \/>\n<meta property=\"og:url\" content=\"https:\/\/www.manquecura.cl\/ciudad-del-este\/noticias\/matematicas-en-accion-olimpiadas-2025-transforman-el-aprendizaje-en-aventura\/\" \/>\n<meta property=\"og:site_name\" content=\"Colegio Manquecura Ciudad del Este\" \/>\n<meta property=\"article:publisher\" content=\"http:\/\/www.facebook.com\/ColegiosManquecura\" \/>\n<meta property=\"article:published_time\" content=\"2025-04-01T13:12:44+00:00\" \/>\n<meta property=\"article:modified_time\" content=\"2025-04-01T13:16:07+00:00\" \/>\n<meta property=\"og:image\" content=\"https:\/\/www.manquecura.cl\/ciudad-del-este\/wp-content\/uploads\/sites\/41\/2025\/04\/Semana-Matematica-CDE.png\" \/>\n\t<meta property=\"og:image:width\" content=\"1116\" \/>\n\t<meta property=\"og:image:height\" content=\"550\" \/>\n\t<meta property=\"og:image:type\" content=\"image\/png\" \/>\n<meta name=\"author\" content=\"danielacastro\" \/>\n<meta name=\"twitter:card\" content=\"summary_large_image\" \/>\n<meta name=\"twitter:label1\" content=\"Escrito por\" \/>\n\t<meta name=\"twitter:data1\" content=\"danielacastro\" \/>\n\t<meta name=\"twitter:label2\" content=\"Tiempo de lectura\" \/>\n\t<meta name=\"twitter:data2\" content=\"2 minutos\" \/>\n<script type=\"application\/ld+json\" class=\"yoast-schema-graph\">{\"@context\":\"https:\/\/schema.org\",\"@graph\":[{\"@type\":\"Article\",\"@id\":\"https:\/\/www.manquecura.cl\/ciudad-del-este\/noticias\/matematicas-en-accion-olimpiadas-2025-transforman-el-aprendizaje-en-aventura\/#article\",\"isPartOf\":{\"@id\":\"https:\/\/www.manquecura.cl\/ciudad-del-este\/noticias\/matematicas-en-accion-olimpiadas-2025-transforman-el-aprendizaje-en-aventura\/\"},\"author\":{\"name\":\"danielacastro\",\"@id\":\"https:\/\/www.manquecura.cl\/ciudad-del-este\/#\/schema\/person\/5eb92a7b45165cdbdbb271bcdacc9d9e\"},\"headline\":\"\u00a1Matem\u00e1ticas en acci\u00f3n! Olimpiadas 2025 transforman el aprendizaje en aventura\",\"datePublished\":\"2025-04-01T13:12:44+00:00\",\"dateModified\":\"2025-04-01T13:16:07+00:00\",\"mainEntityOfPage\":{\"@id\":\"https:\/\/www.manquecura.cl\/ciudad-del-este\/noticias\/matematicas-en-accion-olimpiadas-2025-transforman-el-aprendizaje-en-aventura\/\"},\"wordCount\":208,\"commentCount\":0,\"publisher\":{\"@id\":\"https:\/\/www.manquecura.cl\/ciudad-del-este\/#organization\"},\"image\":{\"@id\":\"https:\/\/www.manquecura.cl\/ciudad-del-este\/noticias\/matematicas-en-accion-olimpiadas-2025-transforman-el-aprendizaje-en-aventura\/#primaryimage\"},\"thumbnailUrl\":\"https:\/\/www.manquecura.cl\/ciudad-del-este\/wp-content\/uploads\/sites\/41\/2025\/04\/Semana-Matematica-CDE.png\",\"articleSection\":[\"Vida Escolar\"],\"inLanguage\":\"es\",\"potentialAction\":[{\"@type\":\"CommentAction\",\"name\":\"Comment\",\"target\":[\"https:\/\/www.manquecura.cl\/ciudad-del-este\/noticias\/matematicas-en-accion-olimpiadas-2025-transforman-el-aprendizaje-en-aventura\/#respond\"]}]},{\"@type\":\"WebPage\",\"@id\":\"https:\/\/www.manquecura.cl\/ciudad-del-este\/noticias\/matematicas-en-accion-olimpiadas-2025-transforman-el-aprendizaje-en-aventura\/\",\"url\":\"https:\/\/www.manquecura.cl\/ciudad-del-este\/noticias\/matematicas-en-accion-olimpiadas-2025-transforman-el-aprendizaje-en-aventura\/\",\"name\":\"\u00a1Matem\u00e1ticas en acci\u00f3n! Olimpiadas 2025 transforman el aprendizaje en aventura - Colegio Manquecura Ciudad del Este\",\"isPartOf\":{\"@id\":\"https:\/\/www.manquecura.cl\/ciudad-del-este\/#website\"},\"primaryImageOfPage\":{\"@id\":\"https:\/\/www.manquecura.cl\/ciudad-del-este\/noticias\/matematicas-en-accion-olimpiadas-2025-transforman-el-aprendizaje-en-aventura\/#primaryimage\"},\"image\":{\"@id\":\"https:\/\/www.manquecura.cl\/ciudad-del-este\/noticias\/matematicas-en-accion-olimpiadas-2025-transforman-el-aprendizaje-en-aventura\/#primaryimage\"},\"thumbnailUrl\":\"https:\/\/www.manquecura.cl\/ciudad-del-este\/wp-content\/uploads\/sites\/41\/2025\/04\/Semana-Matematica-CDE.png\",\"datePublished\":\"2025-04-01T13:12:44+00:00\",\"dateModified\":\"2025-04-01T13:16:07+00:00\",\"breadcrumb\":{\"@id\":\"https:\/\/www.manquecura.cl\/ciudad-del-este\/noticias\/matematicas-en-accion-olimpiadas-2025-transforman-el-aprendizaje-en-aventura\/#breadcrumb\"},\"inLanguage\":\"es\",\"potentialAction\":[{\"@type\":\"ReadAction\",\"target\":[\"https:\/\/www.manquecura.cl\/ciudad-del-este\/noticias\/matematicas-en-accion-olimpiadas-2025-transforman-el-aprendizaje-en-aventura\/\"]}]},{\"@type\":\"ImageObject\",\"inLanguage\":\"es\",\"@id\":\"https:\/\/www.manquecura.cl\/ciudad-del-este\/noticias\/matematicas-en-accion-olimpiadas-2025-transforman-el-aprendizaje-en-aventura\/#primaryimage\",\"url\":\"https:\/\/www.manquecura.cl\/ciudad-del-este\/wp-content\/uploads\/sites\/41\/2025\/04\/Semana-Matematica-CDE.png\",\"contentUrl\":\"https:\/\/www.manquecura.cl\/ciudad-del-este\/wp-content\/uploads\/sites\/41\/2025\/04\/Semana-Matematica-CDE.png\",\"width\":1116,\"height\":550},{\"@type\":\"BreadcrumbList\",\"@id\":\"https:\/\/www.manquecura.cl\/ciudad-del-este\/noticias\/matematicas-en-accion-olimpiadas-2025-transforman-el-aprendizaje-en-aventura\/#breadcrumb\",\"itemListElement\":[{\"@type\":\"ListItem\",\"position\":1,\"name\":\"Home\",\"item\":\"https:\/\/www.manquecura.cl\/ciudad-del-este\/\"},{\"@type\":\"ListItem\",\"position\":2,\"name\":\"\u00a1Matem\u00e1ticas en acci\u00f3n! Olimpiadas 2025 transforman el aprendizaje en aventura\"}]},{\"@type\":\"WebSite\",\"@id\":\"https:\/\/www.manquecura.cl\/ciudad-del-este\/#website\",\"url\":\"https:\/\/www.manquecura.cl\/ciudad-del-este\/\",\"name\":\"Colegio Manquecura Ciudad del Este\",\"description\":\"\",\"publisher\":{\"@id\":\"https:\/\/www.manquecura.cl\/ciudad-del-este\/#organization\"},\"potentialAction\":[{\"@type\":\"SearchAction\",\"target\":{\"@type\":\"EntryPoint\",\"urlTemplate\":\"https:\/\/www.manquecura.cl\/ciudad-del-este\/?s={search_term_string}\"},\"query-input\":{\"@type\":\"PropertyValueSpecification\",\"valueRequired\":true,\"valueName\":\"search_term_string\"}}],\"inLanguage\":\"es\"},{\"@type\":\"Organization\",\"@id\":\"https:\/\/www.manquecura.cl\/ciudad-del-este\/#organization\",\"name\":\"Colegio Manquecura Ciudad del Este\",\"url\":\"https:\/\/www.manquecura.cl\/ciudad-del-este\/\",\"logo\":{\"@type\":\"ImageObject\",\"inLanguage\":\"es\",\"@id\":\"https:\/\/www.manquecura.cl\/ciudad-del-este\/#\/schema\/logo\/image\/\",\"url\":\"https:\/\/www.manquecura.cl\/ciudad-del-este\/wp-content\/uploads\/sites\/41\/2023\/09\/logo_Manquecura_Ciudad-del-Este_horizontal_color-1.png\",\"contentUrl\":\"https:\/\/www.manquecura.cl\/ciudad-del-este\/wp-content\/uploads\/sites\/41\/2023\/09\/logo_Manquecura_Ciudad-del-Este_horizontal_color-1.png\",\"width\":611,\"height\":183,\"caption\":\"Colegio Manquecura Ciudad del Este\"},\"image\":{\"@id\":\"https:\/\/www.manquecura.cl\/ciudad-del-este\/#\/schema\/logo\/image\/\"},\"sameAs\":[\"http:\/\/www.facebook.com\/ColegiosManquecura\",\"http:\/\/www.instagram.com\/manquecura_ciudaddeleste\/\",\"http:\/\/www.youtube.com\/c\/CognitaChile\"]},{\"@type\":\"Person\",\"@id\":\"https:\/\/www.manquecura.cl\/ciudad-del-este\/#\/schema\/person\/5eb92a7b45165cdbdbb271bcdacc9d9e\",\"name\":\"danielacastro\",\"image\":{\"@type\":\"ImageObject\",\"inLanguage\":\"es\",\"@id\":\"https:\/\/www.manquecura.cl\/ciudad-del-este\/#\/schema\/person\/image\/\",\"url\":\"https:\/\/secure.gravatar.com\/avatar\/16a603f2cc3ad485cabfe7c59b923050a809d8344cba940b4148737780592211?s=96&d=mm&r=g\",\"contentUrl\":\"https:\/\/secure.gravatar.com\/avatar\/16a603f2cc3ad485cabfe7c59b923050a809d8344cba940b4148737780592211?s=96&d=mm&r=g\",\"caption\":\"danielacastro\"}}]}<\/script>\n<!-- \/ Yoast SEO plugin. -->","yoast_head_json":{"title":"\u00a1Matem\u00e1ticas en acci\u00f3n! Olimpiadas 2025 transforman el aprendizaje en aventura - Colegio Manquecura Ciudad del Este","robots":{"index":"index","follow":"follow","max-snippet":"max-snippet:-1","max-image-preview":"max-image-preview:large","max-video-preview":"max-video-preview:-1"},"canonical":"https:\/\/www.manquecura.cl\/ciudad-del-este\/noticias\/matematicas-en-accion-olimpiadas-2025-transforman-el-aprendizaje-en-aventura\/","og_locale":"es_ES","og_type":"article","og_title":"\u00a1Matem\u00e1ticas en acci\u00f3n! Olimpiadas 2025 transforman el aprendizaje en aventura - Colegio Manquecura Ciudad del Este","og_description":"Las Olimpiadas de Matem\u00e1tica 2025 fueron un rotundo \u00e9xito, convirtiendo el aprendizaje en una emocionante aventura para nuestros estudiantes desde Playgroup hasta IV medio. Durante varias jornadas, el colegio se llen\u00f3 de energ\u00eda y entusiasmo, donde el trabajo en equipo y la resoluci\u00f3n de desaf\u00edos fueron los protagonistas. A trav\u00e9s de innovadoras actividades como juegos [&hellip;]","og_url":"https:\/\/www.manquecura.cl\/ciudad-del-este\/noticias\/matematicas-en-accion-olimpiadas-2025-transforman-el-aprendizaje-en-aventura\/","og_site_name":"Colegio Manquecura Ciudad del Este","article_publisher":"http:\/\/www.facebook.com\/ColegiosManquecura","article_published_time":"2025-04-01T13:12:44+00:00","article_modified_time":"2025-04-01T13:16:07+00:00","og_image":[{"width":1116,"height":550,"url":"https:\/\/www.manquecura.cl\/ciudad-del-este\/wp-content\/uploads\/sites\/41\/2025\/04\/Semana-Matematica-CDE.png","type":"image\/png"}],"author":"danielacastro","twitter_card":"summary_large_image","twitter_misc":{"Escrito por":"danielacastro","Tiempo de lectura":"2 minutos"},"schema":{"@context":"https:\/\/schema.org","@graph":[{"@type":"Article","@id":"https:\/\/www.manquecura.cl\/ciudad-del-este\/noticias\/matematicas-en-accion-olimpiadas-2025-transforman-el-aprendizaje-en-aventura\/#article","isPartOf":{"@id":"https:\/\/www.manquecura.cl\/ciudad-del-este\/noticias\/matematicas-en-accion-olimpiadas-2025-transforman-el-aprendizaje-en-aventura\/"},"author":{"name":"danielacastro","@id":"https:\/\/www.manquecura.cl\/ciudad-del-este\/#\/schema\/person\/5eb92a7b45165cdbdbb271bcdacc9d9e"},"headline":"\u00a1Matem\u00e1ticas en acci\u00f3n! Olimpiadas 2025 transforman el aprendizaje en aventura","datePublished":"2025-04-01T13:12:44+00:00","dateModified":"2025-04-01T13:16:07+00:00","mainEntityOfPage":{"@id":"https:\/\/www.manquecura.cl\/ciudad-del-este\/noticias\/matematicas-en-accion-olimpiadas-2025-transforman-el-aprendizaje-en-aventura\/"},"wordCount":208,"commentCount":0,"publisher":{"@id":"https:\/\/www.manquecura.cl\/ciudad-del-este\/#organization"},"image":{"@id":"https:\/\/www.manquecura.cl\/ciudad-del-este\/noticias\/matematicas-en-accion-olimpiadas-2025-transforman-el-aprendizaje-en-aventura\/#primaryimage"},"thumbnailUrl":"https:\/\/www.manquecura.cl\/ciudad-del-este\/wp-content\/uploads\/sites\/41\/2025\/04\/Semana-Matematica-CDE.png","articleSection":["Vida Escolar"],"inLanguage":"es","potentialAction":[{"@type":"CommentAction","name":"Comment","target":["https:\/\/www.manquecura.cl\/ciudad-del-este\/noticias\/matematicas-en-accion-olimpiadas-2025-transforman-el-aprendizaje-en-aventura\/#respond"]}]},{"@type":"WebPage","@id":"https:\/\/www.manquecura.cl\/ciudad-del-este\/noticias\/matematicas-en-accion-olimpiadas-2025-transforman-el-aprendizaje-en-aventura\/","url":"https:\/\/www.manquecura.cl\/ciudad-del-este\/noticias\/matematicas-en-accion-olimpiadas-2025-transforman-el-aprendizaje-en-aventura\/","name":"\u00a1Matem\u00e1ticas en acci\u00f3n! Olimpiadas 2025 transforman el aprendizaje en aventura - Colegio Manquecura Ciudad del Este","isPartOf":{"@id":"https:\/\/www.manquecura.cl\/ciudad-del-este\/#website"},"primaryImageOfPage":{"@id":"https:\/\/www.manquecura.cl\/ciudad-del-este\/noticias\/matematicas-en-accion-olimpiadas-2025-transforman-el-aprendizaje-en-aventura\/#primaryimage"},"image":{"@id":"https:\/\/www.manquecura.cl\/ciudad-del-este\/noticias\/matematicas-en-accion-olimpiadas-2025-transforman-el-aprendizaje-en-aventura\/#primaryimage"},"thumbnailUrl":"https:\/\/www.manquecura.cl\/ciudad-del-este\/wp-content\/uploads\/sites\/41\/2025\/04\/Semana-Matematica-CDE.png","datePublished":"2025-04-01T13:12:44+00:00","dateModified":"2025-04-01T13:16:07+00:00","breadcrumb":{"@id":"https:\/\/www.manquecura.cl\/ciudad-del-este\/noticias\/matematicas-en-accion-olimpiadas-2025-transforman-el-aprendizaje-en-aventura\/#breadcrumb"},"inLanguage":"es","potentialAction":[{"@type":"ReadAction","target":["https:\/\/www.manquecura.cl\/ciudad-del-este\/noticias\/matematicas-en-accion-olimpiadas-2025-transforman-el-aprendizaje-en-aventura\/"]}]},{"@type":"ImageObject","inLanguage":"es","@id":"https:\/\/www.manquecura.cl\/ciudad-del-este\/noticias\/matematicas-en-accion-olimpiadas-2025-transforman-el-aprendizaje-en-aventura\/#primaryimage","url":"https:\/\/www.manquecura.cl\/ciudad-del-este\/wp-content\/uploads\/sites\/41\/2025\/04\/Semana-Matematica-CDE.png","contentUrl":"https:\/\/www.manquecura.cl\/ciudad-del-este\/wp-content\/uploads\/sites\/41\/2025\/04\/Semana-Matematica-CDE.png","width":1116,"height":550},{"@type":"BreadcrumbList","@id":"https:\/\/www.manquecura.cl\/ciudad-del-este\/noticias\/matematicas-en-accion-olimpiadas-2025-transforman-el-aprendizaje-en-aventura\/#breadcrumb","itemListElement":[{"@type":"ListItem","position":1,"name":"Home","item":"https:\/\/www.manquecura.cl\/ciudad-del-este\/"},{"@type":"ListItem","position":2,"name":"\u00a1Matem\u00e1ticas en acci\u00f3n! Olimpiadas 2025 transforman el aprendizaje en aventura"}]},{"@type":"WebSite","@id":"https:\/\/www.manquecura.cl\/ciudad-del-este\/#website","url":"https:\/\/www.manquecura.cl\/ciudad-del-este\/","name":"Colegio Manquecura Ciudad del Este","description":"","publisher":{"@id":"https:\/\/www.manquecura.cl\/ciudad-del-este\/#organization"},"potentialAction":[{"@type":"SearchAction","target":{"@type":"EntryPoint","urlTemplate":"https:\/\/www.manquecura.cl\/ciudad-del-este\/?s={search_term_string}"},"query-input":{"@type":"PropertyValueSpecification","valueRequired":true,"valueName":"search_term_string"}}],"inLanguage":"es"},{"@type":"Organization","@id":"https:\/\/www.manquecura.cl\/ciudad-del-este\/#organization","name":"Colegio Manquecura Ciudad del Este","url":"https:\/\/www.manquecura.cl\/ciudad-del-este\/","logo":{"@type":"ImageObject","inLanguage":"es","@id":"https:\/\/www.manquecura.cl\/ciudad-del-este\/#\/schema\/logo\/image\/","url":"https:\/\/www.manquecura.cl\/ciudad-del-este\/wp-content\/uploads\/sites\/41\/2023\/09\/logo_Manquecura_Ciudad-del-Este_horizontal_color-1.png","contentUrl":"https:\/\/www.manquecura.cl\/ciudad-del-este\/wp-content\/uploads\/sites\/41\/2023\/09\/logo_Manquecura_Ciudad-del-Este_horizontal_color-1.png","width":611,"height":183,"caption":"Colegio Manquecura Ciudad del Este"},"image":{"@id":"https:\/\/www.manquecura.cl\/ciudad-del-este\/#\/schema\/logo\/image\/"},"sameAs":["http:\/\/www.facebook.com\/ColegiosManquecura","http:\/\/www.instagram.com\/manquecura_ciudaddeleste\/","http:\/\/www.youtube.com\/c\/CognitaChile"]},{"@type":"Person","@id":"https:\/\/www.manquecura.cl\/ciudad-del-este\/#\/schema\/person\/5eb92a7b45165cdbdbb271bcdacc9d9e","name":"danielacastro","image":{"@type":"ImageObject","inLanguage":"es","@id":"https:\/\/www.manquecura.cl\/ciudad-del-este\/#\/schema\/person\/image\/","url":"https:\/\/secure.gravatar.com\/avatar\/16a603f2cc3ad485cabfe7c59b923050a809d8344cba940b4148737780592211?s=96&d=mm&r=g","contentUrl":"https:\/\/secure.gravatar.com\/avatar\/16a603f2cc3ad485cabfe7c59b923050a809d8344cba940b4148737780592211?s=96&d=mm&r=g","caption":"danielacastro"}}]}},"jetpack_featured_media_url":"https:\/\/www.manquecura.cl\/ciudad-del-este\/wp-content\/uploads\/sites\/41\/2025\/04\/Semana-Matematica-CDE.png","previous_post_ID":125877,"previous_post_title":"SIMCE 2024: excelentes resultados obtuvieron nuestros estudiantes","previous_post_excerpt":"Estamos felices de compartir con toda nuestra comunidad educativa los excelentes resultados del SIMCE 2024 Nuestros 4\u00b0 b\u00e1sicos han logrado el 1\u00b0 lugar en todo Puente Alto, un reconocimiento a su esfuerzo, dedicaci\u00f3n y compromiso. Por otra parte, los 6\u00b0 b\u00e1sicos han obtenido el 2\u00b0 lugar a nivel comunal y los II medios han demostrado [&hellip;]","previous_post_link":"https:\/\/www.manquecura.cl\/ciudad-del-este\/noticias\/simce-2024-excelentes-resultados-obtuvieron-nuestros-estudiantes\/","previous_post_class":["post-125877","post","type-post","status-publish","format-standard","has-post-thumbnail","hentry","category-vida-escolar"],"next_post_ID":125906,"next_post_title":"Estudiantes de ense\u00f1anza media y direcci\u00f3n de estudios se unen por un bien com\u00fan","next_post_excerpt":"En una jornada llena de di\u00e1logo y participaci\u00f3n, estudiantes desde 7\u00b0 b\u00e1sico hasta IV medio se reunieron con el director de estudios de Ense\u00f1anza Media, Felipe Gonz\u00e1lez, para trabajar en un objetivo com\u00fan: fortalecer la convivencia escolar. La actividad, desarrollada en un ambiente de respeto y colaboraci\u00f3n, permiti\u00f3 que los coordinadores de curso se presentaran [&hellip;]","next_post_link":"https:\/\/www.manquecura.cl\/ciudad-del-este\/noticias\/estudiantes-de-ensenanza-media-y-direccion-de-estudios-se-unen-por-un-bien-comun\/","next_post_class":["post-125906","post","type-post","status-publish","format-standard","has-post-thumbnail","hentry","category-vida-escolar"],"jetpack_sharing_enabled":true,"_links":{"self":[{"href":"https:\/\/www.manquecura.cl\/ciudad-del-este\/wp-json\/wp\/v2\/posts\/125885","targetHints":{"allow":["GET"]}}],"collection":[{"href":"https:\/\/www.manquecura.cl\/ciudad-del-este\/wp-json\/wp\/v2\/posts"}],"about":[{"href":"https:\/\/www.manquecura.cl\/ciudad-del-este\/wp-json\/wp\/v2\/types\/post"}],"author":[{"embeddable":true,"href":"https:\/\/www.manquecura.cl\/ciudad-del-este\/wp-json\/wp\/v2\/users\/34"}],"replies":[{"embeddable":true,"href":"https:\/\/www.manquecura.cl\/ciudad-del-este\/wp-json\/wp\/v2\/comments?post=125885"}],"version-history":[{"count":2,"href":"https:\/\/www.manquecura.cl\/ciudad-del-este\/wp-json\/wp\/v2\/posts\/125885\/revisions"}],"predecessor-version":[{"id":125899,"href":"https:\/\/www.manquecura.cl\/ciudad-del-este\/wp-json\/wp\/v2\/posts\/125885\/revisions\/125899"}],"wp:featuredmedia":[{"embeddable":true,"href":"https:\/\/www.manquecura.cl\/ciudad-del-este\/wp-json\/wp\/v2\/media\/125886"}],"wp:attachment":[{"href":"https:\/\/www.manquecura.cl\/ciudad-del-este\/wp-json\/wp\/v2\/media?parent=125885"}],"wp:term":[{"taxonomy":"category","embeddable":true,"href":"https:\/\/www.manquecura.cl\/ciudad-del-este\/wp-json\/wp\/v2\/categories?post=125885"},{"taxonomy":"post_tag","embeddable":true,"href":"https:\/\/www.manquecura.cl\/ciudad-del-este\/wp-json\/wp\/v2\/tags?post=125885"}],"curies":[{"name":"wp","href":"https:\/\/api.w.org\/{rel}","templated":true}]}}