{"id":125739,"date":"2023-09-29T09:40:50","date_gmt":"2023-09-29T12:40:50","guid":{"rendered":"https:\/\/www.manquecura.cl\/ciudad-del-este\/?p=23238"},"modified":"2023-09-29T09:40:50","modified_gmt":"2023-09-29T12:40:50","slug":"charla-de-prevencion-de-suicidio-para-apoderados","status":"publish","type":"post","link":"https:\/\/www.manquecura.cl\/ciudad-del-este\/noticias\/charla-de-prevencion-de-suicidio-para-apoderados\/","title":{"rendered":"\u201cCharla de Prevenci\u00f3n de Suicidio para apoderados\u201d"},"content":{"rendered":"<p>Como parte de las actividades de nuestra campa\u00f1a anual de <strong>Salvaguarda #Hablemos<\/strong>, se realizar\u00e1 el <strong>jueves 19 de octubre a las 19.00 hrs.<\/strong>, una interesante charla online de <strong>\u201cPrevenci\u00f3n de Conducta Suicida en Estudiantes\u201d<\/strong> orientada a nuestras familias, realizada por Paulina del R\u00edo, especialista en el tema y miembro de la Comisi\u00f3n de Alto Nivel de Salud Mental y Covid-19 de la Organizaci\u00f3n Panamericana de la Salud, quien ya ha capacitado al personal de nuestro colegio y a los Equipos de Salvaguarda de la red Cognita Chile.<\/p>\n<p>Para el equipo de Salvaguarda, &#8220;el objetivo de este espacio es entregar conocimientos b\u00e1sicos de prevenci\u00f3n de suicidio, mediante el fomento de la salud mental de nuestros hijos e hijas, reconociendo los factores de riesgo y se\u00f1ales de alerta m\u00e1s frecuentes&#8221;.<\/p>\n<p>\u201cCreemos que hablar de suicidio es salvar vidas. Lo que hacemos es abrir la mirada. Muchas veces somos un trampol\u00edn hacia un psic\u00f3logo o una terapia\u201d, comenta Paulina del R\u00edo en entrevista a importante medio nacional.<\/p>\n<p>Los esperamos en la instancia, a trav\u00e9s de la plataforma TEAMS:<\/p>\n<p style=\"text-align: center\"><a href=\"https:\/\/events.teams.microsoft.com\/event\/29c2ec4d-2319-4589-8d9f-73a0b64508ff@06d2dc82-6fed-4d3b-9218-37d34fb0405b\"><strong>UNIRSE A LA REUNI\u00d3N AQU\u00cd<\/strong><\/a><\/p>\n<p>&nbsp;<\/p>\n<p style=\"text-align: center\"><strong>Colegio Manquecura Ciudad del Este<\/strong><\/p>\n"},"excerpt":{"rendered":"<p>Como parte de las actividades de nuestra campa\u00f1a anual de Salvaguarda #Hablemos, se realizar\u00e1 el jueves 19 de octubre a las 19.00 hrs., una interesante charla online de \u201cPrevenci\u00f3n de Conducta Suicida en Estudiantes\u201d orientada a nuestras familias, realizada por Paulina del R\u00edo, especialista en el tema y miembro de la Comisi\u00f3n de Alto Nivel [&hellip;]<\/p>\n","protected":false},"author":14,"featured_media":23257,"comment_status":"open","ping_status":"open","sticky":false,"template":"","format":"standard","meta":{"_acf_changed":false,"content-type":"","_jetpack_memberships_contains_paid_content":false,"footnotes":""},"categories":[1],"tags":[],"class_list":["post-125739","post","type-post","status-publish","format-standard","has-post-thumbnail","hentry","category-vida-escolar"],"acf":[],"yoast_head":"<!-- This site is optimized with the Yoast SEO plugin v27.1.1 - https:\/\/yoast.com\/product\/yoast-seo-wordpress\/ -->\n<title>\u201cCharla de Prevenci\u00f3n de Suicidio para apoderados\u201d - Colegio Manquecura Ciudad del Este<\/title>\n<meta name=\"robots\" content=\"index, follow, max-snippet:-1, max-image-preview:large, max-video-preview:-1\" \/>\n<link rel=\"canonical\" href=\"https:\/\/www.manquecura.cl\/ciudad-del-este\/noticias\/charla-de-prevencion-de-suicidio-para-apoderados\/\" \/>\n<meta property=\"og:locale\" content=\"es_ES\" \/>\n<meta property=\"og:type\" content=\"article\" \/>\n<meta property=\"og:title\" content=\"\u201cCharla de Prevenci\u00f3n de Suicidio para apoderados\u201d - Colegio Manquecura Ciudad del Este\" \/>\n<meta property=\"og:description\" content=\"Como parte de las actividades de nuestra campa\u00f1a anual de Salvaguarda #Hablemos, se realizar\u00e1 el jueves 19 de octubre a las 19.00 hrs., una interesante charla online de \u201cPrevenci\u00f3n de Conducta Suicida en Estudiantes\u201d orientada a nuestras familias, realizada por Paulina del R\u00edo, especialista en el tema y miembro de la Comisi\u00f3n de Alto Nivel [&hellip;]\" \/>\n<meta property=\"og:url\" content=\"https:\/\/www.manquecura.cl\/ciudad-del-este\/noticias\/charla-de-prevencion-de-suicidio-para-apoderados\/\" \/>\n<meta property=\"og:site_name\" content=\"Colegio Manquecura Ciudad del Este\" \/>\n<meta property=\"article:publisher\" content=\"http:\/\/www.facebook.com\/ColegiosManquecura\" \/>\n<meta property=\"article:published_time\" content=\"2023-09-29T12:40:50+00:00\" \/>\n<meta name=\"author\" content=\"jorgedelcampo\" \/>\n<meta name=\"twitter:card\" content=\"summary_large_image\" \/>\n<meta name=\"twitter:label1\" content=\"Escrito por\" \/>\n\t<meta name=\"twitter:data1\" content=\"jorgedelcampo\" \/>\n\t<meta name=\"twitter:label2\" content=\"Tiempo de lectura\" \/>\n\t<meta name=\"twitter:data2\" content=\"1 minuto\" \/>\n<script type=\"application\/ld+json\" class=\"yoast-schema-graph\">{\"@context\":\"https:\/\/schema.org\",\"@graph\":[{\"@type\":\"Article\",\"@id\":\"https:\/\/www.manquecura.cl\/ciudad-del-este\/noticias\/charla-de-prevencion-de-suicidio-para-apoderados\/#article\",\"isPartOf\":{\"@id\":\"https:\/\/www.manquecura.cl\/ciudad-del-este\/noticias\/charla-de-prevencion-de-suicidio-para-apoderados\/\"},\"author\":{\"name\":\"jorgedelcampo\",\"@id\":\"https:\/\/www.manquecura.cl\/ciudad-del-este\/#\/schema\/person\/0debeea140e397b5d490ee7e553255d8\"},\"headline\":\"\u201cCharla de Prevenci\u00f3n de Suicidio para apoderados\u201d\",\"datePublished\":\"2023-09-29T12:40:50+00:00\",\"mainEntityOfPage\":{\"@id\":\"https:\/\/www.manquecura.cl\/ciudad-del-este\/noticias\/charla-de-prevencion-de-suicidio-para-apoderados\/\"},\"wordCount\":206,\"commentCount\":0,\"publisher\":{\"@id\":\"https:\/\/www.manquecura.cl\/ciudad-del-este\/#organization\"},\"image\":{\"@id\":\"https:\/\/www.manquecura.cl\/ciudad-del-este\/noticias\/charla-de-prevencion-de-suicidio-para-apoderados\/#primaryimage\"},\"thumbnailUrl\":\"https:\/\/www.manquecura.cl\/ciudad-del-este\/wp-content\/uploads\/sites\/41\/2023\/10\/1.png\",\"articleSection\":[\"Vida Escolar\"],\"inLanguage\":\"es\",\"potentialAction\":[{\"@type\":\"CommentAction\",\"name\":\"Comment\",\"target\":[\"https:\/\/www.manquecura.cl\/ciudad-del-este\/noticias\/charla-de-prevencion-de-suicidio-para-apoderados\/#respond\"]}]},{\"@type\":\"WebPage\",\"@id\":\"https:\/\/www.manquecura.cl\/ciudad-del-este\/noticias\/charla-de-prevencion-de-suicidio-para-apoderados\/\",\"url\":\"https:\/\/www.manquecura.cl\/ciudad-del-este\/noticias\/charla-de-prevencion-de-suicidio-para-apoderados\/\",\"name\":\"\u201cCharla de Prevenci\u00f3n de Suicidio para apoderados\u201d - Colegio Manquecura Ciudad del Este\",\"isPartOf\":{\"@id\":\"https:\/\/www.manquecura.cl\/ciudad-del-este\/#website\"},\"primaryImageOfPage\":{\"@id\":\"https:\/\/www.manquecura.cl\/ciudad-del-este\/noticias\/charla-de-prevencion-de-suicidio-para-apoderados\/#primaryimage\"},\"image\":{\"@id\":\"https:\/\/www.manquecura.cl\/ciudad-del-este\/noticias\/charla-de-prevencion-de-suicidio-para-apoderados\/#primaryimage\"},\"thumbnailUrl\":\"https:\/\/www.manquecura.cl\/ciudad-del-este\/wp-content\/uploads\/sites\/41\/2023\/10\/1.png\",\"datePublished\":\"2023-09-29T12:40:50+00:00\",\"breadcrumb\":{\"@id\":\"https:\/\/www.manquecura.cl\/ciudad-del-este\/noticias\/charla-de-prevencion-de-suicidio-para-apoderados\/#breadcrumb\"},\"inLanguage\":\"es\",\"potentialAction\":[{\"@type\":\"ReadAction\",\"target\":[\"https:\/\/www.manquecura.cl\/ciudad-del-este\/noticias\/charla-de-prevencion-de-suicidio-para-apoderados\/\"]}]},{\"@type\":\"ImageObject\",\"inLanguage\":\"es\",\"@id\":\"https:\/\/www.manquecura.cl\/ciudad-del-este\/noticias\/charla-de-prevencion-de-suicidio-para-apoderados\/#primaryimage\",\"url\":\"https:\/\/www.manquecura.cl\/ciudad-del-este\/wp-content\/uploads\/sites\/41\/2023\/10\/1.png\",\"contentUrl\":\"https:\/\/www.manquecura.cl\/ciudad-del-este\/wp-content\/uploads\/sites\/41\/2023\/10\/1.png\",\"width\":836,\"height\":523},{\"@type\":\"BreadcrumbList\",\"@id\":\"https:\/\/www.manquecura.cl\/ciudad-del-este\/noticias\/charla-de-prevencion-de-suicidio-para-apoderados\/#breadcrumb\",\"itemListElement\":[{\"@type\":\"ListItem\",\"position\":1,\"name\":\"Home\",\"item\":\"https:\/\/www.manquecura.cl\/ciudad-del-este\/\"},{\"@type\":\"ListItem\",\"position\":2,\"name\":\"\u201cCharla de Prevenci\u00f3n de Suicidio para apoderados\u201d\"}]},{\"@type\":\"WebSite\",\"@id\":\"https:\/\/www.manquecura.cl\/ciudad-del-este\/#website\",\"url\":\"https:\/\/www.manquecura.cl\/ciudad-del-este\/\",\"name\":\"Colegio Manquecura Ciudad del Este\",\"description\":\"\",\"publisher\":{\"@id\":\"https:\/\/www.manquecura.cl\/ciudad-del-este\/#organization\"},\"potentialAction\":[{\"@type\":\"SearchAction\",\"target\":{\"@type\":\"EntryPoint\",\"urlTemplate\":\"https:\/\/www.manquecura.cl\/ciudad-del-este\/?s={search_term_string}\"},\"query-input\":{\"@type\":\"PropertyValueSpecification\",\"valueRequired\":true,\"valueName\":\"search_term_string\"}}],\"inLanguage\":\"es\"},{\"@type\":\"Organization\",\"@id\":\"https:\/\/www.manquecura.cl\/ciudad-del-este\/#organization\",\"name\":\"Colegio Manquecura Ciudad del Este\",\"url\":\"https:\/\/www.manquecura.cl\/ciudad-del-este\/\",\"logo\":{\"@type\":\"ImageObject\",\"inLanguage\":\"es\",\"@id\":\"https:\/\/www.manquecura.cl\/ciudad-del-este\/#\/schema\/logo\/image\/\",\"url\":\"https:\/\/www.manquecura.cl\/ciudad-del-este\/wp-content\/uploads\/sites\/41\/2023\/09\/logo_Manquecura_Ciudad-del-Este_horizontal_color-1.png\",\"contentUrl\":\"https:\/\/www.manquecura.cl\/ciudad-del-este\/wp-content\/uploads\/sites\/41\/2023\/09\/logo_Manquecura_Ciudad-del-Este_horizontal_color-1.png\",\"width\":611,\"height\":183,\"caption\":\"Colegio Manquecura Ciudad del Este\"},\"image\":{\"@id\":\"https:\/\/www.manquecura.cl\/ciudad-del-este\/#\/schema\/logo\/image\/\"},\"sameAs\":[\"http:\/\/www.facebook.com\/ColegiosManquecura\",\"http:\/\/www.instagram.com\/manquecura_ciudaddeleste\/\",\"http:\/\/www.youtube.com\/c\/CognitaChile\"]},{\"@type\":\"Person\",\"@id\":\"https:\/\/www.manquecura.cl\/ciudad-del-este\/#\/schema\/person\/0debeea140e397b5d490ee7e553255d8\",\"name\":\"jorgedelcampo\",\"image\":{\"@type\":\"ImageObject\",\"inLanguage\":\"es\",\"@id\":\"https:\/\/www.manquecura.cl\/ciudad-del-este\/#\/schema\/person\/image\/\",\"url\":\"https:\/\/secure.gravatar.com\/avatar\/4a315f521213b2dc91dbda9bf799f711c8a98ab6f5606ec42cf5b33d1e762e8a?s=96&d=mm&r=g\",\"contentUrl\":\"https:\/\/secure.gravatar.com\/avatar\/4a315f521213b2dc91dbda9bf799f711c8a98ab6f5606ec42cf5b33d1e762e8a?s=96&d=mm&r=g\",\"caption\":\"jorgedelcampo\"}}]}<\/script>\n<!-- \/ Yoast SEO plugin. -->","yoast_head_json":{"title":"\u201cCharla de Prevenci\u00f3n de Suicidio para apoderados\u201d - Colegio Manquecura Ciudad del Este","robots":{"index":"index","follow":"follow","max-snippet":"max-snippet:-1","max-image-preview":"max-image-preview:large","max-video-preview":"max-video-preview:-1"},"canonical":"https:\/\/www.manquecura.cl\/ciudad-del-este\/noticias\/charla-de-prevencion-de-suicidio-para-apoderados\/","og_locale":"es_ES","og_type":"article","og_title":"\u201cCharla de Prevenci\u00f3n de Suicidio para apoderados\u201d - Colegio Manquecura Ciudad del Este","og_description":"Como parte de las actividades de nuestra campa\u00f1a anual de Salvaguarda #Hablemos, se realizar\u00e1 el jueves 19 de octubre a las 19.00 hrs., una interesante charla online de \u201cPrevenci\u00f3n de Conducta Suicida en Estudiantes\u201d orientada a nuestras familias, realizada por Paulina del R\u00edo, especialista en el tema y miembro de la Comisi\u00f3n de Alto Nivel [&hellip;]","og_url":"https:\/\/www.manquecura.cl\/ciudad-del-este\/noticias\/charla-de-prevencion-de-suicidio-para-apoderados\/","og_site_name":"Colegio Manquecura Ciudad del Este","article_publisher":"http:\/\/www.facebook.com\/ColegiosManquecura","article_published_time":"2023-09-29T12:40:50+00:00","author":"jorgedelcampo","twitter_card":"summary_large_image","twitter_misc":{"Escrito por":"jorgedelcampo","Tiempo de lectura":"1 minuto"},"schema":{"@context":"https:\/\/schema.org","@graph":[{"@type":"Article","@id":"https:\/\/www.manquecura.cl\/ciudad-del-este\/noticias\/charla-de-prevencion-de-suicidio-para-apoderados\/#article","isPartOf":{"@id":"https:\/\/www.manquecura.cl\/ciudad-del-este\/noticias\/charla-de-prevencion-de-suicidio-para-apoderados\/"},"author":{"name":"jorgedelcampo","@id":"https:\/\/www.manquecura.cl\/ciudad-del-este\/#\/schema\/person\/0debeea140e397b5d490ee7e553255d8"},"headline":"\u201cCharla de Prevenci\u00f3n de Suicidio para apoderados\u201d","datePublished":"2023-09-29T12:40:50+00:00","mainEntityOfPage":{"@id":"https:\/\/www.manquecura.cl\/ciudad-del-este\/noticias\/charla-de-prevencion-de-suicidio-para-apoderados\/"},"wordCount":206,"commentCount":0,"publisher":{"@id":"https:\/\/www.manquecura.cl\/ciudad-del-este\/#organization"},"image":{"@id":"https:\/\/www.manquecura.cl\/ciudad-del-este\/noticias\/charla-de-prevencion-de-suicidio-para-apoderados\/#primaryimage"},"thumbnailUrl":"https:\/\/www.manquecura.cl\/ciudad-del-este\/wp-content\/uploads\/sites\/41\/2023\/10\/1.png","articleSection":["Vida Escolar"],"inLanguage":"es","potentialAction":[{"@type":"CommentAction","name":"Comment","target":["https:\/\/www.manquecura.cl\/ciudad-del-este\/noticias\/charla-de-prevencion-de-suicidio-para-apoderados\/#respond"]}]},{"@type":"WebPage","@id":"https:\/\/www.manquecura.cl\/ciudad-del-este\/noticias\/charla-de-prevencion-de-suicidio-para-apoderados\/","url":"https:\/\/www.manquecura.cl\/ciudad-del-este\/noticias\/charla-de-prevencion-de-suicidio-para-apoderados\/","name":"\u201cCharla de Prevenci\u00f3n de Suicidio para apoderados\u201d - Colegio Manquecura Ciudad del Este","isPartOf":{"@id":"https:\/\/www.manquecura.cl\/ciudad-del-este\/#website"},"primaryImageOfPage":{"@id":"https:\/\/www.manquecura.cl\/ciudad-del-este\/noticias\/charla-de-prevencion-de-suicidio-para-apoderados\/#primaryimage"},"image":{"@id":"https:\/\/www.manquecura.cl\/ciudad-del-este\/noticias\/charla-de-prevencion-de-suicidio-para-apoderados\/#primaryimage"},"thumbnailUrl":"https:\/\/www.manquecura.cl\/ciudad-del-este\/wp-content\/uploads\/sites\/41\/2023\/10\/1.png","datePublished":"2023-09-29T12:40:50+00:00","breadcrumb":{"@id":"https:\/\/www.manquecura.cl\/ciudad-del-este\/noticias\/charla-de-prevencion-de-suicidio-para-apoderados\/#breadcrumb"},"inLanguage":"es","potentialAction":[{"@type":"ReadAction","target":["https:\/\/www.manquecura.cl\/ciudad-del-este\/noticias\/charla-de-prevencion-de-suicidio-para-apoderados\/"]}]},{"@type":"ImageObject","inLanguage":"es","@id":"https:\/\/www.manquecura.cl\/ciudad-del-este\/noticias\/charla-de-prevencion-de-suicidio-para-apoderados\/#primaryimage","url":"https:\/\/www.manquecura.cl\/ciudad-del-este\/wp-content\/uploads\/sites\/41\/2023\/10\/1.png","contentUrl":"https:\/\/www.manquecura.cl\/ciudad-del-este\/wp-content\/uploads\/sites\/41\/2023\/10\/1.png","width":836,"height":523},{"@type":"BreadcrumbList","@id":"https:\/\/www.manquecura.cl\/ciudad-del-este\/noticias\/charla-de-prevencion-de-suicidio-para-apoderados\/#breadcrumb","itemListElement":[{"@type":"ListItem","position":1,"name":"Home","item":"https:\/\/www.manquecura.cl\/ciudad-del-este\/"},{"@type":"ListItem","position":2,"name":"\u201cCharla de Prevenci\u00f3n de Suicidio para apoderados\u201d"}]},{"@type":"WebSite","@id":"https:\/\/www.manquecura.cl\/ciudad-del-este\/#website","url":"https:\/\/www.manquecura.cl\/ciudad-del-este\/","name":"Colegio Manquecura Ciudad del Este","description":"","publisher":{"@id":"https:\/\/www.manquecura.cl\/ciudad-del-este\/#organization"},"potentialAction":[{"@type":"SearchAction","target":{"@type":"EntryPoint","urlTemplate":"https:\/\/www.manquecura.cl\/ciudad-del-este\/?s={search_term_string}"},"query-input":{"@type":"PropertyValueSpecification","valueRequired":true,"valueName":"search_term_string"}}],"inLanguage":"es"},{"@type":"Organization","@id":"https:\/\/www.manquecura.cl\/ciudad-del-este\/#organization","name":"Colegio Manquecura Ciudad del Este","url":"https:\/\/www.manquecura.cl\/ciudad-del-este\/","logo":{"@type":"ImageObject","inLanguage":"es","@id":"https:\/\/www.manquecura.cl\/ciudad-del-este\/#\/schema\/logo\/image\/","url":"https:\/\/www.manquecura.cl\/ciudad-del-este\/wp-content\/uploads\/sites\/41\/2023\/09\/logo_Manquecura_Ciudad-del-Este_horizontal_color-1.png","contentUrl":"https:\/\/www.manquecura.cl\/ciudad-del-este\/wp-content\/uploads\/sites\/41\/2023\/09\/logo_Manquecura_Ciudad-del-Este_horizontal_color-1.png","width":611,"height":183,"caption":"Colegio Manquecura Ciudad del Este"},"image":{"@id":"https:\/\/www.manquecura.cl\/ciudad-del-este\/#\/schema\/logo\/image\/"},"sameAs":["http:\/\/www.facebook.com\/ColegiosManquecura","http:\/\/www.instagram.com\/manquecura_ciudaddeleste\/","http:\/\/www.youtube.com\/c\/CognitaChile"]},{"@type":"Person","@id":"https:\/\/www.manquecura.cl\/ciudad-del-este\/#\/schema\/person\/0debeea140e397b5d490ee7e553255d8","name":"jorgedelcampo","image":{"@type":"ImageObject","inLanguage":"es","@id":"https:\/\/www.manquecura.cl\/ciudad-del-este\/#\/schema\/person\/image\/","url":"https:\/\/secure.gravatar.com\/avatar\/4a315f521213b2dc91dbda9bf799f711c8a98ab6f5606ec42cf5b33d1e762e8a?s=96&d=mm&r=g","contentUrl":"https:\/\/secure.gravatar.com\/avatar\/4a315f521213b2dc91dbda9bf799f711c8a98ab6f5606ec42cf5b33d1e762e8a?s=96&d=mm&r=g","caption":"jorgedelcampo"}}]}},"jetpack_featured_media_url":"https:\/\/www.manquecura.cl\/ciudad-del-este\/wp-content\/uploads\/sites\/41\/2023\/10\/1.png","previous_post_ID":125738,"previous_post_title":"Hemos recibido una nueva Certificaci\u00f3n de Excelencia","previous_post_excerpt":"Nos enorgullece anunciar que nuestro colegio ha recibido, una vez m\u00e1s, una nueva Certificaci\u00f3n de Excelencia, otorgada por el Ministerio del Medio Ambiente, siendo un\u00a0 importante reconocimiento que recibimos con la mayor de las alegr\u00edas por todo el trabajo realizado en los \u00faltimos meses. Este reconocimiento que nos certifica ambientalmente, se obtuvo gracias al desarrollo [&hellip;]","previous_post_link":"https:\/\/www.manquecura.cl\/ciudad-del-este\/noticias\/hemos-recibido-una-nueva-certificacion-de-excelencia\/","previous_post_class":["post-125738","post","type-post","status-publish","format-standard","has-post-thumbnail","hentry","category-vida-escolar"],"next_post_ID":125741,"next_post_title":"\u00a1As\u00ed vivimos el Global Be Well Day 2023!","next_post_excerpt":"Con mucho entusiasmo celebramos un nuevo Global Be Well Day o D\u00eda del Bienestar en nuestro colegio, con la participaci\u00f3n de alumnos de todos los ciclos, docentes, administrativos y apoderados, en las distintas actividades en torno a las tem\u00e1ticas de esta jornada, en la que destac\u00f3 el uso de las pantallas. Asimismo, tuvimos una activaci\u00f3n [&hellip;]","next_post_link":"https:\/\/www.manquecura.cl\/ciudad-del-este\/noticias\/asi-vivimos-el-global-be-well-day-2023\/","next_post_class":["post-125741","post","type-post","status-publish","format-standard","has-post-thumbnail","hentry","category-vida-escolar"],"jetpack_sharing_enabled":true,"_links":{"self":[{"href":"https:\/\/www.manquecura.cl\/ciudad-del-este\/wp-json\/wp\/v2\/posts\/125739","targetHints":{"allow":["GET"]}}],"collection":[{"href":"https:\/\/www.manquecura.cl\/ciudad-del-este\/wp-json\/wp\/v2\/posts"}],"about":[{"href":"https:\/\/www.manquecura.cl\/ciudad-del-este\/wp-json\/wp\/v2\/types\/post"}],"author":[{"embeddable":true,"href":"https:\/\/www.manquecura.cl\/ciudad-del-este\/wp-json\/wp\/v2\/users\/14"}],"replies":[{"embeddable":true,"href":"https:\/\/www.manquecura.cl\/ciudad-del-este\/wp-json\/wp\/v2\/comments?post=125739"}],"version-history":[{"count":0,"href":"https:\/\/www.manquecura.cl\/ciudad-del-este\/wp-json\/wp\/v2\/posts\/125739\/revisions"}],"wp:featuredmedia":[{"embeddable":true,"href":"https:\/\/www.manquecura.cl\/ciudad-del-este\/wp-json\/wp\/v2\/media\/23257"}],"wp:attachment":[{"href":"https:\/\/www.manquecura.cl\/ciudad-del-este\/wp-json\/wp\/v2\/media?parent=125739"}],"wp:term":[{"taxonomy":"category","embeddable":true,"href":"https:\/\/www.manquecura.cl\/ciudad-del-este\/wp-json\/wp\/v2\/categories?post=125739"},{"taxonomy":"post_tag","embeddable":true,"href":"https:\/\/www.manquecura.cl\/ciudad-del-este\/wp-json\/wp\/v2\/tags?post=125739"}],"curies":[{"name":"wp","href":"https:\/\/api.w.org\/{rel}","templated":true}]}}