{"id":125714,"date":"2023-08-04T10:06:01","date_gmt":"2023-08-04T14:06:01","guid":{"rendered":"https:\/\/www.manquecura.cl\/ciudad-del-este\/?p=22875"},"modified":"2023-08-04T10:06:01","modified_gmt":"2023-08-04T14:06:01","slug":"taller-de-injuv-violencia-de-genero-y-en-el-pololeo","status":"publish","type":"post","link":"https:\/\/www.manquecura.cl\/ciudad-del-este\/noticias\/taller-de-injuv-violencia-de-genero-y-en-el-pololeo\/","title":{"rendered":"Taller de INJUV: \u201cViolencia de g\u00e9nero y en el pololeo\u201d"},"content":{"rendered":"<p>Estudiantes de I a IV Medio participaron del taller realizado por el Instituto Nacional de la Juventud (INJUV), para trabajar con ellos en tem\u00e1ticas relacionadas a la \u201cViolencia de g\u00e9nero y en el pololeo\u201d.<\/p>\n<p>Desde las redes sociales durante el ultimo tiempo se ha evidenciado una normalizaci\u00f3n de lo que los j\u00f3venes y adolescentes llaman relaciones &#8220;t\u00f3xicas&#8221;, como una manera de vincularse y aceptando comportamientos violentos y que coartan la libertad del otro, es por ello que nace la necesidad de implementar espacios a nivel barrial en donde mujeres y hombres puedan ir identificando ciertas situaciones de violencia, adem\u00e1s de adquirir herramientas para abordar hechos de violencia dentro de sus pololeos.<\/p>\n<p>En un sondeo realizado por INJUV, se visualiz\u00f3 que el 40% de las y los j\u00f3venes manifiesta que sus parejas revisan sus tel\u00e9fonos celulares, y un 34% refiere haber recibido insultos o gritos por sus parejas. De acuerdo a estos datos obtenidos, la entidad trabaja en la revisi\u00f3n de los modos en que las violencias de g\u00e9nero se actualizan incorporando formas nuevas formas de comunicaci\u00f3n y tecnolog\u00edas. (Fuente: https:\/\/www.injuv.gob.cl\/)<\/p>\n<p>&nbsp;<\/p>\n<p style=\"text-align: center\"><strong>Colegio Manquecura Ciudad del Este<\/strong><\/p>\n<p>&nbsp;<\/p>\n<p>[multimedia id=&#8221;1&#8243;]<\/p>\n"},"excerpt":{"rendered":"<p>Estudiantes de I a IV Medio participaron del taller realizado por el Instituto Nacional de la Juventud (INJUV), para trabajar con ellos en tem\u00e1ticas relacionadas a la \u201cViolencia de g\u00e9nero y en el pololeo\u201d. Desde las redes sociales durante el ultimo tiempo se ha evidenciado una normalizaci\u00f3n de lo que los j\u00f3venes y adolescentes llaman [&hellip;]<\/p>\n","protected":false},"author":14,"featured_media":22909,"comment_status":"open","ping_status":"open","sticky":false,"template":"","format":"standard","meta":{"_acf_changed":false,"content-type":"","_jetpack_memberships_contains_paid_content":false,"footnotes":""},"categories":[1],"tags":[],"class_list":["post-125714","post","type-post","status-publish","format-standard","has-post-thumbnail","hentry","category-vida-escolar"],"acf":[],"yoast_head":"<!-- This site is optimized with the Yoast SEO plugin v27.1.1 - https:\/\/yoast.com\/product\/yoast-seo-wordpress\/ -->\n<title>Taller de INJUV: \u201cViolencia de g\u00e9nero y en el pololeo\u201d - Colegio Manquecura Ciudad del Este<\/title>\n<meta name=\"robots\" content=\"index, follow, max-snippet:-1, max-image-preview:large, max-video-preview:-1\" \/>\n<link rel=\"canonical\" href=\"https:\/\/www.manquecura.cl\/ciudad-del-este\/noticias\/taller-de-injuv-violencia-de-genero-y-en-el-pololeo\/\" \/>\n<meta property=\"og:locale\" content=\"es_ES\" \/>\n<meta property=\"og:type\" content=\"article\" \/>\n<meta property=\"og:title\" content=\"Taller de INJUV: \u201cViolencia de g\u00e9nero y en el pololeo\u201d - Colegio Manquecura Ciudad del Este\" \/>\n<meta property=\"og:description\" content=\"Estudiantes de I a IV Medio participaron del taller realizado por el Instituto Nacional de la Juventud (INJUV), para trabajar con ellos en tem\u00e1ticas relacionadas a la \u201cViolencia de g\u00e9nero y en el pololeo\u201d. Desde las redes sociales durante el ultimo tiempo se ha evidenciado una normalizaci\u00f3n de lo que los j\u00f3venes y adolescentes llaman [&hellip;]\" \/>\n<meta property=\"og:url\" content=\"https:\/\/www.manquecura.cl\/ciudad-del-este\/noticias\/taller-de-injuv-violencia-de-genero-y-en-el-pololeo\/\" \/>\n<meta property=\"og:site_name\" content=\"Colegio Manquecura Ciudad del Este\" \/>\n<meta property=\"article:publisher\" content=\"http:\/\/www.facebook.com\/ColegiosManquecura\" \/>\n<meta property=\"article:published_time\" content=\"2023-08-04T14:06:01+00:00\" \/>\n<meta name=\"author\" content=\"jorgedelcampo\" \/>\n<meta name=\"twitter:card\" content=\"summary_large_image\" \/>\n<meta name=\"twitter:label1\" content=\"Escrito por\" \/>\n\t<meta name=\"twitter:data1\" content=\"jorgedelcampo\" \/>\n\t<meta name=\"twitter:label2\" content=\"Tiempo de lectura\" \/>\n\t<meta name=\"twitter:data2\" content=\"1 minuto\" \/>\n<script type=\"application\/ld+json\" class=\"yoast-schema-graph\">{\"@context\":\"https:\/\/schema.org\",\"@graph\":[{\"@type\":\"Article\",\"@id\":\"https:\/\/www.manquecura.cl\/ciudad-del-este\/noticias\/taller-de-injuv-violencia-de-genero-y-en-el-pololeo\/#article\",\"isPartOf\":{\"@id\":\"https:\/\/www.manquecura.cl\/ciudad-del-este\/noticias\/taller-de-injuv-violencia-de-genero-y-en-el-pololeo\/\"},\"author\":{\"name\":\"jorgedelcampo\",\"@id\":\"https:\/\/www.manquecura.cl\/ciudad-del-este\/#\/schema\/person\/0debeea140e397b5d490ee7e553255d8\"},\"headline\":\"Taller de INJUV: \u201cViolencia de g\u00e9nero y en el pololeo\u201d\",\"datePublished\":\"2023-08-04T14:06:01+00:00\",\"mainEntityOfPage\":{\"@id\":\"https:\/\/www.manquecura.cl\/ciudad-del-este\/noticias\/taller-de-injuv-violencia-de-genero-y-en-el-pololeo\/\"},\"wordCount\":214,\"commentCount\":0,\"publisher\":{\"@id\":\"https:\/\/www.manquecura.cl\/ciudad-del-este\/#organization\"},\"image\":{\"@id\":\"https:\/\/www.manquecura.cl\/ciudad-del-este\/noticias\/taller-de-injuv-violencia-de-genero-y-en-el-pololeo\/#primaryimage\"},\"thumbnailUrl\":\"https:\/\/www.manquecura.cl\/ciudad-del-este\/wp-content\/uploads\/sites\/41\/2023\/08\/Taller-INJUV-Manquecura-Ciudad-del-Este.png\",\"articleSection\":[\"Vida Escolar\"],\"inLanguage\":\"es\",\"potentialAction\":[{\"@type\":\"CommentAction\",\"name\":\"Comment\",\"target\":[\"https:\/\/www.manquecura.cl\/ciudad-del-este\/noticias\/taller-de-injuv-violencia-de-genero-y-en-el-pololeo\/#respond\"]}]},{\"@type\":\"WebPage\",\"@id\":\"https:\/\/www.manquecura.cl\/ciudad-del-este\/noticias\/taller-de-injuv-violencia-de-genero-y-en-el-pololeo\/\",\"url\":\"https:\/\/www.manquecura.cl\/ciudad-del-este\/noticias\/taller-de-injuv-violencia-de-genero-y-en-el-pololeo\/\",\"name\":\"Taller de INJUV: \u201cViolencia de g\u00e9nero y en el pololeo\u201d - Colegio Manquecura Ciudad del Este\",\"isPartOf\":{\"@id\":\"https:\/\/www.manquecura.cl\/ciudad-del-este\/#website\"},\"primaryImageOfPage\":{\"@id\":\"https:\/\/www.manquecura.cl\/ciudad-del-este\/noticias\/taller-de-injuv-violencia-de-genero-y-en-el-pololeo\/#primaryimage\"},\"image\":{\"@id\":\"https:\/\/www.manquecura.cl\/ciudad-del-este\/noticias\/taller-de-injuv-violencia-de-genero-y-en-el-pololeo\/#primaryimage\"},\"thumbnailUrl\":\"https:\/\/www.manquecura.cl\/ciudad-del-este\/wp-content\/uploads\/sites\/41\/2023\/08\/Taller-INJUV-Manquecura-Ciudad-del-Este.png\",\"datePublished\":\"2023-08-04T14:06:01+00:00\",\"breadcrumb\":{\"@id\":\"https:\/\/www.manquecura.cl\/ciudad-del-este\/noticias\/taller-de-injuv-violencia-de-genero-y-en-el-pololeo\/#breadcrumb\"},\"inLanguage\":\"es\",\"potentialAction\":[{\"@type\":\"ReadAction\",\"target\":[\"https:\/\/www.manquecura.cl\/ciudad-del-este\/noticias\/taller-de-injuv-violencia-de-genero-y-en-el-pololeo\/\"]}]},{\"@type\":\"ImageObject\",\"inLanguage\":\"es\",\"@id\":\"https:\/\/www.manquecura.cl\/ciudad-del-este\/noticias\/taller-de-injuv-violencia-de-genero-y-en-el-pololeo\/#primaryimage\",\"url\":\"https:\/\/www.manquecura.cl\/ciudad-del-este\/wp-content\/uploads\/sites\/41\/2023\/08\/Taller-INJUV-Manquecura-Ciudad-del-Este.png\",\"contentUrl\":\"https:\/\/www.manquecura.cl\/ciudad-del-este\/wp-content\/uploads\/sites\/41\/2023\/08\/Taller-INJUV-Manquecura-Ciudad-del-Este.png\",\"width\":836,\"height\":523},{\"@type\":\"BreadcrumbList\",\"@id\":\"https:\/\/www.manquecura.cl\/ciudad-del-este\/noticias\/taller-de-injuv-violencia-de-genero-y-en-el-pololeo\/#breadcrumb\",\"itemListElement\":[{\"@type\":\"ListItem\",\"position\":1,\"name\":\"Home\",\"item\":\"https:\/\/www.manquecura.cl\/ciudad-del-este\/\"},{\"@type\":\"ListItem\",\"position\":2,\"name\":\"Taller de INJUV: \u201cViolencia de g\u00e9nero y en el pololeo\u201d\"}]},{\"@type\":\"WebSite\",\"@id\":\"https:\/\/www.manquecura.cl\/ciudad-del-este\/#website\",\"url\":\"https:\/\/www.manquecura.cl\/ciudad-del-este\/\",\"name\":\"Colegio Manquecura Ciudad del Este\",\"description\":\"\",\"publisher\":{\"@id\":\"https:\/\/www.manquecura.cl\/ciudad-del-este\/#organization\"},\"potentialAction\":[{\"@type\":\"SearchAction\",\"target\":{\"@type\":\"EntryPoint\",\"urlTemplate\":\"https:\/\/www.manquecura.cl\/ciudad-del-este\/?s={search_term_string}\"},\"query-input\":{\"@type\":\"PropertyValueSpecification\",\"valueRequired\":true,\"valueName\":\"search_term_string\"}}],\"inLanguage\":\"es\"},{\"@type\":\"Organization\",\"@id\":\"https:\/\/www.manquecura.cl\/ciudad-del-este\/#organization\",\"name\":\"Colegio Manquecura Ciudad del Este\",\"url\":\"https:\/\/www.manquecura.cl\/ciudad-del-este\/\",\"logo\":{\"@type\":\"ImageObject\",\"inLanguage\":\"es\",\"@id\":\"https:\/\/www.manquecura.cl\/ciudad-del-este\/#\/schema\/logo\/image\/\",\"url\":\"https:\/\/www.manquecura.cl\/ciudad-del-este\/wp-content\/uploads\/sites\/41\/2023\/09\/logo_Manquecura_Ciudad-del-Este_horizontal_color-1.png\",\"contentUrl\":\"https:\/\/www.manquecura.cl\/ciudad-del-este\/wp-content\/uploads\/sites\/41\/2023\/09\/logo_Manquecura_Ciudad-del-Este_horizontal_color-1.png\",\"width\":611,\"height\":183,\"caption\":\"Colegio Manquecura Ciudad del Este\"},\"image\":{\"@id\":\"https:\/\/www.manquecura.cl\/ciudad-del-este\/#\/schema\/logo\/image\/\"},\"sameAs\":[\"http:\/\/www.facebook.com\/ColegiosManquecura\",\"http:\/\/www.instagram.com\/manquecura_ciudaddeleste\/\",\"http:\/\/www.youtube.com\/c\/CognitaChile\"]},{\"@type\":\"Person\",\"@id\":\"https:\/\/www.manquecura.cl\/ciudad-del-este\/#\/schema\/person\/0debeea140e397b5d490ee7e553255d8\",\"name\":\"jorgedelcampo\",\"image\":{\"@type\":\"ImageObject\",\"inLanguage\":\"es\",\"@id\":\"https:\/\/www.manquecura.cl\/ciudad-del-este\/#\/schema\/person\/image\/\",\"url\":\"https:\/\/secure.gravatar.com\/avatar\/4a315f521213b2dc91dbda9bf799f711c8a98ab6f5606ec42cf5b33d1e762e8a?s=96&d=mm&r=g\",\"contentUrl\":\"https:\/\/secure.gravatar.com\/avatar\/4a315f521213b2dc91dbda9bf799f711c8a98ab6f5606ec42cf5b33d1e762e8a?s=96&d=mm&r=g\",\"caption\":\"jorgedelcampo\"}}]}<\/script>\n<!-- \/ Yoast SEO plugin. -->","yoast_head_json":{"title":"Taller de INJUV: \u201cViolencia de g\u00e9nero y en el pololeo\u201d - Colegio Manquecura Ciudad del Este","robots":{"index":"index","follow":"follow","max-snippet":"max-snippet:-1","max-image-preview":"max-image-preview:large","max-video-preview":"max-video-preview:-1"},"canonical":"https:\/\/www.manquecura.cl\/ciudad-del-este\/noticias\/taller-de-injuv-violencia-de-genero-y-en-el-pololeo\/","og_locale":"es_ES","og_type":"article","og_title":"Taller de INJUV: \u201cViolencia de g\u00e9nero y en el pololeo\u201d - Colegio Manquecura Ciudad del Este","og_description":"Estudiantes de I a IV Medio participaron del taller realizado por el Instituto Nacional de la Juventud (INJUV), para trabajar con ellos en tem\u00e1ticas relacionadas a la \u201cViolencia de g\u00e9nero y en el pololeo\u201d. Desde las redes sociales durante el ultimo tiempo se ha evidenciado una normalizaci\u00f3n de lo que los j\u00f3venes y adolescentes llaman [&hellip;]","og_url":"https:\/\/www.manquecura.cl\/ciudad-del-este\/noticias\/taller-de-injuv-violencia-de-genero-y-en-el-pololeo\/","og_site_name":"Colegio Manquecura Ciudad del Este","article_publisher":"http:\/\/www.facebook.com\/ColegiosManquecura","article_published_time":"2023-08-04T14:06:01+00:00","author":"jorgedelcampo","twitter_card":"summary_large_image","twitter_misc":{"Escrito por":"jorgedelcampo","Tiempo de lectura":"1 minuto"},"schema":{"@context":"https:\/\/schema.org","@graph":[{"@type":"Article","@id":"https:\/\/www.manquecura.cl\/ciudad-del-este\/noticias\/taller-de-injuv-violencia-de-genero-y-en-el-pololeo\/#article","isPartOf":{"@id":"https:\/\/www.manquecura.cl\/ciudad-del-este\/noticias\/taller-de-injuv-violencia-de-genero-y-en-el-pololeo\/"},"author":{"name":"jorgedelcampo","@id":"https:\/\/www.manquecura.cl\/ciudad-del-este\/#\/schema\/person\/0debeea140e397b5d490ee7e553255d8"},"headline":"Taller de INJUV: \u201cViolencia de g\u00e9nero y en el pololeo\u201d","datePublished":"2023-08-04T14:06:01+00:00","mainEntityOfPage":{"@id":"https:\/\/www.manquecura.cl\/ciudad-del-este\/noticias\/taller-de-injuv-violencia-de-genero-y-en-el-pololeo\/"},"wordCount":214,"commentCount":0,"publisher":{"@id":"https:\/\/www.manquecura.cl\/ciudad-del-este\/#organization"},"image":{"@id":"https:\/\/www.manquecura.cl\/ciudad-del-este\/noticias\/taller-de-injuv-violencia-de-genero-y-en-el-pololeo\/#primaryimage"},"thumbnailUrl":"https:\/\/www.manquecura.cl\/ciudad-del-este\/wp-content\/uploads\/sites\/41\/2023\/08\/Taller-INJUV-Manquecura-Ciudad-del-Este.png","articleSection":["Vida Escolar"],"inLanguage":"es","potentialAction":[{"@type":"CommentAction","name":"Comment","target":["https:\/\/www.manquecura.cl\/ciudad-del-este\/noticias\/taller-de-injuv-violencia-de-genero-y-en-el-pololeo\/#respond"]}]},{"@type":"WebPage","@id":"https:\/\/www.manquecura.cl\/ciudad-del-este\/noticias\/taller-de-injuv-violencia-de-genero-y-en-el-pololeo\/","url":"https:\/\/www.manquecura.cl\/ciudad-del-este\/noticias\/taller-de-injuv-violencia-de-genero-y-en-el-pololeo\/","name":"Taller de INJUV: \u201cViolencia de g\u00e9nero y en el pololeo\u201d - Colegio Manquecura Ciudad del Este","isPartOf":{"@id":"https:\/\/www.manquecura.cl\/ciudad-del-este\/#website"},"primaryImageOfPage":{"@id":"https:\/\/www.manquecura.cl\/ciudad-del-este\/noticias\/taller-de-injuv-violencia-de-genero-y-en-el-pololeo\/#primaryimage"},"image":{"@id":"https:\/\/www.manquecura.cl\/ciudad-del-este\/noticias\/taller-de-injuv-violencia-de-genero-y-en-el-pololeo\/#primaryimage"},"thumbnailUrl":"https:\/\/www.manquecura.cl\/ciudad-del-este\/wp-content\/uploads\/sites\/41\/2023\/08\/Taller-INJUV-Manquecura-Ciudad-del-Este.png","datePublished":"2023-08-04T14:06:01+00:00","breadcrumb":{"@id":"https:\/\/www.manquecura.cl\/ciudad-del-este\/noticias\/taller-de-injuv-violencia-de-genero-y-en-el-pololeo\/#breadcrumb"},"inLanguage":"es","potentialAction":[{"@type":"ReadAction","target":["https:\/\/www.manquecura.cl\/ciudad-del-este\/noticias\/taller-de-injuv-violencia-de-genero-y-en-el-pololeo\/"]}]},{"@type":"ImageObject","inLanguage":"es","@id":"https:\/\/www.manquecura.cl\/ciudad-del-este\/noticias\/taller-de-injuv-violencia-de-genero-y-en-el-pololeo\/#primaryimage","url":"https:\/\/www.manquecura.cl\/ciudad-del-este\/wp-content\/uploads\/sites\/41\/2023\/08\/Taller-INJUV-Manquecura-Ciudad-del-Este.png","contentUrl":"https:\/\/www.manquecura.cl\/ciudad-del-este\/wp-content\/uploads\/sites\/41\/2023\/08\/Taller-INJUV-Manquecura-Ciudad-del-Este.png","width":836,"height":523},{"@type":"BreadcrumbList","@id":"https:\/\/www.manquecura.cl\/ciudad-del-este\/noticias\/taller-de-injuv-violencia-de-genero-y-en-el-pololeo\/#breadcrumb","itemListElement":[{"@type":"ListItem","position":1,"name":"Home","item":"https:\/\/www.manquecura.cl\/ciudad-del-este\/"},{"@type":"ListItem","position":2,"name":"Taller de INJUV: \u201cViolencia de g\u00e9nero y en el pololeo\u201d"}]},{"@type":"WebSite","@id":"https:\/\/www.manquecura.cl\/ciudad-del-este\/#website","url":"https:\/\/www.manquecura.cl\/ciudad-del-este\/","name":"Colegio Manquecura Ciudad del Este","description":"","publisher":{"@id":"https:\/\/www.manquecura.cl\/ciudad-del-este\/#organization"},"potentialAction":[{"@type":"SearchAction","target":{"@type":"EntryPoint","urlTemplate":"https:\/\/www.manquecura.cl\/ciudad-del-este\/?s={search_term_string}"},"query-input":{"@type":"PropertyValueSpecification","valueRequired":true,"valueName":"search_term_string"}}],"inLanguage":"es"},{"@type":"Organization","@id":"https:\/\/www.manquecura.cl\/ciudad-del-este\/#organization","name":"Colegio Manquecura Ciudad del Este","url":"https:\/\/www.manquecura.cl\/ciudad-del-este\/","logo":{"@type":"ImageObject","inLanguage":"es","@id":"https:\/\/www.manquecura.cl\/ciudad-del-este\/#\/schema\/logo\/image\/","url":"https:\/\/www.manquecura.cl\/ciudad-del-este\/wp-content\/uploads\/sites\/41\/2023\/09\/logo_Manquecura_Ciudad-del-Este_horizontal_color-1.png","contentUrl":"https:\/\/www.manquecura.cl\/ciudad-del-este\/wp-content\/uploads\/sites\/41\/2023\/09\/logo_Manquecura_Ciudad-del-Este_horizontal_color-1.png","width":611,"height":183,"caption":"Colegio Manquecura Ciudad del Este"},"image":{"@id":"https:\/\/www.manquecura.cl\/ciudad-del-este\/#\/schema\/logo\/image\/"},"sameAs":["http:\/\/www.facebook.com\/ColegiosManquecura","http:\/\/www.instagram.com\/manquecura_ciudaddeleste\/","http:\/\/www.youtube.com\/c\/CognitaChile"]},{"@type":"Person","@id":"https:\/\/www.manquecura.cl\/ciudad-del-este\/#\/schema\/person\/0debeea140e397b5d490ee7e553255d8","name":"jorgedelcampo","image":{"@type":"ImageObject","inLanguage":"es","@id":"https:\/\/www.manquecura.cl\/ciudad-del-este\/#\/schema\/person\/image\/","url":"https:\/\/secure.gravatar.com\/avatar\/4a315f521213b2dc91dbda9bf799f711c8a98ab6f5606ec42cf5b33d1e762e8a?s=96&d=mm&r=g","contentUrl":"https:\/\/secure.gravatar.com\/avatar\/4a315f521213b2dc91dbda9bf799f711c8a98ab6f5606ec42cf5b33d1e762e8a?s=96&d=mm&r=g","caption":"jorgedelcampo"}}]}},"jetpack_featured_media_url":"https:\/\/www.manquecura.cl\/ciudad-del-este\/wp-content\/uploads\/sites\/41\/2023\/08\/Taller-INJUV-Manquecura-Ciudad-del-Este.png","previous_post_ID":125717,"previous_post_title":"Torneo de Atletismo","previous_post_excerpt":"El Taller de Atletismo realiz\u00f3 un cierre de actividades del primer semestre con un torneo que invit\u00f3 a participar al Colegio San Carlos de Arag\u00f3n, siendo la oportunidad para que nuestros estudiantes de 3ero B\u00e1sico a II Medio, mostrar\u00e1n todas sus destrezas y habilidades, con los deportistas m\u00e1s destacados de cada nivel. Cada una de [&hellip;]","previous_post_link":"https:\/\/www.manquecura.cl\/ciudad-del-este\/noticias\/torneo-de-atletismo-3\/","previous_post_class":["post-125717","post","type-post","status-publish","format-standard","has-post-thumbnail","hentry","category-vida-escolar"],"next_post_ID":22845,"next_post_title":"Las Peloteras VS Taller de F\u00fatbol Femenino","next_post_excerpt":"El viernes 4 de agosto se llev\u00f3 a cabo una gran jornada deportiva de f\u00fatbol femenino en nuestro colegio, con el encuentro entre el equipo de apoderadas &#8220;Las Peloteras&#8221; y el equipo de alumnas del Taller de F\u00fatbol Femenino C\u00f3ndores de Manquecura. El resultado, favorable para las estudiantes con 1 gol a 0, siendo un [&hellip;]","next_post_link":"https:\/\/www.manquecura.cl\/ciudad-del-este\/noticias\/las-peloteras-vs-taller-de-futbol-femenino\/","next_post_class":["post-22845","post","type-post","status-publish","format-standard","has-post-thumbnail","hentry","category-vida-escolar"],"jetpack_sharing_enabled":true,"_links":{"self":[{"href":"https:\/\/www.manquecura.cl\/ciudad-del-este\/wp-json\/wp\/v2\/posts\/125714","targetHints":{"allow":["GET"]}}],"collection":[{"href":"https:\/\/www.manquecura.cl\/ciudad-del-este\/wp-json\/wp\/v2\/posts"}],"about":[{"href":"https:\/\/www.manquecura.cl\/ciudad-del-este\/wp-json\/wp\/v2\/types\/post"}],"author":[{"embeddable":true,"href":"https:\/\/www.manquecura.cl\/ciudad-del-este\/wp-json\/wp\/v2\/users\/14"}],"replies":[{"embeddable":true,"href":"https:\/\/www.manquecura.cl\/ciudad-del-este\/wp-json\/wp\/v2\/comments?post=125714"}],"version-history":[{"count":0,"href":"https:\/\/www.manquecura.cl\/ciudad-del-este\/wp-json\/wp\/v2\/posts\/125714\/revisions"}],"wp:featuredmedia":[{"embeddable":true,"href":"https:\/\/www.manquecura.cl\/ciudad-del-este\/wp-json\/wp\/v2\/media\/22909"}],"wp:attachment":[{"href":"https:\/\/www.manquecura.cl\/ciudad-del-este\/wp-json\/wp\/v2\/media?parent=125714"}],"wp:term":[{"taxonomy":"category","embeddable":true,"href":"https:\/\/www.manquecura.cl\/ciudad-del-este\/wp-json\/wp\/v2\/categories?post=125714"},{"taxonomy":"post_tag","embeddable":true,"href":"https:\/\/www.manquecura.cl\/ciudad-del-este\/wp-json\/wp\/v2\/tags?post=125714"}],"curies":[{"name":"wp","href":"https:\/\/api.w.org\/{rel}","templated":true}]}}