{"id":125705,"date":"2023-07-17T12:14:25","date_gmt":"2023-07-17T16:14:25","guid":{"rendered":"https:\/\/www.manquecura.cl\/ciudad-del-este\/?p=22725"},"modified":"2023-07-17T12:14:25","modified_gmt":"2023-07-17T16:14:25","slug":"estudiantes-de-manquecura-ciudad-del-este-participan-en-desafio-cientifico-internacional-en-barcelona","status":"publish","type":"post","link":"https:\/\/www.manquecura.cl\/ciudad-del-este\/noticias\/estudiantes-de-manquecura-ciudad-del-este-participan-en-desafio-cientifico-internacional-en-barcelona\/","title":{"rendered":"Estudiantes de Manquecura Ciudad del Este participan en Desaf\u00edo Cient\u00edfico Internacional en Barcelona"},"content":{"rendered":"<p>Estudiantes de la red de colegios Cognita Chile est\u00e1n participando actualmente en el Programa Internacional de J\u00f3venes Cient\u00edficos de Barcelona (BIYSC), formando parte de un selecto grupo de todo el mundo, que comparten la pasi\u00f3n por la ciencia y tecnolog\u00eda.<\/p>\n<p>Felicitamos a nuestras alumnas Diamela Torres y Benjam\u00edn Ojeda, quienes se encuentran trabajando en sus proyectos de cient\u00edficos: &#8220;La multi\u00f3mica en la lucha contra la leucemia (Multi-omics in the fight against leukemia)&#8221; e &#8220;Ingenier\u00eda de prote\u00ednas para mejorar las enzimas que degradan el pl\u00e1stico (Protein engineering to improve plastic-degrading enzymes), respectivamente.<\/p>\n<p>El programa BIYSC est\u00e1 dise\u00f1ado para ofrecer a los estudiantes una experiencia de clase mundial, lo que les permite trabajar en los desaf\u00edos cient\u00edficos y tecnol\u00f3gicos planteados por los centros de investigaci\u00f3n internacionales.<\/p>\n<p style=\"text-align: center\"><strong>Colegio Manquecura Ciudad del Este<\/strong><\/p>\n<p>[multimedia id=&#8221;1&#8243;]<\/p>\n"},"excerpt":{"rendered":"<p>Estudiantes de la red de colegios Cognita Chile est\u00e1n participando actualmente en el Programa Internacional de J\u00f3venes Cient\u00edficos de Barcelona (BIYSC), formando parte de un selecto grupo de todo el mundo, que comparten la pasi\u00f3n por la ciencia y tecnolog\u00eda. Felicitamos a nuestras alumnas Diamela Torres y Benjam\u00edn Ojeda, quienes se encuentran trabajando en sus [&hellip;]<\/p>\n","protected":false},"author":14,"featured_media":22733,"comment_status":"open","ping_status":"open","sticky":false,"template":"","format":"standard","meta":{"_acf_changed":false,"content-type":"","_jetpack_memberships_contains_paid_content":false,"footnotes":""},"categories":[1],"tags":[],"class_list":["post-125705","post","type-post","status-publish","format-standard","has-post-thumbnail","hentry","category-vida-escolar"],"acf":[],"yoast_head":"<!-- This site is optimized with the Yoast SEO plugin v27.1.1 - https:\/\/yoast.com\/product\/yoast-seo-wordpress\/ -->\n<title>Estudiantes de Manquecura Ciudad del Este participan en Desaf\u00edo Cient\u00edfico Internacional en Barcelona - Colegio Manquecura Ciudad del Este<\/title>\n<meta name=\"robots\" content=\"index, follow, max-snippet:-1, max-image-preview:large, max-video-preview:-1\" \/>\n<link rel=\"canonical\" href=\"https:\/\/www.manquecura.cl\/ciudad-del-este\/noticias\/estudiantes-de-manquecura-ciudad-del-este-participan-en-desafio-cientifico-internacional-en-barcelona\/\" \/>\n<meta property=\"og:locale\" content=\"es_ES\" \/>\n<meta property=\"og:type\" content=\"article\" \/>\n<meta property=\"og:title\" content=\"Estudiantes de Manquecura Ciudad del Este participan en Desaf\u00edo Cient\u00edfico Internacional en Barcelona - Colegio Manquecura Ciudad del Este\" \/>\n<meta property=\"og:description\" content=\"Estudiantes de la red de colegios Cognita Chile est\u00e1n participando actualmente en el Programa Internacional de J\u00f3venes Cient\u00edficos de Barcelona (BIYSC), formando parte de un selecto grupo de todo el mundo, que comparten la pasi\u00f3n por la ciencia y tecnolog\u00eda. Felicitamos a nuestras alumnas Diamela Torres y Benjam\u00edn Ojeda, quienes se encuentran trabajando en sus [&hellip;]\" \/>\n<meta property=\"og:url\" content=\"https:\/\/www.manquecura.cl\/ciudad-del-este\/noticias\/estudiantes-de-manquecura-ciudad-del-este-participan-en-desafio-cientifico-internacional-en-barcelona\/\" \/>\n<meta property=\"og:site_name\" content=\"Colegio Manquecura Ciudad del Este\" \/>\n<meta property=\"article:publisher\" content=\"http:\/\/www.facebook.com\/ColegiosManquecura\" \/>\n<meta property=\"article:published_time\" content=\"2023-07-17T16:14:25+00:00\" \/>\n<meta name=\"author\" content=\"jorgedelcampo\" \/>\n<meta name=\"twitter:card\" content=\"summary_large_image\" \/>\n<meta name=\"twitter:label1\" content=\"Escrito por\" \/>\n\t<meta name=\"twitter:data1\" content=\"jorgedelcampo\" \/>\n\t<meta name=\"twitter:label2\" content=\"Tiempo de lectura\" \/>\n\t<meta name=\"twitter:data2\" content=\"1 minuto\" \/>\n<script type=\"application\/ld+json\" class=\"yoast-schema-graph\">{\"@context\":\"https:\/\/schema.org\",\"@graph\":[{\"@type\":\"Article\",\"@id\":\"https:\/\/www.manquecura.cl\/ciudad-del-este\/noticias\/estudiantes-de-manquecura-ciudad-del-este-participan-en-desafio-cientifico-internacional-en-barcelona\/#article\",\"isPartOf\":{\"@id\":\"https:\/\/www.manquecura.cl\/ciudad-del-este\/noticias\/estudiantes-de-manquecura-ciudad-del-este-participan-en-desafio-cientifico-internacional-en-barcelona\/\"},\"author\":{\"name\":\"jorgedelcampo\",\"@id\":\"https:\/\/www.manquecura.cl\/ciudad-del-este\/#\/schema\/person\/0debeea140e397b5d490ee7e553255d8\"},\"headline\":\"Estudiantes de Manquecura Ciudad del Este participan en Desaf\u00edo Cient\u00edfico Internacional en Barcelona\",\"datePublished\":\"2023-07-17T16:14:25+00:00\",\"mainEntityOfPage\":{\"@id\":\"https:\/\/www.manquecura.cl\/ciudad-del-este\/noticias\/estudiantes-de-manquecura-ciudad-del-este-participan-en-desafio-cientifico-internacional-en-barcelona\/\"},\"wordCount\":162,\"commentCount\":0,\"publisher\":{\"@id\":\"https:\/\/www.manquecura.cl\/ciudad-del-este\/#organization\"},\"image\":{\"@id\":\"https:\/\/www.manquecura.cl\/ciudad-del-este\/noticias\/estudiantes-de-manquecura-ciudad-del-este-participan-en-desafio-cientifico-internacional-en-barcelona\/#primaryimage\"},\"thumbnailUrl\":\"https:\/\/www.manquecura.cl\/ciudad-del-este\/wp-content\/uploads\/sites\/41\/2023\/07\/Eventos.jpg\",\"articleSection\":[\"Vida Escolar\"],\"inLanguage\":\"es\",\"potentialAction\":[{\"@type\":\"CommentAction\",\"name\":\"Comment\",\"target\":[\"https:\/\/www.manquecura.cl\/ciudad-del-este\/noticias\/estudiantes-de-manquecura-ciudad-del-este-participan-en-desafio-cientifico-internacional-en-barcelona\/#respond\"]}]},{\"@type\":\"WebPage\",\"@id\":\"https:\/\/www.manquecura.cl\/ciudad-del-este\/noticias\/estudiantes-de-manquecura-ciudad-del-este-participan-en-desafio-cientifico-internacional-en-barcelona\/\",\"url\":\"https:\/\/www.manquecura.cl\/ciudad-del-este\/noticias\/estudiantes-de-manquecura-ciudad-del-este-participan-en-desafio-cientifico-internacional-en-barcelona\/\",\"name\":\"Estudiantes de Manquecura Ciudad del Este participan en Desaf\u00edo Cient\u00edfico Internacional en Barcelona - Colegio Manquecura Ciudad del Este\",\"isPartOf\":{\"@id\":\"https:\/\/www.manquecura.cl\/ciudad-del-este\/#website\"},\"primaryImageOfPage\":{\"@id\":\"https:\/\/www.manquecura.cl\/ciudad-del-este\/noticias\/estudiantes-de-manquecura-ciudad-del-este-participan-en-desafio-cientifico-internacional-en-barcelona\/#primaryimage\"},\"image\":{\"@id\":\"https:\/\/www.manquecura.cl\/ciudad-del-este\/noticias\/estudiantes-de-manquecura-ciudad-del-este-participan-en-desafio-cientifico-internacional-en-barcelona\/#primaryimage\"},\"thumbnailUrl\":\"https:\/\/www.manquecura.cl\/ciudad-del-este\/wp-content\/uploads\/sites\/41\/2023\/07\/Eventos.jpg\",\"datePublished\":\"2023-07-17T16:14:25+00:00\",\"breadcrumb\":{\"@id\":\"https:\/\/www.manquecura.cl\/ciudad-del-este\/noticias\/estudiantes-de-manquecura-ciudad-del-este-participan-en-desafio-cientifico-internacional-en-barcelona\/#breadcrumb\"},\"inLanguage\":\"es\",\"potentialAction\":[{\"@type\":\"ReadAction\",\"target\":[\"https:\/\/www.manquecura.cl\/ciudad-del-este\/noticias\/estudiantes-de-manquecura-ciudad-del-este-participan-en-desafio-cientifico-internacional-en-barcelona\/\"]}]},{\"@type\":\"ImageObject\",\"inLanguage\":\"es\",\"@id\":\"https:\/\/www.manquecura.cl\/ciudad-del-este\/noticias\/estudiantes-de-manquecura-ciudad-del-este-participan-en-desafio-cientifico-internacional-en-barcelona\/#primaryimage\",\"url\":\"https:\/\/www.manquecura.cl\/ciudad-del-este\/wp-content\/uploads\/sites\/41\/2023\/07\/Eventos.jpg\",\"contentUrl\":\"https:\/\/www.manquecura.cl\/ciudad-del-este\/wp-content\/uploads\/sites\/41\/2023\/07\/Eventos.jpg\",\"width\":836,\"height\":523},{\"@type\":\"BreadcrumbList\",\"@id\":\"https:\/\/www.manquecura.cl\/ciudad-del-este\/noticias\/estudiantes-de-manquecura-ciudad-del-este-participan-en-desafio-cientifico-internacional-en-barcelona\/#breadcrumb\",\"itemListElement\":[{\"@type\":\"ListItem\",\"position\":1,\"name\":\"Home\",\"item\":\"https:\/\/www.manquecura.cl\/ciudad-del-este\/\"},{\"@type\":\"ListItem\",\"position\":2,\"name\":\"Estudiantes de Manquecura Ciudad del Este participan en Desaf\u00edo Cient\u00edfico Internacional en Barcelona\"}]},{\"@type\":\"WebSite\",\"@id\":\"https:\/\/www.manquecura.cl\/ciudad-del-este\/#website\",\"url\":\"https:\/\/www.manquecura.cl\/ciudad-del-este\/\",\"name\":\"Colegio Manquecura Ciudad del Este\",\"description\":\"\",\"publisher\":{\"@id\":\"https:\/\/www.manquecura.cl\/ciudad-del-este\/#organization\"},\"potentialAction\":[{\"@type\":\"SearchAction\",\"target\":{\"@type\":\"EntryPoint\",\"urlTemplate\":\"https:\/\/www.manquecura.cl\/ciudad-del-este\/?s={search_term_string}\"},\"query-input\":{\"@type\":\"PropertyValueSpecification\",\"valueRequired\":true,\"valueName\":\"search_term_string\"}}],\"inLanguage\":\"es\"},{\"@type\":\"Organization\",\"@id\":\"https:\/\/www.manquecura.cl\/ciudad-del-este\/#organization\",\"name\":\"Colegio Manquecura Ciudad del Este\",\"url\":\"https:\/\/www.manquecura.cl\/ciudad-del-este\/\",\"logo\":{\"@type\":\"ImageObject\",\"inLanguage\":\"es\",\"@id\":\"https:\/\/www.manquecura.cl\/ciudad-del-este\/#\/schema\/logo\/image\/\",\"url\":\"https:\/\/www.manquecura.cl\/ciudad-del-este\/wp-content\/uploads\/sites\/41\/2023\/09\/logo_Manquecura_Ciudad-del-Este_horizontal_color-1.png\",\"contentUrl\":\"https:\/\/www.manquecura.cl\/ciudad-del-este\/wp-content\/uploads\/sites\/41\/2023\/09\/logo_Manquecura_Ciudad-del-Este_horizontal_color-1.png\",\"width\":611,\"height\":183,\"caption\":\"Colegio Manquecura Ciudad del Este\"},\"image\":{\"@id\":\"https:\/\/www.manquecura.cl\/ciudad-del-este\/#\/schema\/logo\/image\/\"},\"sameAs\":[\"http:\/\/www.facebook.com\/ColegiosManquecura\",\"http:\/\/www.instagram.com\/manquecura_ciudaddeleste\/\",\"http:\/\/www.youtube.com\/c\/CognitaChile\"]},{\"@type\":\"Person\",\"@id\":\"https:\/\/www.manquecura.cl\/ciudad-del-este\/#\/schema\/person\/0debeea140e397b5d490ee7e553255d8\",\"name\":\"jorgedelcampo\",\"image\":{\"@type\":\"ImageObject\",\"inLanguage\":\"es\",\"@id\":\"https:\/\/www.manquecura.cl\/ciudad-del-este\/#\/schema\/person\/image\/\",\"url\":\"https:\/\/secure.gravatar.com\/avatar\/4a315f521213b2dc91dbda9bf799f711c8a98ab6f5606ec42cf5b33d1e762e8a?s=96&d=mm&r=g\",\"contentUrl\":\"https:\/\/secure.gravatar.com\/avatar\/4a315f521213b2dc91dbda9bf799f711c8a98ab6f5606ec42cf5b33d1e762e8a?s=96&d=mm&r=g\",\"caption\":\"jorgedelcampo\"}}]}<\/script>\n<!-- \/ Yoast SEO plugin. -->","yoast_head_json":{"title":"Estudiantes de Manquecura Ciudad del Este participan en Desaf\u00edo Cient\u00edfico Internacional en Barcelona - Colegio Manquecura Ciudad del Este","robots":{"index":"index","follow":"follow","max-snippet":"max-snippet:-1","max-image-preview":"max-image-preview:large","max-video-preview":"max-video-preview:-1"},"canonical":"https:\/\/www.manquecura.cl\/ciudad-del-este\/noticias\/estudiantes-de-manquecura-ciudad-del-este-participan-en-desafio-cientifico-internacional-en-barcelona\/","og_locale":"es_ES","og_type":"article","og_title":"Estudiantes de Manquecura Ciudad del Este participan en Desaf\u00edo Cient\u00edfico Internacional en Barcelona - Colegio Manquecura Ciudad del Este","og_description":"Estudiantes de la red de colegios Cognita Chile est\u00e1n participando actualmente en el Programa Internacional de J\u00f3venes Cient\u00edficos de Barcelona (BIYSC), formando parte de un selecto grupo de todo el mundo, que comparten la pasi\u00f3n por la ciencia y tecnolog\u00eda. Felicitamos a nuestras alumnas Diamela Torres y Benjam\u00edn Ojeda, quienes se encuentran trabajando en sus [&hellip;]","og_url":"https:\/\/www.manquecura.cl\/ciudad-del-este\/noticias\/estudiantes-de-manquecura-ciudad-del-este-participan-en-desafio-cientifico-internacional-en-barcelona\/","og_site_name":"Colegio Manquecura Ciudad del Este","article_publisher":"http:\/\/www.facebook.com\/ColegiosManquecura","article_published_time":"2023-07-17T16:14:25+00:00","author":"jorgedelcampo","twitter_card":"summary_large_image","twitter_misc":{"Escrito por":"jorgedelcampo","Tiempo de lectura":"1 minuto"},"schema":{"@context":"https:\/\/schema.org","@graph":[{"@type":"Article","@id":"https:\/\/www.manquecura.cl\/ciudad-del-este\/noticias\/estudiantes-de-manquecura-ciudad-del-este-participan-en-desafio-cientifico-internacional-en-barcelona\/#article","isPartOf":{"@id":"https:\/\/www.manquecura.cl\/ciudad-del-este\/noticias\/estudiantes-de-manquecura-ciudad-del-este-participan-en-desafio-cientifico-internacional-en-barcelona\/"},"author":{"name":"jorgedelcampo","@id":"https:\/\/www.manquecura.cl\/ciudad-del-este\/#\/schema\/person\/0debeea140e397b5d490ee7e553255d8"},"headline":"Estudiantes de Manquecura Ciudad del Este participan en Desaf\u00edo Cient\u00edfico Internacional en Barcelona","datePublished":"2023-07-17T16:14:25+00:00","mainEntityOfPage":{"@id":"https:\/\/www.manquecura.cl\/ciudad-del-este\/noticias\/estudiantes-de-manquecura-ciudad-del-este-participan-en-desafio-cientifico-internacional-en-barcelona\/"},"wordCount":162,"commentCount":0,"publisher":{"@id":"https:\/\/www.manquecura.cl\/ciudad-del-este\/#organization"},"image":{"@id":"https:\/\/www.manquecura.cl\/ciudad-del-este\/noticias\/estudiantes-de-manquecura-ciudad-del-este-participan-en-desafio-cientifico-internacional-en-barcelona\/#primaryimage"},"thumbnailUrl":"https:\/\/www.manquecura.cl\/ciudad-del-este\/wp-content\/uploads\/sites\/41\/2023\/07\/Eventos.jpg","articleSection":["Vida Escolar"],"inLanguage":"es","potentialAction":[{"@type":"CommentAction","name":"Comment","target":["https:\/\/www.manquecura.cl\/ciudad-del-este\/noticias\/estudiantes-de-manquecura-ciudad-del-este-participan-en-desafio-cientifico-internacional-en-barcelona\/#respond"]}]},{"@type":"WebPage","@id":"https:\/\/www.manquecura.cl\/ciudad-del-este\/noticias\/estudiantes-de-manquecura-ciudad-del-este-participan-en-desafio-cientifico-internacional-en-barcelona\/","url":"https:\/\/www.manquecura.cl\/ciudad-del-este\/noticias\/estudiantes-de-manquecura-ciudad-del-este-participan-en-desafio-cientifico-internacional-en-barcelona\/","name":"Estudiantes de Manquecura Ciudad del Este participan en Desaf\u00edo Cient\u00edfico Internacional en Barcelona - Colegio Manquecura Ciudad del Este","isPartOf":{"@id":"https:\/\/www.manquecura.cl\/ciudad-del-este\/#website"},"primaryImageOfPage":{"@id":"https:\/\/www.manquecura.cl\/ciudad-del-este\/noticias\/estudiantes-de-manquecura-ciudad-del-este-participan-en-desafio-cientifico-internacional-en-barcelona\/#primaryimage"},"image":{"@id":"https:\/\/www.manquecura.cl\/ciudad-del-este\/noticias\/estudiantes-de-manquecura-ciudad-del-este-participan-en-desafio-cientifico-internacional-en-barcelona\/#primaryimage"},"thumbnailUrl":"https:\/\/www.manquecura.cl\/ciudad-del-este\/wp-content\/uploads\/sites\/41\/2023\/07\/Eventos.jpg","datePublished":"2023-07-17T16:14:25+00:00","breadcrumb":{"@id":"https:\/\/www.manquecura.cl\/ciudad-del-este\/noticias\/estudiantes-de-manquecura-ciudad-del-este-participan-en-desafio-cientifico-internacional-en-barcelona\/#breadcrumb"},"inLanguage":"es","potentialAction":[{"@type":"ReadAction","target":["https:\/\/www.manquecura.cl\/ciudad-del-este\/noticias\/estudiantes-de-manquecura-ciudad-del-este-participan-en-desafio-cientifico-internacional-en-barcelona\/"]}]},{"@type":"ImageObject","inLanguage":"es","@id":"https:\/\/www.manquecura.cl\/ciudad-del-este\/noticias\/estudiantes-de-manquecura-ciudad-del-este-participan-en-desafio-cientifico-internacional-en-barcelona\/#primaryimage","url":"https:\/\/www.manquecura.cl\/ciudad-del-este\/wp-content\/uploads\/sites\/41\/2023\/07\/Eventos.jpg","contentUrl":"https:\/\/www.manquecura.cl\/ciudad-del-este\/wp-content\/uploads\/sites\/41\/2023\/07\/Eventos.jpg","width":836,"height":523},{"@type":"BreadcrumbList","@id":"https:\/\/www.manquecura.cl\/ciudad-del-este\/noticias\/estudiantes-de-manquecura-ciudad-del-este-participan-en-desafio-cientifico-internacional-en-barcelona\/#breadcrumb","itemListElement":[{"@type":"ListItem","position":1,"name":"Home","item":"https:\/\/www.manquecura.cl\/ciudad-del-este\/"},{"@type":"ListItem","position":2,"name":"Estudiantes de Manquecura Ciudad del Este participan en Desaf\u00edo Cient\u00edfico Internacional en Barcelona"}]},{"@type":"WebSite","@id":"https:\/\/www.manquecura.cl\/ciudad-del-este\/#website","url":"https:\/\/www.manquecura.cl\/ciudad-del-este\/","name":"Colegio Manquecura Ciudad del Este","description":"","publisher":{"@id":"https:\/\/www.manquecura.cl\/ciudad-del-este\/#organization"},"potentialAction":[{"@type":"SearchAction","target":{"@type":"EntryPoint","urlTemplate":"https:\/\/www.manquecura.cl\/ciudad-del-este\/?s={search_term_string}"},"query-input":{"@type":"PropertyValueSpecification","valueRequired":true,"valueName":"search_term_string"}}],"inLanguage":"es"},{"@type":"Organization","@id":"https:\/\/www.manquecura.cl\/ciudad-del-este\/#organization","name":"Colegio Manquecura Ciudad del Este","url":"https:\/\/www.manquecura.cl\/ciudad-del-este\/","logo":{"@type":"ImageObject","inLanguage":"es","@id":"https:\/\/www.manquecura.cl\/ciudad-del-este\/#\/schema\/logo\/image\/","url":"https:\/\/www.manquecura.cl\/ciudad-del-este\/wp-content\/uploads\/sites\/41\/2023\/09\/logo_Manquecura_Ciudad-del-Este_horizontal_color-1.png","contentUrl":"https:\/\/www.manquecura.cl\/ciudad-del-este\/wp-content\/uploads\/sites\/41\/2023\/09\/logo_Manquecura_Ciudad-del-Este_horizontal_color-1.png","width":611,"height":183,"caption":"Colegio Manquecura Ciudad del Este"},"image":{"@id":"https:\/\/www.manquecura.cl\/ciudad-del-este\/#\/schema\/logo\/image\/"},"sameAs":["http:\/\/www.facebook.com\/ColegiosManquecura","http:\/\/www.instagram.com\/manquecura_ciudaddeleste\/","http:\/\/www.youtube.com\/c\/CognitaChile"]},{"@type":"Person","@id":"https:\/\/www.manquecura.cl\/ciudad-del-este\/#\/schema\/person\/0debeea140e397b5d490ee7e553255d8","name":"jorgedelcampo","image":{"@type":"ImageObject","inLanguage":"es","@id":"https:\/\/www.manquecura.cl\/ciudad-del-este\/#\/schema\/person\/image\/","url":"https:\/\/secure.gravatar.com\/avatar\/4a315f521213b2dc91dbda9bf799f711c8a98ab6f5606ec42cf5b33d1e762e8a?s=96&d=mm&r=g","contentUrl":"https:\/\/secure.gravatar.com\/avatar\/4a315f521213b2dc91dbda9bf799f711c8a98ab6f5606ec42cf5b33d1e762e8a?s=96&d=mm&r=g","caption":"jorgedelcampo"}}]}},"jetpack_featured_media_url":"https:\/\/www.manquecura.cl\/ciudad-del-este\/wp-content\/uploads\/sites\/41\/2023\/07\/Eventos.jpg","previous_post_ID":22706,"previous_post_title":"Actividades extra program\u00e1ticas: 2do semestre en CDE","previous_post_excerpt":"Informamos a nuestra comunidad escolar c\u00f3mo se efectuar\u00e1 el segundo semestre de extra program\u00e1ticas en nuestro colegio este segundo semestre del a\u00f1o. \u2022 TALLERES (click para ver la oferta en web) o El link de inscripciones se envi\u00f3 el lunes 17 de julio a las 10 am a los correos electr\u00f3nicos de nuestros apoderados, y [&hellip;]","previous_post_link":"https:\/\/www.manquecura.cl\/ciudad-del-este\/noticias\/actividades-extra-programaticas-2do-semestre-en-cde\/","previous_post_class":["post-22706","post","type-post","status-publish","format-standard","has-post-thumbnail","hentry","category-vida-escolar"],"next_post_ID":125706,"next_post_title":"Charla en salud mental para estudiantes de I Medio","next_post_excerpt":"Con el apoyo de la Universidad del Desarrollo, el Equipo Psicoeducativo de nuestro colegio, y siempre en la perspectiva de Salvaguarda, ejecut\u00f3\u00a0una charla en base a la salud mental, enfocada en los estudiantes de I Medio, para que pudiesen informarse y recibir recomendaciones de\u00a0autocuidado. De palabras de una psic\u00f3loga de la universidad, los j\u00f3venes escucharon [&hellip;]","next_post_link":"https:\/\/www.manquecura.cl\/ciudad-del-este\/noticias\/charla-en-salud-mental-para-estudiantes-de-i-medio\/","next_post_class":["post-125706","post","type-post","status-publish","format-standard","has-post-thumbnail","hentry","category-vida-escolar"],"jetpack_sharing_enabled":true,"_links":{"self":[{"href":"https:\/\/www.manquecura.cl\/ciudad-del-este\/wp-json\/wp\/v2\/posts\/125705","targetHints":{"allow":["GET"]}}],"collection":[{"href":"https:\/\/www.manquecura.cl\/ciudad-del-este\/wp-json\/wp\/v2\/posts"}],"about":[{"href":"https:\/\/www.manquecura.cl\/ciudad-del-este\/wp-json\/wp\/v2\/types\/post"}],"author":[{"embeddable":true,"href":"https:\/\/www.manquecura.cl\/ciudad-del-este\/wp-json\/wp\/v2\/users\/14"}],"replies":[{"embeddable":true,"href":"https:\/\/www.manquecura.cl\/ciudad-del-este\/wp-json\/wp\/v2\/comments?post=125705"}],"version-history":[{"count":0,"href":"https:\/\/www.manquecura.cl\/ciudad-del-este\/wp-json\/wp\/v2\/posts\/125705\/revisions"}],"wp:featuredmedia":[{"embeddable":true,"href":"https:\/\/www.manquecura.cl\/ciudad-del-este\/wp-json\/wp\/v2\/media\/22733"}],"wp:attachment":[{"href":"https:\/\/www.manquecura.cl\/ciudad-del-este\/wp-json\/wp\/v2\/media?parent=125705"}],"wp:term":[{"taxonomy":"category","embeddable":true,"href":"https:\/\/www.manquecura.cl\/ciudad-del-este\/wp-json\/wp\/v2\/categories?post=125705"},{"taxonomy":"post_tag","embeddable":true,"href":"https:\/\/www.manquecura.cl\/ciudad-del-este\/wp-json\/wp\/v2\/tags?post=125705"}],"curies":[{"name":"wp","href":"https:\/\/api.w.org\/{rel}","templated":true}]}}