{"id":125701,"date":"2023-06-27T09:07:10","date_gmt":"2023-06-27T13:07:10","guid":{"rendered":"https:\/\/www.manquecura.cl\/ciudad-del-este\/?p=22467"},"modified":"2023-06-27T09:07:10","modified_gmt":"2023-06-27T13:07:10","slug":"cierre-1er-semestre-taller-de-lengua-de-senas-chilena-lsch-en-cde","status":"publish","type":"post","link":"https:\/\/www.manquecura.cl\/ciudad-del-este\/noticias\/cierre-1er-semestre-taller-de-lengua-de-senas-chilena-lsch-en-cde\/","title":{"rendered":"Cierre 1er semestre: Taller de Lengua de Se\u00f1as Chilena (LSCh) en CDE"},"content":{"rendered":"<p>Los estudiantes de Manquecura Ciudad del Este que participaron durante el primer semestre del taller de Lengua de Se\u00f1as Chilena (LSCh), vivieron un importante proceso aprendizajes, con muchas satisfacciones.<\/p>\n<p>Para mostrar sus avances, los alumnos Aileen Astudillo, Valentina Monroy, Emma Concha, del 7mo B\u00e1sico B; Benjam\u00edn Cort\u00e9s, del I Medio C; Giulianna Fr\u00edas, Daniela Cid, Antonella Toledo, del II Medio C; Mayl\u00e9n Olave, Javiera G\u00f3mez, del IV Medio A; Dami\u00e1n S\u00e1enz, Isidora S\u00e1nchez y Laura Hermosilla, del IV Medio B; prepararon un video, con el trabajo de profesores sordos nativos a cargo de ense\u00f1ar. Las clases se hicieron en base a videos, donde un sordo nativo presentaba las palabras y la docente, de CDE, Natalia Fredes, se preocup\u00f3 de la parte pr\u00e1ctica y de la correcci\u00f3n.<\/p>\n<p style=\"text-align: center\">\n<strong>Colegio Manquecura Ciudad del Este<\/strong><\/p>\n<p>&nbsp;<\/p>\n<p>[multimedia id=&#8221;1&#8243;]<\/p>\n"},"excerpt":{"rendered":"<p>Los estudiantes de Manquecura Ciudad del Este que participaron durante el primer semestre del taller de Lengua de Se\u00f1as Chilena (LSCh), vivieron un importante proceso aprendizajes, con muchas satisfacciones. Para mostrar sus avances, los alumnos Aileen Astudillo, Valentina Monroy, Emma Concha, del 7mo B\u00e1sico B; Benjam\u00edn Cort\u00e9s, del I Medio C; Giulianna Fr\u00edas, Daniela Cid, [&hellip;]<\/p>\n","protected":false},"author":14,"featured_media":22486,"comment_status":"open","ping_status":"open","sticky":false,"template":"","format":"standard","meta":{"_acf_changed":false,"content-type":"","_jetpack_memberships_contains_paid_content":false,"footnotes":""},"categories":[1],"tags":[],"class_list":["post-125701","post","type-post","status-publish","format-standard","has-post-thumbnail","hentry","category-vida-escolar"],"acf":[],"yoast_head":"<!-- This site is optimized with the Yoast SEO plugin v27.1.1 - https:\/\/yoast.com\/product\/yoast-seo-wordpress\/ -->\n<title>Cierre 1er semestre: Taller de Lengua de Se\u00f1as Chilena (LSCh) en CDE - Colegio Manquecura Ciudad del Este<\/title>\n<meta name=\"robots\" content=\"index, follow, max-snippet:-1, max-image-preview:large, max-video-preview:-1\" \/>\n<link rel=\"canonical\" href=\"https:\/\/www.manquecura.cl\/ciudad-del-este\/noticias\/cierre-1er-semestre-taller-de-lengua-de-senas-chilena-lsch-en-cde\/\" \/>\n<meta property=\"og:locale\" content=\"es_ES\" \/>\n<meta property=\"og:type\" content=\"article\" \/>\n<meta property=\"og:title\" content=\"Cierre 1er semestre: Taller de Lengua de Se\u00f1as Chilena (LSCh) en CDE - Colegio Manquecura Ciudad del Este\" \/>\n<meta property=\"og:description\" content=\"Los estudiantes de Manquecura Ciudad del Este que participaron durante el primer semestre del taller de Lengua de Se\u00f1as Chilena (LSCh), vivieron un importante proceso aprendizajes, con muchas satisfacciones. Para mostrar sus avances, los alumnos Aileen Astudillo, Valentina Monroy, Emma Concha, del 7mo B\u00e1sico B; Benjam\u00edn Cort\u00e9s, del I Medio C; Giulianna Fr\u00edas, Daniela Cid, [&hellip;]\" \/>\n<meta property=\"og:url\" content=\"https:\/\/www.manquecura.cl\/ciudad-del-este\/noticias\/cierre-1er-semestre-taller-de-lengua-de-senas-chilena-lsch-en-cde\/\" \/>\n<meta property=\"og:site_name\" content=\"Colegio Manquecura Ciudad del Este\" \/>\n<meta property=\"article:publisher\" content=\"http:\/\/www.facebook.com\/ColegiosManquecura\" \/>\n<meta property=\"article:published_time\" content=\"2023-06-27T13:07:10+00:00\" \/>\n<meta name=\"author\" content=\"jorgedelcampo\" \/>\n<meta name=\"twitter:card\" content=\"summary_large_image\" \/>\n<meta name=\"twitter:label1\" content=\"Escrito por\" \/>\n\t<meta name=\"twitter:data1\" content=\"jorgedelcampo\" \/>\n\t<meta name=\"twitter:label2\" content=\"Tiempo de lectura\" \/>\n\t<meta name=\"twitter:data2\" content=\"1 minuto\" \/>\n<script type=\"application\/ld+json\" class=\"yoast-schema-graph\">{\"@context\":\"https:\/\/schema.org\",\"@graph\":[{\"@type\":\"Article\",\"@id\":\"https:\/\/www.manquecura.cl\/ciudad-del-este\/noticias\/cierre-1er-semestre-taller-de-lengua-de-senas-chilena-lsch-en-cde\/#article\",\"isPartOf\":{\"@id\":\"https:\/\/www.manquecura.cl\/ciudad-del-este\/noticias\/cierre-1er-semestre-taller-de-lengua-de-senas-chilena-lsch-en-cde\/\"},\"author\":{\"name\":\"jorgedelcampo\",\"@id\":\"https:\/\/www.manquecura.cl\/ciudad-del-este\/#\/schema\/person\/0debeea140e397b5d490ee7e553255d8\"},\"headline\":\"Cierre 1er semestre: Taller de Lengua de Se\u00f1as Chilena (LSCh) en CDE\",\"datePublished\":\"2023-06-27T13:07:10+00:00\",\"mainEntityOfPage\":{\"@id\":\"https:\/\/www.manquecura.cl\/ciudad-del-este\/noticias\/cierre-1er-semestre-taller-de-lengua-de-senas-chilena-lsch-en-cde\/\"},\"wordCount\":160,\"commentCount\":0,\"publisher\":{\"@id\":\"https:\/\/www.manquecura.cl\/ciudad-del-este\/#organization\"},\"image\":{\"@id\":\"https:\/\/www.manquecura.cl\/ciudad-del-este\/noticias\/cierre-1er-semestre-taller-de-lengua-de-senas-chilena-lsch-en-cde\/#primaryimage\"},\"thumbnailUrl\":\"https:\/\/www.manquecura.cl\/ciudad-del-este\/wp-content\/uploads\/sites\/41\/2023\/06\/lengua-senas.jpg\",\"articleSection\":[\"Vida Escolar\"],\"inLanguage\":\"es\",\"potentialAction\":[{\"@type\":\"CommentAction\",\"name\":\"Comment\",\"target\":[\"https:\/\/www.manquecura.cl\/ciudad-del-este\/noticias\/cierre-1er-semestre-taller-de-lengua-de-senas-chilena-lsch-en-cde\/#respond\"]}]},{\"@type\":\"WebPage\",\"@id\":\"https:\/\/www.manquecura.cl\/ciudad-del-este\/noticias\/cierre-1er-semestre-taller-de-lengua-de-senas-chilena-lsch-en-cde\/\",\"url\":\"https:\/\/www.manquecura.cl\/ciudad-del-este\/noticias\/cierre-1er-semestre-taller-de-lengua-de-senas-chilena-lsch-en-cde\/\",\"name\":\"Cierre 1er semestre: Taller de Lengua de Se\u00f1as Chilena (LSCh) en CDE - Colegio Manquecura Ciudad del Este\",\"isPartOf\":{\"@id\":\"https:\/\/www.manquecura.cl\/ciudad-del-este\/#website\"},\"primaryImageOfPage\":{\"@id\":\"https:\/\/www.manquecura.cl\/ciudad-del-este\/noticias\/cierre-1er-semestre-taller-de-lengua-de-senas-chilena-lsch-en-cde\/#primaryimage\"},\"image\":{\"@id\":\"https:\/\/www.manquecura.cl\/ciudad-del-este\/noticias\/cierre-1er-semestre-taller-de-lengua-de-senas-chilena-lsch-en-cde\/#primaryimage\"},\"thumbnailUrl\":\"https:\/\/www.manquecura.cl\/ciudad-del-este\/wp-content\/uploads\/sites\/41\/2023\/06\/lengua-senas.jpg\",\"datePublished\":\"2023-06-27T13:07:10+00:00\",\"breadcrumb\":{\"@id\":\"https:\/\/www.manquecura.cl\/ciudad-del-este\/noticias\/cierre-1er-semestre-taller-de-lengua-de-senas-chilena-lsch-en-cde\/#breadcrumb\"},\"inLanguage\":\"es\",\"potentialAction\":[{\"@type\":\"ReadAction\",\"target\":[\"https:\/\/www.manquecura.cl\/ciudad-del-este\/noticias\/cierre-1er-semestre-taller-de-lengua-de-senas-chilena-lsch-en-cde\/\"]}]},{\"@type\":\"ImageObject\",\"inLanguage\":\"es\",\"@id\":\"https:\/\/www.manquecura.cl\/ciudad-del-este\/noticias\/cierre-1er-semestre-taller-de-lengua-de-senas-chilena-lsch-en-cde\/#primaryimage\",\"url\":\"https:\/\/www.manquecura.cl\/ciudad-del-este\/wp-content\/uploads\/sites\/41\/2023\/06\/lengua-senas.jpg\",\"contentUrl\":\"https:\/\/www.manquecura.cl\/ciudad-del-este\/wp-content\/uploads\/sites\/41\/2023\/06\/lengua-senas.jpg\",\"width\":836,\"height\":523},{\"@type\":\"BreadcrumbList\",\"@id\":\"https:\/\/www.manquecura.cl\/ciudad-del-este\/noticias\/cierre-1er-semestre-taller-de-lengua-de-senas-chilena-lsch-en-cde\/#breadcrumb\",\"itemListElement\":[{\"@type\":\"ListItem\",\"position\":1,\"name\":\"Home\",\"item\":\"https:\/\/www.manquecura.cl\/ciudad-del-este\/\"},{\"@type\":\"ListItem\",\"position\":2,\"name\":\"Cierre 1er semestre: Taller de Lengua de Se\u00f1as Chilena (LSCh) en CDE\"}]},{\"@type\":\"WebSite\",\"@id\":\"https:\/\/www.manquecura.cl\/ciudad-del-este\/#website\",\"url\":\"https:\/\/www.manquecura.cl\/ciudad-del-este\/\",\"name\":\"Colegio Manquecura Ciudad del Este\",\"description\":\"\",\"publisher\":{\"@id\":\"https:\/\/www.manquecura.cl\/ciudad-del-este\/#organization\"},\"potentialAction\":[{\"@type\":\"SearchAction\",\"target\":{\"@type\":\"EntryPoint\",\"urlTemplate\":\"https:\/\/www.manquecura.cl\/ciudad-del-este\/?s={search_term_string}\"},\"query-input\":{\"@type\":\"PropertyValueSpecification\",\"valueRequired\":true,\"valueName\":\"search_term_string\"}}],\"inLanguage\":\"es\"},{\"@type\":\"Organization\",\"@id\":\"https:\/\/www.manquecura.cl\/ciudad-del-este\/#organization\",\"name\":\"Colegio Manquecura Ciudad del Este\",\"url\":\"https:\/\/www.manquecura.cl\/ciudad-del-este\/\",\"logo\":{\"@type\":\"ImageObject\",\"inLanguage\":\"es\",\"@id\":\"https:\/\/www.manquecura.cl\/ciudad-del-este\/#\/schema\/logo\/image\/\",\"url\":\"https:\/\/www.manquecura.cl\/ciudad-del-este\/wp-content\/uploads\/sites\/41\/2023\/09\/logo_Manquecura_Ciudad-del-Este_horizontal_color-1.png\",\"contentUrl\":\"https:\/\/www.manquecura.cl\/ciudad-del-este\/wp-content\/uploads\/sites\/41\/2023\/09\/logo_Manquecura_Ciudad-del-Este_horizontal_color-1.png\",\"width\":611,\"height\":183,\"caption\":\"Colegio Manquecura Ciudad del Este\"},\"image\":{\"@id\":\"https:\/\/www.manquecura.cl\/ciudad-del-este\/#\/schema\/logo\/image\/\"},\"sameAs\":[\"http:\/\/www.facebook.com\/ColegiosManquecura\",\"http:\/\/www.instagram.com\/manquecura_ciudaddeleste\/\",\"http:\/\/www.youtube.com\/c\/CognitaChile\"]},{\"@type\":\"Person\",\"@id\":\"https:\/\/www.manquecura.cl\/ciudad-del-este\/#\/schema\/person\/0debeea140e397b5d490ee7e553255d8\",\"name\":\"jorgedelcampo\",\"image\":{\"@type\":\"ImageObject\",\"inLanguage\":\"es\",\"@id\":\"https:\/\/www.manquecura.cl\/ciudad-del-este\/#\/schema\/person\/image\/\",\"url\":\"https:\/\/secure.gravatar.com\/avatar\/4a315f521213b2dc91dbda9bf799f711c8a98ab6f5606ec42cf5b33d1e762e8a?s=96&d=mm&r=g\",\"contentUrl\":\"https:\/\/secure.gravatar.com\/avatar\/4a315f521213b2dc91dbda9bf799f711c8a98ab6f5606ec42cf5b33d1e762e8a?s=96&d=mm&r=g\",\"caption\":\"jorgedelcampo\"}}]}<\/script>\n<!-- \/ Yoast SEO plugin. -->","yoast_head_json":{"title":"Cierre 1er semestre: Taller de Lengua de Se\u00f1as Chilena (LSCh) en CDE - Colegio Manquecura Ciudad del Este","robots":{"index":"index","follow":"follow","max-snippet":"max-snippet:-1","max-image-preview":"max-image-preview:large","max-video-preview":"max-video-preview:-1"},"canonical":"https:\/\/www.manquecura.cl\/ciudad-del-este\/noticias\/cierre-1er-semestre-taller-de-lengua-de-senas-chilena-lsch-en-cde\/","og_locale":"es_ES","og_type":"article","og_title":"Cierre 1er semestre: Taller de Lengua de Se\u00f1as Chilena (LSCh) en CDE - Colegio Manquecura Ciudad del Este","og_description":"Los estudiantes de Manquecura Ciudad del Este que participaron durante el primer semestre del taller de Lengua de Se\u00f1as Chilena (LSCh), vivieron un importante proceso aprendizajes, con muchas satisfacciones. Para mostrar sus avances, los alumnos Aileen Astudillo, Valentina Monroy, Emma Concha, del 7mo B\u00e1sico B; Benjam\u00edn Cort\u00e9s, del I Medio C; Giulianna Fr\u00edas, Daniela Cid, [&hellip;]","og_url":"https:\/\/www.manquecura.cl\/ciudad-del-este\/noticias\/cierre-1er-semestre-taller-de-lengua-de-senas-chilena-lsch-en-cde\/","og_site_name":"Colegio Manquecura Ciudad del Este","article_publisher":"http:\/\/www.facebook.com\/ColegiosManquecura","article_published_time":"2023-06-27T13:07:10+00:00","author":"jorgedelcampo","twitter_card":"summary_large_image","twitter_misc":{"Escrito por":"jorgedelcampo","Tiempo de lectura":"1 minuto"},"schema":{"@context":"https:\/\/schema.org","@graph":[{"@type":"Article","@id":"https:\/\/www.manquecura.cl\/ciudad-del-este\/noticias\/cierre-1er-semestre-taller-de-lengua-de-senas-chilena-lsch-en-cde\/#article","isPartOf":{"@id":"https:\/\/www.manquecura.cl\/ciudad-del-este\/noticias\/cierre-1er-semestre-taller-de-lengua-de-senas-chilena-lsch-en-cde\/"},"author":{"name":"jorgedelcampo","@id":"https:\/\/www.manquecura.cl\/ciudad-del-este\/#\/schema\/person\/0debeea140e397b5d490ee7e553255d8"},"headline":"Cierre 1er semestre: Taller de Lengua de Se\u00f1as Chilena (LSCh) en CDE","datePublished":"2023-06-27T13:07:10+00:00","mainEntityOfPage":{"@id":"https:\/\/www.manquecura.cl\/ciudad-del-este\/noticias\/cierre-1er-semestre-taller-de-lengua-de-senas-chilena-lsch-en-cde\/"},"wordCount":160,"commentCount":0,"publisher":{"@id":"https:\/\/www.manquecura.cl\/ciudad-del-este\/#organization"},"image":{"@id":"https:\/\/www.manquecura.cl\/ciudad-del-este\/noticias\/cierre-1er-semestre-taller-de-lengua-de-senas-chilena-lsch-en-cde\/#primaryimage"},"thumbnailUrl":"https:\/\/www.manquecura.cl\/ciudad-del-este\/wp-content\/uploads\/sites\/41\/2023\/06\/lengua-senas.jpg","articleSection":["Vida Escolar"],"inLanguage":"es","potentialAction":[{"@type":"CommentAction","name":"Comment","target":["https:\/\/www.manquecura.cl\/ciudad-del-este\/noticias\/cierre-1er-semestre-taller-de-lengua-de-senas-chilena-lsch-en-cde\/#respond"]}]},{"@type":"WebPage","@id":"https:\/\/www.manquecura.cl\/ciudad-del-este\/noticias\/cierre-1er-semestre-taller-de-lengua-de-senas-chilena-lsch-en-cde\/","url":"https:\/\/www.manquecura.cl\/ciudad-del-este\/noticias\/cierre-1er-semestre-taller-de-lengua-de-senas-chilena-lsch-en-cde\/","name":"Cierre 1er semestre: Taller de Lengua de Se\u00f1as Chilena (LSCh) en CDE - Colegio Manquecura Ciudad del Este","isPartOf":{"@id":"https:\/\/www.manquecura.cl\/ciudad-del-este\/#website"},"primaryImageOfPage":{"@id":"https:\/\/www.manquecura.cl\/ciudad-del-este\/noticias\/cierre-1er-semestre-taller-de-lengua-de-senas-chilena-lsch-en-cde\/#primaryimage"},"image":{"@id":"https:\/\/www.manquecura.cl\/ciudad-del-este\/noticias\/cierre-1er-semestre-taller-de-lengua-de-senas-chilena-lsch-en-cde\/#primaryimage"},"thumbnailUrl":"https:\/\/www.manquecura.cl\/ciudad-del-este\/wp-content\/uploads\/sites\/41\/2023\/06\/lengua-senas.jpg","datePublished":"2023-06-27T13:07:10+00:00","breadcrumb":{"@id":"https:\/\/www.manquecura.cl\/ciudad-del-este\/noticias\/cierre-1er-semestre-taller-de-lengua-de-senas-chilena-lsch-en-cde\/#breadcrumb"},"inLanguage":"es","potentialAction":[{"@type":"ReadAction","target":["https:\/\/www.manquecura.cl\/ciudad-del-este\/noticias\/cierre-1er-semestre-taller-de-lengua-de-senas-chilena-lsch-en-cde\/"]}]},{"@type":"ImageObject","inLanguage":"es","@id":"https:\/\/www.manquecura.cl\/ciudad-del-este\/noticias\/cierre-1er-semestre-taller-de-lengua-de-senas-chilena-lsch-en-cde\/#primaryimage","url":"https:\/\/www.manquecura.cl\/ciudad-del-este\/wp-content\/uploads\/sites\/41\/2023\/06\/lengua-senas.jpg","contentUrl":"https:\/\/www.manquecura.cl\/ciudad-del-este\/wp-content\/uploads\/sites\/41\/2023\/06\/lengua-senas.jpg","width":836,"height":523},{"@type":"BreadcrumbList","@id":"https:\/\/www.manquecura.cl\/ciudad-del-este\/noticias\/cierre-1er-semestre-taller-de-lengua-de-senas-chilena-lsch-en-cde\/#breadcrumb","itemListElement":[{"@type":"ListItem","position":1,"name":"Home","item":"https:\/\/www.manquecura.cl\/ciudad-del-este\/"},{"@type":"ListItem","position":2,"name":"Cierre 1er semestre: Taller de Lengua de Se\u00f1as Chilena (LSCh) en CDE"}]},{"@type":"WebSite","@id":"https:\/\/www.manquecura.cl\/ciudad-del-este\/#website","url":"https:\/\/www.manquecura.cl\/ciudad-del-este\/","name":"Colegio Manquecura Ciudad del Este","description":"","publisher":{"@id":"https:\/\/www.manquecura.cl\/ciudad-del-este\/#organization"},"potentialAction":[{"@type":"SearchAction","target":{"@type":"EntryPoint","urlTemplate":"https:\/\/www.manquecura.cl\/ciudad-del-este\/?s={search_term_string}"},"query-input":{"@type":"PropertyValueSpecification","valueRequired":true,"valueName":"search_term_string"}}],"inLanguage":"es"},{"@type":"Organization","@id":"https:\/\/www.manquecura.cl\/ciudad-del-este\/#organization","name":"Colegio Manquecura Ciudad del Este","url":"https:\/\/www.manquecura.cl\/ciudad-del-este\/","logo":{"@type":"ImageObject","inLanguage":"es","@id":"https:\/\/www.manquecura.cl\/ciudad-del-este\/#\/schema\/logo\/image\/","url":"https:\/\/www.manquecura.cl\/ciudad-del-este\/wp-content\/uploads\/sites\/41\/2023\/09\/logo_Manquecura_Ciudad-del-Este_horizontal_color-1.png","contentUrl":"https:\/\/www.manquecura.cl\/ciudad-del-este\/wp-content\/uploads\/sites\/41\/2023\/09\/logo_Manquecura_Ciudad-del-Este_horizontal_color-1.png","width":611,"height":183,"caption":"Colegio Manquecura Ciudad del Este"},"image":{"@id":"https:\/\/www.manquecura.cl\/ciudad-del-este\/#\/schema\/logo\/image\/"},"sameAs":["http:\/\/www.facebook.com\/ColegiosManquecura","http:\/\/www.instagram.com\/manquecura_ciudaddeleste\/","http:\/\/www.youtube.com\/c\/CognitaChile"]},{"@type":"Person","@id":"https:\/\/www.manquecura.cl\/ciudad-del-este\/#\/schema\/person\/0debeea140e397b5d490ee7e553255d8","name":"jorgedelcampo","image":{"@type":"ImageObject","inLanguage":"es","@id":"https:\/\/www.manquecura.cl\/ciudad-del-este\/#\/schema\/person\/image\/","url":"https:\/\/secure.gravatar.com\/avatar\/4a315f521213b2dc91dbda9bf799f711c8a98ab6f5606ec42cf5b33d1e762e8a?s=96&d=mm&r=g","contentUrl":"https:\/\/secure.gravatar.com\/avatar\/4a315f521213b2dc91dbda9bf799f711c8a98ab6f5606ec42cf5b33d1e762e8a?s=96&d=mm&r=g","caption":"jorgedelcampo"}}]}},"jetpack_featured_media_url":"https:\/\/www.manquecura.cl\/ciudad-del-este\/wp-content\/uploads\/sites\/41\/2023\/06\/lengua-senas.jpg","previous_post_ID":125700,"previous_post_title":"Cierre de academia de yoga","previous_post_excerpt":"Los ni\u00f1os y ni\u00f1as de la academia de yoga realizaron una sesi\u00f3n de cierre de actividades con sus padres y apoderados, siendo una jornada entretenida, de convivencia y mucha diversi\u00f3n para ellos, pudiendo demostrar sus avances en la disciplina. \u00a1Muchas felicitaciones! Colegio Manquecura Ciudad del Este \u00a0[multimedia id=&#8221;1&#8243;]","previous_post_link":"https:\/\/www.manquecura.cl\/ciudad-del-este\/noticias\/cierre-de-academia-de-yoga\/","previous_post_class":["post-125700","post","type-post","status-publish","format-standard","has-post-thumbnail","hentry","category-vida-escolar"],"next_post_ID":125702,"next_post_title":"Cierre 1er semestre Programa Sello Ecology &amp; Sustainability","next_post_excerpt":"Nuestra Brigada Ecol\u00f3gica realiz\u00f3 sus actividades de cierre de semestre, junto a su Coordinadora Alejandra Su\u00e1rez, con una jornada en la que escucharon una obra ecol\u00f3gica por medio de kamishibai; participaron de actividades de construcci\u00f3n con eco ladrillos; y para finalizar recibieron gorros y medallas del programa para la continuidad de segundo periodo. \u00a1Felicitaciones a [&hellip;]","next_post_link":"https:\/\/www.manquecura.cl\/ciudad-del-este\/noticias\/cierre-1er-semestre-programa-sello-ecology-sustainability\/","next_post_class":["post-125702","post","type-post","status-publish","format-standard","has-post-thumbnail","hentry","category-vida-escolar"],"jetpack_sharing_enabled":true,"_links":{"self":[{"href":"https:\/\/www.manquecura.cl\/ciudad-del-este\/wp-json\/wp\/v2\/posts\/125701","targetHints":{"allow":["GET"]}}],"collection":[{"href":"https:\/\/www.manquecura.cl\/ciudad-del-este\/wp-json\/wp\/v2\/posts"}],"about":[{"href":"https:\/\/www.manquecura.cl\/ciudad-del-este\/wp-json\/wp\/v2\/types\/post"}],"author":[{"embeddable":true,"href":"https:\/\/www.manquecura.cl\/ciudad-del-este\/wp-json\/wp\/v2\/users\/14"}],"replies":[{"embeddable":true,"href":"https:\/\/www.manquecura.cl\/ciudad-del-este\/wp-json\/wp\/v2\/comments?post=125701"}],"version-history":[{"count":0,"href":"https:\/\/www.manquecura.cl\/ciudad-del-este\/wp-json\/wp\/v2\/posts\/125701\/revisions"}],"wp:featuredmedia":[{"embeddable":true,"href":"https:\/\/www.manquecura.cl\/ciudad-del-este\/wp-json\/wp\/v2\/media\/22486"}],"wp:attachment":[{"href":"https:\/\/www.manquecura.cl\/ciudad-del-este\/wp-json\/wp\/v2\/media?parent=125701"}],"wp:term":[{"taxonomy":"category","embeddable":true,"href":"https:\/\/www.manquecura.cl\/ciudad-del-este\/wp-json\/wp\/v2\/categories?post=125701"},{"taxonomy":"post_tag","embeddable":true,"href":"https:\/\/www.manquecura.cl\/ciudad-del-este\/wp-json\/wp\/v2\/tags?post=125701"}],"curies":[{"name":"wp","href":"https:\/\/api.w.org\/{rel}","templated":true}]}}