{"id":125679,"date":"2023-06-12T10:25:21","date_gmt":"2023-06-12T14:25:21","guid":{"rendered":"https:\/\/www.manquecura.cl\/ciudad-del-este\/?p=22179"},"modified":"2023-06-12T10:25:21","modified_gmt":"2023-06-12T14:25:21","slug":"2do-green-day-2023","status":"publish","type":"post","link":"https:\/\/www.manquecura.cl\/ciudad-del-este\/noticias\/2do-green-day-2023\/","title":{"rendered":"2do Green Day 2023"},"content":{"rendered":"<p>Nuestro colegio desarroll\u00f3 diversas actividades en una nueva jornada de Green Day o D\u00eda Verde, con todo lo preparado por nuestro Programa Sello Ecolog\u00eda y Sustentabilidad, para entregar a los ni\u00f1os nuevas herramientas que les permitan cuidar el medioambiente.<\/p>\n<p>Los ni\u00f1os y ni\u00f1as trabajaron durante las celebraciones en las tem\u00e1ticas del cuidado del mar y las diversas especies que habitan en \u00e9l, viendo videos, dibujando y conversando acerca de lo que piensan y de sus propias experiencias.<\/p>\n<p style=\"text-align: center\"><strong>Colegio Manquecura Ciudad del Este<\/strong><\/p>\n<p>[multimedia id=&#8221;1&#8243;]<\/p>\n"},"excerpt":{"rendered":"<p>Nuestro colegio desarroll\u00f3 diversas actividades en una nueva jornada de Green Day o D\u00eda Verde, con todo lo preparado por nuestro Programa Sello Ecolog\u00eda y Sustentabilidad, para entregar a los ni\u00f1os nuevas herramientas que les permitan cuidar el medioambiente. Los ni\u00f1os y ni\u00f1as trabajaron durante las celebraciones en las tem\u00e1ticas del cuidado del mar y [&hellip;]<\/p>\n","protected":false},"author":14,"featured_media":22198,"comment_status":"open","ping_status":"open","sticky":false,"template":"","format":"standard","meta":{"_acf_changed":false,"content-type":"","_jetpack_memberships_contains_paid_content":false,"footnotes":""},"categories":[1],"tags":[],"class_list":["post-125679","post","type-post","status-publish","format-standard","has-post-thumbnail","hentry","category-vida-escolar"],"acf":[],"yoast_head":"<!-- This site is optimized with the Yoast SEO plugin v27.1.1 - https:\/\/yoast.com\/product\/yoast-seo-wordpress\/ -->\n<title>2do Green Day 2023 - Colegio Manquecura Ciudad del Este<\/title>\n<meta name=\"robots\" content=\"index, follow, max-snippet:-1, max-image-preview:large, max-video-preview:-1\" \/>\n<link rel=\"canonical\" href=\"https:\/\/www.manquecura.cl\/ciudad-del-este\/noticias\/2do-green-day-2023\/\" \/>\n<meta property=\"og:locale\" content=\"es_ES\" \/>\n<meta property=\"og:type\" content=\"article\" \/>\n<meta property=\"og:title\" content=\"2do Green Day 2023 - Colegio Manquecura Ciudad del Este\" \/>\n<meta property=\"og:description\" content=\"Nuestro colegio desarroll\u00f3 diversas actividades en una nueva jornada de Green Day o D\u00eda Verde, con todo lo preparado por nuestro Programa Sello Ecolog\u00eda y Sustentabilidad, para entregar a los ni\u00f1os nuevas herramientas que les permitan cuidar el medioambiente. Los ni\u00f1os y ni\u00f1as trabajaron durante las celebraciones en las tem\u00e1ticas del cuidado del mar y [&hellip;]\" \/>\n<meta property=\"og:url\" content=\"https:\/\/www.manquecura.cl\/ciudad-del-este\/noticias\/2do-green-day-2023\/\" \/>\n<meta property=\"og:site_name\" content=\"Colegio Manquecura Ciudad del Este\" \/>\n<meta property=\"article:publisher\" content=\"http:\/\/www.facebook.com\/ColegiosManquecura\" \/>\n<meta property=\"article:published_time\" content=\"2023-06-12T14:25:21+00:00\" \/>\n<meta name=\"author\" content=\"jorgedelcampo\" \/>\n<meta name=\"twitter:card\" content=\"summary_large_image\" \/>\n<meta name=\"twitter:label1\" content=\"Escrito por\" \/>\n\t<meta name=\"twitter:data1\" content=\"jorgedelcampo\" \/>\n<script type=\"application\/ld+json\" class=\"yoast-schema-graph\">{\"@context\":\"https:\/\/schema.org\",\"@graph\":[{\"@type\":\"Article\",\"@id\":\"https:\/\/www.manquecura.cl\/ciudad-del-este\/noticias\/2do-green-day-2023\/#article\",\"isPartOf\":{\"@id\":\"https:\/\/www.manquecura.cl\/ciudad-del-este\/noticias\/2do-green-day-2023\/\"},\"author\":{\"name\":\"jorgedelcampo\",\"@id\":\"https:\/\/www.manquecura.cl\/ciudad-del-este\/#\/schema\/person\/0debeea140e397b5d490ee7e553255d8\"},\"headline\":\"2do Green Day 2023\",\"datePublished\":\"2023-06-12T14:25:21+00:00\",\"mainEntityOfPage\":{\"@id\":\"https:\/\/www.manquecura.cl\/ciudad-del-este\/noticias\/2do-green-day-2023\/\"},\"wordCount\":93,\"commentCount\":0,\"publisher\":{\"@id\":\"https:\/\/www.manquecura.cl\/ciudad-del-este\/#organization\"},\"image\":{\"@id\":\"https:\/\/www.manquecura.cl\/ciudad-del-este\/noticias\/2do-green-day-2023\/#primaryimage\"},\"thumbnailUrl\":\"https:\/\/www.manquecura.cl\/ciudad-del-este\/wp-content\/uploads\/sites\/41\/2023\/06\/15.png\",\"articleSection\":[\"Vida Escolar\"],\"inLanguage\":\"es\",\"potentialAction\":[{\"@type\":\"CommentAction\",\"name\":\"Comment\",\"target\":[\"https:\/\/www.manquecura.cl\/ciudad-del-este\/noticias\/2do-green-day-2023\/#respond\"]}]},{\"@type\":\"WebPage\",\"@id\":\"https:\/\/www.manquecura.cl\/ciudad-del-este\/noticias\/2do-green-day-2023\/\",\"url\":\"https:\/\/www.manquecura.cl\/ciudad-del-este\/noticias\/2do-green-day-2023\/\",\"name\":\"2do Green Day 2023 - Colegio Manquecura Ciudad del Este\",\"isPartOf\":{\"@id\":\"https:\/\/www.manquecura.cl\/ciudad-del-este\/#website\"},\"primaryImageOfPage\":{\"@id\":\"https:\/\/www.manquecura.cl\/ciudad-del-este\/noticias\/2do-green-day-2023\/#primaryimage\"},\"image\":{\"@id\":\"https:\/\/www.manquecura.cl\/ciudad-del-este\/noticias\/2do-green-day-2023\/#primaryimage\"},\"thumbnailUrl\":\"https:\/\/www.manquecura.cl\/ciudad-del-este\/wp-content\/uploads\/sites\/41\/2023\/06\/15.png\",\"datePublished\":\"2023-06-12T14:25:21+00:00\",\"breadcrumb\":{\"@id\":\"https:\/\/www.manquecura.cl\/ciudad-del-este\/noticias\/2do-green-day-2023\/#breadcrumb\"},\"inLanguage\":\"es\",\"potentialAction\":[{\"@type\":\"ReadAction\",\"target\":[\"https:\/\/www.manquecura.cl\/ciudad-del-este\/noticias\/2do-green-day-2023\/\"]}]},{\"@type\":\"ImageObject\",\"inLanguage\":\"es\",\"@id\":\"https:\/\/www.manquecura.cl\/ciudad-del-este\/noticias\/2do-green-day-2023\/#primaryimage\",\"url\":\"https:\/\/www.manquecura.cl\/ciudad-del-este\/wp-content\/uploads\/sites\/41\/2023\/06\/15.png\",\"contentUrl\":\"https:\/\/www.manquecura.cl\/ciudad-del-este\/wp-content\/uploads\/sites\/41\/2023\/06\/15.png\",\"width\":836,\"height\":523},{\"@type\":\"BreadcrumbList\",\"@id\":\"https:\/\/www.manquecura.cl\/ciudad-del-este\/noticias\/2do-green-day-2023\/#breadcrumb\",\"itemListElement\":[{\"@type\":\"ListItem\",\"position\":1,\"name\":\"Home\",\"item\":\"https:\/\/www.manquecura.cl\/ciudad-del-este\/\"},{\"@type\":\"ListItem\",\"position\":2,\"name\":\"2do Green Day 2023\"}]},{\"@type\":\"WebSite\",\"@id\":\"https:\/\/www.manquecura.cl\/ciudad-del-este\/#website\",\"url\":\"https:\/\/www.manquecura.cl\/ciudad-del-este\/\",\"name\":\"Colegio Manquecura Ciudad del Este\",\"description\":\"\",\"publisher\":{\"@id\":\"https:\/\/www.manquecura.cl\/ciudad-del-este\/#organization\"},\"potentialAction\":[{\"@type\":\"SearchAction\",\"target\":{\"@type\":\"EntryPoint\",\"urlTemplate\":\"https:\/\/www.manquecura.cl\/ciudad-del-este\/?s={search_term_string}\"},\"query-input\":{\"@type\":\"PropertyValueSpecification\",\"valueRequired\":true,\"valueName\":\"search_term_string\"}}],\"inLanguage\":\"es\"},{\"@type\":\"Organization\",\"@id\":\"https:\/\/www.manquecura.cl\/ciudad-del-este\/#organization\",\"name\":\"Colegio Manquecura Ciudad del Este\",\"url\":\"https:\/\/www.manquecura.cl\/ciudad-del-este\/\",\"logo\":{\"@type\":\"ImageObject\",\"inLanguage\":\"es\",\"@id\":\"https:\/\/www.manquecura.cl\/ciudad-del-este\/#\/schema\/logo\/image\/\",\"url\":\"https:\/\/www.manquecura.cl\/ciudad-del-este\/wp-content\/uploads\/sites\/41\/2023\/09\/logo_Manquecura_Ciudad-del-Este_horizontal_color-1.png\",\"contentUrl\":\"https:\/\/www.manquecura.cl\/ciudad-del-este\/wp-content\/uploads\/sites\/41\/2023\/09\/logo_Manquecura_Ciudad-del-Este_horizontal_color-1.png\",\"width\":611,\"height\":183,\"caption\":\"Colegio Manquecura Ciudad del Este\"},\"image\":{\"@id\":\"https:\/\/www.manquecura.cl\/ciudad-del-este\/#\/schema\/logo\/image\/\"},\"sameAs\":[\"http:\/\/www.facebook.com\/ColegiosManquecura\",\"http:\/\/www.instagram.com\/manquecura_ciudaddeleste\/\",\"http:\/\/www.youtube.com\/c\/CognitaChile\"]},{\"@type\":\"Person\",\"@id\":\"https:\/\/www.manquecura.cl\/ciudad-del-este\/#\/schema\/person\/0debeea140e397b5d490ee7e553255d8\",\"name\":\"jorgedelcampo\",\"image\":{\"@type\":\"ImageObject\",\"inLanguage\":\"es\",\"@id\":\"https:\/\/www.manquecura.cl\/ciudad-del-este\/#\/schema\/person\/image\/\",\"url\":\"https:\/\/secure.gravatar.com\/avatar\/4a315f521213b2dc91dbda9bf799f711c8a98ab6f5606ec42cf5b33d1e762e8a?s=96&d=mm&r=g\",\"contentUrl\":\"https:\/\/secure.gravatar.com\/avatar\/4a315f521213b2dc91dbda9bf799f711c8a98ab6f5606ec42cf5b33d1e762e8a?s=96&d=mm&r=g\",\"caption\":\"jorgedelcampo\"}}]}<\/script>\n<!-- \/ Yoast SEO plugin. -->","yoast_head_json":{"title":"2do Green Day 2023 - Colegio Manquecura Ciudad del Este","robots":{"index":"index","follow":"follow","max-snippet":"max-snippet:-1","max-image-preview":"max-image-preview:large","max-video-preview":"max-video-preview:-1"},"canonical":"https:\/\/www.manquecura.cl\/ciudad-del-este\/noticias\/2do-green-day-2023\/","og_locale":"es_ES","og_type":"article","og_title":"2do Green Day 2023 - Colegio Manquecura Ciudad del Este","og_description":"Nuestro colegio desarroll\u00f3 diversas actividades en una nueva jornada de Green Day o D\u00eda Verde, con todo lo preparado por nuestro Programa Sello Ecolog\u00eda y Sustentabilidad, para entregar a los ni\u00f1os nuevas herramientas que les permitan cuidar el medioambiente. Los ni\u00f1os y ni\u00f1as trabajaron durante las celebraciones en las tem\u00e1ticas del cuidado del mar y [&hellip;]","og_url":"https:\/\/www.manquecura.cl\/ciudad-del-este\/noticias\/2do-green-day-2023\/","og_site_name":"Colegio Manquecura Ciudad del Este","article_publisher":"http:\/\/www.facebook.com\/ColegiosManquecura","article_published_time":"2023-06-12T14:25:21+00:00","author":"jorgedelcampo","twitter_card":"summary_large_image","twitter_misc":{"Escrito por":"jorgedelcampo"},"schema":{"@context":"https:\/\/schema.org","@graph":[{"@type":"Article","@id":"https:\/\/www.manquecura.cl\/ciudad-del-este\/noticias\/2do-green-day-2023\/#article","isPartOf":{"@id":"https:\/\/www.manquecura.cl\/ciudad-del-este\/noticias\/2do-green-day-2023\/"},"author":{"name":"jorgedelcampo","@id":"https:\/\/www.manquecura.cl\/ciudad-del-este\/#\/schema\/person\/0debeea140e397b5d490ee7e553255d8"},"headline":"2do Green Day 2023","datePublished":"2023-06-12T14:25:21+00:00","mainEntityOfPage":{"@id":"https:\/\/www.manquecura.cl\/ciudad-del-este\/noticias\/2do-green-day-2023\/"},"wordCount":93,"commentCount":0,"publisher":{"@id":"https:\/\/www.manquecura.cl\/ciudad-del-este\/#organization"},"image":{"@id":"https:\/\/www.manquecura.cl\/ciudad-del-este\/noticias\/2do-green-day-2023\/#primaryimage"},"thumbnailUrl":"https:\/\/www.manquecura.cl\/ciudad-del-este\/wp-content\/uploads\/sites\/41\/2023\/06\/15.png","articleSection":["Vida Escolar"],"inLanguage":"es","potentialAction":[{"@type":"CommentAction","name":"Comment","target":["https:\/\/www.manquecura.cl\/ciudad-del-este\/noticias\/2do-green-day-2023\/#respond"]}]},{"@type":"WebPage","@id":"https:\/\/www.manquecura.cl\/ciudad-del-este\/noticias\/2do-green-day-2023\/","url":"https:\/\/www.manquecura.cl\/ciudad-del-este\/noticias\/2do-green-day-2023\/","name":"2do Green Day 2023 - Colegio Manquecura Ciudad del Este","isPartOf":{"@id":"https:\/\/www.manquecura.cl\/ciudad-del-este\/#website"},"primaryImageOfPage":{"@id":"https:\/\/www.manquecura.cl\/ciudad-del-este\/noticias\/2do-green-day-2023\/#primaryimage"},"image":{"@id":"https:\/\/www.manquecura.cl\/ciudad-del-este\/noticias\/2do-green-day-2023\/#primaryimage"},"thumbnailUrl":"https:\/\/www.manquecura.cl\/ciudad-del-este\/wp-content\/uploads\/sites\/41\/2023\/06\/15.png","datePublished":"2023-06-12T14:25:21+00:00","breadcrumb":{"@id":"https:\/\/www.manquecura.cl\/ciudad-del-este\/noticias\/2do-green-day-2023\/#breadcrumb"},"inLanguage":"es","potentialAction":[{"@type":"ReadAction","target":["https:\/\/www.manquecura.cl\/ciudad-del-este\/noticias\/2do-green-day-2023\/"]}]},{"@type":"ImageObject","inLanguage":"es","@id":"https:\/\/www.manquecura.cl\/ciudad-del-este\/noticias\/2do-green-day-2023\/#primaryimage","url":"https:\/\/www.manquecura.cl\/ciudad-del-este\/wp-content\/uploads\/sites\/41\/2023\/06\/15.png","contentUrl":"https:\/\/www.manquecura.cl\/ciudad-del-este\/wp-content\/uploads\/sites\/41\/2023\/06\/15.png","width":836,"height":523},{"@type":"BreadcrumbList","@id":"https:\/\/www.manquecura.cl\/ciudad-del-este\/noticias\/2do-green-day-2023\/#breadcrumb","itemListElement":[{"@type":"ListItem","position":1,"name":"Home","item":"https:\/\/www.manquecura.cl\/ciudad-del-este\/"},{"@type":"ListItem","position":2,"name":"2do Green Day 2023"}]},{"@type":"WebSite","@id":"https:\/\/www.manquecura.cl\/ciudad-del-este\/#website","url":"https:\/\/www.manquecura.cl\/ciudad-del-este\/","name":"Colegio Manquecura Ciudad del Este","description":"","publisher":{"@id":"https:\/\/www.manquecura.cl\/ciudad-del-este\/#organization"},"potentialAction":[{"@type":"SearchAction","target":{"@type":"EntryPoint","urlTemplate":"https:\/\/www.manquecura.cl\/ciudad-del-este\/?s={search_term_string}"},"query-input":{"@type":"PropertyValueSpecification","valueRequired":true,"valueName":"search_term_string"}}],"inLanguage":"es"},{"@type":"Organization","@id":"https:\/\/www.manquecura.cl\/ciudad-del-este\/#organization","name":"Colegio Manquecura Ciudad del Este","url":"https:\/\/www.manquecura.cl\/ciudad-del-este\/","logo":{"@type":"ImageObject","inLanguage":"es","@id":"https:\/\/www.manquecura.cl\/ciudad-del-este\/#\/schema\/logo\/image\/","url":"https:\/\/www.manquecura.cl\/ciudad-del-este\/wp-content\/uploads\/sites\/41\/2023\/09\/logo_Manquecura_Ciudad-del-Este_horizontal_color-1.png","contentUrl":"https:\/\/www.manquecura.cl\/ciudad-del-este\/wp-content\/uploads\/sites\/41\/2023\/09\/logo_Manquecura_Ciudad-del-Este_horizontal_color-1.png","width":611,"height":183,"caption":"Colegio Manquecura Ciudad del Este"},"image":{"@id":"https:\/\/www.manquecura.cl\/ciudad-del-este\/#\/schema\/logo\/image\/"},"sameAs":["http:\/\/www.facebook.com\/ColegiosManquecura","http:\/\/www.instagram.com\/manquecura_ciudaddeleste\/","http:\/\/www.youtube.com\/c\/CognitaChile"]},{"@type":"Person","@id":"https:\/\/www.manquecura.cl\/ciudad-del-este\/#\/schema\/person\/0debeea140e397b5d490ee7e553255d8","name":"jorgedelcampo","image":{"@type":"ImageObject","inLanguage":"es","@id":"https:\/\/www.manquecura.cl\/ciudad-del-este\/#\/schema\/person\/image\/","url":"https:\/\/secure.gravatar.com\/avatar\/4a315f521213b2dc91dbda9bf799f711c8a98ab6f5606ec42cf5b33d1e762e8a?s=96&d=mm&r=g","contentUrl":"https:\/\/secure.gravatar.com\/avatar\/4a315f521213b2dc91dbda9bf799f711c8a98ab6f5606ec42cf5b33d1e762e8a?s=96&d=mm&r=g","caption":"jorgedelcampo"}}]}},"jetpack_featured_media_url":"https:\/\/www.manquecura.cl\/ciudad-del-este\/wp-content\/uploads\/sites\/41\/2023\/06\/15.png","previous_post_ID":125677,"previous_post_title":"C\u00f3ndores de Manquecura CDE vs San Carlos de Arag\u00f3n","previous_post_excerpt":"Nuestros C\u00f3ndores recibieron en casa al colegio San Carlos de Arag\u00f3n en la tercera fecha de liga LIFUC. Nuestra comunidad se deleit\u00f3 con una exposici\u00f3n de buen f\u00fatbol, partidos muy emocionantes en sus distintas categor\u00edas y en donde prevaleci\u00f3 el juego limpio, honesto y trabajo colaborativo. Como colegio felicitamos a nuestros deportistas y tambi\u00e9n a [&hellip;]","previous_post_link":"https:\/\/www.manquecura.cl\/ciudad-del-este\/noticias\/condores-de-manquecura-cde-vs-san-carlos-de-aragon\/","previous_post_class":["post-125677","post","type-post","status-publish","format-standard","has-post-thumbnail","hentry","category-vida-escolar"],"next_post_ID":125680,"next_post_title":"D\u00eda del Padre IV Medio","next_post_excerpt":"Con mucha emoci\u00f3n y alegr\u00eda los alumnos de Educaci\u00f3n IV Medio de Manquecura Ciudad del Este, celebraron un nuevo D\u00eda del Padre. Los pap\u00e1s y apoderados de IV Medio disfrutaron una ma\u00f1ana llena de sorpresas para festejarlos, siendo una de las \u00faltimas actividades que tendr\u00e1n los estudiantes con ellos en el colegio, contando as\u00ed con [&hellip;]","next_post_link":"https:\/\/www.manquecura.cl\/ciudad-del-este\/noticias\/dia-del-padre-iv-medio\/","next_post_class":["post-125680","post","type-post","status-publish","format-standard","has-post-thumbnail","hentry","category-vida-escolar"],"jetpack_sharing_enabled":true,"_links":{"self":[{"href":"https:\/\/www.manquecura.cl\/ciudad-del-este\/wp-json\/wp\/v2\/posts\/125679","targetHints":{"allow":["GET"]}}],"collection":[{"href":"https:\/\/www.manquecura.cl\/ciudad-del-este\/wp-json\/wp\/v2\/posts"}],"about":[{"href":"https:\/\/www.manquecura.cl\/ciudad-del-este\/wp-json\/wp\/v2\/types\/post"}],"author":[{"embeddable":true,"href":"https:\/\/www.manquecura.cl\/ciudad-del-este\/wp-json\/wp\/v2\/users\/14"}],"replies":[{"embeddable":true,"href":"https:\/\/www.manquecura.cl\/ciudad-del-este\/wp-json\/wp\/v2\/comments?post=125679"}],"version-history":[{"count":0,"href":"https:\/\/www.manquecura.cl\/ciudad-del-este\/wp-json\/wp\/v2\/posts\/125679\/revisions"}],"wp:featuredmedia":[{"embeddable":true,"href":"https:\/\/www.manquecura.cl\/ciudad-del-este\/wp-json\/wp\/v2\/media\/22198"}],"wp:attachment":[{"href":"https:\/\/www.manquecura.cl\/ciudad-del-este\/wp-json\/wp\/v2\/media?parent=125679"}],"wp:term":[{"taxonomy":"category","embeddable":true,"href":"https:\/\/www.manquecura.cl\/ciudad-del-este\/wp-json\/wp\/v2\/categories?post=125679"},{"taxonomy":"post_tag","embeddable":true,"href":"https:\/\/www.manquecura.cl\/ciudad-del-este\/wp-json\/wp\/v2\/tags?post=125679"}],"curies":[{"name":"wp","href":"https:\/\/api.w.org\/{rel}","templated":true}]}}