{"id":125670,"date":"2023-05-25T10:07:45","date_gmt":"2023-05-25T14:07:45","guid":{"rendered":"https:\/\/www.manquecura.cl\/ciudad-del-este\/?p=21910"},"modified":"2023-05-25T10:07:45","modified_gmt":"2023-05-25T14:07:45","slug":"nuestros-alumnos-participan-del-taller-stem","status":"publish","type":"post","link":"https:\/\/www.manquecura.cl\/ciudad-del-este\/noticias\/nuestros-alumnos-participan-del-taller-stem\/","title":{"rendered":"Nuestros alumnos participan del Taller STEM"},"content":{"rendered":"<p>Queremos compartir con nuestra comunidad escolar, el trabajo que est\u00e1n preparando nuestros estudiantes, en conjunto con los alumnos de la carrera de Ingenier\u00eda en Dise\u00f1o de Producto de la Universidad Federico Santa Mar\u00eda.<\/p>\n<p>Los futuros ingenieros se encargar\u00e1n de ser monitores del TALLER STEM para nuestros estudiantes de 7mo y 8vo B\u00e1sico, con actividades que se llevar\u00e1n a cabo en las dependencias de la misma universidad, en el Campus San Joaqu\u00edn.<\/p>\n<p><strong>STEM<\/strong> es el acr\u00f3nimo de <strong>S<\/strong>cience, Technology, <strong>E<\/strong>ngineering and <strong>M<\/strong>athematics. Es una integraci\u00f3n de las ciencias en un enfoque de ense\u00f1anza basado en la interdisciplinaridad y aplicabilidad de los conocimientos de ciencias y matem\u00e1ticas. Y este taller busca que el conjunto de disciplinas se articulen a trav\u00e9s de la ingenier\u00eda para la b\u00fasqueda de la resoluci\u00f3n de diversos problemas.<\/p>\n<p>El objetivo de esta metodolog\u00eda de estudio es dotar a los estudiantes de competencias interdisciplinarias que le permitan el aprendizaje desde la experiencia, a \u00abaprender a aprender\u00bb, prepar\u00e1ndoles para un mundo cada vez m\u00e1s avanzado a nivel tecnol\u00f3gico. Adem\u00e1s, permite el desarrollo del pensamiento cr\u00edtico, la resoluci\u00f3n de problemas y la colaboraci\u00f3n interdisciplinaria.<\/p>\n<p>Estamos orgullosos de todos nuestros estudiantes que est\u00e1n participando de estas actividades, de quienes esperamos grandes noticias en su desarrollo y aprendizaje en torno a las ciencia, la matem\u00e1tica y la tecnolog\u00eda.<\/p>\n<p>\u00a1Felicitaciones!<\/p>\n<p style=\"text-align: center\"><strong>Colegio Manquecura Ciudad del Es<\/strong>te<\/p>\n<p>[multimedia id=&#8221;1&#8243;]<\/p>\n"},"excerpt":{"rendered":"<p>Queremos compartir con nuestra comunidad escolar, el trabajo que est\u00e1n preparando nuestros estudiantes, en conjunto con los alumnos de la carrera de Ingenier\u00eda en Dise\u00f1o de Producto de la Universidad Federico Santa Mar\u00eda. Los futuros ingenieros se encargar\u00e1n de ser monitores del TALLER STEM para nuestros estudiantes de 7mo y 8vo B\u00e1sico, con actividades que [&hellip;]<\/p>\n","protected":false},"author":14,"featured_media":21924,"comment_status":"open","ping_status":"open","sticky":false,"template":"","format":"standard","meta":{"_acf_changed":false,"content-type":"","_jetpack_memberships_contains_paid_content":false,"footnotes":""},"categories":[1],"tags":[],"class_list":["post-125670","post","type-post","status-publish","format-standard","has-post-thumbnail","hentry","category-vida-escolar"],"acf":[],"yoast_head":"<!-- This site is optimized with the Yoast SEO plugin v27.1.1 - https:\/\/yoast.com\/product\/yoast-seo-wordpress\/ -->\n<title>Nuestros alumnos participan del Taller STEM - Colegio Manquecura Ciudad del Este<\/title>\n<meta name=\"robots\" content=\"index, follow, max-snippet:-1, max-image-preview:large, max-video-preview:-1\" \/>\n<link rel=\"canonical\" href=\"https:\/\/www.manquecura.cl\/ciudad-del-este\/noticias\/nuestros-alumnos-participan-del-taller-stem\/\" \/>\n<meta property=\"og:locale\" content=\"es_ES\" \/>\n<meta property=\"og:type\" content=\"article\" \/>\n<meta property=\"og:title\" content=\"Nuestros alumnos participan del Taller STEM - Colegio Manquecura Ciudad del Este\" \/>\n<meta property=\"og:description\" content=\"Queremos compartir con nuestra comunidad escolar, el trabajo que est\u00e1n preparando nuestros estudiantes, en conjunto con los alumnos de la carrera de Ingenier\u00eda en Dise\u00f1o de Producto de la Universidad Federico Santa Mar\u00eda. Los futuros ingenieros se encargar\u00e1n de ser monitores del TALLER STEM para nuestros estudiantes de 7mo y 8vo B\u00e1sico, con actividades que [&hellip;]\" \/>\n<meta property=\"og:url\" content=\"https:\/\/www.manquecura.cl\/ciudad-del-este\/noticias\/nuestros-alumnos-participan-del-taller-stem\/\" \/>\n<meta property=\"og:site_name\" content=\"Colegio Manquecura Ciudad del Este\" \/>\n<meta property=\"article:publisher\" content=\"http:\/\/www.facebook.com\/ColegiosManquecura\" \/>\n<meta property=\"article:published_time\" content=\"2023-05-25T14:07:45+00:00\" \/>\n<meta name=\"author\" content=\"jorgedelcampo\" \/>\n<meta name=\"twitter:card\" content=\"summary_large_image\" \/>\n<meta name=\"twitter:label1\" content=\"Escrito por\" \/>\n\t<meta name=\"twitter:data1\" content=\"jorgedelcampo\" \/>\n\t<meta name=\"twitter:label2\" content=\"Tiempo de lectura\" \/>\n\t<meta name=\"twitter:data2\" content=\"1 minuto\" \/>\n<script type=\"application\/ld+json\" class=\"yoast-schema-graph\">{\"@context\":\"https:\/\/schema.org\",\"@graph\":[{\"@type\":\"Article\",\"@id\":\"https:\/\/www.manquecura.cl\/ciudad-del-este\/noticias\/nuestros-alumnos-participan-del-taller-stem\/#article\",\"isPartOf\":{\"@id\":\"https:\/\/www.manquecura.cl\/ciudad-del-este\/noticias\/nuestros-alumnos-participan-del-taller-stem\/\"},\"author\":{\"name\":\"jorgedelcampo\",\"@id\":\"https:\/\/www.manquecura.cl\/ciudad-del-este\/#\/schema\/person\/0debeea140e397b5d490ee7e553255d8\"},\"headline\":\"Nuestros alumnos participan del Taller STEM\",\"datePublished\":\"2023-05-25T14:07:45+00:00\",\"mainEntityOfPage\":{\"@id\":\"https:\/\/www.manquecura.cl\/ciudad-del-este\/noticias\/nuestros-alumnos-participan-del-taller-stem\/\"},\"wordCount\":256,\"commentCount\":0,\"publisher\":{\"@id\":\"https:\/\/www.manquecura.cl\/ciudad-del-este\/#organization\"},\"image\":{\"@id\":\"https:\/\/www.manquecura.cl\/ciudad-del-este\/noticias\/nuestros-alumnos-participan-del-taller-stem\/#primaryimage\"},\"thumbnailUrl\":\"https:\/\/www.manquecura.cl\/ciudad-del-este\/wp-content\/uploads\/sites\/41\/2023\/05\/PREPARACION-TALLER-STEM-MANQUECURA-CIUDAD-DEL-ESTE_-1.jpg\",\"articleSection\":[\"Vida Escolar\"],\"inLanguage\":\"es\",\"potentialAction\":[{\"@type\":\"CommentAction\",\"name\":\"Comment\",\"target\":[\"https:\/\/www.manquecura.cl\/ciudad-del-este\/noticias\/nuestros-alumnos-participan-del-taller-stem\/#respond\"]}]},{\"@type\":\"WebPage\",\"@id\":\"https:\/\/www.manquecura.cl\/ciudad-del-este\/noticias\/nuestros-alumnos-participan-del-taller-stem\/\",\"url\":\"https:\/\/www.manquecura.cl\/ciudad-del-este\/noticias\/nuestros-alumnos-participan-del-taller-stem\/\",\"name\":\"Nuestros alumnos participan del Taller STEM - Colegio Manquecura Ciudad del Este\",\"isPartOf\":{\"@id\":\"https:\/\/www.manquecura.cl\/ciudad-del-este\/#website\"},\"primaryImageOfPage\":{\"@id\":\"https:\/\/www.manquecura.cl\/ciudad-del-este\/noticias\/nuestros-alumnos-participan-del-taller-stem\/#primaryimage\"},\"image\":{\"@id\":\"https:\/\/www.manquecura.cl\/ciudad-del-este\/noticias\/nuestros-alumnos-participan-del-taller-stem\/#primaryimage\"},\"thumbnailUrl\":\"https:\/\/www.manquecura.cl\/ciudad-del-este\/wp-content\/uploads\/sites\/41\/2023\/05\/PREPARACION-TALLER-STEM-MANQUECURA-CIUDAD-DEL-ESTE_-1.jpg\",\"datePublished\":\"2023-05-25T14:07:45+00:00\",\"breadcrumb\":{\"@id\":\"https:\/\/www.manquecura.cl\/ciudad-del-este\/noticias\/nuestros-alumnos-participan-del-taller-stem\/#breadcrumb\"},\"inLanguage\":\"es\",\"potentialAction\":[{\"@type\":\"ReadAction\",\"target\":[\"https:\/\/www.manquecura.cl\/ciudad-del-este\/noticias\/nuestros-alumnos-participan-del-taller-stem\/\"]}]},{\"@type\":\"ImageObject\",\"inLanguage\":\"es\",\"@id\":\"https:\/\/www.manquecura.cl\/ciudad-del-este\/noticias\/nuestros-alumnos-participan-del-taller-stem\/#primaryimage\",\"url\":\"https:\/\/www.manquecura.cl\/ciudad-del-este\/wp-content\/uploads\/sites\/41\/2023\/05\/PREPARACION-TALLER-STEM-MANQUECURA-CIUDAD-DEL-ESTE_-1.jpg\",\"contentUrl\":\"https:\/\/www.manquecura.cl\/ciudad-del-este\/wp-content\/uploads\/sites\/41\/2023\/05\/PREPARACION-TALLER-STEM-MANQUECURA-CIUDAD-DEL-ESTE_-1.jpg\",\"width\":836,\"height\":523},{\"@type\":\"BreadcrumbList\",\"@id\":\"https:\/\/www.manquecura.cl\/ciudad-del-este\/noticias\/nuestros-alumnos-participan-del-taller-stem\/#breadcrumb\",\"itemListElement\":[{\"@type\":\"ListItem\",\"position\":1,\"name\":\"Home\",\"item\":\"https:\/\/www.manquecura.cl\/ciudad-del-este\/\"},{\"@type\":\"ListItem\",\"position\":2,\"name\":\"Nuestros alumnos participan del Taller STEM\"}]},{\"@type\":\"WebSite\",\"@id\":\"https:\/\/www.manquecura.cl\/ciudad-del-este\/#website\",\"url\":\"https:\/\/www.manquecura.cl\/ciudad-del-este\/\",\"name\":\"Colegio Manquecura Ciudad del Este\",\"description\":\"\",\"publisher\":{\"@id\":\"https:\/\/www.manquecura.cl\/ciudad-del-este\/#organization\"},\"potentialAction\":[{\"@type\":\"SearchAction\",\"target\":{\"@type\":\"EntryPoint\",\"urlTemplate\":\"https:\/\/www.manquecura.cl\/ciudad-del-este\/?s={search_term_string}\"},\"query-input\":{\"@type\":\"PropertyValueSpecification\",\"valueRequired\":true,\"valueName\":\"search_term_string\"}}],\"inLanguage\":\"es\"},{\"@type\":\"Organization\",\"@id\":\"https:\/\/www.manquecura.cl\/ciudad-del-este\/#organization\",\"name\":\"Colegio Manquecura Ciudad del Este\",\"url\":\"https:\/\/www.manquecura.cl\/ciudad-del-este\/\",\"logo\":{\"@type\":\"ImageObject\",\"inLanguage\":\"es\",\"@id\":\"https:\/\/www.manquecura.cl\/ciudad-del-este\/#\/schema\/logo\/image\/\",\"url\":\"https:\/\/www.manquecura.cl\/ciudad-del-este\/wp-content\/uploads\/sites\/41\/2023\/09\/logo_Manquecura_Ciudad-del-Este_horizontal_color-1.png\",\"contentUrl\":\"https:\/\/www.manquecura.cl\/ciudad-del-este\/wp-content\/uploads\/sites\/41\/2023\/09\/logo_Manquecura_Ciudad-del-Este_horizontal_color-1.png\",\"width\":611,\"height\":183,\"caption\":\"Colegio Manquecura Ciudad del Este\"},\"image\":{\"@id\":\"https:\/\/www.manquecura.cl\/ciudad-del-este\/#\/schema\/logo\/image\/\"},\"sameAs\":[\"http:\/\/www.facebook.com\/ColegiosManquecura\",\"http:\/\/www.instagram.com\/manquecura_ciudaddeleste\/\",\"http:\/\/www.youtube.com\/c\/CognitaChile\"]},{\"@type\":\"Person\",\"@id\":\"https:\/\/www.manquecura.cl\/ciudad-del-este\/#\/schema\/person\/0debeea140e397b5d490ee7e553255d8\",\"name\":\"jorgedelcampo\",\"image\":{\"@type\":\"ImageObject\",\"inLanguage\":\"es\",\"@id\":\"https:\/\/www.manquecura.cl\/ciudad-del-este\/#\/schema\/person\/image\/\",\"url\":\"https:\/\/secure.gravatar.com\/avatar\/4a315f521213b2dc91dbda9bf799f711c8a98ab6f5606ec42cf5b33d1e762e8a?s=96&d=mm&r=g\",\"contentUrl\":\"https:\/\/secure.gravatar.com\/avatar\/4a315f521213b2dc91dbda9bf799f711c8a98ab6f5606ec42cf5b33d1e762e8a?s=96&d=mm&r=g\",\"caption\":\"jorgedelcampo\"}}]}<\/script>\n<!-- \/ Yoast SEO plugin. -->","yoast_head_json":{"title":"Nuestros alumnos participan del Taller STEM - Colegio Manquecura Ciudad del Este","robots":{"index":"index","follow":"follow","max-snippet":"max-snippet:-1","max-image-preview":"max-image-preview:large","max-video-preview":"max-video-preview:-1"},"canonical":"https:\/\/www.manquecura.cl\/ciudad-del-este\/noticias\/nuestros-alumnos-participan-del-taller-stem\/","og_locale":"es_ES","og_type":"article","og_title":"Nuestros alumnos participan del Taller STEM - Colegio Manquecura Ciudad del Este","og_description":"Queremos compartir con nuestra comunidad escolar, el trabajo que est\u00e1n preparando nuestros estudiantes, en conjunto con los alumnos de la carrera de Ingenier\u00eda en Dise\u00f1o de Producto de la Universidad Federico Santa Mar\u00eda. Los futuros ingenieros se encargar\u00e1n de ser monitores del TALLER STEM para nuestros estudiantes de 7mo y 8vo B\u00e1sico, con actividades que [&hellip;]","og_url":"https:\/\/www.manquecura.cl\/ciudad-del-este\/noticias\/nuestros-alumnos-participan-del-taller-stem\/","og_site_name":"Colegio Manquecura Ciudad del Este","article_publisher":"http:\/\/www.facebook.com\/ColegiosManquecura","article_published_time":"2023-05-25T14:07:45+00:00","author":"jorgedelcampo","twitter_card":"summary_large_image","twitter_misc":{"Escrito por":"jorgedelcampo","Tiempo de lectura":"1 minuto"},"schema":{"@context":"https:\/\/schema.org","@graph":[{"@type":"Article","@id":"https:\/\/www.manquecura.cl\/ciudad-del-este\/noticias\/nuestros-alumnos-participan-del-taller-stem\/#article","isPartOf":{"@id":"https:\/\/www.manquecura.cl\/ciudad-del-este\/noticias\/nuestros-alumnos-participan-del-taller-stem\/"},"author":{"name":"jorgedelcampo","@id":"https:\/\/www.manquecura.cl\/ciudad-del-este\/#\/schema\/person\/0debeea140e397b5d490ee7e553255d8"},"headline":"Nuestros alumnos participan del Taller STEM","datePublished":"2023-05-25T14:07:45+00:00","mainEntityOfPage":{"@id":"https:\/\/www.manquecura.cl\/ciudad-del-este\/noticias\/nuestros-alumnos-participan-del-taller-stem\/"},"wordCount":256,"commentCount":0,"publisher":{"@id":"https:\/\/www.manquecura.cl\/ciudad-del-este\/#organization"},"image":{"@id":"https:\/\/www.manquecura.cl\/ciudad-del-este\/noticias\/nuestros-alumnos-participan-del-taller-stem\/#primaryimage"},"thumbnailUrl":"https:\/\/www.manquecura.cl\/ciudad-del-este\/wp-content\/uploads\/sites\/41\/2023\/05\/PREPARACION-TALLER-STEM-MANQUECURA-CIUDAD-DEL-ESTE_-1.jpg","articleSection":["Vida Escolar"],"inLanguage":"es","potentialAction":[{"@type":"CommentAction","name":"Comment","target":["https:\/\/www.manquecura.cl\/ciudad-del-este\/noticias\/nuestros-alumnos-participan-del-taller-stem\/#respond"]}]},{"@type":"WebPage","@id":"https:\/\/www.manquecura.cl\/ciudad-del-este\/noticias\/nuestros-alumnos-participan-del-taller-stem\/","url":"https:\/\/www.manquecura.cl\/ciudad-del-este\/noticias\/nuestros-alumnos-participan-del-taller-stem\/","name":"Nuestros alumnos participan del Taller STEM - Colegio Manquecura Ciudad del Este","isPartOf":{"@id":"https:\/\/www.manquecura.cl\/ciudad-del-este\/#website"},"primaryImageOfPage":{"@id":"https:\/\/www.manquecura.cl\/ciudad-del-este\/noticias\/nuestros-alumnos-participan-del-taller-stem\/#primaryimage"},"image":{"@id":"https:\/\/www.manquecura.cl\/ciudad-del-este\/noticias\/nuestros-alumnos-participan-del-taller-stem\/#primaryimage"},"thumbnailUrl":"https:\/\/www.manquecura.cl\/ciudad-del-este\/wp-content\/uploads\/sites\/41\/2023\/05\/PREPARACION-TALLER-STEM-MANQUECURA-CIUDAD-DEL-ESTE_-1.jpg","datePublished":"2023-05-25T14:07:45+00:00","breadcrumb":{"@id":"https:\/\/www.manquecura.cl\/ciudad-del-este\/noticias\/nuestros-alumnos-participan-del-taller-stem\/#breadcrumb"},"inLanguage":"es","potentialAction":[{"@type":"ReadAction","target":["https:\/\/www.manquecura.cl\/ciudad-del-este\/noticias\/nuestros-alumnos-participan-del-taller-stem\/"]}]},{"@type":"ImageObject","inLanguage":"es","@id":"https:\/\/www.manquecura.cl\/ciudad-del-este\/noticias\/nuestros-alumnos-participan-del-taller-stem\/#primaryimage","url":"https:\/\/www.manquecura.cl\/ciudad-del-este\/wp-content\/uploads\/sites\/41\/2023\/05\/PREPARACION-TALLER-STEM-MANQUECURA-CIUDAD-DEL-ESTE_-1.jpg","contentUrl":"https:\/\/www.manquecura.cl\/ciudad-del-este\/wp-content\/uploads\/sites\/41\/2023\/05\/PREPARACION-TALLER-STEM-MANQUECURA-CIUDAD-DEL-ESTE_-1.jpg","width":836,"height":523},{"@type":"BreadcrumbList","@id":"https:\/\/www.manquecura.cl\/ciudad-del-este\/noticias\/nuestros-alumnos-participan-del-taller-stem\/#breadcrumb","itemListElement":[{"@type":"ListItem","position":1,"name":"Home","item":"https:\/\/www.manquecura.cl\/ciudad-del-este\/"},{"@type":"ListItem","position":2,"name":"Nuestros alumnos participan del Taller STEM"}]},{"@type":"WebSite","@id":"https:\/\/www.manquecura.cl\/ciudad-del-este\/#website","url":"https:\/\/www.manquecura.cl\/ciudad-del-este\/","name":"Colegio Manquecura Ciudad del Este","description":"","publisher":{"@id":"https:\/\/www.manquecura.cl\/ciudad-del-este\/#organization"},"potentialAction":[{"@type":"SearchAction","target":{"@type":"EntryPoint","urlTemplate":"https:\/\/www.manquecura.cl\/ciudad-del-este\/?s={search_term_string}"},"query-input":{"@type":"PropertyValueSpecification","valueRequired":true,"valueName":"search_term_string"}}],"inLanguage":"es"},{"@type":"Organization","@id":"https:\/\/www.manquecura.cl\/ciudad-del-este\/#organization","name":"Colegio Manquecura Ciudad del Este","url":"https:\/\/www.manquecura.cl\/ciudad-del-este\/","logo":{"@type":"ImageObject","inLanguage":"es","@id":"https:\/\/www.manquecura.cl\/ciudad-del-este\/#\/schema\/logo\/image\/","url":"https:\/\/www.manquecura.cl\/ciudad-del-este\/wp-content\/uploads\/sites\/41\/2023\/09\/logo_Manquecura_Ciudad-del-Este_horizontal_color-1.png","contentUrl":"https:\/\/www.manquecura.cl\/ciudad-del-este\/wp-content\/uploads\/sites\/41\/2023\/09\/logo_Manquecura_Ciudad-del-Este_horizontal_color-1.png","width":611,"height":183,"caption":"Colegio Manquecura Ciudad del Este"},"image":{"@id":"https:\/\/www.manquecura.cl\/ciudad-del-este\/#\/schema\/logo\/image\/"},"sameAs":["http:\/\/www.facebook.com\/ColegiosManquecura","http:\/\/www.instagram.com\/manquecura_ciudaddeleste\/","http:\/\/www.youtube.com\/c\/CognitaChile"]},{"@type":"Person","@id":"https:\/\/www.manquecura.cl\/ciudad-del-este\/#\/schema\/person\/0debeea140e397b5d490ee7e553255d8","name":"jorgedelcampo","image":{"@type":"ImageObject","inLanguage":"es","@id":"https:\/\/www.manquecura.cl\/ciudad-del-este\/#\/schema\/person\/image\/","url":"https:\/\/secure.gravatar.com\/avatar\/4a315f521213b2dc91dbda9bf799f711c8a98ab6f5606ec42cf5b33d1e762e8a?s=96&d=mm&r=g","contentUrl":"https:\/\/secure.gravatar.com\/avatar\/4a315f521213b2dc91dbda9bf799f711c8a98ab6f5606ec42cf5b33d1e762e8a?s=96&d=mm&r=g","caption":"jorgedelcampo"}}]}},"jetpack_featured_media_url":"https:\/\/www.manquecura.cl\/ciudad-del-este\/wp-content\/uploads\/sites\/41\/2023\/05\/PREPARACION-TALLER-STEM-MANQUECURA-CIUDAD-DEL-ESTE_-1.jpg","previous_post_ID":125669,"previous_post_title":"Amistoso de B\u00e1squetbol con ABS","previous_post_excerpt":"El pasado viernes 19 de mayo nuestra Escuela de B\u00e1squetbol tuvo un encuentro amistoso contra el colegio American British School (ABS) en las categor\u00edas de B\u00e1sica y Media, con el objetivo de fomentar la conexi\u00f3n entre red y la valoraci\u00f3n del esp\u00edritu deportivo. Nuestro colegio tuvo una incre\u00edble participaci\u00f3n, demostrando sus importantes avances en esta [&hellip;]","previous_post_link":"https:\/\/www.manquecura.cl\/ciudad-del-este\/noticias\/amistoso-de-basquetbol-con-abs\/","previous_post_class":["post-125669","post","type-post","status-publish","format-standard","has-post-thumbnail","hentry","category-vida-escolar"],"next_post_ID":125671,"next_post_title":"2do Lugar en Campeonato de B\u00e1squetbol","next_post_excerpt":"\u00a1Felicitaciones a nuestro equipo de B\u00e1squetbol!, quienes obtuvieron el segundo lugar en el campeonato de la Universidad Mayor, recientemente desarrollado en la sede del contrincante. En un orgullo para Manquecura Ciudad del Este los logros de nuestros j\u00f3venes deportistas, con cada uno de sus partidos. Colegio Manquecura Ciudad del Este [multimedia id=&#8221;1&#8243;]","next_post_link":"https:\/\/www.manquecura.cl\/ciudad-del-este\/noticias\/2do-lugar-en-campeonato-de-basquetbol\/","next_post_class":["post-125671","post","type-post","status-publish","format-standard","has-post-thumbnail","hentry","category-vida-escolar"],"jetpack_sharing_enabled":true,"_links":{"self":[{"href":"https:\/\/www.manquecura.cl\/ciudad-del-este\/wp-json\/wp\/v2\/posts\/125670","targetHints":{"allow":["GET"]}}],"collection":[{"href":"https:\/\/www.manquecura.cl\/ciudad-del-este\/wp-json\/wp\/v2\/posts"}],"about":[{"href":"https:\/\/www.manquecura.cl\/ciudad-del-este\/wp-json\/wp\/v2\/types\/post"}],"author":[{"embeddable":true,"href":"https:\/\/www.manquecura.cl\/ciudad-del-este\/wp-json\/wp\/v2\/users\/14"}],"replies":[{"embeddable":true,"href":"https:\/\/www.manquecura.cl\/ciudad-del-este\/wp-json\/wp\/v2\/comments?post=125670"}],"version-history":[{"count":0,"href":"https:\/\/www.manquecura.cl\/ciudad-del-este\/wp-json\/wp\/v2\/posts\/125670\/revisions"}],"wp:featuredmedia":[{"embeddable":true,"href":"https:\/\/www.manquecura.cl\/ciudad-del-este\/wp-json\/wp\/v2\/media\/21924"}],"wp:attachment":[{"href":"https:\/\/www.manquecura.cl\/ciudad-del-este\/wp-json\/wp\/v2\/media?parent=125670"}],"wp:term":[{"taxonomy":"category","embeddable":true,"href":"https:\/\/www.manquecura.cl\/ciudad-del-este\/wp-json\/wp\/v2\/categories?post=125670"},{"taxonomy":"post_tag","embeddable":true,"href":"https:\/\/www.manquecura.cl\/ciudad-del-este\/wp-json\/wp\/v2\/tags?post=125670"}],"curies":[{"name":"wp","href":"https:\/\/api.w.org\/{rel}","templated":true}]}}