{"id":125668,"date":"2023-05-19T11:41:56","date_gmt":"2023-05-19T15:41:56","guid":{"rendered":"https:\/\/www.manquecura.cl\/ciudad-del-este\/?p=21900"},"modified":"2023-05-19T11:41:56","modified_gmt":"2023-05-19T15:41:56","slug":"proyecto-campur-pre-kinder-b-creacion-de-robots-con-reciclados","status":"publish","type":"post","link":"https:\/\/www.manquecura.cl\/ciudad-del-este\/noticias\/proyecto-campur-pre-kinder-b-creacion-de-robots-con-reciclados\/","title":{"rendered":"Proyecto CAMPUR Pre K\u00ednder B: Creaci\u00f3n de robots con reciclados"},"content":{"rendered":"<p>Los ni\u00f1os de Pre K\u00ednder B junto a sus familias, participaron de un constructivo proyecto CAMPUR, creando robots con materiales reciclados como mascotas, siendo los elegidos Wall-E y Eva, de la pel\u00edcula, con actividades de programaci\u00f3n y otras m\u00e1s l\u00fadicas a\u00fan.<\/p>\n<p>El proyecto consisti\u00f3 en la uni\u00f3n de 2 conceptos fundamentales, Ecolog\u00eda y Rob\u00f3tica, como eje para efectuar actividades que motiven a limpiar, reciclar, reutilizar y reducir de forma consciente, pero que a su vez incorporen temas did\u00e1cticos que promuevan desde temprana edad l\u00f3gica de programaci\u00f3n con enfoque en la rob\u00f3tica.<\/p>\n<p style=\"text-align: center\"><strong><br \/>\nColegio Manquecura Ciudad del Este<\/strong><\/p>\n<p>[multimedia id=&#8221;1&#8243;]<\/p>\n"},"excerpt":{"rendered":"<p>Los ni\u00f1os de Pre K\u00ednder B junto a sus familias, participaron de un constructivo proyecto CAMPUR, creando robots con materiales reciclados como mascotas, siendo los elegidos Wall-E y Eva, de la pel\u00edcula, con actividades de programaci\u00f3n y otras m\u00e1s l\u00fadicas a\u00fan. El proyecto consisti\u00f3 en la uni\u00f3n de 2 conceptos fundamentales, Ecolog\u00eda y Rob\u00f3tica, como [&hellip;]<\/p>\n","protected":false},"author":14,"featured_media":21921,"comment_status":"open","ping_status":"open","sticky":false,"template":"","format":"standard","meta":{"_acf_changed":false,"content-type":"","_jetpack_memberships_contains_paid_content":false,"footnotes":""},"categories":[1],"tags":[],"class_list":["post-125668","post","type-post","status-publish","format-standard","has-post-thumbnail","hentry","category-vida-escolar"],"acf":[],"yoast_head":"<!-- This site is optimized with the Yoast SEO plugin v27.1.1 - https:\/\/yoast.com\/product\/yoast-seo-wordpress\/ -->\n<title>Proyecto CAMPUR Pre K\u00ednder B: Creaci\u00f3n de robots con reciclados - Colegio Manquecura Ciudad del Este<\/title>\n<meta name=\"robots\" content=\"index, follow, max-snippet:-1, max-image-preview:large, max-video-preview:-1\" \/>\n<link rel=\"canonical\" href=\"https:\/\/www.manquecura.cl\/ciudad-del-este\/noticias\/proyecto-campur-pre-kinder-b-creacion-de-robots-con-reciclados\/\" \/>\n<meta property=\"og:locale\" content=\"es_ES\" \/>\n<meta property=\"og:type\" content=\"article\" \/>\n<meta property=\"og:title\" content=\"Proyecto CAMPUR Pre K\u00ednder B: Creaci\u00f3n de robots con reciclados - Colegio Manquecura Ciudad del Este\" \/>\n<meta property=\"og:description\" content=\"Los ni\u00f1os de Pre K\u00ednder B junto a sus familias, participaron de un constructivo proyecto CAMPUR, creando robots con materiales reciclados como mascotas, siendo los elegidos Wall-E y Eva, de la pel\u00edcula, con actividades de programaci\u00f3n y otras m\u00e1s l\u00fadicas a\u00fan. El proyecto consisti\u00f3 en la uni\u00f3n de 2 conceptos fundamentales, Ecolog\u00eda y Rob\u00f3tica, como [&hellip;]\" \/>\n<meta property=\"og:url\" content=\"https:\/\/www.manquecura.cl\/ciudad-del-este\/noticias\/proyecto-campur-pre-kinder-b-creacion-de-robots-con-reciclados\/\" \/>\n<meta property=\"og:site_name\" content=\"Colegio Manquecura Ciudad del Este\" \/>\n<meta property=\"article:publisher\" content=\"http:\/\/www.facebook.com\/ColegiosManquecura\" \/>\n<meta property=\"article:published_time\" content=\"2023-05-19T15:41:56+00:00\" \/>\n<meta name=\"author\" content=\"jorgedelcampo\" \/>\n<meta name=\"twitter:card\" content=\"summary_large_image\" \/>\n<meta name=\"twitter:label1\" content=\"Escrito por\" \/>\n\t<meta name=\"twitter:data1\" content=\"jorgedelcampo\" \/>\n\t<meta name=\"twitter:label2\" content=\"Tiempo de lectura\" \/>\n\t<meta name=\"twitter:data2\" content=\"1 minuto\" \/>\n<script type=\"application\/ld+json\" class=\"yoast-schema-graph\">{\"@context\":\"https:\/\/schema.org\",\"@graph\":[{\"@type\":\"Article\",\"@id\":\"https:\/\/www.manquecura.cl\/ciudad-del-este\/noticias\/proyecto-campur-pre-kinder-b-creacion-de-robots-con-reciclados\/#article\",\"isPartOf\":{\"@id\":\"https:\/\/www.manquecura.cl\/ciudad-del-este\/noticias\/proyecto-campur-pre-kinder-b-creacion-de-robots-con-reciclados\/\"},\"author\":{\"name\":\"jorgedelcampo\",\"@id\":\"https:\/\/www.manquecura.cl\/ciudad-del-este\/#\/schema\/person\/0debeea140e397b5d490ee7e553255d8\"},\"headline\":\"Proyecto CAMPUR Pre K\u00ednder B: Creaci\u00f3n de robots con reciclados\",\"datePublished\":\"2023-05-19T15:41:56+00:00\",\"mainEntityOfPage\":{\"@id\":\"https:\/\/www.manquecura.cl\/ciudad-del-este\/noticias\/proyecto-campur-pre-kinder-b-creacion-de-robots-con-reciclados\/\"},\"wordCount\":123,\"commentCount\":0,\"publisher\":{\"@id\":\"https:\/\/www.manquecura.cl\/ciudad-del-este\/#organization\"},\"image\":{\"@id\":\"https:\/\/www.manquecura.cl\/ciudad-del-este\/noticias\/proyecto-campur-pre-kinder-b-creacion-de-robots-con-reciclados\/#primaryimage\"},\"thumbnailUrl\":\"https:\/\/www.manquecura.cl\/ciudad-del-este\/wp-content\/uploads\/sites\/41\/2023\/05\/3-6.png\",\"articleSection\":[\"Vida Escolar\"],\"inLanguage\":\"es\",\"potentialAction\":[{\"@type\":\"CommentAction\",\"name\":\"Comment\",\"target\":[\"https:\/\/www.manquecura.cl\/ciudad-del-este\/noticias\/proyecto-campur-pre-kinder-b-creacion-de-robots-con-reciclados\/#respond\"]}]},{\"@type\":\"WebPage\",\"@id\":\"https:\/\/www.manquecura.cl\/ciudad-del-este\/noticias\/proyecto-campur-pre-kinder-b-creacion-de-robots-con-reciclados\/\",\"url\":\"https:\/\/www.manquecura.cl\/ciudad-del-este\/noticias\/proyecto-campur-pre-kinder-b-creacion-de-robots-con-reciclados\/\",\"name\":\"Proyecto CAMPUR Pre K\u00ednder B: Creaci\u00f3n de robots con reciclados - Colegio Manquecura Ciudad del Este\",\"isPartOf\":{\"@id\":\"https:\/\/www.manquecura.cl\/ciudad-del-este\/#website\"},\"primaryImageOfPage\":{\"@id\":\"https:\/\/www.manquecura.cl\/ciudad-del-este\/noticias\/proyecto-campur-pre-kinder-b-creacion-de-robots-con-reciclados\/#primaryimage\"},\"image\":{\"@id\":\"https:\/\/www.manquecura.cl\/ciudad-del-este\/noticias\/proyecto-campur-pre-kinder-b-creacion-de-robots-con-reciclados\/#primaryimage\"},\"thumbnailUrl\":\"https:\/\/www.manquecura.cl\/ciudad-del-este\/wp-content\/uploads\/sites\/41\/2023\/05\/3-6.png\",\"datePublished\":\"2023-05-19T15:41:56+00:00\",\"breadcrumb\":{\"@id\":\"https:\/\/www.manquecura.cl\/ciudad-del-este\/noticias\/proyecto-campur-pre-kinder-b-creacion-de-robots-con-reciclados\/#breadcrumb\"},\"inLanguage\":\"es\",\"potentialAction\":[{\"@type\":\"ReadAction\",\"target\":[\"https:\/\/www.manquecura.cl\/ciudad-del-este\/noticias\/proyecto-campur-pre-kinder-b-creacion-de-robots-con-reciclados\/\"]}]},{\"@type\":\"ImageObject\",\"inLanguage\":\"es\",\"@id\":\"https:\/\/www.manquecura.cl\/ciudad-del-este\/noticias\/proyecto-campur-pre-kinder-b-creacion-de-robots-con-reciclados\/#primaryimage\",\"url\":\"https:\/\/www.manquecura.cl\/ciudad-del-este\/wp-content\/uploads\/sites\/41\/2023\/05\/3-6.png\",\"contentUrl\":\"https:\/\/www.manquecura.cl\/ciudad-del-este\/wp-content\/uploads\/sites\/41\/2023\/05\/3-6.png\",\"width\":836,\"height\":523},{\"@type\":\"BreadcrumbList\",\"@id\":\"https:\/\/www.manquecura.cl\/ciudad-del-este\/noticias\/proyecto-campur-pre-kinder-b-creacion-de-robots-con-reciclados\/#breadcrumb\",\"itemListElement\":[{\"@type\":\"ListItem\",\"position\":1,\"name\":\"Home\",\"item\":\"https:\/\/www.manquecura.cl\/ciudad-del-este\/\"},{\"@type\":\"ListItem\",\"position\":2,\"name\":\"Proyecto CAMPUR Pre K\u00ednder B: Creaci\u00f3n de robots con reciclados\"}]},{\"@type\":\"WebSite\",\"@id\":\"https:\/\/www.manquecura.cl\/ciudad-del-este\/#website\",\"url\":\"https:\/\/www.manquecura.cl\/ciudad-del-este\/\",\"name\":\"Colegio Manquecura Ciudad del Este\",\"description\":\"\",\"publisher\":{\"@id\":\"https:\/\/www.manquecura.cl\/ciudad-del-este\/#organization\"},\"potentialAction\":[{\"@type\":\"SearchAction\",\"target\":{\"@type\":\"EntryPoint\",\"urlTemplate\":\"https:\/\/www.manquecura.cl\/ciudad-del-este\/?s={search_term_string}\"},\"query-input\":{\"@type\":\"PropertyValueSpecification\",\"valueRequired\":true,\"valueName\":\"search_term_string\"}}],\"inLanguage\":\"es\"},{\"@type\":\"Organization\",\"@id\":\"https:\/\/www.manquecura.cl\/ciudad-del-este\/#organization\",\"name\":\"Colegio Manquecura Ciudad del Este\",\"url\":\"https:\/\/www.manquecura.cl\/ciudad-del-este\/\",\"logo\":{\"@type\":\"ImageObject\",\"inLanguage\":\"es\",\"@id\":\"https:\/\/www.manquecura.cl\/ciudad-del-este\/#\/schema\/logo\/image\/\",\"url\":\"https:\/\/www.manquecura.cl\/ciudad-del-este\/wp-content\/uploads\/sites\/41\/2023\/09\/logo_Manquecura_Ciudad-del-Este_horizontal_color-1.png\",\"contentUrl\":\"https:\/\/www.manquecura.cl\/ciudad-del-este\/wp-content\/uploads\/sites\/41\/2023\/09\/logo_Manquecura_Ciudad-del-Este_horizontal_color-1.png\",\"width\":611,\"height\":183,\"caption\":\"Colegio Manquecura Ciudad del Este\"},\"image\":{\"@id\":\"https:\/\/www.manquecura.cl\/ciudad-del-este\/#\/schema\/logo\/image\/\"},\"sameAs\":[\"http:\/\/www.facebook.com\/ColegiosManquecura\",\"http:\/\/www.instagram.com\/manquecura_ciudaddeleste\/\",\"http:\/\/www.youtube.com\/c\/CognitaChile\"]},{\"@type\":\"Person\",\"@id\":\"https:\/\/www.manquecura.cl\/ciudad-del-este\/#\/schema\/person\/0debeea140e397b5d490ee7e553255d8\",\"name\":\"jorgedelcampo\",\"image\":{\"@type\":\"ImageObject\",\"inLanguage\":\"es\",\"@id\":\"https:\/\/www.manquecura.cl\/ciudad-del-este\/#\/schema\/person\/image\/\",\"url\":\"https:\/\/secure.gravatar.com\/avatar\/4a315f521213b2dc91dbda9bf799f711c8a98ab6f5606ec42cf5b33d1e762e8a?s=96&d=mm&r=g\",\"contentUrl\":\"https:\/\/secure.gravatar.com\/avatar\/4a315f521213b2dc91dbda9bf799f711c8a98ab6f5606ec42cf5b33d1e762e8a?s=96&d=mm&r=g\",\"caption\":\"jorgedelcampo\"}}]}<\/script>\n<!-- \/ Yoast SEO plugin. -->","yoast_head_json":{"title":"Proyecto CAMPUR Pre K\u00ednder B: Creaci\u00f3n de robots con reciclados - Colegio Manquecura Ciudad del Este","robots":{"index":"index","follow":"follow","max-snippet":"max-snippet:-1","max-image-preview":"max-image-preview:large","max-video-preview":"max-video-preview:-1"},"canonical":"https:\/\/www.manquecura.cl\/ciudad-del-este\/noticias\/proyecto-campur-pre-kinder-b-creacion-de-robots-con-reciclados\/","og_locale":"es_ES","og_type":"article","og_title":"Proyecto CAMPUR Pre K\u00ednder B: Creaci\u00f3n de robots con reciclados - Colegio Manquecura Ciudad del Este","og_description":"Los ni\u00f1os de Pre K\u00ednder B junto a sus familias, participaron de un constructivo proyecto CAMPUR, creando robots con materiales reciclados como mascotas, siendo los elegidos Wall-E y Eva, de la pel\u00edcula, con actividades de programaci\u00f3n y otras m\u00e1s l\u00fadicas a\u00fan. El proyecto consisti\u00f3 en la uni\u00f3n de 2 conceptos fundamentales, Ecolog\u00eda y Rob\u00f3tica, como [&hellip;]","og_url":"https:\/\/www.manquecura.cl\/ciudad-del-este\/noticias\/proyecto-campur-pre-kinder-b-creacion-de-robots-con-reciclados\/","og_site_name":"Colegio Manquecura Ciudad del Este","article_publisher":"http:\/\/www.facebook.com\/ColegiosManquecura","article_published_time":"2023-05-19T15:41:56+00:00","author":"jorgedelcampo","twitter_card":"summary_large_image","twitter_misc":{"Escrito por":"jorgedelcampo","Tiempo de lectura":"1 minuto"},"schema":{"@context":"https:\/\/schema.org","@graph":[{"@type":"Article","@id":"https:\/\/www.manquecura.cl\/ciudad-del-este\/noticias\/proyecto-campur-pre-kinder-b-creacion-de-robots-con-reciclados\/#article","isPartOf":{"@id":"https:\/\/www.manquecura.cl\/ciudad-del-este\/noticias\/proyecto-campur-pre-kinder-b-creacion-de-robots-con-reciclados\/"},"author":{"name":"jorgedelcampo","@id":"https:\/\/www.manquecura.cl\/ciudad-del-este\/#\/schema\/person\/0debeea140e397b5d490ee7e553255d8"},"headline":"Proyecto CAMPUR Pre K\u00ednder B: Creaci\u00f3n de robots con reciclados","datePublished":"2023-05-19T15:41:56+00:00","mainEntityOfPage":{"@id":"https:\/\/www.manquecura.cl\/ciudad-del-este\/noticias\/proyecto-campur-pre-kinder-b-creacion-de-robots-con-reciclados\/"},"wordCount":123,"commentCount":0,"publisher":{"@id":"https:\/\/www.manquecura.cl\/ciudad-del-este\/#organization"},"image":{"@id":"https:\/\/www.manquecura.cl\/ciudad-del-este\/noticias\/proyecto-campur-pre-kinder-b-creacion-de-robots-con-reciclados\/#primaryimage"},"thumbnailUrl":"https:\/\/www.manquecura.cl\/ciudad-del-este\/wp-content\/uploads\/sites\/41\/2023\/05\/3-6.png","articleSection":["Vida Escolar"],"inLanguage":"es","potentialAction":[{"@type":"CommentAction","name":"Comment","target":["https:\/\/www.manquecura.cl\/ciudad-del-este\/noticias\/proyecto-campur-pre-kinder-b-creacion-de-robots-con-reciclados\/#respond"]}]},{"@type":"WebPage","@id":"https:\/\/www.manquecura.cl\/ciudad-del-este\/noticias\/proyecto-campur-pre-kinder-b-creacion-de-robots-con-reciclados\/","url":"https:\/\/www.manquecura.cl\/ciudad-del-este\/noticias\/proyecto-campur-pre-kinder-b-creacion-de-robots-con-reciclados\/","name":"Proyecto CAMPUR Pre K\u00ednder B: Creaci\u00f3n de robots con reciclados - Colegio Manquecura Ciudad del Este","isPartOf":{"@id":"https:\/\/www.manquecura.cl\/ciudad-del-este\/#website"},"primaryImageOfPage":{"@id":"https:\/\/www.manquecura.cl\/ciudad-del-este\/noticias\/proyecto-campur-pre-kinder-b-creacion-de-robots-con-reciclados\/#primaryimage"},"image":{"@id":"https:\/\/www.manquecura.cl\/ciudad-del-este\/noticias\/proyecto-campur-pre-kinder-b-creacion-de-robots-con-reciclados\/#primaryimage"},"thumbnailUrl":"https:\/\/www.manquecura.cl\/ciudad-del-este\/wp-content\/uploads\/sites\/41\/2023\/05\/3-6.png","datePublished":"2023-05-19T15:41:56+00:00","breadcrumb":{"@id":"https:\/\/www.manquecura.cl\/ciudad-del-este\/noticias\/proyecto-campur-pre-kinder-b-creacion-de-robots-con-reciclados\/#breadcrumb"},"inLanguage":"es","potentialAction":[{"@type":"ReadAction","target":["https:\/\/www.manquecura.cl\/ciudad-del-este\/noticias\/proyecto-campur-pre-kinder-b-creacion-de-robots-con-reciclados\/"]}]},{"@type":"ImageObject","inLanguage":"es","@id":"https:\/\/www.manquecura.cl\/ciudad-del-este\/noticias\/proyecto-campur-pre-kinder-b-creacion-de-robots-con-reciclados\/#primaryimage","url":"https:\/\/www.manquecura.cl\/ciudad-del-este\/wp-content\/uploads\/sites\/41\/2023\/05\/3-6.png","contentUrl":"https:\/\/www.manquecura.cl\/ciudad-del-este\/wp-content\/uploads\/sites\/41\/2023\/05\/3-6.png","width":836,"height":523},{"@type":"BreadcrumbList","@id":"https:\/\/www.manquecura.cl\/ciudad-del-este\/noticias\/proyecto-campur-pre-kinder-b-creacion-de-robots-con-reciclados\/#breadcrumb","itemListElement":[{"@type":"ListItem","position":1,"name":"Home","item":"https:\/\/www.manquecura.cl\/ciudad-del-este\/"},{"@type":"ListItem","position":2,"name":"Proyecto CAMPUR Pre K\u00ednder B: Creaci\u00f3n de robots con reciclados"}]},{"@type":"WebSite","@id":"https:\/\/www.manquecura.cl\/ciudad-del-este\/#website","url":"https:\/\/www.manquecura.cl\/ciudad-del-este\/","name":"Colegio Manquecura Ciudad del Este","description":"","publisher":{"@id":"https:\/\/www.manquecura.cl\/ciudad-del-este\/#organization"},"potentialAction":[{"@type":"SearchAction","target":{"@type":"EntryPoint","urlTemplate":"https:\/\/www.manquecura.cl\/ciudad-del-este\/?s={search_term_string}"},"query-input":{"@type":"PropertyValueSpecification","valueRequired":true,"valueName":"search_term_string"}}],"inLanguage":"es"},{"@type":"Organization","@id":"https:\/\/www.manquecura.cl\/ciudad-del-este\/#organization","name":"Colegio Manquecura Ciudad del Este","url":"https:\/\/www.manquecura.cl\/ciudad-del-este\/","logo":{"@type":"ImageObject","inLanguage":"es","@id":"https:\/\/www.manquecura.cl\/ciudad-del-este\/#\/schema\/logo\/image\/","url":"https:\/\/www.manquecura.cl\/ciudad-del-este\/wp-content\/uploads\/sites\/41\/2023\/09\/logo_Manquecura_Ciudad-del-Este_horizontal_color-1.png","contentUrl":"https:\/\/www.manquecura.cl\/ciudad-del-este\/wp-content\/uploads\/sites\/41\/2023\/09\/logo_Manquecura_Ciudad-del-Este_horizontal_color-1.png","width":611,"height":183,"caption":"Colegio Manquecura Ciudad del Este"},"image":{"@id":"https:\/\/www.manquecura.cl\/ciudad-del-este\/#\/schema\/logo\/image\/"},"sameAs":["http:\/\/www.facebook.com\/ColegiosManquecura","http:\/\/www.instagram.com\/manquecura_ciudaddeleste\/","http:\/\/www.youtube.com\/c\/CognitaChile"]},{"@type":"Person","@id":"https:\/\/www.manquecura.cl\/ciudad-del-este\/#\/schema\/person\/0debeea140e397b5d490ee7e553255d8","name":"jorgedelcampo","image":{"@type":"ImageObject","inLanguage":"es","@id":"https:\/\/www.manquecura.cl\/ciudad-del-este\/#\/schema\/person\/image\/","url":"https:\/\/secure.gravatar.com\/avatar\/4a315f521213b2dc91dbda9bf799f711c8a98ab6f5606ec42cf5b33d1e762e8a?s=96&d=mm&r=g","contentUrl":"https:\/\/secure.gravatar.com\/avatar\/4a315f521213b2dc91dbda9bf799f711c8a98ab6f5606ec42cf5b33d1e762e8a?s=96&d=mm&r=g","caption":"jorgedelcampo"}}]}},"jetpack_featured_media_url":"https:\/\/www.manquecura.cl\/ciudad-del-este\/wp-content\/uploads\/sites\/41\/2023\/05\/3-6.png","previous_post_ID":125666,"previous_post_title":"Primera Feria de la Convivencia Escolar","previous_post_excerpt":"En Manquecura Ciudad del Este hemos realizado la Feria de la Convivencia Escolar, con el objetivo de promover la sana convivencia y el buen trato, a trav\u00e9s de stands creados y guiados por los propios estudiantes, para abordar tem\u00e1ticas que permitan que interioricen de manera l\u00fadica y entretenida la importancia de la convivencia escolar. Los [&hellip;]","previous_post_link":"https:\/\/www.manquecura.cl\/ciudad-del-este\/noticias\/feria-de-la-convivencia-escolar\/","previous_post_class":["post-125666","post","type-post","status-publish","format-standard","has-post-thumbnail","hentry","category-vida-escolar"],"next_post_ID":125667,"next_post_title":"Galer\u00eda Feria de la Convivencia Escolar","next_post_excerpt":"","next_post_link":"https:\/\/www.manquecura.cl\/ciudad-del-este\/noticias\/galeria-feria-de-la-convivencia-escolar\/","next_post_class":["post-125667","post","type-post","status-publish","format-standard","has-post-thumbnail","hentry","category-vida-escolar"],"jetpack_sharing_enabled":true,"_links":{"self":[{"href":"https:\/\/www.manquecura.cl\/ciudad-del-este\/wp-json\/wp\/v2\/posts\/125668","targetHints":{"allow":["GET"]}}],"collection":[{"href":"https:\/\/www.manquecura.cl\/ciudad-del-este\/wp-json\/wp\/v2\/posts"}],"about":[{"href":"https:\/\/www.manquecura.cl\/ciudad-del-este\/wp-json\/wp\/v2\/types\/post"}],"author":[{"embeddable":true,"href":"https:\/\/www.manquecura.cl\/ciudad-del-este\/wp-json\/wp\/v2\/users\/14"}],"replies":[{"embeddable":true,"href":"https:\/\/www.manquecura.cl\/ciudad-del-este\/wp-json\/wp\/v2\/comments?post=125668"}],"version-history":[{"count":0,"href":"https:\/\/www.manquecura.cl\/ciudad-del-este\/wp-json\/wp\/v2\/posts\/125668\/revisions"}],"wp:featuredmedia":[{"embeddable":true,"href":"https:\/\/www.manquecura.cl\/ciudad-del-este\/wp-json\/wp\/v2\/media\/21921"}],"wp:attachment":[{"href":"https:\/\/www.manquecura.cl\/ciudad-del-este\/wp-json\/wp\/v2\/media?parent=125668"}],"wp:term":[{"taxonomy":"category","embeddable":true,"href":"https:\/\/www.manquecura.cl\/ciudad-del-este\/wp-json\/wp\/v2\/categories?post=125668"},{"taxonomy":"post_tag","embeddable":true,"href":"https:\/\/www.manquecura.cl\/ciudad-del-este\/wp-json\/wp\/v2\/tags?post=125668"}],"curies":[{"name":"wp","href":"https:\/\/api.w.org\/{rel}","templated":true}]}}