{"id":125644,"date":"2023-03-03T17:35:35","date_gmt":"2023-03-03T20:35:35","guid":{"rendered":"https:\/\/www.manquecura.cl\/ciudad-del-este\/?p=21243"},"modified":"2023-03-03T17:35:35","modified_gmt":"2023-03-03T20:35:35","slug":"ultimo-primer-dia-de-clases-iv-medio-2023","status":"publish","type":"post","link":"https:\/\/www.manquecura.cl\/ciudad-del-este\/noticias\/ultimo-primer-dia-de-clases-iv-medio-2023\/","title":{"rendered":"\u00daltimo primer d\u00eda de clases IV Medio 2023"},"content":{"rendered":"<p>Nuestra Generaci\u00f3n de IV Medio 2023 vivi\u00f3 su \u00faltimo primer d\u00eda de clases con una significativa jornada, preparada especialmente para ellos por nuestros equipos directivo, docente y administrativo, y todo para impulsarlos con la mejor de las energ\u00edas a su \u00faltimo a\u00f1o en Manquecura Ciudad del Este.<\/p>\n<p>Les esperan grandes desaf\u00edos durante este nuevo periodo, deseamos que logren cumplir todo lo que se propongan , concluyendo el a\u00f1o de manera exitosa y como cierre de su etapa escolar.<\/p>\n<p>Estamos felices de haber compartido con ellos y sus padres durante la actividad. \u00a1Qu\u00e9 sea un maravilloso a\u00f1o para cada uno de ustedes queridos estudiantes!<\/p>\n<p style=\"text-align: center\">\n<strong>Colegio Manquecura Ciudad del Este<\/strong><\/p>\n<p>Para m\u00e1s fotos ver la <a href=\"https:\/\/www.manquecura.cl\/ciudad-del-este\/galeria-ultimo-primer-dia-de-clases-iv-medio-2023\/\">GALER\u00cdA DE IM\u00c1GENES<\/a><\/p>\n<p>[multimedia id=&#8221;1&#8243;]<\/p>\n"},"excerpt":{"rendered":"<p>Nuestra Generaci\u00f3n de IV Medio 2023 vivi\u00f3 su \u00faltimo primer d\u00eda de clases con una significativa jornada, preparada especialmente para ellos por nuestros equipos directivo, docente y administrativo, y todo para impulsarlos con la mejor de las energ\u00edas a su \u00faltimo a\u00f1o en Manquecura Ciudad del Este. Les esperan grandes desaf\u00edos durante este nuevo periodo, [&hellip;]<\/p>\n","protected":false},"author":14,"featured_media":21307,"comment_status":"open","ping_status":"open","sticky":false,"template":"","format":"standard","meta":{"_acf_changed":false,"content-type":"","_jetpack_memberships_contains_paid_content":false,"footnotes":""},"categories":[1],"tags":[],"class_list":["post-125644","post","type-post","status-publish","format-standard","has-post-thumbnail","hentry","category-vida-escolar"],"acf":[],"yoast_head":"<!-- This site is optimized with the Yoast SEO plugin v27.1.1 - https:\/\/yoast.com\/product\/yoast-seo-wordpress\/ -->\n<title>\u00daltimo primer d\u00eda de clases IV Medio 2023 - Colegio Manquecura Ciudad del Este<\/title>\n<meta name=\"robots\" content=\"index, follow, max-snippet:-1, max-image-preview:large, max-video-preview:-1\" \/>\n<link rel=\"canonical\" href=\"https:\/\/www.manquecura.cl\/ciudad-del-este\/noticias\/ultimo-primer-dia-de-clases-iv-medio-2023\/\" \/>\n<meta property=\"og:locale\" content=\"es_ES\" \/>\n<meta property=\"og:type\" content=\"article\" \/>\n<meta property=\"og:title\" content=\"\u00daltimo primer d\u00eda de clases IV Medio 2023 - Colegio Manquecura Ciudad del Este\" \/>\n<meta property=\"og:description\" content=\"Nuestra Generaci\u00f3n de IV Medio 2023 vivi\u00f3 su \u00faltimo primer d\u00eda de clases con una significativa jornada, preparada especialmente para ellos por nuestros equipos directivo, docente y administrativo, y todo para impulsarlos con la mejor de las energ\u00edas a su \u00faltimo a\u00f1o en Manquecura Ciudad del Este. Les esperan grandes desaf\u00edos durante este nuevo periodo, [&hellip;]\" \/>\n<meta property=\"og:url\" content=\"https:\/\/www.manquecura.cl\/ciudad-del-este\/noticias\/ultimo-primer-dia-de-clases-iv-medio-2023\/\" \/>\n<meta property=\"og:site_name\" content=\"Colegio Manquecura Ciudad del Este\" \/>\n<meta property=\"article:publisher\" content=\"http:\/\/www.facebook.com\/ColegiosManquecura\" \/>\n<meta property=\"article:published_time\" content=\"2023-03-03T20:35:35+00:00\" \/>\n<meta name=\"author\" content=\"jorgedelcampo\" \/>\n<meta name=\"twitter:card\" content=\"summary_large_image\" \/>\n<meta name=\"twitter:label1\" content=\"Escrito por\" \/>\n\t<meta name=\"twitter:data1\" content=\"jorgedelcampo\" \/>\n\t<meta name=\"twitter:label2\" content=\"Tiempo de lectura\" \/>\n\t<meta name=\"twitter:data2\" content=\"1 minuto\" \/>\n<script type=\"application\/ld+json\" class=\"yoast-schema-graph\">{\"@context\":\"https:\/\/schema.org\",\"@graph\":[{\"@type\":\"Article\",\"@id\":\"https:\/\/www.manquecura.cl\/ciudad-del-este\/noticias\/ultimo-primer-dia-de-clases-iv-medio-2023\/#article\",\"isPartOf\":{\"@id\":\"https:\/\/www.manquecura.cl\/ciudad-del-este\/noticias\/ultimo-primer-dia-de-clases-iv-medio-2023\/\"},\"author\":{\"name\":\"jorgedelcampo\",\"@id\":\"https:\/\/www.manquecura.cl\/ciudad-del-este\/#\/schema\/person\/0debeea140e397b5d490ee7e553255d8\"},\"headline\":\"\u00daltimo primer d\u00eda de clases IV Medio 2023\",\"datePublished\":\"2023-03-03T20:35:35+00:00\",\"mainEntityOfPage\":{\"@id\":\"https:\/\/www.manquecura.cl\/ciudad-del-este\/noticias\/ultimo-primer-dia-de-clases-iv-medio-2023\/\"},\"wordCount\":134,\"commentCount\":0,\"publisher\":{\"@id\":\"https:\/\/www.manquecura.cl\/ciudad-del-este\/#organization\"},\"image\":{\"@id\":\"https:\/\/www.manquecura.cl\/ciudad-del-este\/noticias\/ultimo-primer-dia-de-clases-iv-medio-2023\/#primaryimage\"},\"thumbnailUrl\":\"https:\/\/www.manquecura.cl\/ciudad-del-este\/wp-content\/uploads\/sites\/41\/2023\/03\/Ultimo-primer-dia-de-clases-IV-Medio-2023-manquecura-ciudad-del-este_-16.jpg\",\"articleSection\":[\"Vida Escolar\"],\"inLanguage\":\"es\",\"potentialAction\":[{\"@type\":\"CommentAction\",\"name\":\"Comment\",\"target\":[\"https:\/\/www.manquecura.cl\/ciudad-del-este\/noticias\/ultimo-primer-dia-de-clases-iv-medio-2023\/#respond\"]}]},{\"@type\":\"WebPage\",\"@id\":\"https:\/\/www.manquecura.cl\/ciudad-del-este\/noticias\/ultimo-primer-dia-de-clases-iv-medio-2023\/\",\"url\":\"https:\/\/www.manquecura.cl\/ciudad-del-este\/noticias\/ultimo-primer-dia-de-clases-iv-medio-2023\/\",\"name\":\"\u00daltimo primer d\u00eda de clases IV Medio 2023 - Colegio Manquecura Ciudad del Este\",\"isPartOf\":{\"@id\":\"https:\/\/www.manquecura.cl\/ciudad-del-este\/#website\"},\"primaryImageOfPage\":{\"@id\":\"https:\/\/www.manquecura.cl\/ciudad-del-este\/noticias\/ultimo-primer-dia-de-clases-iv-medio-2023\/#primaryimage\"},\"image\":{\"@id\":\"https:\/\/www.manquecura.cl\/ciudad-del-este\/noticias\/ultimo-primer-dia-de-clases-iv-medio-2023\/#primaryimage\"},\"thumbnailUrl\":\"https:\/\/www.manquecura.cl\/ciudad-del-este\/wp-content\/uploads\/sites\/41\/2023\/03\/Ultimo-primer-dia-de-clases-IV-Medio-2023-manquecura-ciudad-del-este_-16.jpg\",\"datePublished\":\"2023-03-03T20:35:35+00:00\",\"breadcrumb\":{\"@id\":\"https:\/\/www.manquecura.cl\/ciudad-del-este\/noticias\/ultimo-primer-dia-de-clases-iv-medio-2023\/#breadcrumb\"},\"inLanguage\":\"es\",\"potentialAction\":[{\"@type\":\"ReadAction\",\"target\":[\"https:\/\/www.manquecura.cl\/ciudad-del-este\/noticias\/ultimo-primer-dia-de-clases-iv-medio-2023\/\"]}]},{\"@type\":\"ImageObject\",\"inLanguage\":\"es\",\"@id\":\"https:\/\/www.manquecura.cl\/ciudad-del-este\/noticias\/ultimo-primer-dia-de-clases-iv-medio-2023\/#primaryimage\",\"url\":\"https:\/\/www.manquecura.cl\/ciudad-del-este\/wp-content\/uploads\/sites\/41\/2023\/03\/Ultimo-primer-dia-de-clases-IV-Medio-2023-manquecura-ciudad-del-este_-16.jpg\",\"contentUrl\":\"https:\/\/www.manquecura.cl\/ciudad-del-este\/wp-content\/uploads\/sites\/41\/2023\/03\/Ultimo-primer-dia-de-clases-IV-Medio-2023-manquecura-ciudad-del-este_-16.jpg\",\"width\":836,\"height\":523},{\"@type\":\"BreadcrumbList\",\"@id\":\"https:\/\/www.manquecura.cl\/ciudad-del-este\/noticias\/ultimo-primer-dia-de-clases-iv-medio-2023\/#breadcrumb\",\"itemListElement\":[{\"@type\":\"ListItem\",\"position\":1,\"name\":\"Home\",\"item\":\"https:\/\/www.manquecura.cl\/ciudad-del-este\/\"},{\"@type\":\"ListItem\",\"position\":2,\"name\":\"\u00daltimo primer d\u00eda de clases IV Medio 2023\"}]},{\"@type\":\"WebSite\",\"@id\":\"https:\/\/www.manquecura.cl\/ciudad-del-este\/#website\",\"url\":\"https:\/\/www.manquecura.cl\/ciudad-del-este\/\",\"name\":\"Colegio Manquecura Ciudad del Este\",\"description\":\"\",\"publisher\":{\"@id\":\"https:\/\/www.manquecura.cl\/ciudad-del-este\/#organization\"},\"potentialAction\":[{\"@type\":\"SearchAction\",\"target\":{\"@type\":\"EntryPoint\",\"urlTemplate\":\"https:\/\/www.manquecura.cl\/ciudad-del-este\/?s={search_term_string}\"},\"query-input\":{\"@type\":\"PropertyValueSpecification\",\"valueRequired\":true,\"valueName\":\"search_term_string\"}}],\"inLanguage\":\"es\"},{\"@type\":\"Organization\",\"@id\":\"https:\/\/www.manquecura.cl\/ciudad-del-este\/#organization\",\"name\":\"Colegio Manquecura Ciudad del Este\",\"url\":\"https:\/\/www.manquecura.cl\/ciudad-del-este\/\",\"logo\":{\"@type\":\"ImageObject\",\"inLanguage\":\"es\",\"@id\":\"https:\/\/www.manquecura.cl\/ciudad-del-este\/#\/schema\/logo\/image\/\",\"url\":\"https:\/\/www.manquecura.cl\/ciudad-del-este\/wp-content\/uploads\/sites\/41\/2023\/09\/logo_Manquecura_Ciudad-del-Este_horizontal_color-1.png\",\"contentUrl\":\"https:\/\/www.manquecura.cl\/ciudad-del-este\/wp-content\/uploads\/sites\/41\/2023\/09\/logo_Manquecura_Ciudad-del-Este_horizontal_color-1.png\",\"width\":611,\"height\":183,\"caption\":\"Colegio Manquecura Ciudad del Este\"},\"image\":{\"@id\":\"https:\/\/www.manquecura.cl\/ciudad-del-este\/#\/schema\/logo\/image\/\"},\"sameAs\":[\"http:\/\/www.facebook.com\/ColegiosManquecura\",\"http:\/\/www.instagram.com\/manquecura_ciudaddeleste\/\",\"http:\/\/www.youtube.com\/c\/CognitaChile\"]},{\"@type\":\"Person\",\"@id\":\"https:\/\/www.manquecura.cl\/ciudad-del-este\/#\/schema\/person\/0debeea140e397b5d490ee7e553255d8\",\"name\":\"jorgedelcampo\",\"image\":{\"@type\":\"ImageObject\",\"inLanguage\":\"es\",\"@id\":\"https:\/\/www.manquecura.cl\/ciudad-del-este\/#\/schema\/person\/image\/\",\"url\":\"https:\/\/secure.gravatar.com\/avatar\/4a315f521213b2dc91dbda9bf799f711c8a98ab6f5606ec42cf5b33d1e762e8a?s=96&d=mm&r=g\",\"contentUrl\":\"https:\/\/secure.gravatar.com\/avatar\/4a315f521213b2dc91dbda9bf799f711c8a98ab6f5606ec42cf5b33d1e762e8a?s=96&d=mm&r=g\",\"caption\":\"jorgedelcampo\"}}]}<\/script>\n<!-- \/ Yoast SEO plugin. -->","yoast_head_json":{"title":"\u00daltimo primer d\u00eda de clases IV Medio 2023 - Colegio Manquecura Ciudad del Este","robots":{"index":"index","follow":"follow","max-snippet":"max-snippet:-1","max-image-preview":"max-image-preview:large","max-video-preview":"max-video-preview:-1"},"canonical":"https:\/\/www.manquecura.cl\/ciudad-del-este\/noticias\/ultimo-primer-dia-de-clases-iv-medio-2023\/","og_locale":"es_ES","og_type":"article","og_title":"\u00daltimo primer d\u00eda de clases IV Medio 2023 - Colegio Manquecura Ciudad del Este","og_description":"Nuestra Generaci\u00f3n de IV Medio 2023 vivi\u00f3 su \u00faltimo primer d\u00eda de clases con una significativa jornada, preparada especialmente para ellos por nuestros equipos directivo, docente y administrativo, y todo para impulsarlos con la mejor de las energ\u00edas a su \u00faltimo a\u00f1o en Manquecura Ciudad del Este. Les esperan grandes desaf\u00edos durante este nuevo periodo, [&hellip;]","og_url":"https:\/\/www.manquecura.cl\/ciudad-del-este\/noticias\/ultimo-primer-dia-de-clases-iv-medio-2023\/","og_site_name":"Colegio Manquecura Ciudad del Este","article_publisher":"http:\/\/www.facebook.com\/ColegiosManquecura","article_published_time":"2023-03-03T20:35:35+00:00","author":"jorgedelcampo","twitter_card":"summary_large_image","twitter_misc":{"Escrito por":"jorgedelcampo","Tiempo de lectura":"1 minuto"},"schema":{"@context":"https:\/\/schema.org","@graph":[{"@type":"Article","@id":"https:\/\/www.manquecura.cl\/ciudad-del-este\/noticias\/ultimo-primer-dia-de-clases-iv-medio-2023\/#article","isPartOf":{"@id":"https:\/\/www.manquecura.cl\/ciudad-del-este\/noticias\/ultimo-primer-dia-de-clases-iv-medio-2023\/"},"author":{"name":"jorgedelcampo","@id":"https:\/\/www.manquecura.cl\/ciudad-del-este\/#\/schema\/person\/0debeea140e397b5d490ee7e553255d8"},"headline":"\u00daltimo primer d\u00eda de clases IV Medio 2023","datePublished":"2023-03-03T20:35:35+00:00","mainEntityOfPage":{"@id":"https:\/\/www.manquecura.cl\/ciudad-del-este\/noticias\/ultimo-primer-dia-de-clases-iv-medio-2023\/"},"wordCount":134,"commentCount":0,"publisher":{"@id":"https:\/\/www.manquecura.cl\/ciudad-del-este\/#organization"},"image":{"@id":"https:\/\/www.manquecura.cl\/ciudad-del-este\/noticias\/ultimo-primer-dia-de-clases-iv-medio-2023\/#primaryimage"},"thumbnailUrl":"https:\/\/www.manquecura.cl\/ciudad-del-este\/wp-content\/uploads\/sites\/41\/2023\/03\/Ultimo-primer-dia-de-clases-IV-Medio-2023-manquecura-ciudad-del-este_-16.jpg","articleSection":["Vida Escolar"],"inLanguage":"es","potentialAction":[{"@type":"CommentAction","name":"Comment","target":["https:\/\/www.manquecura.cl\/ciudad-del-este\/noticias\/ultimo-primer-dia-de-clases-iv-medio-2023\/#respond"]}]},{"@type":"WebPage","@id":"https:\/\/www.manquecura.cl\/ciudad-del-este\/noticias\/ultimo-primer-dia-de-clases-iv-medio-2023\/","url":"https:\/\/www.manquecura.cl\/ciudad-del-este\/noticias\/ultimo-primer-dia-de-clases-iv-medio-2023\/","name":"\u00daltimo primer d\u00eda de clases IV Medio 2023 - Colegio Manquecura Ciudad del Este","isPartOf":{"@id":"https:\/\/www.manquecura.cl\/ciudad-del-este\/#website"},"primaryImageOfPage":{"@id":"https:\/\/www.manquecura.cl\/ciudad-del-este\/noticias\/ultimo-primer-dia-de-clases-iv-medio-2023\/#primaryimage"},"image":{"@id":"https:\/\/www.manquecura.cl\/ciudad-del-este\/noticias\/ultimo-primer-dia-de-clases-iv-medio-2023\/#primaryimage"},"thumbnailUrl":"https:\/\/www.manquecura.cl\/ciudad-del-este\/wp-content\/uploads\/sites\/41\/2023\/03\/Ultimo-primer-dia-de-clases-IV-Medio-2023-manquecura-ciudad-del-este_-16.jpg","datePublished":"2023-03-03T20:35:35+00:00","breadcrumb":{"@id":"https:\/\/www.manquecura.cl\/ciudad-del-este\/noticias\/ultimo-primer-dia-de-clases-iv-medio-2023\/#breadcrumb"},"inLanguage":"es","potentialAction":[{"@type":"ReadAction","target":["https:\/\/www.manquecura.cl\/ciudad-del-este\/noticias\/ultimo-primer-dia-de-clases-iv-medio-2023\/"]}]},{"@type":"ImageObject","inLanguage":"es","@id":"https:\/\/www.manquecura.cl\/ciudad-del-este\/noticias\/ultimo-primer-dia-de-clases-iv-medio-2023\/#primaryimage","url":"https:\/\/www.manquecura.cl\/ciudad-del-este\/wp-content\/uploads\/sites\/41\/2023\/03\/Ultimo-primer-dia-de-clases-IV-Medio-2023-manquecura-ciudad-del-este_-16.jpg","contentUrl":"https:\/\/www.manquecura.cl\/ciudad-del-este\/wp-content\/uploads\/sites\/41\/2023\/03\/Ultimo-primer-dia-de-clases-IV-Medio-2023-manquecura-ciudad-del-este_-16.jpg","width":836,"height":523},{"@type":"BreadcrumbList","@id":"https:\/\/www.manquecura.cl\/ciudad-del-este\/noticias\/ultimo-primer-dia-de-clases-iv-medio-2023\/#breadcrumb","itemListElement":[{"@type":"ListItem","position":1,"name":"Home","item":"https:\/\/www.manquecura.cl\/ciudad-del-este\/"},{"@type":"ListItem","position":2,"name":"\u00daltimo primer d\u00eda de clases IV Medio 2023"}]},{"@type":"WebSite","@id":"https:\/\/www.manquecura.cl\/ciudad-del-este\/#website","url":"https:\/\/www.manquecura.cl\/ciudad-del-este\/","name":"Colegio Manquecura Ciudad del Este","description":"","publisher":{"@id":"https:\/\/www.manquecura.cl\/ciudad-del-este\/#organization"},"potentialAction":[{"@type":"SearchAction","target":{"@type":"EntryPoint","urlTemplate":"https:\/\/www.manquecura.cl\/ciudad-del-este\/?s={search_term_string}"},"query-input":{"@type":"PropertyValueSpecification","valueRequired":true,"valueName":"search_term_string"}}],"inLanguage":"es"},{"@type":"Organization","@id":"https:\/\/www.manquecura.cl\/ciudad-del-este\/#organization","name":"Colegio Manquecura Ciudad del Este","url":"https:\/\/www.manquecura.cl\/ciudad-del-este\/","logo":{"@type":"ImageObject","inLanguage":"es","@id":"https:\/\/www.manquecura.cl\/ciudad-del-este\/#\/schema\/logo\/image\/","url":"https:\/\/www.manquecura.cl\/ciudad-del-este\/wp-content\/uploads\/sites\/41\/2023\/09\/logo_Manquecura_Ciudad-del-Este_horizontal_color-1.png","contentUrl":"https:\/\/www.manquecura.cl\/ciudad-del-este\/wp-content\/uploads\/sites\/41\/2023\/09\/logo_Manquecura_Ciudad-del-Este_horizontal_color-1.png","width":611,"height":183,"caption":"Colegio Manquecura Ciudad del Este"},"image":{"@id":"https:\/\/www.manquecura.cl\/ciudad-del-este\/#\/schema\/logo\/image\/"},"sameAs":["http:\/\/www.facebook.com\/ColegiosManquecura","http:\/\/www.instagram.com\/manquecura_ciudaddeleste\/","http:\/\/www.youtube.com\/c\/CognitaChile"]},{"@type":"Person","@id":"https:\/\/www.manquecura.cl\/ciudad-del-este\/#\/schema\/person\/0debeea140e397b5d490ee7e553255d8","name":"jorgedelcampo","image":{"@type":"ImageObject","inLanguage":"es","@id":"https:\/\/www.manquecura.cl\/ciudad-del-este\/#\/schema\/person\/image\/","url":"https:\/\/secure.gravatar.com\/avatar\/4a315f521213b2dc91dbda9bf799f711c8a98ab6f5606ec42cf5b33d1e762e8a?s=96&d=mm&r=g","contentUrl":"https:\/\/secure.gravatar.com\/avatar\/4a315f521213b2dc91dbda9bf799f711c8a98ab6f5606ec42cf5b33d1e762e8a?s=96&d=mm&r=g","caption":"jorgedelcampo"}}]}},"jetpack_featured_media_url":"https:\/\/www.manquecura.cl\/ciudad-del-este\/wp-content\/uploads\/sites\/41\/2023\/03\/Ultimo-primer-dia-de-clases-IV-Medio-2023-manquecura-ciudad-del-este_-16.jpg","previous_post_ID":125645,"previous_post_title":"Galer\u00eda \u00daltimo primer d\u00eda de clases IV Medio 2023","previous_post_excerpt":"","previous_post_link":"https:\/\/www.manquecura.cl\/ciudad-del-este\/noticias\/galeria-ultimo-primer-dia-de-clases-iv-medio-2023\/","previous_post_class":["post-125645","post","type-post","status-publish","format-standard","has-post-thumbnail","hentry","category-vida-escolar"],"next_post_ID":21347,"next_post_title":"Alcances del Seguro Escolar Estatal","next_post_excerpt":"Nuestro Encargado de Seguridad del Alumno (ESA), Gabriel Alarc\u00f3n, y la T\u00e9cnico en Enfermer\u00eda (TENS), Fernanda Cornejo, participaron en una jornada de capacitaci\u00f3n sobre el Seguro Escolar Estatal, organizada por el departamento de Health and Safety de Cognita Chile. Esta jornada ten\u00eda como objetivo actualizar y dar conocer el marco normativo del seguro incluyendo algunos [&hellip;]","next_post_link":"https:\/\/www.manquecura.cl\/ciudad-del-este\/noticias\/alcances-del-seguro-escolar-estatal\/","next_post_class":["post-21347","post","type-post","status-publish","format-standard","has-post-thumbnail","hentry","category-vida-escolar"],"jetpack_sharing_enabled":true,"_links":{"self":[{"href":"https:\/\/www.manquecura.cl\/ciudad-del-este\/wp-json\/wp\/v2\/posts\/125644","targetHints":{"allow":["GET"]}}],"collection":[{"href":"https:\/\/www.manquecura.cl\/ciudad-del-este\/wp-json\/wp\/v2\/posts"}],"about":[{"href":"https:\/\/www.manquecura.cl\/ciudad-del-este\/wp-json\/wp\/v2\/types\/post"}],"author":[{"embeddable":true,"href":"https:\/\/www.manquecura.cl\/ciudad-del-este\/wp-json\/wp\/v2\/users\/14"}],"replies":[{"embeddable":true,"href":"https:\/\/www.manquecura.cl\/ciudad-del-este\/wp-json\/wp\/v2\/comments?post=125644"}],"version-history":[{"count":0,"href":"https:\/\/www.manquecura.cl\/ciudad-del-este\/wp-json\/wp\/v2\/posts\/125644\/revisions"}],"wp:featuredmedia":[{"embeddable":true,"href":"https:\/\/www.manquecura.cl\/ciudad-del-este\/wp-json\/wp\/v2\/media\/21307"}],"wp:attachment":[{"href":"https:\/\/www.manquecura.cl\/ciudad-del-este\/wp-json\/wp\/v2\/media?parent=125644"}],"wp:term":[{"taxonomy":"category","embeddable":true,"href":"https:\/\/www.manquecura.cl\/ciudad-del-este\/wp-json\/wp\/v2\/categories?post=125644"},{"taxonomy":"post_tag","embeddable":true,"href":"https:\/\/www.manquecura.cl\/ciudad-del-este\/wp-json\/wp\/v2\/tags?post=125644"}],"curies":[{"name":"wp","href":"https:\/\/api.w.org\/{rel}","templated":true}]}}