{"id":125638,"date":"2023-01-24T16:50:45","date_gmt":"2023-01-24T19:50:45","guid":{"rendered":"https:\/\/www.manquecura.cl\/ciudad-del-este\/?p=21131"},"modified":"2023-01-24T16:50:45","modified_gmt":"2023-01-24T19:50:45","slug":"cheerleaders-en-encuentro-con-coronel-eleuterio-ramirez","status":"publish","type":"post","link":"https:\/\/www.manquecura.cl\/ciudad-del-este\/noticias\/cheerleaders-en-encuentro-con-coronel-eleuterio-ramirez\/","title":{"rendered":"Cheerleaders en encuentro con Coronel Eleuterio Ram\u00edrez"},"content":{"rendered":"<p>Nuestra academia de Cheerleader particip\u00f3 del encuentro \u201cCheerleading\u201d del colegio CGER, ocasi\u00f3n en la que se dieron cita 7 equipos de distintos establecimientos.<\/p>\n<p>Nuestras alumnas recibieron medallas de participaci\u00f3n y un gran aplauso del p\u00fablico por su linda presentaci\u00f3n y gran trabajo que demuestra todo lo que aprendieron durante el 2022.<\/p>\n<p>Los apoderados adem\u00e1s participaron de forma muy comprometida, permitiendo el \u00e9xito total de estas actividades, por lo que agradecemos su compromiso para que todo lo que realiza esta academia muestre los frutos, con el principal objetivo de ver crecer a las ni\u00f1as y j\u00f3venes en esta disciplina.<\/p>\n<p>&nbsp;<\/p>\n<p style=\"text-align: center\"><strong>Colegio Manquecura Ciudad del Este<\/strong><\/p>\n<p>&nbsp;<\/p>\n<p>Para mis videos de las actividades de nuestras Cheerleaders, los invitamos a visitar nuestro @<a href=\"https:\/\/www.instagram.com\/manquecura_ciudaddeleste\/\">Instagram.com\/manquecura_ciudaddeleste\/<\/a><\/p>\n<p>[multimedia id=&#8221;1&#8243;]<\/p>\n"},"excerpt":{"rendered":"<p>Nuestra academia de Cheerleader particip\u00f3 del encuentro \u201cCheerleading\u201d del colegio CGER, ocasi\u00f3n en la que se dieron cita 7 equipos de distintos establecimientos. Nuestras alumnas recibieron medallas de participaci\u00f3n y un gran aplauso del p\u00fablico por su linda presentaci\u00f3n y gran trabajo que demuestra todo lo que aprendieron durante el 2022. Los apoderados adem\u00e1s participaron [&hellip;]<\/p>\n","protected":false},"author":14,"featured_media":21208,"comment_status":"open","ping_status":"open","sticky":false,"template":"","format":"standard","meta":{"_acf_changed":false,"content-type":"","_jetpack_memberships_contains_paid_content":false,"footnotes":""},"categories":[1],"tags":[],"class_list":["post-125638","post","type-post","status-publish","format-standard","has-post-thumbnail","hentry","category-vida-escolar"],"acf":[],"yoast_head":"<!-- This site is optimized with the Yoast SEO plugin v27.1.1 - https:\/\/yoast.com\/product\/yoast-seo-wordpress\/ -->\n<title>Cheerleaders en encuentro con Coronel Eleuterio Ram\u00edrez - Colegio Manquecura Ciudad del Este<\/title>\n<meta name=\"robots\" content=\"index, follow, max-snippet:-1, max-image-preview:large, max-video-preview:-1\" \/>\n<link rel=\"canonical\" href=\"https:\/\/www.manquecura.cl\/ciudad-del-este\/noticias\/cheerleaders-en-encuentro-con-coronel-eleuterio-ramirez\/\" \/>\n<meta property=\"og:locale\" content=\"es_ES\" \/>\n<meta property=\"og:type\" content=\"article\" \/>\n<meta property=\"og:title\" content=\"Cheerleaders en encuentro con Coronel Eleuterio Ram\u00edrez - Colegio Manquecura Ciudad del Este\" \/>\n<meta property=\"og:description\" content=\"Nuestra academia de Cheerleader particip\u00f3 del encuentro \u201cCheerleading\u201d del colegio CGER, ocasi\u00f3n en la que se dieron cita 7 equipos de distintos establecimientos. Nuestras alumnas recibieron medallas de participaci\u00f3n y un gran aplauso del p\u00fablico por su linda presentaci\u00f3n y gran trabajo que demuestra todo lo que aprendieron durante el 2022. Los apoderados adem\u00e1s participaron [&hellip;]\" \/>\n<meta property=\"og:url\" content=\"https:\/\/www.manquecura.cl\/ciudad-del-este\/noticias\/cheerleaders-en-encuentro-con-coronel-eleuterio-ramirez\/\" \/>\n<meta property=\"og:site_name\" content=\"Colegio Manquecura Ciudad del Este\" \/>\n<meta property=\"article:publisher\" content=\"http:\/\/www.facebook.com\/ColegiosManquecura\" \/>\n<meta property=\"article:published_time\" content=\"2023-01-24T19:50:45+00:00\" \/>\n<meta name=\"author\" content=\"jorgedelcampo\" \/>\n<meta name=\"twitter:card\" content=\"summary_large_image\" \/>\n<meta name=\"twitter:label1\" content=\"Escrito por\" \/>\n\t<meta name=\"twitter:data1\" content=\"jorgedelcampo\" \/>\n\t<meta name=\"twitter:label2\" content=\"Tiempo de lectura\" \/>\n\t<meta name=\"twitter:data2\" content=\"1 minuto\" \/>\n<script type=\"application\/ld+json\" class=\"yoast-schema-graph\">{\"@context\":\"https:\/\/schema.org\",\"@graph\":[{\"@type\":\"Article\",\"@id\":\"https:\/\/www.manquecura.cl\/ciudad-del-este\/noticias\/cheerleaders-en-encuentro-con-coronel-eleuterio-ramirez\/#article\",\"isPartOf\":{\"@id\":\"https:\/\/www.manquecura.cl\/ciudad-del-este\/noticias\/cheerleaders-en-encuentro-con-coronel-eleuterio-ramirez\/\"},\"author\":{\"name\":\"jorgedelcampo\",\"@id\":\"https:\/\/www.manquecura.cl\/ciudad-del-este\/#\/schema\/person\/0debeea140e397b5d490ee7e553255d8\"},\"headline\":\"Cheerleaders en encuentro con Coronel Eleuterio Ram\u00edrez\",\"datePublished\":\"2023-01-24T19:50:45+00:00\",\"mainEntityOfPage\":{\"@id\":\"https:\/\/www.manquecura.cl\/ciudad-del-este\/noticias\/cheerleaders-en-encuentro-con-coronel-eleuterio-ramirez\/\"},\"wordCount\":138,\"commentCount\":0,\"publisher\":{\"@id\":\"https:\/\/www.manquecura.cl\/ciudad-del-este\/#organization\"},\"image\":{\"@id\":\"https:\/\/www.manquecura.cl\/ciudad-del-este\/noticias\/cheerleaders-en-encuentro-con-coronel-eleuterio-ramirez\/#primaryimage\"},\"thumbnailUrl\":\"https:\/\/www.manquecura.cl\/ciudad-del-este\/wp-content\/uploads\/sites\/41\/2023\/01\/cheerleaders-manquecura-ciudad-del-este_-3.jpg\",\"articleSection\":[\"Vida Escolar\"],\"inLanguage\":\"es\",\"potentialAction\":[{\"@type\":\"CommentAction\",\"name\":\"Comment\",\"target\":[\"https:\/\/www.manquecura.cl\/ciudad-del-este\/noticias\/cheerleaders-en-encuentro-con-coronel-eleuterio-ramirez\/#respond\"]}]},{\"@type\":\"WebPage\",\"@id\":\"https:\/\/www.manquecura.cl\/ciudad-del-este\/noticias\/cheerleaders-en-encuentro-con-coronel-eleuterio-ramirez\/\",\"url\":\"https:\/\/www.manquecura.cl\/ciudad-del-este\/noticias\/cheerleaders-en-encuentro-con-coronel-eleuterio-ramirez\/\",\"name\":\"Cheerleaders en encuentro con Coronel Eleuterio Ram\u00edrez - Colegio Manquecura Ciudad del Este\",\"isPartOf\":{\"@id\":\"https:\/\/www.manquecura.cl\/ciudad-del-este\/#website\"},\"primaryImageOfPage\":{\"@id\":\"https:\/\/www.manquecura.cl\/ciudad-del-este\/noticias\/cheerleaders-en-encuentro-con-coronel-eleuterio-ramirez\/#primaryimage\"},\"image\":{\"@id\":\"https:\/\/www.manquecura.cl\/ciudad-del-este\/noticias\/cheerleaders-en-encuentro-con-coronel-eleuterio-ramirez\/#primaryimage\"},\"thumbnailUrl\":\"https:\/\/www.manquecura.cl\/ciudad-del-este\/wp-content\/uploads\/sites\/41\/2023\/01\/cheerleaders-manquecura-ciudad-del-este_-3.jpg\",\"datePublished\":\"2023-01-24T19:50:45+00:00\",\"breadcrumb\":{\"@id\":\"https:\/\/www.manquecura.cl\/ciudad-del-este\/noticias\/cheerleaders-en-encuentro-con-coronel-eleuterio-ramirez\/#breadcrumb\"},\"inLanguage\":\"es\",\"potentialAction\":[{\"@type\":\"ReadAction\",\"target\":[\"https:\/\/www.manquecura.cl\/ciudad-del-este\/noticias\/cheerleaders-en-encuentro-con-coronel-eleuterio-ramirez\/\"]}]},{\"@type\":\"ImageObject\",\"inLanguage\":\"es\",\"@id\":\"https:\/\/www.manquecura.cl\/ciudad-del-este\/noticias\/cheerleaders-en-encuentro-con-coronel-eleuterio-ramirez\/#primaryimage\",\"url\":\"https:\/\/www.manquecura.cl\/ciudad-del-este\/wp-content\/uploads\/sites\/41\/2023\/01\/cheerleaders-manquecura-ciudad-del-este_-3.jpg\",\"contentUrl\":\"https:\/\/www.manquecura.cl\/ciudad-del-este\/wp-content\/uploads\/sites\/41\/2023\/01\/cheerleaders-manquecura-ciudad-del-este_-3.jpg\",\"width\":836,\"height\":523},{\"@type\":\"BreadcrumbList\",\"@id\":\"https:\/\/www.manquecura.cl\/ciudad-del-este\/noticias\/cheerleaders-en-encuentro-con-coronel-eleuterio-ramirez\/#breadcrumb\",\"itemListElement\":[{\"@type\":\"ListItem\",\"position\":1,\"name\":\"Home\",\"item\":\"https:\/\/www.manquecura.cl\/ciudad-del-este\/\"},{\"@type\":\"ListItem\",\"position\":2,\"name\":\"Cheerleaders en encuentro con Coronel Eleuterio Ram\u00edrez\"}]},{\"@type\":\"WebSite\",\"@id\":\"https:\/\/www.manquecura.cl\/ciudad-del-este\/#website\",\"url\":\"https:\/\/www.manquecura.cl\/ciudad-del-este\/\",\"name\":\"Colegio Manquecura Ciudad del Este\",\"description\":\"\",\"publisher\":{\"@id\":\"https:\/\/www.manquecura.cl\/ciudad-del-este\/#organization\"},\"potentialAction\":[{\"@type\":\"SearchAction\",\"target\":{\"@type\":\"EntryPoint\",\"urlTemplate\":\"https:\/\/www.manquecura.cl\/ciudad-del-este\/?s={search_term_string}\"},\"query-input\":{\"@type\":\"PropertyValueSpecification\",\"valueRequired\":true,\"valueName\":\"search_term_string\"}}],\"inLanguage\":\"es\"},{\"@type\":\"Organization\",\"@id\":\"https:\/\/www.manquecura.cl\/ciudad-del-este\/#organization\",\"name\":\"Colegio Manquecura Ciudad del Este\",\"url\":\"https:\/\/www.manquecura.cl\/ciudad-del-este\/\",\"logo\":{\"@type\":\"ImageObject\",\"inLanguage\":\"es\",\"@id\":\"https:\/\/www.manquecura.cl\/ciudad-del-este\/#\/schema\/logo\/image\/\",\"url\":\"https:\/\/www.manquecura.cl\/ciudad-del-este\/wp-content\/uploads\/sites\/41\/2023\/09\/logo_Manquecura_Ciudad-del-Este_horizontal_color-1.png\",\"contentUrl\":\"https:\/\/www.manquecura.cl\/ciudad-del-este\/wp-content\/uploads\/sites\/41\/2023\/09\/logo_Manquecura_Ciudad-del-Este_horizontal_color-1.png\",\"width\":611,\"height\":183,\"caption\":\"Colegio Manquecura Ciudad del Este\"},\"image\":{\"@id\":\"https:\/\/www.manquecura.cl\/ciudad-del-este\/#\/schema\/logo\/image\/\"},\"sameAs\":[\"http:\/\/www.facebook.com\/ColegiosManquecura\",\"http:\/\/www.instagram.com\/manquecura_ciudaddeleste\/\",\"http:\/\/www.youtube.com\/c\/CognitaChile\"]},{\"@type\":\"Person\",\"@id\":\"https:\/\/www.manquecura.cl\/ciudad-del-este\/#\/schema\/person\/0debeea140e397b5d490ee7e553255d8\",\"name\":\"jorgedelcampo\",\"image\":{\"@type\":\"ImageObject\",\"inLanguage\":\"es\",\"@id\":\"https:\/\/www.manquecura.cl\/ciudad-del-este\/#\/schema\/person\/image\/\",\"url\":\"https:\/\/secure.gravatar.com\/avatar\/4a315f521213b2dc91dbda9bf799f711c8a98ab6f5606ec42cf5b33d1e762e8a?s=96&d=mm&r=g\",\"contentUrl\":\"https:\/\/secure.gravatar.com\/avatar\/4a315f521213b2dc91dbda9bf799f711c8a98ab6f5606ec42cf5b33d1e762e8a?s=96&d=mm&r=g\",\"caption\":\"jorgedelcampo\"}}]}<\/script>\n<!-- \/ Yoast SEO plugin. -->","yoast_head_json":{"title":"Cheerleaders en encuentro con Coronel Eleuterio Ram\u00edrez - Colegio Manquecura Ciudad del Este","robots":{"index":"index","follow":"follow","max-snippet":"max-snippet:-1","max-image-preview":"max-image-preview:large","max-video-preview":"max-video-preview:-1"},"canonical":"https:\/\/www.manquecura.cl\/ciudad-del-este\/noticias\/cheerleaders-en-encuentro-con-coronel-eleuterio-ramirez\/","og_locale":"es_ES","og_type":"article","og_title":"Cheerleaders en encuentro con Coronel Eleuterio Ram\u00edrez - Colegio Manquecura Ciudad del Este","og_description":"Nuestra academia de Cheerleader particip\u00f3 del encuentro \u201cCheerleading\u201d del colegio CGER, ocasi\u00f3n en la que se dieron cita 7 equipos de distintos establecimientos. Nuestras alumnas recibieron medallas de participaci\u00f3n y un gran aplauso del p\u00fablico por su linda presentaci\u00f3n y gran trabajo que demuestra todo lo que aprendieron durante el 2022. Los apoderados adem\u00e1s participaron [&hellip;]","og_url":"https:\/\/www.manquecura.cl\/ciudad-del-este\/noticias\/cheerleaders-en-encuentro-con-coronel-eleuterio-ramirez\/","og_site_name":"Colegio Manquecura Ciudad del Este","article_publisher":"http:\/\/www.facebook.com\/ColegiosManquecura","article_published_time":"2023-01-24T19:50:45+00:00","author":"jorgedelcampo","twitter_card":"summary_large_image","twitter_misc":{"Escrito por":"jorgedelcampo","Tiempo de lectura":"1 minuto"},"schema":{"@context":"https:\/\/schema.org","@graph":[{"@type":"Article","@id":"https:\/\/www.manquecura.cl\/ciudad-del-este\/noticias\/cheerleaders-en-encuentro-con-coronel-eleuterio-ramirez\/#article","isPartOf":{"@id":"https:\/\/www.manquecura.cl\/ciudad-del-este\/noticias\/cheerleaders-en-encuentro-con-coronel-eleuterio-ramirez\/"},"author":{"name":"jorgedelcampo","@id":"https:\/\/www.manquecura.cl\/ciudad-del-este\/#\/schema\/person\/0debeea140e397b5d490ee7e553255d8"},"headline":"Cheerleaders en encuentro con Coronel Eleuterio Ram\u00edrez","datePublished":"2023-01-24T19:50:45+00:00","mainEntityOfPage":{"@id":"https:\/\/www.manquecura.cl\/ciudad-del-este\/noticias\/cheerleaders-en-encuentro-con-coronel-eleuterio-ramirez\/"},"wordCount":138,"commentCount":0,"publisher":{"@id":"https:\/\/www.manquecura.cl\/ciudad-del-este\/#organization"},"image":{"@id":"https:\/\/www.manquecura.cl\/ciudad-del-este\/noticias\/cheerleaders-en-encuentro-con-coronel-eleuterio-ramirez\/#primaryimage"},"thumbnailUrl":"https:\/\/www.manquecura.cl\/ciudad-del-este\/wp-content\/uploads\/sites\/41\/2023\/01\/cheerleaders-manquecura-ciudad-del-este_-3.jpg","articleSection":["Vida Escolar"],"inLanguage":"es","potentialAction":[{"@type":"CommentAction","name":"Comment","target":["https:\/\/www.manquecura.cl\/ciudad-del-este\/noticias\/cheerleaders-en-encuentro-con-coronel-eleuterio-ramirez\/#respond"]}]},{"@type":"WebPage","@id":"https:\/\/www.manquecura.cl\/ciudad-del-este\/noticias\/cheerleaders-en-encuentro-con-coronel-eleuterio-ramirez\/","url":"https:\/\/www.manquecura.cl\/ciudad-del-este\/noticias\/cheerleaders-en-encuentro-con-coronel-eleuterio-ramirez\/","name":"Cheerleaders en encuentro con Coronel Eleuterio Ram\u00edrez - Colegio Manquecura Ciudad del Este","isPartOf":{"@id":"https:\/\/www.manquecura.cl\/ciudad-del-este\/#website"},"primaryImageOfPage":{"@id":"https:\/\/www.manquecura.cl\/ciudad-del-este\/noticias\/cheerleaders-en-encuentro-con-coronel-eleuterio-ramirez\/#primaryimage"},"image":{"@id":"https:\/\/www.manquecura.cl\/ciudad-del-este\/noticias\/cheerleaders-en-encuentro-con-coronel-eleuterio-ramirez\/#primaryimage"},"thumbnailUrl":"https:\/\/www.manquecura.cl\/ciudad-del-este\/wp-content\/uploads\/sites\/41\/2023\/01\/cheerleaders-manquecura-ciudad-del-este_-3.jpg","datePublished":"2023-01-24T19:50:45+00:00","breadcrumb":{"@id":"https:\/\/www.manquecura.cl\/ciudad-del-este\/noticias\/cheerleaders-en-encuentro-con-coronel-eleuterio-ramirez\/#breadcrumb"},"inLanguage":"es","potentialAction":[{"@type":"ReadAction","target":["https:\/\/www.manquecura.cl\/ciudad-del-este\/noticias\/cheerleaders-en-encuentro-con-coronel-eleuterio-ramirez\/"]}]},{"@type":"ImageObject","inLanguage":"es","@id":"https:\/\/www.manquecura.cl\/ciudad-del-este\/noticias\/cheerleaders-en-encuentro-con-coronel-eleuterio-ramirez\/#primaryimage","url":"https:\/\/www.manquecura.cl\/ciudad-del-este\/wp-content\/uploads\/sites\/41\/2023\/01\/cheerleaders-manquecura-ciudad-del-este_-3.jpg","contentUrl":"https:\/\/www.manquecura.cl\/ciudad-del-este\/wp-content\/uploads\/sites\/41\/2023\/01\/cheerleaders-manquecura-ciudad-del-este_-3.jpg","width":836,"height":523},{"@type":"BreadcrumbList","@id":"https:\/\/www.manquecura.cl\/ciudad-del-este\/noticias\/cheerleaders-en-encuentro-con-coronel-eleuterio-ramirez\/#breadcrumb","itemListElement":[{"@type":"ListItem","position":1,"name":"Home","item":"https:\/\/www.manquecura.cl\/ciudad-del-este\/"},{"@type":"ListItem","position":2,"name":"Cheerleaders en encuentro con Coronel Eleuterio Ram\u00edrez"}]},{"@type":"WebSite","@id":"https:\/\/www.manquecura.cl\/ciudad-del-este\/#website","url":"https:\/\/www.manquecura.cl\/ciudad-del-este\/","name":"Colegio Manquecura Ciudad del Este","description":"","publisher":{"@id":"https:\/\/www.manquecura.cl\/ciudad-del-este\/#organization"},"potentialAction":[{"@type":"SearchAction","target":{"@type":"EntryPoint","urlTemplate":"https:\/\/www.manquecura.cl\/ciudad-del-este\/?s={search_term_string}"},"query-input":{"@type":"PropertyValueSpecification","valueRequired":true,"valueName":"search_term_string"}}],"inLanguage":"es"},{"@type":"Organization","@id":"https:\/\/www.manquecura.cl\/ciudad-del-este\/#organization","name":"Colegio Manquecura Ciudad del Este","url":"https:\/\/www.manquecura.cl\/ciudad-del-este\/","logo":{"@type":"ImageObject","inLanguage":"es","@id":"https:\/\/www.manquecura.cl\/ciudad-del-este\/#\/schema\/logo\/image\/","url":"https:\/\/www.manquecura.cl\/ciudad-del-este\/wp-content\/uploads\/sites\/41\/2023\/09\/logo_Manquecura_Ciudad-del-Este_horizontal_color-1.png","contentUrl":"https:\/\/www.manquecura.cl\/ciudad-del-este\/wp-content\/uploads\/sites\/41\/2023\/09\/logo_Manquecura_Ciudad-del-Este_horizontal_color-1.png","width":611,"height":183,"caption":"Colegio Manquecura Ciudad del Este"},"image":{"@id":"https:\/\/www.manquecura.cl\/ciudad-del-este\/#\/schema\/logo\/image\/"},"sameAs":["http:\/\/www.facebook.com\/ColegiosManquecura","http:\/\/www.instagram.com\/manquecura_ciudaddeleste\/","http:\/\/www.youtube.com\/c\/CognitaChile"]},{"@type":"Person","@id":"https:\/\/www.manquecura.cl\/ciudad-del-este\/#\/schema\/person\/0debeea140e397b5d490ee7e553255d8","name":"jorgedelcampo","image":{"@type":"ImageObject","inLanguage":"es","@id":"https:\/\/www.manquecura.cl\/ciudad-del-este\/#\/schema\/person\/image\/","url":"https:\/\/secure.gravatar.com\/avatar\/4a315f521213b2dc91dbda9bf799f711c8a98ab6f5606ec42cf5b33d1e762e8a?s=96&d=mm&r=g","contentUrl":"https:\/\/secure.gravatar.com\/avatar\/4a315f521213b2dc91dbda9bf799f711c8a98ab6f5606ec42cf5b33d1e762e8a?s=96&d=mm&r=g","caption":"jorgedelcampo"}}]}},"jetpack_featured_media_url":"https:\/\/www.manquecura.cl\/ciudad-del-este\/wp-content\/uploads\/sites\/41\/2023\/01\/cheerleaders-manquecura-ciudad-del-este_-3.jpg","previous_post_ID":125637,"previous_post_title":"Programa de Intercambio \u200bAprendizaje sin Fronteras: Docente de nuestro colegio en Espa\u00f1a","previous_post_excerpt":"Desde el lunes 16 de enero y hasta la primera semana de febrero nuestro profesor Felipe Gonz\u00e1lez, docente de Educaci\u00f3n F\u00edsica del colegio Manquecura Ciudad del Este, estar\u00e1 observando metodolog\u00edas educativas y tambi\u00e9n interviniendo en el Colegio Europeo de Madrid (CEM), todo gracias al programa \u201cAprendizaje sin Fronteras\u201d. El principal objetivo de esta iniciativa impulsada [&hellip;]","previous_post_link":"https:\/\/www.manquecura.cl\/ciudad-del-este\/noticias\/programa-de-intercambio-aprendizaje-sin-fronteras-docente-de-nuestro-colegio-en-espana\/","previous_post_class":["post-125637","post","type-post","status-publish","format-standard","has-post-thumbnail","hentry","category-vida-escolar"],"next_post_ID":125639,"next_post_title":"\u00a1Bienvenido 2023! Los invitamos al Open House","next_post_excerpt":"Queremos darles la m\u00e1s cordial bienvenida a un nuevo a\u00f1o escolar. Es por ello que invitamos a nuestros estudiantes y sus familias a participar en el\u202fOpen House 2023,\u202finstancia en la que el colegio abrir\u00e1 sus puertas para que los ni\u00f1os, ni\u00f1as y j\u00f3venes tengan la posibilidad de conocer sus salas de clases, profesores jefes, as\u00ed [&hellip;]","next_post_link":"https:\/\/www.manquecura.cl\/ciudad-del-este\/noticias\/bienvenido-2023-los-invitamos-al-open-house\/","next_post_class":["post-125639","post","type-post","status-publish","format-standard","has-post-thumbnail","hentry","category-vida-escolar"],"jetpack_sharing_enabled":true,"_links":{"self":[{"href":"https:\/\/www.manquecura.cl\/ciudad-del-este\/wp-json\/wp\/v2\/posts\/125638","targetHints":{"allow":["GET"]}}],"collection":[{"href":"https:\/\/www.manquecura.cl\/ciudad-del-este\/wp-json\/wp\/v2\/posts"}],"about":[{"href":"https:\/\/www.manquecura.cl\/ciudad-del-este\/wp-json\/wp\/v2\/types\/post"}],"author":[{"embeddable":true,"href":"https:\/\/www.manquecura.cl\/ciudad-del-este\/wp-json\/wp\/v2\/users\/14"}],"replies":[{"embeddable":true,"href":"https:\/\/www.manquecura.cl\/ciudad-del-este\/wp-json\/wp\/v2\/comments?post=125638"}],"version-history":[{"count":0,"href":"https:\/\/www.manquecura.cl\/ciudad-del-este\/wp-json\/wp\/v2\/posts\/125638\/revisions"}],"wp:featuredmedia":[{"embeddable":true,"href":"https:\/\/www.manquecura.cl\/ciudad-del-este\/wp-json\/wp\/v2\/media\/21208"}],"wp:attachment":[{"href":"https:\/\/www.manquecura.cl\/ciudad-del-este\/wp-json\/wp\/v2\/media?parent=125638"}],"wp:term":[{"taxonomy":"category","embeddable":true,"href":"https:\/\/www.manquecura.cl\/ciudad-del-este\/wp-json\/wp\/v2\/categories?post=125638"},{"taxonomy":"post_tag","embeddable":true,"href":"https:\/\/www.manquecura.cl\/ciudad-del-este\/wp-json\/wp\/v2\/tags?post=125638"}],"curies":[{"name":"wp","href":"https:\/\/api.w.org\/{rel}","templated":true}]}}