{"id":125637,"date":"2023-01-23T16:10:58","date_gmt":"2023-01-23T19:10:58","guid":{"rendered":"https:\/\/www.manquecura.cl\/ciudad-del-este\/?p=21127"},"modified":"2023-01-23T16:10:58","modified_gmt":"2023-01-23T19:10:58","slug":"programa-de-intercambio-aprendizaje-sin-fronteras-docente-de-nuestro-colegio-en-espana","status":"publish","type":"post","link":"https:\/\/www.manquecura.cl\/ciudad-del-este\/noticias\/programa-de-intercambio-aprendizaje-sin-fronteras-docente-de-nuestro-colegio-en-espana\/","title":{"rendered":"Programa de Intercambio \u200bAprendizaje sin Fronteras: Docente de nuestro colegio en Espa\u00f1a"},"content":{"rendered":"<p>Desde el lunes 16 de enero y hasta la primera semana de febrero nuestro profesor Felipe Gonz\u00e1lez, docente de Educaci\u00f3n F\u00edsica del colegio Manquecura Ciudad del Este, estar\u00e1 observando metodolog\u00edas educativas y tambi\u00e9n interviniendo en el Colegio Europeo de Madrid (CEM), todo gracias al programa \u201cAprendizaje sin Fronteras\u201d.<\/p>\n<p>El principal objetivo de esta iniciativa impulsada por la red Cognita, busca favorecer el intercambio intercultural de buenas pr\u00e1cticas, aportando en la formaci\u00f3n personal, el quehacer docente en nuestro equipo e impactar positivamente en el proceso de formaci\u00f3n y aprendizaje de nuestros estudiantes.<\/p>\n<p>Felicitaciones a Felipe, de quien esperamos obtenga los mejores aprendizajes para ser compartidos con nuestra comunidad escolar.<\/p>\n<p style=\"text-align: center\"><strong>Colegio Manquecura Ciudad del Este<\/strong><\/p>\n<p><span style=\"color: #008080\"><strong>Ver m\u00e1s noticias relacionadas:<\/strong><\/span><\/p>\n<p><a href=\"https:\/\/www.manquecura.cl\/ciudad-del-este\/learning-without-borders\">Learning without borders<\/a><\/p>\n<p><strong><a href=\"https:\/\/www.manquecura.cl\/ciudad-del-este\/docente-es-reconocido-por-aprendizaje-sin-fronteras\">Docente es reconocido por Aprendizaje sin Fronteras<\/a><\/strong><\/p>\n<p>[multimedia id=&#8221;1&#8243;]<\/p>\n"},"excerpt":{"rendered":"<p>Desde el lunes 16 de enero y hasta la primera semana de febrero nuestro profesor Felipe Gonz\u00e1lez, docente de Educaci\u00f3n F\u00edsica del colegio Manquecura Ciudad del Este, estar\u00e1 observando metodolog\u00edas educativas y tambi\u00e9n interviniendo en el Colegio Europeo de Madrid (CEM), todo gracias al programa \u201cAprendizaje sin Fronteras\u201d. El principal objetivo de esta iniciativa impulsada [&hellip;]<\/p>\n","protected":false},"author":14,"featured_media":21201,"comment_status":"open","ping_status":"open","sticky":false,"template":"","format":"standard","meta":{"_acf_changed":false,"content-type":"","_jetpack_memberships_contains_paid_content":false,"footnotes":""},"categories":[1],"tags":[],"class_list":["post-125637","post","type-post","status-publish","format-standard","has-post-thumbnail","hentry","category-vida-escolar"],"acf":[],"yoast_head":"<!-- This site is optimized with the Yoast SEO plugin v27.1.1 - https:\/\/yoast.com\/product\/yoast-seo-wordpress\/ -->\n<title>Programa de Intercambio \u200bAprendizaje sin Fronteras: Docente de nuestro colegio en Espa\u00f1a - Colegio Manquecura Ciudad del Este<\/title>\n<meta name=\"robots\" content=\"index, follow, max-snippet:-1, max-image-preview:large, max-video-preview:-1\" \/>\n<link rel=\"canonical\" href=\"https:\/\/www.manquecura.cl\/ciudad-del-este\/noticias\/programa-de-intercambio-aprendizaje-sin-fronteras-docente-de-nuestro-colegio-en-espana\/\" \/>\n<meta property=\"og:locale\" content=\"es_ES\" \/>\n<meta property=\"og:type\" content=\"article\" \/>\n<meta property=\"og:title\" content=\"Programa de Intercambio \u200bAprendizaje sin Fronteras: Docente de nuestro colegio en Espa\u00f1a - Colegio Manquecura Ciudad del Este\" \/>\n<meta property=\"og:description\" content=\"Desde el lunes 16 de enero y hasta la primera semana de febrero nuestro profesor Felipe Gonz\u00e1lez, docente de Educaci\u00f3n F\u00edsica del colegio Manquecura Ciudad del Este, estar\u00e1 observando metodolog\u00edas educativas y tambi\u00e9n interviniendo en el Colegio Europeo de Madrid (CEM), todo gracias al programa \u201cAprendizaje sin Fronteras\u201d. El principal objetivo de esta iniciativa impulsada [&hellip;]\" \/>\n<meta property=\"og:url\" content=\"https:\/\/www.manquecura.cl\/ciudad-del-este\/noticias\/programa-de-intercambio-aprendizaje-sin-fronteras-docente-de-nuestro-colegio-en-espana\/\" \/>\n<meta property=\"og:site_name\" content=\"Colegio Manquecura Ciudad del Este\" \/>\n<meta property=\"article:publisher\" content=\"http:\/\/www.facebook.com\/ColegiosManquecura\" \/>\n<meta property=\"article:published_time\" content=\"2023-01-23T19:10:58+00:00\" \/>\n<meta name=\"author\" content=\"jorgedelcampo\" \/>\n<meta name=\"twitter:card\" content=\"summary_large_image\" \/>\n<meta name=\"twitter:label1\" content=\"Escrito por\" \/>\n\t<meta name=\"twitter:data1\" content=\"jorgedelcampo\" \/>\n\t<meta name=\"twitter:label2\" content=\"Tiempo de lectura\" \/>\n\t<meta name=\"twitter:data2\" content=\"1 minuto\" \/>\n<script type=\"application\/ld+json\" class=\"yoast-schema-graph\">{\"@context\":\"https:\/\/schema.org\",\"@graph\":[{\"@type\":\"Article\",\"@id\":\"https:\/\/www.manquecura.cl\/ciudad-del-este\/noticias\/programa-de-intercambio-aprendizaje-sin-fronteras-docente-de-nuestro-colegio-en-espana\/#article\",\"isPartOf\":{\"@id\":\"https:\/\/www.manquecura.cl\/ciudad-del-este\/noticias\/programa-de-intercambio-aprendizaje-sin-fronteras-docente-de-nuestro-colegio-en-espana\/\"},\"author\":{\"name\":\"jorgedelcampo\",\"@id\":\"https:\/\/www.manquecura.cl\/ciudad-del-este\/#\/schema\/person\/0debeea140e397b5d490ee7e553255d8\"},\"headline\":\"Programa de Intercambio \u200bAprendizaje sin Fronteras: Docente de nuestro colegio en Espa\u00f1a\",\"datePublished\":\"2023-01-23T19:10:58+00:00\",\"mainEntityOfPage\":{\"@id\":\"https:\/\/www.manquecura.cl\/ciudad-del-este\/noticias\/programa-de-intercambio-aprendizaje-sin-fronteras-docente-de-nuestro-colegio-en-espana\/\"},\"wordCount\":150,\"commentCount\":0,\"publisher\":{\"@id\":\"https:\/\/www.manquecura.cl\/ciudad-del-este\/#organization\"},\"image\":{\"@id\":\"https:\/\/www.manquecura.cl\/ciudad-del-este\/noticias\/programa-de-intercambio-aprendizaje-sin-fronteras-docente-de-nuestro-colegio-en-espana\/#primaryimage\"},\"thumbnailUrl\":\"https:\/\/www.manquecura.cl\/ciudad-del-este\/wp-content\/uploads\/sites\/41\/2023\/01\/PROGRAMA-DE-INTERCAMBIO-1.jpg\",\"articleSection\":[\"Vida Escolar\"],\"inLanguage\":\"es\",\"potentialAction\":[{\"@type\":\"CommentAction\",\"name\":\"Comment\",\"target\":[\"https:\/\/www.manquecura.cl\/ciudad-del-este\/noticias\/programa-de-intercambio-aprendizaje-sin-fronteras-docente-de-nuestro-colegio-en-espana\/#respond\"]}]},{\"@type\":\"WebPage\",\"@id\":\"https:\/\/www.manquecura.cl\/ciudad-del-este\/noticias\/programa-de-intercambio-aprendizaje-sin-fronteras-docente-de-nuestro-colegio-en-espana\/\",\"url\":\"https:\/\/www.manquecura.cl\/ciudad-del-este\/noticias\/programa-de-intercambio-aprendizaje-sin-fronteras-docente-de-nuestro-colegio-en-espana\/\",\"name\":\"Programa de Intercambio \u200bAprendizaje sin Fronteras: Docente de nuestro colegio en Espa\u00f1a - Colegio Manquecura Ciudad del Este\",\"isPartOf\":{\"@id\":\"https:\/\/www.manquecura.cl\/ciudad-del-este\/#website\"},\"primaryImageOfPage\":{\"@id\":\"https:\/\/www.manquecura.cl\/ciudad-del-este\/noticias\/programa-de-intercambio-aprendizaje-sin-fronteras-docente-de-nuestro-colegio-en-espana\/#primaryimage\"},\"image\":{\"@id\":\"https:\/\/www.manquecura.cl\/ciudad-del-este\/noticias\/programa-de-intercambio-aprendizaje-sin-fronteras-docente-de-nuestro-colegio-en-espana\/#primaryimage\"},\"thumbnailUrl\":\"https:\/\/www.manquecura.cl\/ciudad-del-este\/wp-content\/uploads\/sites\/41\/2023\/01\/PROGRAMA-DE-INTERCAMBIO-1.jpg\",\"datePublished\":\"2023-01-23T19:10:58+00:00\",\"breadcrumb\":{\"@id\":\"https:\/\/www.manquecura.cl\/ciudad-del-este\/noticias\/programa-de-intercambio-aprendizaje-sin-fronteras-docente-de-nuestro-colegio-en-espana\/#breadcrumb\"},\"inLanguage\":\"es\",\"potentialAction\":[{\"@type\":\"ReadAction\",\"target\":[\"https:\/\/www.manquecura.cl\/ciudad-del-este\/noticias\/programa-de-intercambio-aprendizaje-sin-fronteras-docente-de-nuestro-colegio-en-espana\/\"]}]},{\"@type\":\"ImageObject\",\"inLanguage\":\"es\",\"@id\":\"https:\/\/www.manquecura.cl\/ciudad-del-este\/noticias\/programa-de-intercambio-aprendizaje-sin-fronteras-docente-de-nuestro-colegio-en-espana\/#primaryimage\",\"url\":\"https:\/\/www.manquecura.cl\/ciudad-del-este\/wp-content\/uploads\/sites\/41\/2023\/01\/PROGRAMA-DE-INTERCAMBIO-1.jpg\",\"contentUrl\":\"https:\/\/www.manquecura.cl\/ciudad-del-este\/wp-content\/uploads\/sites\/41\/2023\/01\/PROGRAMA-DE-INTERCAMBIO-1.jpg\",\"width\":836,\"height\":523},{\"@type\":\"BreadcrumbList\",\"@id\":\"https:\/\/www.manquecura.cl\/ciudad-del-este\/noticias\/programa-de-intercambio-aprendizaje-sin-fronteras-docente-de-nuestro-colegio-en-espana\/#breadcrumb\",\"itemListElement\":[{\"@type\":\"ListItem\",\"position\":1,\"name\":\"Home\",\"item\":\"https:\/\/www.manquecura.cl\/ciudad-del-este\/\"},{\"@type\":\"ListItem\",\"position\":2,\"name\":\"Programa de Intercambio \u200bAprendizaje sin Fronteras: Docente de nuestro colegio en Espa\u00f1a\"}]},{\"@type\":\"WebSite\",\"@id\":\"https:\/\/www.manquecura.cl\/ciudad-del-este\/#website\",\"url\":\"https:\/\/www.manquecura.cl\/ciudad-del-este\/\",\"name\":\"Colegio Manquecura Ciudad del Este\",\"description\":\"\",\"publisher\":{\"@id\":\"https:\/\/www.manquecura.cl\/ciudad-del-este\/#organization\"},\"potentialAction\":[{\"@type\":\"SearchAction\",\"target\":{\"@type\":\"EntryPoint\",\"urlTemplate\":\"https:\/\/www.manquecura.cl\/ciudad-del-este\/?s={search_term_string}\"},\"query-input\":{\"@type\":\"PropertyValueSpecification\",\"valueRequired\":true,\"valueName\":\"search_term_string\"}}],\"inLanguage\":\"es\"},{\"@type\":\"Organization\",\"@id\":\"https:\/\/www.manquecura.cl\/ciudad-del-este\/#organization\",\"name\":\"Colegio Manquecura Ciudad del Este\",\"url\":\"https:\/\/www.manquecura.cl\/ciudad-del-este\/\",\"logo\":{\"@type\":\"ImageObject\",\"inLanguage\":\"es\",\"@id\":\"https:\/\/www.manquecura.cl\/ciudad-del-este\/#\/schema\/logo\/image\/\",\"url\":\"https:\/\/www.manquecura.cl\/ciudad-del-este\/wp-content\/uploads\/sites\/41\/2023\/09\/logo_Manquecura_Ciudad-del-Este_horizontal_color-1.png\",\"contentUrl\":\"https:\/\/www.manquecura.cl\/ciudad-del-este\/wp-content\/uploads\/sites\/41\/2023\/09\/logo_Manquecura_Ciudad-del-Este_horizontal_color-1.png\",\"width\":611,\"height\":183,\"caption\":\"Colegio Manquecura Ciudad del Este\"},\"image\":{\"@id\":\"https:\/\/www.manquecura.cl\/ciudad-del-este\/#\/schema\/logo\/image\/\"},\"sameAs\":[\"http:\/\/www.facebook.com\/ColegiosManquecura\",\"http:\/\/www.instagram.com\/manquecura_ciudaddeleste\/\",\"http:\/\/www.youtube.com\/c\/CognitaChile\"]},{\"@type\":\"Person\",\"@id\":\"https:\/\/www.manquecura.cl\/ciudad-del-este\/#\/schema\/person\/0debeea140e397b5d490ee7e553255d8\",\"name\":\"jorgedelcampo\",\"image\":{\"@type\":\"ImageObject\",\"inLanguage\":\"es\",\"@id\":\"https:\/\/www.manquecura.cl\/ciudad-del-este\/#\/schema\/person\/image\/\",\"url\":\"https:\/\/secure.gravatar.com\/avatar\/4a315f521213b2dc91dbda9bf799f711c8a98ab6f5606ec42cf5b33d1e762e8a?s=96&d=mm&r=g\",\"contentUrl\":\"https:\/\/secure.gravatar.com\/avatar\/4a315f521213b2dc91dbda9bf799f711c8a98ab6f5606ec42cf5b33d1e762e8a?s=96&d=mm&r=g\",\"caption\":\"jorgedelcampo\"}}]}<\/script>\n<!-- \/ Yoast SEO plugin. -->","yoast_head_json":{"title":"Programa de Intercambio \u200bAprendizaje sin Fronteras: Docente de nuestro colegio en Espa\u00f1a - Colegio Manquecura Ciudad del Este","robots":{"index":"index","follow":"follow","max-snippet":"max-snippet:-1","max-image-preview":"max-image-preview:large","max-video-preview":"max-video-preview:-1"},"canonical":"https:\/\/www.manquecura.cl\/ciudad-del-este\/noticias\/programa-de-intercambio-aprendizaje-sin-fronteras-docente-de-nuestro-colegio-en-espana\/","og_locale":"es_ES","og_type":"article","og_title":"Programa de Intercambio \u200bAprendizaje sin Fronteras: Docente de nuestro colegio en Espa\u00f1a - Colegio Manquecura Ciudad del Este","og_description":"Desde el lunes 16 de enero y hasta la primera semana de febrero nuestro profesor Felipe Gonz\u00e1lez, docente de Educaci\u00f3n F\u00edsica del colegio Manquecura Ciudad del Este, estar\u00e1 observando metodolog\u00edas educativas y tambi\u00e9n interviniendo en el Colegio Europeo de Madrid (CEM), todo gracias al programa \u201cAprendizaje sin Fronteras\u201d. El principal objetivo de esta iniciativa impulsada [&hellip;]","og_url":"https:\/\/www.manquecura.cl\/ciudad-del-este\/noticias\/programa-de-intercambio-aprendizaje-sin-fronteras-docente-de-nuestro-colegio-en-espana\/","og_site_name":"Colegio Manquecura Ciudad del Este","article_publisher":"http:\/\/www.facebook.com\/ColegiosManquecura","article_published_time":"2023-01-23T19:10:58+00:00","author":"jorgedelcampo","twitter_card":"summary_large_image","twitter_misc":{"Escrito por":"jorgedelcampo","Tiempo de lectura":"1 minuto"},"schema":{"@context":"https:\/\/schema.org","@graph":[{"@type":"Article","@id":"https:\/\/www.manquecura.cl\/ciudad-del-este\/noticias\/programa-de-intercambio-aprendizaje-sin-fronteras-docente-de-nuestro-colegio-en-espana\/#article","isPartOf":{"@id":"https:\/\/www.manquecura.cl\/ciudad-del-este\/noticias\/programa-de-intercambio-aprendizaje-sin-fronteras-docente-de-nuestro-colegio-en-espana\/"},"author":{"name":"jorgedelcampo","@id":"https:\/\/www.manquecura.cl\/ciudad-del-este\/#\/schema\/person\/0debeea140e397b5d490ee7e553255d8"},"headline":"Programa de Intercambio \u200bAprendizaje sin Fronteras: Docente de nuestro colegio en Espa\u00f1a","datePublished":"2023-01-23T19:10:58+00:00","mainEntityOfPage":{"@id":"https:\/\/www.manquecura.cl\/ciudad-del-este\/noticias\/programa-de-intercambio-aprendizaje-sin-fronteras-docente-de-nuestro-colegio-en-espana\/"},"wordCount":150,"commentCount":0,"publisher":{"@id":"https:\/\/www.manquecura.cl\/ciudad-del-este\/#organization"},"image":{"@id":"https:\/\/www.manquecura.cl\/ciudad-del-este\/noticias\/programa-de-intercambio-aprendizaje-sin-fronteras-docente-de-nuestro-colegio-en-espana\/#primaryimage"},"thumbnailUrl":"https:\/\/www.manquecura.cl\/ciudad-del-este\/wp-content\/uploads\/sites\/41\/2023\/01\/PROGRAMA-DE-INTERCAMBIO-1.jpg","articleSection":["Vida Escolar"],"inLanguage":"es","potentialAction":[{"@type":"CommentAction","name":"Comment","target":["https:\/\/www.manquecura.cl\/ciudad-del-este\/noticias\/programa-de-intercambio-aprendizaje-sin-fronteras-docente-de-nuestro-colegio-en-espana\/#respond"]}]},{"@type":"WebPage","@id":"https:\/\/www.manquecura.cl\/ciudad-del-este\/noticias\/programa-de-intercambio-aprendizaje-sin-fronteras-docente-de-nuestro-colegio-en-espana\/","url":"https:\/\/www.manquecura.cl\/ciudad-del-este\/noticias\/programa-de-intercambio-aprendizaje-sin-fronteras-docente-de-nuestro-colegio-en-espana\/","name":"Programa de Intercambio \u200bAprendizaje sin Fronteras: Docente de nuestro colegio en Espa\u00f1a - Colegio Manquecura Ciudad del Este","isPartOf":{"@id":"https:\/\/www.manquecura.cl\/ciudad-del-este\/#website"},"primaryImageOfPage":{"@id":"https:\/\/www.manquecura.cl\/ciudad-del-este\/noticias\/programa-de-intercambio-aprendizaje-sin-fronteras-docente-de-nuestro-colegio-en-espana\/#primaryimage"},"image":{"@id":"https:\/\/www.manquecura.cl\/ciudad-del-este\/noticias\/programa-de-intercambio-aprendizaje-sin-fronteras-docente-de-nuestro-colegio-en-espana\/#primaryimage"},"thumbnailUrl":"https:\/\/www.manquecura.cl\/ciudad-del-este\/wp-content\/uploads\/sites\/41\/2023\/01\/PROGRAMA-DE-INTERCAMBIO-1.jpg","datePublished":"2023-01-23T19:10:58+00:00","breadcrumb":{"@id":"https:\/\/www.manquecura.cl\/ciudad-del-este\/noticias\/programa-de-intercambio-aprendizaje-sin-fronteras-docente-de-nuestro-colegio-en-espana\/#breadcrumb"},"inLanguage":"es","potentialAction":[{"@type":"ReadAction","target":["https:\/\/www.manquecura.cl\/ciudad-del-este\/noticias\/programa-de-intercambio-aprendizaje-sin-fronteras-docente-de-nuestro-colegio-en-espana\/"]}]},{"@type":"ImageObject","inLanguage":"es","@id":"https:\/\/www.manquecura.cl\/ciudad-del-este\/noticias\/programa-de-intercambio-aprendizaje-sin-fronteras-docente-de-nuestro-colegio-en-espana\/#primaryimage","url":"https:\/\/www.manquecura.cl\/ciudad-del-este\/wp-content\/uploads\/sites\/41\/2023\/01\/PROGRAMA-DE-INTERCAMBIO-1.jpg","contentUrl":"https:\/\/www.manquecura.cl\/ciudad-del-este\/wp-content\/uploads\/sites\/41\/2023\/01\/PROGRAMA-DE-INTERCAMBIO-1.jpg","width":836,"height":523},{"@type":"BreadcrumbList","@id":"https:\/\/www.manquecura.cl\/ciudad-del-este\/noticias\/programa-de-intercambio-aprendizaje-sin-fronteras-docente-de-nuestro-colegio-en-espana\/#breadcrumb","itemListElement":[{"@type":"ListItem","position":1,"name":"Home","item":"https:\/\/www.manquecura.cl\/ciudad-del-este\/"},{"@type":"ListItem","position":2,"name":"Programa de Intercambio \u200bAprendizaje sin Fronteras: Docente de nuestro colegio en Espa\u00f1a"}]},{"@type":"WebSite","@id":"https:\/\/www.manquecura.cl\/ciudad-del-este\/#website","url":"https:\/\/www.manquecura.cl\/ciudad-del-este\/","name":"Colegio Manquecura Ciudad del Este","description":"","publisher":{"@id":"https:\/\/www.manquecura.cl\/ciudad-del-este\/#organization"},"potentialAction":[{"@type":"SearchAction","target":{"@type":"EntryPoint","urlTemplate":"https:\/\/www.manquecura.cl\/ciudad-del-este\/?s={search_term_string}"},"query-input":{"@type":"PropertyValueSpecification","valueRequired":true,"valueName":"search_term_string"}}],"inLanguage":"es"},{"@type":"Organization","@id":"https:\/\/www.manquecura.cl\/ciudad-del-este\/#organization","name":"Colegio Manquecura Ciudad del Este","url":"https:\/\/www.manquecura.cl\/ciudad-del-este\/","logo":{"@type":"ImageObject","inLanguage":"es","@id":"https:\/\/www.manquecura.cl\/ciudad-del-este\/#\/schema\/logo\/image\/","url":"https:\/\/www.manquecura.cl\/ciudad-del-este\/wp-content\/uploads\/sites\/41\/2023\/09\/logo_Manquecura_Ciudad-del-Este_horizontal_color-1.png","contentUrl":"https:\/\/www.manquecura.cl\/ciudad-del-este\/wp-content\/uploads\/sites\/41\/2023\/09\/logo_Manquecura_Ciudad-del-Este_horizontal_color-1.png","width":611,"height":183,"caption":"Colegio Manquecura Ciudad del Este"},"image":{"@id":"https:\/\/www.manquecura.cl\/ciudad-del-este\/#\/schema\/logo\/image\/"},"sameAs":["http:\/\/www.facebook.com\/ColegiosManquecura","http:\/\/www.instagram.com\/manquecura_ciudaddeleste\/","http:\/\/www.youtube.com\/c\/CognitaChile"]},{"@type":"Person","@id":"https:\/\/www.manquecura.cl\/ciudad-del-este\/#\/schema\/person\/0debeea140e397b5d490ee7e553255d8","name":"jorgedelcampo","image":{"@type":"ImageObject","inLanguage":"es","@id":"https:\/\/www.manquecura.cl\/ciudad-del-este\/#\/schema\/person\/image\/","url":"https:\/\/secure.gravatar.com\/avatar\/4a315f521213b2dc91dbda9bf799f711c8a98ab6f5606ec42cf5b33d1e762e8a?s=96&d=mm&r=g","contentUrl":"https:\/\/secure.gravatar.com\/avatar\/4a315f521213b2dc91dbda9bf799f711c8a98ab6f5606ec42cf5b33d1e762e8a?s=96&d=mm&r=g","caption":"jorgedelcampo"}}]}},"jetpack_featured_media_url":"https:\/\/www.manquecura.cl\/ciudad-del-este\/wp-content\/uploads\/sites\/41\/2023\/01\/PROGRAMA-DE-INTERCAMBIO-1.jpg","previous_post_ID":125633,"previous_post_title":"Entrevista a Puntaje M\u00e1ximo PAES 2022 de Manquecura Ciudad del Este","previous_post_excerpt":"Queremos invitarlos a ver la entrevista de nuestro ex alumno Generaci\u00f3n IV Medio 2022, Fernando Lemus Ram\u00edrez, quien obtuvo puntaje m\u00e1ximo en la PAES, Matem\u00e1tica. Hoy escuchamos su experiencia y percepciones obtenidas de sus resultados y crecimiento en nuestro colegio. Colegio Manquecura Ciudad del Este [multimedia id=&#8221;1&#8243;]","previous_post_link":"https:\/\/www.manquecura.cl\/ciudad-del-este\/noticias\/entrevista-a-puntaje-maximo-paes-2022-de-manquecura-ciudad-del-este\/","previous_post_class":["post-125633","post","type-post","status-publish","format-standard","has-post-thumbnail","hentry","category-vida-escolar"],"next_post_ID":125638,"next_post_title":"Cheerleaders en encuentro con Coronel Eleuterio Ram\u00edrez","next_post_excerpt":"Nuestra academia de Cheerleader particip\u00f3 del encuentro \u201cCheerleading\u201d del colegio CGER, ocasi\u00f3n en la que se dieron cita 7 equipos de distintos establecimientos. Nuestras alumnas recibieron medallas de participaci\u00f3n y un gran aplauso del p\u00fablico por su linda presentaci\u00f3n y gran trabajo que demuestra todo lo que aprendieron durante el 2022. Los apoderados adem\u00e1s participaron [&hellip;]","next_post_link":"https:\/\/www.manquecura.cl\/ciudad-del-este\/noticias\/cheerleaders-en-encuentro-con-coronel-eleuterio-ramirez\/","next_post_class":["post-125638","post","type-post","status-publish","format-standard","has-post-thumbnail","hentry","category-vida-escolar"],"jetpack_sharing_enabled":true,"_links":{"self":[{"href":"https:\/\/www.manquecura.cl\/ciudad-del-este\/wp-json\/wp\/v2\/posts\/125637","targetHints":{"allow":["GET"]}}],"collection":[{"href":"https:\/\/www.manquecura.cl\/ciudad-del-este\/wp-json\/wp\/v2\/posts"}],"about":[{"href":"https:\/\/www.manquecura.cl\/ciudad-del-este\/wp-json\/wp\/v2\/types\/post"}],"author":[{"embeddable":true,"href":"https:\/\/www.manquecura.cl\/ciudad-del-este\/wp-json\/wp\/v2\/users\/14"}],"replies":[{"embeddable":true,"href":"https:\/\/www.manquecura.cl\/ciudad-del-este\/wp-json\/wp\/v2\/comments?post=125637"}],"version-history":[{"count":0,"href":"https:\/\/www.manquecura.cl\/ciudad-del-este\/wp-json\/wp\/v2\/posts\/125637\/revisions"}],"wp:featuredmedia":[{"embeddable":true,"href":"https:\/\/www.manquecura.cl\/ciudad-del-este\/wp-json\/wp\/v2\/media\/21201"}],"wp:attachment":[{"href":"https:\/\/www.manquecura.cl\/ciudad-del-este\/wp-json\/wp\/v2\/media?parent=125637"}],"wp:term":[{"taxonomy":"category","embeddable":true,"href":"https:\/\/www.manquecura.cl\/ciudad-del-este\/wp-json\/wp\/v2\/categories?post=125637"},{"taxonomy":"post_tag","embeddable":true,"href":"https:\/\/www.manquecura.cl\/ciudad-del-este\/wp-json\/wp\/v2\/tags?post=125637"}],"curies":[{"name":"wp","href":"https:\/\/api.w.org\/{rel}","templated":true}]}}