{"id":125594,"date":"2022-11-07T17:23:09","date_gmt":"2022-11-07T20:23:09","guid":{"rendered":"https:\/\/www.manquecura.cl\/ciudad-del-este\/?p=20522"},"modified":"2022-11-07T17:23:09","modified_gmt":"2022-11-07T20:23:09","slug":"premiacion-y-cierre-campeonato-baby-futbol-colegio-manquecura-ciudad-del-este","status":"publish","type":"post","link":"https:\/\/www.manquecura.cl\/ciudad-del-este\/noticias\/premiacion-y-cierre-campeonato-baby-futbol-colegio-manquecura-ciudad-del-este\/","title":{"rendered":"Premiaci\u00f3n y cierre campeonato Baby F\u00fatbol Colegio Manquecura Ciudad del Este"},"content":{"rendered":"<p>Con gran emoci\u00f3n se efectu\u00f3 el cierre del Campeonato de Baby F\u00fatbol, organizado por los padres y apoderados de Manquecura Ciudad del Este para conmemorarlos 20 a\u00f1os de colegio.<\/p>\n<p>Sin lugar a dudas, cada uno de los encuentros cont\u00f3 con el mayor esfuerzo y participaci\u00f3n de cada uno de los equipos, premi\u00e1ndose siempre a los m\u00e1s destacados:<\/p>\n<ul>\n<li>VARONES: Kinder United<\/li>\n<li>DAMAS: Mam\u00e1 C\u00f3ndor<\/li>\n<\/ul>\n<p>Felicitaciones a todos los equipos y a cada ganador por hacer de este encuentro una oportunidad memorable de encuentro y deporte en comunidad.<\/p>\n<p style=\"text-align: center\"><strong>Colegio Manquecura Ciudad del Este<\/strong><\/p>\n<p>\u00a0[multimedia id=&#8221;1&#8243;]<\/p>\n"},"excerpt":{"rendered":"<p>Con gran emoci\u00f3n se efectu\u00f3 el cierre del Campeonato de Baby F\u00fatbol, organizado por los padres y apoderados de Manquecura Ciudad del Este para conmemorarlos 20 a\u00f1os de colegio. Sin lugar a dudas, cada uno de los encuentros cont\u00f3 con el mayor esfuerzo y participaci\u00f3n de cada uno de los equipos, premi\u00e1ndose siempre a los [&hellip;]<\/p>\n","protected":false},"author":14,"featured_media":20634,"comment_status":"open","ping_status":"open","sticky":false,"template":"","format":"standard","meta":{"_acf_changed":false,"content-type":"","_jetpack_memberships_contains_paid_content":false,"footnotes":""},"categories":[1],"tags":[],"class_list":["post-125594","post","type-post","status-publish","format-standard","has-post-thumbnail","hentry","category-vida-escolar"],"acf":[],"yoast_head":"<!-- This site is optimized with the Yoast SEO plugin v27.1.1 - https:\/\/yoast.com\/product\/yoast-seo-wordpress\/ -->\n<title>Premiaci\u00f3n y cierre campeonato Baby F\u00fatbol Colegio Manquecura Ciudad del Este - Colegio Manquecura Ciudad del Este<\/title>\n<meta name=\"robots\" content=\"index, follow, max-snippet:-1, max-image-preview:large, max-video-preview:-1\" \/>\n<link rel=\"canonical\" href=\"https:\/\/www.manquecura.cl\/ciudad-del-este\/noticias\/premiacion-y-cierre-campeonato-baby-futbol-colegio-manquecura-ciudad-del-este\/\" \/>\n<meta property=\"og:locale\" content=\"es_ES\" \/>\n<meta property=\"og:type\" content=\"article\" \/>\n<meta property=\"og:title\" content=\"Premiaci\u00f3n y cierre campeonato Baby F\u00fatbol Colegio Manquecura Ciudad del Este - Colegio Manquecura Ciudad del Este\" \/>\n<meta property=\"og:description\" content=\"Con gran emoci\u00f3n se efectu\u00f3 el cierre del Campeonato de Baby F\u00fatbol, organizado por los padres y apoderados de Manquecura Ciudad del Este para conmemorarlos 20 a\u00f1os de colegio. Sin lugar a dudas, cada uno de los encuentros cont\u00f3 con el mayor esfuerzo y participaci\u00f3n de cada uno de los equipos, premi\u00e1ndose siempre a los [&hellip;]\" \/>\n<meta property=\"og:url\" content=\"https:\/\/www.manquecura.cl\/ciudad-del-este\/noticias\/premiacion-y-cierre-campeonato-baby-futbol-colegio-manquecura-ciudad-del-este\/\" \/>\n<meta property=\"og:site_name\" content=\"Colegio Manquecura Ciudad del Este\" \/>\n<meta property=\"article:publisher\" content=\"http:\/\/www.facebook.com\/ColegiosManquecura\" \/>\n<meta property=\"article:published_time\" content=\"2022-11-07T20:23:09+00:00\" \/>\n<meta name=\"author\" content=\"jorgedelcampo\" \/>\n<meta name=\"twitter:card\" content=\"summary_large_image\" \/>\n<meta name=\"twitter:label1\" content=\"Escrito por\" \/>\n\t<meta name=\"twitter:data1\" content=\"jorgedelcampo\" \/>\n<script type=\"application\/ld+json\" class=\"yoast-schema-graph\">{\"@context\":\"https:\/\/schema.org\",\"@graph\":[{\"@type\":\"Article\",\"@id\":\"https:\/\/www.manquecura.cl\/ciudad-del-este\/noticias\/premiacion-y-cierre-campeonato-baby-futbol-colegio-manquecura-ciudad-del-este\/#article\",\"isPartOf\":{\"@id\":\"https:\/\/www.manquecura.cl\/ciudad-del-este\/noticias\/premiacion-y-cierre-campeonato-baby-futbol-colegio-manquecura-ciudad-del-este\/\"},\"author\":{\"name\":\"jorgedelcampo\",\"@id\":\"https:\/\/www.manquecura.cl\/ciudad-del-este\/#\/schema\/person\/0debeea140e397b5d490ee7e553255d8\"},\"headline\":\"Premiaci\u00f3n y cierre campeonato Baby F\u00fatbol Colegio Manquecura Ciudad del Este\",\"datePublished\":\"2022-11-07T20:23:09+00:00\",\"mainEntityOfPage\":{\"@id\":\"https:\/\/www.manquecura.cl\/ciudad-del-este\/noticias\/premiacion-y-cierre-campeonato-baby-futbol-colegio-manquecura-ciudad-del-este\/\"},\"wordCount\":112,\"commentCount\":0,\"publisher\":{\"@id\":\"https:\/\/www.manquecura.cl\/ciudad-del-este\/#organization\"},\"image\":{\"@id\":\"https:\/\/www.manquecura.cl\/ciudad-del-este\/noticias\/premiacion-y-cierre-campeonato-baby-futbol-colegio-manquecura-ciudad-del-este\/#primaryimage\"},\"thumbnailUrl\":\"https:\/\/www.manquecura.cl\/ciudad-del-este\/wp-content\/uploads\/sites\/41\/2022\/11\/campeonato-de-baby-manquecura-ciudad-del-este_10.jpg\",\"articleSection\":[\"Vida Escolar\"],\"inLanguage\":\"es\",\"potentialAction\":[{\"@type\":\"CommentAction\",\"name\":\"Comment\",\"target\":[\"https:\/\/www.manquecura.cl\/ciudad-del-este\/noticias\/premiacion-y-cierre-campeonato-baby-futbol-colegio-manquecura-ciudad-del-este\/#respond\"]}]},{\"@type\":\"WebPage\",\"@id\":\"https:\/\/www.manquecura.cl\/ciudad-del-este\/noticias\/premiacion-y-cierre-campeonato-baby-futbol-colegio-manquecura-ciudad-del-este\/\",\"url\":\"https:\/\/www.manquecura.cl\/ciudad-del-este\/noticias\/premiacion-y-cierre-campeonato-baby-futbol-colegio-manquecura-ciudad-del-este\/\",\"name\":\"Premiaci\u00f3n y cierre campeonato Baby F\u00fatbol Colegio Manquecura Ciudad del Este - Colegio Manquecura Ciudad del Este\",\"isPartOf\":{\"@id\":\"https:\/\/www.manquecura.cl\/ciudad-del-este\/#website\"},\"primaryImageOfPage\":{\"@id\":\"https:\/\/www.manquecura.cl\/ciudad-del-este\/noticias\/premiacion-y-cierre-campeonato-baby-futbol-colegio-manquecura-ciudad-del-este\/#primaryimage\"},\"image\":{\"@id\":\"https:\/\/www.manquecura.cl\/ciudad-del-este\/noticias\/premiacion-y-cierre-campeonato-baby-futbol-colegio-manquecura-ciudad-del-este\/#primaryimage\"},\"thumbnailUrl\":\"https:\/\/www.manquecura.cl\/ciudad-del-este\/wp-content\/uploads\/sites\/41\/2022\/11\/campeonato-de-baby-manquecura-ciudad-del-este_10.jpg\",\"datePublished\":\"2022-11-07T20:23:09+00:00\",\"breadcrumb\":{\"@id\":\"https:\/\/www.manquecura.cl\/ciudad-del-este\/noticias\/premiacion-y-cierre-campeonato-baby-futbol-colegio-manquecura-ciudad-del-este\/#breadcrumb\"},\"inLanguage\":\"es\",\"potentialAction\":[{\"@type\":\"ReadAction\",\"target\":[\"https:\/\/www.manquecura.cl\/ciudad-del-este\/noticias\/premiacion-y-cierre-campeonato-baby-futbol-colegio-manquecura-ciudad-del-este\/\"]}]},{\"@type\":\"ImageObject\",\"inLanguage\":\"es\",\"@id\":\"https:\/\/www.manquecura.cl\/ciudad-del-este\/noticias\/premiacion-y-cierre-campeonato-baby-futbol-colegio-manquecura-ciudad-del-este\/#primaryimage\",\"url\":\"https:\/\/www.manquecura.cl\/ciudad-del-este\/wp-content\/uploads\/sites\/41\/2022\/11\/campeonato-de-baby-manquecura-ciudad-del-este_10.jpg\",\"contentUrl\":\"https:\/\/www.manquecura.cl\/ciudad-del-este\/wp-content\/uploads\/sites\/41\/2022\/11\/campeonato-de-baby-manquecura-ciudad-del-este_10.jpg\",\"width\":836,\"height\":523},{\"@type\":\"BreadcrumbList\",\"@id\":\"https:\/\/www.manquecura.cl\/ciudad-del-este\/noticias\/premiacion-y-cierre-campeonato-baby-futbol-colegio-manquecura-ciudad-del-este\/#breadcrumb\",\"itemListElement\":[{\"@type\":\"ListItem\",\"position\":1,\"name\":\"Home\",\"item\":\"https:\/\/www.manquecura.cl\/ciudad-del-este\/\"},{\"@type\":\"ListItem\",\"position\":2,\"name\":\"Premiaci\u00f3n y cierre campeonato Baby F\u00fatbol Colegio Manquecura Ciudad del Este\"}]},{\"@type\":\"WebSite\",\"@id\":\"https:\/\/www.manquecura.cl\/ciudad-del-este\/#website\",\"url\":\"https:\/\/www.manquecura.cl\/ciudad-del-este\/\",\"name\":\"Colegio Manquecura Ciudad del Este\",\"description\":\"\",\"publisher\":{\"@id\":\"https:\/\/www.manquecura.cl\/ciudad-del-este\/#organization\"},\"potentialAction\":[{\"@type\":\"SearchAction\",\"target\":{\"@type\":\"EntryPoint\",\"urlTemplate\":\"https:\/\/www.manquecura.cl\/ciudad-del-este\/?s={search_term_string}\"},\"query-input\":{\"@type\":\"PropertyValueSpecification\",\"valueRequired\":true,\"valueName\":\"search_term_string\"}}],\"inLanguage\":\"es\"},{\"@type\":\"Organization\",\"@id\":\"https:\/\/www.manquecura.cl\/ciudad-del-este\/#organization\",\"name\":\"Colegio Manquecura Ciudad del Este\",\"url\":\"https:\/\/www.manquecura.cl\/ciudad-del-este\/\",\"logo\":{\"@type\":\"ImageObject\",\"inLanguage\":\"es\",\"@id\":\"https:\/\/www.manquecura.cl\/ciudad-del-este\/#\/schema\/logo\/image\/\",\"url\":\"https:\/\/www.manquecura.cl\/ciudad-del-este\/wp-content\/uploads\/sites\/41\/2023\/09\/logo_Manquecura_Ciudad-del-Este_horizontal_color-1.png\",\"contentUrl\":\"https:\/\/www.manquecura.cl\/ciudad-del-este\/wp-content\/uploads\/sites\/41\/2023\/09\/logo_Manquecura_Ciudad-del-Este_horizontal_color-1.png\",\"width\":611,\"height\":183,\"caption\":\"Colegio Manquecura Ciudad del Este\"},\"image\":{\"@id\":\"https:\/\/www.manquecura.cl\/ciudad-del-este\/#\/schema\/logo\/image\/\"},\"sameAs\":[\"http:\/\/www.facebook.com\/ColegiosManquecura\",\"http:\/\/www.instagram.com\/manquecura_ciudaddeleste\/\",\"http:\/\/www.youtube.com\/c\/CognitaChile\"]},{\"@type\":\"Person\",\"@id\":\"https:\/\/www.manquecura.cl\/ciudad-del-este\/#\/schema\/person\/0debeea140e397b5d490ee7e553255d8\",\"name\":\"jorgedelcampo\",\"image\":{\"@type\":\"ImageObject\",\"inLanguage\":\"es\",\"@id\":\"https:\/\/www.manquecura.cl\/ciudad-del-este\/#\/schema\/person\/image\/\",\"url\":\"https:\/\/secure.gravatar.com\/avatar\/4a315f521213b2dc91dbda9bf799f711c8a98ab6f5606ec42cf5b33d1e762e8a?s=96&d=mm&r=g\",\"contentUrl\":\"https:\/\/secure.gravatar.com\/avatar\/4a315f521213b2dc91dbda9bf799f711c8a98ab6f5606ec42cf5b33d1e762e8a?s=96&d=mm&r=g\",\"caption\":\"jorgedelcampo\"}}]}<\/script>\n<!-- \/ Yoast SEO plugin. -->","yoast_head_json":{"title":"Premiaci\u00f3n y cierre campeonato Baby F\u00fatbol Colegio Manquecura Ciudad del Este - Colegio Manquecura Ciudad del Este","robots":{"index":"index","follow":"follow","max-snippet":"max-snippet:-1","max-image-preview":"max-image-preview:large","max-video-preview":"max-video-preview:-1"},"canonical":"https:\/\/www.manquecura.cl\/ciudad-del-este\/noticias\/premiacion-y-cierre-campeonato-baby-futbol-colegio-manquecura-ciudad-del-este\/","og_locale":"es_ES","og_type":"article","og_title":"Premiaci\u00f3n y cierre campeonato Baby F\u00fatbol Colegio Manquecura Ciudad del Este - Colegio Manquecura Ciudad del Este","og_description":"Con gran emoci\u00f3n se efectu\u00f3 el cierre del Campeonato de Baby F\u00fatbol, organizado por los padres y apoderados de Manquecura Ciudad del Este para conmemorarlos 20 a\u00f1os de colegio. Sin lugar a dudas, cada uno de los encuentros cont\u00f3 con el mayor esfuerzo y participaci\u00f3n de cada uno de los equipos, premi\u00e1ndose siempre a los [&hellip;]","og_url":"https:\/\/www.manquecura.cl\/ciudad-del-este\/noticias\/premiacion-y-cierre-campeonato-baby-futbol-colegio-manquecura-ciudad-del-este\/","og_site_name":"Colegio Manquecura Ciudad del Este","article_publisher":"http:\/\/www.facebook.com\/ColegiosManquecura","article_published_time":"2022-11-07T20:23:09+00:00","author":"jorgedelcampo","twitter_card":"summary_large_image","twitter_misc":{"Escrito por":"jorgedelcampo"},"schema":{"@context":"https:\/\/schema.org","@graph":[{"@type":"Article","@id":"https:\/\/www.manquecura.cl\/ciudad-del-este\/noticias\/premiacion-y-cierre-campeonato-baby-futbol-colegio-manquecura-ciudad-del-este\/#article","isPartOf":{"@id":"https:\/\/www.manquecura.cl\/ciudad-del-este\/noticias\/premiacion-y-cierre-campeonato-baby-futbol-colegio-manquecura-ciudad-del-este\/"},"author":{"name":"jorgedelcampo","@id":"https:\/\/www.manquecura.cl\/ciudad-del-este\/#\/schema\/person\/0debeea140e397b5d490ee7e553255d8"},"headline":"Premiaci\u00f3n y cierre campeonato Baby F\u00fatbol Colegio Manquecura Ciudad del Este","datePublished":"2022-11-07T20:23:09+00:00","mainEntityOfPage":{"@id":"https:\/\/www.manquecura.cl\/ciudad-del-este\/noticias\/premiacion-y-cierre-campeonato-baby-futbol-colegio-manquecura-ciudad-del-este\/"},"wordCount":112,"commentCount":0,"publisher":{"@id":"https:\/\/www.manquecura.cl\/ciudad-del-este\/#organization"},"image":{"@id":"https:\/\/www.manquecura.cl\/ciudad-del-este\/noticias\/premiacion-y-cierre-campeonato-baby-futbol-colegio-manquecura-ciudad-del-este\/#primaryimage"},"thumbnailUrl":"https:\/\/www.manquecura.cl\/ciudad-del-este\/wp-content\/uploads\/sites\/41\/2022\/11\/campeonato-de-baby-manquecura-ciudad-del-este_10.jpg","articleSection":["Vida Escolar"],"inLanguage":"es","potentialAction":[{"@type":"CommentAction","name":"Comment","target":["https:\/\/www.manquecura.cl\/ciudad-del-este\/noticias\/premiacion-y-cierre-campeonato-baby-futbol-colegio-manquecura-ciudad-del-este\/#respond"]}]},{"@type":"WebPage","@id":"https:\/\/www.manquecura.cl\/ciudad-del-este\/noticias\/premiacion-y-cierre-campeonato-baby-futbol-colegio-manquecura-ciudad-del-este\/","url":"https:\/\/www.manquecura.cl\/ciudad-del-este\/noticias\/premiacion-y-cierre-campeonato-baby-futbol-colegio-manquecura-ciudad-del-este\/","name":"Premiaci\u00f3n y cierre campeonato Baby F\u00fatbol Colegio Manquecura Ciudad del Este - Colegio Manquecura Ciudad del Este","isPartOf":{"@id":"https:\/\/www.manquecura.cl\/ciudad-del-este\/#website"},"primaryImageOfPage":{"@id":"https:\/\/www.manquecura.cl\/ciudad-del-este\/noticias\/premiacion-y-cierre-campeonato-baby-futbol-colegio-manquecura-ciudad-del-este\/#primaryimage"},"image":{"@id":"https:\/\/www.manquecura.cl\/ciudad-del-este\/noticias\/premiacion-y-cierre-campeonato-baby-futbol-colegio-manquecura-ciudad-del-este\/#primaryimage"},"thumbnailUrl":"https:\/\/www.manquecura.cl\/ciudad-del-este\/wp-content\/uploads\/sites\/41\/2022\/11\/campeonato-de-baby-manquecura-ciudad-del-este_10.jpg","datePublished":"2022-11-07T20:23:09+00:00","breadcrumb":{"@id":"https:\/\/www.manquecura.cl\/ciudad-del-este\/noticias\/premiacion-y-cierre-campeonato-baby-futbol-colegio-manquecura-ciudad-del-este\/#breadcrumb"},"inLanguage":"es","potentialAction":[{"@type":"ReadAction","target":["https:\/\/www.manquecura.cl\/ciudad-del-este\/noticias\/premiacion-y-cierre-campeonato-baby-futbol-colegio-manquecura-ciudad-del-este\/"]}]},{"@type":"ImageObject","inLanguage":"es","@id":"https:\/\/www.manquecura.cl\/ciudad-del-este\/noticias\/premiacion-y-cierre-campeonato-baby-futbol-colegio-manquecura-ciudad-del-este\/#primaryimage","url":"https:\/\/www.manquecura.cl\/ciudad-del-este\/wp-content\/uploads\/sites\/41\/2022\/11\/campeonato-de-baby-manquecura-ciudad-del-este_10.jpg","contentUrl":"https:\/\/www.manquecura.cl\/ciudad-del-este\/wp-content\/uploads\/sites\/41\/2022\/11\/campeonato-de-baby-manquecura-ciudad-del-este_10.jpg","width":836,"height":523},{"@type":"BreadcrumbList","@id":"https:\/\/www.manquecura.cl\/ciudad-del-este\/noticias\/premiacion-y-cierre-campeonato-baby-futbol-colegio-manquecura-ciudad-del-este\/#breadcrumb","itemListElement":[{"@type":"ListItem","position":1,"name":"Home","item":"https:\/\/www.manquecura.cl\/ciudad-del-este\/"},{"@type":"ListItem","position":2,"name":"Premiaci\u00f3n y cierre campeonato Baby F\u00fatbol Colegio Manquecura Ciudad del Este"}]},{"@type":"WebSite","@id":"https:\/\/www.manquecura.cl\/ciudad-del-este\/#website","url":"https:\/\/www.manquecura.cl\/ciudad-del-este\/","name":"Colegio Manquecura Ciudad del Este","description":"","publisher":{"@id":"https:\/\/www.manquecura.cl\/ciudad-del-este\/#organization"},"potentialAction":[{"@type":"SearchAction","target":{"@type":"EntryPoint","urlTemplate":"https:\/\/www.manquecura.cl\/ciudad-del-este\/?s={search_term_string}"},"query-input":{"@type":"PropertyValueSpecification","valueRequired":true,"valueName":"search_term_string"}}],"inLanguage":"es"},{"@type":"Organization","@id":"https:\/\/www.manquecura.cl\/ciudad-del-este\/#organization","name":"Colegio Manquecura Ciudad del Este","url":"https:\/\/www.manquecura.cl\/ciudad-del-este\/","logo":{"@type":"ImageObject","inLanguage":"es","@id":"https:\/\/www.manquecura.cl\/ciudad-del-este\/#\/schema\/logo\/image\/","url":"https:\/\/www.manquecura.cl\/ciudad-del-este\/wp-content\/uploads\/sites\/41\/2023\/09\/logo_Manquecura_Ciudad-del-Este_horizontal_color-1.png","contentUrl":"https:\/\/www.manquecura.cl\/ciudad-del-este\/wp-content\/uploads\/sites\/41\/2023\/09\/logo_Manquecura_Ciudad-del-Este_horizontal_color-1.png","width":611,"height":183,"caption":"Colegio Manquecura Ciudad del Este"},"image":{"@id":"https:\/\/www.manquecura.cl\/ciudad-del-este\/#\/schema\/logo\/image\/"},"sameAs":["http:\/\/www.facebook.com\/ColegiosManquecura","http:\/\/www.instagram.com\/manquecura_ciudaddeleste\/","http:\/\/www.youtube.com\/c\/CognitaChile"]},{"@type":"Person","@id":"https:\/\/www.manquecura.cl\/ciudad-del-este\/#\/schema\/person\/0debeea140e397b5d490ee7e553255d8","name":"jorgedelcampo","image":{"@type":"ImageObject","inLanguage":"es","@id":"https:\/\/www.manquecura.cl\/ciudad-del-este\/#\/schema\/person\/image\/","url":"https:\/\/secure.gravatar.com\/avatar\/4a315f521213b2dc91dbda9bf799f711c8a98ab6f5606ec42cf5b33d1e762e8a?s=96&d=mm&r=g","contentUrl":"https:\/\/secure.gravatar.com\/avatar\/4a315f521213b2dc91dbda9bf799f711c8a98ab6f5606ec42cf5b33d1e762e8a?s=96&d=mm&r=g","caption":"jorgedelcampo"}}]}},"jetpack_featured_media_url":"https:\/\/www.manquecura.cl\/ciudad-del-este\/wp-content\/uploads\/sites\/41\/2022\/11\/campeonato-de-baby-manquecura-ciudad-del-este_10.jpg","previous_post_ID":125593,"previous_post_title":"Learning without borders","previous_post_excerpt":"Como parte de las actividades del programa Learning Without Borders (LWB) o Aprendizaje sin Fronteras, que despu\u00e9s de dos a\u00f1os de pandemia vuelve a realizarse en los colegios Cognita Chile, todos los docentes seleccionados, participaron de un desayuno que les permiti\u00f3 profundizar acerca de las actividades que realizar\u00e1n y los colegios donde viajar\u00e1n. El programa [&hellip;]","previous_post_link":"https:\/\/www.manquecura.cl\/ciudad-del-este\/noticias\/learning-without-borders\/","previous_post_class":["post-125593","post","type-post","status-publish","format-standard","has-post-thumbnail","hentry","category-vida-escolar"],"next_post_ID":125595,"next_post_title":"Comunicamos sensible fallecimiento y duelo de nuestro colegio","next_post_excerpt":"Con profundo pesar, comunicamos el sensible fallecimiento de nuestra\u00a0querida\u00a0alumna Javiera Charm\u00edn Rojas,\u00a0perteneciente al 2do B\u00e1sico C, sucedido el d\u00eda de hoy,\u00a0mi\u00e9rcoles 09 de noviembre de 2022. Informaremos prontamente, por esta misma v\u00eda, los antecedentes de su funeral. Nuestra instituci\u00f3n se suma al dolor de su familia, en especial al de sus padres y de sus [&hellip;]","next_post_link":"https:\/\/www.manquecura.cl\/ciudad-del-este\/noticias\/comunicamos-sensible-fallecimiento-y-duelo-de-nuestro-colegio\/","next_post_class":["post-125595","post","type-post","status-publish","format-standard","has-post-thumbnail","hentry","category-vida-escolar"],"jetpack_sharing_enabled":true,"_links":{"self":[{"href":"https:\/\/www.manquecura.cl\/ciudad-del-este\/wp-json\/wp\/v2\/posts\/125594","targetHints":{"allow":["GET"]}}],"collection":[{"href":"https:\/\/www.manquecura.cl\/ciudad-del-este\/wp-json\/wp\/v2\/posts"}],"about":[{"href":"https:\/\/www.manquecura.cl\/ciudad-del-este\/wp-json\/wp\/v2\/types\/post"}],"author":[{"embeddable":true,"href":"https:\/\/www.manquecura.cl\/ciudad-del-este\/wp-json\/wp\/v2\/users\/14"}],"replies":[{"embeddable":true,"href":"https:\/\/www.manquecura.cl\/ciudad-del-este\/wp-json\/wp\/v2\/comments?post=125594"}],"version-history":[{"count":0,"href":"https:\/\/www.manquecura.cl\/ciudad-del-este\/wp-json\/wp\/v2\/posts\/125594\/revisions"}],"wp:featuredmedia":[{"embeddable":true,"href":"https:\/\/www.manquecura.cl\/ciudad-del-este\/wp-json\/wp\/v2\/media\/20634"}],"wp:attachment":[{"href":"https:\/\/www.manquecura.cl\/ciudad-del-este\/wp-json\/wp\/v2\/media?parent=125594"}],"wp:term":[{"taxonomy":"category","embeddable":true,"href":"https:\/\/www.manquecura.cl\/ciudad-del-este\/wp-json\/wp\/v2\/categories?post=125594"},{"taxonomy":"post_tag","embeddable":true,"href":"https:\/\/www.manquecura.cl\/ciudad-del-este\/wp-json\/wp\/v2\/tags?post=125594"}],"curies":[{"name":"wp","href":"https:\/\/api.w.org\/{rel}","templated":true}]}}