{"id":125591,"date":"2022-11-03T13:04:28","date_gmt":"2022-11-03T16:04:28","guid":{"rendered":"https:\/\/www.manquecura.cl\/ciudad-del-este\/?p=20498"},"modified":"2022-11-03T13:04:28","modified_gmt":"2022-11-03T16:04:28","slug":"equipo-de-robotica-de-cde-clasificado-para-las-competencias-nacionales","status":"publish","type":"post","link":"https:\/\/www.manquecura.cl\/ciudad-del-este\/noticias\/equipo-de-robotica-de-cde-clasificado-para-las-competencias-nacionales\/","title":{"rendered":"Equipo de Rob\u00f3tica de CDE clasifica para las competencias nacionales"},"content":{"rendered":"<p>Estamos muy orgullosos del incre\u00edble desempe\u00f1o de nuestros <strong>equipos de Rob\u00f3tica,<\/strong> quienes el s\u00e1bado 29 de octubre participaron de la <strong>First Lego League Challenge<\/strong>, obteniendo el 4to lugar, lo que les permiti\u00f3<strong> clasificar en las competencias nacionales.<\/strong><\/p>\n<p>En esta oportunidad, hubo m\u00e1s de 30 equipos de estudiantes del pa\u00eds, siendo una versi\u00f3n desarrollada de manera online, y que seleccion\u00f3 a los que participar\u00e1n presencialmente en las competencias nacionales, evento a realizarse el s\u00e1bado 3 de diciembre en Calle Larga, de Los Andes.<\/p>\n<p>Nuestros equipos de Rob\u00f3tica est\u00e1n conformados por alumnos desde 7mo B\u00e1sico hasta II Medio, quienes se re\u00fanen una vez a la semana con nuestro Jefe de Departamento de Ciencias, y profesor de F\u00edsica y Rob\u00f3tica, Mauricio Mu\u00f1oz Calder\u00f3n.<\/p>\n<p>La First Lego League involucra a los j\u00f3venes en la exploraci\u00f3n de las herramientas STEAM, mediante competencia y trabajo en equipo. El t\u00e9rmino STEAM (sigla en ingl\u00e9s por science, technology, engineering, arts and maths), es una plataforma de videojuego y modelo de aprendizaje interactivo y constructivista, que se basa en el trabajo colaborativo y el desarrollo de proyectos.<\/p>\n<p>La tem\u00e1tica de las competencias es SUPER POWERED, y se enmarca en la utilizaci\u00f3n de los diferentes tipos de energ\u00edas que se utilizan actualmente en el mundo, todo aplicado a los robots lego, con desaf\u00edos enfocados a trabajar con energ\u00edas limpias y f\u00f3siles. Los alumnos desarrollan desaf\u00edos con proyectos de innovaci\u00f3n con estas energ\u00edas, para incentivar la investigaci\u00f3n, la utilizaci\u00f3n de asesor\u00edas cient\u00edficas y bibliogr\u00e1ficas, que les permitan innovar en sus proyectos que utilizar\u00e1n en cada uno de los hitos de las competencias.<\/p>\n<p>Nuestros alumnos utilizaron en su desaf\u00edo la <strong>energ\u00eda mareomotriz<\/strong>, obteniendo ventajosos tiempos, que les permitieron cumplir los hitos de la competencia para as\u00ed dirigirse directamente a las nacionales.<\/p>\n<p>\u00a1Estaremos atentos al s\u00e1bado 3 diciembre! \u00a1Felicitaciones por todo lo logrado!<\/p>\n<p style=\"text-align: center\"><strong>Colegio Manquecura Ciudad del Este<\/strong><\/p>\n<p>[multimedia id=&#8221;1&#8243;]<\/p>\n"},"excerpt":{"rendered":"<p>Estamos muy orgullosos del incre\u00edble desempe\u00f1o de nuestros equipos de Rob\u00f3tica, quienes el s\u00e1bado 29 de octubre participaron de la First Lego League Challenge, obteniendo el 4to lugar, lo que les permiti\u00f3 clasificar en las competencias nacionales. En esta oportunidad, hubo m\u00e1s de 30 equipos de estudiantes del pa\u00eds, siendo una versi\u00f3n desarrollada de manera [&hellip;]<\/p>\n","protected":false},"author":14,"featured_media":20605,"comment_status":"open","ping_status":"open","sticky":false,"template":"","format":"standard","meta":{"_acf_changed":false,"content-type":"","_jetpack_memberships_contains_paid_content":false,"footnotes":""},"categories":[1],"tags":[],"class_list":["post-125591","post","type-post","status-publish","format-standard","has-post-thumbnail","hentry","category-vida-escolar"],"acf":[],"yoast_head":"<!-- This site is optimized with the Yoast SEO plugin v27.1.1 - https:\/\/yoast.com\/product\/yoast-seo-wordpress\/ -->\n<title>Equipo de Rob\u00f3tica de CDE clasifica para las competencias nacionales - Colegio Manquecura Ciudad del Este<\/title>\n<meta name=\"robots\" content=\"index, follow, max-snippet:-1, max-image-preview:large, max-video-preview:-1\" \/>\n<link rel=\"canonical\" href=\"https:\/\/www.manquecura.cl\/ciudad-del-este\/noticias\/equipo-de-robotica-de-cde-clasificado-para-las-competencias-nacionales\/\" \/>\n<meta property=\"og:locale\" content=\"es_ES\" \/>\n<meta property=\"og:type\" content=\"article\" \/>\n<meta property=\"og:title\" content=\"Equipo de Rob\u00f3tica de CDE clasifica para las competencias nacionales - Colegio Manquecura Ciudad del Este\" \/>\n<meta property=\"og:description\" content=\"Estamos muy orgullosos del incre\u00edble desempe\u00f1o de nuestros equipos de Rob\u00f3tica, quienes el s\u00e1bado 29 de octubre participaron de la First Lego League Challenge, obteniendo el 4to lugar, lo que les permiti\u00f3 clasificar en las competencias nacionales. En esta oportunidad, hubo m\u00e1s de 30 equipos de estudiantes del pa\u00eds, siendo una versi\u00f3n desarrollada de manera [&hellip;]\" \/>\n<meta property=\"og:url\" content=\"https:\/\/www.manquecura.cl\/ciudad-del-este\/noticias\/equipo-de-robotica-de-cde-clasificado-para-las-competencias-nacionales\/\" \/>\n<meta property=\"og:site_name\" content=\"Colegio Manquecura Ciudad del Este\" \/>\n<meta property=\"article:publisher\" content=\"http:\/\/www.facebook.com\/ColegiosManquecura\" \/>\n<meta property=\"article:published_time\" content=\"2022-11-03T16:04:28+00:00\" \/>\n<meta name=\"author\" content=\"jorgedelcampo\" \/>\n<meta name=\"twitter:card\" content=\"summary_large_image\" \/>\n<meta name=\"twitter:label1\" content=\"Escrito por\" \/>\n\t<meta name=\"twitter:data1\" content=\"jorgedelcampo\" \/>\n\t<meta name=\"twitter:label2\" content=\"Tiempo de lectura\" \/>\n\t<meta name=\"twitter:data2\" content=\"2 minutos\" \/>\n<script type=\"application\/ld+json\" class=\"yoast-schema-graph\">{\"@context\":\"https:\/\/schema.org\",\"@graph\":[{\"@type\":\"Article\",\"@id\":\"https:\/\/www.manquecura.cl\/ciudad-del-este\/noticias\/equipo-de-robotica-de-cde-clasificado-para-las-competencias-nacionales\/#article\",\"isPartOf\":{\"@id\":\"https:\/\/www.manquecura.cl\/ciudad-del-este\/noticias\/equipo-de-robotica-de-cde-clasificado-para-las-competencias-nacionales\/\"},\"author\":{\"name\":\"jorgedelcampo\",\"@id\":\"https:\/\/www.manquecura.cl\/ciudad-del-este\/#\/schema\/person\/0debeea140e397b5d490ee7e553255d8\"},\"headline\":\"Equipo de Rob\u00f3tica de CDE clasifica para las competencias nacionales\",\"datePublished\":\"2022-11-03T16:04:28+00:00\",\"mainEntityOfPage\":{\"@id\":\"https:\/\/www.manquecura.cl\/ciudad-del-este\/noticias\/equipo-de-robotica-de-cde-clasificado-para-las-competencias-nacionales\/\"},\"wordCount\":353,\"commentCount\":0,\"publisher\":{\"@id\":\"https:\/\/www.manquecura.cl\/ciudad-del-este\/#organization\"},\"image\":{\"@id\":\"https:\/\/www.manquecura.cl\/ciudad-del-este\/noticias\/equipo-de-robotica-de-cde-clasificado-para-las-competencias-nacionales\/#primaryimage\"},\"thumbnailUrl\":\"https:\/\/www.manquecura.cl\/ciudad-del-este\/wp-content\/uploads\/sites\/41\/2022\/11\/first-lego-league-robotica-manquecura-ciudad-del-este_-1-1.jpg\",\"articleSection\":[\"Vida Escolar\"],\"inLanguage\":\"es\",\"potentialAction\":[{\"@type\":\"CommentAction\",\"name\":\"Comment\",\"target\":[\"https:\/\/www.manquecura.cl\/ciudad-del-este\/noticias\/equipo-de-robotica-de-cde-clasificado-para-las-competencias-nacionales\/#respond\"]}]},{\"@type\":\"WebPage\",\"@id\":\"https:\/\/www.manquecura.cl\/ciudad-del-este\/noticias\/equipo-de-robotica-de-cde-clasificado-para-las-competencias-nacionales\/\",\"url\":\"https:\/\/www.manquecura.cl\/ciudad-del-este\/noticias\/equipo-de-robotica-de-cde-clasificado-para-las-competencias-nacionales\/\",\"name\":\"Equipo de Rob\u00f3tica de CDE clasifica para las competencias nacionales - Colegio Manquecura Ciudad del Este\",\"isPartOf\":{\"@id\":\"https:\/\/www.manquecura.cl\/ciudad-del-este\/#website\"},\"primaryImageOfPage\":{\"@id\":\"https:\/\/www.manquecura.cl\/ciudad-del-este\/noticias\/equipo-de-robotica-de-cde-clasificado-para-las-competencias-nacionales\/#primaryimage\"},\"image\":{\"@id\":\"https:\/\/www.manquecura.cl\/ciudad-del-este\/noticias\/equipo-de-robotica-de-cde-clasificado-para-las-competencias-nacionales\/#primaryimage\"},\"thumbnailUrl\":\"https:\/\/www.manquecura.cl\/ciudad-del-este\/wp-content\/uploads\/sites\/41\/2022\/11\/first-lego-league-robotica-manquecura-ciudad-del-este_-1-1.jpg\",\"datePublished\":\"2022-11-03T16:04:28+00:00\",\"breadcrumb\":{\"@id\":\"https:\/\/www.manquecura.cl\/ciudad-del-este\/noticias\/equipo-de-robotica-de-cde-clasificado-para-las-competencias-nacionales\/#breadcrumb\"},\"inLanguage\":\"es\",\"potentialAction\":[{\"@type\":\"ReadAction\",\"target\":[\"https:\/\/www.manquecura.cl\/ciudad-del-este\/noticias\/equipo-de-robotica-de-cde-clasificado-para-las-competencias-nacionales\/\"]}]},{\"@type\":\"ImageObject\",\"inLanguage\":\"es\",\"@id\":\"https:\/\/www.manquecura.cl\/ciudad-del-este\/noticias\/equipo-de-robotica-de-cde-clasificado-para-las-competencias-nacionales\/#primaryimage\",\"url\":\"https:\/\/www.manquecura.cl\/ciudad-del-este\/wp-content\/uploads\/sites\/41\/2022\/11\/first-lego-league-robotica-manquecura-ciudad-del-este_-1-1.jpg\",\"contentUrl\":\"https:\/\/www.manquecura.cl\/ciudad-del-este\/wp-content\/uploads\/sites\/41\/2022\/11\/first-lego-league-robotica-manquecura-ciudad-del-este_-1-1.jpg\",\"width\":836,\"height\":523},{\"@type\":\"BreadcrumbList\",\"@id\":\"https:\/\/www.manquecura.cl\/ciudad-del-este\/noticias\/equipo-de-robotica-de-cde-clasificado-para-las-competencias-nacionales\/#breadcrumb\",\"itemListElement\":[{\"@type\":\"ListItem\",\"position\":1,\"name\":\"Home\",\"item\":\"https:\/\/www.manquecura.cl\/ciudad-del-este\/\"},{\"@type\":\"ListItem\",\"position\":2,\"name\":\"Equipo de Rob\u00f3tica de CDE clasifica para las competencias nacionales\"}]},{\"@type\":\"WebSite\",\"@id\":\"https:\/\/www.manquecura.cl\/ciudad-del-este\/#website\",\"url\":\"https:\/\/www.manquecura.cl\/ciudad-del-este\/\",\"name\":\"Colegio Manquecura Ciudad del Este\",\"description\":\"\",\"publisher\":{\"@id\":\"https:\/\/www.manquecura.cl\/ciudad-del-este\/#organization\"},\"potentialAction\":[{\"@type\":\"SearchAction\",\"target\":{\"@type\":\"EntryPoint\",\"urlTemplate\":\"https:\/\/www.manquecura.cl\/ciudad-del-este\/?s={search_term_string}\"},\"query-input\":{\"@type\":\"PropertyValueSpecification\",\"valueRequired\":true,\"valueName\":\"search_term_string\"}}],\"inLanguage\":\"es\"},{\"@type\":\"Organization\",\"@id\":\"https:\/\/www.manquecura.cl\/ciudad-del-este\/#organization\",\"name\":\"Colegio Manquecura Ciudad del Este\",\"url\":\"https:\/\/www.manquecura.cl\/ciudad-del-este\/\",\"logo\":{\"@type\":\"ImageObject\",\"inLanguage\":\"es\",\"@id\":\"https:\/\/www.manquecura.cl\/ciudad-del-este\/#\/schema\/logo\/image\/\",\"url\":\"https:\/\/www.manquecura.cl\/ciudad-del-este\/wp-content\/uploads\/sites\/41\/2023\/09\/logo_Manquecura_Ciudad-del-Este_horizontal_color-1.png\",\"contentUrl\":\"https:\/\/www.manquecura.cl\/ciudad-del-este\/wp-content\/uploads\/sites\/41\/2023\/09\/logo_Manquecura_Ciudad-del-Este_horizontal_color-1.png\",\"width\":611,\"height\":183,\"caption\":\"Colegio Manquecura Ciudad del Este\"},\"image\":{\"@id\":\"https:\/\/www.manquecura.cl\/ciudad-del-este\/#\/schema\/logo\/image\/\"},\"sameAs\":[\"http:\/\/www.facebook.com\/ColegiosManquecura\",\"http:\/\/www.instagram.com\/manquecura_ciudaddeleste\/\",\"http:\/\/www.youtube.com\/c\/CognitaChile\"]},{\"@type\":\"Person\",\"@id\":\"https:\/\/www.manquecura.cl\/ciudad-del-este\/#\/schema\/person\/0debeea140e397b5d490ee7e553255d8\",\"name\":\"jorgedelcampo\",\"image\":{\"@type\":\"ImageObject\",\"inLanguage\":\"es\",\"@id\":\"https:\/\/www.manquecura.cl\/ciudad-del-este\/#\/schema\/person\/image\/\",\"url\":\"https:\/\/secure.gravatar.com\/avatar\/4a315f521213b2dc91dbda9bf799f711c8a98ab6f5606ec42cf5b33d1e762e8a?s=96&d=mm&r=g\",\"contentUrl\":\"https:\/\/secure.gravatar.com\/avatar\/4a315f521213b2dc91dbda9bf799f711c8a98ab6f5606ec42cf5b33d1e762e8a?s=96&d=mm&r=g\",\"caption\":\"jorgedelcampo\"}}]}<\/script>\n<!-- \/ Yoast SEO plugin. -->","yoast_head_json":{"title":"Equipo de Rob\u00f3tica de CDE clasifica para las competencias nacionales - Colegio Manquecura Ciudad del Este","robots":{"index":"index","follow":"follow","max-snippet":"max-snippet:-1","max-image-preview":"max-image-preview:large","max-video-preview":"max-video-preview:-1"},"canonical":"https:\/\/www.manquecura.cl\/ciudad-del-este\/noticias\/equipo-de-robotica-de-cde-clasificado-para-las-competencias-nacionales\/","og_locale":"es_ES","og_type":"article","og_title":"Equipo de Rob\u00f3tica de CDE clasifica para las competencias nacionales - Colegio Manquecura Ciudad del Este","og_description":"Estamos muy orgullosos del incre\u00edble desempe\u00f1o de nuestros equipos de Rob\u00f3tica, quienes el s\u00e1bado 29 de octubre participaron de la First Lego League Challenge, obteniendo el 4to lugar, lo que les permiti\u00f3 clasificar en las competencias nacionales. En esta oportunidad, hubo m\u00e1s de 30 equipos de estudiantes del pa\u00eds, siendo una versi\u00f3n desarrollada de manera [&hellip;]","og_url":"https:\/\/www.manquecura.cl\/ciudad-del-este\/noticias\/equipo-de-robotica-de-cde-clasificado-para-las-competencias-nacionales\/","og_site_name":"Colegio Manquecura Ciudad del Este","article_publisher":"http:\/\/www.facebook.com\/ColegiosManquecura","article_published_time":"2022-11-03T16:04:28+00:00","author":"jorgedelcampo","twitter_card":"summary_large_image","twitter_misc":{"Escrito por":"jorgedelcampo","Tiempo de lectura":"2 minutos"},"schema":{"@context":"https:\/\/schema.org","@graph":[{"@type":"Article","@id":"https:\/\/www.manquecura.cl\/ciudad-del-este\/noticias\/equipo-de-robotica-de-cde-clasificado-para-las-competencias-nacionales\/#article","isPartOf":{"@id":"https:\/\/www.manquecura.cl\/ciudad-del-este\/noticias\/equipo-de-robotica-de-cde-clasificado-para-las-competencias-nacionales\/"},"author":{"name":"jorgedelcampo","@id":"https:\/\/www.manquecura.cl\/ciudad-del-este\/#\/schema\/person\/0debeea140e397b5d490ee7e553255d8"},"headline":"Equipo de Rob\u00f3tica de CDE clasifica para las competencias nacionales","datePublished":"2022-11-03T16:04:28+00:00","mainEntityOfPage":{"@id":"https:\/\/www.manquecura.cl\/ciudad-del-este\/noticias\/equipo-de-robotica-de-cde-clasificado-para-las-competencias-nacionales\/"},"wordCount":353,"commentCount":0,"publisher":{"@id":"https:\/\/www.manquecura.cl\/ciudad-del-este\/#organization"},"image":{"@id":"https:\/\/www.manquecura.cl\/ciudad-del-este\/noticias\/equipo-de-robotica-de-cde-clasificado-para-las-competencias-nacionales\/#primaryimage"},"thumbnailUrl":"https:\/\/www.manquecura.cl\/ciudad-del-este\/wp-content\/uploads\/sites\/41\/2022\/11\/first-lego-league-robotica-manquecura-ciudad-del-este_-1-1.jpg","articleSection":["Vida Escolar"],"inLanguage":"es","potentialAction":[{"@type":"CommentAction","name":"Comment","target":["https:\/\/www.manquecura.cl\/ciudad-del-este\/noticias\/equipo-de-robotica-de-cde-clasificado-para-las-competencias-nacionales\/#respond"]}]},{"@type":"WebPage","@id":"https:\/\/www.manquecura.cl\/ciudad-del-este\/noticias\/equipo-de-robotica-de-cde-clasificado-para-las-competencias-nacionales\/","url":"https:\/\/www.manquecura.cl\/ciudad-del-este\/noticias\/equipo-de-robotica-de-cde-clasificado-para-las-competencias-nacionales\/","name":"Equipo de Rob\u00f3tica de CDE clasifica para las competencias nacionales - Colegio Manquecura Ciudad del Este","isPartOf":{"@id":"https:\/\/www.manquecura.cl\/ciudad-del-este\/#website"},"primaryImageOfPage":{"@id":"https:\/\/www.manquecura.cl\/ciudad-del-este\/noticias\/equipo-de-robotica-de-cde-clasificado-para-las-competencias-nacionales\/#primaryimage"},"image":{"@id":"https:\/\/www.manquecura.cl\/ciudad-del-este\/noticias\/equipo-de-robotica-de-cde-clasificado-para-las-competencias-nacionales\/#primaryimage"},"thumbnailUrl":"https:\/\/www.manquecura.cl\/ciudad-del-este\/wp-content\/uploads\/sites\/41\/2022\/11\/first-lego-league-robotica-manquecura-ciudad-del-este_-1-1.jpg","datePublished":"2022-11-03T16:04:28+00:00","breadcrumb":{"@id":"https:\/\/www.manquecura.cl\/ciudad-del-este\/noticias\/equipo-de-robotica-de-cde-clasificado-para-las-competencias-nacionales\/#breadcrumb"},"inLanguage":"es","potentialAction":[{"@type":"ReadAction","target":["https:\/\/www.manquecura.cl\/ciudad-del-este\/noticias\/equipo-de-robotica-de-cde-clasificado-para-las-competencias-nacionales\/"]}]},{"@type":"ImageObject","inLanguage":"es","@id":"https:\/\/www.manquecura.cl\/ciudad-del-este\/noticias\/equipo-de-robotica-de-cde-clasificado-para-las-competencias-nacionales\/#primaryimage","url":"https:\/\/www.manquecura.cl\/ciudad-del-este\/wp-content\/uploads\/sites\/41\/2022\/11\/first-lego-league-robotica-manquecura-ciudad-del-este_-1-1.jpg","contentUrl":"https:\/\/www.manquecura.cl\/ciudad-del-este\/wp-content\/uploads\/sites\/41\/2022\/11\/first-lego-league-robotica-manquecura-ciudad-del-este_-1-1.jpg","width":836,"height":523},{"@type":"BreadcrumbList","@id":"https:\/\/www.manquecura.cl\/ciudad-del-este\/noticias\/equipo-de-robotica-de-cde-clasificado-para-las-competencias-nacionales\/#breadcrumb","itemListElement":[{"@type":"ListItem","position":1,"name":"Home","item":"https:\/\/www.manquecura.cl\/ciudad-del-este\/"},{"@type":"ListItem","position":2,"name":"Equipo de Rob\u00f3tica de CDE clasifica para las competencias nacionales"}]},{"@type":"WebSite","@id":"https:\/\/www.manquecura.cl\/ciudad-del-este\/#website","url":"https:\/\/www.manquecura.cl\/ciudad-del-este\/","name":"Colegio Manquecura Ciudad del Este","description":"","publisher":{"@id":"https:\/\/www.manquecura.cl\/ciudad-del-este\/#organization"},"potentialAction":[{"@type":"SearchAction","target":{"@type":"EntryPoint","urlTemplate":"https:\/\/www.manquecura.cl\/ciudad-del-este\/?s={search_term_string}"},"query-input":{"@type":"PropertyValueSpecification","valueRequired":true,"valueName":"search_term_string"}}],"inLanguage":"es"},{"@type":"Organization","@id":"https:\/\/www.manquecura.cl\/ciudad-del-este\/#organization","name":"Colegio Manquecura Ciudad del Este","url":"https:\/\/www.manquecura.cl\/ciudad-del-este\/","logo":{"@type":"ImageObject","inLanguage":"es","@id":"https:\/\/www.manquecura.cl\/ciudad-del-este\/#\/schema\/logo\/image\/","url":"https:\/\/www.manquecura.cl\/ciudad-del-este\/wp-content\/uploads\/sites\/41\/2023\/09\/logo_Manquecura_Ciudad-del-Este_horizontal_color-1.png","contentUrl":"https:\/\/www.manquecura.cl\/ciudad-del-este\/wp-content\/uploads\/sites\/41\/2023\/09\/logo_Manquecura_Ciudad-del-Este_horizontal_color-1.png","width":611,"height":183,"caption":"Colegio Manquecura Ciudad del Este"},"image":{"@id":"https:\/\/www.manquecura.cl\/ciudad-del-este\/#\/schema\/logo\/image\/"},"sameAs":["http:\/\/www.facebook.com\/ColegiosManquecura","http:\/\/www.instagram.com\/manquecura_ciudaddeleste\/","http:\/\/www.youtube.com\/c\/CognitaChile"]},{"@type":"Person","@id":"https:\/\/www.manquecura.cl\/ciudad-del-este\/#\/schema\/person\/0debeea140e397b5d490ee7e553255d8","name":"jorgedelcampo","image":{"@type":"ImageObject","inLanguage":"es","@id":"https:\/\/www.manquecura.cl\/ciudad-del-este\/#\/schema\/person\/image\/","url":"https:\/\/secure.gravatar.com\/avatar\/4a315f521213b2dc91dbda9bf799f711c8a98ab6f5606ec42cf5b33d1e762e8a?s=96&d=mm&r=g","contentUrl":"https:\/\/secure.gravatar.com\/avatar\/4a315f521213b2dc91dbda9bf799f711c8a98ab6f5606ec42cf5b33d1e762e8a?s=96&d=mm&r=g","caption":"jorgedelcampo"}}]}},"jetpack_featured_media_url":"https:\/\/www.manquecura.cl\/ciudad-del-este\/wp-content\/uploads\/sites\/41\/2022\/11\/first-lego-league-robotica-manquecura-ciudad-del-este_-1-1.jpg","previous_post_ID":125586,"previous_post_title":"Festival de la Voz Manquecura 2022 - Bases","previous_post_excerpt":". \u00a1Queremos ver tu talento! Atenci\u00f3n Manquecura Ciudad del Este, revisen las bases y participen en el Festival de la Voz Manquecura, que vuelve recargado y presencial para toda la comunidad escolar. &nbsp; FECHA DEL EVENTO: 25 DE NOVIEMBRE \/ 17:30 HRS. &nbsp; VER BASES AQU\u00cd VER FICHA DE INSCRIPCI\u00d3N AQU\u00cd &nbsp; Para dudas dirigirse [&hellip;]","previous_post_link":"https:\/\/www.manquecura.cl\/ciudad-del-este\/noticias\/festival-de-la-voz-manquecura-2022-bases\/","previous_post_class":["post-125586","post","type-post","status-publish","format-standard","has-post-thumbnail","hentry","category-vida-escolar"],"next_post_ID":125592,"next_post_title":"Salida pedag\u00f3gica 8vos B\u00e1sicos: Aguas de Ram\u00f3n","next_post_excerpt":"Los 8vos B\u00e1sicos realizaron una salida pedag\u00f3gica a la Reserva Natural Aguas de Ram\u00f3n, donde realizaron un trekking en compa\u00f1\u00eda de profesores jefe y docentes de EFIS, aprendiendo los principios de no dejar rastros en este tipo de salidas, en el marco de la realizaci\u00f3n de ejercicios sin da\u00f1ar el medio ambiente. Esperamos que hayan [&hellip;]","next_post_link":"https:\/\/www.manquecura.cl\/ciudad-del-este\/noticias\/salida-pedagogica-8vos-basicos-aguas-de-ramon\/","next_post_class":["post-125592","post","type-post","status-publish","format-standard","has-post-thumbnail","hentry","category-vida-escolar"],"jetpack_sharing_enabled":true,"_links":{"self":[{"href":"https:\/\/www.manquecura.cl\/ciudad-del-este\/wp-json\/wp\/v2\/posts\/125591","targetHints":{"allow":["GET"]}}],"collection":[{"href":"https:\/\/www.manquecura.cl\/ciudad-del-este\/wp-json\/wp\/v2\/posts"}],"about":[{"href":"https:\/\/www.manquecura.cl\/ciudad-del-este\/wp-json\/wp\/v2\/types\/post"}],"author":[{"embeddable":true,"href":"https:\/\/www.manquecura.cl\/ciudad-del-este\/wp-json\/wp\/v2\/users\/14"}],"replies":[{"embeddable":true,"href":"https:\/\/www.manquecura.cl\/ciudad-del-este\/wp-json\/wp\/v2\/comments?post=125591"}],"version-history":[{"count":0,"href":"https:\/\/www.manquecura.cl\/ciudad-del-este\/wp-json\/wp\/v2\/posts\/125591\/revisions"}],"wp:featuredmedia":[{"embeddable":true,"href":"https:\/\/www.manquecura.cl\/ciudad-del-este\/wp-json\/wp\/v2\/media\/20605"}],"wp:attachment":[{"href":"https:\/\/www.manquecura.cl\/ciudad-del-este\/wp-json\/wp\/v2\/media?parent=125591"}],"wp:term":[{"taxonomy":"category","embeddable":true,"href":"https:\/\/www.manquecura.cl\/ciudad-del-este\/wp-json\/wp\/v2\/categories?post=125591"},{"taxonomy":"post_tag","embeddable":true,"href":"https:\/\/www.manquecura.cl\/ciudad-del-este\/wp-json\/wp\/v2\/tags?post=125591"}],"curies":[{"name":"wp","href":"https:\/\/api.w.org\/{rel}","templated":true}]}}