{"id":125582,"date":"2022-10-20T11:39:44","date_gmt":"2022-10-20T14:39:44","guid":{"rendered":"https:\/\/www.manquecura.cl\/ciudad-del-este\/?p=20399"},"modified":"2022-10-20T11:39:44","modified_gmt":"2022-10-20T14:39:44","slug":"salida-pedagogica-a-quebrada-de-macul-7mos-basicos","status":"publish","type":"post","link":"https:\/\/www.manquecura.cl\/ciudad-del-este\/noticias\/salida-pedagogica-a-quebrada-de-macul-7mos-basicos\/","title":{"rendered":"Salida Pedag\u00f3gica a Quebrada de Macul: 7mos B\u00e1sicos"},"content":{"rendered":"<p>El nivel m\u00e1s joven del ciclo de Ense\u00f1anza Media realiz\u00f3 una salida pedag\u00f3gica a la Quebrada de Macul, en compa\u00f1\u00eda de sus docentes de EFIS y profesores jefe, recorriendo senderos y miradores que les permitieron apreciar la belleza de la zona y conocer m\u00e1s acerca de la naturaleza y sus cuidados.<\/p>\n<p>La salida se realiz\u00f3 durante la jornada, lo incluy\u00f3 un almuerzo tipo picnic para permitir distintas actividades de camarader\u00eda.<\/p>\n<p style=\"text-align: center\"><strong>Colegio Manquecura Ciudad del Este<\/strong><\/p>\n<p>[multimedia id=&#8221;1&#8243;]<\/p>\n"},"excerpt":{"rendered":"<p>El nivel m\u00e1s joven del ciclo de Ense\u00f1anza Media realiz\u00f3 una salida pedag\u00f3gica a la Quebrada de Macul, en compa\u00f1\u00eda de sus docentes de EFIS y profesores jefe, recorriendo senderos y miradores que les permitieron apreciar la belleza de la zona y conocer m\u00e1s acerca de la naturaleza y sus cuidados. La salida se realiz\u00f3 [&hellip;]<\/p>\n","protected":false},"author":14,"featured_media":20504,"comment_status":"open","ping_status":"open","sticky":false,"template":"","format":"standard","meta":{"_acf_changed":false,"content-type":"","_jetpack_memberships_contains_paid_content":false,"footnotes":""},"categories":[1],"tags":[],"class_list":["post-125582","post","type-post","status-publish","format-standard","has-post-thumbnail","hentry","category-vida-escolar"],"acf":[],"yoast_head":"<!-- This site is optimized with the Yoast SEO plugin v27.1.1 - https:\/\/yoast.com\/product\/yoast-seo-wordpress\/ -->\n<title>Salida Pedag\u00f3gica a Quebrada de Macul: 7mos B\u00e1sicos - Colegio Manquecura Ciudad del Este<\/title>\n<meta name=\"robots\" content=\"index, follow, max-snippet:-1, max-image-preview:large, max-video-preview:-1\" \/>\n<link rel=\"canonical\" href=\"https:\/\/www.manquecura.cl\/ciudad-del-este\/noticias\/salida-pedagogica-a-quebrada-de-macul-7mos-basicos\/\" \/>\n<meta property=\"og:locale\" content=\"es_ES\" \/>\n<meta property=\"og:type\" content=\"article\" \/>\n<meta property=\"og:title\" content=\"Salida Pedag\u00f3gica a Quebrada de Macul: 7mos B\u00e1sicos - Colegio Manquecura Ciudad del Este\" \/>\n<meta property=\"og:description\" content=\"El nivel m\u00e1s joven del ciclo de Ense\u00f1anza Media realiz\u00f3 una salida pedag\u00f3gica a la Quebrada de Macul, en compa\u00f1\u00eda de sus docentes de EFIS y profesores jefe, recorriendo senderos y miradores que les permitieron apreciar la belleza de la zona y conocer m\u00e1s acerca de la naturaleza y sus cuidados. La salida se realiz\u00f3 [&hellip;]\" \/>\n<meta property=\"og:url\" content=\"https:\/\/www.manquecura.cl\/ciudad-del-este\/noticias\/salida-pedagogica-a-quebrada-de-macul-7mos-basicos\/\" \/>\n<meta property=\"og:site_name\" content=\"Colegio Manquecura Ciudad del Este\" \/>\n<meta property=\"article:publisher\" content=\"http:\/\/www.facebook.com\/ColegiosManquecura\" \/>\n<meta property=\"article:published_time\" content=\"2022-10-20T14:39:44+00:00\" \/>\n<meta name=\"author\" content=\"jorgedelcampo\" \/>\n<meta name=\"twitter:card\" content=\"summary_large_image\" \/>\n<meta name=\"twitter:label1\" content=\"Escrito por\" \/>\n\t<meta name=\"twitter:data1\" content=\"jorgedelcampo\" \/>\n<script type=\"application\/ld+json\" class=\"yoast-schema-graph\">{\"@context\":\"https:\/\/schema.org\",\"@graph\":[{\"@type\":\"Article\",\"@id\":\"https:\/\/www.manquecura.cl\/ciudad-del-este\/noticias\/salida-pedagogica-a-quebrada-de-macul-7mos-basicos\/#article\",\"isPartOf\":{\"@id\":\"https:\/\/www.manquecura.cl\/ciudad-del-este\/noticias\/salida-pedagogica-a-quebrada-de-macul-7mos-basicos\/\"},\"author\":{\"name\":\"jorgedelcampo\",\"@id\":\"https:\/\/www.manquecura.cl\/ciudad-del-este\/#\/schema\/person\/0debeea140e397b5d490ee7e553255d8\"},\"headline\":\"Salida Pedag\u00f3gica a Quebrada de Macul: 7mos B\u00e1sicos\",\"datePublished\":\"2022-10-20T14:39:44+00:00\",\"mainEntityOfPage\":{\"@id\":\"https:\/\/www.manquecura.cl\/ciudad-del-este\/noticias\/salida-pedagogica-a-quebrada-de-macul-7mos-basicos\/\"},\"wordCount\":93,\"commentCount\":0,\"publisher\":{\"@id\":\"https:\/\/www.manquecura.cl\/ciudad-del-este\/#organization\"},\"image\":{\"@id\":\"https:\/\/www.manquecura.cl\/ciudad-del-este\/noticias\/salida-pedagogica-a-quebrada-de-macul-7mos-basicos\/#primaryimage\"},\"thumbnailUrl\":\"https:\/\/www.manquecura.cl\/ciudad-del-este\/wp-content\/uploads\/sites\/41\/2022\/10\/Salida-Pedagogica-quebrada-de-macul_-manquecura-ciudad-del-este_-2.jpg\",\"articleSection\":[\"Vida Escolar\"],\"inLanguage\":\"es\",\"potentialAction\":[{\"@type\":\"CommentAction\",\"name\":\"Comment\",\"target\":[\"https:\/\/www.manquecura.cl\/ciudad-del-este\/noticias\/salida-pedagogica-a-quebrada-de-macul-7mos-basicos\/#respond\"]}]},{\"@type\":\"WebPage\",\"@id\":\"https:\/\/www.manquecura.cl\/ciudad-del-este\/noticias\/salida-pedagogica-a-quebrada-de-macul-7mos-basicos\/\",\"url\":\"https:\/\/www.manquecura.cl\/ciudad-del-este\/noticias\/salida-pedagogica-a-quebrada-de-macul-7mos-basicos\/\",\"name\":\"Salida Pedag\u00f3gica a Quebrada de Macul: 7mos B\u00e1sicos - Colegio Manquecura Ciudad del Este\",\"isPartOf\":{\"@id\":\"https:\/\/www.manquecura.cl\/ciudad-del-este\/#website\"},\"primaryImageOfPage\":{\"@id\":\"https:\/\/www.manquecura.cl\/ciudad-del-este\/noticias\/salida-pedagogica-a-quebrada-de-macul-7mos-basicos\/#primaryimage\"},\"image\":{\"@id\":\"https:\/\/www.manquecura.cl\/ciudad-del-este\/noticias\/salida-pedagogica-a-quebrada-de-macul-7mos-basicos\/#primaryimage\"},\"thumbnailUrl\":\"https:\/\/www.manquecura.cl\/ciudad-del-este\/wp-content\/uploads\/sites\/41\/2022\/10\/Salida-Pedagogica-quebrada-de-macul_-manquecura-ciudad-del-este_-2.jpg\",\"datePublished\":\"2022-10-20T14:39:44+00:00\",\"breadcrumb\":{\"@id\":\"https:\/\/www.manquecura.cl\/ciudad-del-este\/noticias\/salida-pedagogica-a-quebrada-de-macul-7mos-basicos\/#breadcrumb\"},\"inLanguage\":\"es\",\"potentialAction\":[{\"@type\":\"ReadAction\",\"target\":[\"https:\/\/www.manquecura.cl\/ciudad-del-este\/noticias\/salida-pedagogica-a-quebrada-de-macul-7mos-basicos\/\"]}]},{\"@type\":\"ImageObject\",\"inLanguage\":\"es\",\"@id\":\"https:\/\/www.manquecura.cl\/ciudad-del-este\/noticias\/salida-pedagogica-a-quebrada-de-macul-7mos-basicos\/#primaryimage\",\"url\":\"https:\/\/www.manquecura.cl\/ciudad-del-este\/wp-content\/uploads\/sites\/41\/2022\/10\/Salida-Pedagogica-quebrada-de-macul_-manquecura-ciudad-del-este_-2.jpg\",\"contentUrl\":\"https:\/\/www.manquecura.cl\/ciudad-del-este\/wp-content\/uploads\/sites\/41\/2022\/10\/Salida-Pedagogica-quebrada-de-macul_-manquecura-ciudad-del-este_-2.jpg\",\"width\":836,\"height\":523},{\"@type\":\"BreadcrumbList\",\"@id\":\"https:\/\/www.manquecura.cl\/ciudad-del-este\/noticias\/salida-pedagogica-a-quebrada-de-macul-7mos-basicos\/#breadcrumb\",\"itemListElement\":[{\"@type\":\"ListItem\",\"position\":1,\"name\":\"Home\",\"item\":\"https:\/\/www.manquecura.cl\/ciudad-del-este\/\"},{\"@type\":\"ListItem\",\"position\":2,\"name\":\"Salida Pedag\u00f3gica a Quebrada de Macul: 7mos B\u00e1sicos\"}]},{\"@type\":\"WebSite\",\"@id\":\"https:\/\/www.manquecura.cl\/ciudad-del-este\/#website\",\"url\":\"https:\/\/www.manquecura.cl\/ciudad-del-este\/\",\"name\":\"Colegio Manquecura Ciudad del Este\",\"description\":\"\",\"publisher\":{\"@id\":\"https:\/\/www.manquecura.cl\/ciudad-del-este\/#organization\"},\"potentialAction\":[{\"@type\":\"SearchAction\",\"target\":{\"@type\":\"EntryPoint\",\"urlTemplate\":\"https:\/\/www.manquecura.cl\/ciudad-del-este\/?s={search_term_string}\"},\"query-input\":{\"@type\":\"PropertyValueSpecification\",\"valueRequired\":true,\"valueName\":\"search_term_string\"}}],\"inLanguage\":\"es\"},{\"@type\":\"Organization\",\"@id\":\"https:\/\/www.manquecura.cl\/ciudad-del-este\/#organization\",\"name\":\"Colegio Manquecura Ciudad del Este\",\"url\":\"https:\/\/www.manquecura.cl\/ciudad-del-este\/\",\"logo\":{\"@type\":\"ImageObject\",\"inLanguage\":\"es\",\"@id\":\"https:\/\/www.manquecura.cl\/ciudad-del-este\/#\/schema\/logo\/image\/\",\"url\":\"https:\/\/www.manquecura.cl\/ciudad-del-este\/wp-content\/uploads\/sites\/41\/2023\/09\/logo_Manquecura_Ciudad-del-Este_horizontal_color-1.png\",\"contentUrl\":\"https:\/\/www.manquecura.cl\/ciudad-del-este\/wp-content\/uploads\/sites\/41\/2023\/09\/logo_Manquecura_Ciudad-del-Este_horizontal_color-1.png\",\"width\":611,\"height\":183,\"caption\":\"Colegio Manquecura Ciudad del Este\"},\"image\":{\"@id\":\"https:\/\/www.manquecura.cl\/ciudad-del-este\/#\/schema\/logo\/image\/\"},\"sameAs\":[\"http:\/\/www.facebook.com\/ColegiosManquecura\",\"http:\/\/www.instagram.com\/manquecura_ciudaddeleste\/\",\"http:\/\/www.youtube.com\/c\/CognitaChile\"]},{\"@type\":\"Person\",\"@id\":\"https:\/\/www.manquecura.cl\/ciudad-del-este\/#\/schema\/person\/0debeea140e397b5d490ee7e553255d8\",\"name\":\"jorgedelcampo\",\"image\":{\"@type\":\"ImageObject\",\"inLanguage\":\"es\",\"@id\":\"https:\/\/www.manquecura.cl\/ciudad-del-este\/#\/schema\/person\/image\/\",\"url\":\"https:\/\/secure.gravatar.com\/avatar\/4a315f521213b2dc91dbda9bf799f711c8a98ab6f5606ec42cf5b33d1e762e8a?s=96&d=mm&r=g\",\"contentUrl\":\"https:\/\/secure.gravatar.com\/avatar\/4a315f521213b2dc91dbda9bf799f711c8a98ab6f5606ec42cf5b33d1e762e8a?s=96&d=mm&r=g\",\"caption\":\"jorgedelcampo\"}}]}<\/script>\n<!-- \/ Yoast SEO plugin. -->","yoast_head_json":{"title":"Salida Pedag\u00f3gica a Quebrada de Macul: 7mos B\u00e1sicos - Colegio Manquecura Ciudad del Este","robots":{"index":"index","follow":"follow","max-snippet":"max-snippet:-1","max-image-preview":"max-image-preview:large","max-video-preview":"max-video-preview:-1"},"canonical":"https:\/\/www.manquecura.cl\/ciudad-del-este\/noticias\/salida-pedagogica-a-quebrada-de-macul-7mos-basicos\/","og_locale":"es_ES","og_type":"article","og_title":"Salida Pedag\u00f3gica a Quebrada de Macul: 7mos B\u00e1sicos - Colegio Manquecura Ciudad del Este","og_description":"El nivel m\u00e1s joven del ciclo de Ense\u00f1anza Media realiz\u00f3 una salida pedag\u00f3gica a la Quebrada de Macul, en compa\u00f1\u00eda de sus docentes de EFIS y profesores jefe, recorriendo senderos y miradores que les permitieron apreciar la belleza de la zona y conocer m\u00e1s acerca de la naturaleza y sus cuidados. La salida se realiz\u00f3 [&hellip;]","og_url":"https:\/\/www.manquecura.cl\/ciudad-del-este\/noticias\/salida-pedagogica-a-quebrada-de-macul-7mos-basicos\/","og_site_name":"Colegio Manquecura Ciudad del Este","article_publisher":"http:\/\/www.facebook.com\/ColegiosManquecura","article_published_time":"2022-10-20T14:39:44+00:00","author":"jorgedelcampo","twitter_card":"summary_large_image","twitter_misc":{"Escrito por":"jorgedelcampo"},"schema":{"@context":"https:\/\/schema.org","@graph":[{"@type":"Article","@id":"https:\/\/www.manquecura.cl\/ciudad-del-este\/noticias\/salida-pedagogica-a-quebrada-de-macul-7mos-basicos\/#article","isPartOf":{"@id":"https:\/\/www.manquecura.cl\/ciudad-del-este\/noticias\/salida-pedagogica-a-quebrada-de-macul-7mos-basicos\/"},"author":{"name":"jorgedelcampo","@id":"https:\/\/www.manquecura.cl\/ciudad-del-este\/#\/schema\/person\/0debeea140e397b5d490ee7e553255d8"},"headline":"Salida Pedag\u00f3gica a Quebrada de Macul: 7mos B\u00e1sicos","datePublished":"2022-10-20T14:39:44+00:00","mainEntityOfPage":{"@id":"https:\/\/www.manquecura.cl\/ciudad-del-este\/noticias\/salida-pedagogica-a-quebrada-de-macul-7mos-basicos\/"},"wordCount":93,"commentCount":0,"publisher":{"@id":"https:\/\/www.manquecura.cl\/ciudad-del-este\/#organization"},"image":{"@id":"https:\/\/www.manquecura.cl\/ciudad-del-este\/noticias\/salida-pedagogica-a-quebrada-de-macul-7mos-basicos\/#primaryimage"},"thumbnailUrl":"https:\/\/www.manquecura.cl\/ciudad-del-este\/wp-content\/uploads\/sites\/41\/2022\/10\/Salida-Pedagogica-quebrada-de-macul_-manquecura-ciudad-del-este_-2.jpg","articleSection":["Vida Escolar"],"inLanguage":"es","potentialAction":[{"@type":"CommentAction","name":"Comment","target":["https:\/\/www.manquecura.cl\/ciudad-del-este\/noticias\/salida-pedagogica-a-quebrada-de-macul-7mos-basicos\/#respond"]}]},{"@type":"WebPage","@id":"https:\/\/www.manquecura.cl\/ciudad-del-este\/noticias\/salida-pedagogica-a-quebrada-de-macul-7mos-basicos\/","url":"https:\/\/www.manquecura.cl\/ciudad-del-este\/noticias\/salida-pedagogica-a-quebrada-de-macul-7mos-basicos\/","name":"Salida Pedag\u00f3gica a Quebrada de Macul: 7mos B\u00e1sicos - Colegio Manquecura Ciudad del Este","isPartOf":{"@id":"https:\/\/www.manquecura.cl\/ciudad-del-este\/#website"},"primaryImageOfPage":{"@id":"https:\/\/www.manquecura.cl\/ciudad-del-este\/noticias\/salida-pedagogica-a-quebrada-de-macul-7mos-basicos\/#primaryimage"},"image":{"@id":"https:\/\/www.manquecura.cl\/ciudad-del-este\/noticias\/salida-pedagogica-a-quebrada-de-macul-7mos-basicos\/#primaryimage"},"thumbnailUrl":"https:\/\/www.manquecura.cl\/ciudad-del-este\/wp-content\/uploads\/sites\/41\/2022\/10\/Salida-Pedagogica-quebrada-de-macul_-manquecura-ciudad-del-este_-2.jpg","datePublished":"2022-10-20T14:39:44+00:00","breadcrumb":{"@id":"https:\/\/www.manquecura.cl\/ciudad-del-este\/noticias\/salida-pedagogica-a-quebrada-de-macul-7mos-basicos\/#breadcrumb"},"inLanguage":"es","potentialAction":[{"@type":"ReadAction","target":["https:\/\/www.manquecura.cl\/ciudad-del-este\/noticias\/salida-pedagogica-a-quebrada-de-macul-7mos-basicos\/"]}]},{"@type":"ImageObject","inLanguage":"es","@id":"https:\/\/www.manquecura.cl\/ciudad-del-este\/noticias\/salida-pedagogica-a-quebrada-de-macul-7mos-basicos\/#primaryimage","url":"https:\/\/www.manquecura.cl\/ciudad-del-este\/wp-content\/uploads\/sites\/41\/2022\/10\/Salida-Pedagogica-quebrada-de-macul_-manquecura-ciudad-del-este_-2.jpg","contentUrl":"https:\/\/www.manquecura.cl\/ciudad-del-este\/wp-content\/uploads\/sites\/41\/2022\/10\/Salida-Pedagogica-quebrada-de-macul_-manquecura-ciudad-del-este_-2.jpg","width":836,"height":523},{"@type":"BreadcrumbList","@id":"https:\/\/www.manquecura.cl\/ciudad-del-este\/noticias\/salida-pedagogica-a-quebrada-de-macul-7mos-basicos\/#breadcrumb","itemListElement":[{"@type":"ListItem","position":1,"name":"Home","item":"https:\/\/www.manquecura.cl\/ciudad-del-este\/"},{"@type":"ListItem","position":2,"name":"Salida Pedag\u00f3gica a Quebrada de Macul: 7mos B\u00e1sicos"}]},{"@type":"WebSite","@id":"https:\/\/www.manquecura.cl\/ciudad-del-este\/#website","url":"https:\/\/www.manquecura.cl\/ciudad-del-este\/","name":"Colegio Manquecura Ciudad del Este","description":"","publisher":{"@id":"https:\/\/www.manquecura.cl\/ciudad-del-este\/#organization"},"potentialAction":[{"@type":"SearchAction","target":{"@type":"EntryPoint","urlTemplate":"https:\/\/www.manquecura.cl\/ciudad-del-este\/?s={search_term_string}"},"query-input":{"@type":"PropertyValueSpecification","valueRequired":true,"valueName":"search_term_string"}}],"inLanguage":"es"},{"@type":"Organization","@id":"https:\/\/www.manquecura.cl\/ciudad-del-este\/#organization","name":"Colegio Manquecura Ciudad del Este","url":"https:\/\/www.manquecura.cl\/ciudad-del-este\/","logo":{"@type":"ImageObject","inLanguage":"es","@id":"https:\/\/www.manquecura.cl\/ciudad-del-este\/#\/schema\/logo\/image\/","url":"https:\/\/www.manquecura.cl\/ciudad-del-este\/wp-content\/uploads\/sites\/41\/2023\/09\/logo_Manquecura_Ciudad-del-Este_horizontal_color-1.png","contentUrl":"https:\/\/www.manquecura.cl\/ciudad-del-este\/wp-content\/uploads\/sites\/41\/2023\/09\/logo_Manquecura_Ciudad-del-Este_horizontal_color-1.png","width":611,"height":183,"caption":"Colegio Manquecura Ciudad del Este"},"image":{"@id":"https:\/\/www.manquecura.cl\/ciudad-del-este\/#\/schema\/logo\/image\/"},"sameAs":["http:\/\/www.facebook.com\/ColegiosManquecura","http:\/\/www.instagram.com\/manquecura_ciudaddeleste\/","http:\/\/www.youtube.com\/c\/CognitaChile"]},{"@type":"Person","@id":"https:\/\/www.manquecura.cl\/ciudad-del-este\/#\/schema\/person\/0debeea140e397b5d490ee7e553255d8","name":"jorgedelcampo","image":{"@type":"ImageObject","inLanguage":"es","@id":"https:\/\/www.manquecura.cl\/ciudad-del-este\/#\/schema\/person\/image\/","url":"https:\/\/secure.gravatar.com\/avatar\/4a315f521213b2dc91dbda9bf799f711c8a98ab6f5606ec42cf5b33d1e762e8a?s=96&d=mm&r=g","contentUrl":"https:\/\/secure.gravatar.com\/avatar\/4a315f521213b2dc91dbda9bf799f711c8a98ab6f5606ec42cf5b33d1e762e8a?s=96&d=mm&r=g","caption":"jorgedelcampo"}}]}},"jetpack_featured_media_url":"https:\/\/www.manquecura.cl\/ciudad-del-este\/wp-content\/uploads\/sites\/41\/2022\/10\/Salida-Pedagogica-quebrada-de-macul_-manquecura-ciudad-del-este_-2.jpg","previous_post_ID":125583,"previous_post_title":"Salida Pedag\u00f3gica a Cerro La Virgen: 1eros B\u00e1sicos","previous_post_excerpt":"Los alumnos de 1ero B\u00e1sico participaron junto a sus profesoras jefe, docentes de EFIS y apoderados, de una de sus primeras actividades pedag\u00f3gicas en materia de educaci\u00f3n f\u00edsica, visitando el Cerro La Virgen. En esta actividad de trekking los ni\u00f1os no s\u00f3lo aprenden conceptos b\u00e1sicos del deporte, tambi\u00e9n a manejar el trabajo el equipo y [&hellip;]","previous_post_link":"https:\/\/www.manquecura.cl\/ciudad-del-este\/noticias\/salida-pedagogica-a-cerro-la-virgen-1eros-basicos\/","previous_post_class":["post-125583","post","type-post","status-publish","format-standard","has-post-thumbnail","hentry","category-vida-escolar"],"next_post_ID":125580,"next_post_title":"School Of The Future: Encuentro de Rob\u00f3tica en CDE","next_post_excerpt":"En Manquecura Ciudad del Este estamos orgullosos por todo lo realizado en nuestra 3era Feria de Rob\u00f3tica, siendo un encuentro que estuvo plasmado de actividades enmarcadas en la conferencia Mundial School Of The Future (SOTF), que re\u00fane a los colegios Cognita del orbe en torno a la tecnolog\u00eda los aprendizajes, el trabajo colaborativo y las [&hellip;]","next_post_link":"https:\/\/www.manquecura.cl\/ciudad-del-este\/noticias\/school-of-the-future-encuentro-de-robotica-en-cde\/","next_post_class":["post-125580","post","type-post","status-publish","format-standard","has-post-thumbnail","hentry","category-vida-escolar"],"jetpack_sharing_enabled":true,"_links":{"self":[{"href":"https:\/\/www.manquecura.cl\/ciudad-del-este\/wp-json\/wp\/v2\/posts\/125582","targetHints":{"allow":["GET"]}}],"collection":[{"href":"https:\/\/www.manquecura.cl\/ciudad-del-este\/wp-json\/wp\/v2\/posts"}],"about":[{"href":"https:\/\/www.manquecura.cl\/ciudad-del-este\/wp-json\/wp\/v2\/types\/post"}],"author":[{"embeddable":true,"href":"https:\/\/www.manquecura.cl\/ciudad-del-este\/wp-json\/wp\/v2\/users\/14"}],"replies":[{"embeddable":true,"href":"https:\/\/www.manquecura.cl\/ciudad-del-este\/wp-json\/wp\/v2\/comments?post=125582"}],"version-history":[{"count":0,"href":"https:\/\/www.manquecura.cl\/ciudad-del-este\/wp-json\/wp\/v2\/posts\/125582\/revisions"}],"wp:featuredmedia":[{"embeddable":true,"href":"https:\/\/www.manquecura.cl\/ciudad-del-este\/wp-json\/wp\/v2\/media\/20504"}],"wp:attachment":[{"href":"https:\/\/www.manquecura.cl\/ciudad-del-este\/wp-json\/wp\/v2\/media?parent=125582"}],"wp:term":[{"taxonomy":"category","embeddable":true,"href":"https:\/\/www.manquecura.cl\/ciudad-del-este\/wp-json\/wp\/v2\/categories?post=125582"},{"taxonomy":"post_tag","embeddable":true,"href":"https:\/\/www.manquecura.cl\/ciudad-del-este\/wp-json\/wp\/v2\/tags?post=125582"}],"curies":[{"name":"wp","href":"https:\/\/api.w.org\/{rel}","templated":true}]}}