{"id":125580,"date":"2022-10-21T15:46:44","date_gmt":"2022-10-21T18:46:44","guid":{"rendered":"https:\/\/www.manquecura.cl\/ciudad-del-este\/?p=20350"},"modified":"2022-10-21T15:46:44","modified_gmt":"2022-10-21T18:46:44","slug":"school-of-the-future-encuentro-de-robotica-en-cde","status":"publish","type":"post","link":"https:\/\/www.manquecura.cl\/ciudad-del-este\/noticias\/school-of-the-future-encuentro-de-robotica-en-cde\/","title":{"rendered":"School Of The Future: Encuentro de Rob\u00f3tica en CDE"},"content":{"rendered":"<p>En Manquecura Ciudad del Este estamos orgullosos por todo lo realizado en nuestra 3era Feria de Rob\u00f3tica, siendo un encuentro que estuvo plasmado de actividades enmarcadas en la conferencia Mundial School Of The Future (SOTF), que re\u00fane a los colegios Cognita del orbe en torno a la tecnolog\u00eda los aprendizajes, el trabajo colaborativo y las ciencias, y que tuvo como protagonista a nuestro colegio con transmisiones en vivo en una de sus fechas.<\/p>\n<p>En este torneo participaron equipos de estudiantes de 8vo a III Medio de los colegios American British, San Luis Gonzaga y Manquecura Ciudad del Este, contando con influyentes auspiciadores como Fundaci\u00f3n Mustakis y Duoc UC a trav\u00e9s de su Centro de Innovaciones y Transferencia Tecnol\u00f3gica, con su robot Pepper y la representaci\u00f3n de su l\u00ednea paralela de educaci\u00f3n \u201cM\u00e1s Mujeres en las TICS\u201d.<\/p>\n<p>Nuestros alumnos, adem\u00e1s, conocieron m\u00e1quinas impresoras y l\u00e1pices 3D, el funcionamiento de Robots de Lego, bailaron con \u201cPepper\u201d, robot dise\u00f1ado para interactuar con los alumnos, que gracias a su cara amistosa permite una mejor conexi\u00f3n con los humanos, siendo un prototipo que se utiliz\u00f3 mucho en la pandemia para visitar hospitales y acompa\u00f1ar a los pacientes.<\/p>\n<p>Gracias a Fundaci\u00f3n Mustakis aprendieron acerca de los talleres que realiza la entidad y conocieron las oportunidades de aprendizaje con ellos, considerando las diversas opciones para seguir avanzando en sus talleres, sus cursos online, los laboratorios remotos, entre otros.<\/p>\n<p>Esta tremenda experiencia para nuestros alumnos destac\u00f3 fundamentalmente con la competencia de robots de Lego, los que deb\u00edan pasar a trav\u00e9s de las diferentes etapas, con equipos que mostraron sus destrezas, preparaci\u00f3n y log\u00edstica para poder cumplir con cada uno de los desaf\u00edos.<\/p>\n<p>Agradecemos a todos quienes participaron de esta constructiva instancia de aprendizaje y comunidad, esperando que en nuestra 4ta versi\u00f3n se sumen m\u00e1s competidores.<\/p>\n<p>\u00a1Felicitaciones a todos!<\/p>\n<p>[multimedia id=&#8221;1&#8243;]<\/p>\n"},"excerpt":{"rendered":"<p>En Manquecura Ciudad del Este estamos orgullosos por todo lo realizado en nuestra 3era Feria de Rob\u00f3tica, siendo un encuentro que estuvo plasmado de actividades enmarcadas en la conferencia Mundial School Of The Future (SOTF), que re\u00fane a los colegios Cognita del orbe en torno a la tecnolog\u00eda los aprendizajes, el trabajo colaborativo y las [&hellip;]<\/p>\n","protected":false},"author":14,"featured_media":20421,"comment_status":"open","ping_status":"open","sticky":false,"template":"","format":"standard","meta":{"_acf_changed":false,"content-type":"","_jetpack_memberships_contains_paid_content":false,"footnotes":""},"categories":[1],"tags":[],"class_list":["post-125580","post","type-post","status-publish","format-standard","has-post-thumbnail","hentry","category-vida-escolar"],"acf":[],"yoast_head":"<!-- This site is optimized with the Yoast SEO plugin v27.1.1 - https:\/\/yoast.com\/product\/yoast-seo-wordpress\/ -->\n<title>School Of The Future: Encuentro de Rob\u00f3tica en CDE - Colegio Manquecura Ciudad del Este<\/title>\n<meta name=\"robots\" content=\"index, follow, max-snippet:-1, max-image-preview:large, max-video-preview:-1\" \/>\n<link rel=\"canonical\" href=\"https:\/\/www.manquecura.cl\/ciudad-del-este\/noticias\/school-of-the-future-encuentro-de-robotica-en-cde\/\" \/>\n<meta property=\"og:locale\" content=\"es_ES\" \/>\n<meta property=\"og:type\" content=\"article\" \/>\n<meta property=\"og:title\" content=\"School Of The Future: Encuentro de Rob\u00f3tica en CDE - Colegio Manquecura Ciudad del Este\" \/>\n<meta property=\"og:description\" content=\"En Manquecura Ciudad del Este estamos orgullosos por todo lo realizado en nuestra 3era Feria de Rob\u00f3tica, siendo un encuentro que estuvo plasmado de actividades enmarcadas en la conferencia Mundial School Of The Future (SOTF), que re\u00fane a los colegios Cognita del orbe en torno a la tecnolog\u00eda los aprendizajes, el trabajo colaborativo y las [&hellip;]\" \/>\n<meta property=\"og:url\" content=\"https:\/\/www.manquecura.cl\/ciudad-del-este\/noticias\/school-of-the-future-encuentro-de-robotica-en-cde\/\" \/>\n<meta property=\"og:site_name\" content=\"Colegio Manquecura Ciudad del Este\" \/>\n<meta property=\"article:publisher\" content=\"http:\/\/www.facebook.com\/ColegiosManquecura\" \/>\n<meta property=\"article:published_time\" content=\"2022-10-21T18:46:44+00:00\" \/>\n<meta name=\"author\" content=\"jorgedelcampo\" \/>\n<meta name=\"twitter:card\" content=\"summary_large_image\" \/>\n<meta name=\"twitter:label1\" content=\"Escrito por\" \/>\n\t<meta name=\"twitter:data1\" content=\"jorgedelcampo\" \/>\n\t<meta name=\"twitter:label2\" content=\"Tiempo de lectura\" \/>\n\t<meta name=\"twitter:data2\" content=\"2 minutos\" \/>\n<script type=\"application\/ld+json\" class=\"yoast-schema-graph\">{\"@context\":\"https:\/\/schema.org\",\"@graph\":[{\"@type\":\"Article\",\"@id\":\"https:\/\/www.manquecura.cl\/ciudad-del-este\/noticias\/school-of-the-future-encuentro-de-robotica-en-cde\/#article\",\"isPartOf\":{\"@id\":\"https:\/\/www.manquecura.cl\/ciudad-del-este\/noticias\/school-of-the-future-encuentro-de-robotica-en-cde\/\"},\"author\":{\"name\":\"jorgedelcampo\",\"@id\":\"https:\/\/www.manquecura.cl\/ciudad-del-este\/#\/schema\/person\/0debeea140e397b5d490ee7e553255d8\"},\"headline\":\"School Of The Future: Encuentro de Rob\u00f3tica en CDE\",\"datePublished\":\"2022-10-21T18:46:44+00:00\",\"mainEntityOfPage\":{\"@id\":\"https:\/\/www.manquecura.cl\/ciudad-del-este\/noticias\/school-of-the-future-encuentro-de-robotica-en-cde\/\"},\"wordCount\":336,\"commentCount\":0,\"publisher\":{\"@id\":\"https:\/\/www.manquecura.cl\/ciudad-del-este\/#organization\"},\"image\":{\"@id\":\"https:\/\/www.manquecura.cl\/ciudad-del-este\/noticias\/school-of-the-future-encuentro-de-robotica-en-cde\/#primaryimage\"},\"thumbnailUrl\":\"https:\/\/www.manquecura.cl\/ciudad-del-este\/wp-content\/uploads\/sites\/41\/2022\/10\/feria-robotica-manquecura-ciudad-del-este_-30.jpg\",\"articleSection\":[\"Vida Escolar\"],\"inLanguage\":\"es\",\"potentialAction\":[{\"@type\":\"CommentAction\",\"name\":\"Comment\",\"target\":[\"https:\/\/www.manquecura.cl\/ciudad-del-este\/noticias\/school-of-the-future-encuentro-de-robotica-en-cde\/#respond\"]}]},{\"@type\":\"WebPage\",\"@id\":\"https:\/\/www.manquecura.cl\/ciudad-del-este\/noticias\/school-of-the-future-encuentro-de-robotica-en-cde\/\",\"url\":\"https:\/\/www.manquecura.cl\/ciudad-del-este\/noticias\/school-of-the-future-encuentro-de-robotica-en-cde\/\",\"name\":\"School Of The Future: Encuentro de Rob\u00f3tica en CDE - Colegio Manquecura Ciudad del Este\",\"isPartOf\":{\"@id\":\"https:\/\/www.manquecura.cl\/ciudad-del-este\/#website\"},\"primaryImageOfPage\":{\"@id\":\"https:\/\/www.manquecura.cl\/ciudad-del-este\/noticias\/school-of-the-future-encuentro-de-robotica-en-cde\/#primaryimage\"},\"image\":{\"@id\":\"https:\/\/www.manquecura.cl\/ciudad-del-este\/noticias\/school-of-the-future-encuentro-de-robotica-en-cde\/#primaryimage\"},\"thumbnailUrl\":\"https:\/\/www.manquecura.cl\/ciudad-del-este\/wp-content\/uploads\/sites\/41\/2022\/10\/feria-robotica-manquecura-ciudad-del-este_-30.jpg\",\"datePublished\":\"2022-10-21T18:46:44+00:00\",\"breadcrumb\":{\"@id\":\"https:\/\/www.manquecura.cl\/ciudad-del-este\/noticias\/school-of-the-future-encuentro-de-robotica-en-cde\/#breadcrumb\"},\"inLanguage\":\"es\",\"potentialAction\":[{\"@type\":\"ReadAction\",\"target\":[\"https:\/\/www.manquecura.cl\/ciudad-del-este\/noticias\/school-of-the-future-encuentro-de-robotica-en-cde\/\"]}]},{\"@type\":\"ImageObject\",\"inLanguage\":\"es\",\"@id\":\"https:\/\/www.manquecura.cl\/ciudad-del-este\/noticias\/school-of-the-future-encuentro-de-robotica-en-cde\/#primaryimage\",\"url\":\"https:\/\/www.manquecura.cl\/ciudad-del-este\/wp-content\/uploads\/sites\/41\/2022\/10\/feria-robotica-manquecura-ciudad-del-este_-30.jpg\",\"contentUrl\":\"https:\/\/www.manquecura.cl\/ciudad-del-este\/wp-content\/uploads\/sites\/41\/2022\/10\/feria-robotica-manquecura-ciudad-del-este_-30.jpg\",\"width\":836,\"height\":523},{\"@type\":\"BreadcrumbList\",\"@id\":\"https:\/\/www.manquecura.cl\/ciudad-del-este\/noticias\/school-of-the-future-encuentro-de-robotica-en-cde\/#breadcrumb\",\"itemListElement\":[{\"@type\":\"ListItem\",\"position\":1,\"name\":\"Home\",\"item\":\"https:\/\/www.manquecura.cl\/ciudad-del-este\/\"},{\"@type\":\"ListItem\",\"position\":2,\"name\":\"School Of The Future: Encuentro de Rob\u00f3tica en CDE\"}]},{\"@type\":\"WebSite\",\"@id\":\"https:\/\/www.manquecura.cl\/ciudad-del-este\/#website\",\"url\":\"https:\/\/www.manquecura.cl\/ciudad-del-este\/\",\"name\":\"Colegio Manquecura Ciudad del Este\",\"description\":\"\",\"publisher\":{\"@id\":\"https:\/\/www.manquecura.cl\/ciudad-del-este\/#organization\"},\"potentialAction\":[{\"@type\":\"SearchAction\",\"target\":{\"@type\":\"EntryPoint\",\"urlTemplate\":\"https:\/\/www.manquecura.cl\/ciudad-del-este\/?s={search_term_string}\"},\"query-input\":{\"@type\":\"PropertyValueSpecification\",\"valueRequired\":true,\"valueName\":\"search_term_string\"}}],\"inLanguage\":\"es\"},{\"@type\":\"Organization\",\"@id\":\"https:\/\/www.manquecura.cl\/ciudad-del-este\/#organization\",\"name\":\"Colegio Manquecura Ciudad del Este\",\"url\":\"https:\/\/www.manquecura.cl\/ciudad-del-este\/\",\"logo\":{\"@type\":\"ImageObject\",\"inLanguage\":\"es\",\"@id\":\"https:\/\/www.manquecura.cl\/ciudad-del-este\/#\/schema\/logo\/image\/\",\"url\":\"https:\/\/www.manquecura.cl\/ciudad-del-este\/wp-content\/uploads\/sites\/41\/2023\/09\/logo_Manquecura_Ciudad-del-Este_horizontal_color-1.png\",\"contentUrl\":\"https:\/\/www.manquecura.cl\/ciudad-del-este\/wp-content\/uploads\/sites\/41\/2023\/09\/logo_Manquecura_Ciudad-del-Este_horizontal_color-1.png\",\"width\":611,\"height\":183,\"caption\":\"Colegio Manquecura Ciudad del Este\"},\"image\":{\"@id\":\"https:\/\/www.manquecura.cl\/ciudad-del-este\/#\/schema\/logo\/image\/\"},\"sameAs\":[\"http:\/\/www.facebook.com\/ColegiosManquecura\",\"http:\/\/www.instagram.com\/manquecura_ciudaddeleste\/\",\"http:\/\/www.youtube.com\/c\/CognitaChile\"]},{\"@type\":\"Person\",\"@id\":\"https:\/\/www.manquecura.cl\/ciudad-del-este\/#\/schema\/person\/0debeea140e397b5d490ee7e553255d8\",\"name\":\"jorgedelcampo\",\"image\":{\"@type\":\"ImageObject\",\"inLanguage\":\"es\",\"@id\":\"https:\/\/www.manquecura.cl\/ciudad-del-este\/#\/schema\/person\/image\/\",\"url\":\"https:\/\/secure.gravatar.com\/avatar\/4a315f521213b2dc91dbda9bf799f711c8a98ab6f5606ec42cf5b33d1e762e8a?s=96&d=mm&r=g\",\"contentUrl\":\"https:\/\/secure.gravatar.com\/avatar\/4a315f521213b2dc91dbda9bf799f711c8a98ab6f5606ec42cf5b33d1e762e8a?s=96&d=mm&r=g\",\"caption\":\"jorgedelcampo\"}}]}<\/script>\n<!-- \/ Yoast SEO plugin. -->","yoast_head_json":{"title":"School Of The Future: Encuentro de Rob\u00f3tica en CDE - Colegio Manquecura Ciudad del Este","robots":{"index":"index","follow":"follow","max-snippet":"max-snippet:-1","max-image-preview":"max-image-preview:large","max-video-preview":"max-video-preview:-1"},"canonical":"https:\/\/www.manquecura.cl\/ciudad-del-este\/noticias\/school-of-the-future-encuentro-de-robotica-en-cde\/","og_locale":"es_ES","og_type":"article","og_title":"School Of The Future: Encuentro de Rob\u00f3tica en CDE - Colegio Manquecura Ciudad del Este","og_description":"En Manquecura Ciudad del Este estamos orgullosos por todo lo realizado en nuestra 3era Feria de Rob\u00f3tica, siendo un encuentro que estuvo plasmado de actividades enmarcadas en la conferencia Mundial School Of The Future (SOTF), que re\u00fane a los colegios Cognita del orbe en torno a la tecnolog\u00eda los aprendizajes, el trabajo colaborativo y las [&hellip;]","og_url":"https:\/\/www.manquecura.cl\/ciudad-del-este\/noticias\/school-of-the-future-encuentro-de-robotica-en-cde\/","og_site_name":"Colegio Manquecura Ciudad del Este","article_publisher":"http:\/\/www.facebook.com\/ColegiosManquecura","article_published_time":"2022-10-21T18:46:44+00:00","author":"jorgedelcampo","twitter_card":"summary_large_image","twitter_misc":{"Escrito por":"jorgedelcampo","Tiempo de lectura":"2 minutos"},"schema":{"@context":"https:\/\/schema.org","@graph":[{"@type":"Article","@id":"https:\/\/www.manquecura.cl\/ciudad-del-este\/noticias\/school-of-the-future-encuentro-de-robotica-en-cde\/#article","isPartOf":{"@id":"https:\/\/www.manquecura.cl\/ciudad-del-este\/noticias\/school-of-the-future-encuentro-de-robotica-en-cde\/"},"author":{"name":"jorgedelcampo","@id":"https:\/\/www.manquecura.cl\/ciudad-del-este\/#\/schema\/person\/0debeea140e397b5d490ee7e553255d8"},"headline":"School Of The Future: Encuentro de Rob\u00f3tica en CDE","datePublished":"2022-10-21T18:46:44+00:00","mainEntityOfPage":{"@id":"https:\/\/www.manquecura.cl\/ciudad-del-este\/noticias\/school-of-the-future-encuentro-de-robotica-en-cde\/"},"wordCount":336,"commentCount":0,"publisher":{"@id":"https:\/\/www.manquecura.cl\/ciudad-del-este\/#organization"},"image":{"@id":"https:\/\/www.manquecura.cl\/ciudad-del-este\/noticias\/school-of-the-future-encuentro-de-robotica-en-cde\/#primaryimage"},"thumbnailUrl":"https:\/\/www.manquecura.cl\/ciudad-del-este\/wp-content\/uploads\/sites\/41\/2022\/10\/feria-robotica-manquecura-ciudad-del-este_-30.jpg","articleSection":["Vida Escolar"],"inLanguage":"es","potentialAction":[{"@type":"CommentAction","name":"Comment","target":["https:\/\/www.manquecura.cl\/ciudad-del-este\/noticias\/school-of-the-future-encuentro-de-robotica-en-cde\/#respond"]}]},{"@type":"WebPage","@id":"https:\/\/www.manquecura.cl\/ciudad-del-este\/noticias\/school-of-the-future-encuentro-de-robotica-en-cde\/","url":"https:\/\/www.manquecura.cl\/ciudad-del-este\/noticias\/school-of-the-future-encuentro-de-robotica-en-cde\/","name":"School Of The Future: Encuentro de Rob\u00f3tica en CDE - Colegio Manquecura Ciudad del Este","isPartOf":{"@id":"https:\/\/www.manquecura.cl\/ciudad-del-este\/#website"},"primaryImageOfPage":{"@id":"https:\/\/www.manquecura.cl\/ciudad-del-este\/noticias\/school-of-the-future-encuentro-de-robotica-en-cde\/#primaryimage"},"image":{"@id":"https:\/\/www.manquecura.cl\/ciudad-del-este\/noticias\/school-of-the-future-encuentro-de-robotica-en-cde\/#primaryimage"},"thumbnailUrl":"https:\/\/www.manquecura.cl\/ciudad-del-este\/wp-content\/uploads\/sites\/41\/2022\/10\/feria-robotica-manquecura-ciudad-del-este_-30.jpg","datePublished":"2022-10-21T18:46:44+00:00","breadcrumb":{"@id":"https:\/\/www.manquecura.cl\/ciudad-del-este\/noticias\/school-of-the-future-encuentro-de-robotica-en-cde\/#breadcrumb"},"inLanguage":"es","potentialAction":[{"@type":"ReadAction","target":["https:\/\/www.manquecura.cl\/ciudad-del-este\/noticias\/school-of-the-future-encuentro-de-robotica-en-cde\/"]}]},{"@type":"ImageObject","inLanguage":"es","@id":"https:\/\/www.manquecura.cl\/ciudad-del-este\/noticias\/school-of-the-future-encuentro-de-robotica-en-cde\/#primaryimage","url":"https:\/\/www.manquecura.cl\/ciudad-del-este\/wp-content\/uploads\/sites\/41\/2022\/10\/feria-robotica-manquecura-ciudad-del-este_-30.jpg","contentUrl":"https:\/\/www.manquecura.cl\/ciudad-del-este\/wp-content\/uploads\/sites\/41\/2022\/10\/feria-robotica-manquecura-ciudad-del-este_-30.jpg","width":836,"height":523},{"@type":"BreadcrumbList","@id":"https:\/\/www.manquecura.cl\/ciudad-del-este\/noticias\/school-of-the-future-encuentro-de-robotica-en-cde\/#breadcrumb","itemListElement":[{"@type":"ListItem","position":1,"name":"Home","item":"https:\/\/www.manquecura.cl\/ciudad-del-este\/"},{"@type":"ListItem","position":2,"name":"School Of The Future: Encuentro de Rob\u00f3tica en CDE"}]},{"@type":"WebSite","@id":"https:\/\/www.manquecura.cl\/ciudad-del-este\/#website","url":"https:\/\/www.manquecura.cl\/ciudad-del-este\/","name":"Colegio Manquecura Ciudad del Este","description":"","publisher":{"@id":"https:\/\/www.manquecura.cl\/ciudad-del-este\/#organization"},"potentialAction":[{"@type":"SearchAction","target":{"@type":"EntryPoint","urlTemplate":"https:\/\/www.manquecura.cl\/ciudad-del-este\/?s={search_term_string}"},"query-input":{"@type":"PropertyValueSpecification","valueRequired":true,"valueName":"search_term_string"}}],"inLanguage":"es"},{"@type":"Organization","@id":"https:\/\/www.manquecura.cl\/ciudad-del-este\/#organization","name":"Colegio Manquecura Ciudad del Este","url":"https:\/\/www.manquecura.cl\/ciudad-del-este\/","logo":{"@type":"ImageObject","inLanguage":"es","@id":"https:\/\/www.manquecura.cl\/ciudad-del-este\/#\/schema\/logo\/image\/","url":"https:\/\/www.manquecura.cl\/ciudad-del-este\/wp-content\/uploads\/sites\/41\/2023\/09\/logo_Manquecura_Ciudad-del-Este_horizontal_color-1.png","contentUrl":"https:\/\/www.manquecura.cl\/ciudad-del-este\/wp-content\/uploads\/sites\/41\/2023\/09\/logo_Manquecura_Ciudad-del-Este_horizontal_color-1.png","width":611,"height":183,"caption":"Colegio Manquecura Ciudad del Este"},"image":{"@id":"https:\/\/www.manquecura.cl\/ciudad-del-este\/#\/schema\/logo\/image\/"},"sameAs":["http:\/\/www.facebook.com\/ColegiosManquecura","http:\/\/www.instagram.com\/manquecura_ciudaddeleste\/","http:\/\/www.youtube.com\/c\/CognitaChile"]},{"@type":"Person","@id":"https:\/\/www.manquecura.cl\/ciudad-del-este\/#\/schema\/person\/0debeea140e397b5d490ee7e553255d8","name":"jorgedelcampo","image":{"@type":"ImageObject","inLanguage":"es","@id":"https:\/\/www.manquecura.cl\/ciudad-del-este\/#\/schema\/person\/image\/","url":"https:\/\/secure.gravatar.com\/avatar\/4a315f521213b2dc91dbda9bf799f711c8a98ab6f5606ec42cf5b33d1e762e8a?s=96&d=mm&r=g","contentUrl":"https:\/\/secure.gravatar.com\/avatar\/4a315f521213b2dc91dbda9bf799f711c8a98ab6f5606ec42cf5b33d1e762e8a?s=96&d=mm&r=g","caption":"jorgedelcampo"}}]}},"jetpack_featured_media_url":"https:\/\/www.manquecura.cl\/ciudad-del-este\/wp-content\/uploads\/sites\/41\/2022\/10\/feria-robotica-manquecura-ciudad-del-este_-30.jpg","previous_post_ID":125582,"previous_post_title":"Salida Pedag\u00f3gica a Quebrada de Macul: 7mos B\u00e1sicos","previous_post_excerpt":"El nivel m\u00e1s joven del ciclo de Ense\u00f1anza Media realiz\u00f3 una salida pedag\u00f3gica a la Quebrada de Macul, en compa\u00f1\u00eda de sus docentes de EFIS y profesores jefe, recorriendo senderos y miradores que les permitieron apreciar la belleza de la zona y conocer m\u00e1s acerca de la naturaleza y sus cuidados. La salida se realiz\u00f3 [&hellip;]","previous_post_link":"https:\/\/www.manquecura.cl\/ciudad-del-este\/noticias\/salida-pedagogica-a-quebrada-de-macul-7mos-basicos\/","previous_post_class":["post-125582","post","type-post","status-publish","format-standard","has-post-thumbnail","hentry","category-vida-escolar"],"next_post_ID":125584,"next_post_title":"Despedida de los III a los IV Medios 2022","next_post_excerpt":"Los alumnos de IV Medio de nuestro colegio tuvieron una hermosa celebraci\u00f3n de despedida, organizada por los III Medios con el objetivo de festejar de manera muy l\u00fadica uno de sus \u00faltimos d\u00edas en su etapa escolar. La entretenida actividad fue vestida de mucha elegancia, haciendo sentir a nuestra generaci\u00f3n 2022 como unos verdaderos protagonistas. [&hellip;]","next_post_link":"https:\/\/www.manquecura.cl\/ciudad-del-este\/noticias\/despedida-de-los-iii-a-los-iv-medios-2022\/","next_post_class":["post-125584","post","type-post","status-publish","format-standard","has-post-thumbnail","hentry","category-vida-escolar"],"jetpack_sharing_enabled":true,"_links":{"self":[{"href":"https:\/\/www.manquecura.cl\/ciudad-del-este\/wp-json\/wp\/v2\/posts\/125580","targetHints":{"allow":["GET"]}}],"collection":[{"href":"https:\/\/www.manquecura.cl\/ciudad-del-este\/wp-json\/wp\/v2\/posts"}],"about":[{"href":"https:\/\/www.manquecura.cl\/ciudad-del-este\/wp-json\/wp\/v2\/types\/post"}],"author":[{"embeddable":true,"href":"https:\/\/www.manquecura.cl\/ciudad-del-este\/wp-json\/wp\/v2\/users\/14"}],"replies":[{"embeddable":true,"href":"https:\/\/www.manquecura.cl\/ciudad-del-este\/wp-json\/wp\/v2\/comments?post=125580"}],"version-history":[{"count":0,"href":"https:\/\/www.manquecura.cl\/ciudad-del-este\/wp-json\/wp\/v2\/posts\/125580\/revisions"}],"wp:featuredmedia":[{"embeddable":true,"href":"https:\/\/www.manquecura.cl\/ciudad-del-este\/wp-json\/wp\/v2\/media\/20421"}],"wp:attachment":[{"href":"https:\/\/www.manquecura.cl\/ciudad-del-este\/wp-json\/wp\/v2\/media?parent=125580"}],"wp:term":[{"taxonomy":"category","embeddable":true,"href":"https:\/\/www.manquecura.cl\/ciudad-del-este\/wp-json\/wp\/v2\/categories?post=125580"},{"taxonomy":"post_tag","embeddable":true,"href":"https:\/\/www.manquecura.cl\/ciudad-del-este\/wp-json\/wp\/v2\/tags?post=125580"}],"curies":[{"name":"wp","href":"https:\/\/api.w.org\/{rel}","templated":true}]}}