{"id":125579,"date":"2022-10-24T09:59:30","date_gmt":"2022-10-24T12:59:30","guid":{"rendered":"https:\/\/www.manquecura.cl\/ciudad-del-este\/?p=20345"},"modified":"2022-10-24T09:59:30","modified_gmt":"2022-10-24T12:59:30","slug":"school-of-the-future-participacion-de-alumnos-y-docentes-de-cde","status":"publish","type":"post","link":"https:\/\/www.manquecura.cl\/ciudad-del-este\/noticias\/school-of-the-future-participacion-de-alumnos-y-docentes-de-cde\/","title":{"rendered":"School Of The Future: Participaci\u00f3n de alumnos y docentes de CDE"},"content":{"rendered":"<p>Estamos orgullosos de todo lo realizado, por nuestro colegio y nuestra red, en la segunda versi\u00f3n de la conferencia School Of The Future, organizada por Cognita Chile, con m\u00e1s de 100 colegios en el mundo, 17 en Chile, cuyas jornadas vividas entre el 17 y el 20 de octubre, mantuvieron el core de del evento: Inspirar a las pr\u00f3ximas generaciones a reimaginar el colegio del futuro.<\/p>\n<p>La conferencia abord\u00f3 la Ciudadan\u00eda Digital, la Tecnolog\u00eda en el Aula, la Programaci\u00f3n y Rob\u00f3tica y el Aprendizaje Inmersivo, a trav\u00e9s de las categor\u00edas de esta edici\u00f3n: Proyectos de Estudiantes; Conversatorios de Buenas pr\u00e1cticas docentes; y diversos Challenges, desaf\u00edos donde estudiantes guiados por profesores, deb\u00edan solucionar de forma creativa un reto diario y presentarlo en un video resumen de 90 segundos:<\/p>\n<p>&#8211; Ciudadan\u00eda Digital: \u00bfQu\u00e9 har\u00edas para que los adultos mayores conozcan c\u00f3mo utilizar el correo electr\u00f3nico, las redes sociales y\/o dispositivos rob\u00f3ticos dom\u00e9sticos de forma segura?<\/p>\n<p>&#8211; Tecnolog\u00eda en el Aula: \u00bfQu\u00e9 aplicaci\u00f3n que utilizas a diario ya sea para para jugar o comunicarte con amigos podr\u00eda ser usada en el aula?<\/p>\n<p>&#8211; Pensamiento Computacional\/Programaci\u00f3n: \u00bfC\u00f3mo te imaginas tu colegio en el futuro? (Dise\u00f1a un mundo virtual en Minecraft Education, incluyendo a profesores, estudiantes, etc.)<\/p>\n<p>&#8211; Tecnolog\u00edas Para La Inclusi\u00f3n y Aprendizaje Inmersivo: \u00bfC\u00f3mo podemos ayudar a quienes m\u00e1s lo necesitan? ( soluciones de aprendizaje para tus compa\u00f1eros en situaci\u00f3n de necesidades especiales, utilizando herramientas inclusivas de Microsoft u otras an\u00e1logas)<\/p>\n<p>Con relevantes partners, como Google, Microsoft, Harvard, Fortinet, CodeMonkey, Fundaci\u00f3n Mustakis, entre otros, School Of The Future cont\u00f3 con la participaci\u00f3n de profesores y estudiantes, y sus familias, de todo el mundo para analizar el impacto de la tecnolog\u00eda y c\u00f3mo se pone al servicio de nosotros.<\/p>\n<p>Felicitaciones a cada uno de los estudiantes de Manquecura Ciudad del Este por su importante participaci\u00f3n en cada una de las jornadas, destacando especialmente la competencia de Rob\u00f3tica, las exposiciones de los grupos y sus docentes.<\/p>\n<h3 style=\"text-align: center\">\n<span style=\"color: #ff00ff\"><a style=\"color: #ff00ff\" href=\"https:\/\/2022.schoolofthefuture.cl\/repositorio\">Ingresa aqu\u00ed a la biblioteca virtual de los proyectos presentados.<\/a><\/span><\/h3>\n<p style=\"text-align: center\"><strong>Colegio Manquecura Ciudad del Este<\/strong><\/p>\n<p>&nbsp;<\/p>\n<p>[multimedia id=&#8221;1&#8243;]<\/p>\n"},"excerpt":{"rendered":"<p>Estamos orgullosos de todo lo realizado, por nuestro colegio y nuestra red, en la segunda versi\u00f3n de la conferencia School Of The Future, organizada por Cognita Chile, con m\u00e1s de 100 colegios en el mundo, 17 en Chile, cuyas jornadas vividas entre el 17 y el 20 de octubre, mantuvieron el core de del evento: [&hellip;]<\/p>\n","protected":false},"author":14,"featured_media":20478,"comment_status":"open","ping_status":"open","sticky":false,"template":"","format":"standard","meta":{"_acf_changed":false,"content-type":"","_jetpack_memberships_contains_paid_content":false,"footnotes":""},"categories":[1],"tags":[],"class_list":["post-125579","post","type-post","status-publish","format-standard","has-post-thumbnail","hentry","category-vida-escolar"],"acf":[],"yoast_head":"<!-- This site is optimized with the Yoast SEO plugin v27.1.1 - https:\/\/yoast.com\/product\/yoast-seo-wordpress\/ -->\n<title>School Of The Future: Participaci\u00f3n de alumnos y docentes de CDE - Colegio Manquecura Ciudad del Este<\/title>\n<meta name=\"robots\" content=\"index, follow, max-snippet:-1, max-image-preview:large, max-video-preview:-1\" \/>\n<link rel=\"canonical\" href=\"https:\/\/www.manquecura.cl\/ciudad-del-este\/noticias\/school-of-the-future-participacion-de-alumnos-y-docentes-de-cde\/\" \/>\n<meta property=\"og:locale\" content=\"es_ES\" \/>\n<meta property=\"og:type\" content=\"article\" \/>\n<meta property=\"og:title\" content=\"School Of The Future: Participaci\u00f3n de alumnos y docentes de CDE - Colegio Manquecura Ciudad del Este\" \/>\n<meta property=\"og:description\" content=\"Estamos orgullosos de todo lo realizado, por nuestro colegio y nuestra red, en la segunda versi\u00f3n de la conferencia School Of The Future, organizada por Cognita Chile, con m\u00e1s de 100 colegios en el mundo, 17 en Chile, cuyas jornadas vividas entre el 17 y el 20 de octubre, mantuvieron el core de del evento: [&hellip;]\" \/>\n<meta property=\"og:url\" content=\"https:\/\/www.manquecura.cl\/ciudad-del-este\/noticias\/school-of-the-future-participacion-de-alumnos-y-docentes-de-cde\/\" \/>\n<meta property=\"og:site_name\" content=\"Colegio Manquecura Ciudad del Este\" \/>\n<meta property=\"article:publisher\" content=\"http:\/\/www.facebook.com\/ColegiosManquecura\" \/>\n<meta property=\"article:published_time\" content=\"2022-10-24T12:59:30+00:00\" \/>\n<meta name=\"author\" content=\"jorgedelcampo\" \/>\n<meta name=\"twitter:card\" content=\"summary_large_image\" \/>\n<meta name=\"twitter:label1\" content=\"Escrito por\" \/>\n\t<meta name=\"twitter:data1\" content=\"jorgedelcampo\" \/>\n\t<meta name=\"twitter:label2\" content=\"Tiempo de lectura\" \/>\n\t<meta name=\"twitter:data2\" content=\"2 minutos\" \/>\n<script type=\"application\/ld+json\" class=\"yoast-schema-graph\">{\"@context\":\"https:\/\/schema.org\",\"@graph\":[{\"@type\":\"Article\",\"@id\":\"https:\/\/www.manquecura.cl\/ciudad-del-este\/noticias\/school-of-the-future-participacion-de-alumnos-y-docentes-de-cde\/#article\",\"isPartOf\":{\"@id\":\"https:\/\/www.manquecura.cl\/ciudad-del-este\/noticias\/school-of-the-future-participacion-de-alumnos-y-docentes-de-cde\/\"},\"author\":{\"name\":\"jorgedelcampo\",\"@id\":\"https:\/\/www.manquecura.cl\/ciudad-del-este\/#\/schema\/person\/0debeea140e397b5d490ee7e553255d8\"},\"headline\":\"School Of The Future: Participaci\u00f3n de alumnos y docentes de CDE\",\"datePublished\":\"2022-10-24T12:59:30+00:00\",\"mainEntityOfPage\":{\"@id\":\"https:\/\/www.manquecura.cl\/ciudad-del-este\/noticias\/school-of-the-future-participacion-de-alumnos-y-docentes-de-cde\/\"},\"wordCount\":385,\"commentCount\":0,\"publisher\":{\"@id\":\"https:\/\/www.manquecura.cl\/ciudad-del-este\/#organization\"},\"image\":{\"@id\":\"https:\/\/www.manquecura.cl\/ciudad-del-este\/noticias\/school-of-the-future-participacion-de-alumnos-y-docentes-de-cde\/#primaryimage\"},\"thumbnailUrl\":\"https:\/\/www.manquecura.cl\/ciudad-del-este\/wp-content\/uploads\/sites\/41\/2022\/10\/sotf-2022.jpeg\",\"articleSection\":[\"Vida Escolar\"],\"inLanguage\":\"es\",\"potentialAction\":[{\"@type\":\"CommentAction\",\"name\":\"Comment\",\"target\":[\"https:\/\/www.manquecura.cl\/ciudad-del-este\/noticias\/school-of-the-future-participacion-de-alumnos-y-docentes-de-cde\/#respond\"]}]},{\"@type\":\"WebPage\",\"@id\":\"https:\/\/www.manquecura.cl\/ciudad-del-este\/noticias\/school-of-the-future-participacion-de-alumnos-y-docentes-de-cde\/\",\"url\":\"https:\/\/www.manquecura.cl\/ciudad-del-este\/noticias\/school-of-the-future-participacion-de-alumnos-y-docentes-de-cde\/\",\"name\":\"School Of The Future: Participaci\u00f3n de alumnos y docentes de CDE - Colegio Manquecura Ciudad del Este\",\"isPartOf\":{\"@id\":\"https:\/\/www.manquecura.cl\/ciudad-del-este\/#website\"},\"primaryImageOfPage\":{\"@id\":\"https:\/\/www.manquecura.cl\/ciudad-del-este\/noticias\/school-of-the-future-participacion-de-alumnos-y-docentes-de-cde\/#primaryimage\"},\"image\":{\"@id\":\"https:\/\/www.manquecura.cl\/ciudad-del-este\/noticias\/school-of-the-future-participacion-de-alumnos-y-docentes-de-cde\/#primaryimage\"},\"thumbnailUrl\":\"https:\/\/www.manquecura.cl\/ciudad-del-este\/wp-content\/uploads\/sites\/41\/2022\/10\/sotf-2022.jpeg\",\"datePublished\":\"2022-10-24T12:59:30+00:00\",\"breadcrumb\":{\"@id\":\"https:\/\/www.manquecura.cl\/ciudad-del-este\/noticias\/school-of-the-future-participacion-de-alumnos-y-docentes-de-cde\/#breadcrumb\"},\"inLanguage\":\"es\",\"potentialAction\":[{\"@type\":\"ReadAction\",\"target\":[\"https:\/\/www.manquecura.cl\/ciudad-del-este\/noticias\/school-of-the-future-participacion-de-alumnos-y-docentes-de-cde\/\"]}]},{\"@type\":\"ImageObject\",\"inLanguage\":\"es\",\"@id\":\"https:\/\/www.manquecura.cl\/ciudad-del-este\/noticias\/school-of-the-future-participacion-de-alumnos-y-docentes-de-cde\/#primaryimage\",\"url\":\"https:\/\/www.manquecura.cl\/ciudad-del-este\/wp-content\/uploads\/sites\/41\/2022\/10\/sotf-2022.jpeg\",\"contentUrl\":\"https:\/\/www.manquecura.cl\/ciudad-del-este\/wp-content\/uploads\/sites\/41\/2022\/10\/sotf-2022.jpeg\",\"width\":836,\"height\":523},{\"@type\":\"BreadcrumbList\",\"@id\":\"https:\/\/www.manquecura.cl\/ciudad-del-este\/noticias\/school-of-the-future-participacion-de-alumnos-y-docentes-de-cde\/#breadcrumb\",\"itemListElement\":[{\"@type\":\"ListItem\",\"position\":1,\"name\":\"Home\",\"item\":\"https:\/\/www.manquecura.cl\/ciudad-del-este\/\"},{\"@type\":\"ListItem\",\"position\":2,\"name\":\"School Of The Future: Participaci\u00f3n de alumnos y docentes de CDE\"}]},{\"@type\":\"WebSite\",\"@id\":\"https:\/\/www.manquecura.cl\/ciudad-del-este\/#website\",\"url\":\"https:\/\/www.manquecura.cl\/ciudad-del-este\/\",\"name\":\"Colegio Manquecura Ciudad del Este\",\"description\":\"\",\"publisher\":{\"@id\":\"https:\/\/www.manquecura.cl\/ciudad-del-este\/#organization\"},\"potentialAction\":[{\"@type\":\"SearchAction\",\"target\":{\"@type\":\"EntryPoint\",\"urlTemplate\":\"https:\/\/www.manquecura.cl\/ciudad-del-este\/?s={search_term_string}\"},\"query-input\":{\"@type\":\"PropertyValueSpecification\",\"valueRequired\":true,\"valueName\":\"search_term_string\"}}],\"inLanguage\":\"es\"},{\"@type\":\"Organization\",\"@id\":\"https:\/\/www.manquecura.cl\/ciudad-del-este\/#organization\",\"name\":\"Colegio Manquecura Ciudad del Este\",\"url\":\"https:\/\/www.manquecura.cl\/ciudad-del-este\/\",\"logo\":{\"@type\":\"ImageObject\",\"inLanguage\":\"es\",\"@id\":\"https:\/\/www.manquecura.cl\/ciudad-del-este\/#\/schema\/logo\/image\/\",\"url\":\"https:\/\/www.manquecura.cl\/ciudad-del-este\/wp-content\/uploads\/sites\/41\/2023\/09\/logo_Manquecura_Ciudad-del-Este_horizontal_color-1.png\",\"contentUrl\":\"https:\/\/www.manquecura.cl\/ciudad-del-este\/wp-content\/uploads\/sites\/41\/2023\/09\/logo_Manquecura_Ciudad-del-Este_horizontal_color-1.png\",\"width\":611,\"height\":183,\"caption\":\"Colegio Manquecura Ciudad del Este\"},\"image\":{\"@id\":\"https:\/\/www.manquecura.cl\/ciudad-del-este\/#\/schema\/logo\/image\/\"},\"sameAs\":[\"http:\/\/www.facebook.com\/ColegiosManquecura\",\"http:\/\/www.instagram.com\/manquecura_ciudaddeleste\/\",\"http:\/\/www.youtube.com\/c\/CognitaChile\"]},{\"@type\":\"Person\",\"@id\":\"https:\/\/www.manquecura.cl\/ciudad-del-este\/#\/schema\/person\/0debeea140e397b5d490ee7e553255d8\",\"name\":\"jorgedelcampo\",\"image\":{\"@type\":\"ImageObject\",\"inLanguage\":\"es\",\"@id\":\"https:\/\/www.manquecura.cl\/ciudad-del-este\/#\/schema\/person\/image\/\",\"url\":\"https:\/\/secure.gravatar.com\/avatar\/4a315f521213b2dc91dbda9bf799f711c8a98ab6f5606ec42cf5b33d1e762e8a?s=96&d=mm&r=g\",\"contentUrl\":\"https:\/\/secure.gravatar.com\/avatar\/4a315f521213b2dc91dbda9bf799f711c8a98ab6f5606ec42cf5b33d1e762e8a?s=96&d=mm&r=g\",\"caption\":\"jorgedelcampo\"}}]}<\/script>\n<!-- \/ Yoast SEO plugin. -->","yoast_head_json":{"title":"School Of The Future: Participaci\u00f3n de alumnos y docentes de CDE - Colegio Manquecura Ciudad del Este","robots":{"index":"index","follow":"follow","max-snippet":"max-snippet:-1","max-image-preview":"max-image-preview:large","max-video-preview":"max-video-preview:-1"},"canonical":"https:\/\/www.manquecura.cl\/ciudad-del-este\/noticias\/school-of-the-future-participacion-de-alumnos-y-docentes-de-cde\/","og_locale":"es_ES","og_type":"article","og_title":"School Of The Future: Participaci\u00f3n de alumnos y docentes de CDE - Colegio Manquecura Ciudad del Este","og_description":"Estamos orgullosos de todo lo realizado, por nuestro colegio y nuestra red, en la segunda versi\u00f3n de la conferencia School Of The Future, organizada por Cognita Chile, con m\u00e1s de 100 colegios en el mundo, 17 en Chile, cuyas jornadas vividas entre el 17 y el 20 de octubre, mantuvieron el core de del evento: [&hellip;]","og_url":"https:\/\/www.manquecura.cl\/ciudad-del-este\/noticias\/school-of-the-future-participacion-de-alumnos-y-docentes-de-cde\/","og_site_name":"Colegio Manquecura Ciudad del Este","article_publisher":"http:\/\/www.facebook.com\/ColegiosManquecura","article_published_time":"2022-10-24T12:59:30+00:00","author":"jorgedelcampo","twitter_card":"summary_large_image","twitter_misc":{"Escrito por":"jorgedelcampo","Tiempo de lectura":"2 minutos"},"schema":{"@context":"https:\/\/schema.org","@graph":[{"@type":"Article","@id":"https:\/\/www.manquecura.cl\/ciudad-del-este\/noticias\/school-of-the-future-participacion-de-alumnos-y-docentes-de-cde\/#article","isPartOf":{"@id":"https:\/\/www.manquecura.cl\/ciudad-del-este\/noticias\/school-of-the-future-participacion-de-alumnos-y-docentes-de-cde\/"},"author":{"name":"jorgedelcampo","@id":"https:\/\/www.manquecura.cl\/ciudad-del-este\/#\/schema\/person\/0debeea140e397b5d490ee7e553255d8"},"headline":"School Of The Future: Participaci\u00f3n de alumnos y docentes de CDE","datePublished":"2022-10-24T12:59:30+00:00","mainEntityOfPage":{"@id":"https:\/\/www.manquecura.cl\/ciudad-del-este\/noticias\/school-of-the-future-participacion-de-alumnos-y-docentes-de-cde\/"},"wordCount":385,"commentCount":0,"publisher":{"@id":"https:\/\/www.manquecura.cl\/ciudad-del-este\/#organization"},"image":{"@id":"https:\/\/www.manquecura.cl\/ciudad-del-este\/noticias\/school-of-the-future-participacion-de-alumnos-y-docentes-de-cde\/#primaryimage"},"thumbnailUrl":"https:\/\/www.manquecura.cl\/ciudad-del-este\/wp-content\/uploads\/sites\/41\/2022\/10\/sotf-2022.jpeg","articleSection":["Vida Escolar"],"inLanguage":"es","potentialAction":[{"@type":"CommentAction","name":"Comment","target":["https:\/\/www.manquecura.cl\/ciudad-del-este\/noticias\/school-of-the-future-participacion-de-alumnos-y-docentes-de-cde\/#respond"]}]},{"@type":"WebPage","@id":"https:\/\/www.manquecura.cl\/ciudad-del-este\/noticias\/school-of-the-future-participacion-de-alumnos-y-docentes-de-cde\/","url":"https:\/\/www.manquecura.cl\/ciudad-del-este\/noticias\/school-of-the-future-participacion-de-alumnos-y-docentes-de-cde\/","name":"School Of The Future: Participaci\u00f3n de alumnos y docentes de CDE - Colegio Manquecura Ciudad del Este","isPartOf":{"@id":"https:\/\/www.manquecura.cl\/ciudad-del-este\/#website"},"primaryImageOfPage":{"@id":"https:\/\/www.manquecura.cl\/ciudad-del-este\/noticias\/school-of-the-future-participacion-de-alumnos-y-docentes-de-cde\/#primaryimage"},"image":{"@id":"https:\/\/www.manquecura.cl\/ciudad-del-este\/noticias\/school-of-the-future-participacion-de-alumnos-y-docentes-de-cde\/#primaryimage"},"thumbnailUrl":"https:\/\/www.manquecura.cl\/ciudad-del-este\/wp-content\/uploads\/sites\/41\/2022\/10\/sotf-2022.jpeg","datePublished":"2022-10-24T12:59:30+00:00","breadcrumb":{"@id":"https:\/\/www.manquecura.cl\/ciudad-del-este\/noticias\/school-of-the-future-participacion-de-alumnos-y-docentes-de-cde\/#breadcrumb"},"inLanguage":"es","potentialAction":[{"@type":"ReadAction","target":["https:\/\/www.manquecura.cl\/ciudad-del-este\/noticias\/school-of-the-future-participacion-de-alumnos-y-docentes-de-cde\/"]}]},{"@type":"ImageObject","inLanguage":"es","@id":"https:\/\/www.manquecura.cl\/ciudad-del-este\/noticias\/school-of-the-future-participacion-de-alumnos-y-docentes-de-cde\/#primaryimage","url":"https:\/\/www.manquecura.cl\/ciudad-del-este\/wp-content\/uploads\/sites\/41\/2022\/10\/sotf-2022.jpeg","contentUrl":"https:\/\/www.manquecura.cl\/ciudad-del-este\/wp-content\/uploads\/sites\/41\/2022\/10\/sotf-2022.jpeg","width":836,"height":523},{"@type":"BreadcrumbList","@id":"https:\/\/www.manquecura.cl\/ciudad-del-este\/noticias\/school-of-the-future-participacion-de-alumnos-y-docentes-de-cde\/#breadcrumb","itemListElement":[{"@type":"ListItem","position":1,"name":"Home","item":"https:\/\/www.manquecura.cl\/ciudad-del-este\/"},{"@type":"ListItem","position":2,"name":"School Of The Future: Participaci\u00f3n de alumnos y docentes de CDE"}]},{"@type":"WebSite","@id":"https:\/\/www.manquecura.cl\/ciudad-del-este\/#website","url":"https:\/\/www.manquecura.cl\/ciudad-del-este\/","name":"Colegio Manquecura Ciudad del Este","description":"","publisher":{"@id":"https:\/\/www.manquecura.cl\/ciudad-del-este\/#organization"},"potentialAction":[{"@type":"SearchAction","target":{"@type":"EntryPoint","urlTemplate":"https:\/\/www.manquecura.cl\/ciudad-del-este\/?s={search_term_string}"},"query-input":{"@type":"PropertyValueSpecification","valueRequired":true,"valueName":"search_term_string"}}],"inLanguage":"es"},{"@type":"Organization","@id":"https:\/\/www.manquecura.cl\/ciudad-del-este\/#organization","name":"Colegio Manquecura Ciudad del Este","url":"https:\/\/www.manquecura.cl\/ciudad-del-este\/","logo":{"@type":"ImageObject","inLanguage":"es","@id":"https:\/\/www.manquecura.cl\/ciudad-del-este\/#\/schema\/logo\/image\/","url":"https:\/\/www.manquecura.cl\/ciudad-del-este\/wp-content\/uploads\/sites\/41\/2023\/09\/logo_Manquecura_Ciudad-del-Este_horizontal_color-1.png","contentUrl":"https:\/\/www.manquecura.cl\/ciudad-del-este\/wp-content\/uploads\/sites\/41\/2023\/09\/logo_Manquecura_Ciudad-del-Este_horizontal_color-1.png","width":611,"height":183,"caption":"Colegio Manquecura Ciudad del Este"},"image":{"@id":"https:\/\/www.manquecura.cl\/ciudad-del-este\/#\/schema\/logo\/image\/"},"sameAs":["http:\/\/www.facebook.com\/ColegiosManquecura","http:\/\/www.instagram.com\/manquecura_ciudaddeleste\/","http:\/\/www.youtube.com\/c\/CognitaChile"]},{"@type":"Person","@id":"https:\/\/www.manquecura.cl\/ciudad-del-este\/#\/schema\/person\/0debeea140e397b5d490ee7e553255d8","name":"jorgedelcampo","image":{"@type":"ImageObject","inLanguage":"es","@id":"https:\/\/www.manquecura.cl\/ciudad-del-este\/#\/schema\/person\/image\/","url":"https:\/\/secure.gravatar.com\/avatar\/4a315f521213b2dc91dbda9bf799f711c8a98ab6f5606ec42cf5b33d1e762e8a?s=96&d=mm&r=g","contentUrl":"https:\/\/secure.gravatar.com\/avatar\/4a315f521213b2dc91dbda9bf799f711c8a98ab6f5606ec42cf5b33d1e762e8a?s=96&d=mm&r=g","caption":"jorgedelcampo"}}]}},"jetpack_featured_media_url":"https:\/\/www.manquecura.cl\/ciudad-del-este\/wp-content\/uploads\/sites\/41\/2022\/10\/sotf-2022.jpeg","previous_post_ID":125584,"previous_post_title":"Despedida de los III a los IV Medios 2022","previous_post_excerpt":"Los alumnos de IV Medio de nuestro colegio tuvieron una hermosa celebraci\u00f3n de despedida, organizada por los III Medios con el objetivo de festejar de manera muy l\u00fadica uno de sus \u00faltimos d\u00edas en su etapa escolar. La entretenida actividad fue vestida de mucha elegancia, haciendo sentir a nuestra generaci\u00f3n 2022 como unos verdaderos protagonistas. [&hellip;]","previous_post_link":"https:\/\/www.manquecura.cl\/ciudad-del-este\/noticias\/despedida-de-los-iii-a-los-iv-medios-2022\/","previous_post_class":["post-125584","post","type-post","status-publish","format-standard","has-post-thumbnail","hentry","category-vida-escolar"],"next_post_ID":125585,"next_post_title":"Entrenamientos y amistoso de los C\u00f3ndores de Manquecura","next_post_excerpt":"La Escuela de F\u00fatbol C\u00f3ndores de Manquecura traslad\u00f3 algunos de sus entrenamientos a las canchas de Bora F\u00fatbol (ver), con el objetivo de mantener el trabajo deportivo con los alumnos mientras finalizan los trabajos en nuestra nueva cancha y pista atl\u00e9tica. Exitosamente el pasado domingo 23 de octubre, adem\u00e1s, tuvieron un encuentro amistoso en la [&hellip;]","next_post_link":"https:\/\/www.manquecura.cl\/ciudad-del-este\/noticias\/entrenamientos-y-amistoso-de-los-condores-de-manquecura\/","next_post_class":["post-125585","post","type-post","status-publish","format-standard","has-post-thumbnail","hentry","category-vida-escolar"],"jetpack_sharing_enabled":true,"_links":{"self":[{"href":"https:\/\/www.manquecura.cl\/ciudad-del-este\/wp-json\/wp\/v2\/posts\/125579","targetHints":{"allow":["GET"]}}],"collection":[{"href":"https:\/\/www.manquecura.cl\/ciudad-del-este\/wp-json\/wp\/v2\/posts"}],"about":[{"href":"https:\/\/www.manquecura.cl\/ciudad-del-este\/wp-json\/wp\/v2\/types\/post"}],"author":[{"embeddable":true,"href":"https:\/\/www.manquecura.cl\/ciudad-del-este\/wp-json\/wp\/v2\/users\/14"}],"replies":[{"embeddable":true,"href":"https:\/\/www.manquecura.cl\/ciudad-del-este\/wp-json\/wp\/v2\/comments?post=125579"}],"version-history":[{"count":0,"href":"https:\/\/www.manquecura.cl\/ciudad-del-este\/wp-json\/wp\/v2\/posts\/125579\/revisions"}],"wp:featuredmedia":[{"embeddable":true,"href":"https:\/\/www.manquecura.cl\/ciudad-del-este\/wp-json\/wp\/v2\/media\/20478"}],"wp:attachment":[{"href":"https:\/\/www.manquecura.cl\/ciudad-del-este\/wp-json\/wp\/v2\/media?parent=125579"}],"wp:term":[{"taxonomy":"category","embeddable":true,"href":"https:\/\/www.manquecura.cl\/ciudad-del-este\/wp-json\/wp\/v2\/categories?post=125579"},{"taxonomy":"post_tag","embeddable":true,"href":"https:\/\/www.manquecura.cl\/ciudad-del-este\/wp-json\/wp\/v2\/tags?post=125579"}],"curies":[{"name":"wp","href":"https:\/\/api.w.org\/{rel}","templated":true}]}}