{"id":125570,"date":"2022-10-04T10:51:32","date_gmt":"2022-10-04T13:51:32","guid":{"rendered":"https:\/\/www.manquecura.cl\/ciudad-del-este\/?p=20214"},"modified":"2022-10-04T10:51:32","modified_gmt":"2022-10-04T13:51:32","slug":"charla-online-genero-y-diversidad-sexual","status":"publish","type":"post","link":"https:\/\/www.manquecura.cl\/ciudad-del-este\/noticias\/charla-online-genero-y-diversidad-sexual\/","title":{"rendered":"Charla online: G\u00e9nero y Diversidad sexual"},"content":{"rendered":"<p>En el marco de nuestra <strong>Campa\u00f1a de Salvaguarda #Hablemos<\/strong>, estamos desarrollando un ciclo de charlas, tanto para estudiantes como para padres y apoderados.<\/p>\n<p>Partiremos con la tem\u00e1tica &#8220;G\u00e9nero y Diversidad Sexual&#8221;, para estudiantes de 5\u00b0 B\u00e1sico a IV Medio y para apoderados, instancias que est\u00e1n siendo lideradas por el psic\u00f3logo Germ\u00e1n Aburto, especialista en el \u00e1rea.<\/p>\n<p>Para los apoderados realizaremos la primera charla en la siguiente fecha:<\/p>\n<h3 style=\"text-align: center\"><span style=\"color: #008080\">MI\u00c9RCOLES 05 DE OCTUBRE<\/span><br \/>\n<span style=\"color: #008080\">A LAS 19.00 hrs.\u00a0<\/span><br \/>\n<a href=\"https:\/\/ddec1-0-en-ctp.trendmicro.com:443\/wis\/clicktime\/v1\/query?url=https%3a%2f%2fteams.microsoft.com%2fl%2fmeetup%2djoin%2f19%253ameeting%5fMDlmYzk2MTQtZDFmZi00NGJkLWEwODItNTA2MWY5M2RhZGQx%2540thread.v2%2f0%3fcontext%3d%257b%2522Tid%2522%253a%252206d2dc82%2d6fed%2d4d3b%2d9218%2d37d34fb0405b%2522%252c%2522Oid%2522%253a%2522d0b62ac5%2d4688%2d44d1%2d895d%2d2d3ae4c57967%2522%257d&amp;umid=b58381c5-5d1b-42ad-91c1-de2ea8d39d41&amp;auth=a0494601ec50f7e7a8be178206a5f4ac1bf6d7c7-8aa87af2c11e0b95f4d1e1918037919dabd57e95\"><span style=\"color: #008080\">CON\u00c9CTATE AQU\u00cd A TEAMS<\/span><\/a><\/h3>\n<p style=\"text-align: center\">Esperamos contar con su valiosa presencia y apoyo a esta iniciativa.<\/p>\n<p style=\"text-align: center\"><strong>Colegio Manquecura Ciudad del Este<\/strong><\/p>\n"},"excerpt":{"rendered":"<p>En el marco de nuestra Campa\u00f1a de Salvaguarda #Hablemos, estamos desarrollando un ciclo de charlas, tanto para estudiantes como para padres y apoderados. Partiremos con la tem\u00e1tica &#8220;G\u00e9nero y Diversidad Sexual&#8221;, para estudiantes de 5\u00b0 B\u00e1sico a IV Medio y para apoderados, instancias que est\u00e1n siendo lideradas por el psic\u00f3logo Germ\u00e1n Aburto, especialista en el [&hellip;]<\/p>\n","protected":false},"author":14,"featured_media":20252,"comment_status":"open","ping_status":"open","sticky":false,"template":"","format":"standard","meta":{"_acf_changed":false,"content-type":"","_jetpack_memberships_contains_paid_content":false,"footnotes":""},"categories":[1],"tags":[],"class_list":["post-125570","post","type-post","status-publish","format-standard","has-post-thumbnail","hentry","category-vida-escolar"],"acf":[],"yoast_head":"<!-- This site is optimized with the Yoast SEO plugin v27.1.1 - https:\/\/yoast.com\/product\/yoast-seo-wordpress\/ -->\n<title>Charla online: G\u00e9nero y Diversidad sexual - Colegio Manquecura Ciudad del Este<\/title>\n<meta name=\"robots\" content=\"index, follow, max-snippet:-1, max-image-preview:large, max-video-preview:-1\" \/>\n<link rel=\"canonical\" href=\"https:\/\/www.manquecura.cl\/ciudad-del-este\/noticias\/charla-online-genero-y-diversidad-sexual\/\" \/>\n<meta property=\"og:locale\" content=\"es_ES\" \/>\n<meta property=\"og:type\" content=\"article\" \/>\n<meta property=\"og:title\" content=\"Charla online: G\u00e9nero y Diversidad sexual - Colegio Manquecura Ciudad del Este\" \/>\n<meta property=\"og:description\" content=\"En el marco de nuestra Campa\u00f1a de Salvaguarda #Hablemos, estamos desarrollando un ciclo de charlas, tanto para estudiantes como para padres y apoderados. Partiremos con la tem\u00e1tica &#8220;G\u00e9nero y Diversidad Sexual&#8221;, para estudiantes de 5\u00b0 B\u00e1sico a IV Medio y para apoderados, instancias que est\u00e1n siendo lideradas por el psic\u00f3logo Germ\u00e1n Aburto, especialista en el [&hellip;]\" \/>\n<meta property=\"og:url\" content=\"https:\/\/www.manquecura.cl\/ciudad-del-este\/noticias\/charla-online-genero-y-diversidad-sexual\/\" \/>\n<meta property=\"og:site_name\" content=\"Colegio Manquecura Ciudad del Este\" \/>\n<meta property=\"article:publisher\" content=\"http:\/\/www.facebook.com\/ColegiosManquecura\" \/>\n<meta property=\"article:published_time\" content=\"2022-10-04T13:51:32+00:00\" \/>\n<meta name=\"author\" content=\"jorgedelcampo\" \/>\n<meta name=\"twitter:card\" content=\"summary_large_image\" \/>\n<meta name=\"twitter:label1\" content=\"Escrito por\" \/>\n\t<meta name=\"twitter:data1\" content=\"jorgedelcampo\" \/>\n\t<meta name=\"twitter:label2\" content=\"Tiempo de lectura\" \/>\n\t<meta name=\"twitter:data2\" content=\"1 minuto\" \/>\n<script type=\"application\/ld+json\" class=\"yoast-schema-graph\">{\"@context\":\"https:\/\/schema.org\",\"@graph\":[{\"@type\":\"Article\",\"@id\":\"https:\/\/www.manquecura.cl\/ciudad-del-este\/noticias\/charla-online-genero-y-diversidad-sexual\/#article\",\"isPartOf\":{\"@id\":\"https:\/\/www.manquecura.cl\/ciudad-del-este\/noticias\/charla-online-genero-y-diversidad-sexual\/\"},\"author\":{\"name\":\"jorgedelcampo\",\"@id\":\"https:\/\/www.manquecura.cl\/ciudad-del-este\/#\/schema\/person\/0debeea140e397b5d490ee7e553255d8\"},\"headline\":\"Charla online: G\u00e9nero y Diversidad sexual\",\"datePublished\":\"2022-10-04T13:51:32+00:00\",\"mainEntityOfPage\":{\"@id\":\"https:\/\/www.manquecura.cl\/ciudad-del-este\/noticias\/charla-online-genero-y-diversidad-sexual\/\"},\"wordCount\":108,\"commentCount\":0,\"publisher\":{\"@id\":\"https:\/\/www.manquecura.cl\/ciudad-del-este\/#organization\"},\"image\":{\"@id\":\"https:\/\/www.manquecura.cl\/ciudad-del-este\/noticias\/charla-online-genero-y-diversidad-sexual\/#primaryimage\"},\"thumbnailUrl\":\"https:\/\/www.manquecura.cl\/ciudad-del-este\/wp-content\/uploads\/sites\/41\/2022\/10\/ciclo-de-charlas-diversidad.gif\",\"articleSection\":[\"Vida Escolar\"],\"inLanguage\":\"es\",\"potentialAction\":[{\"@type\":\"CommentAction\",\"name\":\"Comment\",\"target\":[\"https:\/\/www.manquecura.cl\/ciudad-del-este\/noticias\/charla-online-genero-y-diversidad-sexual\/#respond\"]}]},{\"@type\":\"WebPage\",\"@id\":\"https:\/\/www.manquecura.cl\/ciudad-del-este\/noticias\/charla-online-genero-y-diversidad-sexual\/\",\"url\":\"https:\/\/www.manquecura.cl\/ciudad-del-este\/noticias\/charla-online-genero-y-diversidad-sexual\/\",\"name\":\"Charla online: G\u00e9nero y Diversidad sexual - Colegio Manquecura Ciudad del Este\",\"isPartOf\":{\"@id\":\"https:\/\/www.manquecura.cl\/ciudad-del-este\/#website\"},\"primaryImageOfPage\":{\"@id\":\"https:\/\/www.manquecura.cl\/ciudad-del-este\/noticias\/charla-online-genero-y-diversidad-sexual\/#primaryimage\"},\"image\":{\"@id\":\"https:\/\/www.manquecura.cl\/ciudad-del-este\/noticias\/charla-online-genero-y-diversidad-sexual\/#primaryimage\"},\"thumbnailUrl\":\"https:\/\/www.manquecura.cl\/ciudad-del-este\/wp-content\/uploads\/sites\/41\/2022\/10\/ciclo-de-charlas-diversidad.gif\",\"datePublished\":\"2022-10-04T13:51:32+00:00\",\"breadcrumb\":{\"@id\":\"https:\/\/www.manquecura.cl\/ciudad-del-este\/noticias\/charla-online-genero-y-diversidad-sexual\/#breadcrumb\"},\"inLanguage\":\"es\",\"potentialAction\":[{\"@type\":\"ReadAction\",\"target\":[\"https:\/\/www.manquecura.cl\/ciudad-del-este\/noticias\/charla-online-genero-y-diversidad-sexual\/\"]}]},{\"@type\":\"ImageObject\",\"inLanguage\":\"es\",\"@id\":\"https:\/\/www.manquecura.cl\/ciudad-del-este\/noticias\/charla-online-genero-y-diversidad-sexual\/#primaryimage\",\"url\":\"https:\/\/www.manquecura.cl\/ciudad-del-este\/wp-content\/uploads\/sites\/41\/2022\/10\/ciclo-de-charlas-diversidad.gif\",\"contentUrl\":\"https:\/\/www.manquecura.cl\/ciudad-del-este\/wp-content\/uploads\/sites\/41\/2022\/10\/ciclo-de-charlas-diversidad.gif\",\"width\":767,\"height\":480},{\"@type\":\"BreadcrumbList\",\"@id\":\"https:\/\/www.manquecura.cl\/ciudad-del-este\/noticias\/charla-online-genero-y-diversidad-sexual\/#breadcrumb\",\"itemListElement\":[{\"@type\":\"ListItem\",\"position\":1,\"name\":\"Home\",\"item\":\"https:\/\/www.manquecura.cl\/ciudad-del-este\/\"},{\"@type\":\"ListItem\",\"position\":2,\"name\":\"Charla online: G\u00e9nero y Diversidad sexual\"}]},{\"@type\":\"WebSite\",\"@id\":\"https:\/\/www.manquecura.cl\/ciudad-del-este\/#website\",\"url\":\"https:\/\/www.manquecura.cl\/ciudad-del-este\/\",\"name\":\"Colegio Manquecura Ciudad del Este\",\"description\":\"\",\"publisher\":{\"@id\":\"https:\/\/www.manquecura.cl\/ciudad-del-este\/#organization\"},\"potentialAction\":[{\"@type\":\"SearchAction\",\"target\":{\"@type\":\"EntryPoint\",\"urlTemplate\":\"https:\/\/www.manquecura.cl\/ciudad-del-este\/?s={search_term_string}\"},\"query-input\":{\"@type\":\"PropertyValueSpecification\",\"valueRequired\":true,\"valueName\":\"search_term_string\"}}],\"inLanguage\":\"es\"},{\"@type\":\"Organization\",\"@id\":\"https:\/\/www.manquecura.cl\/ciudad-del-este\/#organization\",\"name\":\"Colegio Manquecura Ciudad del Este\",\"url\":\"https:\/\/www.manquecura.cl\/ciudad-del-este\/\",\"logo\":{\"@type\":\"ImageObject\",\"inLanguage\":\"es\",\"@id\":\"https:\/\/www.manquecura.cl\/ciudad-del-este\/#\/schema\/logo\/image\/\",\"url\":\"https:\/\/www.manquecura.cl\/ciudad-del-este\/wp-content\/uploads\/sites\/41\/2023\/09\/logo_Manquecura_Ciudad-del-Este_horizontal_color-1.png\",\"contentUrl\":\"https:\/\/www.manquecura.cl\/ciudad-del-este\/wp-content\/uploads\/sites\/41\/2023\/09\/logo_Manquecura_Ciudad-del-Este_horizontal_color-1.png\",\"width\":611,\"height\":183,\"caption\":\"Colegio Manquecura Ciudad del Este\"},\"image\":{\"@id\":\"https:\/\/www.manquecura.cl\/ciudad-del-este\/#\/schema\/logo\/image\/\"},\"sameAs\":[\"http:\/\/www.facebook.com\/ColegiosManquecura\",\"http:\/\/www.instagram.com\/manquecura_ciudaddeleste\/\",\"http:\/\/www.youtube.com\/c\/CognitaChile\"]},{\"@type\":\"Person\",\"@id\":\"https:\/\/www.manquecura.cl\/ciudad-del-este\/#\/schema\/person\/0debeea140e397b5d490ee7e553255d8\",\"name\":\"jorgedelcampo\",\"image\":{\"@type\":\"ImageObject\",\"inLanguage\":\"es\",\"@id\":\"https:\/\/www.manquecura.cl\/ciudad-del-este\/#\/schema\/person\/image\/\",\"url\":\"https:\/\/secure.gravatar.com\/avatar\/4a315f521213b2dc91dbda9bf799f711c8a98ab6f5606ec42cf5b33d1e762e8a?s=96&d=mm&r=g\",\"contentUrl\":\"https:\/\/secure.gravatar.com\/avatar\/4a315f521213b2dc91dbda9bf799f711c8a98ab6f5606ec42cf5b33d1e762e8a?s=96&d=mm&r=g\",\"caption\":\"jorgedelcampo\"}}]}<\/script>\n<!-- \/ Yoast SEO plugin. -->","yoast_head_json":{"title":"Charla online: G\u00e9nero y Diversidad sexual - Colegio Manquecura Ciudad del Este","robots":{"index":"index","follow":"follow","max-snippet":"max-snippet:-1","max-image-preview":"max-image-preview:large","max-video-preview":"max-video-preview:-1"},"canonical":"https:\/\/www.manquecura.cl\/ciudad-del-este\/noticias\/charla-online-genero-y-diversidad-sexual\/","og_locale":"es_ES","og_type":"article","og_title":"Charla online: G\u00e9nero y Diversidad sexual - Colegio Manquecura Ciudad del Este","og_description":"En el marco de nuestra Campa\u00f1a de Salvaguarda #Hablemos, estamos desarrollando un ciclo de charlas, tanto para estudiantes como para padres y apoderados. Partiremos con la tem\u00e1tica &#8220;G\u00e9nero y Diversidad Sexual&#8221;, para estudiantes de 5\u00b0 B\u00e1sico a IV Medio y para apoderados, instancias que est\u00e1n siendo lideradas por el psic\u00f3logo Germ\u00e1n Aburto, especialista en el [&hellip;]","og_url":"https:\/\/www.manquecura.cl\/ciudad-del-este\/noticias\/charla-online-genero-y-diversidad-sexual\/","og_site_name":"Colegio Manquecura Ciudad del Este","article_publisher":"http:\/\/www.facebook.com\/ColegiosManquecura","article_published_time":"2022-10-04T13:51:32+00:00","author":"jorgedelcampo","twitter_card":"summary_large_image","twitter_misc":{"Escrito por":"jorgedelcampo","Tiempo de lectura":"1 minuto"},"schema":{"@context":"https:\/\/schema.org","@graph":[{"@type":"Article","@id":"https:\/\/www.manquecura.cl\/ciudad-del-este\/noticias\/charla-online-genero-y-diversidad-sexual\/#article","isPartOf":{"@id":"https:\/\/www.manquecura.cl\/ciudad-del-este\/noticias\/charla-online-genero-y-diversidad-sexual\/"},"author":{"name":"jorgedelcampo","@id":"https:\/\/www.manquecura.cl\/ciudad-del-este\/#\/schema\/person\/0debeea140e397b5d490ee7e553255d8"},"headline":"Charla online: G\u00e9nero y Diversidad sexual","datePublished":"2022-10-04T13:51:32+00:00","mainEntityOfPage":{"@id":"https:\/\/www.manquecura.cl\/ciudad-del-este\/noticias\/charla-online-genero-y-diversidad-sexual\/"},"wordCount":108,"commentCount":0,"publisher":{"@id":"https:\/\/www.manquecura.cl\/ciudad-del-este\/#organization"},"image":{"@id":"https:\/\/www.manquecura.cl\/ciudad-del-este\/noticias\/charla-online-genero-y-diversidad-sexual\/#primaryimage"},"thumbnailUrl":"https:\/\/www.manquecura.cl\/ciudad-del-este\/wp-content\/uploads\/sites\/41\/2022\/10\/ciclo-de-charlas-diversidad.gif","articleSection":["Vida Escolar"],"inLanguage":"es","potentialAction":[{"@type":"CommentAction","name":"Comment","target":["https:\/\/www.manquecura.cl\/ciudad-del-este\/noticias\/charla-online-genero-y-diversidad-sexual\/#respond"]}]},{"@type":"WebPage","@id":"https:\/\/www.manquecura.cl\/ciudad-del-este\/noticias\/charla-online-genero-y-diversidad-sexual\/","url":"https:\/\/www.manquecura.cl\/ciudad-del-este\/noticias\/charla-online-genero-y-diversidad-sexual\/","name":"Charla online: G\u00e9nero y Diversidad sexual - Colegio Manquecura Ciudad del Este","isPartOf":{"@id":"https:\/\/www.manquecura.cl\/ciudad-del-este\/#website"},"primaryImageOfPage":{"@id":"https:\/\/www.manquecura.cl\/ciudad-del-este\/noticias\/charla-online-genero-y-diversidad-sexual\/#primaryimage"},"image":{"@id":"https:\/\/www.manquecura.cl\/ciudad-del-este\/noticias\/charla-online-genero-y-diversidad-sexual\/#primaryimage"},"thumbnailUrl":"https:\/\/www.manquecura.cl\/ciudad-del-este\/wp-content\/uploads\/sites\/41\/2022\/10\/ciclo-de-charlas-diversidad.gif","datePublished":"2022-10-04T13:51:32+00:00","breadcrumb":{"@id":"https:\/\/www.manquecura.cl\/ciudad-del-este\/noticias\/charla-online-genero-y-diversidad-sexual\/#breadcrumb"},"inLanguage":"es","potentialAction":[{"@type":"ReadAction","target":["https:\/\/www.manquecura.cl\/ciudad-del-este\/noticias\/charla-online-genero-y-diversidad-sexual\/"]}]},{"@type":"ImageObject","inLanguage":"es","@id":"https:\/\/www.manquecura.cl\/ciudad-del-este\/noticias\/charla-online-genero-y-diversidad-sexual\/#primaryimage","url":"https:\/\/www.manquecura.cl\/ciudad-del-este\/wp-content\/uploads\/sites\/41\/2022\/10\/ciclo-de-charlas-diversidad.gif","contentUrl":"https:\/\/www.manquecura.cl\/ciudad-del-este\/wp-content\/uploads\/sites\/41\/2022\/10\/ciclo-de-charlas-diversidad.gif","width":767,"height":480},{"@type":"BreadcrumbList","@id":"https:\/\/www.manquecura.cl\/ciudad-del-este\/noticias\/charla-online-genero-y-diversidad-sexual\/#breadcrumb","itemListElement":[{"@type":"ListItem","position":1,"name":"Home","item":"https:\/\/www.manquecura.cl\/ciudad-del-este\/"},{"@type":"ListItem","position":2,"name":"Charla online: G\u00e9nero y Diversidad sexual"}]},{"@type":"WebSite","@id":"https:\/\/www.manquecura.cl\/ciudad-del-este\/#website","url":"https:\/\/www.manquecura.cl\/ciudad-del-este\/","name":"Colegio Manquecura Ciudad del Este","description":"","publisher":{"@id":"https:\/\/www.manquecura.cl\/ciudad-del-este\/#organization"},"potentialAction":[{"@type":"SearchAction","target":{"@type":"EntryPoint","urlTemplate":"https:\/\/www.manquecura.cl\/ciudad-del-este\/?s={search_term_string}"},"query-input":{"@type":"PropertyValueSpecification","valueRequired":true,"valueName":"search_term_string"}}],"inLanguage":"es"},{"@type":"Organization","@id":"https:\/\/www.manquecura.cl\/ciudad-del-este\/#organization","name":"Colegio Manquecura Ciudad del Este","url":"https:\/\/www.manquecura.cl\/ciudad-del-este\/","logo":{"@type":"ImageObject","inLanguage":"es","@id":"https:\/\/www.manquecura.cl\/ciudad-del-este\/#\/schema\/logo\/image\/","url":"https:\/\/www.manquecura.cl\/ciudad-del-este\/wp-content\/uploads\/sites\/41\/2023\/09\/logo_Manquecura_Ciudad-del-Este_horizontal_color-1.png","contentUrl":"https:\/\/www.manquecura.cl\/ciudad-del-este\/wp-content\/uploads\/sites\/41\/2023\/09\/logo_Manquecura_Ciudad-del-Este_horizontal_color-1.png","width":611,"height":183,"caption":"Colegio Manquecura Ciudad del Este"},"image":{"@id":"https:\/\/www.manquecura.cl\/ciudad-del-este\/#\/schema\/logo\/image\/"},"sameAs":["http:\/\/www.facebook.com\/ColegiosManquecura","http:\/\/www.instagram.com\/manquecura_ciudaddeleste\/","http:\/\/www.youtube.com\/c\/CognitaChile"]},{"@type":"Person","@id":"https:\/\/www.manquecura.cl\/ciudad-del-este\/#\/schema\/person\/0debeea140e397b5d490ee7e553255d8","name":"jorgedelcampo","image":{"@type":"ImageObject","inLanguage":"es","@id":"https:\/\/www.manquecura.cl\/ciudad-del-este\/#\/schema\/person\/image\/","url":"https:\/\/secure.gravatar.com\/avatar\/4a315f521213b2dc91dbda9bf799f711c8a98ab6f5606ec42cf5b33d1e762e8a?s=96&d=mm&r=g","contentUrl":"https:\/\/secure.gravatar.com\/avatar\/4a315f521213b2dc91dbda9bf799f711c8a98ab6f5606ec42cf5b33d1e762e8a?s=96&d=mm&r=g","caption":"jorgedelcampo"}}]}},"jetpack_featured_media_url":"https:\/\/www.manquecura.cl\/ciudad-del-este\/wp-content\/uploads\/sites\/41\/2022\/10\/ciclo-de-charlas-diversidad.gif","previous_post_ID":125569,"previous_post_title":"Charla: Aprendiendo a Gestionar la Frustraci\u00f3n","previous_post_excerpt":"Invitamos cordialmente a los padres y apoderados del programa Desarrollando L\u00edderes Inspiradores (DLI), para los alumnos de Educaci\u00f3n Parvularia a participar de un segundo webinar, realizado por las psic\u00f3logas de la red Cognita, Carla Cerda y Soledad Casal. En esta oportunidad las especialistas abordar\u00e1n un tema que est\u00e1 presente en el d\u00eda a d\u00eda de [&hellip;]","previous_post_link":"https:\/\/www.manquecura.cl\/ciudad-del-este\/noticias\/charla-aprendiendo-a-gestionar-la-frustracion\/","previous_post_class":["post-125569","post","type-post","status-publish","format-standard","has-post-thumbnail","hentry","category-vida-escolar"],"next_post_ID":125571,"next_post_title":"Reviva el webinar DLI: Aprendiendo a gestionar la frustraci\u00f3n","next_post_excerpt":"Si te perdiste el webinar para padres y apoderados de Educaci\u00f3n Parvularia, &#8220;Aprendiendo a gestionar la frustraci\u00f3n&#8221; enmarcado en el programa Desarrollando L\u00edderes Inspiradores (DLI), realizado por las psic\u00f3logas de la red Cognita, Carla Cerda y Soledad Casal, te invitamos a revivirlo hoy. En la transmisi\u00f3n por nuestro canal youtube Cognita Chile, las especialistas abordaron [&hellip;]","next_post_link":"https:\/\/www.manquecura.cl\/ciudad-del-este\/noticias\/reviva-el-webinar-dli-aprendiendo-a-gestionar-la-frustracion\/","next_post_class":["post-125571","post","type-post","status-publish","format-standard","has-post-thumbnail","hentry","category-vida-escolar"],"jetpack_sharing_enabled":true,"_links":{"self":[{"href":"https:\/\/www.manquecura.cl\/ciudad-del-este\/wp-json\/wp\/v2\/posts\/125570","targetHints":{"allow":["GET"]}}],"collection":[{"href":"https:\/\/www.manquecura.cl\/ciudad-del-este\/wp-json\/wp\/v2\/posts"}],"about":[{"href":"https:\/\/www.manquecura.cl\/ciudad-del-este\/wp-json\/wp\/v2\/types\/post"}],"author":[{"embeddable":true,"href":"https:\/\/www.manquecura.cl\/ciudad-del-este\/wp-json\/wp\/v2\/users\/14"}],"replies":[{"embeddable":true,"href":"https:\/\/www.manquecura.cl\/ciudad-del-este\/wp-json\/wp\/v2\/comments?post=125570"}],"version-history":[{"count":0,"href":"https:\/\/www.manquecura.cl\/ciudad-del-este\/wp-json\/wp\/v2\/posts\/125570\/revisions"}],"wp:featuredmedia":[{"embeddable":true,"href":"https:\/\/www.manquecura.cl\/ciudad-del-este\/wp-json\/wp\/v2\/media\/20252"}],"wp:attachment":[{"href":"https:\/\/www.manquecura.cl\/ciudad-del-este\/wp-json\/wp\/v2\/media?parent=125570"}],"wp:term":[{"taxonomy":"category","embeddable":true,"href":"https:\/\/www.manquecura.cl\/ciudad-del-este\/wp-json\/wp\/v2\/categories?post=125570"},{"taxonomy":"post_tag","embeddable":true,"href":"https:\/\/www.manquecura.cl\/ciudad-del-este\/wp-json\/wp\/v2\/tags?post=125570"}],"curies":[{"name":"wp","href":"https:\/\/api.w.org\/{rel}","templated":true}]}}