{"id":125566,"date":"2022-09-13T13:29:27","date_gmt":"2022-09-13T16:29:27","guid":{"rendered":"https:\/\/www.manquecura.cl\/ciudad-del-este\/?p=20112"},"modified":"2022-09-13T13:29:27","modified_gmt":"2022-09-13T16:29:27","slug":"docente-es-reconocido-por-aprendizaje-sin-fronteras","status":"publish","type":"post","link":"https:\/\/www.manquecura.cl\/ciudad-del-este\/noticias\/docente-es-reconocido-por-aprendizaje-sin-fronteras\/","title":{"rendered":"Docente es reconocido por Aprendizaje sin Fronteras"},"content":{"rendered":"<p>Estamos muy orgullosos de nuestro docente Felipe Gonz\u00e1lez, profesor de Educaci\u00f3n F\u00edsica, quien ha sido elegido para participar en el Programa de Intercambio Aprendizaje sin Fronteras o Learning Without Borders (LWB) de la red Cognita Chile. El reconocimiento consiste en un viaje de 3 semanas, con todos los gastos pagados, a compartir y aprender experiencias educativas en un colegio Cognita de Europa.<\/p>\n<p>El programa Aprendizaje sin Fronteras, que premia este a\u00f1o a un docente de cada colegio de la red, tiene como objetivo principal favorecer el intercambio de buenas pr\u00e1cticas de gesti\u00f3n, a trav\u00e9s de novedosas experiencias educativas internacionales, que complementan y aportan a la formaci\u00f3n profesional y personal de nuestros equipos docentes.<\/p>\n<p>Felipe viajar\u00e1 al Colegio Europeo de Madrid (CEM) a mediados de enero de 2023, a vivir una experiencia de intercambio intercultural \u00fanica e inolvidable, que estamos seguros impactar\u00e1 positivamente en los procesos de formaci\u00f3n y aprendizaje de nuestros alumnos, generando tambi\u00e9n nuevas redes de colaboraci\u00f3n m\u00e1s all\u00e1 de las fronteras.<\/p>\n<p>\u00a1Felicitaciones por este gran reconocimiento!<\/p>\n<p style=\"text-align: center\"><strong>Colegio Manquecura Ciudad del Este<\/strong><\/p>\n"},"excerpt":{"rendered":"<p>Estamos muy orgullosos de nuestro docente Felipe Gonz\u00e1lez, profesor de Educaci\u00f3n F\u00edsica, quien ha sido elegido para participar en el Programa de Intercambio Aprendizaje sin Fronteras o Learning Without Borders (LWB) de la red Cognita Chile. El reconocimiento consiste en un viaje de 3 semanas, con todos los gastos pagados, a compartir y aprender experiencias [&hellip;]<\/p>\n","protected":false},"author":14,"featured_media":20119,"comment_status":"open","ping_status":"open","sticky":false,"template":"","format":"standard","meta":{"_acf_changed":false,"content-type":"","_jetpack_memberships_contains_paid_content":false,"footnotes":""},"categories":[1],"tags":[],"class_list":["post-125566","post","type-post","status-publish","format-standard","has-post-thumbnail","hentry","category-vida-escolar"],"acf":[],"yoast_head":"<!-- This site is optimized with the Yoast SEO plugin v27.1.1 - https:\/\/yoast.com\/product\/yoast-seo-wordpress\/ -->\n<title>Docente es reconocido por Aprendizaje sin Fronteras - Colegio Manquecura Ciudad del Este<\/title>\n<meta name=\"robots\" content=\"index, follow, max-snippet:-1, max-image-preview:large, max-video-preview:-1\" \/>\n<link rel=\"canonical\" href=\"https:\/\/www.manquecura.cl\/ciudad-del-este\/noticias\/docente-es-reconocido-por-aprendizaje-sin-fronteras\/\" \/>\n<meta property=\"og:locale\" content=\"es_ES\" \/>\n<meta property=\"og:type\" content=\"article\" \/>\n<meta property=\"og:title\" content=\"Docente es reconocido por Aprendizaje sin Fronteras - Colegio Manquecura Ciudad del Este\" \/>\n<meta property=\"og:description\" content=\"Estamos muy orgullosos de nuestro docente Felipe Gonz\u00e1lez, profesor de Educaci\u00f3n F\u00edsica, quien ha sido elegido para participar en el Programa de Intercambio Aprendizaje sin Fronteras o Learning Without Borders (LWB) de la red Cognita Chile. El reconocimiento consiste en un viaje de 3 semanas, con todos los gastos pagados, a compartir y aprender experiencias [&hellip;]\" \/>\n<meta property=\"og:url\" content=\"https:\/\/www.manquecura.cl\/ciudad-del-este\/noticias\/docente-es-reconocido-por-aprendizaje-sin-fronteras\/\" \/>\n<meta property=\"og:site_name\" content=\"Colegio Manquecura Ciudad del Este\" \/>\n<meta property=\"article:publisher\" content=\"http:\/\/www.facebook.com\/ColegiosManquecura\" \/>\n<meta property=\"article:published_time\" content=\"2022-09-13T16:29:27+00:00\" \/>\n<meta name=\"author\" content=\"jorgedelcampo\" \/>\n<meta name=\"twitter:card\" content=\"summary_large_image\" \/>\n<meta name=\"twitter:label1\" content=\"Escrito por\" \/>\n\t<meta name=\"twitter:data1\" content=\"jorgedelcampo\" \/>\n\t<meta name=\"twitter:label2\" content=\"Tiempo de lectura\" \/>\n\t<meta name=\"twitter:data2\" content=\"1 minuto\" \/>\n<script type=\"application\/ld+json\" class=\"yoast-schema-graph\">{\"@context\":\"https:\/\/schema.org\",\"@graph\":[{\"@type\":\"Article\",\"@id\":\"https:\/\/www.manquecura.cl\/ciudad-del-este\/noticias\/docente-es-reconocido-por-aprendizaje-sin-fronteras\/#article\",\"isPartOf\":{\"@id\":\"https:\/\/www.manquecura.cl\/ciudad-del-este\/noticias\/docente-es-reconocido-por-aprendizaje-sin-fronteras\/\"},\"author\":{\"name\":\"jorgedelcampo\",\"@id\":\"https:\/\/www.manquecura.cl\/ciudad-del-este\/#\/schema\/person\/0debeea140e397b5d490ee7e553255d8\"},\"headline\":\"Docente es reconocido por Aprendizaje sin Fronteras\",\"datePublished\":\"2022-09-13T16:29:27+00:00\",\"mainEntityOfPage\":{\"@id\":\"https:\/\/www.manquecura.cl\/ciudad-del-este\/noticias\/docente-es-reconocido-por-aprendizaje-sin-fronteras\/\"},\"wordCount\":190,\"commentCount\":0,\"publisher\":{\"@id\":\"https:\/\/www.manquecura.cl\/ciudad-del-este\/#organization\"},\"image\":{\"@id\":\"https:\/\/www.manquecura.cl\/ciudad-del-este\/noticias\/docente-es-reconocido-por-aprendizaje-sin-fronteras\/#primaryimage\"},\"thumbnailUrl\":\"https:\/\/www.manquecura.cl\/ciudad-del-este\/wp-content\/uploads\/sites\/41\/2022\/09\/FELIPE-GONZALEZ-WEB.jpg\",\"articleSection\":[\"Vida Escolar\"],\"inLanguage\":\"es\",\"potentialAction\":[{\"@type\":\"CommentAction\",\"name\":\"Comment\",\"target\":[\"https:\/\/www.manquecura.cl\/ciudad-del-este\/noticias\/docente-es-reconocido-por-aprendizaje-sin-fronteras\/#respond\"]}]},{\"@type\":\"WebPage\",\"@id\":\"https:\/\/www.manquecura.cl\/ciudad-del-este\/noticias\/docente-es-reconocido-por-aprendizaje-sin-fronteras\/\",\"url\":\"https:\/\/www.manquecura.cl\/ciudad-del-este\/noticias\/docente-es-reconocido-por-aprendizaje-sin-fronteras\/\",\"name\":\"Docente es reconocido por Aprendizaje sin Fronteras - Colegio Manquecura Ciudad del Este\",\"isPartOf\":{\"@id\":\"https:\/\/www.manquecura.cl\/ciudad-del-este\/#website\"},\"primaryImageOfPage\":{\"@id\":\"https:\/\/www.manquecura.cl\/ciudad-del-este\/noticias\/docente-es-reconocido-por-aprendizaje-sin-fronteras\/#primaryimage\"},\"image\":{\"@id\":\"https:\/\/www.manquecura.cl\/ciudad-del-este\/noticias\/docente-es-reconocido-por-aprendizaje-sin-fronteras\/#primaryimage\"},\"thumbnailUrl\":\"https:\/\/www.manquecura.cl\/ciudad-del-este\/wp-content\/uploads\/sites\/41\/2022\/09\/FELIPE-GONZALEZ-WEB.jpg\",\"datePublished\":\"2022-09-13T16:29:27+00:00\",\"breadcrumb\":{\"@id\":\"https:\/\/www.manquecura.cl\/ciudad-del-este\/noticias\/docente-es-reconocido-por-aprendizaje-sin-fronteras\/#breadcrumb\"},\"inLanguage\":\"es\",\"potentialAction\":[{\"@type\":\"ReadAction\",\"target\":[\"https:\/\/www.manquecura.cl\/ciudad-del-este\/noticias\/docente-es-reconocido-por-aprendizaje-sin-fronteras\/\"]}]},{\"@type\":\"ImageObject\",\"inLanguage\":\"es\",\"@id\":\"https:\/\/www.manquecura.cl\/ciudad-del-este\/noticias\/docente-es-reconocido-por-aprendizaje-sin-fronteras\/#primaryimage\",\"url\":\"https:\/\/www.manquecura.cl\/ciudad-del-este\/wp-content\/uploads\/sites\/41\/2022\/09\/FELIPE-GONZALEZ-WEB.jpg\",\"contentUrl\":\"https:\/\/www.manquecura.cl\/ciudad-del-este\/wp-content\/uploads\/sites\/41\/2022\/09\/FELIPE-GONZALEZ-WEB.jpg\",\"width\":836,\"height\":523},{\"@type\":\"BreadcrumbList\",\"@id\":\"https:\/\/www.manquecura.cl\/ciudad-del-este\/noticias\/docente-es-reconocido-por-aprendizaje-sin-fronteras\/#breadcrumb\",\"itemListElement\":[{\"@type\":\"ListItem\",\"position\":1,\"name\":\"Home\",\"item\":\"https:\/\/www.manquecura.cl\/ciudad-del-este\/\"},{\"@type\":\"ListItem\",\"position\":2,\"name\":\"Docente es reconocido por Aprendizaje sin Fronteras\"}]},{\"@type\":\"WebSite\",\"@id\":\"https:\/\/www.manquecura.cl\/ciudad-del-este\/#website\",\"url\":\"https:\/\/www.manquecura.cl\/ciudad-del-este\/\",\"name\":\"Colegio Manquecura Ciudad del Este\",\"description\":\"\",\"publisher\":{\"@id\":\"https:\/\/www.manquecura.cl\/ciudad-del-este\/#organization\"},\"potentialAction\":[{\"@type\":\"SearchAction\",\"target\":{\"@type\":\"EntryPoint\",\"urlTemplate\":\"https:\/\/www.manquecura.cl\/ciudad-del-este\/?s={search_term_string}\"},\"query-input\":{\"@type\":\"PropertyValueSpecification\",\"valueRequired\":true,\"valueName\":\"search_term_string\"}}],\"inLanguage\":\"es\"},{\"@type\":\"Organization\",\"@id\":\"https:\/\/www.manquecura.cl\/ciudad-del-este\/#organization\",\"name\":\"Colegio Manquecura Ciudad del Este\",\"url\":\"https:\/\/www.manquecura.cl\/ciudad-del-este\/\",\"logo\":{\"@type\":\"ImageObject\",\"inLanguage\":\"es\",\"@id\":\"https:\/\/www.manquecura.cl\/ciudad-del-este\/#\/schema\/logo\/image\/\",\"url\":\"https:\/\/www.manquecura.cl\/ciudad-del-este\/wp-content\/uploads\/sites\/41\/2023\/09\/logo_Manquecura_Ciudad-del-Este_horizontal_color-1.png\",\"contentUrl\":\"https:\/\/www.manquecura.cl\/ciudad-del-este\/wp-content\/uploads\/sites\/41\/2023\/09\/logo_Manquecura_Ciudad-del-Este_horizontal_color-1.png\",\"width\":611,\"height\":183,\"caption\":\"Colegio Manquecura Ciudad del Este\"},\"image\":{\"@id\":\"https:\/\/www.manquecura.cl\/ciudad-del-este\/#\/schema\/logo\/image\/\"},\"sameAs\":[\"http:\/\/www.facebook.com\/ColegiosManquecura\",\"http:\/\/www.instagram.com\/manquecura_ciudaddeleste\/\",\"http:\/\/www.youtube.com\/c\/CognitaChile\"]},{\"@type\":\"Person\",\"@id\":\"https:\/\/www.manquecura.cl\/ciudad-del-este\/#\/schema\/person\/0debeea140e397b5d490ee7e553255d8\",\"name\":\"jorgedelcampo\",\"image\":{\"@type\":\"ImageObject\",\"inLanguage\":\"es\",\"@id\":\"https:\/\/www.manquecura.cl\/ciudad-del-este\/#\/schema\/person\/image\/\",\"url\":\"https:\/\/secure.gravatar.com\/avatar\/4a315f521213b2dc91dbda9bf799f711c8a98ab6f5606ec42cf5b33d1e762e8a?s=96&d=mm&r=g\",\"contentUrl\":\"https:\/\/secure.gravatar.com\/avatar\/4a315f521213b2dc91dbda9bf799f711c8a98ab6f5606ec42cf5b33d1e762e8a?s=96&d=mm&r=g\",\"caption\":\"jorgedelcampo\"}}]}<\/script>\n<!-- \/ Yoast SEO plugin. -->","yoast_head_json":{"title":"Docente es reconocido por Aprendizaje sin Fronteras - Colegio Manquecura Ciudad del Este","robots":{"index":"index","follow":"follow","max-snippet":"max-snippet:-1","max-image-preview":"max-image-preview:large","max-video-preview":"max-video-preview:-1"},"canonical":"https:\/\/www.manquecura.cl\/ciudad-del-este\/noticias\/docente-es-reconocido-por-aprendizaje-sin-fronteras\/","og_locale":"es_ES","og_type":"article","og_title":"Docente es reconocido por Aprendizaje sin Fronteras - Colegio Manquecura Ciudad del Este","og_description":"Estamos muy orgullosos de nuestro docente Felipe Gonz\u00e1lez, profesor de Educaci\u00f3n F\u00edsica, quien ha sido elegido para participar en el Programa de Intercambio Aprendizaje sin Fronteras o Learning Without Borders (LWB) de la red Cognita Chile. El reconocimiento consiste en un viaje de 3 semanas, con todos los gastos pagados, a compartir y aprender experiencias [&hellip;]","og_url":"https:\/\/www.manquecura.cl\/ciudad-del-este\/noticias\/docente-es-reconocido-por-aprendizaje-sin-fronteras\/","og_site_name":"Colegio Manquecura Ciudad del Este","article_publisher":"http:\/\/www.facebook.com\/ColegiosManquecura","article_published_time":"2022-09-13T16:29:27+00:00","author":"jorgedelcampo","twitter_card":"summary_large_image","twitter_misc":{"Escrito por":"jorgedelcampo","Tiempo de lectura":"1 minuto"},"schema":{"@context":"https:\/\/schema.org","@graph":[{"@type":"Article","@id":"https:\/\/www.manquecura.cl\/ciudad-del-este\/noticias\/docente-es-reconocido-por-aprendizaje-sin-fronteras\/#article","isPartOf":{"@id":"https:\/\/www.manquecura.cl\/ciudad-del-este\/noticias\/docente-es-reconocido-por-aprendizaje-sin-fronteras\/"},"author":{"name":"jorgedelcampo","@id":"https:\/\/www.manquecura.cl\/ciudad-del-este\/#\/schema\/person\/0debeea140e397b5d490ee7e553255d8"},"headline":"Docente es reconocido por Aprendizaje sin Fronteras","datePublished":"2022-09-13T16:29:27+00:00","mainEntityOfPage":{"@id":"https:\/\/www.manquecura.cl\/ciudad-del-este\/noticias\/docente-es-reconocido-por-aprendizaje-sin-fronteras\/"},"wordCount":190,"commentCount":0,"publisher":{"@id":"https:\/\/www.manquecura.cl\/ciudad-del-este\/#organization"},"image":{"@id":"https:\/\/www.manquecura.cl\/ciudad-del-este\/noticias\/docente-es-reconocido-por-aprendizaje-sin-fronteras\/#primaryimage"},"thumbnailUrl":"https:\/\/www.manquecura.cl\/ciudad-del-este\/wp-content\/uploads\/sites\/41\/2022\/09\/FELIPE-GONZALEZ-WEB.jpg","articleSection":["Vida Escolar"],"inLanguage":"es","potentialAction":[{"@type":"CommentAction","name":"Comment","target":["https:\/\/www.manquecura.cl\/ciudad-del-este\/noticias\/docente-es-reconocido-por-aprendizaje-sin-fronteras\/#respond"]}]},{"@type":"WebPage","@id":"https:\/\/www.manquecura.cl\/ciudad-del-este\/noticias\/docente-es-reconocido-por-aprendizaje-sin-fronteras\/","url":"https:\/\/www.manquecura.cl\/ciudad-del-este\/noticias\/docente-es-reconocido-por-aprendizaje-sin-fronteras\/","name":"Docente es reconocido por Aprendizaje sin Fronteras - Colegio Manquecura Ciudad del Este","isPartOf":{"@id":"https:\/\/www.manquecura.cl\/ciudad-del-este\/#website"},"primaryImageOfPage":{"@id":"https:\/\/www.manquecura.cl\/ciudad-del-este\/noticias\/docente-es-reconocido-por-aprendizaje-sin-fronteras\/#primaryimage"},"image":{"@id":"https:\/\/www.manquecura.cl\/ciudad-del-este\/noticias\/docente-es-reconocido-por-aprendizaje-sin-fronteras\/#primaryimage"},"thumbnailUrl":"https:\/\/www.manquecura.cl\/ciudad-del-este\/wp-content\/uploads\/sites\/41\/2022\/09\/FELIPE-GONZALEZ-WEB.jpg","datePublished":"2022-09-13T16:29:27+00:00","breadcrumb":{"@id":"https:\/\/www.manquecura.cl\/ciudad-del-este\/noticias\/docente-es-reconocido-por-aprendizaje-sin-fronteras\/#breadcrumb"},"inLanguage":"es","potentialAction":[{"@type":"ReadAction","target":["https:\/\/www.manquecura.cl\/ciudad-del-este\/noticias\/docente-es-reconocido-por-aprendizaje-sin-fronteras\/"]}]},{"@type":"ImageObject","inLanguage":"es","@id":"https:\/\/www.manquecura.cl\/ciudad-del-este\/noticias\/docente-es-reconocido-por-aprendizaje-sin-fronteras\/#primaryimage","url":"https:\/\/www.manquecura.cl\/ciudad-del-este\/wp-content\/uploads\/sites\/41\/2022\/09\/FELIPE-GONZALEZ-WEB.jpg","contentUrl":"https:\/\/www.manquecura.cl\/ciudad-del-este\/wp-content\/uploads\/sites\/41\/2022\/09\/FELIPE-GONZALEZ-WEB.jpg","width":836,"height":523},{"@type":"BreadcrumbList","@id":"https:\/\/www.manquecura.cl\/ciudad-del-este\/noticias\/docente-es-reconocido-por-aprendizaje-sin-fronteras\/#breadcrumb","itemListElement":[{"@type":"ListItem","position":1,"name":"Home","item":"https:\/\/www.manquecura.cl\/ciudad-del-este\/"},{"@type":"ListItem","position":2,"name":"Docente es reconocido por Aprendizaje sin Fronteras"}]},{"@type":"WebSite","@id":"https:\/\/www.manquecura.cl\/ciudad-del-este\/#website","url":"https:\/\/www.manquecura.cl\/ciudad-del-este\/","name":"Colegio Manquecura Ciudad del Este","description":"","publisher":{"@id":"https:\/\/www.manquecura.cl\/ciudad-del-este\/#organization"},"potentialAction":[{"@type":"SearchAction","target":{"@type":"EntryPoint","urlTemplate":"https:\/\/www.manquecura.cl\/ciudad-del-este\/?s={search_term_string}"},"query-input":{"@type":"PropertyValueSpecification","valueRequired":true,"valueName":"search_term_string"}}],"inLanguage":"es"},{"@type":"Organization","@id":"https:\/\/www.manquecura.cl\/ciudad-del-este\/#organization","name":"Colegio Manquecura Ciudad del Este","url":"https:\/\/www.manquecura.cl\/ciudad-del-este\/","logo":{"@type":"ImageObject","inLanguage":"es","@id":"https:\/\/www.manquecura.cl\/ciudad-del-este\/#\/schema\/logo\/image\/","url":"https:\/\/www.manquecura.cl\/ciudad-del-este\/wp-content\/uploads\/sites\/41\/2023\/09\/logo_Manquecura_Ciudad-del-Este_horizontal_color-1.png","contentUrl":"https:\/\/www.manquecura.cl\/ciudad-del-este\/wp-content\/uploads\/sites\/41\/2023\/09\/logo_Manquecura_Ciudad-del-Este_horizontal_color-1.png","width":611,"height":183,"caption":"Colegio Manquecura Ciudad del Este"},"image":{"@id":"https:\/\/www.manquecura.cl\/ciudad-del-este\/#\/schema\/logo\/image\/"},"sameAs":["http:\/\/www.facebook.com\/ColegiosManquecura","http:\/\/www.instagram.com\/manquecura_ciudaddeleste\/","http:\/\/www.youtube.com\/c\/CognitaChile"]},{"@type":"Person","@id":"https:\/\/www.manquecura.cl\/ciudad-del-este\/#\/schema\/person\/0debeea140e397b5d490ee7e553255d8","name":"jorgedelcampo","image":{"@type":"ImageObject","inLanguage":"es","@id":"https:\/\/www.manquecura.cl\/ciudad-del-este\/#\/schema\/person\/image\/","url":"https:\/\/secure.gravatar.com\/avatar\/4a315f521213b2dc91dbda9bf799f711c8a98ab6f5606ec42cf5b33d1e762e8a?s=96&d=mm&r=g","contentUrl":"https:\/\/secure.gravatar.com\/avatar\/4a315f521213b2dc91dbda9bf799f711c8a98ab6f5606ec42cf5b33d1e762e8a?s=96&d=mm&r=g","caption":"jorgedelcampo"}}]}},"jetpack_featured_media_url":"https:\/\/www.manquecura.cl\/ciudad-del-este\/wp-content\/uploads\/sites\/41\/2022\/09\/FELIPE-GONZALEZ-WEB.jpg","previous_post_ID":125565,"previous_post_title":"Presentamos a nuestra Star Pupil 2022","previous_post_excerpt":"Con mucha alegr\u00eda presentamos a nuestra Alumna Estrella 2022, Sof\u00eda Castillo Donoso, del II Medio A , quien viajar\u00e1 en noviembre de este a\u00f1o a Inglaterra, con todos los gastos pagados, para a perfeccionar su idioma ingl\u00e9s y conocer otros colegios de nuestra red Cognita. La ganadora de la \u201cEuropean Scholarships for Star Pupil\u201d, recibi\u00f3 [&hellip;]","previous_post_link":"https:\/\/www.manquecura.cl\/ciudad-del-este\/noticias\/presentamos-a-nuestra-star-pupil-2022\/","previous_post_class":["post-125565","post","type-post","status-publish","format-standard","has-post-thumbnail","hentry","category-vida-escolar"],"next_post_ID":125567,"next_post_title":"Preparados para el Global Be Well Day de Cognita","next_post_excerpt":"El viernes 30 de septiembre, nuestra comunidad educativa, junto a m\u00e1s de 95 colegios en el mundo, celebrar\u00e1n la cuarta versi\u00f3n del D\u00eda Global del Bienestar de Cognita. El D\u00eda Global del Bienestar (GBWD) es: \u2022 Un reconocimiento a todo lo que hacemos a lo largo del a\u00f1o para priorizar el Bienestar, y un recordatorio [&hellip;]","next_post_link":"https:\/\/www.manquecura.cl\/ciudad-del-este\/noticias\/preparados-para-el-global-be-well-day-de-cognita\/","next_post_class":["post-125567","post","type-post","status-publish","format-standard","has-post-thumbnail","hentry","category-vida-escolar"],"jetpack_sharing_enabled":true,"_links":{"self":[{"href":"https:\/\/www.manquecura.cl\/ciudad-del-este\/wp-json\/wp\/v2\/posts\/125566","targetHints":{"allow":["GET"]}}],"collection":[{"href":"https:\/\/www.manquecura.cl\/ciudad-del-este\/wp-json\/wp\/v2\/posts"}],"about":[{"href":"https:\/\/www.manquecura.cl\/ciudad-del-este\/wp-json\/wp\/v2\/types\/post"}],"author":[{"embeddable":true,"href":"https:\/\/www.manquecura.cl\/ciudad-del-este\/wp-json\/wp\/v2\/users\/14"}],"replies":[{"embeddable":true,"href":"https:\/\/www.manquecura.cl\/ciudad-del-este\/wp-json\/wp\/v2\/comments?post=125566"}],"version-history":[{"count":0,"href":"https:\/\/www.manquecura.cl\/ciudad-del-este\/wp-json\/wp\/v2\/posts\/125566\/revisions"}],"wp:featuredmedia":[{"embeddable":true,"href":"https:\/\/www.manquecura.cl\/ciudad-del-este\/wp-json\/wp\/v2\/media\/20119"}],"wp:attachment":[{"href":"https:\/\/www.manquecura.cl\/ciudad-del-este\/wp-json\/wp\/v2\/media?parent=125566"}],"wp:term":[{"taxonomy":"category","embeddable":true,"href":"https:\/\/www.manquecura.cl\/ciudad-del-este\/wp-json\/wp\/v2\/categories?post=125566"},{"taxonomy":"post_tag","embeddable":true,"href":"https:\/\/www.manquecura.cl\/ciudad-del-este\/wp-json\/wp\/v2\/tags?post=125566"}],"curies":[{"name":"wp","href":"https:\/\/api.w.org\/{rel}","templated":true}]}}