{"id":125559,"date":"2022-08-22T18:19:38","date_gmt":"2022-08-22T22:19:38","guid":{"rendered":"https:\/\/www.manquecura.cl\/ciudad-del-este\/?p=19950"},"modified":"2022-08-22T18:19:38","modified_gmt":"2022-08-22T22:19:38","slug":"ceremonia-de-cierre-del-i-semestre-escuela-de-futbol-condores-cde-del-ciclo-de-parvularia","status":"publish","type":"post","link":"https:\/\/www.manquecura.cl\/ciudad-del-este\/noticias\/ceremonia-de-cierre-del-i-semestre-escuela-de-futbol-condores-cde-del-ciclo-de-parvularia\/","title":{"rendered":"Ceremonia de cierre del I semestre Escuela de F\u00fatbol C\u00f3ndores CDE del ciclo de Parvularia"},"content":{"rendered":"<p>Hace un par de semanas comenzamos con las actividades extra program\u00e1ticas del segundo semestre en nuestro colegio, y no queremos dejar de compartir la alegr\u00eda de los ni\u00f1os y ni\u00f1as del ciclo de Educaci\u00f3n Parvularia que participaron de la Escuela de F\u00fatbol del primer periodo.<\/p>\n<p>Nuestros peque\u00f1os C\u00f3ndores de Manquecura se destacaron por su esfuerzo y participaci\u00f3n y es por ello que cada uno de ellos recibi\u00f3 medallas. \u00a1Felicitaciones!<\/p>\n<p style=\"text-align: center\"><strong>Colegio Manquecura Ciudad del Este<\/strong><\/p>\n<p>\u00a0[multimedia id=&#8221;1&#8243;]<\/p>\n"},"excerpt":{"rendered":"<p>Hace un par de semanas comenzamos con las actividades extra program\u00e1ticas del segundo semestre en nuestro colegio, y no queremos dejar de compartir la alegr\u00eda de los ni\u00f1os y ni\u00f1as del ciclo de Educaci\u00f3n Parvularia que participaron de la Escuela de F\u00fatbol del primer periodo. Nuestros peque\u00f1os C\u00f3ndores de Manquecura se destacaron por su esfuerzo [&hellip;]<\/p>\n","protected":false},"author":14,"featured_media":19962,"comment_status":"open","ping_status":"open","sticky":false,"template":"","format":"standard","meta":{"_acf_changed":false,"content-type":"","_jetpack_memberships_contains_paid_content":false,"footnotes":""},"categories":[1],"tags":[],"class_list":["post-125559","post","type-post","status-publish","format-standard","has-post-thumbnail","hentry","category-vida-escolar"],"acf":[],"yoast_head":"<!-- This site is optimized with the Yoast SEO plugin v27.1.1 - https:\/\/yoast.com\/product\/yoast-seo-wordpress\/ -->\n<title>Ceremonia de cierre del I semestre Escuela de F\u00fatbol C\u00f3ndores CDE del ciclo de Parvularia - Colegio Manquecura Ciudad del Este<\/title>\n<meta name=\"robots\" content=\"index, follow, max-snippet:-1, max-image-preview:large, max-video-preview:-1\" \/>\n<link rel=\"canonical\" href=\"https:\/\/www.manquecura.cl\/ciudad-del-este\/noticias\/ceremonia-de-cierre-del-i-semestre-escuela-de-futbol-condores-cde-del-ciclo-de-parvularia\/\" \/>\n<meta property=\"og:locale\" content=\"es_ES\" \/>\n<meta property=\"og:type\" content=\"article\" \/>\n<meta property=\"og:title\" content=\"Ceremonia de cierre del I semestre Escuela de F\u00fatbol C\u00f3ndores CDE del ciclo de Parvularia - Colegio Manquecura Ciudad del Este\" \/>\n<meta property=\"og:description\" content=\"Hace un par de semanas comenzamos con las actividades extra program\u00e1ticas del segundo semestre en nuestro colegio, y no queremos dejar de compartir la alegr\u00eda de los ni\u00f1os y ni\u00f1as del ciclo de Educaci\u00f3n Parvularia que participaron de la Escuela de F\u00fatbol del primer periodo. Nuestros peque\u00f1os C\u00f3ndores de Manquecura se destacaron por su esfuerzo [&hellip;]\" \/>\n<meta property=\"og:url\" content=\"https:\/\/www.manquecura.cl\/ciudad-del-este\/noticias\/ceremonia-de-cierre-del-i-semestre-escuela-de-futbol-condores-cde-del-ciclo-de-parvularia\/\" \/>\n<meta property=\"og:site_name\" content=\"Colegio Manquecura Ciudad del Este\" \/>\n<meta property=\"article:publisher\" content=\"http:\/\/www.facebook.com\/ColegiosManquecura\" \/>\n<meta property=\"article:published_time\" content=\"2022-08-22T22:19:38+00:00\" \/>\n<meta name=\"author\" content=\"jorgedelcampo\" \/>\n<meta name=\"twitter:card\" content=\"summary_large_image\" \/>\n<meta name=\"twitter:label1\" content=\"Escrito por\" \/>\n\t<meta name=\"twitter:data1\" content=\"jorgedelcampo\" \/>\n<script type=\"application\/ld+json\" class=\"yoast-schema-graph\">{\"@context\":\"https:\/\/schema.org\",\"@graph\":[{\"@type\":\"Article\",\"@id\":\"https:\/\/www.manquecura.cl\/ciudad-del-este\/noticias\/ceremonia-de-cierre-del-i-semestre-escuela-de-futbol-condores-cde-del-ciclo-de-parvularia\/#article\",\"isPartOf\":{\"@id\":\"https:\/\/www.manquecura.cl\/ciudad-del-este\/noticias\/ceremonia-de-cierre-del-i-semestre-escuela-de-futbol-condores-cde-del-ciclo-de-parvularia\/\"},\"author\":{\"name\":\"jorgedelcampo\",\"@id\":\"https:\/\/www.manquecura.cl\/ciudad-del-este\/#\/schema\/person\/0debeea140e397b5d490ee7e553255d8\"},\"headline\":\"Ceremonia de cierre del I semestre Escuela de F\u00fatbol C\u00f3ndores CDE del ciclo de Parvularia\",\"datePublished\":\"2022-08-22T22:19:38+00:00\",\"mainEntityOfPage\":{\"@id\":\"https:\/\/www.manquecura.cl\/ciudad-del-este\/noticias\/ceremonia-de-cierre-del-i-semestre-escuela-de-futbol-condores-cde-del-ciclo-de-parvularia\/\"},\"wordCount\":102,\"commentCount\":0,\"publisher\":{\"@id\":\"https:\/\/www.manquecura.cl\/ciudad-del-este\/#organization\"},\"image\":{\"@id\":\"https:\/\/www.manquecura.cl\/ciudad-del-este\/noticias\/ceremonia-de-cierre-del-i-semestre-escuela-de-futbol-condores-cde-del-ciclo-de-parvularia\/#primaryimage\"},\"thumbnailUrl\":\"https:\/\/www.manquecura.cl\/ciudad-del-este\/wp-content\/uploads\/sites\/41\/2022\/08\/escuela-de-futbol-en-educacion-parvularia-manquecura-ciudad-del-este_1-1.jpg\",\"articleSection\":[\"Vida Escolar\"],\"inLanguage\":\"es\",\"potentialAction\":[{\"@type\":\"CommentAction\",\"name\":\"Comment\",\"target\":[\"https:\/\/www.manquecura.cl\/ciudad-del-este\/noticias\/ceremonia-de-cierre-del-i-semestre-escuela-de-futbol-condores-cde-del-ciclo-de-parvularia\/#respond\"]}]},{\"@type\":\"WebPage\",\"@id\":\"https:\/\/www.manquecura.cl\/ciudad-del-este\/noticias\/ceremonia-de-cierre-del-i-semestre-escuela-de-futbol-condores-cde-del-ciclo-de-parvularia\/\",\"url\":\"https:\/\/www.manquecura.cl\/ciudad-del-este\/noticias\/ceremonia-de-cierre-del-i-semestre-escuela-de-futbol-condores-cde-del-ciclo-de-parvularia\/\",\"name\":\"Ceremonia de cierre del I semestre Escuela de F\u00fatbol C\u00f3ndores CDE del ciclo de Parvularia - Colegio Manquecura Ciudad del Este\",\"isPartOf\":{\"@id\":\"https:\/\/www.manquecura.cl\/ciudad-del-este\/#website\"},\"primaryImageOfPage\":{\"@id\":\"https:\/\/www.manquecura.cl\/ciudad-del-este\/noticias\/ceremonia-de-cierre-del-i-semestre-escuela-de-futbol-condores-cde-del-ciclo-de-parvularia\/#primaryimage\"},\"image\":{\"@id\":\"https:\/\/www.manquecura.cl\/ciudad-del-este\/noticias\/ceremonia-de-cierre-del-i-semestre-escuela-de-futbol-condores-cde-del-ciclo-de-parvularia\/#primaryimage\"},\"thumbnailUrl\":\"https:\/\/www.manquecura.cl\/ciudad-del-este\/wp-content\/uploads\/sites\/41\/2022\/08\/escuela-de-futbol-en-educacion-parvularia-manquecura-ciudad-del-este_1-1.jpg\",\"datePublished\":\"2022-08-22T22:19:38+00:00\",\"breadcrumb\":{\"@id\":\"https:\/\/www.manquecura.cl\/ciudad-del-este\/noticias\/ceremonia-de-cierre-del-i-semestre-escuela-de-futbol-condores-cde-del-ciclo-de-parvularia\/#breadcrumb\"},\"inLanguage\":\"es\",\"potentialAction\":[{\"@type\":\"ReadAction\",\"target\":[\"https:\/\/www.manquecura.cl\/ciudad-del-este\/noticias\/ceremonia-de-cierre-del-i-semestre-escuela-de-futbol-condores-cde-del-ciclo-de-parvularia\/\"]}]},{\"@type\":\"ImageObject\",\"inLanguage\":\"es\",\"@id\":\"https:\/\/www.manquecura.cl\/ciudad-del-este\/noticias\/ceremonia-de-cierre-del-i-semestre-escuela-de-futbol-condores-cde-del-ciclo-de-parvularia\/#primaryimage\",\"url\":\"https:\/\/www.manquecura.cl\/ciudad-del-este\/wp-content\/uploads\/sites\/41\/2022\/08\/escuela-de-futbol-en-educacion-parvularia-manquecura-ciudad-del-este_1-1.jpg\",\"contentUrl\":\"https:\/\/www.manquecura.cl\/ciudad-del-este\/wp-content\/uploads\/sites\/41\/2022\/08\/escuela-de-futbol-en-educacion-parvularia-manquecura-ciudad-del-este_1-1.jpg\",\"width\":836,\"height\":523},{\"@type\":\"BreadcrumbList\",\"@id\":\"https:\/\/www.manquecura.cl\/ciudad-del-este\/noticias\/ceremonia-de-cierre-del-i-semestre-escuela-de-futbol-condores-cde-del-ciclo-de-parvularia\/#breadcrumb\",\"itemListElement\":[{\"@type\":\"ListItem\",\"position\":1,\"name\":\"Home\",\"item\":\"https:\/\/www.manquecura.cl\/ciudad-del-este\/\"},{\"@type\":\"ListItem\",\"position\":2,\"name\":\"Ceremonia de cierre del I semestre Escuela de F\u00fatbol C\u00f3ndores CDE del ciclo de Parvularia\"}]},{\"@type\":\"WebSite\",\"@id\":\"https:\/\/www.manquecura.cl\/ciudad-del-este\/#website\",\"url\":\"https:\/\/www.manquecura.cl\/ciudad-del-este\/\",\"name\":\"Colegio Manquecura Ciudad del Este\",\"description\":\"\",\"publisher\":{\"@id\":\"https:\/\/www.manquecura.cl\/ciudad-del-este\/#organization\"},\"potentialAction\":[{\"@type\":\"SearchAction\",\"target\":{\"@type\":\"EntryPoint\",\"urlTemplate\":\"https:\/\/www.manquecura.cl\/ciudad-del-este\/?s={search_term_string}\"},\"query-input\":{\"@type\":\"PropertyValueSpecification\",\"valueRequired\":true,\"valueName\":\"search_term_string\"}}],\"inLanguage\":\"es\"},{\"@type\":\"Organization\",\"@id\":\"https:\/\/www.manquecura.cl\/ciudad-del-este\/#organization\",\"name\":\"Colegio Manquecura Ciudad del Este\",\"url\":\"https:\/\/www.manquecura.cl\/ciudad-del-este\/\",\"logo\":{\"@type\":\"ImageObject\",\"inLanguage\":\"es\",\"@id\":\"https:\/\/www.manquecura.cl\/ciudad-del-este\/#\/schema\/logo\/image\/\",\"url\":\"https:\/\/www.manquecura.cl\/ciudad-del-este\/wp-content\/uploads\/sites\/41\/2023\/09\/logo_Manquecura_Ciudad-del-Este_horizontal_color-1.png\",\"contentUrl\":\"https:\/\/www.manquecura.cl\/ciudad-del-este\/wp-content\/uploads\/sites\/41\/2023\/09\/logo_Manquecura_Ciudad-del-Este_horizontal_color-1.png\",\"width\":611,\"height\":183,\"caption\":\"Colegio Manquecura Ciudad del Este\"},\"image\":{\"@id\":\"https:\/\/www.manquecura.cl\/ciudad-del-este\/#\/schema\/logo\/image\/\"},\"sameAs\":[\"http:\/\/www.facebook.com\/ColegiosManquecura\",\"http:\/\/www.instagram.com\/manquecura_ciudaddeleste\/\",\"http:\/\/www.youtube.com\/c\/CognitaChile\"]},{\"@type\":\"Person\",\"@id\":\"https:\/\/www.manquecura.cl\/ciudad-del-este\/#\/schema\/person\/0debeea140e397b5d490ee7e553255d8\",\"name\":\"jorgedelcampo\",\"image\":{\"@type\":\"ImageObject\",\"inLanguage\":\"es\",\"@id\":\"https:\/\/www.manquecura.cl\/ciudad-del-este\/#\/schema\/person\/image\/\",\"url\":\"https:\/\/secure.gravatar.com\/avatar\/4a315f521213b2dc91dbda9bf799f711c8a98ab6f5606ec42cf5b33d1e762e8a?s=96&d=mm&r=g\",\"contentUrl\":\"https:\/\/secure.gravatar.com\/avatar\/4a315f521213b2dc91dbda9bf799f711c8a98ab6f5606ec42cf5b33d1e762e8a?s=96&d=mm&r=g\",\"caption\":\"jorgedelcampo\"}}]}<\/script>\n<!-- \/ Yoast SEO plugin. -->","yoast_head_json":{"title":"Ceremonia de cierre del I semestre Escuela de F\u00fatbol C\u00f3ndores CDE del ciclo de Parvularia - Colegio Manquecura Ciudad del Este","robots":{"index":"index","follow":"follow","max-snippet":"max-snippet:-1","max-image-preview":"max-image-preview:large","max-video-preview":"max-video-preview:-1"},"canonical":"https:\/\/www.manquecura.cl\/ciudad-del-este\/noticias\/ceremonia-de-cierre-del-i-semestre-escuela-de-futbol-condores-cde-del-ciclo-de-parvularia\/","og_locale":"es_ES","og_type":"article","og_title":"Ceremonia de cierre del I semestre Escuela de F\u00fatbol C\u00f3ndores CDE del ciclo de Parvularia - Colegio Manquecura Ciudad del Este","og_description":"Hace un par de semanas comenzamos con las actividades extra program\u00e1ticas del segundo semestre en nuestro colegio, y no queremos dejar de compartir la alegr\u00eda de los ni\u00f1os y ni\u00f1as del ciclo de Educaci\u00f3n Parvularia que participaron de la Escuela de F\u00fatbol del primer periodo. Nuestros peque\u00f1os C\u00f3ndores de Manquecura se destacaron por su esfuerzo [&hellip;]","og_url":"https:\/\/www.manquecura.cl\/ciudad-del-este\/noticias\/ceremonia-de-cierre-del-i-semestre-escuela-de-futbol-condores-cde-del-ciclo-de-parvularia\/","og_site_name":"Colegio Manquecura Ciudad del Este","article_publisher":"http:\/\/www.facebook.com\/ColegiosManquecura","article_published_time":"2022-08-22T22:19:38+00:00","author":"jorgedelcampo","twitter_card":"summary_large_image","twitter_misc":{"Escrito por":"jorgedelcampo"},"schema":{"@context":"https:\/\/schema.org","@graph":[{"@type":"Article","@id":"https:\/\/www.manquecura.cl\/ciudad-del-este\/noticias\/ceremonia-de-cierre-del-i-semestre-escuela-de-futbol-condores-cde-del-ciclo-de-parvularia\/#article","isPartOf":{"@id":"https:\/\/www.manquecura.cl\/ciudad-del-este\/noticias\/ceremonia-de-cierre-del-i-semestre-escuela-de-futbol-condores-cde-del-ciclo-de-parvularia\/"},"author":{"name":"jorgedelcampo","@id":"https:\/\/www.manquecura.cl\/ciudad-del-este\/#\/schema\/person\/0debeea140e397b5d490ee7e553255d8"},"headline":"Ceremonia de cierre del I semestre Escuela de F\u00fatbol C\u00f3ndores CDE del ciclo de Parvularia","datePublished":"2022-08-22T22:19:38+00:00","mainEntityOfPage":{"@id":"https:\/\/www.manquecura.cl\/ciudad-del-este\/noticias\/ceremonia-de-cierre-del-i-semestre-escuela-de-futbol-condores-cde-del-ciclo-de-parvularia\/"},"wordCount":102,"commentCount":0,"publisher":{"@id":"https:\/\/www.manquecura.cl\/ciudad-del-este\/#organization"},"image":{"@id":"https:\/\/www.manquecura.cl\/ciudad-del-este\/noticias\/ceremonia-de-cierre-del-i-semestre-escuela-de-futbol-condores-cde-del-ciclo-de-parvularia\/#primaryimage"},"thumbnailUrl":"https:\/\/www.manquecura.cl\/ciudad-del-este\/wp-content\/uploads\/sites\/41\/2022\/08\/escuela-de-futbol-en-educacion-parvularia-manquecura-ciudad-del-este_1-1.jpg","articleSection":["Vida Escolar"],"inLanguage":"es","potentialAction":[{"@type":"CommentAction","name":"Comment","target":["https:\/\/www.manquecura.cl\/ciudad-del-este\/noticias\/ceremonia-de-cierre-del-i-semestre-escuela-de-futbol-condores-cde-del-ciclo-de-parvularia\/#respond"]}]},{"@type":"WebPage","@id":"https:\/\/www.manquecura.cl\/ciudad-del-este\/noticias\/ceremonia-de-cierre-del-i-semestre-escuela-de-futbol-condores-cde-del-ciclo-de-parvularia\/","url":"https:\/\/www.manquecura.cl\/ciudad-del-este\/noticias\/ceremonia-de-cierre-del-i-semestre-escuela-de-futbol-condores-cde-del-ciclo-de-parvularia\/","name":"Ceremonia de cierre del I semestre Escuela de F\u00fatbol C\u00f3ndores CDE del ciclo de Parvularia - Colegio Manquecura Ciudad del Este","isPartOf":{"@id":"https:\/\/www.manquecura.cl\/ciudad-del-este\/#website"},"primaryImageOfPage":{"@id":"https:\/\/www.manquecura.cl\/ciudad-del-este\/noticias\/ceremonia-de-cierre-del-i-semestre-escuela-de-futbol-condores-cde-del-ciclo-de-parvularia\/#primaryimage"},"image":{"@id":"https:\/\/www.manquecura.cl\/ciudad-del-este\/noticias\/ceremonia-de-cierre-del-i-semestre-escuela-de-futbol-condores-cde-del-ciclo-de-parvularia\/#primaryimage"},"thumbnailUrl":"https:\/\/www.manquecura.cl\/ciudad-del-este\/wp-content\/uploads\/sites\/41\/2022\/08\/escuela-de-futbol-en-educacion-parvularia-manquecura-ciudad-del-este_1-1.jpg","datePublished":"2022-08-22T22:19:38+00:00","breadcrumb":{"@id":"https:\/\/www.manquecura.cl\/ciudad-del-este\/noticias\/ceremonia-de-cierre-del-i-semestre-escuela-de-futbol-condores-cde-del-ciclo-de-parvularia\/#breadcrumb"},"inLanguage":"es","potentialAction":[{"@type":"ReadAction","target":["https:\/\/www.manquecura.cl\/ciudad-del-este\/noticias\/ceremonia-de-cierre-del-i-semestre-escuela-de-futbol-condores-cde-del-ciclo-de-parvularia\/"]}]},{"@type":"ImageObject","inLanguage":"es","@id":"https:\/\/www.manquecura.cl\/ciudad-del-este\/noticias\/ceremonia-de-cierre-del-i-semestre-escuela-de-futbol-condores-cde-del-ciclo-de-parvularia\/#primaryimage","url":"https:\/\/www.manquecura.cl\/ciudad-del-este\/wp-content\/uploads\/sites\/41\/2022\/08\/escuela-de-futbol-en-educacion-parvularia-manquecura-ciudad-del-este_1-1.jpg","contentUrl":"https:\/\/www.manquecura.cl\/ciudad-del-este\/wp-content\/uploads\/sites\/41\/2022\/08\/escuela-de-futbol-en-educacion-parvularia-manquecura-ciudad-del-este_1-1.jpg","width":836,"height":523},{"@type":"BreadcrumbList","@id":"https:\/\/www.manquecura.cl\/ciudad-del-este\/noticias\/ceremonia-de-cierre-del-i-semestre-escuela-de-futbol-condores-cde-del-ciclo-de-parvularia\/#breadcrumb","itemListElement":[{"@type":"ListItem","position":1,"name":"Home","item":"https:\/\/www.manquecura.cl\/ciudad-del-este\/"},{"@type":"ListItem","position":2,"name":"Ceremonia de cierre del I semestre Escuela de F\u00fatbol C\u00f3ndores CDE del ciclo de Parvularia"}]},{"@type":"WebSite","@id":"https:\/\/www.manquecura.cl\/ciudad-del-este\/#website","url":"https:\/\/www.manquecura.cl\/ciudad-del-este\/","name":"Colegio Manquecura Ciudad del Este","description":"","publisher":{"@id":"https:\/\/www.manquecura.cl\/ciudad-del-este\/#organization"},"potentialAction":[{"@type":"SearchAction","target":{"@type":"EntryPoint","urlTemplate":"https:\/\/www.manquecura.cl\/ciudad-del-este\/?s={search_term_string}"},"query-input":{"@type":"PropertyValueSpecification","valueRequired":true,"valueName":"search_term_string"}}],"inLanguage":"es"},{"@type":"Organization","@id":"https:\/\/www.manquecura.cl\/ciudad-del-este\/#organization","name":"Colegio Manquecura Ciudad del Este","url":"https:\/\/www.manquecura.cl\/ciudad-del-este\/","logo":{"@type":"ImageObject","inLanguage":"es","@id":"https:\/\/www.manquecura.cl\/ciudad-del-este\/#\/schema\/logo\/image\/","url":"https:\/\/www.manquecura.cl\/ciudad-del-este\/wp-content\/uploads\/sites\/41\/2023\/09\/logo_Manquecura_Ciudad-del-Este_horizontal_color-1.png","contentUrl":"https:\/\/www.manquecura.cl\/ciudad-del-este\/wp-content\/uploads\/sites\/41\/2023\/09\/logo_Manquecura_Ciudad-del-Este_horizontal_color-1.png","width":611,"height":183,"caption":"Colegio Manquecura Ciudad del Este"},"image":{"@id":"https:\/\/www.manquecura.cl\/ciudad-del-este\/#\/schema\/logo\/image\/"},"sameAs":["http:\/\/www.facebook.com\/ColegiosManquecura","http:\/\/www.instagram.com\/manquecura_ciudaddeleste\/","http:\/\/www.youtube.com\/c\/CognitaChile"]},{"@type":"Person","@id":"https:\/\/www.manquecura.cl\/ciudad-del-este\/#\/schema\/person\/0debeea140e397b5d490ee7e553255d8","name":"jorgedelcampo","image":{"@type":"ImageObject","inLanguage":"es","@id":"https:\/\/www.manquecura.cl\/ciudad-del-este\/#\/schema\/person\/image\/","url":"https:\/\/secure.gravatar.com\/avatar\/4a315f521213b2dc91dbda9bf799f711c8a98ab6f5606ec42cf5b33d1e762e8a?s=96&d=mm&r=g","contentUrl":"https:\/\/secure.gravatar.com\/avatar\/4a315f521213b2dc91dbda9bf799f711c8a98ab6f5606ec42cf5b33d1e762e8a?s=96&d=mm&r=g","caption":"jorgedelcampo"}}]}},"jetpack_featured_media_url":"https:\/\/www.manquecura.cl\/ciudad-del-este\/wp-content\/uploads\/sites\/41\/2022\/08\/escuela-de-futbol-en-educacion-parvularia-manquecura-ciudad-del-este_1-1.jpg","previous_post_ID":125558,"previous_post_title":"Finalizaci\u00f3n de trabajos de cierre perimetral en estacionamientos","previous_post_excerpt":"Comunicamos a nuestra querida comunidad escolar, la finalizaci\u00f3n de los trabajos de cierre perimetral en todo el frontis del colegio, cuyos espacios permitir\u00e1n una mayor seguridad para todos. Este nuevo trabajo, complementa las mejoras que hemos realizado y seguiremos ejecutando este a\u00f1o. &nbsp; Ver m\u00e1s noticias relacionadas: #SeguimosMejorando &nbsp; Colegio Manquecura Ciudad del Este &nbsp; [&hellip;]","previous_post_link":"https:\/\/www.manquecura.cl\/ciudad-del-este\/noticias\/finalizacion-de-trabajos-de-cierre-perimetral-en-estacionamientos\/","previous_post_class":["post-125558","post","type-post","status-publish","format-standard","has-post-thumbnail","hentry","category-vida-escolar"],"next_post_ID":125560,"next_post_title":"Nuevas charlas presenciales: Desarrollo de la afectividad y la sexualidad en ni\u00f1as y ni\u00f1os","next_post_excerpt":"En apoyo a nuestras familias y estudiantes, nuestro Equipo Psicoeducativo nos invita a una charla donde entregar\u00e1n las herramientas, consejos y recomendaciones para abordar el contexto actual de los ni\u00f1os y ni\u00f1as acerca de las tem\u00e1ticas de afectividad, la sexualidad y autocuidado. IMPORTANTE: Esta actividad es presencial, por lo que requerimos confirmaci\u00f3n de asistencia (hasta [&hellip;]","next_post_link":"https:\/\/www.manquecura.cl\/ciudad-del-este\/noticias\/nuevas-charlas-presenciales-sexualidad-y-afectividad\/","next_post_class":["post-125560","post","type-post","status-publish","format-standard","has-post-thumbnail","hentry","category-vida-escolar"],"jetpack_sharing_enabled":true,"_links":{"self":[{"href":"https:\/\/www.manquecura.cl\/ciudad-del-este\/wp-json\/wp\/v2\/posts\/125559","targetHints":{"allow":["GET"]}}],"collection":[{"href":"https:\/\/www.manquecura.cl\/ciudad-del-este\/wp-json\/wp\/v2\/posts"}],"about":[{"href":"https:\/\/www.manquecura.cl\/ciudad-del-este\/wp-json\/wp\/v2\/types\/post"}],"author":[{"embeddable":true,"href":"https:\/\/www.manquecura.cl\/ciudad-del-este\/wp-json\/wp\/v2\/users\/14"}],"replies":[{"embeddable":true,"href":"https:\/\/www.manquecura.cl\/ciudad-del-este\/wp-json\/wp\/v2\/comments?post=125559"}],"version-history":[{"count":0,"href":"https:\/\/www.manquecura.cl\/ciudad-del-este\/wp-json\/wp\/v2\/posts\/125559\/revisions"}],"wp:featuredmedia":[{"embeddable":true,"href":"https:\/\/www.manquecura.cl\/ciudad-del-este\/wp-json\/wp\/v2\/media\/19962"}],"wp:attachment":[{"href":"https:\/\/www.manquecura.cl\/ciudad-del-este\/wp-json\/wp\/v2\/media?parent=125559"}],"wp:term":[{"taxonomy":"category","embeddable":true,"href":"https:\/\/www.manquecura.cl\/ciudad-del-este\/wp-json\/wp\/v2\/categories?post=125559"},{"taxonomy":"post_tag","embeddable":true,"href":"https:\/\/www.manquecura.cl\/ciudad-del-este\/wp-json\/wp\/v2\/tags?post=125559"}],"curies":[{"name":"wp","href":"https:\/\/api.w.org\/{rel}","templated":true}]}}