{"id":125558,"date":"2022-08-22T13:21:45","date_gmt":"2022-08-22T17:21:45","guid":{"rendered":"https:\/\/www.manquecura.cl\/ciudad-del-este\/?p=19916"},"modified":"2022-08-22T13:21:45","modified_gmt":"2022-08-22T17:21:45","slug":"finalizacion-de-trabajos-de-cierre-perimetral-en-estacionamientos","status":"publish","type":"post","link":"https:\/\/www.manquecura.cl\/ciudad-del-este\/noticias\/finalizacion-de-trabajos-de-cierre-perimetral-en-estacionamientos\/","title":{"rendered":"Finalizaci\u00f3n de trabajos de cierre perimetral en estacionamientos"},"content":{"rendered":"<p>Comunicamos a nuestra querida comunidad escolar, la finalizaci\u00f3n de los trabajos de cierre perimetral en todo el frontis del colegio, cuyos espacios permitir\u00e1n una mayor seguridad para todos.<\/p>\n<p>Este nuevo trabajo, complementa las mejoras que hemos realizado y seguiremos ejecutando este a\u00f1o.<\/p>\n<p>&nbsp;<\/p>\n<p><a href=\"https:\/\/www.manquecura.cl\/ciudad-del-este\/informacion-para-apoderados\/seguimosmejorando\/\"><strong><span style=\"color: #008080\"><span style=\"color: #000000\">Ver m\u00e1s noticias relacionadas:<\/span> #Seguimos<\/span><span style=\"color: #000080\">Mejorando<\/span><\/strong><\/a><\/p>\n<p>&nbsp;<\/p>\n<p style=\"text-align: center\"><strong>Colegio Manquecura Ciudad del Este<\/strong><\/p>\n<p>&nbsp;<\/p>\n<p>[multimedia id=&#8221;1&#8243;]<\/p>\n"},"excerpt":{"rendered":"<p>Comunicamos a nuestra querida comunidad escolar, la finalizaci\u00f3n de los trabajos de cierre perimetral en todo el frontis del colegio, cuyos espacios permitir\u00e1n una mayor seguridad para todos. Este nuevo trabajo, complementa las mejoras que hemos realizado y seguiremos ejecutando este a\u00f1o. &nbsp; Ver m\u00e1s noticias relacionadas: #SeguimosMejorando &nbsp; Colegio Manquecura Ciudad del Este &nbsp; [&hellip;]<\/p>\n","protected":false},"author":14,"featured_media":19917,"comment_status":"open","ping_status":"open","sticky":false,"template":"","format":"standard","meta":{"_acf_changed":false,"content-type":"","_jetpack_memberships_contains_paid_content":false,"footnotes":""},"categories":[1],"tags":[],"class_list":["post-125558","post","type-post","status-publish","format-standard","has-post-thumbnail","hentry","category-vida-escolar"],"acf":[],"yoast_head":"<!-- This site is optimized with the Yoast SEO plugin v27.1.1 - https:\/\/yoast.com\/product\/yoast-seo-wordpress\/ -->\n<title>Finalizaci\u00f3n de trabajos de cierre perimetral en estacionamientos - Colegio Manquecura Ciudad del Este<\/title>\n<meta name=\"robots\" content=\"index, follow, max-snippet:-1, max-image-preview:large, max-video-preview:-1\" \/>\n<link rel=\"canonical\" href=\"https:\/\/www.manquecura.cl\/ciudad-del-este\/noticias\/finalizacion-de-trabajos-de-cierre-perimetral-en-estacionamientos\/\" \/>\n<meta property=\"og:locale\" content=\"es_ES\" \/>\n<meta property=\"og:type\" content=\"article\" \/>\n<meta property=\"og:title\" content=\"Finalizaci\u00f3n de trabajos de cierre perimetral en estacionamientos - Colegio Manquecura Ciudad del Este\" \/>\n<meta property=\"og:description\" content=\"Comunicamos a nuestra querida comunidad escolar, la finalizaci\u00f3n de los trabajos de cierre perimetral en todo el frontis del colegio, cuyos espacios permitir\u00e1n una mayor seguridad para todos. Este nuevo trabajo, complementa las mejoras que hemos realizado y seguiremos ejecutando este a\u00f1o. &nbsp; Ver m\u00e1s noticias relacionadas: #SeguimosMejorando &nbsp; Colegio Manquecura Ciudad del Este &nbsp; [&hellip;]\" \/>\n<meta property=\"og:url\" content=\"https:\/\/www.manquecura.cl\/ciudad-del-este\/noticias\/finalizacion-de-trabajos-de-cierre-perimetral-en-estacionamientos\/\" \/>\n<meta property=\"og:site_name\" content=\"Colegio Manquecura Ciudad del Este\" \/>\n<meta property=\"article:publisher\" content=\"http:\/\/www.facebook.com\/ColegiosManquecura\" \/>\n<meta property=\"article:published_time\" content=\"2022-08-22T17:21:45+00:00\" \/>\n<meta name=\"author\" content=\"jorgedelcampo\" \/>\n<meta name=\"twitter:card\" content=\"summary_large_image\" \/>\n<meta name=\"twitter:label1\" content=\"Escrito por\" \/>\n\t<meta name=\"twitter:data1\" content=\"jorgedelcampo\" \/>\n<script type=\"application\/ld+json\" class=\"yoast-schema-graph\">{\"@context\":\"https:\/\/schema.org\",\"@graph\":[{\"@type\":\"Article\",\"@id\":\"https:\/\/www.manquecura.cl\/ciudad-del-este\/noticias\/finalizacion-de-trabajos-de-cierre-perimetral-en-estacionamientos\/#article\",\"isPartOf\":{\"@id\":\"https:\/\/www.manquecura.cl\/ciudad-del-este\/noticias\/finalizacion-de-trabajos-de-cierre-perimetral-en-estacionamientos\/\"},\"author\":{\"name\":\"jorgedelcampo\",\"@id\":\"https:\/\/www.manquecura.cl\/ciudad-del-este\/#\/schema\/person\/0debeea140e397b5d490ee7e553255d8\"},\"headline\":\"Finalizaci\u00f3n de trabajos de cierre perimetral en estacionamientos\",\"datePublished\":\"2022-08-22T17:21:45+00:00\",\"mainEntityOfPage\":{\"@id\":\"https:\/\/www.manquecura.cl\/ciudad-del-este\/noticias\/finalizacion-de-trabajos-de-cierre-perimetral-en-estacionamientos\/\"},\"wordCount\":71,\"commentCount\":0,\"publisher\":{\"@id\":\"https:\/\/www.manquecura.cl\/ciudad-del-este\/#organization\"},\"image\":{\"@id\":\"https:\/\/www.manquecura.cl\/ciudad-del-este\/noticias\/finalizacion-de-trabajos-de-cierre-perimetral-en-estacionamientos\/#primaryimage\"},\"thumbnailUrl\":\"\",\"articleSection\":[\"Vida Escolar\"],\"inLanguage\":\"es\",\"potentialAction\":[{\"@type\":\"CommentAction\",\"name\":\"Comment\",\"target\":[\"https:\/\/www.manquecura.cl\/ciudad-del-este\/noticias\/finalizacion-de-trabajos-de-cierre-perimetral-en-estacionamientos\/#respond\"]}]},{\"@type\":\"WebPage\",\"@id\":\"https:\/\/www.manquecura.cl\/ciudad-del-este\/noticias\/finalizacion-de-trabajos-de-cierre-perimetral-en-estacionamientos\/\",\"url\":\"https:\/\/www.manquecura.cl\/ciudad-del-este\/noticias\/finalizacion-de-trabajos-de-cierre-perimetral-en-estacionamientos\/\",\"name\":\"Finalizaci\u00f3n de trabajos de cierre perimetral en estacionamientos - Colegio Manquecura Ciudad del Este\",\"isPartOf\":{\"@id\":\"https:\/\/www.manquecura.cl\/ciudad-del-este\/#website\"},\"primaryImageOfPage\":{\"@id\":\"https:\/\/www.manquecura.cl\/ciudad-del-este\/noticias\/finalizacion-de-trabajos-de-cierre-perimetral-en-estacionamientos\/#primaryimage\"},\"image\":{\"@id\":\"https:\/\/www.manquecura.cl\/ciudad-del-este\/noticias\/finalizacion-de-trabajos-de-cierre-perimetral-en-estacionamientos\/#primaryimage\"},\"thumbnailUrl\":\"\",\"datePublished\":\"2022-08-22T17:21:45+00:00\",\"breadcrumb\":{\"@id\":\"https:\/\/www.manquecura.cl\/ciudad-del-este\/noticias\/finalizacion-de-trabajos-de-cierre-perimetral-en-estacionamientos\/#breadcrumb\"},\"inLanguage\":\"es\",\"potentialAction\":[{\"@type\":\"ReadAction\",\"target\":[\"https:\/\/www.manquecura.cl\/ciudad-del-este\/noticias\/finalizacion-de-trabajos-de-cierre-perimetral-en-estacionamientos\/\"]}]},{\"@type\":\"ImageObject\",\"inLanguage\":\"es\",\"@id\":\"https:\/\/www.manquecura.cl\/ciudad-del-este\/noticias\/finalizacion-de-trabajos-de-cierre-perimetral-en-estacionamientos\/#primaryimage\",\"url\":\"\",\"contentUrl\":\"\"},{\"@type\":\"BreadcrumbList\",\"@id\":\"https:\/\/www.manquecura.cl\/ciudad-del-este\/noticias\/finalizacion-de-trabajos-de-cierre-perimetral-en-estacionamientos\/#breadcrumb\",\"itemListElement\":[{\"@type\":\"ListItem\",\"position\":1,\"name\":\"Home\",\"item\":\"https:\/\/www.manquecura.cl\/ciudad-del-este\/\"},{\"@type\":\"ListItem\",\"position\":2,\"name\":\"Finalizaci\u00f3n de trabajos de cierre perimetral en estacionamientos\"}]},{\"@type\":\"WebSite\",\"@id\":\"https:\/\/www.manquecura.cl\/ciudad-del-este\/#website\",\"url\":\"https:\/\/www.manquecura.cl\/ciudad-del-este\/\",\"name\":\"Colegio Manquecura Ciudad del Este\",\"description\":\"\",\"publisher\":{\"@id\":\"https:\/\/www.manquecura.cl\/ciudad-del-este\/#organization\"},\"potentialAction\":[{\"@type\":\"SearchAction\",\"target\":{\"@type\":\"EntryPoint\",\"urlTemplate\":\"https:\/\/www.manquecura.cl\/ciudad-del-este\/?s={search_term_string}\"},\"query-input\":{\"@type\":\"PropertyValueSpecification\",\"valueRequired\":true,\"valueName\":\"search_term_string\"}}],\"inLanguage\":\"es\"},{\"@type\":\"Organization\",\"@id\":\"https:\/\/www.manquecura.cl\/ciudad-del-este\/#organization\",\"name\":\"Colegio Manquecura Ciudad del Este\",\"url\":\"https:\/\/www.manquecura.cl\/ciudad-del-este\/\",\"logo\":{\"@type\":\"ImageObject\",\"inLanguage\":\"es\",\"@id\":\"https:\/\/www.manquecura.cl\/ciudad-del-este\/#\/schema\/logo\/image\/\",\"url\":\"https:\/\/www.manquecura.cl\/ciudad-del-este\/wp-content\/uploads\/sites\/41\/2023\/09\/logo_Manquecura_Ciudad-del-Este_horizontal_color-1.png\",\"contentUrl\":\"https:\/\/www.manquecura.cl\/ciudad-del-este\/wp-content\/uploads\/sites\/41\/2023\/09\/logo_Manquecura_Ciudad-del-Este_horizontal_color-1.png\",\"width\":611,\"height\":183,\"caption\":\"Colegio Manquecura Ciudad del Este\"},\"image\":{\"@id\":\"https:\/\/www.manquecura.cl\/ciudad-del-este\/#\/schema\/logo\/image\/\"},\"sameAs\":[\"http:\/\/www.facebook.com\/ColegiosManquecura\",\"http:\/\/www.instagram.com\/manquecura_ciudaddeleste\/\",\"http:\/\/www.youtube.com\/c\/CognitaChile\"]},{\"@type\":\"Person\",\"@id\":\"https:\/\/www.manquecura.cl\/ciudad-del-este\/#\/schema\/person\/0debeea140e397b5d490ee7e553255d8\",\"name\":\"jorgedelcampo\",\"image\":{\"@type\":\"ImageObject\",\"inLanguage\":\"es\",\"@id\":\"https:\/\/www.manquecura.cl\/ciudad-del-este\/#\/schema\/person\/image\/\",\"url\":\"https:\/\/secure.gravatar.com\/avatar\/4a315f521213b2dc91dbda9bf799f711c8a98ab6f5606ec42cf5b33d1e762e8a?s=96&d=mm&r=g\",\"contentUrl\":\"https:\/\/secure.gravatar.com\/avatar\/4a315f521213b2dc91dbda9bf799f711c8a98ab6f5606ec42cf5b33d1e762e8a?s=96&d=mm&r=g\",\"caption\":\"jorgedelcampo\"}}]}<\/script>\n<!-- \/ Yoast SEO plugin. -->","yoast_head_json":{"title":"Finalizaci\u00f3n de trabajos de cierre perimetral en estacionamientos - Colegio Manquecura Ciudad del Este","robots":{"index":"index","follow":"follow","max-snippet":"max-snippet:-1","max-image-preview":"max-image-preview:large","max-video-preview":"max-video-preview:-1"},"canonical":"https:\/\/www.manquecura.cl\/ciudad-del-este\/noticias\/finalizacion-de-trabajos-de-cierre-perimetral-en-estacionamientos\/","og_locale":"es_ES","og_type":"article","og_title":"Finalizaci\u00f3n de trabajos de cierre perimetral en estacionamientos - Colegio Manquecura Ciudad del Este","og_description":"Comunicamos a nuestra querida comunidad escolar, la finalizaci\u00f3n de los trabajos de cierre perimetral en todo el frontis del colegio, cuyos espacios permitir\u00e1n una mayor seguridad para todos. Este nuevo trabajo, complementa las mejoras que hemos realizado y seguiremos ejecutando este a\u00f1o. &nbsp; Ver m\u00e1s noticias relacionadas: #SeguimosMejorando &nbsp; Colegio Manquecura Ciudad del Este &nbsp; [&hellip;]","og_url":"https:\/\/www.manquecura.cl\/ciudad-del-este\/noticias\/finalizacion-de-trabajos-de-cierre-perimetral-en-estacionamientos\/","og_site_name":"Colegio Manquecura Ciudad del Este","article_publisher":"http:\/\/www.facebook.com\/ColegiosManquecura","article_published_time":"2022-08-22T17:21:45+00:00","author":"jorgedelcampo","twitter_card":"summary_large_image","twitter_misc":{"Escrito por":"jorgedelcampo"},"schema":{"@context":"https:\/\/schema.org","@graph":[{"@type":"Article","@id":"https:\/\/www.manquecura.cl\/ciudad-del-este\/noticias\/finalizacion-de-trabajos-de-cierre-perimetral-en-estacionamientos\/#article","isPartOf":{"@id":"https:\/\/www.manquecura.cl\/ciudad-del-este\/noticias\/finalizacion-de-trabajos-de-cierre-perimetral-en-estacionamientos\/"},"author":{"name":"jorgedelcampo","@id":"https:\/\/www.manquecura.cl\/ciudad-del-este\/#\/schema\/person\/0debeea140e397b5d490ee7e553255d8"},"headline":"Finalizaci\u00f3n de trabajos de cierre perimetral en estacionamientos","datePublished":"2022-08-22T17:21:45+00:00","mainEntityOfPage":{"@id":"https:\/\/www.manquecura.cl\/ciudad-del-este\/noticias\/finalizacion-de-trabajos-de-cierre-perimetral-en-estacionamientos\/"},"wordCount":71,"commentCount":0,"publisher":{"@id":"https:\/\/www.manquecura.cl\/ciudad-del-este\/#organization"},"image":{"@id":"https:\/\/www.manquecura.cl\/ciudad-del-este\/noticias\/finalizacion-de-trabajos-de-cierre-perimetral-en-estacionamientos\/#primaryimage"},"thumbnailUrl":"","articleSection":["Vida Escolar"],"inLanguage":"es","potentialAction":[{"@type":"CommentAction","name":"Comment","target":["https:\/\/www.manquecura.cl\/ciudad-del-este\/noticias\/finalizacion-de-trabajos-de-cierre-perimetral-en-estacionamientos\/#respond"]}]},{"@type":"WebPage","@id":"https:\/\/www.manquecura.cl\/ciudad-del-este\/noticias\/finalizacion-de-trabajos-de-cierre-perimetral-en-estacionamientos\/","url":"https:\/\/www.manquecura.cl\/ciudad-del-este\/noticias\/finalizacion-de-trabajos-de-cierre-perimetral-en-estacionamientos\/","name":"Finalizaci\u00f3n de trabajos de cierre perimetral en estacionamientos - Colegio Manquecura Ciudad del Este","isPartOf":{"@id":"https:\/\/www.manquecura.cl\/ciudad-del-este\/#website"},"primaryImageOfPage":{"@id":"https:\/\/www.manquecura.cl\/ciudad-del-este\/noticias\/finalizacion-de-trabajos-de-cierre-perimetral-en-estacionamientos\/#primaryimage"},"image":{"@id":"https:\/\/www.manquecura.cl\/ciudad-del-este\/noticias\/finalizacion-de-trabajos-de-cierre-perimetral-en-estacionamientos\/#primaryimage"},"thumbnailUrl":"","datePublished":"2022-08-22T17:21:45+00:00","breadcrumb":{"@id":"https:\/\/www.manquecura.cl\/ciudad-del-este\/noticias\/finalizacion-de-trabajos-de-cierre-perimetral-en-estacionamientos\/#breadcrumb"},"inLanguage":"es","potentialAction":[{"@type":"ReadAction","target":["https:\/\/www.manquecura.cl\/ciudad-del-este\/noticias\/finalizacion-de-trabajos-de-cierre-perimetral-en-estacionamientos\/"]}]},{"@type":"ImageObject","inLanguage":"es","@id":"https:\/\/www.manquecura.cl\/ciudad-del-este\/noticias\/finalizacion-de-trabajos-de-cierre-perimetral-en-estacionamientos\/#primaryimage","url":"","contentUrl":""},{"@type":"BreadcrumbList","@id":"https:\/\/www.manquecura.cl\/ciudad-del-este\/noticias\/finalizacion-de-trabajos-de-cierre-perimetral-en-estacionamientos\/#breadcrumb","itemListElement":[{"@type":"ListItem","position":1,"name":"Home","item":"https:\/\/www.manquecura.cl\/ciudad-del-este\/"},{"@type":"ListItem","position":2,"name":"Finalizaci\u00f3n de trabajos de cierre perimetral en estacionamientos"}]},{"@type":"WebSite","@id":"https:\/\/www.manquecura.cl\/ciudad-del-este\/#website","url":"https:\/\/www.manquecura.cl\/ciudad-del-este\/","name":"Colegio Manquecura Ciudad del Este","description":"","publisher":{"@id":"https:\/\/www.manquecura.cl\/ciudad-del-este\/#organization"},"potentialAction":[{"@type":"SearchAction","target":{"@type":"EntryPoint","urlTemplate":"https:\/\/www.manquecura.cl\/ciudad-del-este\/?s={search_term_string}"},"query-input":{"@type":"PropertyValueSpecification","valueRequired":true,"valueName":"search_term_string"}}],"inLanguage":"es"},{"@type":"Organization","@id":"https:\/\/www.manquecura.cl\/ciudad-del-este\/#organization","name":"Colegio Manquecura Ciudad del Este","url":"https:\/\/www.manquecura.cl\/ciudad-del-este\/","logo":{"@type":"ImageObject","inLanguage":"es","@id":"https:\/\/www.manquecura.cl\/ciudad-del-este\/#\/schema\/logo\/image\/","url":"https:\/\/www.manquecura.cl\/ciudad-del-este\/wp-content\/uploads\/sites\/41\/2023\/09\/logo_Manquecura_Ciudad-del-Este_horizontal_color-1.png","contentUrl":"https:\/\/www.manquecura.cl\/ciudad-del-este\/wp-content\/uploads\/sites\/41\/2023\/09\/logo_Manquecura_Ciudad-del-Este_horizontal_color-1.png","width":611,"height":183,"caption":"Colegio Manquecura Ciudad del Este"},"image":{"@id":"https:\/\/www.manquecura.cl\/ciudad-del-este\/#\/schema\/logo\/image\/"},"sameAs":["http:\/\/www.facebook.com\/ColegiosManquecura","http:\/\/www.instagram.com\/manquecura_ciudaddeleste\/","http:\/\/www.youtube.com\/c\/CognitaChile"]},{"@type":"Person","@id":"https:\/\/www.manquecura.cl\/ciudad-del-este\/#\/schema\/person\/0debeea140e397b5d490ee7e553255d8","name":"jorgedelcampo","image":{"@type":"ImageObject","inLanguage":"es","@id":"https:\/\/www.manquecura.cl\/ciudad-del-este\/#\/schema\/person\/image\/","url":"https:\/\/secure.gravatar.com\/avatar\/4a315f521213b2dc91dbda9bf799f711c8a98ab6f5606ec42cf5b33d1e762e8a?s=96&d=mm&r=g","contentUrl":"https:\/\/secure.gravatar.com\/avatar\/4a315f521213b2dc91dbda9bf799f711c8a98ab6f5606ec42cf5b33d1e762e8a?s=96&d=mm&r=g","caption":"jorgedelcampo"}}]}},"jetpack_featured_media_url":"","previous_post_ID":19927,"previous_post_title":"Nuevo simulacro de terremoto","previous_post_excerpt":"En Manquecura Ciudad del Este realizamos un nuevo simulacro de terremoto para todos los estudiantes y personal del colegio, cuyo objetivo es revisar nuestros tiempos de respuesta y reacci\u00f3n, fomentar el autocuidado y la cultura preventiva. Las mediciones de los tiempos de evacuaci\u00f3n son muy importantes en nuestros protocolos de seguridad, por lo que permanecemos [&hellip;]","previous_post_link":"https:\/\/www.manquecura.cl\/ciudad-del-este\/noticias\/nuevo-simulacro-de-terremoto\/","previous_post_class":["post-19927","post","type-post","status-publish","format-standard","has-post-thumbnail","hentry","category-vida-escolar"],"next_post_ID":125559,"next_post_title":"Ceremonia de cierre del I semestre Escuela de F\u00fatbol C\u00f3ndores CDE del ciclo de Parvularia","next_post_excerpt":"Hace un par de semanas comenzamos con las actividades extra program\u00e1ticas del segundo semestre en nuestro colegio, y no queremos dejar de compartir la alegr\u00eda de los ni\u00f1os y ni\u00f1as del ciclo de Educaci\u00f3n Parvularia que participaron de la Escuela de F\u00fatbol del primer periodo. Nuestros peque\u00f1os C\u00f3ndores de Manquecura se destacaron por su esfuerzo [&hellip;]","next_post_link":"https:\/\/www.manquecura.cl\/ciudad-del-este\/noticias\/ceremonia-de-cierre-del-i-semestre-escuela-de-futbol-condores-cde-del-ciclo-de-parvularia\/","next_post_class":["post-125559","post","type-post","status-publish","format-standard","has-post-thumbnail","hentry","category-vida-escolar"],"jetpack_sharing_enabled":true,"_links":{"self":[{"href":"https:\/\/www.manquecura.cl\/ciudad-del-este\/wp-json\/wp\/v2\/posts\/125558","targetHints":{"allow":["GET"]}}],"collection":[{"href":"https:\/\/www.manquecura.cl\/ciudad-del-este\/wp-json\/wp\/v2\/posts"}],"about":[{"href":"https:\/\/www.manquecura.cl\/ciudad-del-este\/wp-json\/wp\/v2\/types\/post"}],"author":[{"embeddable":true,"href":"https:\/\/www.manquecura.cl\/ciudad-del-este\/wp-json\/wp\/v2\/users\/14"}],"replies":[{"embeddable":true,"href":"https:\/\/www.manquecura.cl\/ciudad-del-este\/wp-json\/wp\/v2\/comments?post=125558"}],"version-history":[{"count":0,"href":"https:\/\/www.manquecura.cl\/ciudad-del-este\/wp-json\/wp\/v2\/posts\/125558\/revisions"}],"wp:featuredmedia":[{"embeddable":true,"href":"https:\/\/www.manquecura.cl\/ciudad-del-este\/wp-json\/wp\/v2\/media\/19917"}],"wp:attachment":[{"href":"https:\/\/www.manquecura.cl\/ciudad-del-este\/wp-json\/wp\/v2\/media?parent=125558"}],"wp:term":[{"taxonomy":"category","embeddable":true,"href":"https:\/\/www.manquecura.cl\/ciudad-del-este\/wp-json\/wp\/v2\/categories?post=125558"},{"taxonomy":"post_tag","embeddable":true,"href":"https:\/\/www.manquecura.cl\/ciudad-del-este\/wp-json\/wp\/v2\/tags?post=125558"}],"curies":[{"name":"wp","href":"https:\/\/api.w.org\/{rel}","templated":true}]}}