{"id":125557,"date":"2022-06-23T11:24:18","date_gmt":"2022-06-23T15:24:18","guid":{"rendered":"https:\/\/www.manquecura.cl\/ciudad-del-este\/?p=19506"},"modified":"2022-06-23T11:24:18","modified_gmt":"2022-06-23T15:24:18","slug":"ballet-folklorico-paqariy-nos-entrega-copa-por-su-premio","status":"publish","type":"post","link":"https:\/\/www.manquecura.cl\/ciudad-del-este\/noticias\/ballet-folklorico-paqariy-nos-entrega-copa-por-su-premio\/","title":{"rendered":"Ballet Folkl\u00f3rico Paqariy nos entrega copa por su premio"},"content":{"rendered":"<p>El Ballet Folkl\u00f3rico de Manquecura Ciudad del Este, Paqariy visit\u00f3 a nuestra rectora, Estefan\u00eda C\u00e9spedes Pino, para entregar la r\u00e9plica de la copa que obtuvieron como premio a la Mejor Agrupaci\u00f3n, en el Certamen CIAD Oto\u00f1o 2022.<\/p>\n<p>En esta oportunidad asistieron Marcela Valenzuela, Coordinadora de las bailarinas, y Andr\u00e9s Castro, Director General, ambos miembros de la agrupaci\u00f3n, desde el 2016 cuando se conformaron como proyecto CAMPUR, un hermoso inicio y que hasta el d\u00eda de hoy brindan grandes alegr\u00edas al colegio.<\/p>\n<p>Felicitaciones a nuestro querido Ballet Folkl\u00f3rico Paqariy por este gran logro, obtenido gracias a un grupo de valores que representan y que en su conjunto han logrado este destacable premio, y todos los agradecimientos a nombre de nuestros estudiantes por hacer sentir que su triunfo tambi\u00e9n es de toda la comunidad.<\/p>\n<p>&nbsp;<\/p>\n<p><a href=\"https:\/\/www.manquecura.cl\/ciudad-del-este\/nuevo-premio-para-el-ballet-folclorico-paqariy\/\">VER NOTICIA DE PREMIO AQU\u00cd<\/a><\/p>\n<p style=\"text-align: center\"><strong>Colegio Manquecura Ciudad del Este<\/strong><\/p>\n<p>[multimedia id=&#8221;1&#8243;]<\/p>\n"},"excerpt":{"rendered":"<p>El Ballet Folkl\u00f3rico de Manquecura Ciudad del Este, Paqariy visit\u00f3 a nuestra rectora, Estefan\u00eda C\u00e9spedes Pino, para entregar la r\u00e9plica de la copa que obtuvieron como premio a la Mejor Agrupaci\u00f3n, en el Certamen CIAD Oto\u00f1o 2022. En esta oportunidad asistieron Marcela Valenzuela, Coordinadora de las bailarinas, y Andr\u00e9s Castro, Director General, ambos miembros de [&hellip;]<\/p>\n","protected":false},"author":14,"featured_media":19552,"comment_status":"open","ping_status":"open","sticky":false,"template":"","format":"standard","meta":{"_acf_changed":false,"content-type":"","_jetpack_memberships_contains_paid_content":false,"footnotes":""},"categories":[1],"tags":[],"class_list":["post-125557","post","type-post","status-publish","format-standard","has-post-thumbnail","hentry","category-vida-escolar"],"acf":[],"yoast_head":"<!-- This site is optimized with the Yoast SEO plugin v27.1.1 - https:\/\/yoast.com\/product\/yoast-seo-wordpress\/ -->\n<title>Ballet Folkl\u00f3rico Paqariy nos entrega copa por su premio - Colegio Manquecura Ciudad del Este<\/title>\n<meta name=\"robots\" content=\"index, follow, max-snippet:-1, max-image-preview:large, max-video-preview:-1\" \/>\n<link rel=\"canonical\" href=\"https:\/\/www.manquecura.cl\/ciudad-del-este\/noticias\/ballet-folklorico-paqariy-nos-entrega-copa-por-su-premio\/\" \/>\n<meta property=\"og:locale\" content=\"es_ES\" \/>\n<meta property=\"og:type\" content=\"article\" \/>\n<meta property=\"og:title\" content=\"Ballet Folkl\u00f3rico Paqariy nos entrega copa por su premio - Colegio Manquecura Ciudad del Este\" \/>\n<meta property=\"og:description\" content=\"El Ballet Folkl\u00f3rico de Manquecura Ciudad del Este, Paqariy visit\u00f3 a nuestra rectora, Estefan\u00eda C\u00e9spedes Pino, para entregar la r\u00e9plica de la copa que obtuvieron como premio a la Mejor Agrupaci\u00f3n, en el Certamen CIAD Oto\u00f1o 2022. En esta oportunidad asistieron Marcela Valenzuela, Coordinadora de las bailarinas, y Andr\u00e9s Castro, Director General, ambos miembros de [&hellip;]\" \/>\n<meta property=\"og:url\" content=\"https:\/\/www.manquecura.cl\/ciudad-del-este\/noticias\/ballet-folklorico-paqariy-nos-entrega-copa-por-su-premio\/\" \/>\n<meta property=\"og:site_name\" content=\"Colegio Manquecura Ciudad del Este\" \/>\n<meta property=\"article:publisher\" content=\"http:\/\/www.facebook.com\/ColegiosManquecura\" \/>\n<meta property=\"article:published_time\" content=\"2022-06-23T15:24:18+00:00\" \/>\n<meta name=\"author\" content=\"jorgedelcampo\" \/>\n<meta name=\"twitter:card\" content=\"summary_large_image\" \/>\n<meta name=\"twitter:label1\" content=\"Escrito por\" \/>\n\t<meta name=\"twitter:data1\" content=\"jorgedelcampo\" \/>\n\t<meta name=\"twitter:label2\" content=\"Tiempo de lectura\" \/>\n\t<meta name=\"twitter:data2\" content=\"1 minuto\" \/>\n<script type=\"application\/ld+json\" class=\"yoast-schema-graph\">{\"@context\":\"https:\/\/schema.org\",\"@graph\":[{\"@type\":\"Article\",\"@id\":\"https:\/\/www.manquecura.cl\/ciudad-del-este\/noticias\/ballet-folklorico-paqariy-nos-entrega-copa-por-su-premio\/#article\",\"isPartOf\":{\"@id\":\"https:\/\/www.manquecura.cl\/ciudad-del-este\/noticias\/ballet-folklorico-paqariy-nos-entrega-copa-por-su-premio\/\"},\"author\":{\"name\":\"jorgedelcampo\",\"@id\":\"https:\/\/www.manquecura.cl\/ciudad-del-este\/#\/schema\/person\/0debeea140e397b5d490ee7e553255d8\"},\"headline\":\"Ballet Folkl\u00f3rico Paqariy nos entrega copa por su premio\",\"datePublished\":\"2022-06-23T15:24:18+00:00\",\"mainEntityOfPage\":{\"@id\":\"https:\/\/www.manquecura.cl\/ciudad-del-este\/noticias\/ballet-folklorico-paqariy-nos-entrega-copa-por-su-premio\/\"},\"wordCount\":165,\"commentCount\":0,\"publisher\":{\"@id\":\"https:\/\/www.manquecura.cl\/ciudad-del-este\/#organization\"},\"image\":{\"@id\":\"https:\/\/www.manquecura.cl\/ciudad-del-este\/noticias\/ballet-folklorico-paqariy-nos-entrega-copa-por-su-premio\/#primaryimage\"},\"thumbnailUrl\":\"https:\/\/www.manquecura.cl\/ciudad-del-este\/wp-content\/uploads\/sites\/41\/2022\/06\/copa-paqaryi-ballet-folklorico-manquecura-ciudad-del-este_-1.jpg\",\"articleSection\":[\"Vida Escolar\"],\"inLanguage\":\"es\",\"potentialAction\":[{\"@type\":\"CommentAction\",\"name\":\"Comment\",\"target\":[\"https:\/\/www.manquecura.cl\/ciudad-del-este\/noticias\/ballet-folklorico-paqariy-nos-entrega-copa-por-su-premio\/#respond\"]}]},{\"@type\":\"WebPage\",\"@id\":\"https:\/\/www.manquecura.cl\/ciudad-del-este\/noticias\/ballet-folklorico-paqariy-nos-entrega-copa-por-su-premio\/\",\"url\":\"https:\/\/www.manquecura.cl\/ciudad-del-este\/noticias\/ballet-folklorico-paqariy-nos-entrega-copa-por-su-premio\/\",\"name\":\"Ballet Folkl\u00f3rico Paqariy nos entrega copa por su premio - Colegio Manquecura Ciudad del Este\",\"isPartOf\":{\"@id\":\"https:\/\/www.manquecura.cl\/ciudad-del-este\/#website\"},\"primaryImageOfPage\":{\"@id\":\"https:\/\/www.manquecura.cl\/ciudad-del-este\/noticias\/ballet-folklorico-paqariy-nos-entrega-copa-por-su-premio\/#primaryimage\"},\"image\":{\"@id\":\"https:\/\/www.manquecura.cl\/ciudad-del-este\/noticias\/ballet-folklorico-paqariy-nos-entrega-copa-por-su-premio\/#primaryimage\"},\"thumbnailUrl\":\"https:\/\/www.manquecura.cl\/ciudad-del-este\/wp-content\/uploads\/sites\/41\/2022\/06\/copa-paqaryi-ballet-folklorico-manquecura-ciudad-del-este_-1.jpg\",\"datePublished\":\"2022-06-23T15:24:18+00:00\",\"breadcrumb\":{\"@id\":\"https:\/\/www.manquecura.cl\/ciudad-del-este\/noticias\/ballet-folklorico-paqariy-nos-entrega-copa-por-su-premio\/#breadcrumb\"},\"inLanguage\":\"es\",\"potentialAction\":[{\"@type\":\"ReadAction\",\"target\":[\"https:\/\/www.manquecura.cl\/ciudad-del-este\/noticias\/ballet-folklorico-paqariy-nos-entrega-copa-por-su-premio\/\"]}]},{\"@type\":\"ImageObject\",\"inLanguage\":\"es\",\"@id\":\"https:\/\/www.manquecura.cl\/ciudad-del-este\/noticias\/ballet-folklorico-paqariy-nos-entrega-copa-por-su-premio\/#primaryimage\",\"url\":\"https:\/\/www.manquecura.cl\/ciudad-del-este\/wp-content\/uploads\/sites\/41\/2022\/06\/copa-paqaryi-ballet-folklorico-manquecura-ciudad-del-este_-1.jpg\",\"contentUrl\":\"https:\/\/www.manquecura.cl\/ciudad-del-este\/wp-content\/uploads\/sites\/41\/2022\/06\/copa-paqaryi-ballet-folklorico-manquecura-ciudad-del-este_-1.jpg\",\"width\":836,\"height\":523},{\"@type\":\"BreadcrumbList\",\"@id\":\"https:\/\/www.manquecura.cl\/ciudad-del-este\/noticias\/ballet-folklorico-paqariy-nos-entrega-copa-por-su-premio\/#breadcrumb\",\"itemListElement\":[{\"@type\":\"ListItem\",\"position\":1,\"name\":\"Home\",\"item\":\"https:\/\/www.manquecura.cl\/ciudad-del-este\/\"},{\"@type\":\"ListItem\",\"position\":2,\"name\":\"Ballet Folkl\u00f3rico Paqariy nos entrega copa por su premio\"}]},{\"@type\":\"WebSite\",\"@id\":\"https:\/\/www.manquecura.cl\/ciudad-del-este\/#website\",\"url\":\"https:\/\/www.manquecura.cl\/ciudad-del-este\/\",\"name\":\"Colegio Manquecura Ciudad del Este\",\"description\":\"\",\"publisher\":{\"@id\":\"https:\/\/www.manquecura.cl\/ciudad-del-este\/#organization\"},\"potentialAction\":[{\"@type\":\"SearchAction\",\"target\":{\"@type\":\"EntryPoint\",\"urlTemplate\":\"https:\/\/www.manquecura.cl\/ciudad-del-este\/?s={search_term_string}\"},\"query-input\":{\"@type\":\"PropertyValueSpecification\",\"valueRequired\":true,\"valueName\":\"search_term_string\"}}],\"inLanguage\":\"es\"},{\"@type\":\"Organization\",\"@id\":\"https:\/\/www.manquecura.cl\/ciudad-del-este\/#organization\",\"name\":\"Colegio Manquecura Ciudad del Este\",\"url\":\"https:\/\/www.manquecura.cl\/ciudad-del-este\/\",\"logo\":{\"@type\":\"ImageObject\",\"inLanguage\":\"es\",\"@id\":\"https:\/\/www.manquecura.cl\/ciudad-del-este\/#\/schema\/logo\/image\/\",\"url\":\"https:\/\/www.manquecura.cl\/ciudad-del-este\/wp-content\/uploads\/sites\/41\/2023\/09\/logo_Manquecura_Ciudad-del-Este_horizontal_color-1.png\",\"contentUrl\":\"https:\/\/www.manquecura.cl\/ciudad-del-este\/wp-content\/uploads\/sites\/41\/2023\/09\/logo_Manquecura_Ciudad-del-Este_horizontal_color-1.png\",\"width\":611,\"height\":183,\"caption\":\"Colegio Manquecura Ciudad del Este\"},\"image\":{\"@id\":\"https:\/\/www.manquecura.cl\/ciudad-del-este\/#\/schema\/logo\/image\/\"},\"sameAs\":[\"http:\/\/www.facebook.com\/ColegiosManquecura\",\"http:\/\/www.instagram.com\/manquecura_ciudaddeleste\/\",\"http:\/\/www.youtube.com\/c\/CognitaChile\"]},{\"@type\":\"Person\",\"@id\":\"https:\/\/www.manquecura.cl\/ciudad-del-este\/#\/schema\/person\/0debeea140e397b5d490ee7e553255d8\",\"name\":\"jorgedelcampo\",\"image\":{\"@type\":\"ImageObject\",\"inLanguage\":\"es\",\"@id\":\"https:\/\/www.manquecura.cl\/ciudad-del-este\/#\/schema\/person\/image\/\",\"url\":\"https:\/\/secure.gravatar.com\/avatar\/4a315f521213b2dc91dbda9bf799f711c8a98ab6f5606ec42cf5b33d1e762e8a?s=96&d=mm&r=g\",\"contentUrl\":\"https:\/\/secure.gravatar.com\/avatar\/4a315f521213b2dc91dbda9bf799f711c8a98ab6f5606ec42cf5b33d1e762e8a?s=96&d=mm&r=g\",\"caption\":\"jorgedelcampo\"}}]}<\/script>\n<!-- \/ Yoast SEO plugin. -->","yoast_head_json":{"title":"Ballet Folkl\u00f3rico Paqariy nos entrega copa por su premio - Colegio Manquecura Ciudad del Este","robots":{"index":"index","follow":"follow","max-snippet":"max-snippet:-1","max-image-preview":"max-image-preview:large","max-video-preview":"max-video-preview:-1"},"canonical":"https:\/\/www.manquecura.cl\/ciudad-del-este\/noticias\/ballet-folklorico-paqariy-nos-entrega-copa-por-su-premio\/","og_locale":"es_ES","og_type":"article","og_title":"Ballet Folkl\u00f3rico Paqariy nos entrega copa por su premio - Colegio Manquecura Ciudad del Este","og_description":"El Ballet Folkl\u00f3rico de Manquecura Ciudad del Este, Paqariy visit\u00f3 a nuestra rectora, Estefan\u00eda C\u00e9spedes Pino, para entregar la r\u00e9plica de la copa que obtuvieron como premio a la Mejor Agrupaci\u00f3n, en el Certamen CIAD Oto\u00f1o 2022. En esta oportunidad asistieron Marcela Valenzuela, Coordinadora de las bailarinas, y Andr\u00e9s Castro, Director General, ambos miembros de [&hellip;]","og_url":"https:\/\/www.manquecura.cl\/ciudad-del-este\/noticias\/ballet-folklorico-paqariy-nos-entrega-copa-por-su-premio\/","og_site_name":"Colegio Manquecura Ciudad del Este","article_publisher":"http:\/\/www.facebook.com\/ColegiosManquecura","article_published_time":"2022-06-23T15:24:18+00:00","author":"jorgedelcampo","twitter_card":"summary_large_image","twitter_misc":{"Escrito por":"jorgedelcampo","Tiempo de lectura":"1 minuto"},"schema":{"@context":"https:\/\/schema.org","@graph":[{"@type":"Article","@id":"https:\/\/www.manquecura.cl\/ciudad-del-este\/noticias\/ballet-folklorico-paqariy-nos-entrega-copa-por-su-premio\/#article","isPartOf":{"@id":"https:\/\/www.manquecura.cl\/ciudad-del-este\/noticias\/ballet-folklorico-paqariy-nos-entrega-copa-por-su-premio\/"},"author":{"name":"jorgedelcampo","@id":"https:\/\/www.manquecura.cl\/ciudad-del-este\/#\/schema\/person\/0debeea140e397b5d490ee7e553255d8"},"headline":"Ballet Folkl\u00f3rico Paqariy nos entrega copa por su premio","datePublished":"2022-06-23T15:24:18+00:00","mainEntityOfPage":{"@id":"https:\/\/www.manquecura.cl\/ciudad-del-este\/noticias\/ballet-folklorico-paqariy-nos-entrega-copa-por-su-premio\/"},"wordCount":165,"commentCount":0,"publisher":{"@id":"https:\/\/www.manquecura.cl\/ciudad-del-este\/#organization"},"image":{"@id":"https:\/\/www.manquecura.cl\/ciudad-del-este\/noticias\/ballet-folklorico-paqariy-nos-entrega-copa-por-su-premio\/#primaryimage"},"thumbnailUrl":"https:\/\/www.manquecura.cl\/ciudad-del-este\/wp-content\/uploads\/sites\/41\/2022\/06\/copa-paqaryi-ballet-folklorico-manquecura-ciudad-del-este_-1.jpg","articleSection":["Vida Escolar"],"inLanguage":"es","potentialAction":[{"@type":"CommentAction","name":"Comment","target":["https:\/\/www.manquecura.cl\/ciudad-del-este\/noticias\/ballet-folklorico-paqariy-nos-entrega-copa-por-su-premio\/#respond"]}]},{"@type":"WebPage","@id":"https:\/\/www.manquecura.cl\/ciudad-del-este\/noticias\/ballet-folklorico-paqariy-nos-entrega-copa-por-su-premio\/","url":"https:\/\/www.manquecura.cl\/ciudad-del-este\/noticias\/ballet-folklorico-paqariy-nos-entrega-copa-por-su-premio\/","name":"Ballet Folkl\u00f3rico Paqariy nos entrega copa por su premio - Colegio Manquecura Ciudad del Este","isPartOf":{"@id":"https:\/\/www.manquecura.cl\/ciudad-del-este\/#website"},"primaryImageOfPage":{"@id":"https:\/\/www.manquecura.cl\/ciudad-del-este\/noticias\/ballet-folklorico-paqariy-nos-entrega-copa-por-su-premio\/#primaryimage"},"image":{"@id":"https:\/\/www.manquecura.cl\/ciudad-del-este\/noticias\/ballet-folklorico-paqariy-nos-entrega-copa-por-su-premio\/#primaryimage"},"thumbnailUrl":"https:\/\/www.manquecura.cl\/ciudad-del-este\/wp-content\/uploads\/sites\/41\/2022\/06\/copa-paqaryi-ballet-folklorico-manquecura-ciudad-del-este_-1.jpg","datePublished":"2022-06-23T15:24:18+00:00","breadcrumb":{"@id":"https:\/\/www.manquecura.cl\/ciudad-del-este\/noticias\/ballet-folklorico-paqariy-nos-entrega-copa-por-su-premio\/#breadcrumb"},"inLanguage":"es","potentialAction":[{"@type":"ReadAction","target":["https:\/\/www.manquecura.cl\/ciudad-del-este\/noticias\/ballet-folklorico-paqariy-nos-entrega-copa-por-su-premio\/"]}]},{"@type":"ImageObject","inLanguage":"es","@id":"https:\/\/www.manquecura.cl\/ciudad-del-este\/noticias\/ballet-folklorico-paqariy-nos-entrega-copa-por-su-premio\/#primaryimage","url":"https:\/\/www.manquecura.cl\/ciudad-del-este\/wp-content\/uploads\/sites\/41\/2022\/06\/copa-paqaryi-ballet-folklorico-manquecura-ciudad-del-este_-1.jpg","contentUrl":"https:\/\/www.manquecura.cl\/ciudad-del-este\/wp-content\/uploads\/sites\/41\/2022\/06\/copa-paqaryi-ballet-folklorico-manquecura-ciudad-del-este_-1.jpg","width":836,"height":523},{"@type":"BreadcrumbList","@id":"https:\/\/www.manquecura.cl\/ciudad-del-este\/noticias\/ballet-folklorico-paqariy-nos-entrega-copa-por-su-premio\/#breadcrumb","itemListElement":[{"@type":"ListItem","position":1,"name":"Home","item":"https:\/\/www.manquecura.cl\/ciudad-del-este\/"},{"@type":"ListItem","position":2,"name":"Ballet Folkl\u00f3rico Paqariy nos entrega copa por su premio"}]},{"@type":"WebSite","@id":"https:\/\/www.manquecura.cl\/ciudad-del-este\/#website","url":"https:\/\/www.manquecura.cl\/ciudad-del-este\/","name":"Colegio Manquecura Ciudad del Este","description":"","publisher":{"@id":"https:\/\/www.manquecura.cl\/ciudad-del-este\/#organization"},"potentialAction":[{"@type":"SearchAction","target":{"@type":"EntryPoint","urlTemplate":"https:\/\/www.manquecura.cl\/ciudad-del-este\/?s={search_term_string}"},"query-input":{"@type":"PropertyValueSpecification","valueRequired":true,"valueName":"search_term_string"}}],"inLanguage":"es"},{"@type":"Organization","@id":"https:\/\/www.manquecura.cl\/ciudad-del-este\/#organization","name":"Colegio Manquecura Ciudad del Este","url":"https:\/\/www.manquecura.cl\/ciudad-del-este\/","logo":{"@type":"ImageObject","inLanguage":"es","@id":"https:\/\/www.manquecura.cl\/ciudad-del-este\/#\/schema\/logo\/image\/","url":"https:\/\/www.manquecura.cl\/ciudad-del-este\/wp-content\/uploads\/sites\/41\/2023\/09\/logo_Manquecura_Ciudad-del-Este_horizontal_color-1.png","contentUrl":"https:\/\/www.manquecura.cl\/ciudad-del-este\/wp-content\/uploads\/sites\/41\/2023\/09\/logo_Manquecura_Ciudad-del-Este_horizontal_color-1.png","width":611,"height":183,"caption":"Colegio Manquecura Ciudad del Este"},"image":{"@id":"https:\/\/www.manquecura.cl\/ciudad-del-este\/#\/schema\/logo\/image\/"},"sameAs":["http:\/\/www.facebook.com\/ColegiosManquecura","http:\/\/www.instagram.com\/manquecura_ciudaddeleste\/","http:\/\/www.youtube.com\/c\/CognitaChile"]},{"@type":"Person","@id":"https:\/\/www.manquecura.cl\/ciudad-del-este\/#\/schema\/person\/0debeea140e397b5d490ee7e553255d8","name":"jorgedelcampo","image":{"@type":"ImageObject","inLanguage":"es","@id":"https:\/\/www.manquecura.cl\/ciudad-del-este\/#\/schema\/person\/image\/","url":"https:\/\/secure.gravatar.com\/avatar\/4a315f521213b2dc91dbda9bf799f711c8a98ab6f5606ec42cf5b33d1e762e8a?s=96&d=mm&r=g","contentUrl":"https:\/\/secure.gravatar.com\/avatar\/4a315f521213b2dc91dbda9bf799f711c8a98ab6f5606ec42cf5b33d1e762e8a?s=96&d=mm&r=g","caption":"jorgedelcampo"}}]}},"jetpack_featured_media_url":"https:\/\/www.manquecura.cl\/ciudad-del-este\/wp-content\/uploads\/sites\/41\/2022\/06\/copa-paqaryi-ballet-folklorico-manquecura-ciudad-del-este_-1.jpg","previous_post_ID":125556,"previous_post_title":"Galer\u00eda C\u00f3ndores de Manquecura VS Colonial de Pirque","previous_post_excerpt":"","previous_post_link":"https:\/\/www.manquecura.cl\/ciudad-del-este\/noticias\/galeria-condores-de-manquecura-vs-colonial-de-pirque\/","previous_post_class":["post-125556","post","type-post","status-publish","format-standard","has-post-thumbnail","hentry","category-vida-escolar"],"next_post_ID":19597,"next_post_title":"20 semanas \u2013 20 misiones: Misi\u00f3n Imposible N\u00b05 \u2013 Saludos de Famosos","next_post_excerpt":"En la 5\u00aa semana de nuestro evento &#8220;20 semanas-20 misiones&#8221;, el profesor Felipe Gonz\u00e1lez invita a los alumnos a un nuevo desaf\u00edo, siendo esta vez, para los Aliens y los Vaqueros de Ense\u00f1anza Media, y todo siempre en el contexto de nuestros 20 a\u00f1os de Aniversario. \u00a1Vamos alumnos! \u00a1Sigan atentos a los nuevos desaf\u00edos! Colegio [&hellip;]","next_post_link":"https:\/\/www.manquecura.cl\/ciudad-del-este\/noticias\/20-semanas-20-misiones-mision-imposible-n5-saludos-de-famosos\/","next_post_class":["post-19597","post","type-post","status-publish","format-standard","has-post-thumbnail","hentry","category-vida-escolar"],"jetpack_sharing_enabled":true,"_links":{"self":[{"href":"https:\/\/www.manquecura.cl\/ciudad-del-este\/wp-json\/wp\/v2\/posts\/125557","targetHints":{"allow":["GET"]}}],"collection":[{"href":"https:\/\/www.manquecura.cl\/ciudad-del-este\/wp-json\/wp\/v2\/posts"}],"about":[{"href":"https:\/\/www.manquecura.cl\/ciudad-del-este\/wp-json\/wp\/v2\/types\/post"}],"author":[{"embeddable":true,"href":"https:\/\/www.manquecura.cl\/ciudad-del-este\/wp-json\/wp\/v2\/users\/14"}],"replies":[{"embeddable":true,"href":"https:\/\/www.manquecura.cl\/ciudad-del-este\/wp-json\/wp\/v2\/comments?post=125557"}],"version-history":[{"count":0,"href":"https:\/\/www.manquecura.cl\/ciudad-del-este\/wp-json\/wp\/v2\/posts\/125557\/revisions"}],"wp:featuredmedia":[{"embeddable":true,"href":"https:\/\/www.manquecura.cl\/ciudad-del-este\/wp-json\/wp\/v2\/media\/19552"}],"wp:attachment":[{"href":"https:\/\/www.manquecura.cl\/ciudad-del-este\/wp-json\/wp\/v2\/media?parent=125557"}],"wp:term":[{"taxonomy":"category","embeddable":true,"href":"https:\/\/www.manquecura.cl\/ciudad-del-este\/wp-json\/wp\/v2\/categories?post=125557"},{"taxonomy":"post_tag","embeddable":true,"href":"https:\/\/www.manquecura.cl\/ciudad-del-este\/wp-json\/wp\/v2\/tags?post=125557"}],"curies":[{"name":"wp","href":"https:\/\/api.w.org\/{rel}","templated":true}]}}