{"id":125554,"date":"2022-06-16T13:13:04","date_gmt":"2022-06-16T17:13:04","guid":{"rendered":"https:\/\/www.manquecura.cl\/ciudad-del-este\/?p=19474"},"modified":"2022-06-16T13:13:04","modified_gmt":"2022-06-16T17:13:04","slug":"campur-general-de-alumnos-estrena-poleron-distintivo","status":"publish","type":"post","link":"https:\/\/www.manquecura.cl\/ciudad-del-este\/noticias\/campur-general-de-alumnos-estrena-poleron-distintivo\/","title":{"rendered":"CAMPUR General de Alumnos estrena poler\u00f3n distintivo"},"content":{"rendered":"<p>Como ya es tradicional en nuestro colegio, el CAMPUR General de Alumnos y sus profesores asesores, Felipe Gonz\u00e1lez y Camila Travieso, recibieron sus poleros distintivos, que los representan como organizaci\u00f3n en el colegio.<\/p>\n<p>Felicitaciones a nuestros estudiantes, l\u00edderes ante sus compa\u00f1eros, quienes han demostrado una gran capacidad de trabajo en equipo y talento para realizar diversas actividades durante este primer semestre, destacando el aniversario n\u00famero 20 de nuestra instituci\u00f3n.<\/p>\n<p>&nbsp;<\/p>\n<p style=\"text-align: center\"><strong>Colegio Manquecura Ciudad del Este<\/strong><\/p>\n<p>\u00a0[multimedia id=&#8221;1&#8243;]<\/p>\n"},"excerpt":{"rendered":"<p>Como ya es tradicional en nuestro colegio, el CAMPUR General de Alumnos y sus profesores asesores, Felipe Gonz\u00e1lez y Camila Travieso, recibieron sus poleros distintivos, que los representan como organizaci\u00f3n en el colegio. Felicitaciones a nuestros estudiantes, l\u00edderes ante sus compa\u00f1eros, quienes han demostrado una gran capacidad de trabajo en equipo y talento para realizar [&hellip;]<\/p>\n","protected":false},"author":14,"featured_media":19534,"comment_status":"open","ping_status":"open","sticky":false,"template":"","format":"standard","meta":{"_acf_changed":false,"content-type":"","_jetpack_memberships_contains_paid_content":false,"footnotes":""},"categories":[1],"tags":[],"class_list":["post-125554","post","type-post","status-publish","format-standard","has-post-thumbnail","hentry","category-vida-escolar"],"acf":[],"yoast_head":"<!-- This site is optimized with the Yoast SEO plugin v27.1.1 - https:\/\/yoast.com\/product\/yoast-seo-wordpress\/ -->\n<title>CAMPUR General de Alumnos estrena poler\u00f3n distintivo - Colegio Manquecura Ciudad del Este<\/title>\n<meta name=\"robots\" content=\"index, follow, max-snippet:-1, max-image-preview:large, max-video-preview:-1\" \/>\n<link rel=\"canonical\" href=\"https:\/\/www.manquecura.cl\/ciudad-del-este\/noticias\/campur-general-de-alumnos-estrena-poleron-distintivo\/\" \/>\n<meta property=\"og:locale\" content=\"es_ES\" \/>\n<meta property=\"og:type\" content=\"article\" \/>\n<meta property=\"og:title\" content=\"CAMPUR General de Alumnos estrena poler\u00f3n distintivo - Colegio Manquecura Ciudad del Este\" \/>\n<meta property=\"og:description\" content=\"Como ya es tradicional en nuestro colegio, el CAMPUR General de Alumnos y sus profesores asesores, Felipe Gonz\u00e1lez y Camila Travieso, recibieron sus poleros distintivos, que los representan como organizaci\u00f3n en el colegio. Felicitaciones a nuestros estudiantes, l\u00edderes ante sus compa\u00f1eros, quienes han demostrado una gran capacidad de trabajo en equipo y talento para realizar [&hellip;]\" \/>\n<meta property=\"og:url\" content=\"https:\/\/www.manquecura.cl\/ciudad-del-este\/noticias\/campur-general-de-alumnos-estrena-poleron-distintivo\/\" \/>\n<meta property=\"og:site_name\" content=\"Colegio Manquecura Ciudad del Este\" \/>\n<meta property=\"article:publisher\" content=\"http:\/\/www.facebook.com\/ColegiosManquecura\" \/>\n<meta property=\"article:published_time\" content=\"2022-06-16T17:13:04+00:00\" \/>\n<meta name=\"author\" content=\"jorgedelcampo\" \/>\n<meta name=\"twitter:card\" content=\"summary_large_image\" \/>\n<meta name=\"twitter:label1\" content=\"Escrito por\" \/>\n\t<meta name=\"twitter:data1\" content=\"jorgedelcampo\" \/>\n<script type=\"application\/ld+json\" class=\"yoast-schema-graph\">{\"@context\":\"https:\/\/schema.org\",\"@graph\":[{\"@type\":\"Article\",\"@id\":\"https:\/\/www.manquecura.cl\/ciudad-del-este\/noticias\/campur-general-de-alumnos-estrena-poleron-distintivo\/#article\",\"isPartOf\":{\"@id\":\"https:\/\/www.manquecura.cl\/ciudad-del-este\/noticias\/campur-general-de-alumnos-estrena-poleron-distintivo\/\"},\"author\":{\"name\":\"jorgedelcampo\",\"@id\":\"https:\/\/www.manquecura.cl\/ciudad-del-este\/#\/schema\/person\/0debeea140e397b5d490ee7e553255d8\"},\"headline\":\"CAMPUR General de Alumnos estrena poler\u00f3n distintivo\",\"datePublished\":\"2022-06-16T17:13:04+00:00\",\"mainEntityOfPage\":{\"@id\":\"https:\/\/www.manquecura.cl\/ciudad-del-este\/noticias\/campur-general-de-alumnos-estrena-poleron-distintivo\/\"},\"wordCount\":90,\"commentCount\":0,\"publisher\":{\"@id\":\"https:\/\/www.manquecura.cl\/ciudad-del-este\/#organization\"},\"image\":{\"@id\":\"https:\/\/www.manquecura.cl\/ciudad-del-este\/noticias\/campur-general-de-alumnos-estrena-poleron-distintivo\/#primaryimage\"},\"thumbnailUrl\":\"https:\/\/www.manquecura.cl\/ciudad-del-este\/wp-content\/uploads\/sites\/41\/2022\/06\/nuevo-poleron-campur-general-de-alumnos-manquecura-ciudad-del-este_-6.jpg\",\"articleSection\":[\"Vida Escolar\"],\"inLanguage\":\"es\",\"potentialAction\":[{\"@type\":\"CommentAction\",\"name\":\"Comment\",\"target\":[\"https:\/\/www.manquecura.cl\/ciudad-del-este\/noticias\/campur-general-de-alumnos-estrena-poleron-distintivo\/#respond\"]}]},{\"@type\":\"WebPage\",\"@id\":\"https:\/\/www.manquecura.cl\/ciudad-del-este\/noticias\/campur-general-de-alumnos-estrena-poleron-distintivo\/\",\"url\":\"https:\/\/www.manquecura.cl\/ciudad-del-este\/noticias\/campur-general-de-alumnos-estrena-poleron-distintivo\/\",\"name\":\"CAMPUR General de Alumnos estrena poler\u00f3n distintivo - Colegio Manquecura Ciudad del Este\",\"isPartOf\":{\"@id\":\"https:\/\/www.manquecura.cl\/ciudad-del-este\/#website\"},\"primaryImageOfPage\":{\"@id\":\"https:\/\/www.manquecura.cl\/ciudad-del-este\/noticias\/campur-general-de-alumnos-estrena-poleron-distintivo\/#primaryimage\"},\"image\":{\"@id\":\"https:\/\/www.manquecura.cl\/ciudad-del-este\/noticias\/campur-general-de-alumnos-estrena-poleron-distintivo\/#primaryimage\"},\"thumbnailUrl\":\"https:\/\/www.manquecura.cl\/ciudad-del-este\/wp-content\/uploads\/sites\/41\/2022\/06\/nuevo-poleron-campur-general-de-alumnos-manquecura-ciudad-del-este_-6.jpg\",\"datePublished\":\"2022-06-16T17:13:04+00:00\",\"breadcrumb\":{\"@id\":\"https:\/\/www.manquecura.cl\/ciudad-del-este\/noticias\/campur-general-de-alumnos-estrena-poleron-distintivo\/#breadcrumb\"},\"inLanguage\":\"es\",\"potentialAction\":[{\"@type\":\"ReadAction\",\"target\":[\"https:\/\/www.manquecura.cl\/ciudad-del-este\/noticias\/campur-general-de-alumnos-estrena-poleron-distintivo\/\"]}]},{\"@type\":\"ImageObject\",\"inLanguage\":\"es\",\"@id\":\"https:\/\/www.manquecura.cl\/ciudad-del-este\/noticias\/campur-general-de-alumnos-estrena-poleron-distintivo\/#primaryimage\",\"url\":\"https:\/\/www.manquecura.cl\/ciudad-del-este\/wp-content\/uploads\/sites\/41\/2022\/06\/nuevo-poleron-campur-general-de-alumnos-manquecura-ciudad-del-este_-6.jpg\",\"contentUrl\":\"https:\/\/www.manquecura.cl\/ciudad-del-este\/wp-content\/uploads\/sites\/41\/2022\/06\/nuevo-poleron-campur-general-de-alumnos-manquecura-ciudad-del-este_-6.jpg\",\"width\":836,\"height\":523},{\"@type\":\"BreadcrumbList\",\"@id\":\"https:\/\/www.manquecura.cl\/ciudad-del-este\/noticias\/campur-general-de-alumnos-estrena-poleron-distintivo\/#breadcrumb\",\"itemListElement\":[{\"@type\":\"ListItem\",\"position\":1,\"name\":\"Home\",\"item\":\"https:\/\/www.manquecura.cl\/ciudad-del-este\/\"},{\"@type\":\"ListItem\",\"position\":2,\"name\":\"CAMPUR General de Alumnos estrena poler\u00f3n distintivo\"}]},{\"@type\":\"WebSite\",\"@id\":\"https:\/\/www.manquecura.cl\/ciudad-del-este\/#website\",\"url\":\"https:\/\/www.manquecura.cl\/ciudad-del-este\/\",\"name\":\"Colegio Manquecura Ciudad del Este\",\"description\":\"\",\"publisher\":{\"@id\":\"https:\/\/www.manquecura.cl\/ciudad-del-este\/#organization\"},\"potentialAction\":[{\"@type\":\"SearchAction\",\"target\":{\"@type\":\"EntryPoint\",\"urlTemplate\":\"https:\/\/www.manquecura.cl\/ciudad-del-este\/?s={search_term_string}\"},\"query-input\":{\"@type\":\"PropertyValueSpecification\",\"valueRequired\":true,\"valueName\":\"search_term_string\"}}],\"inLanguage\":\"es\"},{\"@type\":\"Organization\",\"@id\":\"https:\/\/www.manquecura.cl\/ciudad-del-este\/#organization\",\"name\":\"Colegio Manquecura Ciudad del Este\",\"url\":\"https:\/\/www.manquecura.cl\/ciudad-del-este\/\",\"logo\":{\"@type\":\"ImageObject\",\"inLanguage\":\"es\",\"@id\":\"https:\/\/www.manquecura.cl\/ciudad-del-este\/#\/schema\/logo\/image\/\",\"url\":\"https:\/\/www.manquecura.cl\/ciudad-del-este\/wp-content\/uploads\/sites\/41\/2023\/09\/logo_Manquecura_Ciudad-del-Este_horizontal_color-1.png\",\"contentUrl\":\"https:\/\/www.manquecura.cl\/ciudad-del-este\/wp-content\/uploads\/sites\/41\/2023\/09\/logo_Manquecura_Ciudad-del-Este_horizontal_color-1.png\",\"width\":611,\"height\":183,\"caption\":\"Colegio Manquecura Ciudad del Este\"},\"image\":{\"@id\":\"https:\/\/www.manquecura.cl\/ciudad-del-este\/#\/schema\/logo\/image\/\"},\"sameAs\":[\"http:\/\/www.facebook.com\/ColegiosManquecura\",\"http:\/\/www.instagram.com\/manquecura_ciudaddeleste\/\",\"http:\/\/www.youtube.com\/c\/CognitaChile\"]},{\"@type\":\"Person\",\"@id\":\"https:\/\/www.manquecura.cl\/ciudad-del-este\/#\/schema\/person\/0debeea140e397b5d490ee7e553255d8\",\"name\":\"jorgedelcampo\",\"image\":{\"@type\":\"ImageObject\",\"inLanguage\":\"es\",\"@id\":\"https:\/\/www.manquecura.cl\/ciudad-del-este\/#\/schema\/person\/image\/\",\"url\":\"https:\/\/secure.gravatar.com\/avatar\/4a315f521213b2dc91dbda9bf799f711c8a98ab6f5606ec42cf5b33d1e762e8a?s=96&d=mm&r=g\",\"contentUrl\":\"https:\/\/secure.gravatar.com\/avatar\/4a315f521213b2dc91dbda9bf799f711c8a98ab6f5606ec42cf5b33d1e762e8a?s=96&d=mm&r=g\",\"caption\":\"jorgedelcampo\"}}]}<\/script>\n<!-- \/ Yoast SEO plugin. -->","yoast_head_json":{"title":"CAMPUR General de Alumnos estrena poler\u00f3n distintivo - Colegio Manquecura Ciudad del Este","robots":{"index":"index","follow":"follow","max-snippet":"max-snippet:-1","max-image-preview":"max-image-preview:large","max-video-preview":"max-video-preview:-1"},"canonical":"https:\/\/www.manquecura.cl\/ciudad-del-este\/noticias\/campur-general-de-alumnos-estrena-poleron-distintivo\/","og_locale":"es_ES","og_type":"article","og_title":"CAMPUR General de Alumnos estrena poler\u00f3n distintivo - Colegio Manquecura Ciudad del Este","og_description":"Como ya es tradicional en nuestro colegio, el CAMPUR General de Alumnos y sus profesores asesores, Felipe Gonz\u00e1lez y Camila Travieso, recibieron sus poleros distintivos, que los representan como organizaci\u00f3n en el colegio. Felicitaciones a nuestros estudiantes, l\u00edderes ante sus compa\u00f1eros, quienes han demostrado una gran capacidad de trabajo en equipo y talento para realizar [&hellip;]","og_url":"https:\/\/www.manquecura.cl\/ciudad-del-este\/noticias\/campur-general-de-alumnos-estrena-poleron-distintivo\/","og_site_name":"Colegio Manquecura Ciudad del Este","article_publisher":"http:\/\/www.facebook.com\/ColegiosManquecura","article_published_time":"2022-06-16T17:13:04+00:00","author":"jorgedelcampo","twitter_card":"summary_large_image","twitter_misc":{"Escrito por":"jorgedelcampo"},"schema":{"@context":"https:\/\/schema.org","@graph":[{"@type":"Article","@id":"https:\/\/www.manquecura.cl\/ciudad-del-este\/noticias\/campur-general-de-alumnos-estrena-poleron-distintivo\/#article","isPartOf":{"@id":"https:\/\/www.manquecura.cl\/ciudad-del-este\/noticias\/campur-general-de-alumnos-estrena-poleron-distintivo\/"},"author":{"name":"jorgedelcampo","@id":"https:\/\/www.manquecura.cl\/ciudad-del-este\/#\/schema\/person\/0debeea140e397b5d490ee7e553255d8"},"headline":"CAMPUR General de Alumnos estrena poler\u00f3n distintivo","datePublished":"2022-06-16T17:13:04+00:00","mainEntityOfPage":{"@id":"https:\/\/www.manquecura.cl\/ciudad-del-este\/noticias\/campur-general-de-alumnos-estrena-poleron-distintivo\/"},"wordCount":90,"commentCount":0,"publisher":{"@id":"https:\/\/www.manquecura.cl\/ciudad-del-este\/#organization"},"image":{"@id":"https:\/\/www.manquecura.cl\/ciudad-del-este\/noticias\/campur-general-de-alumnos-estrena-poleron-distintivo\/#primaryimage"},"thumbnailUrl":"https:\/\/www.manquecura.cl\/ciudad-del-este\/wp-content\/uploads\/sites\/41\/2022\/06\/nuevo-poleron-campur-general-de-alumnos-manquecura-ciudad-del-este_-6.jpg","articleSection":["Vida Escolar"],"inLanguage":"es","potentialAction":[{"@type":"CommentAction","name":"Comment","target":["https:\/\/www.manquecura.cl\/ciudad-del-este\/noticias\/campur-general-de-alumnos-estrena-poleron-distintivo\/#respond"]}]},{"@type":"WebPage","@id":"https:\/\/www.manquecura.cl\/ciudad-del-este\/noticias\/campur-general-de-alumnos-estrena-poleron-distintivo\/","url":"https:\/\/www.manquecura.cl\/ciudad-del-este\/noticias\/campur-general-de-alumnos-estrena-poleron-distintivo\/","name":"CAMPUR General de Alumnos estrena poler\u00f3n distintivo - Colegio Manquecura Ciudad del Este","isPartOf":{"@id":"https:\/\/www.manquecura.cl\/ciudad-del-este\/#website"},"primaryImageOfPage":{"@id":"https:\/\/www.manquecura.cl\/ciudad-del-este\/noticias\/campur-general-de-alumnos-estrena-poleron-distintivo\/#primaryimage"},"image":{"@id":"https:\/\/www.manquecura.cl\/ciudad-del-este\/noticias\/campur-general-de-alumnos-estrena-poleron-distintivo\/#primaryimage"},"thumbnailUrl":"https:\/\/www.manquecura.cl\/ciudad-del-este\/wp-content\/uploads\/sites\/41\/2022\/06\/nuevo-poleron-campur-general-de-alumnos-manquecura-ciudad-del-este_-6.jpg","datePublished":"2022-06-16T17:13:04+00:00","breadcrumb":{"@id":"https:\/\/www.manquecura.cl\/ciudad-del-este\/noticias\/campur-general-de-alumnos-estrena-poleron-distintivo\/#breadcrumb"},"inLanguage":"es","potentialAction":[{"@type":"ReadAction","target":["https:\/\/www.manquecura.cl\/ciudad-del-este\/noticias\/campur-general-de-alumnos-estrena-poleron-distintivo\/"]}]},{"@type":"ImageObject","inLanguage":"es","@id":"https:\/\/www.manquecura.cl\/ciudad-del-este\/noticias\/campur-general-de-alumnos-estrena-poleron-distintivo\/#primaryimage","url":"https:\/\/www.manquecura.cl\/ciudad-del-este\/wp-content\/uploads\/sites\/41\/2022\/06\/nuevo-poleron-campur-general-de-alumnos-manquecura-ciudad-del-este_-6.jpg","contentUrl":"https:\/\/www.manquecura.cl\/ciudad-del-este\/wp-content\/uploads\/sites\/41\/2022\/06\/nuevo-poleron-campur-general-de-alumnos-manquecura-ciudad-del-este_-6.jpg","width":836,"height":523},{"@type":"BreadcrumbList","@id":"https:\/\/www.manquecura.cl\/ciudad-del-este\/noticias\/campur-general-de-alumnos-estrena-poleron-distintivo\/#breadcrumb","itemListElement":[{"@type":"ListItem","position":1,"name":"Home","item":"https:\/\/www.manquecura.cl\/ciudad-del-este\/"},{"@type":"ListItem","position":2,"name":"CAMPUR General de Alumnos estrena poler\u00f3n distintivo"}]},{"@type":"WebSite","@id":"https:\/\/www.manquecura.cl\/ciudad-del-este\/#website","url":"https:\/\/www.manquecura.cl\/ciudad-del-este\/","name":"Colegio Manquecura Ciudad del Este","description":"","publisher":{"@id":"https:\/\/www.manquecura.cl\/ciudad-del-este\/#organization"},"potentialAction":[{"@type":"SearchAction","target":{"@type":"EntryPoint","urlTemplate":"https:\/\/www.manquecura.cl\/ciudad-del-este\/?s={search_term_string}"},"query-input":{"@type":"PropertyValueSpecification","valueRequired":true,"valueName":"search_term_string"}}],"inLanguage":"es"},{"@type":"Organization","@id":"https:\/\/www.manquecura.cl\/ciudad-del-este\/#organization","name":"Colegio Manquecura Ciudad del Este","url":"https:\/\/www.manquecura.cl\/ciudad-del-este\/","logo":{"@type":"ImageObject","inLanguage":"es","@id":"https:\/\/www.manquecura.cl\/ciudad-del-este\/#\/schema\/logo\/image\/","url":"https:\/\/www.manquecura.cl\/ciudad-del-este\/wp-content\/uploads\/sites\/41\/2023\/09\/logo_Manquecura_Ciudad-del-Este_horizontal_color-1.png","contentUrl":"https:\/\/www.manquecura.cl\/ciudad-del-este\/wp-content\/uploads\/sites\/41\/2023\/09\/logo_Manquecura_Ciudad-del-Este_horizontal_color-1.png","width":611,"height":183,"caption":"Colegio Manquecura Ciudad del Este"},"image":{"@id":"https:\/\/www.manquecura.cl\/ciudad-del-este\/#\/schema\/logo\/image\/"},"sameAs":["http:\/\/www.facebook.com\/ColegiosManquecura","http:\/\/www.instagram.com\/manquecura_ciudaddeleste\/","http:\/\/www.youtube.com\/c\/CognitaChile"]},{"@type":"Person","@id":"https:\/\/www.manquecura.cl\/ciudad-del-este\/#\/schema\/person\/0debeea140e397b5d490ee7e553255d8","name":"jorgedelcampo","image":{"@type":"ImageObject","inLanguage":"es","@id":"https:\/\/www.manquecura.cl\/ciudad-del-este\/#\/schema\/person\/image\/","url":"https:\/\/secure.gravatar.com\/avatar\/4a315f521213b2dc91dbda9bf799f711c8a98ab6f5606ec42cf5b33d1e762e8a?s=96&d=mm&r=g","contentUrl":"https:\/\/secure.gravatar.com\/avatar\/4a315f521213b2dc91dbda9bf799f711c8a98ab6f5606ec42cf5b33d1e762e8a?s=96&d=mm&r=g","caption":"jorgedelcampo"}}]}},"jetpack_featured_media_url":"https:\/\/www.manquecura.cl\/ciudad-del-este\/wp-content\/uploads\/sites\/41\/2022\/06\/nuevo-poleron-campur-general-de-alumnos-manquecura-ciudad-del-este_-6.jpg","previous_post_ID":125550,"previous_post_title":"20 semanas \u2013 20 misiones: Misi\u00f3n Imposible N\u00b03 \u2013 Grito de Alianza en otro idioma","previous_post_excerpt":"Manquecura Ciudad del Este contin\u00faa junto a todos sus estudiantes celebrando sus 20 a\u00f1os de vida, esta vez con el desarrollo de la 3era Misi\u00f3n Imposible del evento &#8220;20 semanas \u2013 20 misiones&#8221;, con el turno de participar a Ense\u00f1anza B\u00e1sica, quienes realizaron a actividad solicitad, esta vez por otra persona que nos ha acompa\u00f1ado [&hellip;]","previous_post_link":"https:\/\/www.manquecura.cl\/ciudad-del-este\/noticias\/20-semanas-20-misiones-mision-imposible-n2-grito-de-alianza-en-otro-idioma\/","previous_post_class":["post-125550","post","type-post","status-publish","format-standard","has-post-thumbnail","hentry","category-vida-escolar"],"next_post_ID":125555,"next_post_title":"C\u00f3ndores de Manquecura VS Colonial de Pirque","next_post_excerpt":"Los C\u00f3ndores de Manquecura Ciudad del Este mantuvieron un excelente encuentro deportivo frente al colegio Colonial de Pirque, enmarcado en la Liga LIFUC, siendo una oportunidad en la que participaron todas las categor\u00edas, desde 2do B\u00e1sico a IV Medio. La realizaci\u00f3n adem\u00e1s de estas jornadas, contemplan actividades que conforman nuestro proyecto educativo, junto a los [&hellip;]","next_post_link":"https:\/\/www.manquecura.cl\/ciudad-del-este\/noticias\/condores-de-manquecura-vs-colonial-de-pirque\/","next_post_class":["post-125555","post","type-post","status-publish","format-standard","has-post-thumbnail","hentry","category-vida-escolar"],"jetpack_sharing_enabled":true,"_links":{"self":[{"href":"https:\/\/www.manquecura.cl\/ciudad-del-este\/wp-json\/wp\/v2\/posts\/125554","targetHints":{"allow":["GET"]}}],"collection":[{"href":"https:\/\/www.manquecura.cl\/ciudad-del-este\/wp-json\/wp\/v2\/posts"}],"about":[{"href":"https:\/\/www.manquecura.cl\/ciudad-del-este\/wp-json\/wp\/v2\/types\/post"}],"author":[{"embeddable":true,"href":"https:\/\/www.manquecura.cl\/ciudad-del-este\/wp-json\/wp\/v2\/users\/14"}],"replies":[{"embeddable":true,"href":"https:\/\/www.manquecura.cl\/ciudad-del-este\/wp-json\/wp\/v2\/comments?post=125554"}],"version-history":[{"count":0,"href":"https:\/\/www.manquecura.cl\/ciudad-del-este\/wp-json\/wp\/v2\/posts\/125554\/revisions"}],"wp:featuredmedia":[{"embeddable":true,"href":"https:\/\/www.manquecura.cl\/ciudad-del-este\/wp-json\/wp\/v2\/media\/19534"}],"wp:attachment":[{"href":"https:\/\/www.manquecura.cl\/ciudad-del-este\/wp-json\/wp\/v2\/media?parent=125554"}],"wp:term":[{"taxonomy":"category","embeddable":true,"href":"https:\/\/www.manquecura.cl\/ciudad-del-este\/wp-json\/wp\/v2\/categories?post=125554"},{"taxonomy":"post_tag","embeddable":true,"href":"https:\/\/www.manquecura.cl\/ciudad-del-este\/wp-json\/wp\/v2\/tags?post=125554"}],"curies":[{"name":"wp","href":"https:\/\/api.w.org\/{rel}","templated":true}]}}