{"id":125547,"date":"2022-06-06T10:47:37","date_gmt":"2022-06-06T14:47:37","guid":{"rendered":"https:\/\/www.manquecura.cl\/ciudad-del-este\/?p=19362"},"modified":"2022-06-06T10:47:37","modified_gmt":"2022-06-06T14:47:37","slug":"campur-general-de-padres-informa","status":"publish","type":"post","link":"https:\/\/www.manquecura.cl\/ciudad-del-este\/noticias\/campur-general-de-padres-informa\/","title":{"rendered":"CAMPUR General de Padres informa"},"content":{"rendered":"<p><strong>1. Difusi\u00f3n Centro de Padres: Captaci\u00f3n de socios<br \/>\n<\/strong><br \/>\nComo Centro de Padres y Apoderados recientemente constituido, hacemos un llamado a incorporarnos como socios del mismo, para desde este lugar fomentar el desarrollo de una comunidad unida y participativa.<\/p>\n<p>Los detalles de las expectativas y objetivos de corto plazo pueden obtenerlo ya sea de los coordinadores de los grupos CAMPUR de curso o directamente enviando sus consultas al equipo directivo del Centro de Padres al correo <strong>campurgeneralcde2021@gmail.com<\/strong><\/p>\n<p><strong>La cuota societaria ANUAL tiene un valor de $10.000 POR FAMILIA<\/strong>, es decir, independiente de la cantidad de hijos que tenga en el colegio la cuota es la misma.<\/p>\n<p>El link para inscripci\u00f3n, con los datos para realizar la transferencia es el siguiente<a href=\"https:\/\/forms.gle\/vbhDqqDsQzkEW3JC8\"> hacer click aqu\u00ed<\/a><\/p>\n<p>&nbsp;<\/p>\n<p><strong>2. Campeonato de Baby F\u00fatbol 20 A\u00f1os Manquecura CDE<\/strong><\/p>\n<p><strong>Fecha de inicio del torneo de Futbolito: <\/strong><br \/>\n<strong>S\u00e1bado 25 de junio.<\/strong><\/p>\n<p><em>Desde esta fecha en adelante se consideran 9 s\u00e1bados de 09:00 a 13:00 horas.<\/em><\/p>\n<p>Al final de esta noticia encontrar\u00e1 las bases preliminares del campeonato, las cuales de manera resumida consideran la participaci\u00f3n de hasta 24 equipos de varones y 8 de damas, con un calendario de 44 y 16 partidos respectivamente (60 partidos en total).<\/p>\n<p>Prontamente entregaremos m\u00e1s antecedentes del evento, por ahora hacemos un llamado a las inscripciones, ya que se ha determinado que la participaci\u00f3n al torneo queda sujeta a que los cursos que tengan m\u00e1s de 33% de familias inscritas en el Centro de Padres pueden participar. Adem\u00e1s, se ha dejado espacio para la participaci\u00f3n de funcionarias y funcionarias, quienes pueden llegar a ocupar 1 cupo por equipo.<\/p>\n<p><a>VER BASES CAMPEONATO AQU\u00cd<\/a><\/p>\n<p>&nbsp;<\/p>\n<p style=\"text-align: center\"><strong>Centro General de Padres y Apoderados<\/strong><br \/>\n<strong>Colegio Manquecura Ciudad del Este<\/strong><\/p>\n"},"excerpt":{"rendered":"<p>1. Difusi\u00f3n Centro de Padres: Captaci\u00f3n de socios Como Centro de Padres y Apoderados recientemente constituido, hacemos un llamado a incorporarnos como socios del mismo, para desde este lugar fomentar el desarrollo de una comunidad unida y participativa. Los detalles de las expectativas y objetivos de corto plazo pueden obtenerlo ya sea de los coordinadores [&hellip;]<\/p>\n","protected":false},"author":14,"featured_media":19363,"comment_status":"open","ping_status":"open","sticky":false,"template":"","format":"standard","meta":{"_acf_changed":false,"content-type":"","_jetpack_memberships_contains_paid_content":false,"footnotes":""},"categories":[1],"tags":[],"class_list":["post-125547","post","type-post","status-publish","format-standard","has-post-thumbnail","hentry","category-vida-escolar"],"acf":[],"yoast_head":"<!-- This site is optimized with the Yoast SEO plugin v27.1.1 - https:\/\/yoast.com\/product\/yoast-seo-wordpress\/ -->\n<title>CAMPUR General de Padres informa - Colegio Manquecura Ciudad del Este<\/title>\n<meta name=\"robots\" content=\"index, follow, max-snippet:-1, max-image-preview:large, max-video-preview:-1\" \/>\n<link rel=\"canonical\" href=\"https:\/\/www.manquecura.cl\/ciudad-del-este\/noticias\/campur-general-de-padres-informa\/\" \/>\n<meta property=\"og:locale\" content=\"es_ES\" \/>\n<meta property=\"og:type\" content=\"article\" \/>\n<meta property=\"og:title\" content=\"CAMPUR General de Padres informa - Colegio Manquecura Ciudad del Este\" \/>\n<meta property=\"og:description\" content=\"1. Difusi\u00f3n Centro de Padres: Captaci\u00f3n de socios Como Centro de Padres y Apoderados recientemente constituido, hacemos un llamado a incorporarnos como socios del mismo, para desde este lugar fomentar el desarrollo de una comunidad unida y participativa. Los detalles de las expectativas y objetivos de corto plazo pueden obtenerlo ya sea de los coordinadores [&hellip;]\" \/>\n<meta property=\"og:url\" content=\"https:\/\/www.manquecura.cl\/ciudad-del-este\/noticias\/campur-general-de-padres-informa\/\" \/>\n<meta property=\"og:site_name\" content=\"Colegio Manquecura Ciudad del Este\" \/>\n<meta property=\"article:publisher\" content=\"http:\/\/www.facebook.com\/ColegiosManquecura\" \/>\n<meta property=\"article:published_time\" content=\"2022-06-06T14:47:37+00:00\" \/>\n<meta name=\"author\" content=\"jorgedelcampo\" \/>\n<meta name=\"twitter:card\" content=\"summary_large_image\" \/>\n<meta name=\"twitter:label1\" content=\"Escrito por\" \/>\n\t<meta name=\"twitter:data1\" content=\"jorgedelcampo\" \/>\n\t<meta name=\"twitter:label2\" content=\"Tiempo de lectura\" \/>\n\t<meta name=\"twitter:data2\" content=\"1 minuto\" \/>\n<script type=\"application\/ld+json\" class=\"yoast-schema-graph\">{\"@context\":\"https:\/\/schema.org\",\"@graph\":[{\"@type\":\"Article\",\"@id\":\"https:\/\/www.manquecura.cl\/ciudad-del-este\/noticias\/campur-general-de-padres-informa\/#article\",\"isPartOf\":{\"@id\":\"https:\/\/www.manquecura.cl\/ciudad-del-este\/noticias\/campur-general-de-padres-informa\/\"},\"author\":{\"name\":\"jorgedelcampo\",\"@id\":\"https:\/\/www.manquecura.cl\/ciudad-del-este\/#\/schema\/person\/0debeea140e397b5d490ee7e553255d8\"},\"headline\":\"CAMPUR General de Padres informa\",\"datePublished\":\"2022-06-06T14:47:37+00:00\",\"mainEntityOfPage\":{\"@id\":\"https:\/\/www.manquecura.cl\/ciudad-del-este\/noticias\/campur-general-de-padres-informa\/\"},\"wordCount\":286,\"commentCount\":0,\"publisher\":{\"@id\":\"https:\/\/www.manquecura.cl\/ciudad-del-este\/#organization\"},\"image\":{\"@id\":\"https:\/\/www.manquecura.cl\/ciudad-del-este\/noticias\/campur-general-de-padres-informa\/#primaryimage\"},\"thumbnailUrl\":\"\",\"articleSection\":[\"Vida Escolar\"],\"inLanguage\":\"es\",\"potentialAction\":[{\"@type\":\"CommentAction\",\"name\":\"Comment\",\"target\":[\"https:\/\/www.manquecura.cl\/ciudad-del-este\/noticias\/campur-general-de-padres-informa\/#respond\"]}]},{\"@type\":\"WebPage\",\"@id\":\"https:\/\/www.manquecura.cl\/ciudad-del-este\/noticias\/campur-general-de-padres-informa\/\",\"url\":\"https:\/\/www.manquecura.cl\/ciudad-del-este\/noticias\/campur-general-de-padres-informa\/\",\"name\":\"CAMPUR General de Padres informa - Colegio Manquecura Ciudad del Este\",\"isPartOf\":{\"@id\":\"https:\/\/www.manquecura.cl\/ciudad-del-este\/#website\"},\"primaryImageOfPage\":{\"@id\":\"https:\/\/www.manquecura.cl\/ciudad-del-este\/noticias\/campur-general-de-padres-informa\/#primaryimage\"},\"image\":{\"@id\":\"https:\/\/www.manquecura.cl\/ciudad-del-este\/noticias\/campur-general-de-padres-informa\/#primaryimage\"},\"thumbnailUrl\":\"\",\"datePublished\":\"2022-06-06T14:47:37+00:00\",\"breadcrumb\":{\"@id\":\"https:\/\/www.manquecura.cl\/ciudad-del-este\/noticias\/campur-general-de-padres-informa\/#breadcrumb\"},\"inLanguage\":\"es\",\"potentialAction\":[{\"@type\":\"ReadAction\",\"target\":[\"https:\/\/www.manquecura.cl\/ciudad-del-este\/noticias\/campur-general-de-padres-informa\/\"]}]},{\"@type\":\"ImageObject\",\"inLanguage\":\"es\",\"@id\":\"https:\/\/www.manquecura.cl\/ciudad-del-este\/noticias\/campur-general-de-padres-informa\/#primaryimage\",\"url\":\"\",\"contentUrl\":\"\"},{\"@type\":\"BreadcrumbList\",\"@id\":\"https:\/\/www.manquecura.cl\/ciudad-del-este\/noticias\/campur-general-de-padres-informa\/#breadcrumb\",\"itemListElement\":[{\"@type\":\"ListItem\",\"position\":1,\"name\":\"Home\",\"item\":\"https:\/\/www.manquecura.cl\/ciudad-del-este\/\"},{\"@type\":\"ListItem\",\"position\":2,\"name\":\"CAMPUR General de Padres informa\"}]},{\"@type\":\"WebSite\",\"@id\":\"https:\/\/www.manquecura.cl\/ciudad-del-este\/#website\",\"url\":\"https:\/\/www.manquecura.cl\/ciudad-del-este\/\",\"name\":\"Colegio Manquecura Ciudad del Este\",\"description\":\"\",\"publisher\":{\"@id\":\"https:\/\/www.manquecura.cl\/ciudad-del-este\/#organization\"},\"potentialAction\":[{\"@type\":\"SearchAction\",\"target\":{\"@type\":\"EntryPoint\",\"urlTemplate\":\"https:\/\/www.manquecura.cl\/ciudad-del-este\/?s={search_term_string}\"},\"query-input\":{\"@type\":\"PropertyValueSpecification\",\"valueRequired\":true,\"valueName\":\"search_term_string\"}}],\"inLanguage\":\"es\"},{\"@type\":\"Organization\",\"@id\":\"https:\/\/www.manquecura.cl\/ciudad-del-este\/#organization\",\"name\":\"Colegio Manquecura Ciudad del Este\",\"url\":\"https:\/\/www.manquecura.cl\/ciudad-del-este\/\",\"logo\":{\"@type\":\"ImageObject\",\"inLanguage\":\"es\",\"@id\":\"https:\/\/www.manquecura.cl\/ciudad-del-este\/#\/schema\/logo\/image\/\",\"url\":\"https:\/\/www.manquecura.cl\/ciudad-del-este\/wp-content\/uploads\/sites\/41\/2023\/09\/logo_Manquecura_Ciudad-del-Este_horizontal_color-1.png\",\"contentUrl\":\"https:\/\/www.manquecura.cl\/ciudad-del-este\/wp-content\/uploads\/sites\/41\/2023\/09\/logo_Manquecura_Ciudad-del-Este_horizontal_color-1.png\",\"width\":611,\"height\":183,\"caption\":\"Colegio Manquecura Ciudad del Este\"},\"image\":{\"@id\":\"https:\/\/www.manquecura.cl\/ciudad-del-este\/#\/schema\/logo\/image\/\"},\"sameAs\":[\"http:\/\/www.facebook.com\/ColegiosManquecura\",\"http:\/\/www.instagram.com\/manquecura_ciudaddeleste\/\",\"http:\/\/www.youtube.com\/c\/CognitaChile\"]},{\"@type\":\"Person\",\"@id\":\"https:\/\/www.manquecura.cl\/ciudad-del-este\/#\/schema\/person\/0debeea140e397b5d490ee7e553255d8\",\"name\":\"jorgedelcampo\",\"image\":{\"@type\":\"ImageObject\",\"inLanguage\":\"es\",\"@id\":\"https:\/\/www.manquecura.cl\/ciudad-del-este\/#\/schema\/person\/image\/\",\"url\":\"https:\/\/secure.gravatar.com\/avatar\/4a315f521213b2dc91dbda9bf799f711c8a98ab6f5606ec42cf5b33d1e762e8a?s=96&d=mm&r=g\",\"contentUrl\":\"https:\/\/secure.gravatar.com\/avatar\/4a315f521213b2dc91dbda9bf799f711c8a98ab6f5606ec42cf5b33d1e762e8a?s=96&d=mm&r=g\",\"caption\":\"jorgedelcampo\"}}]}<\/script>\n<!-- \/ Yoast SEO plugin. -->","yoast_head_json":{"title":"CAMPUR General de Padres informa - Colegio Manquecura Ciudad del Este","robots":{"index":"index","follow":"follow","max-snippet":"max-snippet:-1","max-image-preview":"max-image-preview:large","max-video-preview":"max-video-preview:-1"},"canonical":"https:\/\/www.manquecura.cl\/ciudad-del-este\/noticias\/campur-general-de-padres-informa\/","og_locale":"es_ES","og_type":"article","og_title":"CAMPUR General de Padres informa - Colegio Manquecura Ciudad del Este","og_description":"1. Difusi\u00f3n Centro de Padres: Captaci\u00f3n de socios Como Centro de Padres y Apoderados recientemente constituido, hacemos un llamado a incorporarnos como socios del mismo, para desde este lugar fomentar el desarrollo de una comunidad unida y participativa. Los detalles de las expectativas y objetivos de corto plazo pueden obtenerlo ya sea de los coordinadores [&hellip;]","og_url":"https:\/\/www.manquecura.cl\/ciudad-del-este\/noticias\/campur-general-de-padres-informa\/","og_site_name":"Colegio Manquecura Ciudad del Este","article_publisher":"http:\/\/www.facebook.com\/ColegiosManquecura","article_published_time":"2022-06-06T14:47:37+00:00","author":"jorgedelcampo","twitter_card":"summary_large_image","twitter_misc":{"Escrito por":"jorgedelcampo","Tiempo de lectura":"1 minuto"},"schema":{"@context":"https:\/\/schema.org","@graph":[{"@type":"Article","@id":"https:\/\/www.manquecura.cl\/ciudad-del-este\/noticias\/campur-general-de-padres-informa\/#article","isPartOf":{"@id":"https:\/\/www.manquecura.cl\/ciudad-del-este\/noticias\/campur-general-de-padres-informa\/"},"author":{"name":"jorgedelcampo","@id":"https:\/\/www.manquecura.cl\/ciudad-del-este\/#\/schema\/person\/0debeea140e397b5d490ee7e553255d8"},"headline":"CAMPUR General de Padres informa","datePublished":"2022-06-06T14:47:37+00:00","mainEntityOfPage":{"@id":"https:\/\/www.manquecura.cl\/ciudad-del-este\/noticias\/campur-general-de-padres-informa\/"},"wordCount":286,"commentCount":0,"publisher":{"@id":"https:\/\/www.manquecura.cl\/ciudad-del-este\/#organization"},"image":{"@id":"https:\/\/www.manquecura.cl\/ciudad-del-este\/noticias\/campur-general-de-padres-informa\/#primaryimage"},"thumbnailUrl":"","articleSection":["Vida Escolar"],"inLanguage":"es","potentialAction":[{"@type":"CommentAction","name":"Comment","target":["https:\/\/www.manquecura.cl\/ciudad-del-este\/noticias\/campur-general-de-padres-informa\/#respond"]}]},{"@type":"WebPage","@id":"https:\/\/www.manquecura.cl\/ciudad-del-este\/noticias\/campur-general-de-padres-informa\/","url":"https:\/\/www.manquecura.cl\/ciudad-del-este\/noticias\/campur-general-de-padres-informa\/","name":"CAMPUR General de Padres informa - Colegio Manquecura Ciudad del Este","isPartOf":{"@id":"https:\/\/www.manquecura.cl\/ciudad-del-este\/#website"},"primaryImageOfPage":{"@id":"https:\/\/www.manquecura.cl\/ciudad-del-este\/noticias\/campur-general-de-padres-informa\/#primaryimage"},"image":{"@id":"https:\/\/www.manquecura.cl\/ciudad-del-este\/noticias\/campur-general-de-padres-informa\/#primaryimage"},"thumbnailUrl":"","datePublished":"2022-06-06T14:47:37+00:00","breadcrumb":{"@id":"https:\/\/www.manquecura.cl\/ciudad-del-este\/noticias\/campur-general-de-padres-informa\/#breadcrumb"},"inLanguage":"es","potentialAction":[{"@type":"ReadAction","target":["https:\/\/www.manquecura.cl\/ciudad-del-este\/noticias\/campur-general-de-padres-informa\/"]}]},{"@type":"ImageObject","inLanguage":"es","@id":"https:\/\/www.manquecura.cl\/ciudad-del-este\/noticias\/campur-general-de-padres-informa\/#primaryimage","url":"","contentUrl":""},{"@type":"BreadcrumbList","@id":"https:\/\/www.manquecura.cl\/ciudad-del-este\/noticias\/campur-general-de-padres-informa\/#breadcrumb","itemListElement":[{"@type":"ListItem","position":1,"name":"Home","item":"https:\/\/www.manquecura.cl\/ciudad-del-este\/"},{"@type":"ListItem","position":2,"name":"CAMPUR General de Padres informa"}]},{"@type":"WebSite","@id":"https:\/\/www.manquecura.cl\/ciudad-del-este\/#website","url":"https:\/\/www.manquecura.cl\/ciudad-del-este\/","name":"Colegio Manquecura Ciudad del Este","description":"","publisher":{"@id":"https:\/\/www.manquecura.cl\/ciudad-del-este\/#organization"},"potentialAction":[{"@type":"SearchAction","target":{"@type":"EntryPoint","urlTemplate":"https:\/\/www.manquecura.cl\/ciudad-del-este\/?s={search_term_string}"},"query-input":{"@type":"PropertyValueSpecification","valueRequired":true,"valueName":"search_term_string"}}],"inLanguage":"es"},{"@type":"Organization","@id":"https:\/\/www.manquecura.cl\/ciudad-del-este\/#organization","name":"Colegio Manquecura Ciudad del Este","url":"https:\/\/www.manquecura.cl\/ciudad-del-este\/","logo":{"@type":"ImageObject","inLanguage":"es","@id":"https:\/\/www.manquecura.cl\/ciudad-del-este\/#\/schema\/logo\/image\/","url":"https:\/\/www.manquecura.cl\/ciudad-del-este\/wp-content\/uploads\/sites\/41\/2023\/09\/logo_Manquecura_Ciudad-del-Este_horizontal_color-1.png","contentUrl":"https:\/\/www.manquecura.cl\/ciudad-del-este\/wp-content\/uploads\/sites\/41\/2023\/09\/logo_Manquecura_Ciudad-del-Este_horizontal_color-1.png","width":611,"height":183,"caption":"Colegio Manquecura Ciudad del Este"},"image":{"@id":"https:\/\/www.manquecura.cl\/ciudad-del-este\/#\/schema\/logo\/image\/"},"sameAs":["http:\/\/www.facebook.com\/ColegiosManquecura","http:\/\/www.instagram.com\/manquecura_ciudaddeleste\/","http:\/\/www.youtube.com\/c\/CognitaChile"]},{"@type":"Person","@id":"https:\/\/www.manquecura.cl\/ciudad-del-este\/#\/schema\/person\/0debeea140e397b5d490ee7e553255d8","name":"jorgedelcampo","image":{"@type":"ImageObject","inLanguage":"es","@id":"https:\/\/www.manquecura.cl\/ciudad-del-este\/#\/schema\/person\/image\/","url":"https:\/\/secure.gravatar.com\/avatar\/4a315f521213b2dc91dbda9bf799f711c8a98ab6f5606ec42cf5b33d1e762e8a?s=96&d=mm&r=g","contentUrl":"https:\/\/secure.gravatar.com\/avatar\/4a315f521213b2dc91dbda9bf799f711c8a98ab6f5606ec42cf5b33d1e762e8a?s=96&d=mm&r=g","caption":"jorgedelcampo"}}]}},"jetpack_featured_media_url":"","previous_post_ID":125545,"previous_post_title":"Simulacro de refugio","previous_post_excerpt":"En el marco del Mes de la Seguridad, Manquecura Ciudad del Este realiz\u00f3 un simulacro de refugio en sala o lock down, que prepara al colegio ante alguna intrusi\u00f3n o ataque armado. Por medio de este simulacro, los alumnos conocen la alarma que les indica que deben resguardarse dentro de su sala de clases, encerr\u00e1ndose [&hellip;]","previous_post_link":"https:\/\/www.manquecura.cl\/ciudad-del-este\/noticias\/simulacro-de-refugio\/","previous_post_class":["post-125545","post","type-post","status-publish","format-standard","has-post-thumbnail","hentry","category-vida-escolar"],"next_post_ID":125546,"next_post_title":"20 semanas \u2013 20 misiones: Misi\u00f3n Imposible N\u00b02 \u2013 Dibujar a Manquecurito","next_post_excerpt":"En la Misi\u00f3n Imposible N\u00ba2 de Manquecura Ciudad del Este, continuando con nuestra actividad de aniversario \u201c20 semanas \u2013 20 misiones\u201d, el ex alumno Nicol\u00e1s Monsalve, Generaci\u00f3n 2008 y actual docente del colegio en Lengua y Literatura, invit\u00f3 a los estudiantes de Educaci\u00f3n Parvularia a realizar un dibujo del Manquecurito caracterizado de la alianza a [&hellip;]","next_post_link":"https:\/\/www.manquecura.cl\/ciudad-del-este\/noticias\/20-semanas-20-misiones-mision-imposible-n2-dibujar-a-manquecurito\/","next_post_class":["post-125546","post","type-post","status-publish","format-standard","has-post-thumbnail","hentry","category-vida-escolar"],"jetpack_sharing_enabled":true,"_links":{"self":[{"href":"https:\/\/www.manquecura.cl\/ciudad-del-este\/wp-json\/wp\/v2\/posts\/125547","targetHints":{"allow":["GET"]}}],"collection":[{"href":"https:\/\/www.manquecura.cl\/ciudad-del-este\/wp-json\/wp\/v2\/posts"}],"about":[{"href":"https:\/\/www.manquecura.cl\/ciudad-del-este\/wp-json\/wp\/v2\/types\/post"}],"author":[{"embeddable":true,"href":"https:\/\/www.manquecura.cl\/ciudad-del-este\/wp-json\/wp\/v2\/users\/14"}],"replies":[{"embeddable":true,"href":"https:\/\/www.manquecura.cl\/ciudad-del-este\/wp-json\/wp\/v2\/comments?post=125547"}],"version-history":[{"count":0,"href":"https:\/\/www.manquecura.cl\/ciudad-del-este\/wp-json\/wp\/v2\/posts\/125547\/revisions"}],"wp:featuredmedia":[{"embeddable":true,"href":"https:\/\/www.manquecura.cl\/ciudad-del-este\/wp-json\/wp\/v2\/media\/19363"}],"wp:attachment":[{"href":"https:\/\/www.manquecura.cl\/ciudad-del-este\/wp-json\/wp\/v2\/media?parent=125547"}],"wp:term":[{"taxonomy":"category","embeddable":true,"href":"https:\/\/www.manquecura.cl\/ciudad-del-este\/wp-json\/wp\/v2\/categories?post=125547"},{"taxonomy":"post_tag","embeddable":true,"href":"https:\/\/www.manquecura.cl\/ciudad-del-este\/wp-json\/wp\/v2\/tags?post=125547"}],"curies":[{"name":"wp","href":"https:\/\/api.w.org\/{rel}","templated":true}]}}