{"id":125544,"date":"2022-06-01T13:33:14","date_gmt":"2022-06-01T17:33:14","guid":{"rendered":"https:\/\/www.manquecura.cl\/ciudad-del-este\/?p=19332"},"modified":"2022-06-01T13:33:14","modified_gmt":"2022-06-01T17:33:14","slug":"charla-ciudadela-brigada-de-road-safety","status":"publish","type":"post","link":"https:\/\/www.manquecura.cl\/ciudad-del-este\/noticias\/charla-ciudadela-brigada-de-road-safety\/","title":{"rendered":"Charla Ciudadela &#8211; Brigada de Road Safety"},"content":{"rendered":"<p>Nuestra Brigada de Road Safety particip\u00f3 de la charla Ciudadela otorgada por Carabineros, oportunidad donde fueron orientados en c\u00f3mo tener una adecuada conducta vial, tanto como peatones como conductores, recibiendo adem\u00e1s licencias de conducir infantiles.<\/p>\n<p>La actividad se dividi\u00f3 en dos etapas, una en cual presenciaron de una charla en nuestro auditorio, y una segunda en la que participaron de un circuito dentro del gimnasio, simulando que estaban en la calle. .<\/p>\n<p>Queremos destacar que la Brigada de Road Safety 2022 de Manquecura Ciudad del Este es la m\u00e1s grande en la historia de los colegios de la red, conform\u00e1ndose en estos momentos por m\u00e1s de 50 alumnos que participan de ella, trabajando constantemente con su Jefa de Programa, la docente Mariela Contreras.<\/p>\n<p style=\"text-align: center\"><strong>Colegio Manquecura Ciudad del Este<\/strong><\/p>\n<p>[multimedia id=&#8221;1&#8243;]<\/p>\n"},"excerpt":{"rendered":"<p>Nuestra Brigada de Road Safety particip\u00f3 de la charla Ciudadela otorgada por Carabineros, oportunidad donde fueron orientados en c\u00f3mo tener una adecuada conducta vial, tanto como peatones como conductores, recibiendo adem\u00e1s licencias de conducir infantiles. La actividad se dividi\u00f3 en dos etapas, una en cual presenciaron de una charla en nuestro auditorio, y una segunda [&hellip;]<\/p>\n","protected":false},"author":14,"featured_media":19411,"comment_status":"open","ping_status":"open","sticky":false,"template":"","format":"standard","meta":{"_acf_changed":false,"content-type":"","_jetpack_memberships_contains_paid_content":false,"footnotes":""},"categories":[1],"tags":[],"class_list":["post-125544","post","type-post","status-publish","format-standard","has-post-thumbnail","hentry","category-vida-escolar"],"acf":[],"yoast_head":"<!-- This site is optimized with the Yoast SEO plugin v27.1.1 - https:\/\/yoast.com\/product\/yoast-seo-wordpress\/ -->\n<title>Charla Ciudadela - Brigada de Road Safety - Colegio Manquecura Ciudad del Este<\/title>\n<meta name=\"robots\" content=\"index, follow, max-snippet:-1, max-image-preview:large, max-video-preview:-1\" \/>\n<link rel=\"canonical\" href=\"https:\/\/www.manquecura.cl\/ciudad-del-este\/noticias\/charla-ciudadela-brigada-de-road-safety\/\" \/>\n<meta property=\"og:locale\" content=\"es_ES\" \/>\n<meta property=\"og:type\" content=\"article\" \/>\n<meta property=\"og:title\" content=\"Charla Ciudadela - Brigada de Road Safety - Colegio Manquecura Ciudad del Este\" \/>\n<meta property=\"og:description\" content=\"Nuestra Brigada de Road Safety particip\u00f3 de la charla Ciudadela otorgada por Carabineros, oportunidad donde fueron orientados en c\u00f3mo tener una adecuada conducta vial, tanto como peatones como conductores, recibiendo adem\u00e1s licencias de conducir infantiles. La actividad se dividi\u00f3 en dos etapas, una en cual presenciaron de una charla en nuestro auditorio, y una segunda [&hellip;]\" \/>\n<meta property=\"og:url\" content=\"https:\/\/www.manquecura.cl\/ciudad-del-este\/noticias\/charla-ciudadela-brigada-de-road-safety\/\" \/>\n<meta property=\"og:site_name\" content=\"Colegio Manquecura Ciudad del Este\" \/>\n<meta property=\"article:publisher\" content=\"http:\/\/www.facebook.com\/ColegiosManquecura\" \/>\n<meta property=\"article:published_time\" content=\"2022-06-01T17:33:14+00:00\" \/>\n<meta name=\"author\" content=\"jorgedelcampo\" \/>\n<meta name=\"twitter:card\" content=\"summary_large_image\" \/>\n<meta name=\"twitter:label1\" content=\"Escrito por\" \/>\n\t<meta name=\"twitter:data1\" content=\"jorgedelcampo\" \/>\n\t<meta name=\"twitter:label2\" content=\"Tiempo de lectura\" \/>\n\t<meta name=\"twitter:data2\" content=\"1 minuto\" \/>\n<script type=\"application\/ld+json\" class=\"yoast-schema-graph\">{\"@context\":\"https:\/\/schema.org\",\"@graph\":[{\"@type\":\"Article\",\"@id\":\"https:\/\/www.manquecura.cl\/ciudad-del-este\/noticias\/charla-ciudadela-brigada-de-road-safety\/#article\",\"isPartOf\":{\"@id\":\"https:\/\/www.manquecura.cl\/ciudad-del-este\/noticias\/charla-ciudadela-brigada-de-road-safety\/\"},\"author\":{\"name\":\"jorgedelcampo\",\"@id\":\"https:\/\/www.manquecura.cl\/ciudad-del-este\/#\/schema\/person\/0debeea140e397b5d490ee7e553255d8\"},\"headline\":\"Charla Ciudadela &#8211; Brigada de Road Safety\",\"datePublished\":\"2022-06-01T17:33:14+00:00\",\"mainEntityOfPage\":{\"@id\":\"https:\/\/www.manquecura.cl\/ciudad-del-este\/noticias\/charla-ciudadela-brigada-de-road-safety\/\"},\"wordCount\":139,\"commentCount\":0,\"publisher\":{\"@id\":\"https:\/\/www.manquecura.cl\/ciudad-del-este\/#organization\"},\"image\":{\"@id\":\"https:\/\/www.manquecura.cl\/ciudad-del-este\/noticias\/charla-ciudadela-brigada-de-road-safety\/#primaryimage\"},\"thumbnailUrl\":\"https:\/\/www.manquecura.cl\/ciudad-del-este\/wp-content\/uploads\/sites\/41\/2022\/06\/ciudadela-manquecura-ciudad-del-este-brigada-road-safety_-8.jpg\",\"articleSection\":[\"Vida Escolar\"],\"inLanguage\":\"es\",\"potentialAction\":[{\"@type\":\"CommentAction\",\"name\":\"Comment\",\"target\":[\"https:\/\/www.manquecura.cl\/ciudad-del-este\/noticias\/charla-ciudadela-brigada-de-road-safety\/#respond\"]}]},{\"@type\":\"WebPage\",\"@id\":\"https:\/\/www.manquecura.cl\/ciudad-del-este\/noticias\/charla-ciudadela-brigada-de-road-safety\/\",\"url\":\"https:\/\/www.manquecura.cl\/ciudad-del-este\/noticias\/charla-ciudadela-brigada-de-road-safety\/\",\"name\":\"Charla Ciudadela - Brigada de Road Safety - Colegio Manquecura Ciudad del Este\",\"isPartOf\":{\"@id\":\"https:\/\/www.manquecura.cl\/ciudad-del-este\/#website\"},\"primaryImageOfPage\":{\"@id\":\"https:\/\/www.manquecura.cl\/ciudad-del-este\/noticias\/charla-ciudadela-brigada-de-road-safety\/#primaryimage\"},\"image\":{\"@id\":\"https:\/\/www.manquecura.cl\/ciudad-del-este\/noticias\/charla-ciudadela-brigada-de-road-safety\/#primaryimage\"},\"thumbnailUrl\":\"https:\/\/www.manquecura.cl\/ciudad-del-este\/wp-content\/uploads\/sites\/41\/2022\/06\/ciudadela-manquecura-ciudad-del-este-brigada-road-safety_-8.jpg\",\"datePublished\":\"2022-06-01T17:33:14+00:00\",\"breadcrumb\":{\"@id\":\"https:\/\/www.manquecura.cl\/ciudad-del-este\/noticias\/charla-ciudadela-brigada-de-road-safety\/#breadcrumb\"},\"inLanguage\":\"es\",\"potentialAction\":[{\"@type\":\"ReadAction\",\"target\":[\"https:\/\/www.manquecura.cl\/ciudad-del-este\/noticias\/charla-ciudadela-brigada-de-road-safety\/\"]}]},{\"@type\":\"ImageObject\",\"inLanguage\":\"es\",\"@id\":\"https:\/\/www.manquecura.cl\/ciudad-del-este\/noticias\/charla-ciudadela-brigada-de-road-safety\/#primaryimage\",\"url\":\"https:\/\/www.manquecura.cl\/ciudad-del-este\/wp-content\/uploads\/sites\/41\/2022\/06\/ciudadela-manquecura-ciudad-del-este-brigada-road-safety_-8.jpg\",\"contentUrl\":\"https:\/\/www.manquecura.cl\/ciudad-del-este\/wp-content\/uploads\/sites\/41\/2022\/06\/ciudadela-manquecura-ciudad-del-este-brigada-road-safety_-8.jpg\"},{\"@type\":\"BreadcrumbList\",\"@id\":\"https:\/\/www.manquecura.cl\/ciudad-del-este\/noticias\/charla-ciudadela-brigada-de-road-safety\/#breadcrumb\",\"itemListElement\":[{\"@type\":\"ListItem\",\"position\":1,\"name\":\"Home\",\"item\":\"https:\/\/www.manquecura.cl\/ciudad-del-este\/\"},{\"@type\":\"ListItem\",\"position\":2,\"name\":\"Charla Ciudadela &#8211; Brigada de Road Safety\"}]},{\"@type\":\"WebSite\",\"@id\":\"https:\/\/www.manquecura.cl\/ciudad-del-este\/#website\",\"url\":\"https:\/\/www.manquecura.cl\/ciudad-del-este\/\",\"name\":\"Colegio Manquecura Ciudad del Este\",\"description\":\"\",\"publisher\":{\"@id\":\"https:\/\/www.manquecura.cl\/ciudad-del-este\/#organization\"},\"potentialAction\":[{\"@type\":\"SearchAction\",\"target\":{\"@type\":\"EntryPoint\",\"urlTemplate\":\"https:\/\/www.manquecura.cl\/ciudad-del-este\/?s={search_term_string}\"},\"query-input\":{\"@type\":\"PropertyValueSpecification\",\"valueRequired\":true,\"valueName\":\"search_term_string\"}}],\"inLanguage\":\"es\"},{\"@type\":\"Organization\",\"@id\":\"https:\/\/www.manquecura.cl\/ciudad-del-este\/#organization\",\"name\":\"Colegio Manquecura Ciudad del Este\",\"url\":\"https:\/\/www.manquecura.cl\/ciudad-del-este\/\",\"logo\":{\"@type\":\"ImageObject\",\"inLanguage\":\"es\",\"@id\":\"https:\/\/www.manquecura.cl\/ciudad-del-este\/#\/schema\/logo\/image\/\",\"url\":\"https:\/\/www.manquecura.cl\/ciudad-del-este\/wp-content\/uploads\/sites\/41\/2023\/09\/logo_Manquecura_Ciudad-del-Este_horizontal_color-1.png\",\"contentUrl\":\"https:\/\/www.manquecura.cl\/ciudad-del-este\/wp-content\/uploads\/sites\/41\/2023\/09\/logo_Manquecura_Ciudad-del-Este_horizontal_color-1.png\",\"width\":611,\"height\":183,\"caption\":\"Colegio Manquecura Ciudad del Este\"},\"image\":{\"@id\":\"https:\/\/www.manquecura.cl\/ciudad-del-este\/#\/schema\/logo\/image\/\"},\"sameAs\":[\"http:\/\/www.facebook.com\/ColegiosManquecura\",\"http:\/\/www.instagram.com\/manquecura_ciudaddeleste\/\",\"http:\/\/www.youtube.com\/c\/CognitaChile\"]},{\"@type\":\"Person\",\"@id\":\"https:\/\/www.manquecura.cl\/ciudad-del-este\/#\/schema\/person\/0debeea140e397b5d490ee7e553255d8\",\"name\":\"jorgedelcampo\",\"image\":{\"@type\":\"ImageObject\",\"inLanguage\":\"es\",\"@id\":\"https:\/\/www.manquecura.cl\/ciudad-del-este\/#\/schema\/person\/image\/\",\"url\":\"https:\/\/secure.gravatar.com\/avatar\/4a315f521213b2dc91dbda9bf799f711c8a98ab6f5606ec42cf5b33d1e762e8a?s=96&d=mm&r=g\",\"contentUrl\":\"https:\/\/secure.gravatar.com\/avatar\/4a315f521213b2dc91dbda9bf799f711c8a98ab6f5606ec42cf5b33d1e762e8a?s=96&d=mm&r=g\",\"caption\":\"jorgedelcampo\"}}]}<\/script>\n<!-- \/ Yoast SEO plugin. -->","yoast_head_json":{"title":"Charla Ciudadela - Brigada de Road Safety - Colegio Manquecura Ciudad del Este","robots":{"index":"index","follow":"follow","max-snippet":"max-snippet:-1","max-image-preview":"max-image-preview:large","max-video-preview":"max-video-preview:-1"},"canonical":"https:\/\/www.manquecura.cl\/ciudad-del-este\/noticias\/charla-ciudadela-brigada-de-road-safety\/","og_locale":"es_ES","og_type":"article","og_title":"Charla Ciudadela - Brigada de Road Safety - Colegio Manquecura Ciudad del Este","og_description":"Nuestra Brigada de Road Safety particip\u00f3 de la charla Ciudadela otorgada por Carabineros, oportunidad donde fueron orientados en c\u00f3mo tener una adecuada conducta vial, tanto como peatones como conductores, recibiendo adem\u00e1s licencias de conducir infantiles. La actividad se dividi\u00f3 en dos etapas, una en cual presenciaron de una charla en nuestro auditorio, y una segunda [&hellip;]","og_url":"https:\/\/www.manquecura.cl\/ciudad-del-este\/noticias\/charla-ciudadela-brigada-de-road-safety\/","og_site_name":"Colegio Manquecura Ciudad del Este","article_publisher":"http:\/\/www.facebook.com\/ColegiosManquecura","article_published_time":"2022-06-01T17:33:14+00:00","author":"jorgedelcampo","twitter_card":"summary_large_image","twitter_misc":{"Escrito por":"jorgedelcampo","Tiempo de lectura":"1 minuto"},"schema":{"@context":"https:\/\/schema.org","@graph":[{"@type":"Article","@id":"https:\/\/www.manquecura.cl\/ciudad-del-este\/noticias\/charla-ciudadela-brigada-de-road-safety\/#article","isPartOf":{"@id":"https:\/\/www.manquecura.cl\/ciudad-del-este\/noticias\/charla-ciudadela-brigada-de-road-safety\/"},"author":{"name":"jorgedelcampo","@id":"https:\/\/www.manquecura.cl\/ciudad-del-este\/#\/schema\/person\/0debeea140e397b5d490ee7e553255d8"},"headline":"Charla Ciudadela &#8211; Brigada de Road Safety","datePublished":"2022-06-01T17:33:14+00:00","mainEntityOfPage":{"@id":"https:\/\/www.manquecura.cl\/ciudad-del-este\/noticias\/charla-ciudadela-brigada-de-road-safety\/"},"wordCount":139,"commentCount":0,"publisher":{"@id":"https:\/\/www.manquecura.cl\/ciudad-del-este\/#organization"},"image":{"@id":"https:\/\/www.manquecura.cl\/ciudad-del-este\/noticias\/charla-ciudadela-brigada-de-road-safety\/#primaryimage"},"thumbnailUrl":"https:\/\/www.manquecura.cl\/ciudad-del-este\/wp-content\/uploads\/sites\/41\/2022\/06\/ciudadela-manquecura-ciudad-del-este-brigada-road-safety_-8.jpg","articleSection":["Vida Escolar"],"inLanguage":"es","potentialAction":[{"@type":"CommentAction","name":"Comment","target":["https:\/\/www.manquecura.cl\/ciudad-del-este\/noticias\/charla-ciudadela-brigada-de-road-safety\/#respond"]}]},{"@type":"WebPage","@id":"https:\/\/www.manquecura.cl\/ciudad-del-este\/noticias\/charla-ciudadela-brigada-de-road-safety\/","url":"https:\/\/www.manquecura.cl\/ciudad-del-este\/noticias\/charla-ciudadela-brigada-de-road-safety\/","name":"Charla Ciudadela - Brigada de Road Safety - Colegio Manquecura Ciudad del Este","isPartOf":{"@id":"https:\/\/www.manquecura.cl\/ciudad-del-este\/#website"},"primaryImageOfPage":{"@id":"https:\/\/www.manquecura.cl\/ciudad-del-este\/noticias\/charla-ciudadela-brigada-de-road-safety\/#primaryimage"},"image":{"@id":"https:\/\/www.manquecura.cl\/ciudad-del-este\/noticias\/charla-ciudadela-brigada-de-road-safety\/#primaryimage"},"thumbnailUrl":"https:\/\/www.manquecura.cl\/ciudad-del-este\/wp-content\/uploads\/sites\/41\/2022\/06\/ciudadela-manquecura-ciudad-del-este-brigada-road-safety_-8.jpg","datePublished":"2022-06-01T17:33:14+00:00","breadcrumb":{"@id":"https:\/\/www.manquecura.cl\/ciudad-del-este\/noticias\/charla-ciudadela-brigada-de-road-safety\/#breadcrumb"},"inLanguage":"es","potentialAction":[{"@type":"ReadAction","target":["https:\/\/www.manquecura.cl\/ciudad-del-este\/noticias\/charla-ciudadela-brigada-de-road-safety\/"]}]},{"@type":"ImageObject","inLanguage":"es","@id":"https:\/\/www.manquecura.cl\/ciudad-del-este\/noticias\/charla-ciudadela-brigada-de-road-safety\/#primaryimage","url":"https:\/\/www.manquecura.cl\/ciudad-del-este\/wp-content\/uploads\/sites\/41\/2022\/06\/ciudadela-manquecura-ciudad-del-este-brigada-road-safety_-8.jpg","contentUrl":"https:\/\/www.manquecura.cl\/ciudad-del-este\/wp-content\/uploads\/sites\/41\/2022\/06\/ciudadela-manquecura-ciudad-del-este-brigada-road-safety_-8.jpg"},{"@type":"BreadcrumbList","@id":"https:\/\/www.manquecura.cl\/ciudad-del-este\/noticias\/charla-ciudadela-brigada-de-road-safety\/#breadcrumb","itemListElement":[{"@type":"ListItem","position":1,"name":"Home","item":"https:\/\/www.manquecura.cl\/ciudad-del-este\/"},{"@type":"ListItem","position":2,"name":"Charla Ciudadela &#8211; Brigada de Road Safety"}]},{"@type":"WebSite","@id":"https:\/\/www.manquecura.cl\/ciudad-del-este\/#website","url":"https:\/\/www.manquecura.cl\/ciudad-del-este\/","name":"Colegio Manquecura Ciudad del Este","description":"","publisher":{"@id":"https:\/\/www.manquecura.cl\/ciudad-del-este\/#organization"},"potentialAction":[{"@type":"SearchAction","target":{"@type":"EntryPoint","urlTemplate":"https:\/\/www.manquecura.cl\/ciudad-del-este\/?s={search_term_string}"},"query-input":{"@type":"PropertyValueSpecification","valueRequired":true,"valueName":"search_term_string"}}],"inLanguage":"es"},{"@type":"Organization","@id":"https:\/\/www.manquecura.cl\/ciudad-del-este\/#organization","name":"Colegio Manquecura Ciudad del Este","url":"https:\/\/www.manquecura.cl\/ciudad-del-este\/","logo":{"@type":"ImageObject","inLanguage":"es","@id":"https:\/\/www.manquecura.cl\/ciudad-del-este\/#\/schema\/logo\/image\/","url":"https:\/\/www.manquecura.cl\/ciudad-del-este\/wp-content\/uploads\/sites\/41\/2023\/09\/logo_Manquecura_Ciudad-del-Este_horizontal_color-1.png","contentUrl":"https:\/\/www.manquecura.cl\/ciudad-del-este\/wp-content\/uploads\/sites\/41\/2023\/09\/logo_Manquecura_Ciudad-del-Este_horizontal_color-1.png","width":611,"height":183,"caption":"Colegio Manquecura Ciudad del Este"},"image":{"@id":"https:\/\/www.manquecura.cl\/ciudad-del-este\/#\/schema\/logo\/image\/"},"sameAs":["http:\/\/www.facebook.com\/ColegiosManquecura","http:\/\/www.instagram.com\/manquecura_ciudaddeleste\/","http:\/\/www.youtube.com\/c\/CognitaChile"]},{"@type":"Person","@id":"https:\/\/www.manquecura.cl\/ciudad-del-este\/#\/schema\/person\/0debeea140e397b5d490ee7e553255d8","name":"jorgedelcampo","image":{"@type":"ImageObject","inLanguage":"es","@id":"https:\/\/www.manquecura.cl\/ciudad-del-este\/#\/schema\/person\/image\/","url":"https:\/\/secure.gravatar.com\/avatar\/4a315f521213b2dc91dbda9bf799f711c8a98ab6f5606ec42cf5b33d1e762e8a?s=96&d=mm&r=g","contentUrl":"https:\/\/secure.gravatar.com\/avatar\/4a315f521213b2dc91dbda9bf799f711c8a98ab6f5606ec42cf5b33d1e762e8a?s=96&d=mm&r=g","caption":"jorgedelcampo"}}]}},"jetpack_featured_media_url":"https:\/\/www.manquecura.cl\/ciudad-del-este\/wp-content\/uploads\/sites\/41\/2022\/06\/ciudadela-manquecura-ciudad-del-este-brigada-road-safety_-8.jpg","previous_post_ID":125541,"previous_post_title":"20 semanas - 20 misiones: Misi\u00f3n Imposible N\u00b01 - Axe","previous_post_excerpt":"En los 20 a\u00f1os de aniversario de Manquecura Ciudad del Este, estaremos realizando la actividad \u201c20 semanas-20 misiones\u201d, cuyo cierre ser\u00e1 en las Celebraciones de Aniversario en octubre. Cada semana un ex alumno del colegio invitar\u00e1 a nuestros estudiantes a concretar una Misi\u00f3n Imposible, que deber\u00e1 ser ejecutada por las alianzas con las indicaciones que [&hellip;]","previous_post_link":"https:\/\/www.manquecura.cl\/ciudad-del-este\/noticias\/20-semanas-20-misiones-mision-imposible-n1-axe\/","previous_post_class":["post-125541","post","type-post","status-publish","format-standard","has-post-thumbnail","hentry","category-vida-escolar"],"next_post_ID":125545,"next_post_title":"Simulacro de refugio","next_post_excerpt":"En el marco del Mes de la Seguridad, Manquecura Ciudad del Este realiz\u00f3 un simulacro de refugio en sala o lock down, que prepara al colegio ante alguna intrusi\u00f3n o ataque armado. Por medio de este simulacro, los alumnos conocen la alarma que les indica que deben resguardarse dentro de su sala de clases, encerr\u00e1ndose [&hellip;]","next_post_link":"https:\/\/www.manquecura.cl\/ciudad-del-este\/noticias\/simulacro-de-refugio\/","next_post_class":["post-125545","post","type-post","status-publish","format-standard","has-post-thumbnail","hentry","category-vida-escolar"],"jetpack_sharing_enabled":true,"_links":{"self":[{"href":"https:\/\/www.manquecura.cl\/ciudad-del-este\/wp-json\/wp\/v2\/posts\/125544","targetHints":{"allow":["GET"]}}],"collection":[{"href":"https:\/\/www.manquecura.cl\/ciudad-del-este\/wp-json\/wp\/v2\/posts"}],"about":[{"href":"https:\/\/www.manquecura.cl\/ciudad-del-este\/wp-json\/wp\/v2\/types\/post"}],"author":[{"embeddable":true,"href":"https:\/\/www.manquecura.cl\/ciudad-del-este\/wp-json\/wp\/v2\/users\/14"}],"replies":[{"embeddable":true,"href":"https:\/\/www.manquecura.cl\/ciudad-del-este\/wp-json\/wp\/v2\/comments?post=125544"}],"version-history":[{"count":0,"href":"https:\/\/www.manquecura.cl\/ciudad-del-este\/wp-json\/wp\/v2\/posts\/125544\/revisions"}],"wp:featuredmedia":[{"embeddable":true,"href":"https:\/\/www.manquecura.cl\/ciudad-del-este\/wp-json\/wp\/v2\/media\/19411"}],"wp:attachment":[{"href":"https:\/\/www.manquecura.cl\/ciudad-del-este\/wp-json\/wp\/v2\/media?parent=125544"}],"wp:term":[{"taxonomy":"category","embeddable":true,"href":"https:\/\/www.manquecura.cl\/ciudad-del-este\/wp-json\/wp\/v2\/categories?post=125544"},{"taxonomy":"post_tag","embeddable":true,"href":"https:\/\/www.manquecura.cl\/ciudad-del-este\/wp-json\/wp\/v2\/tags?post=125544"}],"curies":[{"name":"wp","href":"https:\/\/api.w.org\/{rel}","templated":true}]}}