{"id":125536,"date":"2022-05-24T07:59:57","date_gmt":"2022-05-24T11:59:57","guid":{"rendered":"https:\/\/www.manquecura.cl\/ciudad-del-este\/?p=19227"},"modified":"2022-05-24T07:59:57","modified_gmt":"2022-05-24T11:59:57","slug":"nuevo-premio-para-el-ballet-folclorico-paqariy","status":"publish","type":"post","link":"https:\/\/www.manquecura.cl\/ciudad-del-este\/noticias\/nuevo-premio-para-el-ballet-folclorico-paqariy\/","title":{"rendered":"Nuevo premio para el Ballet Folkl\u00f3rico Paqariy"},"content":{"rendered":"<p>Manquecura Ciudad del Este se siente absolutamente orgulloso de un nuevo logro del <strong>Ballet Folkl\u00f3rico Paqariy,<\/strong> quienes una vez m\u00e1s han sido premiados, siendo en esta oportunidad el honor para sus bailarinas con el <strong>primer lugar Categor\u00eda Mayores en el Certamen CIAD Oto\u00f1o 2022<\/strong>, obteniendo adem\u00e1s la <strong>copa del certamen como premio a la Mejor Agrupaci\u00f3n.<\/strong><\/p>\n<p>Felicitaciones a este gran grupo integrado por apoderados de nuestro colegio, con Andrea Inostroza como core\u00f3grafa, Marcela Valenzuela como coordinadora de baile, Andr\u00e9s Castro como Director General y Lorena Neira como directora musical, quienes desde su conformaci\u00f3n a trav\u00e9s de un proyecto CAMPUR hace m\u00e1s de 5 a\u00f1os atr\u00e1s, han entregado grandes alegr\u00edas a toda la comunidad escolar.<\/p>\n<p>@Ciadchile<br \/>\n@Paqariy_puentealto<\/p>\n<p>&nbsp;<\/p>\n<p style=\"text-align: center\"><strong>Colegio Manquecura Ciudad del Este<\/strong><\/p>\n<p>[multimedia id=&#8221;1&#8243;]<\/p>\n"},"excerpt":{"rendered":"<p>Manquecura Ciudad del Este se siente absolutamente orgulloso de un nuevo logro del Ballet Folkl\u00f3rico Paqariy, quienes una vez m\u00e1s han sido premiados, siendo en esta oportunidad el honor para sus bailarinas con el primer lugar Categor\u00eda Mayores en el Certamen CIAD Oto\u00f1o 2022, obteniendo adem\u00e1s la copa del certamen como premio a la Mejor [&hellip;]<\/p>\n","protected":false},"author":14,"featured_media":19277,"comment_status":"open","ping_status":"open","sticky":false,"template":"","format":"standard","meta":{"_acf_changed":false,"content-type":"","_jetpack_memberships_contains_paid_content":false,"footnotes":""},"categories":[1],"tags":[],"class_list":["post-125536","post","type-post","status-publish","format-standard","has-post-thumbnail","hentry","category-vida-escolar"],"acf":[],"yoast_head":"<!-- This site is optimized with the Yoast SEO plugin v27.1.1 - https:\/\/yoast.com\/product\/yoast-seo-wordpress\/ -->\n<title>Nuevo premio para el Ballet Folkl\u00f3rico Paqariy - Colegio Manquecura Ciudad del Este<\/title>\n<meta name=\"robots\" content=\"index, follow, max-snippet:-1, max-image-preview:large, max-video-preview:-1\" \/>\n<link rel=\"canonical\" href=\"https:\/\/www.manquecura.cl\/ciudad-del-este\/noticias\/nuevo-premio-para-el-ballet-folclorico-paqariy\/\" \/>\n<meta property=\"og:locale\" content=\"es_ES\" \/>\n<meta property=\"og:type\" content=\"article\" \/>\n<meta property=\"og:title\" content=\"Nuevo premio para el Ballet Folkl\u00f3rico Paqariy - Colegio Manquecura Ciudad del Este\" \/>\n<meta property=\"og:description\" content=\"Manquecura Ciudad del Este se siente absolutamente orgulloso de un nuevo logro del Ballet Folkl\u00f3rico Paqariy, quienes una vez m\u00e1s han sido premiados, siendo en esta oportunidad el honor para sus bailarinas con el primer lugar Categor\u00eda Mayores en el Certamen CIAD Oto\u00f1o 2022, obteniendo adem\u00e1s la copa del certamen como premio a la Mejor [&hellip;]\" \/>\n<meta property=\"og:url\" content=\"https:\/\/www.manquecura.cl\/ciudad-del-este\/noticias\/nuevo-premio-para-el-ballet-folclorico-paqariy\/\" \/>\n<meta property=\"og:site_name\" content=\"Colegio Manquecura Ciudad del Este\" \/>\n<meta property=\"article:publisher\" content=\"http:\/\/www.facebook.com\/ColegiosManquecura\" \/>\n<meta property=\"article:published_time\" content=\"2022-05-24T11:59:57+00:00\" \/>\n<meta name=\"author\" content=\"jorgedelcampo\" \/>\n<meta name=\"twitter:card\" content=\"summary_large_image\" \/>\n<meta name=\"twitter:label1\" content=\"Escrito por\" \/>\n\t<meta name=\"twitter:data1\" content=\"jorgedelcampo\" \/>\n\t<meta name=\"twitter:label2\" content=\"Tiempo de lectura\" \/>\n\t<meta name=\"twitter:data2\" content=\"1 minuto\" \/>\n<script type=\"application\/ld+json\" class=\"yoast-schema-graph\">{\"@context\":\"https:\/\/schema.org\",\"@graph\":[{\"@type\":\"Article\",\"@id\":\"https:\/\/www.manquecura.cl\/ciudad-del-este\/noticias\/nuevo-premio-para-el-ballet-folclorico-paqariy\/#article\",\"isPartOf\":{\"@id\":\"https:\/\/www.manquecura.cl\/ciudad-del-este\/noticias\/nuevo-premio-para-el-ballet-folclorico-paqariy\/\"},\"author\":{\"name\":\"jorgedelcampo\",\"@id\":\"https:\/\/www.manquecura.cl\/ciudad-del-este\/#\/schema\/person\/0debeea140e397b5d490ee7e553255d8\"},\"headline\":\"Nuevo premio para el Ballet Folkl\u00f3rico Paqariy\",\"datePublished\":\"2022-05-24T11:59:57+00:00\",\"mainEntityOfPage\":{\"@id\":\"https:\/\/www.manquecura.cl\/ciudad-del-este\/noticias\/nuevo-premio-para-el-ballet-folclorico-paqariy\/\"},\"wordCount\":145,\"commentCount\":0,\"publisher\":{\"@id\":\"https:\/\/www.manquecura.cl\/ciudad-del-este\/#organization\"},\"image\":{\"@id\":\"https:\/\/www.manquecura.cl\/ciudad-del-este\/noticias\/nuevo-premio-para-el-ballet-folclorico-paqariy\/#primaryimage\"},\"thumbnailUrl\":\"https:\/\/www.manquecura.cl\/ciudad-del-este\/wp-content\/uploads\/sites\/41\/2022\/05\/BALLET-FOLCLORICO-PAQARIY_-MANQUECURA-CIUDAD-EL-ESTE_1.jpg\",\"articleSection\":[\"Vida Escolar\"],\"inLanguage\":\"es\",\"potentialAction\":[{\"@type\":\"CommentAction\",\"name\":\"Comment\",\"target\":[\"https:\/\/www.manquecura.cl\/ciudad-del-este\/noticias\/nuevo-premio-para-el-ballet-folclorico-paqariy\/#respond\"]}]},{\"@type\":\"WebPage\",\"@id\":\"https:\/\/www.manquecura.cl\/ciudad-del-este\/noticias\/nuevo-premio-para-el-ballet-folclorico-paqariy\/\",\"url\":\"https:\/\/www.manquecura.cl\/ciudad-del-este\/noticias\/nuevo-premio-para-el-ballet-folclorico-paqariy\/\",\"name\":\"Nuevo premio para el Ballet Folkl\u00f3rico Paqariy - Colegio Manquecura Ciudad del Este\",\"isPartOf\":{\"@id\":\"https:\/\/www.manquecura.cl\/ciudad-del-este\/#website\"},\"primaryImageOfPage\":{\"@id\":\"https:\/\/www.manquecura.cl\/ciudad-del-este\/noticias\/nuevo-premio-para-el-ballet-folclorico-paqariy\/#primaryimage\"},\"image\":{\"@id\":\"https:\/\/www.manquecura.cl\/ciudad-del-este\/noticias\/nuevo-premio-para-el-ballet-folclorico-paqariy\/#primaryimage\"},\"thumbnailUrl\":\"https:\/\/www.manquecura.cl\/ciudad-del-este\/wp-content\/uploads\/sites\/41\/2022\/05\/BALLET-FOLCLORICO-PAQARIY_-MANQUECURA-CIUDAD-EL-ESTE_1.jpg\",\"datePublished\":\"2022-05-24T11:59:57+00:00\",\"breadcrumb\":{\"@id\":\"https:\/\/www.manquecura.cl\/ciudad-del-este\/noticias\/nuevo-premio-para-el-ballet-folclorico-paqariy\/#breadcrumb\"},\"inLanguage\":\"es\",\"potentialAction\":[{\"@type\":\"ReadAction\",\"target\":[\"https:\/\/www.manquecura.cl\/ciudad-del-este\/noticias\/nuevo-premio-para-el-ballet-folclorico-paqariy\/\"]}]},{\"@type\":\"ImageObject\",\"inLanguage\":\"es\",\"@id\":\"https:\/\/www.manquecura.cl\/ciudad-del-este\/noticias\/nuevo-premio-para-el-ballet-folclorico-paqariy\/#primaryimage\",\"url\":\"https:\/\/www.manquecura.cl\/ciudad-del-este\/wp-content\/uploads\/sites\/41\/2022\/05\/BALLET-FOLCLORICO-PAQARIY_-MANQUECURA-CIUDAD-EL-ESTE_1.jpg\",\"contentUrl\":\"https:\/\/www.manquecura.cl\/ciudad-del-este\/wp-content\/uploads\/sites\/41\/2022\/05\/BALLET-FOLCLORICO-PAQARIY_-MANQUECURA-CIUDAD-EL-ESTE_1.jpg\",\"width\":836,\"height\":523},{\"@type\":\"BreadcrumbList\",\"@id\":\"https:\/\/www.manquecura.cl\/ciudad-del-este\/noticias\/nuevo-premio-para-el-ballet-folclorico-paqariy\/#breadcrumb\",\"itemListElement\":[{\"@type\":\"ListItem\",\"position\":1,\"name\":\"Home\",\"item\":\"https:\/\/www.manquecura.cl\/ciudad-del-este\/\"},{\"@type\":\"ListItem\",\"position\":2,\"name\":\"Nuevo premio para el Ballet Folkl\u00f3rico Paqariy\"}]},{\"@type\":\"WebSite\",\"@id\":\"https:\/\/www.manquecura.cl\/ciudad-del-este\/#website\",\"url\":\"https:\/\/www.manquecura.cl\/ciudad-del-este\/\",\"name\":\"Colegio Manquecura Ciudad del Este\",\"description\":\"\",\"publisher\":{\"@id\":\"https:\/\/www.manquecura.cl\/ciudad-del-este\/#organization\"},\"potentialAction\":[{\"@type\":\"SearchAction\",\"target\":{\"@type\":\"EntryPoint\",\"urlTemplate\":\"https:\/\/www.manquecura.cl\/ciudad-del-este\/?s={search_term_string}\"},\"query-input\":{\"@type\":\"PropertyValueSpecification\",\"valueRequired\":true,\"valueName\":\"search_term_string\"}}],\"inLanguage\":\"es\"},{\"@type\":\"Organization\",\"@id\":\"https:\/\/www.manquecura.cl\/ciudad-del-este\/#organization\",\"name\":\"Colegio Manquecura Ciudad del Este\",\"url\":\"https:\/\/www.manquecura.cl\/ciudad-del-este\/\",\"logo\":{\"@type\":\"ImageObject\",\"inLanguage\":\"es\",\"@id\":\"https:\/\/www.manquecura.cl\/ciudad-del-este\/#\/schema\/logo\/image\/\",\"url\":\"https:\/\/www.manquecura.cl\/ciudad-del-este\/wp-content\/uploads\/sites\/41\/2023\/09\/logo_Manquecura_Ciudad-del-Este_horizontal_color-1.png\",\"contentUrl\":\"https:\/\/www.manquecura.cl\/ciudad-del-este\/wp-content\/uploads\/sites\/41\/2023\/09\/logo_Manquecura_Ciudad-del-Este_horizontal_color-1.png\",\"width\":611,\"height\":183,\"caption\":\"Colegio Manquecura Ciudad del Este\"},\"image\":{\"@id\":\"https:\/\/www.manquecura.cl\/ciudad-del-este\/#\/schema\/logo\/image\/\"},\"sameAs\":[\"http:\/\/www.facebook.com\/ColegiosManquecura\",\"http:\/\/www.instagram.com\/manquecura_ciudaddeleste\/\",\"http:\/\/www.youtube.com\/c\/CognitaChile\"]},{\"@type\":\"Person\",\"@id\":\"https:\/\/www.manquecura.cl\/ciudad-del-este\/#\/schema\/person\/0debeea140e397b5d490ee7e553255d8\",\"name\":\"jorgedelcampo\",\"image\":{\"@type\":\"ImageObject\",\"inLanguage\":\"es\",\"@id\":\"https:\/\/www.manquecura.cl\/ciudad-del-este\/#\/schema\/person\/image\/\",\"url\":\"https:\/\/secure.gravatar.com\/avatar\/4a315f521213b2dc91dbda9bf799f711c8a98ab6f5606ec42cf5b33d1e762e8a?s=96&d=mm&r=g\",\"contentUrl\":\"https:\/\/secure.gravatar.com\/avatar\/4a315f521213b2dc91dbda9bf799f711c8a98ab6f5606ec42cf5b33d1e762e8a?s=96&d=mm&r=g\",\"caption\":\"jorgedelcampo\"}}]}<\/script>\n<!-- \/ Yoast SEO plugin. -->","yoast_head_json":{"title":"Nuevo premio para el Ballet Folkl\u00f3rico Paqariy - Colegio Manquecura Ciudad del Este","robots":{"index":"index","follow":"follow","max-snippet":"max-snippet:-1","max-image-preview":"max-image-preview:large","max-video-preview":"max-video-preview:-1"},"canonical":"https:\/\/www.manquecura.cl\/ciudad-del-este\/noticias\/nuevo-premio-para-el-ballet-folclorico-paqariy\/","og_locale":"es_ES","og_type":"article","og_title":"Nuevo premio para el Ballet Folkl\u00f3rico Paqariy - Colegio Manquecura Ciudad del Este","og_description":"Manquecura Ciudad del Este se siente absolutamente orgulloso de un nuevo logro del Ballet Folkl\u00f3rico Paqariy, quienes una vez m\u00e1s han sido premiados, siendo en esta oportunidad el honor para sus bailarinas con el primer lugar Categor\u00eda Mayores en el Certamen CIAD Oto\u00f1o 2022, obteniendo adem\u00e1s la copa del certamen como premio a la Mejor [&hellip;]","og_url":"https:\/\/www.manquecura.cl\/ciudad-del-este\/noticias\/nuevo-premio-para-el-ballet-folclorico-paqariy\/","og_site_name":"Colegio Manquecura Ciudad del Este","article_publisher":"http:\/\/www.facebook.com\/ColegiosManquecura","article_published_time":"2022-05-24T11:59:57+00:00","author":"jorgedelcampo","twitter_card":"summary_large_image","twitter_misc":{"Escrito por":"jorgedelcampo","Tiempo de lectura":"1 minuto"},"schema":{"@context":"https:\/\/schema.org","@graph":[{"@type":"Article","@id":"https:\/\/www.manquecura.cl\/ciudad-del-este\/noticias\/nuevo-premio-para-el-ballet-folclorico-paqariy\/#article","isPartOf":{"@id":"https:\/\/www.manquecura.cl\/ciudad-del-este\/noticias\/nuevo-premio-para-el-ballet-folclorico-paqariy\/"},"author":{"name":"jorgedelcampo","@id":"https:\/\/www.manquecura.cl\/ciudad-del-este\/#\/schema\/person\/0debeea140e397b5d490ee7e553255d8"},"headline":"Nuevo premio para el Ballet Folkl\u00f3rico Paqariy","datePublished":"2022-05-24T11:59:57+00:00","mainEntityOfPage":{"@id":"https:\/\/www.manquecura.cl\/ciudad-del-este\/noticias\/nuevo-premio-para-el-ballet-folclorico-paqariy\/"},"wordCount":145,"commentCount":0,"publisher":{"@id":"https:\/\/www.manquecura.cl\/ciudad-del-este\/#organization"},"image":{"@id":"https:\/\/www.manquecura.cl\/ciudad-del-este\/noticias\/nuevo-premio-para-el-ballet-folclorico-paqariy\/#primaryimage"},"thumbnailUrl":"https:\/\/www.manquecura.cl\/ciudad-del-este\/wp-content\/uploads\/sites\/41\/2022\/05\/BALLET-FOLCLORICO-PAQARIY_-MANQUECURA-CIUDAD-EL-ESTE_1.jpg","articleSection":["Vida Escolar"],"inLanguage":"es","potentialAction":[{"@type":"CommentAction","name":"Comment","target":["https:\/\/www.manquecura.cl\/ciudad-del-este\/noticias\/nuevo-premio-para-el-ballet-folclorico-paqariy\/#respond"]}]},{"@type":"WebPage","@id":"https:\/\/www.manquecura.cl\/ciudad-del-este\/noticias\/nuevo-premio-para-el-ballet-folclorico-paqariy\/","url":"https:\/\/www.manquecura.cl\/ciudad-del-este\/noticias\/nuevo-premio-para-el-ballet-folclorico-paqariy\/","name":"Nuevo premio para el Ballet Folkl\u00f3rico Paqariy - Colegio Manquecura Ciudad del Este","isPartOf":{"@id":"https:\/\/www.manquecura.cl\/ciudad-del-este\/#website"},"primaryImageOfPage":{"@id":"https:\/\/www.manquecura.cl\/ciudad-del-este\/noticias\/nuevo-premio-para-el-ballet-folclorico-paqariy\/#primaryimage"},"image":{"@id":"https:\/\/www.manquecura.cl\/ciudad-del-este\/noticias\/nuevo-premio-para-el-ballet-folclorico-paqariy\/#primaryimage"},"thumbnailUrl":"https:\/\/www.manquecura.cl\/ciudad-del-este\/wp-content\/uploads\/sites\/41\/2022\/05\/BALLET-FOLCLORICO-PAQARIY_-MANQUECURA-CIUDAD-EL-ESTE_1.jpg","datePublished":"2022-05-24T11:59:57+00:00","breadcrumb":{"@id":"https:\/\/www.manquecura.cl\/ciudad-del-este\/noticias\/nuevo-premio-para-el-ballet-folclorico-paqariy\/#breadcrumb"},"inLanguage":"es","potentialAction":[{"@type":"ReadAction","target":["https:\/\/www.manquecura.cl\/ciudad-del-este\/noticias\/nuevo-premio-para-el-ballet-folclorico-paqariy\/"]}]},{"@type":"ImageObject","inLanguage":"es","@id":"https:\/\/www.manquecura.cl\/ciudad-del-este\/noticias\/nuevo-premio-para-el-ballet-folclorico-paqariy\/#primaryimage","url":"https:\/\/www.manquecura.cl\/ciudad-del-este\/wp-content\/uploads\/sites\/41\/2022\/05\/BALLET-FOLCLORICO-PAQARIY_-MANQUECURA-CIUDAD-EL-ESTE_1.jpg","contentUrl":"https:\/\/www.manquecura.cl\/ciudad-del-este\/wp-content\/uploads\/sites\/41\/2022\/05\/BALLET-FOLCLORICO-PAQARIY_-MANQUECURA-CIUDAD-EL-ESTE_1.jpg","width":836,"height":523},{"@type":"BreadcrumbList","@id":"https:\/\/www.manquecura.cl\/ciudad-del-este\/noticias\/nuevo-premio-para-el-ballet-folclorico-paqariy\/#breadcrumb","itemListElement":[{"@type":"ListItem","position":1,"name":"Home","item":"https:\/\/www.manquecura.cl\/ciudad-del-este\/"},{"@type":"ListItem","position":2,"name":"Nuevo premio para el Ballet Folkl\u00f3rico Paqariy"}]},{"@type":"WebSite","@id":"https:\/\/www.manquecura.cl\/ciudad-del-este\/#website","url":"https:\/\/www.manquecura.cl\/ciudad-del-este\/","name":"Colegio Manquecura Ciudad del Este","description":"","publisher":{"@id":"https:\/\/www.manquecura.cl\/ciudad-del-este\/#organization"},"potentialAction":[{"@type":"SearchAction","target":{"@type":"EntryPoint","urlTemplate":"https:\/\/www.manquecura.cl\/ciudad-del-este\/?s={search_term_string}"},"query-input":{"@type":"PropertyValueSpecification","valueRequired":true,"valueName":"search_term_string"}}],"inLanguage":"es"},{"@type":"Organization","@id":"https:\/\/www.manquecura.cl\/ciudad-del-este\/#organization","name":"Colegio Manquecura Ciudad del Este","url":"https:\/\/www.manquecura.cl\/ciudad-del-este\/","logo":{"@type":"ImageObject","inLanguage":"es","@id":"https:\/\/www.manquecura.cl\/ciudad-del-este\/#\/schema\/logo\/image\/","url":"https:\/\/www.manquecura.cl\/ciudad-del-este\/wp-content\/uploads\/sites\/41\/2023\/09\/logo_Manquecura_Ciudad-del-Este_horizontal_color-1.png","contentUrl":"https:\/\/www.manquecura.cl\/ciudad-del-este\/wp-content\/uploads\/sites\/41\/2023\/09\/logo_Manquecura_Ciudad-del-Este_horizontal_color-1.png","width":611,"height":183,"caption":"Colegio Manquecura Ciudad del Este"},"image":{"@id":"https:\/\/www.manquecura.cl\/ciudad-del-este\/#\/schema\/logo\/image\/"},"sameAs":["http:\/\/www.facebook.com\/ColegiosManquecura","http:\/\/www.instagram.com\/manquecura_ciudaddeleste\/","http:\/\/www.youtube.com\/c\/CognitaChile"]},{"@type":"Person","@id":"https:\/\/www.manquecura.cl\/ciudad-del-este\/#\/schema\/person\/0debeea140e397b5d490ee7e553255d8","name":"jorgedelcampo","image":{"@type":"ImageObject","inLanguage":"es","@id":"https:\/\/www.manquecura.cl\/ciudad-del-este\/#\/schema\/person\/image\/","url":"https:\/\/secure.gravatar.com\/avatar\/4a315f521213b2dc91dbda9bf799f711c8a98ab6f5606ec42cf5b33d1e762e8a?s=96&d=mm&r=g","contentUrl":"https:\/\/secure.gravatar.com\/avatar\/4a315f521213b2dc91dbda9bf799f711c8a98ab6f5606ec42cf5b33d1e762e8a?s=96&d=mm&r=g","caption":"jorgedelcampo"}}]}},"jetpack_featured_media_url":"https:\/\/www.manquecura.cl\/ciudad-del-este\/wp-content\/uploads\/sites\/41\/2022\/05\/BALLET-FOLCLORICO-PAQARIY_-MANQUECURA-CIUDAD-EL-ESTE_1.jpg","previous_post_ID":125535,"previous_post_title":"Exposici\u00f3n trabajos de Ciencias de 5tos B\u00e1sicos","previous_post_excerpt":"Los trabajos de los estudiantes de 5\u00b0 B\u00e1sico, para la asignatura de Ciencias, fueron expuestos para que\u00a0los alumnos pudieran apreciar cada una de las confecciones, siendo modelos funcionales del sistema digestivo y de los niveles de organizaci\u00f3n celular de los seres vivos. Un trabajo en equipo muy constructivo que les permiti\u00f3 adem\u00e1s desarrollar otro tipo [&hellip;]","previous_post_link":"https:\/\/www.manquecura.cl\/ciudad-del-este\/noticias\/exposicion-trabajos-de-ciencias-de-5tos-basicos\/","previous_post_class":["post-125535","post","type-post","status-publish","format-standard","has-post-thumbnail","hentry","category-vida-escolar"],"next_post_ID":125537,"next_post_title":"Presentaci\u00f3n y actividades de Brigada Road Safety","next_post_excerpt":"Queremos felicitar todo el trabajo que ha realizado la Brigada de Road Safety, quienes junto a su Jefa de Programa, Mariela Contreras, han demostrado a nuestra comunidad escolar la preocupaci\u00f3n de un trabajo bien hecho, a trav\u00e9s de sugerencias y cuidados para prevenir accidentes, transform\u00e1ndose cada uno de los ni\u00f1os y j\u00f3venes que participan de [&hellip;]","next_post_link":"https:\/\/www.manquecura.cl\/ciudad-del-este\/noticias\/presentacion-y-actividades-de-brigada-road-safety\/","next_post_class":["post-125537","post","type-post","status-publish","format-standard","has-post-thumbnail","hentry","category-vida-escolar"],"jetpack_sharing_enabled":true,"_links":{"self":[{"href":"https:\/\/www.manquecura.cl\/ciudad-del-este\/wp-json\/wp\/v2\/posts\/125536","targetHints":{"allow":["GET"]}}],"collection":[{"href":"https:\/\/www.manquecura.cl\/ciudad-del-este\/wp-json\/wp\/v2\/posts"}],"about":[{"href":"https:\/\/www.manquecura.cl\/ciudad-del-este\/wp-json\/wp\/v2\/types\/post"}],"author":[{"embeddable":true,"href":"https:\/\/www.manquecura.cl\/ciudad-del-este\/wp-json\/wp\/v2\/users\/14"}],"replies":[{"embeddable":true,"href":"https:\/\/www.manquecura.cl\/ciudad-del-este\/wp-json\/wp\/v2\/comments?post=125536"}],"version-history":[{"count":0,"href":"https:\/\/www.manquecura.cl\/ciudad-del-este\/wp-json\/wp\/v2\/posts\/125536\/revisions"}],"wp:featuredmedia":[{"embeddable":true,"href":"https:\/\/www.manquecura.cl\/ciudad-del-este\/wp-json\/wp\/v2\/media\/19277"}],"wp:attachment":[{"href":"https:\/\/www.manquecura.cl\/ciudad-del-este\/wp-json\/wp\/v2\/media?parent=125536"}],"wp:term":[{"taxonomy":"category","embeddable":true,"href":"https:\/\/www.manquecura.cl\/ciudad-del-este\/wp-json\/wp\/v2\/categories?post=125536"},{"taxonomy":"post_tag","embeddable":true,"href":"https:\/\/www.manquecura.cl\/ciudad-del-este\/wp-json\/wp\/v2\/tags?post=125536"}],"curies":[{"name":"wp","href":"https:\/\/api.w.org\/{rel}","templated":true}]}}