{"id":125526,"date":"2022-05-06T13:45:32","date_gmt":"2022-05-06T17:45:32","guid":{"rendered":"https:\/\/www.manquecura.cl\/ciudad-del-este\/?p=18967"},"modified":"2022-05-06T13:45:32","modified_gmt":"2022-05-06T17:45:32","slug":"ganadores-del-concurso-de-microcuentos-ilustrados","status":"publish","type":"post","link":"https:\/\/www.manquecura.cl\/ciudad-del-este\/noticias\/ganadores-del-concurso-de-microcuentos-ilustrados\/","title":{"rendered":"Ganadores del Concurso de Microcuentos Ilustrados"},"content":{"rendered":"<p>Felicitaciones a todos los participantes de Manquecura Ciudad del Este en el Concurso de Microcuentos Ilustrados, especialmente a sus ganadores:<\/p>\n<p><strong>Educaci\u00f3n Parvularia &#8211; Microcuento Ilustrado en Familia:<\/strong><br \/>\nFelipe Herrera, del K\u00ednder A.<br \/>\nMenci\u00f3n honrosa: Natalia Garc\u00eda, del Jard\u00edn B.<\/p>\n<p><strong>Ense\u00f1anza B\u00e1sica &#8211; Microcuento Ilustrado:<\/strong><br \/>\nDanae Espinoza y Magdalena Jaque, del 6\u00ba B\u00e1sico B<\/p>\n<p><strong>Ense\u00f1anza Media &#8211; Microcuento Ilustrado Ingl\u00e9s\/Espa\u00f1ol:<\/strong><br \/>\nAntonia Manr\u00edquez y Trinidad Silva, del ll Medio B.<\/p>\n<p>\u00a1Un gran trabajo realizado!<\/p>\n<p style=\"text-align: center\"><strong>Colegio Manquecura Ciudad del Este<\/strong><\/p>\n<p>\u00a0[multimedia id=&#8221;1&#8243;]<\/p>\n"},"excerpt":{"rendered":"<p>Felicitaciones a todos los participantes de Manquecura Ciudad del Este en el Concurso de Microcuentos Ilustrados, especialmente a sus ganadores: Educaci\u00f3n Parvularia &#8211; Microcuento Ilustrado en Familia: Felipe Herrera, del K\u00ednder A. Menci\u00f3n honrosa: Natalia Garc\u00eda, del Jard\u00edn B. Ense\u00f1anza B\u00e1sica &#8211; Microcuento Ilustrado: Danae Espinoza y Magdalena Jaque, del 6\u00ba B\u00e1sico B Ense\u00f1anza Media [&hellip;]<\/p>\n","protected":false},"author":14,"featured_media":18474,"comment_status":"open","ping_status":"open","sticky":false,"template":"","format":"standard","meta":{"_acf_changed":false,"content-type":"","_jetpack_memberships_contains_paid_content":false,"footnotes":""},"categories":[1],"tags":[],"class_list":["post-125526","post","type-post","status-publish","format-standard","has-post-thumbnail","hentry","category-vida-escolar"],"acf":[],"yoast_head":"<!-- This site is optimized with the Yoast SEO plugin v27.1.1 - https:\/\/yoast.com\/product\/yoast-seo-wordpress\/ -->\n<title>Ganadores del Concurso de Microcuentos Ilustrados - Colegio Manquecura Ciudad del Este<\/title>\n<meta name=\"robots\" content=\"index, follow, max-snippet:-1, max-image-preview:large, max-video-preview:-1\" \/>\n<link rel=\"canonical\" href=\"https:\/\/www.manquecura.cl\/ciudad-del-este\/noticias\/ganadores-del-concurso-de-microcuentos-ilustrados\/\" \/>\n<meta property=\"og:locale\" content=\"es_ES\" \/>\n<meta property=\"og:type\" content=\"article\" \/>\n<meta property=\"og:title\" content=\"Ganadores del Concurso de Microcuentos Ilustrados - Colegio Manquecura Ciudad del Este\" \/>\n<meta property=\"og:description\" content=\"Felicitaciones a todos los participantes de Manquecura Ciudad del Este en el Concurso de Microcuentos Ilustrados, especialmente a sus ganadores: Educaci\u00f3n Parvularia &#8211; Microcuento Ilustrado en Familia: Felipe Herrera, del K\u00ednder A. Menci\u00f3n honrosa: Natalia Garc\u00eda, del Jard\u00edn B. Ense\u00f1anza B\u00e1sica &#8211; Microcuento Ilustrado: Danae Espinoza y Magdalena Jaque, del 6\u00ba B\u00e1sico B Ense\u00f1anza Media [&hellip;]\" \/>\n<meta property=\"og:url\" content=\"https:\/\/www.manquecura.cl\/ciudad-del-este\/noticias\/ganadores-del-concurso-de-microcuentos-ilustrados\/\" \/>\n<meta property=\"og:site_name\" content=\"Colegio Manquecura Ciudad del Este\" \/>\n<meta property=\"article:publisher\" content=\"http:\/\/www.facebook.com\/ColegiosManquecura\" \/>\n<meta property=\"article:published_time\" content=\"2022-05-06T17:45:32+00:00\" \/>\n<meta name=\"author\" content=\"jorgedelcampo\" \/>\n<meta name=\"twitter:card\" content=\"summary_large_image\" \/>\n<meta name=\"twitter:label1\" content=\"Escrito por\" \/>\n\t<meta name=\"twitter:data1\" content=\"jorgedelcampo\" \/>\n<script type=\"application\/ld+json\" class=\"yoast-schema-graph\">{\"@context\":\"https:\/\/schema.org\",\"@graph\":[{\"@type\":\"Article\",\"@id\":\"https:\/\/www.manquecura.cl\/ciudad-del-este\/noticias\/ganadores-del-concurso-de-microcuentos-ilustrados\/#article\",\"isPartOf\":{\"@id\":\"https:\/\/www.manquecura.cl\/ciudad-del-este\/noticias\/ganadores-del-concurso-de-microcuentos-ilustrados\/\"},\"author\":{\"name\":\"jorgedelcampo\",\"@id\":\"https:\/\/www.manquecura.cl\/ciudad-del-este\/#\/schema\/person\/0debeea140e397b5d490ee7e553255d8\"},\"headline\":\"Ganadores del Concurso de Microcuentos Ilustrados\",\"datePublished\":\"2022-05-06T17:45:32+00:00\",\"mainEntityOfPage\":{\"@id\":\"https:\/\/www.manquecura.cl\/ciudad-del-este\/noticias\/ganadores-del-concurso-de-microcuentos-ilustrados\/\"},\"wordCount\":97,\"commentCount\":0,\"publisher\":{\"@id\":\"https:\/\/www.manquecura.cl\/ciudad-del-este\/#organization\"},\"image\":{\"@id\":\"https:\/\/www.manquecura.cl\/ciudad-del-este\/noticias\/ganadores-del-concurso-de-microcuentos-ilustrados\/#primaryimage\"},\"thumbnailUrl\":\"\",\"articleSection\":[\"Vida Escolar\"],\"inLanguage\":\"es\",\"potentialAction\":[{\"@type\":\"CommentAction\",\"name\":\"Comment\",\"target\":[\"https:\/\/www.manquecura.cl\/ciudad-del-este\/noticias\/ganadores-del-concurso-de-microcuentos-ilustrados\/#respond\"]}]},{\"@type\":\"WebPage\",\"@id\":\"https:\/\/www.manquecura.cl\/ciudad-del-este\/noticias\/ganadores-del-concurso-de-microcuentos-ilustrados\/\",\"url\":\"https:\/\/www.manquecura.cl\/ciudad-del-este\/noticias\/ganadores-del-concurso-de-microcuentos-ilustrados\/\",\"name\":\"Ganadores del Concurso de Microcuentos Ilustrados - Colegio Manquecura Ciudad del Este\",\"isPartOf\":{\"@id\":\"https:\/\/www.manquecura.cl\/ciudad-del-este\/#website\"},\"primaryImageOfPage\":{\"@id\":\"https:\/\/www.manquecura.cl\/ciudad-del-este\/noticias\/ganadores-del-concurso-de-microcuentos-ilustrados\/#primaryimage\"},\"image\":{\"@id\":\"https:\/\/www.manquecura.cl\/ciudad-del-este\/noticias\/ganadores-del-concurso-de-microcuentos-ilustrados\/#primaryimage\"},\"thumbnailUrl\":\"\",\"datePublished\":\"2022-05-06T17:45:32+00:00\",\"breadcrumb\":{\"@id\":\"https:\/\/www.manquecura.cl\/ciudad-del-este\/noticias\/ganadores-del-concurso-de-microcuentos-ilustrados\/#breadcrumb\"},\"inLanguage\":\"es\",\"potentialAction\":[{\"@type\":\"ReadAction\",\"target\":[\"https:\/\/www.manquecura.cl\/ciudad-del-este\/noticias\/ganadores-del-concurso-de-microcuentos-ilustrados\/\"]}]},{\"@type\":\"ImageObject\",\"inLanguage\":\"es\",\"@id\":\"https:\/\/www.manquecura.cl\/ciudad-del-este\/noticias\/ganadores-del-concurso-de-microcuentos-ilustrados\/#primaryimage\",\"url\":\"\",\"contentUrl\":\"\"},{\"@type\":\"BreadcrumbList\",\"@id\":\"https:\/\/www.manquecura.cl\/ciudad-del-este\/noticias\/ganadores-del-concurso-de-microcuentos-ilustrados\/#breadcrumb\",\"itemListElement\":[{\"@type\":\"ListItem\",\"position\":1,\"name\":\"Home\",\"item\":\"https:\/\/www.manquecura.cl\/ciudad-del-este\/\"},{\"@type\":\"ListItem\",\"position\":2,\"name\":\"Ganadores del Concurso de Microcuentos Ilustrados\"}]},{\"@type\":\"WebSite\",\"@id\":\"https:\/\/www.manquecura.cl\/ciudad-del-este\/#website\",\"url\":\"https:\/\/www.manquecura.cl\/ciudad-del-este\/\",\"name\":\"Colegio Manquecura Ciudad del Este\",\"description\":\"\",\"publisher\":{\"@id\":\"https:\/\/www.manquecura.cl\/ciudad-del-este\/#organization\"},\"potentialAction\":[{\"@type\":\"SearchAction\",\"target\":{\"@type\":\"EntryPoint\",\"urlTemplate\":\"https:\/\/www.manquecura.cl\/ciudad-del-este\/?s={search_term_string}\"},\"query-input\":{\"@type\":\"PropertyValueSpecification\",\"valueRequired\":true,\"valueName\":\"search_term_string\"}}],\"inLanguage\":\"es\"},{\"@type\":\"Organization\",\"@id\":\"https:\/\/www.manquecura.cl\/ciudad-del-este\/#organization\",\"name\":\"Colegio Manquecura Ciudad del Este\",\"url\":\"https:\/\/www.manquecura.cl\/ciudad-del-este\/\",\"logo\":{\"@type\":\"ImageObject\",\"inLanguage\":\"es\",\"@id\":\"https:\/\/www.manquecura.cl\/ciudad-del-este\/#\/schema\/logo\/image\/\",\"url\":\"https:\/\/www.manquecura.cl\/ciudad-del-este\/wp-content\/uploads\/sites\/41\/2023\/09\/logo_Manquecura_Ciudad-del-Este_horizontal_color-1.png\",\"contentUrl\":\"https:\/\/www.manquecura.cl\/ciudad-del-este\/wp-content\/uploads\/sites\/41\/2023\/09\/logo_Manquecura_Ciudad-del-Este_horizontal_color-1.png\",\"width\":611,\"height\":183,\"caption\":\"Colegio Manquecura Ciudad del Este\"},\"image\":{\"@id\":\"https:\/\/www.manquecura.cl\/ciudad-del-este\/#\/schema\/logo\/image\/\"},\"sameAs\":[\"http:\/\/www.facebook.com\/ColegiosManquecura\",\"http:\/\/www.instagram.com\/manquecura_ciudaddeleste\/\",\"http:\/\/www.youtube.com\/c\/CognitaChile\"]},{\"@type\":\"Person\",\"@id\":\"https:\/\/www.manquecura.cl\/ciudad-del-este\/#\/schema\/person\/0debeea140e397b5d490ee7e553255d8\",\"name\":\"jorgedelcampo\",\"image\":{\"@type\":\"ImageObject\",\"inLanguage\":\"es\",\"@id\":\"https:\/\/www.manquecura.cl\/ciudad-del-este\/#\/schema\/person\/image\/\",\"url\":\"https:\/\/secure.gravatar.com\/avatar\/4a315f521213b2dc91dbda9bf799f711c8a98ab6f5606ec42cf5b33d1e762e8a?s=96&d=mm&r=g\",\"contentUrl\":\"https:\/\/secure.gravatar.com\/avatar\/4a315f521213b2dc91dbda9bf799f711c8a98ab6f5606ec42cf5b33d1e762e8a?s=96&d=mm&r=g\",\"caption\":\"jorgedelcampo\"}}]}<\/script>\n<!-- \/ Yoast SEO plugin. -->","yoast_head_json":{"title":"Ganadores del Concurso de Microcuentos Ilustrados - Colegio Manquecura Ciudad del Este","robots":{"index":"index","follow":"follow","max-snippet":"max-snippet:-1","max-image-preview":"max-image-preview:large","max-video-preview":"max-video-preview:-1"},"canonical":"https:\/\/www.manquecura.cl\/ciudad-del-este\/noticias\/ganadores-del-concurso-de-microcuentos-ilustrados\/","og_locale":"es_ES","og_type":"article","og_title":"Ganadores del Concurso de Microcuentos Ilustrados - Colegio Manquecura Ciudad del Este","og_description":"Felicitaciones a todos los participantes de Manquecura Ciudad del Este en el Concurso de Microcuentos Ilustrados, especialmente a sus ganadores: Educaci\u00f3n Parvularia &#8211; Microcuento Ilustrado en Familia: Felipe Herrera, del K\u00ednder A. Menci\u00f3n honrosa: Natalia Garc\u00eda, del Jard\u00edn B. Ense\u00f1anza B\u00e1sica &#8211; Microcuento Ilustrado: Danae Espinoza y Magdalena Jaque, del 6\u00ba B\u00e1sico B Ense\u00f1anza Media [&hellip;]","og_url":"https:\/\/www.manquecura.cl\/ciudad-del-este\/noticias\/ganadores-del-concurso-de-microcuentos-ilustrados\/","og_site_name":"Colegio Manquecura Ciudad del Este","article_publisher":"http:\/\/www.facebook.com\/ColegiosManquecura","article_published_time":"2022-05-06T17:45:32+00:00","author":"jorgedelcampo","twitter_card":"summary_large_image","twitter_misc":{"Escrito por":"jorgedelcampo"},"schema":{"@context":"https:\/\/schema.org","@graph":[{"@type":"Article","@id":"https:\/\/www.manquecura.cl\/ciudad-del-este\/noticias\/ganadores-del-concurso-de-microcuentos-ilustrados\/#article","isPartOf":{"@id":"https:\/\/www.manquecura.cl\/ciudad-del-este\/noticias\/ganadores-del-concurso-de-microcuentos-ilustrados\/"},"author":{"name":"jorgedelcampo","@id":"https:\/\/www.manquecura.cl\/ciudad-del-este\/#\/schema\/person\/0debeea140e397b5d490ee7e553255d8"},"headline":"Ganadores del Concurso de Microcuentos Ilustrados","datePublished":"2022-05-06T17:45:32+00:00","mainEntityOfPage":{"@id":"https:\/\/www.manquecura.cl\/ciudad-del-este\/noticias\/ganadores-del-concurso-de-microcuentos-ilustrados\/"},"wordCount":97,"commentCount":0,"publisher":{"@id":"https:\/\/www.manquecura.cl\/ciudad-del-este\/#organization"},"image":{"@id":"https:\/\/www.manquecura.cl\/ciudad-del-este\/noticias\/ganadores-del-concurso-de-microcuentos-ilustrados\/#primaryimage"},"thumbnailUrl":"","articleSection":["Vida Escolar"],"inLanguage":"es","potentialAction":[{"@type":"CommentAction","name":"Comment","target":["https:\/\/www.manquecura.cl\/ciudad-del-este\/noticias\/ganadores-del-concurso-de-microcuentos-ilustrados\/#respond"]}]},{"@type":"WebPage","@id":"https:\/\/www.manquecura.cl\/ciudad-del-este\/noticias\/ganadores-del-concurso-de-microcuentos-ilustrados\/","url":"https:\/\/www.manquecura.cl\/ciudad-del-este\/noticias\/ganadores-del-concurso-de-microcuentos-ilustrados\/","name":"Ganadores del Concurso de Microcuentos Ilustrados - Colegio Manquecura Ciudad del Este","isPartOf":{"@id":"https:\/\/www.manquecura.cl\/ciudad-del-este\/#website"},"primaryImageOfPage":{"@id":"https:\/\/www.manquecura.cl\/ciudad-del-este\/noticias\/ganadores-del-concurso-de-microcuentos-ilustrados\/#primaryimage"},"image":{"@id":"https:\/\/www.manquecura.cl\/ciudad-del-este\/noticias\/ganadores-del-concurso-de-microcuentos-ilustrados\/#primaryimage"},"thumbnailUrl":"","datePublished":"2022-05-06T17:45:32+00:00","breadcrumb":{"@id":"https:\/\/www.manquecura.cl\/ciudad-del-este\/noticias\/ganadores-del-concurso-de-microcuentos-ilustrados\/#breadcrumb"},"inLanguage":"es","potentialAction":[{"@type":"ReadAction","target":["https:\/\/www.manquecura.cl\/ciudad-del-este\/noticias\/ganadores-del-concurso-de-microcuentos-ilustrados\/"]}]},{"@type":"ImageObject","inLanguage":"es","@id":"https:\/\/www.manquecura.cl\/ciudad-del-este\/noticias\/ganadores-del-concurso-de-microcuentos-ilustrados\/#primaryimage","url":"","contentUrl":""},{"@type":"BreadcrumbList","@id":"https:\/\/www.manquecura.cl\/ciudad-del-este\/noticias\/ganadores-del-concurso-de-microcuentos-ilustrados\/#breadcrumb","itemListElement":[{"@type":"ListItem","position":1,"name":"Home","item":"https:\/\/www.manquecura.cl\/ciudad-del-este\/"},{"@type":"ListItem","position":2,"name":"Ganadores del Concurso de Microcuentos Ilustrados"}]},{"@type":"WebSite","@id":"https:\/\/www.manquecura.cl\/ciudad-del-este\/#website","url":"https:\/\/www.manquecura.cl\/ciudad-del-este\/","name":"Colegio Manquecura Ciudad del Este","description":"","publisher":{"@id":"https:\/\/www.manquecura.cl\/ciudad-del-este\/#organization"},"potentialAction":[{"@type":"SearchAction","target":{"@type":"EntryPoint","urlTemplate":"https:\/\/www.manquecura.cl\/ciudad-del-este\/?s={search_term_string}"},"query-input":{"@type":"PropertyValueSpecification","valueRequired":true,"valueName":"search_term_string"}}],"inLanguage":"es"},{"@type":"Organization","@id":"https:\/\/www.manquecura.cl\/ciudad-del-este\/#organization","name":"Colegio Manquecura Ciudad del Este","url":"https:\/\/www.manquecura.cl\/ciudad-del-este\/","logo":{"@type":"ImageObject","inLanguage":"es","@id":"https:\/\/www.manquecura.cl\/ciudad-del-este\/#\/schema\/logo\/image\/","url":"https:\/\/www.manquecura.cl\/ciudad-del-este\/wp-content\/uploads\/sites\/41\/2023\/09\/logo_Manquecura_Ciudad-del-Este_horizontal_color-1.png","contentUrl":"https:\/\/www.manquecura.cl\/ciudad-del-este\/wp-content\/uploads\/sites\/41\/2023\/09\/logo_Manquecura_Ciudad-del-Este_horizontal_color-1.png","width":611,"height":183,"caption":"Colegio Manquecura Ciudad del Este"},"image":{"@id":"https:\/\/www.manquecura.cl\/ciudad-del-este\/#\/schema\/logo\/image\/"},"sameAs":["http:\/\/www.facebook.com\/ColegiosManquecura","http:\/\/www.instagram.com\/manquecura_ciudaddeleste\/","http:\/\/www.youtube.com\/c\/CognitaChile"]},{"@type":"Person","@id":"https:\/\/www.manquecura.cl\/ciudad-del-este\/#\/schema\/person\/0debeea140e397b5d490ee7e553255d8","name":"jorgedelcampo","image":{"@type":"ImageObject","inLanguage":"es","@id":"https:\/\/www.manquecura.cl\/ciudad-del-este\/#\/schema\/person\/image\/","url":"https:\/\/secure.gravatar.com\/avatar\/4a315f521213b2dc91dbda9bf799f711c8a98ab6f5606ec42cf5b33d1e762e8a?s=96&d=mm&r=g","contentUrl":"https:\/\/secure.gravatar.com\/avatar\/4a315f521213b2dc91dbda9bf799f711c8a98ab6f5606ec42cf5b33d1e762e8a?s=96&d=mm&r=g","caption":"jorgedelcampo"}}]}},"jetpack_featured_media_url":"","previous_post_ID":125525,"previous_post_title":"Amistoso de F\u00fatbol de los C\u00f3ndores de Manquecura","previous_post_excerpt":"Los C\u00f3ndores de Manquecura Ciudad del Este se preparan para las competencias que vienen en las categor\u00edas de 2\u00ba B\u00e1sico a IV Medio. Los ni\u00f1os y ni\u00f1as participaron de un encuentro amistoso con los equipos de Pumahue Pe\u00f1alol\u00e9n, demostrando la gran fortaleza, aprendizaje y el trabajo que han realizado en la disciplina del f\u00fatbol. Nuestros [&hellip;]","previous_post_link":"https:\/\/www.manquecura.cl\/ciudad-del-este\/noticias\/amistoso-de-futbol-de-los-condores-de-manquecura\/","previous_post_class":["post-125525","post","type-post","status-publish","format-standard","has-post-thumbnail","hentry","category-vida-escolar"],"next_post_ID":125528,"next_post_title":"Mes de la Seguridad","next_post_excerpt":"Con el fin de reforzar el cuidado y la protecci\u00f3n de la comunidad escolar, es que durante el mes de mayo implementaremos un programa de actividades para difundir el Plan de Gesti\u00f3n en Salud y Seguridad, a trav\u00e9s del cual se desarrollar\u00e1n diversas acciones que involucrar\u00e1n a estudiantes, colaboradores, padres, apoderados, la ACHS y diversas [&hellip;]","next_post_link":"https:\/\/www.manquecura.cl\/ciudad-del-este\/noticias\/mes-de-la-seguridad\/","next_post_class":["post-125528","post","type-post","status-publish","format-standard","has-post-thumbnail","hentry","category-vida-escolar"],"jetpack_sharing_enabled":true,"_links":{"self":[{"href":"https:\/\/www.manquecura.cl\/ciudad-del-este\/wp-json\/wp\/v2\/posts\/125526","targetHints":{"allow":["GET"]}}],"collection":[{"href":"https:\/\/www.manquecura.cl\/ciudad-del-este\/wp-json\/wp\/v2\/posts"}],"about":[{"href":"https:\/\/www.manquecura.cl\/ciudad-del-este\/wp-json\/wp\/v2\/types\/post"}],"author":[{"embeddable":true,"href":"https:\/\/www.manquecura.cl\/ciudad-del-este\/wp-json\/wp\/v2\/users\/14"}],"replies":[{"embeddable":true,"href":"https:\/\/www.manquecura.cl\/ciudad-del-este\/wp-json\/wp\/v2\/comments?post=125526"}],"version-history":[{"count":0,"href":"https:\/\/www.manquecura.cl\/ciudad-del-este\/wp-json\/wp\/v2\/posts\/125526\/revisions"}],"wp:featuredmedia":[{"embeddable":true,"href":"https:\/\/www.manquecura.cl\/ciudad-del-este\/wp-json\/"}],"wp:attachment":[{"href":"https:\/\/www.manquecura.cl\/ciudad-del-este\/wp-json\/wp\/v2\/media?parent=125526"}],"wp:term":[{"taxonomy":"category","embeddable":true,"href":"https:\/\/www.manquecura.cl\/ciudad-del-este\/wp-json\/wp\/v2\/categories?post=125526"},{"taxonomy":"post_tag","embeddable":true,"href":"https:\/\/www.manquecura.cl\/ciudad-del-este\/wp-json\/wp\/v2\/tags?post=125526"}],"curies":[{"name":"wp","href":"https:\/\/api.w.org\/{rel}","templated":true}]}}