{"id":125523,"date":"2022-05-02T12:37:36","date_gmt":"2022-05-02T16:37:36","guid":{"rendered":"https:\/\/www.manquecura.cl\/ciudad-del-este\/?p=18920"},"modified":"2022-05-02T12:37:36","modified_gmt":"2022-05-02T16:37:36","slug":"alumna-de-cde-es-nominada-para-la-premiacion-harvard-book-prize","status":"publish","type":"post","link":"https:\/\/www.manquecura.cl\/ciudad-del-este\/noticias\/alumna-de-cde-es-nominada-para-la-premiacion-harvard-book-prize\/","title":{"rendered":"Alumna de CDE es nominada para la Premiaci\u00f3n Harvard Book Prize"},"content":{"rendered":"<p>Estamos muy orgullosos de nuestra alumna <strong>Trinidad Mora, del IV Medio A,<\/strong> quien ha sido nominada para participar de la Ceremonia de Premiaci\u00f3n del Harvard Book Prize, concurso en el cual es finalista desde el 2021.<\/p>\n<p>Trinidad ha sido nominada gracias a su ensayo acad\u00e9mico <em><strong>Edges of The Rise of Violence in Chile<\/strong><\/em>, el que prepar\u00f3 bas\u00e1ndose en los acontecimientos vividos en nuestro pa\u00eds desde el estallido social ocurrido en octubre del 2019, tales como la violencia social, la intrafamiliar, la quema de camiones en la Araucan\u00eda; el nacimiento de una nueva Constituci\u00f3n; la pandemia mundial por COVID-19; y el contexto en el que se encuentra la democracia en Latinoam\u00e9rica, junto a los desaf\u00edos al que se ven enfrentadas las naciones.<\/p>\n<p>Este ensayo lo prepar\u00f3 en ingl\u00e9s y con conocimientos obtenidos de las noticias diarias, lecturas, entre otros, manteniendo una estricta estructura de trabajo solicitada por la universidad, con tem\u00e1ticas y opiniones que deb\u00edan ser muy bien fundamentadas.<\/p>\n<p>Trinidad tuvo el apoyo y revisi\u00f3n de su docente Macarena Sol\u00eds, Jefa del Departamento de Ingl\u00e9s, quien inst\u00f3 a los alumnos (de III Medio en el 2021) a participar, obteniendo una muy buena recepci\u00f3n por parte de nuestra alumna, quien inmediatamente comenz\u00f3 con el trabajo durante ese a\u00f1o.<\/p>\n<p>Nuestra estudiante, quien adem\u00e1s viene llegando del intercambio de colegios Cognita en Inglaterra, manifiesta que est\u00e1 expectante y emocionada con la nominaci\u00f3n a este premio, el que obtuvo gracias a los desaf\u00edos que se impuso, su gusto por la lectura y a informarse. Su familia est\u00e1 orgullosa de ella y siente, al igual que su colegio, que ella definitivamente ya es ganadora.<\/p>\n<p>Quedamos muy expectantes a los resultados que se dar\u00e1n a conocer esta semana en el evento. \u00a1Mucho \u00e9xito a Trinidad!.<\/p>\n<p style=\"text-align: center\"><strong>Colegio Manquecura Ciudad del Este<\/strong><\/p>\n<p>&nbsp;<\/p>\n<p>El <strong>Club Harvard de Chile<\/strong> es un organismo que en nuestro pa\u00eds invita a participar cada a\u00f1o del<br \/>\nHarvard Book Prize , concurso organizado por el Harvard Alumni Clubs de todo el mundo con el prop\u00f3sito de identificar a estudiantes calificados que eventualmente podr\u00edan postularse a la Universidad de Harvard.<br \/>\nLa competencia comenz\u00f3 en Chile en 2014 como un piloto en solo dos colegios y ha crecido constantemente en todo el mundo e incluyendo m\u00e1s instituciones.<\/p>\n<p>[multimedia id=&#8221;1&#8243;]<\/p>\n"},"excerpt":{"rendered":"<p>Estamos muy orgullosos de nuestra alumna Trinidad Mora, del IV Medio A, quien ha sido nominada para participar de la Ceremonia de Premiaci\u00f3n del Harvard Book Prize, concurso en el cual es finalista desde el 2021. Trinidad ha sido nominada gracias a su ensayo acad\u00e9mico Edges of The Rise of Violence in Chile, el que [&hellip;]<\/p>\n","protected":false},"author":14,"featured_media":18969,"comment_status":"open","ping_status":"open","sticky":false,"template":"","format":"standard","meta":{"_acf_changed":false,"content-type":"","_jetpack_memberships_contains_paid_content":false,"footnotes":""},"categories":[1],"tags":[],"class_list":["post-125523","post","type-post","status-publish","format-standard","has-post-thumbnail","hentry","category-vida-escolar"],"acf":[],"yoast_head":"<!-- This site is optimized with the Yoast SEO plugin v27.1.1 - https:\/\/yoast.com\/product\/yoast-seo-wordpress\/ -->\n<title>Alumna de CDE es nominada para la Premiaci\u00f3n Harvard Book Prize - Colegio Manquecura Ciudad del Este<\/title>\n<meta name=\"robots\" content=\"index, follow, max-snippet:-1, max-image-preview:large, max-video-preview:-1\" \/>\n<link rel=\"canonical\" href=\"https:\/\/www.manquecura.cl\/ciudad-del-este\/noticias\/alumna-de-cde-es-nominada-para-la-premiacion-harvard-book-prize\/\" \/>\n<meta property=\"og:locale\" content=\"es_ES\" \/>\n<meta property=\"og:type\" content=\"article\" \/>\n<meta property=\"og:title\" content=\"Alumna de CDE es nominada para la Premiaci\u00f3n Harvard Book Prize - Colegio Manquecura Ciudad del Este\" \/>\n<meta property=\"og:description\" content=\"Estamos muy orgullosos de nuestra alumna Trinidad Mora, del IV Medio A, quien ha sido nominada para participar de la Ceremonia de Premiaci\u00f3n del Harvard Book Prize, concurso en el cual es finalista desde el 2021. Trinidad ha sido nominada gracias a su ensayo acad\u00e9mico Edges of The Rise of Violence in Chile, el que [&hellip;]\" \/>\n<meta property=\"og:url\" content=\"https:\/\/www.manquecura.cl\/ciudad-del-este\/noticias\/alumna-de-cde-es-nominada-para-la-premiacion-harvard-book-prize\/\" \/>\n<meta property=\"og:site_name\" content=\"Colegio Manquecura Ciudad del Este\" \/>\n<meta property=\"article:publisher\" content=\"http:\/\/www.facebook.com\/ColegiosManquecura\" \/>\n<meta property=\"article:published_time\" content=\"2022-05-02T16:37:36+00:00\" \/>\n<meta name=\"author\" content=\"jorgedelcampo\" \/>\n<meta name=\"twitter:card\" content=\"summary_large_image\" \/>\n<meta name=\"twitter:label1\" content=\"Escrito por\" \/>\n\t<meta name=\"twitter:data1\" content=\"jorgedelcampo\" \/>\n\t<meta name=\"twitter:label2\" content=\"Tiempo de lectura\" \/>\n\t<meta name=\"twitter:data2\" content=\"2 minutos\" \/>\n<script type=\"application\/ld+json\" class=\"yoast-schema-graph\">{\"@context\":\"https:\/\/schema.org\",\"@graph\":[{\"@type\":\"Article\",\"@id\":\"https:\/\/www.manquecura.cl\/ciudad-del-este\/noticias\/alumna-de-cde-es-nominada-para-la-premiacion-harvard-book-prize\/#article\",\"isPartOf\":{\"@id\":\"https:\/\/www.manquecura.cl\/ciudad-del-este\/noticias\/alumna-de-cde-es-nominada-para-la-premiacion-harvard-book-prize\/\"},\"author\":{\"name\":\"jorgedelcampo\",\"@id\":\"https:\/\/www.manquecura.cl\/ciudad-del-este\/#\/schema\/person\/0debeea140e397b5d490ee7e553255d8\"},\"headline\":\"Alumna de CDE es nominada para la Premiaci\u00f3n Harvard Book Prize\",\"datePublished\":\"2022-05-02T16:37:36+00:00\",\"mainEntityOfPage\":{\"@id\":\"https:\/\/www.manquecura.cl\/ciudad-del-este\/noticias\/alumna-de-cde-es-nominada-para-la-premiacion-harvard-book-prize\/\"},\"wordCount\":404,\"commentCount\":0,\"publisher\":{\"@id\":\"https:\/\/www.manquecura.cl\/ciudad-del-este\/#organization\"},\"image\":{\"@id\":\"https:\/\/www.manquecura.cl\/ciudad-del-este\/noticias\/alumna-de-cde-es-nominada-para-la-premiacion-harvard-book-prize\/#primaryimage\"},\"thumbnailUrl\":\"https:\/\/www.manquecura.cl\/ciudad-del-este\/wp-content\/uploads\/sites\/41\/2022\/05\/trinidad-mora-harvard-prize-manquecura-ciudad-del-este_-1.jpg\",\"articleSection\":[\"Vida Escolar\"],\"inLanguage\":\"es\",\"potentialAction\":[{\"@type\":\"CommentAction\",\"name\":\"Comment\",\"target\":[\"https:\/\/www.manquecura.cl\/ciudad-del-este\/noticias\/alumna-de-cde-es-nominada-para-la-premiacion-harvard-book-prize\/#respond\"]}]},{\"@type\":\"WebPage\",\"@id\":\"https:\/\/www.manquecura.cl\/ciudad-del-este\/noticias\/alumna-de-cde-es-nominada-para-la-premiacion-harvard-book-prize\/\",\"url\":\"https:\/\/www.manquecura.cl\/ciudad-del-este\/noticias\/alumna-de-cde-es-nominada-para-la-premiacion-harvard-book-prize\/\",\"name\":\"Alumna de CDE es nominada para la Premiaci\u00f3n Harvard Book Prize - Colegio Manquecura Ciudad del Este\",\"isPartOf\":{\"@id\":\"https:\/\/www.manquecura.cl\/ciudad-del-este\/#website\"},\"primaryImageOfPage\":{\"@id\":\"https:\/\/www.manquecura.cl\/ciudad-del-este\/noticias\/alumna-de-cde-es-nominada-para-la-premiacion-harvard-book-prize\/#primaryimage\"},\"image\":{\"@id\":\"https:\/\/www.manquecura.cl\/ciudad-del-este\/noticias\/alumna-de-cde-es-nominada-para-la-premiacion-harvard-book-prize\/#primaryimage\"},\"thumbnailUrl\":\"https:\/\/www.manquecura.cl\/ciudad-del-este\/wp-content\/uploads\/sites\/41\/2022\/05\/trinidad-mora-harvard-prize-manquecura-ciudad-del-este_-1.jpg\",\"datePublished\":\"2022-05-02T16:37:36+00:00\",\"breadcrumb\":{\"@id\":\"https:\/\/www.manquecura.cl\/ciudad-del-este\/noticias\/alumna-de-cde-es-nominada-para-la-premiacion-harvard-book-prize\/#breadcrumb\"},\"inLanguage\":\"es\",\"potentialAction\":[{\"@type\":\"ReadAction\",\"target\":[\"https:\/\/www.manquecura.cl\/ciudad-del-este\/noticias\/alumna-de-cde-es-nominada-para-la-premiacion-harvard-book-prize\/\"]}]},{\"@type\":\"ImageObject\",\"inLanguage\":\"es\",\"@id\":\"https:\/\/www.manquecura.cl\/ciudad-del-este\/noticias\/alumna-de-cde-es-nominada-para-la-premiacion-harvard-book-prize\/#primaryimage\",\"url\":\"https:\/\/www.manquecura.cl\/ciudad-del-este\/wp-content\/uploads\/sites\/41\/2022\/05\/trinidad-mora-harvard-prize-manquecura-ciudad-del-este_-1.jpg\",\"contentUrl\":\"https:\/\/www.manquecura.cl\/ciudad-del-este\/wp-content\/uploads\/sites\/41\/2022\/05\/trinidad-mora-harvard-prize-manquecura-ciudad-del-este_-1.jpg\",\"width\":836,\"height\":523},{\"@type\":\"BreadcrumbList\",\"@id\":\"https:\/\/www.manquecura.cl\/ciudad-del-este\/noticias\/alumna-de-cde-es-nominada-para-la-premiacion-harvard-book-prize\/#breadcrumb\",\"itemListElement\":[{\"@type\":\"ListItem\",\"position\":1,\"name\":\"Home\",\"item\":\"https:\/\/www.manquecura.cl\/ciudad-del-este\/\"},{\"@type\":\"ListItem\",\"position\":2,\"name\":\"Alumna de CDE es nominada para la Premiaci\u00f3n Harvard Book Prize\"}]},{\"@type\":\"WebSite\",\"@id\":\"https:\/\/www.manquecura.cl\/ciudad-del-este\/#website\",\"url\":\"https:\/\/www.manquecura.cl\/ciudad-del-este\/\",\"name\":\"Colegio Manquecura Ciudad del Este\",\"description\":\"\",\"publisher\":{\"@id\":\"https:\/\/www.manquecura.cl\/ciudad-del-este\/#organization\"},\"potentialAction\":[{\"@type\":\"SearchAction\",\"target\":{\"@type\":\"EntryPoint\",\"urlTemplate\":\"https:\/\/www.manquecura.cl\/ciudad-del-este\/?s={search_term_string}\"},\"query-input\":{\"@type\":\"PropertyValueSpecification\",\"valueRequired\":true,\"valueName\":\"search_term_string\"}}],\"inLanguage\":\"es\"},{\"@type\":\"Organization\",\"@id\":\"https:\/\/www.manquecura.cl\/ciudad-del-este\/#organization\",\"name\":\"Colegio Manquecura Ciudad del Este\",\"url\":\"https:\/\/www.manquecura.cl\/ciudad-del-este\/\",\"logo\":{\"@type\":\"ImageObject\",\"inLanguage\":\"es\",\"@id\":\"https:\/\/www.manquecura.cl\/ciudad-del-este\/#\/schema\/logo\/image\/\",\"url\":\"https:\/\/www.manquecura.cl\/ciudad-del-este\/wp-content\/uploads\/sites\/41\/2023\/09\/logo_Manquecura_Ciudad-del-Este_horizontal_color-1.png\",\"contentUrl\":\"https:\/\/www.manquecura.cl\/ciudad-del-este\/wp-content\/uploads\/sites\/41\/2023\/09\/logo_Manquecura_Ciudad-del-Este_horizontal_color-1.png\",\"width\":611,\"height\":183,\"caption\":\"Colegio Manquecura Ciudad del Este\"},\"image\":{\"@id\":\"https:\/\/www.manquecura.cl\/ciudad-del-este\/#\/schema\/logo\/image\/\"},\"sameAs\":[\"http:\/\/www.facebook.com\/ColegiosManquecura\",\"http:\/\/www.instagram.com\/manquecura_ciudaddeleste\/\",\"http:\/\/www.youtube.com\/c\/CognitaChile\"]},{\"@type\":\"Person\",\"@id\":\"https:\/\/www.manquecura.cl\/ciudad-del-este\/#\/schema\/person\/0debeea140e397b5d490ee7e553255d8\",\"name\":\"jorgedelcampo\",\"image\":{\"@type\":\"ImageObject\",\"inLanguage\":\"es\",\"@id\":\"https:\/\/www.manquecura.cl\/ciudad-del-este\/#\/schema\/person\/image\/\",\"url\":\"https:\/\/secure.gravatar.com\/avatar\/4a315f521213b2dc91dbda9bf799f711c8a98ab6f5606ec42cf5b33d1e762e8a?s=96&d=mm&r=g\",\"contentUrl\":\"https:\/\/secure.gravatar.com\/avatar\/4a315f521213b2dc91dbda9bf799f711c8a98ab6f5606ec42cf5b33d1e762e8a?s=96&d=mm&r=g\",\"caption\":\"jorgedelcampo\"}}]}<\/script>\n<!-- \/ Yoast SEO plugin. -->","yoast_head_json":{"title":"Alumna de CDE es nominada para la Premiaci\u00f3n Harvard Book Prize - Colegio Manquecura Ciudad del Este","robots":{"index":"index","follow":"follow","max-snippet":"max-snippet:-1","max-image-preview":"max-image-preview:large","max-video-preview":"max-video-preview:-1"},"canonical":"https:\/\/www.manquecura.cl\/ciudad-del-este\/noticias\/alumna-de-cde-es-nominada-para-la-premiacion-harvard-book-prize\/","og_locale":"es_ES","og_type":"article","og_title":"Alumna de CDE es nominada para la Premiaci\u00f3n Harvard Book Prize - Colegio Manquecura Ciudad del Este","og_description":"Estamos muy orgullosos de nuestra alumna Trinidad Mora, del IV Medio A, quien ha sido nominada para participar de la Ceremonia de Premiaci\u00f3n del Harvard Book Prize, concurso en el cual es finalista desde el 2021. Trinidad ha sido nominada gracias a su ensayo acad\u00e9mico Edges of The Rise of Violence in Chile, el que [&hellip;]","og_url":"https:\/\/www.manquecura.cl\/ciudad-del-este\/noticias\/alumna-de-cde-es-nominada-para-la-premiacion-harvard-book-prize\/","og_site_name":"Colegio Manquecura Ciudad del Este","article_publisher":"http:\/\/www.facebook.com\/ColegiosManquecura","article_published_time":"2022-05-02T16:37:36+00:00","author":"jorgedelcampo","twitter_card":"summary_large_image","twitter_misc":{"Escrito por":"jorgedelcampo","Tiempo de lectura":"2 minutos"},"schema":{"@context":"https:\/\/schema.org","@graph":[{"@type":"Article","@id":"https:\/\/www.manquecura.cl\/ciudad-del-este\/noticias\/alumna-de-cde-es-nominada-para-la-premiacion-harvard-book-prize\/#article","isPartOf":{"@id":"https:\/\/www.manquecura.cl\/ciudad-del-este\/noticias\/alumna-de-cde-es-nominada-para-la-premiacion-harvard-book-prize\/"},"author":{"name":"jorgedelcampo","@id":"https:\/\/www.manquecura.cl\/ciudad-del-este\/#\/schema\/person\/0debeea140e397b5d490ee7e553255d8"},"headline":"Alumna de CDE es nominada para la Premiaci\u00f3n Harvard Book Prize","datePublished":"2022-05-02T16:37:36+00:00","mainEntityOfPage":{"@id":"https:\/\/www.manquecura.cl\/ciudad-del-este\/noticias\/alumna-de-cde-es-nominada-para-la-premiacion-harvard-book-prize\/"},"wordCount":404,"commentCount":0,"publisher":{"@id":"https:\/\/www.manquecura.cl\/ciudad-del-este\/#organization"},"image":{"@id":"https:\/\/www.manquecura.cl\/ciudad-del-este\/noticias\/alumna-de-cde-es-nominada-para-la-premiacion-harvard-book-prize\/#primaryimage"},"thumbnailUrl":"https:\/\/www.manquecura.cl\/ciudad-del-este\/wp-content\/uploads\/sites\/41\/2022\/05\/trinidad-mora-harvard-prize-manquecura-ciudad-del-este_-1.jpg","articleSection":["Vida Escolar"],"inLanguage":"es","potentialAction":[{"@type":"CommentAction","name":"Comment","target":["https:\/\/www.manquecura.cl\/ciudad-del-este\/noticias\/alumna-de-cde-es-nominada-para-la-premiacion-harvard-book-prize\/#respond"]}]},{"@type":"WebPage","@id":"https:\/\/www.manquecura.cl\/ciudad-del-este\/noticias\/alumna-de-cde-es-nominada-para-la-premiacion-harvard-book-prize\/","url":"https:\/\/www.manquecura.cl\/ciudad-del-este\/noticias\/alumna-de-cde-es-nominada-para-la-premiacion-harvard-book-prize\/","name":"Alumna de CDE es nominada para la Premiaci\u00f3n Harvard Book Prize - Colegio Manquecura Ciudad del Este","isPartOf":{"@id":"https:\/\/www.manquecura.cl\/ciudad-del-este\/#website"},"primaryImageOfPage":{"@id":"https:\/\/www.manquecura.cl\/ciudad-del-este\/noticias\/alumna-de-cde-es-nominada-para-la-premiacion-harvard-book-prize\/#primaryimage"},"image":{"@id":"https:\/\/www.manquecura.cl\/ciudad-del-este\/noticias\/alumna-de-cde-es-nominada-para-la-premiacion-harvard-book-prize\/#primaryimage"},"thumbnailUrl":"https:\/\/www.manquecura.cl\/ciudad-del-este\/wp-content\/uploads\/sites\/41\/2022\/05\/trinidad-mora-harvard-prize-manquecura-ciudad-del-este_-1.jpg","datePublished":"2022-05-02T16:37:36+00:00","breadcrumb":{"@id":"https:\/\/www.manquecura.cl\/ciudad-del-este\/noticias\/alumna-de-cde-es-nominada-para-la-premiacion-harvard-book-prize\/#breadcrumb"},"inLanguage":"es","potentialAction":[{"@type":"ReadAction","target":["https:\/\/www.manquecura.cl\/ciudad-del-este\/noticias\/alumna-de-cde-es-nominada-para-la-premiacion-harvard-book-prize\/"]}]},{"@type":"ImageObject","inLanguage":"es","@id":"https:\/\/www.manquecura.cl\/ciudad-del-este\/noticias\/alumna-de-cde-es-nominada-para-la-premiacion-harvard-book-prize\/#primaryimage","url":"https:\/\/www.manquecura.cl\/ciudad-del-este\/wp-content\/uploads\/sites\/41\/2022\/05\/trinidad-mora-harvard-prize-manquecura-ciudad-del-este_-1.jpg","contentUrl":"https:\/\/www.manquecura.cl\/ciudad-del-este\/wp-content\/uploads\/sites\/41\/2022\/05\/trinidad-mora-harvard-prize-manquecura-ciudad-del-este_-1.jpg","width":836,"height":523},{"@type":"BreadcrumbList","@id":"https:\/\/www.manquecura.cl\/ciudad-del-este\/noticias\/alumna-de-cde-es-nominada-para-la-premiacion-harvard-book-prize\/#breadcrumb","itemListElement":[{"@type":"ListItem","position":1,"name":"Home","item":"https:\/\/www.manquecura.cl\/ciudad-del-este\/"},{"@type":"ListItem","position":2,"name":"Alumna de CDE es nominada para la Premiaci\u00f3n Harvard Book Prize"}]},{"@type":"WebSite","@id":"https:\/\/www.manquecura.cl\/ciudad-del-este\/#website","url":"https:\/\/www.manquecura.cl\/ciudad-del-este\/","name":"Colegio Manquecura Ciudad del Este","description":"","publisher":{"@id":"https:\/\/www.manquecura.cl\/ciudad-del-este\/#organization"},"potentialAction":[{"@type":"SearchAction","target":{"@type":"EntryPoint","urlTemplate":"https:\/\/www.manquecura.cl\/ciudad-del-este\/?s={search_term_string}"},"query-input":{"@type":"PropertyValueSpecification","valueRequired":true,"valueName":"search_term_string"}}],"inLanguage":"es"},{"@type":"Organization","@id":"https:\/\/www.manquecura.cl\/ciudad-del-este\/#organization","name":"Colegio Manquecura Ciudad del Este","url":"https:\/\/www.manquecura.cl\/ciudad-del-este\/","logo":{"@type":"ImageObject","inLanguage":"es","@id":"https:\/\/www.manquecura.cl\/ciudad-del-este\/#\/schema\/logo\/image\/","url":"https:\/\/www.manquecura.cl\/ciudad-del-este\/wp-content\/uploads\/sites\/41\/2023\/09\/logo_Manquecura_Ciudad-del-Este_horizontal_color-1.png","contentUrl":"https:\/\/www.manquecura.cl\/ciudad-del-este\/wp-content\/uploads\/sites\/41\/2023\/09\/logo_Manquecura_Ciudad-del-Este_horizontal_color-1.png","width":611,"height":183,"caption":"Colegio Manquecura Ciudad del Este"},"image":{"@id":"https:\/\/www.manquecura.cl\/ciudad-del-este\/#\/schema\/logo\/image\/"},"sameAs":["http:\/\/www.facebook.com\/ColegiosManquecura","http:\/\/www.instagram.com\/manquecura_ciudaddeleste\/","http:\/\/www.youtube.com\/c\/CognitaChile"]},{"@type":"Person","@id":"https:\/\/www.manquecura.cl\/ciudad-del-este\/#\/schema\/person\/0debeea140e397b5d490ee7e553255d8","name":"jorgedelcampo","image":{"@type":"ImageObject","inLanguage":"es","@id":"https:\/\/www.manquecura.cl\/ciudad-del-este\/#\/schema\/person\/image\/","url":"https:\/\/secure.gravatar.com\/avatar\/4a315f521213b2dc91dbda9bf799f711c8a98ab6f5606ec42cf5b33d1e762e8a?s=96&d=mm&r=g","contentUrl":"https:\/\/secure.gravatar.com\/avatar\/4a315f521213b2dc91dbda9bf799f711c8a98ab6f5606ec42cf5b33d1e762e8a?s=96&d=mm&r=g","caption":"jorgedelcampo"}}]}},"jetpack_featured_media_url":"https:\/\/www.manquecura.cl\/ciudad-del-este\/wp-content\/uploads\/sites\/41\/2022\/05\/trinidad-mora-harvard-prize-manquecura-ciudad-del-este_-1.jpg","previous_post_ID":125521,"previous_post_title":"Ceremonias de entrega de los carnet de biblioteca a los alumnos de primero b\u00e1sico","previous_post_excerpt":"Con motivo de la celebraci\u00f3n del D\u00eda Internacional del Libro, nuestra biblioteca entreg\u00f3 a los alumnos de primero b\u00e1sico su carnet de usuario, d\u00e1ndoles la bienvenida a los ni\u00f1os del nivel, quienes orgullosos recibieron el documento de manos de sus misses. Los ni\u00f1os tuvieron la oportunidad de conocer, junto a sus padres, los aspectos m\u00e1s [&hellip;]","previous_post_link":"https:\/\/www.manquecura.cl\/ciudad-del-este\/noticias\/ceremonias-de-entrega-de-los-carnet-de-biblioteca-a-los-alumnos-de-primero-basico\/","previous_post_class":["post-125521","post","type-post","status-publish","format-standard","has-post-thumbnail","hentry","category-vida-escolar"],"next_post_ID":125527,"next_post_title":"Cat\u00e1logo Ciber EXPO Emprende: Especial D\u00eda de la Madre","next_post_excerpt":"Te invitamos a buscar el mejor regalo para el D\u00eda de la Madre en este cat\u00e1logo de los emprendedores de CDE. Si deseas participar de las siguientes ediciones puedes enviar tus antecedentes al correo: comunicaciones.cde@colegiomanquecura.cl \u00a1Apoyemos los emprendimientos de nuestra comunidad escolar! VER CAT\u00c1LOGO AQU\u00cd Colegio Manquecura Ciudad del Este","next_post_link":"https:\/\/www.manquecura.cl\/ciudad-del-este\/noticias\/catalogo-ciber-expo-emprende-especial-dia-de-la-madre\/","next_post_class":["post-125527","post","type-post","status-publish","format-standard","has-post-thumbnail","hentry","category-vida-escolar"],"jetpack_sharing_enabled":true,"_links":{"self":[{"href":"https:\/\/www.manquecura.cl\/ciudad-del-este\/wp-json\/wp\/v2\/posts\/125523","targetHints":{"allow":["GET"]}}],"collection":[{"href":"https:\/\/www.manquecura.cl\/ciudad-del-este\/wp-json\/wp\/v2\/posts"}],"about":[{"href":"https:\/\/www.manquecura.cl\/ciudad-del-este\/wp-json\/wp\/v2\/types\/post"}],"author":[{"embeddable":true,"href":"https:\/\/www.manquecura.cl\/ciudad-del-este\/wp-json\/wp\/v2\/users\/14"}],"replies":[{"embeddable":true,"href":"https:\/\/www.manquecura.cl\/ciudad-del-este\/wp-json\/wp\/v2\/comments?post=125523"}],"version-history":[{"count":0,"href":"https:\/\/www.manquecura.cl\/ciudad-del-este\/wp-json\/wp\/v2\/posts\/125523\/revisions"}],"wp:featuredmedia":[{"embeddable":true,"href":"https:\/\/www.manquecura.cl\/ciudad-del-este\/wp-json\/wp\/v2\/media\/18969"}],"wp:attachment":[{"href":"https:\/\/www.manquecura.cl\/ciudad-del-este\/wp-json\/wp\/v2\/media?parent=125523"}],"wp:term":[{"taxonomy":"category","embeddable":true,"href":"https:\/\/www.manquecura.cl\/ciudad-del-este\/wp-json\/wp\/v2\/categories?post=125523"},{"taxonomy":"post_tag","embeddable":true,"href":"https:\/\/www.manquecura.cl\/ciudad-del-este\/wp-json\/wp\/v2\/tags?post=125523"}],"curies":[{"name":"wp","href":"https:\/\/api.w.org\/{rel}","templated":true}]}}