{"id":17174,"date":"2022-10-03T17:37:49","date_gmt":"2022-10-03T20:37:49","guid":{"rendered":"https:\/\/www.manquecura.cl\/ciudad-de-los-valles\/?p=13080"},"modified":"2022-10-03T17:37:49","modified_gmt":"2022-10-03T20:37:49","slug":"proyecto-campur-de-apoderados-invitacion-a-clases-de-zumba-desde-el-06-1","status":"publish","type":"post","link":"https:\/\/www.manquecura.cl\/ciudad-de-los-valles\/noticias\/proyecto-campur-de-apoderados-invitacion-a-clases-de-zumba-desde-el-06-1\/","title":{"rendered":"Proyecto Campur de Apoderados: Invitaci\u00f3n a clases de Zumba desde el 06\/10\ud83d\udc83\u2728"},"content":{"rendered":"<p>Nuestro Campur de Apoderados, los invita a participar en el proyecto organizado por el centro de padres, &#8220;clases de Zumba Fitness&#8221;, el que est\u00e1 dirigido para los alumnos, apoderados y docentes de nuestra querida comunidad. En el caso que participen estudiantes menores de 12 a\u00f1os, pueden asistir acompa\u00f1ados de un adulto.<\/p>\n<p>Las clases se realizar\u00e1n los siguientes d\u00edas:<\/p>\n<ul>\n<li><strong>Jueves: 19:00 a 20:00 horas<\/strong><\/li>\n<li><strong>S\u00e1bado: 10:00 a 11:00 horas<\/strong><\/li>\n<li><strong>Valor de cada clase: $2.500 p\/p. (Se cancelan el mismo d\u00eda de la clase)<\/strong><\/li>\n<li><strong>Lugar: Cancha techada.<\/strong><\/li>\n<li><strong>Inicio jueves 06 de octubre.<\/strong><\/li>\n<\/ul>\n<p>\u00a1Los esperamos!<\/p>\n<p>&nbsp;<\/p>\n"},"excerpt":{"rendered":"<p>Nuestro Campur de Apoderados, los invita a participar en el proyecto organizado por el centro de padres, &#8220;clases de Zumba Fitness&#8221;, el que est\u00e1 dirigido para los alumnos, apoderados y docentes de nuestra querida comunidad. En el caso que participen estudiantes menores de 12 a\u00f1os, pueden asistir acompa\u00f1ados de un adulto. Las clases se realizar\u00e1n [&hellip;]<\/p>\n","protected":false},"author":14,"featured_media":13835,"comment_status":"open","ping_status":"open","sticky":false,"template":"","format":"standard","meta":{"_acf_changed":false,"content-type":"","_jetpack_memberships_contains_paid_content":false,"footnotes":""},"categories":[1],"tags":[],"class_list":["post-17174","post","type-post","status-publish","format-standard","has-post-thumbnail","hentry","category-vida-escolar"],"acf":[],"yoast_head":"<!-- This site is optimized with the Yoast SEO plugin v27.1.1 - https:\/\/yoast.com\/product\/yoast-seo-wordpress\/ -->\n<title>Proyecto Campur de Apoderados: Invitaci\u00f3n a clases de Zumba desde el 06\/10\ud83d\udc83\u2728 - Colegio Manquecura Ciudad de los Valles<\/title>\n<meta name=\"robots\" content=\"index, follow, max-snippet:-1, max-image-preview:large, max-video-preview:-1\" \/>\n<link rel=\"canonical\" href=\"https:\/\/www.manquecura.cl\/ciudad-de-los-valles\/noticias\/proyecto-campur-de-apoderados-invitacion-a-clases-de-zumba-desde-el-06-1\/\" \/>\n<meta property=\"og:locale\" content=\"es_ES\" \/>\n<meta property=\"og:type\" content=\"article\" \/>\n<meta property=\"og:title\" content=\"Proyecto Campur de Apoderados: Invitaci\u00f3n a clases de Zumba desde el 06\/10\ud83d\udc83\u2728 - Colegio Manquecura Ciudad de los Valles\" \/>\n<meta property=\"og:description\" content=\"Nuestro Campur de Apoderados, los invita a participar en el proyecto organizado por el centro de padres, &#8220;clases de Zumba Fitness&#8221;, el que est\u00e1 dirigido para los alumnos, apoderados y docentes de nuestra querida comunidad. En el caso que participen estudiantes menores de 12 a\u00f1os, pueden asistir acompa\u00f1ados de un adulto. Las clases se realizar\u00e1n [&hellip;]\" \/>\n<meta property=\"og:url\" content=\"https:\/\/www.manquecura.cl\/ciudad-de-los-valles\/noticias\/proyecto-campur-de-apoderados-invitacion-a-clases-de-zumba-desde-el-06-1\/\" \/>\n<meta property=\"og:site_name\" content=\"Colegio Manquecura Ciudad de los Valles\" \/>\n<meta property=\"article:publisher\" content=\"http:\/\/www.facebook.com\/ColegiosManquecura\" \/>\n<meta property=\"article:published_time\" content=\"2022-10-03T20:37:49+00:00\" \/>\n<meta property=\"og:image\" content=\"https:\/\/www.manquecura.cl\/ciudad-de-los-valles\/wp-content\/uploads\/sites\/42\/2022\/10\/STUDENTS-PROGRESS-1.jpg\" \/>\n\t<meta property=\"og:image:width\" content=\"836\" \/>\n\t<meta property=\"og:image:height\" content=\"523\" \/>\n\t<meta property=\"og:image:type\" content=\"image\/jpeg\" \/>\n<meta name=\"author\" content=\"jorgedelcampo\" \/>\n<meta name=\"twitter:card\" content=\"summary_large_image\" \/>\n<meta name=\"twitter:label1\" content=\"Escrito por\" \/>\n\t<meta name=\"twitter:data1\" content=\"jorgedelcampo\" \/>\n<script type=\"application\/ld+json\" class=\"yoast-schema-graph\">{\"@context\":\"https:\/\/schema.org\",\"@graph\":[{\"@type\":\"Article\",\"@id\":\"https:\/\/www.manquecura.cl\/ciudad-de-los-valles\/noticias\/proyecto-campur-de-apoderados-invitacion-a-clases-de-zumba-desde-el-06-1\/#article\",\"isPartOf\":{\"@id\":\"https:\/\/www.manquecura.cl\/ciudad-de-los-valles\/noticias\/proyecto-campur-de-apoderados-invitacion-a-clases-de-zumba-desde-el-06-1\/\"},\"author\":{\"name\":\"jorgedelcampo\",\"@id\":\"https:\/\/www.manquecura.cl\/ciudad-de-los-valles\/#\/schema\/person\/0debeea140e397b5d490ee7e553255d8\"},\"headline\":\"Proyecto Campur de Apoderados: Invitaci\u00f3n a clases de Zumba desde el 06\/10\ud83d\udc83\u2728\",\"datePublished\":\"2022-10-03T20:37:49+00:00\",\"mainEntityOfPage\":{\"@id\":\"https:\/\/www.manquecura.cl\/ciudad-de-los-valles\/noticias\/proyecto-campur-de-apoderados-invitacion-a-clases-de-zumba-desde-el-06-1\/\"},\"wordCount\":105,\"commentCount\":0,\"publisher\":{\"@id\":\"https:\/\/www.manquecura.cl\/ciudad-de-los-valles\/#organization\"},\"image\":{\"@id\":\"https:\/\/www.manquecura.cl\/ciudad-de-los-valles\/noticias\/proyecto-campur-de-apoderados-invitacion-a-clases-de-zumba-desde-el-06-1\/#primaryimage\"},\"thumbnailUrl\":\"https:\/\/www.manquecura.cl\/ciudad-de-los-valles\/wp-content\/uploads\/sites\/42\/2022\/10\/STUDENTS-PROGRESS-1.jpg\",\"articleSection\":[\"Vida Escolar\"],\"inLanguage\":\"es\",\"potentialAction\":[{\"@type\":\"CommentAction\",\"name\":\"Comment\",\"target\":[\"https:\/\/www.manquecura.cl\/ciudad-de-los-valles\/noticias\/proyecto-campur-de-apoderados-invitacion-a-clases-de-zumba-desde-el-06-1\/#respond\"]}]},{\"@type\":\"WebPage\",\"@id\":\"https:\/\/www.manquecura.cl\/ciudad-de-los-valles\/noticias\/proyecto-campur-de-apoderados-invitacion-a-clases-de-zumba-desde-el-06-1\/\",\"url\":\"https:\/\/www.manquecura.cl\/ciudad-de-los-valles\/noticias\/proyecto-campur-de-apoderados-invitacion-a-clases-de-zumba-desde-el-06-1\/\",\"name\":\"Proyecto Campur de Apoderados: Invitaci\u00f3n a clases de Zumba desde el 06\/10\ud83d\udc83\u2728 - Colegio Manquecura Ciudad de los Valles\",\"isPartOf\":{\"@id\":\"https:\/\/www.manquecura.cl\/ciudad-de-los-valles\/#website\"},\"primaryImageOfPage\":{\"@id\":\"https:\/\/www.manquecura.cl\/ciudad-de-los-valles\/noticias\/proyecto-campur-de-apoderados-invitacion-a-clases-de-zumba-desde-el-06-1\/#primaryimage\"},\"image\":{\"@id\":\"https:\/\/www.manquecura.cl\/ciudad-de-los-valles\/noticias\/proyecto-campur-de-apoderados-invitacion-a-clases-de-zumba-desde-el-06-1\/#primaryimage\"},\"thumbnailUrl\":\"https:\/\/www.manquecura.cl\/ciudad-de-los-valles\/wp-content\/uploads\/sites\/42\/2022\/10\/STUDENTS-PROGRESS-1.jpg\",\"datePublished\":\"2022-10-03T20:37:49+00:00\",\"breadcrumb\":{\"@id\":\"https:\/\/www.manquecura.cl\/ciudad-de-los-valles\/noticias\/proyecto-campur-de-apoderados-invitacion-a-clases-de-zumba-desde-el-06-1\/#breadcrumb\"},\"inLanguage\":\"es\",\"potentialAction\":[{\"@type\":\"ReadAction\",\"target\":[\"https:\/\/www.manquecura.cl\/ciudad-de-los-valles\/noticias\/proyecto-campur-de-apoderados-invitacion-a-clases-de-zumba-desde-el-06-1\/\"]}]},{\"@type\":\"ImageObject\",\"inLanguage\":\"es\",\"@id\":\"https:\/\/www.manquecura.cl\/ciudad-de-los-valles\/noticias\/proyecto-campur-de-apoderados-invitacion-a-clases-de-zumba-desde-el-06-1\/#primaryimage\",\"url\":\"https:\/\/www.manquecura.cl\/ciudad-de-los-valles\/wp-content\/uploads\/sites\/42\/2022\/10\/STUDENTS-PROGRESS-1.jpg\",\"contentUrl\":\"https:\/\/www.manquecura.cl\/ciudad-de-los-valles\/wp-content\/uploads\/sites\/42\/2022\/10\/STUDENTS-PROGRESS-1.jpg\",\"width\":836,\"height\":523},{\"@type\":\"BreadcrumbList\",\"@id\":\"https:\/\/www.manquecura.cl\/ciudad-de-los-valles\/noticias\/proyecto-campur-de-apoderados-invitacion-a-clases-de-zumba-desde-el-06-1\/#breadcrumb\",\"itemListElement\":[{\"@type\":\"ListItem\",\"position\":1,\"name\":\"Home\",\"item\":\"https:\/\/www.manquecura.cl\/ciudad-de-los-valles\/\"},{\"@type\":\"ListItem\",\"position\":2,\"name\":\"Proyecto Campur de Apoderados: Invitaci\u00f3n a clases de Zumba desde el 06\/10\ud83d\udc83\u2728\"}]},{\"@type\":\"WebSite\",\"@id\":\"https:\/\/www.manquecura.cl\/ciudad-de-los-valles\/#website\",\"url\":\"https:\/\/www.manquecura.cl\/ciudad-de-los-valles\/\",\"name\":\"Colegio Manquecura Ciudad de los Valles\",\"description\":\"Cognita Schools\",\"publisher\":{\"@id\":\"https:\/\/www.manquecura.cl\/ciudad-de-los-valles\/#organization\"},\"potentialAction\":[{\"@type\":\"SearchAction\",\"target\":{\"@type\":\"EntryPoint\",\"urlTemplate\":\"https:\/\/www.manquecura.cl\/ciudad-de-los-valles\/?s={search_term_string}\"},\"query-input\":{\"@type\":\"PropertyValueSpecification\",\"valueRequired\":true,\"valueName\":\"search_term_string\"}}],\"inLanguage\":\"es\"},{\"@type\":\"Organization\",\"@id\":\"https:\/\/www.manquecura.cl\/ciudad-de-los-valles\/#organization\",\"name\":\"Colegio Manquecura Ciudad de los Valles\",\"url\":\"https:\/\/www.manquecura.cl\/ciudad-de-los-valles\/\",\"logo\":{\"@type\":\"ImageObject\",\"inLanguage\":\"es\",\"@id\":\"https:\/\/www.manquecura.cl\/ciudad-de-los-valles\/#\/schema\/logo\/image\/\",\"url\":\"https:\/\/www.manquecura.cl\/ciudad-de-los-valles\/wp-content\/uploads\/sites\/42\/2025\/02\/logo_Manquecura_Ciudad-de-Los-Valles_horizontal_color.jpg\",\"contentUrl\":\"https:\/\/www.manquecura.cl\/ciudad-de-los-valles\/wp-content\/uploads\/sites\/42\/2025\/02\/logo_Manquecura_Ciudad-de-Los-Valles_horizontal_color.jpg\",\"width\":599,\"height\":179,\"caption\":\"Colegio Manquecura Ciudad de los Valles\"},\"image\":{\"@id\":\"https:\/\/www.manquecura.cl\/ciudad-de-los-valles\/#\/schema\/logo\/image\/\"},\"sameAs\":[\"http:\/\/www.facebook.com\/ColegiosManquecura\",\"https:\/\/www.manquecura.cl\/ciudad-de-los-valles\/\",\"http:\/\/www.youtube.com\/c\/CognitaChile\"]},{\"@type\":\"Person\",\"@id\":\"https:\/\/www.manquecura.cl\/ciudad-de-los-valles\/#\/schema\/person\/0debeea140e397b5d490ee7e553255d8\",\"name\":\"jorgedelcampo\",\"image\":{\"@type\":\"ImageObject\",\"inLanguage\":\"es\",\"@id\":\"https:\/\/www.manquecura.cl\/ciudad-de-los-valles\/#\/schema\/person\/image\/\",\"url\":\"https:\/\/secure.gravatar.com\/avatar\/4a315f521213b2dc91dbda9bf799f711c8a98ab6f5606ec42cf5b33d1e762e8a?s=96&d=mm&r=g\",\"contentUrl\":\"https:\/\/secure.gravatar.com\/avatar\/4a315f521213b2dc91dbda9bf799f711c8a98ab6f5606ec42cf5b33d1e762e8a?s=96&d=mm&r=g\",\"caption\":\"jorgedelcampo\"}}]}<\/script>\n<!-- \/ Yoast SEO plugin. -->","yoast_head_json":{"title":"Proyecto Campur de Apoderados: Invitaci\u00f3n a clases de Zumba desde el 06\/10\ud83d\udc83\u2728 - Colegio Manquecura Ciudad de los Valles","robots":{"index":"index","follow":"follow","max-snippet":"max-snippet:-1","max-image-preview":"max-image-preview:large","max-video-preview":"max-video-preview:-1"},"canonical":"https:\/\/www.manquecura.cl\/ciudad-de-los-valles\/noticias\/proyecto-campur-de-apoderados-invitacion-a-clases-de-zumba-desde-el-06-1\/","og_locale":"es_ES","og_type":"article","og_title":"Proyecto Campur de Apoderados: Invitaci\u00f3n a clases de Zumba desde el 06\/10\ud83d\udc83\u2728 - Colegio Manquecura Ciudad de los Valles","og_description":"Nuestro Campur de Apoderados, los invita a participar en el proyecto organizado por el centro de padres, &#8220;clases de Zumba Fitness&#8221;, el que est\u00e1 dirigido para los alumnos, apoderados y docentes de nuestra querida comunidad. En el caso que participen estudiantes menores de 12 a\u00f1os, pueden asistir acompa\u00f1ados de un adulto. Las clases se realizar\u00e1n [&hellip;]","og_url":"https:\/\/www.manquecura.cl\/ciudad-de-los-valles\/noticias\/proyecto-campur-de-apoderados-invitacion-a-clases-de-zumba-desde-el-06-1\/","og_site_name":"Colegio Manquecura Ciudad de los Valles","article_publisher":"http:\/\/www.facebook.com\/ColegiosManquecura","article_published_time":"2022-10-03T20:37:49+00:00","og_image":[{"width":836,"height":523,"url":"https:\/\/www.manquecura.cl\/ciudad-de-los-valles\/wp-content\/uploads\/sites\/42\/2022\/10\/STUDENTS-PROGRESS-1.jpg","type":"image\/jpeg"}],"author":"jorgedelcampo","twitter_card":"summary_large_image","twitter_misc":{"Escrito por":"jorgedelcampo"},"schema":{"@context":"https:\/\/schema.org","@graph":[{"@type":"Article","@id":"https:\/\/www.manquecura.cl\/ciudad-de-los-valles\/noticias\/proyecto-campur-de-apoderados-invitacion-a-clases-de-zumba-desde-el-06-1\/#article","isPartOf":{"@id":"https:\/\/www.manquecura.cl\/ciudad-de-los-valles\/noticias\/proyecto-campur-de-apoderados-invitacion-a-clases-de-zumba-desde-el-06-1\/"},"author":{"name":"jorgedelcampo","@id":"https:\/\/www.manquecura.cl\/ciudad-de-los-valles\/#\/schema\/person\/0debeea140e397b5d490ee7e553255d8"},"headline":"Proyecto Campur de Apoderados: Invitaci\u00f3n a clases de Zumba desde el 06\/10\ud83d\udc83\u2728","datePublished":"2022-10-03T20:37:49+00:00","mainEntityOfPage":{"@id":"https:\/\/www.manquecura.cl\/ciudad-de-los-valles\/noticias\/proyecto-campur-de-apoderados-invitacion-a-clases-de-zumba-desde-el-06-1\/"},"wordCount":105,"commentCount":0,"publisher":{"@id":"https:\/\/www.manquecura.cl\/ciudad-de-los-valles\/#organization"},"image":{"@id":"https:\/\/www.manquecura.cl\/ciudad-de-los-valles\/noticias\/proyecto-campur-de-apoderados-invitacion-a-clases-de-zumba-desde-el-06-1\/#primaryimage"},"thumbnailUrl":"https:\/\/www.manquecura.cl\/ciudad-de-los-valles\/wp-content\/uploads\/sites\/42\/2022\/10\/STUDENTS-PROGRESS-1.jpg","articleSection":["Vida Escolar"],"inLanguage":"es","potentialAction":[{"@type":"CommentAction","name":"Comment","target":["https:\/\/www.manquecura.cl\/ciudad-de-los-valles\/noticias\/proyecto-campur-de-apoderados-invitacion-a-clases-de-zumba-desde-el-06-1\/#respond"]}]},{"@type":"WebPage","@id":"https:\/\/www.manquecura.cl\/ciudad-de-los-valles\/noticias\/proyecto-campur-de-apoderados-invitacion-a-clases-de-zumba-desde-el-06-1\/","url":"https:\/\/www.manquecura.cl\/ciudad-de-los-valles\/noticias\/proyecto-campur-de-apoderados-invitacion-a-clases-de-zumba-desde-el-06-1\/","name":"Proyecto Campur de Apoderados: Invitaci\u00f3n a clases de Zumba desde el 06\/10\ud83d\udc83\u2728 - Colegio Manquecura Ciudad de los Valles","isPartOf":{"@id":"https:\/\/www.manquecura.cl\/ciudad-de-los-valles\/#website"},"primaryImageOfPage":{"@id":"https:\/\/www.manquecura.cl\/ciudad-de-los-valles\/noticias\/proyecto-campur-de-apoderados-invitacion-a-clases-de-zumba-desde-el-06-1\/#primaryimage"},"image":{"@id":"https:\/\/www.manquecura.cl\/ciudad-de-los-valles\/noticias\/proyecto-campur-de-apoderados-invitacion-a-clases-de-zumba-desde-el-06-1\/#primaryimage"},"thumbnailUrl":"https:\/\/www.manquecura.cl\/ciudad-de-los-valles\/wp-content\/uploads\/sites\/42\/2022\/10\/STUDENTS-PROGRESS-1.jpg","datePublished":"2022-10-03T20:37:49+00:00","breadcrumb":{"@id":"https:\/\/www.manquecura.cl\/ciudad-de-los-valles\/noticias\/proyecto-campur-de-apoderados-invitacion-a-clases-de-zumba-desde-el-06-1\/#breadcrumb"},"inLanguage":"es","potentialAction":[{"@type":"ReadAction","target":["https:\/\/www.manquecura.cl\/ciudad-de-los-valles\/noticias\/proyecto-campur-de-apoderados-invitacion-a-clases-de-zumba-desde-el-06-1\/"]}]},{"@type":"ImageObject","inLanguage":"es","@id":"https:\/\/www.manquecura.cl\/ciudad-de-los-valles\/noticias\/proyecto-campur-de-apoderados-invitacion-a-clases-de-zumba-desde-el-06-1\/#primaryimage","url":"https:\/\/www.manquecura.cl\/ciudad-de-los-valles\/wp-content\/uploads\/sites\/42\/2022\/10\/STUDENTS-PROGRESS-1.jpg","contentUrl":"https:\/\/www.manquecura.cl\/ciudad-de-los-valles\/wp-content\/uploads\/sites\/42\/2022\/10\/STUDENTS-PROGRESS-1.jpg","width":836,"height":523},{"@type":"BreadcrumbList","@id":"https:\/\/www.manquecura.cl\/ciudad-de-los-valles\/noticias\/proyecto-campur-de-apoderados-invitacion-a-clases-de-zumba-desde-el-06-1\/#breadcrumb","itemListElement":[{"@type":"ListItem","position":1,"name":"Home","item":"https:\/\/www.manquecura.cl\/ciudad-de-los-valles\/"},{"@type":"ListItem","position":2,"name":"Proyecto Campur de Apoderados: Invitaci\u00f3n a clases de Zumba desde el 06\/10\ud83d\udc83\u2728"}]},{"@type":"WebSite","@id":"https:\/\/www.manquecura.cl\/ciudad-de-los-valles\/#website","url":"https:\/\/www.manquecura.cl\/ciudad-de-los-valles\/","name":"Colegio Manquecura Ciudad de los Valles","description":"Cognita Schools","publisher":{"@id":"https:\/\/www.manquecura.cl\/ciudad-de-los-valles\/#organization"},"potentialAction":[{"@type":"SearchAction","target":{"@type":"EntryPoint","urlTemplate":"https:\/\/www.manquecura.cl\/ciudad-de-los-valles\/?s={search_term_string}"},"query-input":{"@type":"PropertyValueSpecification","valueRequired":true,"valueName":"search_term_string"}}],"inLanguage":"es"},{"@type":"Organization","@id":"https:\/\/www.manquecura.cl\/ciudad-de-los-valles\/#organization","name":"Colegio Manquecura Ciudad de los Valles","url":"https:\/\/www.manquecura.cl\/ciudad-de-los-valles\/","logo":{"@type":"ImageObject","inLanguage":"es","@id":"https:\/\/www.manquecura.cl\/ciudad-de-los-valles\/#\/schema\/logo\/image\/","url":"https:\/\/www.manquecura.cl\/ciudad-de-los-valles\/wp-content\/uploads\/sites\/42\/2025\/02\/logo_Manquecura_Ciudad-de-Los-Valles_horizontal_color.jpg","contentUrl":"https:\/\/www.manquecura.cl\/ciudad-de-los-valles\/wp-content\/uploads\/sites\/42\/2025\/02\/logo_Manquecura_Ciudad-de-Los-Valles_horizontal_color.jpg","width":599,"height":179,"caption":"Colegio Manquecura Ciudad de los Valles"},"image":{"@id":"https:\/\/www.manquecura.cl\/ciudad-de-los-valles\/#\/schema\/logo\/image\/"},"sameAs":["http:\/\/www.facebook.com\/ColegiosManquecura","https:\/\/www.manquecura.cl\/ciudad-de-los-valles\/","http:\/\/www.youtube.com\/c\/CognitaChile"]},{"@type":"Person","@id":"https:\/\/www.manquecura.cl\/ciudad-de-los-valles\/#\/schema\/person\/0debeea140e397b5d490ee7e553255d8","name":"jorgedelcampo","image":{"@type":"ImageObject","inLanguage":"es","@id":"https:\/\/www.manquecura.cl\/ciudad-de-los-valles\/#\/schema\/person\/image\/","url":"https:\/\/secure.gravatar.com\/avatar\/4a315f521213b2dc91dbda9bf799f711c8a98ab6f5606ec42cf5b33d1e762e8a?s=96&d=mm&r=g","contentUrl":"https:\/\/secure.gravatar.com\/avatar\/4a315f521213b2dc91dbda9bf799f711c8a98ab6f5606ec42cf5b33d1e762e8a?s=96&d=mm&r=g","caption":"jorgedelcampo"}}]}},"jetpack_featured_media_url":"https:\/\/www.manquecura.cl\/ciudad-de-los-valles\/wp-content\/uploads\/sites\/42\/2022\/10\/STUDENTS-PROGRESS-1.jpg","previous_post_ID":17173,"previous_post_title":"\u00a1Incre\u00edble Global Be Well Day 2022 en Manquecura CDLV!\ud83e\uddd2\ud83d\udc67\ud83d\ude4c\u2728","previous_post_excerpt":"Este viernes vivimos nuestro Global Be Well Day, con una entretenida ma\u00f1ana junto a nuestros estudiantes, durante la iniciativa se dio \u00e9nfasis en la alimentaci\u00f3n y posteriormente se trabaj\u00f3 en c\u00f3mo nos relacionamos con los dem\u00e1s y con nosotros mismos. Se realizaron actividades a partir de material audiovisual para dar lugar a la reflexi\u00f3n de [&hellip;]","previous_post_link":"https:\/\/www.manquecura.cl\/ciudad-de-los-valles\/noticias\/increible-global-be-well-day-2022-en-manquecura-cdlv\/","previous_post_class":["post-17173","post","type-post","status-publish","format-standard","has-post-thumbnail","hentry","category-vida-escolar"],"next_post_ID":17176,"next_post_title":"Registro Feria Cient\u00edfica 2022\ud83e\uddea\ud83e\uddec","next_post_excerpt":"Los estudiantes de todos los ciclo participaron durante toda la semana en la Feria Cient\u00edfica 2022, en las jornadas los estudiantes realizaron charlas y presentaron sus proyectos cient\u00edficos la comunidad.","next_post_link":"https:\/\/www.manquecura.cl\/ciudad-de-los-valles\/noticias\/registro-feria-cientifica-22\/","next_post_class":["post-17176","post","type-post","status-publish","format-standard","has-post-thumbnail","hentry","category-vida-escolar"],"jetpack_sharing_enabled":true,"_links":{"self":[{"href":"https:\/\/www.manquecura.cl\/ciudad-de-los-valles\/wp-json\/wp\/v2\/posts\/17174","targetHints":{"allow":["GET"]}}],"collection":[{"href":"https:\/\/www.manquecura.cl\/ciudad-de-los-valles\/wp-json\/wp\/v2\/posts"}],"about":[{"href":"https:\/\/www.manquecura.cl\/ciudad-de-los-valles\/wp-json\/wp\/v2\/types\/post"}],"author":[{"embeddable":true,"href":"https:\/\/www.manquecura.cl\/ciudad-de-los-valles\/wp-json\/wp\/v2\/users\/14"}],"replies":[{"embeddable":true,"href":"https:\/\/www.manquecura.cl\/ciudad-de-los-valles\/wp-json\/wp\/v2\/comments?post=17174"}],"version-history":[{"count":0,"href":"https:\/\/www.manquecura.cl\/ciudad-de-los-valles\/wp-json\/wp\/v2\/posts\/17174\/revisions"}],"wp:featuredmedia":[{"embeddable":true,"href":"https:\/\/www.manquecura.cl\/ciudad-de-los-valles\/wp-json\/wp\/v2\/media\/13835"}],"wp:attachment":[{"href":"https:\/\/www.manquecura.cl\/ciudad-de-los-valles\/wp-json\/wp\/v2\/media?parent=17174"}],"wp:term":[{"taxonomy":"category","embeddable":true,"href":"https:\/\/www.manquecura.cl\/ciudad-de-los-valles\/wp-json\/wp\/v2\/categories?post=17174"},{"taxonomy":"post_tag","embeddable":true,"href":"https:\/\/www.manquecura.cl\/ciudad-de-los-valles\/wp-json\/wp\/v2\/tags?post=17174"}],"curies":[{"name":"wp","href":"https:\/\/api.w.org\/{rel}","templated":true}]}}