{"id":17121,"date":"2025-01-08T16:41:40","date_gmt":"2025-01-08T19:41:40","guid":{"rendered":"https:\/\/www.manquecura.cl\/ciudad-de-los-valles\/?p=17121"},"modified":"2025-01-08T16:41:40","modified_gmt":"2025-01-08T19:41:40","slug":"la-generacion-2024-logro-dos-puntajes-nacionales-en-prueba-paes","status":"publish","type":"post","link":"https:\/\/www.manquecura.cl\/ciudad-de-los-valles\/noticias\/la-generacion-2024-logro-dos-puntajes-nacionales-en-prueba-paes\/","title":{"rendered":"La Generaci\u00f3n 2024 logr\u00f3 dos puntajes nacionales en prueba PAES"},"content":{"rendered":"<p>Nos sentimos sumamente orgullosos de nuestros estudiantes, quienes han demostrado un nivel de excelencia acad\u00e9mica excepcional.<\/p>\n<p>Un reconocimiento especial a los puntajes m\u00e1ximos que obtuvo nuestro colegio y estos fueron:<\/p>\n<p><strong>Matem\u00e1tica 1<\/strong><\/p>\n<ul>\n<li>Luciano Betancur Gonz\u00e1lez<\/li>\n<li>Mar\u00eda Jes\u00fas Rosales Soto<\/li>\n<\/ul>\n<p>Estos logros son el fruto del esfuerzo de nuestros estudiantes, el apoyo incondicional de sus familias y la dedicaci\u00f3n de nuestro equipo docente. Juntos, hemos construido una comunidad educativa que celebra el \u00e9xito y fomenta el crecimiento.<\/p>\n<p>A la Generaci\u00f3n 2024, les deseamos un futuro lleno de \u00e9xitos y cuenten con nuestro apoyo en este nuevo cap\u00edtulo de sus vidas.<\/p>\n<p>[multimedia id=&#8221;1&#8243;]<\/p>\n"},"excerpt":{"rendered":"<p>Nos sentimos sumamente orgullosos de nuestros estudiantes, quienes han demostrado un nivel de excelencia acad\u00e9mica excepcional. Un reconocimiento especial a los puntajes m\u00e1ximos que obtuvo nuestro colegio y estos fueron: Matem\u00e1tica 1 Luciano Betancur Gonz\u00e1lez Mar\u00eda Jes\u00fas Rosales Soto Estos logros son el fruto del esfuerzo de nuestros estudiantes, el apoyo incondicional de sus familias [&hellip;]<\/p>\n","protected":false},"author":34,"featured_media":17122,"comment_status":"open","ping_status":"open","sticky":false,"template":"","format":"standard","meta":{"_acf_changed":false,"content-type":"","_jetpack_memberships_contains_paid_content":false,"footnotes":""},"categories":[1],"tags":[],"class_list":["post-17121","post","type-post","status-publish","format-standard","has-post-thumbnail","hentry","category-vida-escolar"],"acf":[],"yoast_head":"<!-- This site is optimized with the Yoast SEO plugin v27.1.1 - https:\/\/yoast.com\/product\/yoast-seo-wordpress\/ -->\n<title>La Generaci\u00f3n 2024 logr\u00f3 dos puntajes nacionales en prueba PAES - Colegio Manquecura Ciudad de los Valles<\/title>\n<meta name=\"robots\" content=\"index, follow, max-snippet:-1, max-image-preview:large, max-video-preview:-1\" \/>\n<link rel=\"canonical\" href=\"https:\/\/www.manquecura.cl\/ciudad-de-los-valles\/noticias\/la-generacion-2024-logro-dos-puntajes-nacionales-en-prueba-paes\/\" \/>\n<meta property=\"og:locale\" content=\"es_ES\" \/>\n<meta property=\"og:type\" content=\"article\" \/>\n<meta property=\"og:title\" content=\"La Generaci\u00f3n 2024 logr\u00f3 dos puntajes nacionales en prueba PAES - Colegio Manquecura Ciudad de los Valles\" \/>\n<meta property=\"og:description\" content=\"Nos sentimos sumamente orgullosos de nuestros estudiantes, quienes han demostrado un nivel de excelencia acad\u00e9mica excepcional. Un reconocimiento especial a los puntajes m\u00e1ximos que obtuvo nuestro colegio y estos fueron: Matem\u00e1tica 1 Luciano Betancur Gonz\u00e1lez Mar\u00eda Jes\u00fas Rosales Soto Estos logros son el fruto del esfuerzo de nuestros estudiantes, el apoyo incondicional de sus familias [&hellip;]\" \/>\n<meta property=\"og:url\" content=\"https:\/\/www.manquecura.cl\/ciudad-de-los-valles\/noticias\/la-generacion-2024-logro-dos-puntajes-nacionales-en-prueba-paes\/\" \/>\n<meta property=\"og:site_name\" content=\"Colegio Manquecura Ciudad de los Valles\" \/>\n<meta property=\"article:publisher\" content=\"http:\/\/www.facebook.com\/ColegiosManquecura\" \/>\n<meta property=\"article:published_time\" content=\"2025-01-08T19:41:40+00:00\" \/>\n<meta property=\"og:image\" content=\"https:\/\/www.manquecura.cl\/ciudad-de-los-valles\/wp-content\/uploads\/sites\/42\/2025\/01\/PAES-MANQUECURA-CIUDAD-DE-LOS-VALLES.png\" \/>\n\t<meta property=\"og:image:width\" content=\"836\" \/>\n\t<meta property=\"og:image:height\" content=\"523\" \/>\n\t<meta property=\"og:image:type\" content=\"image\/png\" \/>\n<meta name=\"author\" content=\"danielacastro\" \/>\n<meta name=\"twitter:card\" content=\"summary_large_image\" \/>\n<meta name=\"twitter:label1\" content=\"Escrito por\" \/>\n\t<meta name=\"twitter:data1\" content=\"danielacastro\" \/>\n\t<meta name=\"twitter:label2\" content=\"Tiempo de lectura\" \/>\n\t<meta name=\"twitter:data2\" content=\"1 minuto\" \/>\n<script type=\"application\/ld+json\" class=\"yoast-schema-graph\">{\"@context\":\"https:\/\/schema.org\",\"@graph\":[{\"@type\":\"Article\",\"@id\":\"https:\/\/www.manquecura.cl\/ciudad-de-los-valles\/noticias\/la-generacion-2024-logro-dos-puntajes-nacionales-en-prueba-paes\/#article\",\"isPartOf\":{\"@id\":\"https:\/\/www.manquecura.cl\/ciudad-de-los-valles\/noticias\/la-generacion-2024-logro-dos-puntajes-nacionales-en-prueba-paes\/\"},\"author\":{\"name\":\"danielacastro\",\"@id\":\"https:\/\/www.manquecura.cl\/ciudad-de-los-valles\/#\/schema\/person\/5eb92a7b45165cdbdbb271bcdacc9d9e\"},\"headline\":\"La Generaci\u00f3n 2024 logr\u00f3 dos puntajes nacionales en prueba PAES\",\"datePublished\":\"2025-01-08T19:41:40+00:00\",\"mainEntityOfPage\":{\"@id\":\"https:\/\/www.manquecura.cl\/ciudad-de-los-valles\/noticias\/la-generacion-2024-logro-dos-puntajes-nacionales-en-prueba-paes\/\"},\"wordCount\":118,\"commentCount\":0,\"publisher\":{\"@id\":\"https:\/\/www.manquecura.cl\/ciudad-de-los-valles\/#organization\"},\"image\":{\"@id\":\"https:\/\/www.manquecura.cl\/ciudad-de-los-valles\/noticias\/la-generacion-2024-logro-dos-puntajes-nacionales-en-prueba-paes\/#primaryimage\"},\"thumbnailUrl\":\"https:\/\/www.manquecura.cl\/ciudad-de-los-valles\/wp-content\/uploads\/sites\/42\/2025\/01\/PAES-MANQUECURA-CIUDAD-DE-LOS-VALLES.png\",\"articleSection\":[\"Vida Escolar\"],\"inLanguage\":\"es\",\"potentialAction\":[{\"@type\":\"CommentAction\",\"name\":\"Comment\",\"target\":[\"https:\/\/www.manquecura.cl\/ciudad-de-los-valles\/noticias\/la-generacion-2024-logro-dos-puntajes-nacionales-en-prueba-paes\/#respond\"]}]},{\"@type\":\"WebPage\",\"@id\":\"https:\/\/www.manquecura.cl\/ciudad-de-los-valles\/noticias\/la-generacion-2024-logro-dos-puntajes-nacionales-en-prueba-paes\/\",\"url\":\"https:\/\/www.manquecura.cl\/ciudad-de-los-valles\/noticias\/la-generacion-2024-logro-dos-puntajes-nacionales-en-prueba-paes\/\",\"name\":\"La Generaci\u00f3n 2024 logr\u00f3 dos puntajes nacionales en prueba PAES - Colegio Manquecura Ciudad de los Valles\",\"isPartOf\":{\"@id\":\"https:\/\/www.manquecura.cl\/ciudad-de-los-valles\/#website\"},\"primaryImageOfPage\":{\"@id\":\"https:\/\/www.manquecura.cl\/ciudad-de-los-valles\/noticias\/la-generacion-2024-logro-dos-puntajes-nacionales-en-prueba-paes\/#primaryimage\"},\"image\":{\"@id\":\"https:\/\/www.manquecura.cl\/ciudad-de-los-valles\/noticias\/la-generacion-2024-logro-dos-puntajes-nacionales-en-prueba-paes\/#primaryimage\"},\"thumbnailUrl\":\"https:\/\/www.manquecura.cl\/ciudad-de-los-valles\/wp-content\/uploads\/sites\/42\/2025\/01\/PAES-MANQUECURA-CIUDAD-DE-LOS-VALLES.png\",\"datePublished\":\"2025-01-08T19:41:40+00:00\",\"breadcrumb\":{\"@id\":\"https:\/\/www.manquecura.cl\/ciudad-de-los-valles\/noticias\/la-generacion-2024-logro-dos-puntajes-nacionales-en-prueba-paes\/#breadcrumb\"},\"inLanguage\":\"es\",\"potentialAction\":[{\"@type\":\"ReadAction\",\"target\":[\"https:\/\/www.manquecura.cl\/ciudad-de-los-valles\/noticias\/la-generacion-2024-logro-dos-puntajes-nacionales-en-prueba-paes\/\"]}]},{\"@type\":\"ImageObject\",\"inLanguage\":\"es\",\"@id\":\"https:\/\/www.manquecura.cl\/ciudad-de-los-valles\/noticias\/la-generacion-2024-logro-dos-puntajes-nacionales-en-prueba-paes\/#primaryimage\",\"url\":\"https:\/\/www.manquecura.cl\/ciudad-de-los-valles\/wp-content\/uploads\/sites\/42\/2025\/01\/PAES-MANQUECURA-CIUDAD-DE-LOS-VALLES.png\",\"contentUrl\":\"https:\/\/www.manquecura.cl\/ciudad-de-los-valles\/wp-content\/uploads\/sites\/42\/2025\/01\/PAES-MANQUECURA-CIUDAD-DE-LOS-VALLES.png\",\"width\":836,\"height\":523},{\"@type\":\"BreadcrumbList\",\"@id\":\"https:\/\/www.manquecura.cl\/ciudad-de-los-valles\/noticias\/la-generacion-2024-logro-dos-puntajes-nacionales-en-prueba-paes\/#breadcrumb\",\"itemListElement\":[{\"@type\":\"ListItem\",\"position\":1,\"name\":\"Home\",\"item\":\"https:\/\/www.manquecura.cl\/ciudad-de-los-valles\/\"},{\"@type\":\"ListItem\",\"position\":2,\"name\":\"La Generaci\u00f3n 2024 logr\u00f3 dos puntajes nacionales en prueba PAES\"}]},{\"@type\":\"WebSite\",\"@id\":\"https:\/\/www.manquecura.cl\/ciudad-de-los-valles\/#website\",\"url\":\"https:\/\/www.manquecura.cl\/ciudad-de-los-valles\/\",\"name\":\"Colegio Manquecura Ciudad de los Valles\",\"description\":\"Cognita Schools\",\"publisher\":{\"@id\":\"https:\/\/www.manquecura.cl\/ciudad-de-los-valles\/#organization\"},\"potentialAction\":[{\"@type\":\"SearchAction\",\"target\":{\"@type\":\"EntryPoint\",\"urlTemplate\":\"https:\/\/www.manquecura.cl\/ciudad-de-los-valles\/?s={search_term_string}\"},\"query-input\":{\"@type\":\"PropertyValueSpecification\",\"valueRequired\":true,\"valueName\":\"search_term_string\"}}],\"inLanguage\":\"es\"},{\"@type\":\"Organization\",\"@id\":\"https:\/\/www.manquecura.cl\/ciudad-de-los-valles\/#organization\",\"name\":\"Colegio Manquecura Ciudad de los Valles\",\"url\":\"https:\/\/www.manquecura.cl\/ciudad-de-los-valles\/\",\"logo\":{\"@type\":\"ImageObject\",\"inLanguage\":\"es\",\"@id\":\"https:\/\/www.manquecura.cl\/ciudad-de-los-valles\/#\/schema\/logo\/image\/\",\"url\":\"https:\/\/www.manquecura.cl\/ciudad-de-los-valles\/wp-content\/uploads\/sites\/42\/2025\/02\/logo_Manquecura_Ciudad-de-Los-Valles_horizontal_color.jpg\",\"contentUrl\":\"https:\/\/www.manquecura.cl\/ciudad-de-los-valles\/wp-content\/uploads\/sites\/42\/2025\/02\/logo_Manquecura_Ciudad-de-Los-Valles_horizontal_color.jpg\",\"width\":599,\"height\":179,\"caption\":\"Colegio Manquecura Ciudad de los Valles\"},\"image\":{\"@id\":\"https:\/\/www.manquecura.cl\/ciudad-de-los-valles\/#\/schema\/logo\/image\/\"},\"sameAs\":[\"http:\/\/www.facebook.com\/ColegiosManquecura\",\"https:\/\/www.manquecura.cl\/ciudad-de-los-valles\/\",\"http:\/\/www.youtube.com\/c\/CognitaChile\"]},{\"@type\":\"Person\",\"@id\":\"https:\/\/www.manquecura.cl\/ciudad-de-los-valles\/#\/schema\/person\/5eb92a7b45165cdbdbb271bcdacc9d9e\",\"name\":\"danielacastro\",\"image\":{\"@type\":\"ImageObject\",\"inLanguage\":\"es\",\"@id\":\"https:\/\/www.manquecura.cl\/ciudad-de-los-valles\/#\/schema\/person\/image\/\",\"url\":\"https:\/\/secure.gravatar.com\/avatar\/16a603f2cc3ad485cabfe7c59b923050a809d8344cba940b4148737780592211?s=96&d=mm&r=g\",\"contentUrl\":\"https:\/\/secure.gravatar.com\/avatar\/16a603f2cc3ad485cabfe7c59b923050a809d8344cba940b4148737780592211?s=96&d=mm&r=g\",\"caption\":\"danielacastro\"}}]}<\/script>\n<!-- \/ Yoast SEO plugin. -->","yoast_head_json":{"title":"La Generaci\u00f3n 2024 logr\u00f3 dos puntajes nacionales en prueba PAES - Colegio Manquecura Ciudad de los Valles","robots":{"index":"index","follow":"follow","max-snippet":"max-snippet:-1","max-image-preview":"max-image-preview:large","max-video-preview":"max-video-preview:-1"},"canonical":"https:\/\/www.manquecura.cl\/ciudad-de-los-valles\/noticias\/la-generacion-2024-logro-dos-puntajes-nacionales-en-prueba-paes\/","og_locale":"es_ES","og_type":"article","og_title":"La Generaci\u00f3n 2024 logr\u00f3 dos puntajes nacionales en prueba PAES - Colegio Manquecura Ciudad de los Valles","og_description":"Nos sentimos sumamente orgullosos de nuestros estudiantes, quienes han demostrado un nivel de excelencia acad\u00e9mica excepcional. Un reconocimiento especial a los puntajes m\u00e1ximos que obtuvo nuestro colegio y estos fueron: Matem\u00e1tica 1 Luciano Betancur Gonz\u00e1lez Mar\u00eda Jes\u00fas Rosales Soto Estos logros son el fruto del esfuerzo de nuestros estudiantes, el apoyo incondicional de sus familias [&hellip;]","og_url":"https:\/\/www.manquecura.cl\/ciudad-de-los-valles\/noticias\/la-generacion-2024-logro-dos-puntajes-nacionales-en-prueba-paes\/","og_site_name":"Colegio Manquecura Ciudad de los Valles","article_publisher":"http:\/\/www.facebook.com\/ColegiosManquecura","article_published_time":"2025-01-08T19:41:40+00:00","og_image":[{"width":836,"height":523,"url":"https:\/\/www.manquecura.cl\/ciudad-de-los-valles\/wp-content\/uploads\/sites\/42\/2025\/01\/PAES-MANQUECURA-CIUDAD-DE-LOS-VALLES.png","type":"image\/png"}],"author":"danielacastro","twitter_card":"summary_large_image","twitter_misc":{"Escrito por":"danielacastro","Tiempo de lectura":"1 minuto"},"schema":{"@context":"https:\/\/schema.org","@graph":[{"@type":"Article","@id":"https:\/\/www.manquecura.cl\/ciudad-de-los-valles\/noticias\/la-generacion-2024-logro-dos-puntajes-nacionales-en-prueba-paes\/#article","isPartOf":{"@id":"https:\/\/www.manquecura.cl\/ciudad-de-los-valles\/noticias\/la-generacion-2024-logro-dos-puntajes-nacionales-en-prueba-paes\/"},"author":{"name":"danielacastro","@id":"https:\/\/www.manquecura.cl\/ciudad-de-los-valles\/#\/schema\/person\/5eb92a7b45165cdbdbb271bcdacc9d9e"},"headline":"La Generaci\u00f3n 2024 logr\u00f3 dos puntajes nacionales en prueba PAES","datePublished":"2025-01-08T19:41:40+00:00","mainEntityOfPage":{"@id":"https:\/\/www.manquecura.cl\/ciudad-de-los-valles\/noticias\/la-generacion-2024-logro-dos-puntajes-nacionales-en-prueba-paes\/"},"wordCount":118,"commentCount":0,"publisher":{"@id":"https:\/\/www.manquecura.cl\/ciudad-de-los-valles\/#organization"},"image":{"@id":"https:\/\/www.manquecura.cl\/ciudad-de-los-valles\/noticias\/la-generacion-2024-logro-dos-puntajes-nacionales-en-prueba-paes\/#primaryimage"},"thumbnailUrl":"https:\/\/www.manquecura.cl\/ciudad-de-los-valles\/wp-content\/uploads\/sites\/42\/2025\/01\/PAES-MANQUECURA-CIUDAD-DE-LOS-VALLES.png","articleSection":["Vida Escolar"],"inLanguage":"es","potentialAction":[{"@type":"CommentAction","name":"Comment","target":["https:\/\/www.manquecura.cl\/ciudad-de-los-valles\/noticias\/la-generacion-2024-logro-dos-puntajes-nacionales-en-prueba-paes\/#respond"]}]},{"@type":"WebPage","@id":"https:\/\/www.manquecura.cl\/ciudad-de-los-valles\/noticias\/la-generacion-2024-logro-dos-puntajes-nacionales-en-prueba-paes\/","url":"https:\/\/www.manquecura.cl\/ciudad-de-los-valles\/noticias\/la-generacion-2024-logro-dos-puntajes-nacionales-en-prueba-paes\/","name":"La Generaci\u00f3n 2024 logr\u00f3 dos puntajes nacionales en prueba PAES - Colegio Manquecura Ciudad de los Valles","isPartOf":{"@id":"https:\/\/www.manquecura.cl\/ciudad-de-los-valles\/#website"},"primaryImageOfPage":{"@id":"https:\/\/www.manquecura.cl\/ciudad-de-los-valles\/noticias\/la-generacion-2024-logro-dos-puntajes-nacionales-en-prueba-paes\/#primaryimage"},"image":{"@id":"https:\/\/www.manquecura.cl\/ciudad-de-los-valles\/noticias\/la-generacion-2024-logro-dos-puntajes-nacionales-en-prueba-paes\/#primaryimage"},"thumbnailUrl":"https:\/\/www.manquecura.cl\/ciudad-de-los-valles\/wp-content\/uploads\/sites\/42\/2025\/01\/PAES-MANQUECURA-CIUDAD-DE-LOS-VALLES.png","datePublished":"2025-01-08T19:41:40+00:00","breadcrumb":{"@id":"https:\/\/www.manquecura.cl\/ciudad-de-los-valles\/noticias\/la-generacion-2024-logro-dos-puntajes-nacionales-en-prueba-paes\/#breadcrumb"},"inLanguage":"es","potentialAction":[{"@type":"ReadAction","target":["https:\/\/www.manquecura.cl\/ciudad-de-los-valles\/noticias\/la-generacion-2024-logro-dos-puntajes-nacionales-en-prueba-paes\/"]}]},{"@type":"ImageObject","inLanguage":"es","@id":"https:\/\/www.manquecura.cl\/ciudad-de-los-valles\/noticias\/la-generacion-2024-logro-dos-puntajes-nacionales-en-prueba-paes\/#primaryimage","url":"https:\/\/www.manquecura.cl\/ciudad-de-los-valles\/wp-content\/uploads\/sites\/42\/2025\/01\/PAES-MANQUECURA-CIUDAD-DE-LOS-VALLES.png","contentUrl":"https:\/\/www.manquecura.cl\/ciudad-de-los-valles\/wp-content\/uploads\/sites\/42\/2025\/01\/PAES-MANQUECURA-CIUDAD-DE-LOS-VALLES.png","width":836,"height":523},{"@type":"BreadcrumbList","@id":"https:\/\/www.manquecura.cl\/ciudad-de-los-valles\/noticias\/la-generacion-2024-logro-dos-puntajes-nacionales-en-prueba-paes\/#breadcrumb","itemListElement":[{"@type":"ListItem","position":1,"name":"Home","item":"https:\/\/www.manquecura.cl\/ciudad-de-los-valles\/"},{"@type":"ListItem","position":2,"name":"La Generaci\u00f3n 2024 logr\u00f3 dos puntajes nacionales en prueba PAES"}]},{"@type":"WebSite","@id":"https:\/\/www.manquecura.cl\/ciudad-de-los-valles\/#website","url":"https:\/\/www.manquecura.cl\/ciudad-de-los-valles\/","name":"Colegio Manquecura Ciudad de los Valles","description":"Cognita Schools","publisher":{"@id":"https:\/\/www.manquecura.cl\/ciudad-de-los-valles\/#organization"},"potentialAction":[{"@type":"SearchAction","target":{"@type":"EntryPoint","urlTemplate":"https:\/\/www.manquecura.cl\/ciudad-de-los-valles\/?s={search_term_string}"},"query-input":{"@type":"PropertyValueSpecification","valueRequired":true,"valueName":"search_term_string"}}],"inLanguage":"es"},{"@type":"Organization","@id":"https:\/\/www.manquecura.cl\/ciudad-de-los-valles\/#organization","name":"Colegio Manquecura Ciudad de los Valles","url":"https:\/\/www.manquecura.cl\/ciudad-de-los-valles\/","logo":{"@type":"ImageObject","inLanguage":"es","@id":"https:\/\/www.manquecura.cl\/ciudad-de-los-valles\/#\/schema\/logo\/image\/","url":"https:\/\/www.manquecura.cl\/ciudad-de-los-valles\/wp-content\/uploads\/sites\/42\/2025\/02\/logo_Manquecura_Ciudad-de-Los-Valles_horizontal_color.jpg","contentUrl":"https:\/\/www.manquecura.cl\/ciudad-de-los-valles\/wp-content\/uploads\/sites\/42\/2025\/02\/logo_Manquecura_Ciudad-de-Los-Valles_horizontal_color.jpg","width":599,"height":179,"caption":"Colegio Manquecura Ciudad de los Valles"},"image":{"@id":"https:\/\/www.manquecura.cl\/ciudad-de-los-valles\/#\/schema\/logo\/image\/"},"sameAs":["http:\/\/www.facebook.com\/ColegiosManquecura","https:\/\/www.manquecura.cl\/ciudad-de-los-valles\/","http:\/\/www.youtube.com\/c\/CognitaChile"]},{"@type":"Person","@id":"https:\/\/www.manquecura.cl\/ciudad-de-los-valles\/#\/schema\/person\/5eb92a7b45165cdbdbb271bcdacc9d9e","name":"danielacastro","image":{"@type":"ImageObject","inLanguage":"es","@id":"https:\/\/www.manquecura.cl\/ciudad-de-los-valles\/#\/schema\/person\/image\/","url":"https:\/\/secure.gravatar.com\/avatar\/16a603f2cc3ad485cabfe7c59b923050a809d8344cba940b4148737780592211?s=96&d=mm&r=g","contentUrl":"https:\/\/secure.gravatar.com\/avatar\/16a603f2cc3ad485cabfe7c59b923050a809d8344cba940b4148737780592211?s=96&d=mm&r=g","caption":"danielacastro"}}]}},"jetpack_featured_media_url":"https:\/\/www.manquecura.cl\/ciudad-de-los-valles\/wp-content\/uploads\/sites\/42\/2025\/01\/PAES-MANQUECURA-CIUDAD-DE-LOS-VALLES.png","previous_post_ID":17014,"previous_post_title":"Mejoramos la Seguridad y Comodidad en el \u00c1rea de Juegos","previous_post_excerpt":"En el Colegio Manquecura, estamos comprometidos en brindar un entorno cada vez m\u00e1s seguro y confortable para nuestros estudiantes, y nos complace compartir que hemos dado un nuevo paso hacia ese objetivo. Recientemente, hemos instalado m\u00e1s de 260 m\u00b2 de sombra en el sector de juegos de Educaci\u00f3n B\u00e1sica, junto con protecciones acolchadas en los [&hellip;]","previous_post_link":"https:\/\/www.manquecura.cl\/ciudad-de-los-valles\/noticias\/area-de-juegos\/","previous_post_class":["post-17014","post","type-post","status-publish","format-standard","has-post-thumbnail","hentry","category-vida-escolar"],"next_post_ID":126396,"next_post_title":"Exitosa Jornada Familiar que uni\u00f3 a la comunidad","next_post_excerpt":"El Colegio Manquecura Ciudad de Los Valles abri\u00f3 sus puertas para recibir a su comunidad en una nueva versi\u00f3n de la Jornada Familiar. El evento que se realiz\u00f3 el 29 de marzo se convirti\u00f3 en un vibrante espacio de encuentro y diversi\u00f3n, fortaleciendo los lazos que unen a la familia escolar en un ambiente de [&hellip;]","next_post_link":"https:\/\/www.manquecura.cl\/ciudad-de-los-valles\/noticias\/exitosa-jornada-familiar-que-unio-a-la-comunidad\/","next_post_class":["post-126396","post","type-post","status-publish","format-standard","has-post-thumbnail","hentry","category-vida-escolar"],"jetpack_sharing_enabled":true,"_links":{"self":[{"href":"https:\/\/www.manquecura.cl\/ciudad-de-los-valles\/wp-json\/wp\/v2\/posts\/17121","targetHints":{"allow":["GET"]}}],"collection":[{"href":"https:\/\/www.manquecura.cl\/ciudad-de-los-valles\/wp-json\/wp\/v2\/posts"}],"about":[{"href":"https:\/\/www.manquecura.cl\/ciudad-de-los-valles\/wp-json\/wp\/v2\/types\/post"}],"author":[{"embeddable":true,"href":"https:\/\/www.manquecura.cl\/ciudad-de-los-valles\/wp-json\/wp\/v2\/users\/34"}],"replies":[{"embeddable":true,"href":"https:\/\/www.manquecura.cl\/ciudad-de-los-valles\/wp-json\/wp\/v2\/comments?post=17121"}],"version-history":[{"count":0,"href":"https:\/\/www.manquecura.cl\/ciudad-de-los-valles\/wp-json\/wp\/v2\/posts\/17121\/revisions"}],"wp:featuredmedia":[{"embeddable":true,"href":"https:\/\/www.manquecura.cl\/ciudad-de-los-valles\/wp-json\/wp\/v2\/media\/17122"}],"wp:attachment":[{"href":"https:\/\/www.manquecura.cl\/ciudad-de-los-valles\/wp-json\/wp\/v2\/media?parent=17121"}],"wp:term":[{"taxonomy":"category","embeddable":true,"href":"https:\/\/www.manquecura.cl\/ciudad-de-los-valles\/wp-json\/wp\/v2\/categories?post=17121"},{"taxonomy":"post_tag","embeddable":true,"href":"https:\/\/www.manquecura.cl\/ciudad-de-los-valles\/wp-json\/wp\/v2\/tags?post=17121"}],"curies":[{"name":"wp","href":"https:\/\/api.w.org\/{rel}","templated":true}]}}